{"id":89911,"date":"2019-06-27T23:59:59","date_gmt":"2019-06-27T21:59:59","guid":{"rendered":"http:\/\/www.radiopiu.net\/wordpress\/?p=89911"},"modified":"2019-06-29T06:25:24","modified_gmt":"2019-06-29T04:25:24","slug":"sette-sacerdoti-doro","status":"publish","type":"post","link":"https:\/\/www.radiopiu.net\/wordpress\/sette-sacerdoti-doro\/","title":{"rendered":"SETTE SACERDOTI \u201cD\u2019ORO\u201d"},"content":{"rendered":"<div>\n<div class=\"_1t_p clearfix\">\n<div class=\"_41ud\">\n<div class=\"clearfix _o46 _3erg _29_7 direction_ltr text_align_ltr\">\n<div id=\"js_61\" class=\"_3058 _ui9 _hh7 _6ybn _s1- _52mr _3oh-\" data-tooltip-content=\"16:53\" data-hover=\"tooltip\" data-tooltip-position=\"left\" aria-describedby=\"js_17\">\n<div class=\"_aok\" tabindex=\"0\" aria-label=\"Ciao Mirko; ti propongo questo br eve testo che ti allego relativo alle &quot;nozze d'oro&quot; per 7 preti della diocesi. C\u00ec\u00e8 anche una foto.Io poster\u00f2 domani. Grazie e saluti cari. Una messa con il Vescovo a Santa Maria delle Grazie per i 50 anni di ordinazione \u2013 Tre compagni deceduti SETTE SACERDOTI \u201cD\u2019ORO\u201d Come giustamente ricorda con evidenza il sito della Diocesi di Belluno-Feltre \u201cCinquant\u2019anni fa, il 31 maggio 1969, vennero ordinati ben 10 preti per le due diocesi di Belluno e Feltre. L\u2019ordinazione si tenne in cattedrale a Belluno, per la prima volta con il nuovo rito dell\u2019ordinazione rivisto secondo il dettato del Concilio Vaticano II. Quell\u2019ordinazione suggellava i festeggiamenti per i 400 anni del Seminario Gregoriano\u201d. Hanno festeggiato in questi giorni il loro giubileo d\u2019oro: don Dario Fontana (parroco di Livinallongo e Arabba), don Osvaldo Belli (parroco di Lozzo), don Luigi Canal (direttore dell\u2019Ufficio missionario), don Riccardo Suster (assistente religioso nella casa di riposo di Santa Croce del Lago), don Vinicio Marcon(cooperatore parrocchiale di Cesiomaggiore e Soranzen), don Bernardo D\u2019Agostini (cooperatore parrocchiale di Santa Giustina) e don Gigi De Rocco (vicario parrocchiale di Belluno-Cavarzano e Sargnano). Tre dei dieci di allora sono mancati: don Secondo Pauletti (1993), don Flavio Franzoi (2009) e don Renzo Sirena(2016). Nel santuario di Santa Maria delle Grazie, c\u2019\u00e8 stato l\u2019incontro con il vescovo Renato Marangoni e ognuno ha raccontato ci\u00f2 che lo ha sostenuto nel mezzo secolo del ministero; prima del pranzo c\u2019\u00e8 stata la celebrazione eucaristica cui \u00e8 intervenuto anche Aldo Bertelle, della comunit\u00e0 di Villa San Francesco di Facen di Pedavena, portando un dono per ciascuno di questi \u201cpreti d\u2019oro\u201d.\"><span class=\"_3oh- _58nk\"><img loading=\"lazy\" decoding=\"async\" class=\"img\" src=\"https:\/\/scontent.fmxp3-1.fna.fbcdn.net\/v\/t1.0-1\/c13.0.50.50a\/p50x50\/553085_385905871470280_1626001170_n.jpg?_nc_cat=110&amp;_nc_oc=AQmCqFD67AV5j0XFMw2za26PsxyqpufnDnHqNa0zLW5GJ89fDar8ImG13jjXtk8i0nI&amp;_nc_ht=scontent.fmxp3-1.fna&amp;oh=7df207abb67a7e735eea33866de36e19&amp;oe=5D7ED44C\" alt=\"Renatobruno Bona\" width=\"77\" height=\"77\" \/>di Renato Bona\u00a0<\/span><\/div>\n<\/div>\n<\/div>\n<div tabindex=\"0\" aria-label=\"Ciao Mirko; ti propongo questo br eve testo che ti allego relativo alle &quot;nozze d'oro&quot; per 7 preti della diocesi. C\u00ec\u00e8 anche una foto.Io poster\u00f2 domani. Grazie e saluti cari. Una messa con il Vescovo a Santa Maria delle Grazie per i 50 anni di ordinazione \u2013 Tre compagni deceduti SETTE SACERDOTI \u201cD\u2019ORO\u201d Come giustamente ricorda con evidenza il sito della Diocesi di Belluno-Feltre \u201cCinquant\u2019anni fa, il 31 maggio 1969, vennero ordinati ben 10 preti per le due diocesi di Belluno e Feltre. L\u2019ordinazione si tenne in cattedrale a Belluno, per la prima volta con il nuovo rito dell\u2019ordinazione rivisto secondo il dettato del Concilio Vaticano II. Quell\u2019ordinazione suggellava i festeggiamenti per i 400 anni del Seminario Gregoriano\u201d. Hanno festeggiato in questi giorni il loro giubileo d\u2019oro: don Dario Fontana (parroco di Livinallongo e Arabba), don Osvaldo Belli (parroco di Lozzo), don Luigi Canal (direttore dell\u2019Ufficio missionario), don Riccardo Suster (assistente religioso nella casa di riposo di Santa Croce del Lago), don Vinicio Marcon(cooperatore parrocchiale di Cesiomaggiore e Soranzen), don Bernardo D\u2019Agostini (cooperatore parrocchiale di Santa Giustina) e don Gigi De Rocco (vicario parrocchiale di Belluno-Cavarzano e Sargnano). Tre dei dieci di allora sono mancati: don Secondo Pauletti (1993), don Flavio Franzoi (2009) e don Renzo Sirena(2016). Nel santuario di Santa Maria delle Grazie, c\u2019\u00e8 stato l\u2019incontro con il vescovo Renato Marangoni e ognuno ha raccontato ci\u00f2 che lo ha sostenuto nel mezzo secolo del ministero; prima del pranzo c\u2019\u00e8 stata la celebrazione eucaristica cui \u00e8 intervenuto anche Aldo Bertelle, della comunit\u00e0 di Villa San Francesco di Facen di Pedavena, portando un dono per ciascuno di questi \u201cpreti d\u2019oro\u201d.\"><\/div>\n<div class=\"clearfix _o46 _3erg _29_7 direction_ltr text_align_ltr\">\n<div id=\"js_61\" class=\"_3058 _ui9 _hh7 _6ybn _s1- _52mr _3oh-\" data-tooltip-content=\"16:53\" data-hover=\"tooltip\" data-tooltip-position=\"left\" aria-describedby=\"js_17\">\n<blockquote>\n<h2 class=\"_aok\" tabindex=\"0\" aria-label=\"Ciao Mirko; ti propongo questo br eve testo che ti allego relativo alle &quot;nozze d'oro&quot; per 7 preti della diocesi. C\u00ec\u00e8 anche una foto.Io poster\u00f2 domani. Grazie e saluti cari. Una messa con il Vescovo a Santa Maria delle Grazie per i 50 anni di ordinazione \u2013 Tre compagni deceduti SETTE SACERDOTI \u201cD\u2019ORO\u201d Come giustamente ricorda con evidenza il sito della Diocesi di Belluno-Feltre \u201cCinquant\u2019anni fa, il 31 maggio 1969, vennero ordinati ben 10 preti per le due diocesi di Belluno e Feltre. L\u2019ordinazione si tenne in cattedrale a Belluno, per la prima volta con il nuovo rito dell\u2019ordinazione rivisto secondo il dettato del Concilio Vaticano II. Quell\u2019ordinazione suggellava i festeggiamenti per i 400 anni del Seminario Gregoriano\u201d. Hanno festeggiato in questi giorni il loro giubileo d\u2019oro: don Dario Fontana (parroco di Livinallongo e Arabba), don Osvaldo Belli (parroco di Lozzo), don Luigi Canal (direttore dell\u2019Ufficio missionario), don Riccardo Suster (assistente religioso nella casa di riposo di Santa Croce del Lago), don Vinicio Marcon(cooperatore parrocchiale di Cesiomaggiore e Soranzen), don Bernardo D\u2019Agostini (cooperatore parrocchiale di Santa Giustina) e don Gigi De Rocco (vicario parrocchiale di Belluno-Cavarzano e Sargnano). Tre dei dieci di allora sono mancati: don Secondo Pauletti (1993), don Flavio Franzoi (2009) e don Renzo Sirena(2016). Nel santuario di Santa Maria delle Grazie, c\u2019\u00e8 stato l\u2019incontro con il vescovo Renato Marangoni e ognuno ha raccontato ci\u00f2 che lo ha sostenuto nel mezzo secolo del ministero; prima del pranzo c\u2019\u00e8 stata la celebrazione eucaristica cui \u00e8 intervenuto anche Aldo Bertelle, della comunit\u00e0 di Villa San Francesco di Facen di Pedavena, portando un dono per ciascuno di questi \u201cpreti d\u2019oro\u201d.\"><em><span class=\"_3oh- _58nk\">&#8220;nozze d&#8217;oro&#8221; per 7 preti della diocesi<\/span><\/em><\/h2>\n<\/blockquote>\n<div tabindex=\"0\" aria-label=\"Ciao Mirko; ti propongo questo br eve testo che ti allego relativo alle &quot;nozze d'oro&quot; per 7 preti della diocesi. C\u00ec\u00e8 anche una foto.Io poster\u00f2 domani. Grazie e saluti cari. Una messa con il Vescovo a Santa Maria delle Grazie per i 50 anni di ordinazione \u2013 Tre compagni deceduti SETTE SACERDOTI \u201cD\u2019ORO\u201d Come giustamente ricorda con evidenza il sito della Diocesi di Belluno-Feltre \u201cCinquant\u2019anni fa, il 31 maggio 1969, vennero ordinati ben 10 preti per le due diocesi di Belluno e Feltre. L\u2019ordinazione si tenne in cattedrale a Belluno, per la prima volta con il nuovo rito dell\u2019ordinazione rivisto secondo il dettato del Concilio Vaticano II. Quell\u2019ordinazione suggellava i festeggiamenti per i 400 anni del Seminario Gregoriano\u201d. Hanno festeggiato in questi giorni il loro giubileo d\u2019oro: don Dario Fontana (parroco di Livinallongo e Arabba), don Osvaldo Belli (parroco di Lozzo), don Luigi Canal (direttore dell\u2019Ufficio missionario), don Riccardo Suster (assistente religioso nella casa di riposo di Santa Croce del Lago), don Vinicio Marcon(cooperatore parrocchiale di Cesiomaggiore e Soranzen), don Bernardo D\u2019Agostini (cooperatore parrocchiale di Santa Giustina) e don Gigi De Rocco (vicario parrocchiale di Belluno-Cavarzano e Sargnano). Tre dei dieci di allora sono mancati: don Secondo Pauletti (1993), don Flavio Franzoi (2009) e don Renzo Sirena(2016). Nel santuario di Santa Maria delle Grazie, c\u2019\u00e8 stato l\u2019incontro con il vescovo Renato Marangoni e ognuno ha raccontato ci\u00f2 che lo ha sostenuto nel mezzo secolo del ministero; prima del pranzo c\u2019\u00e8 stata la celebrazione eucaristica cui \u00e8 intervenuto anche Aldo Bertelle, della comunit\u00e0 di Villa San Francesco di Facen di Pedavena, portando un dono per ciascuno di questi \u201cpreti d\u2019oro\u201d.\"><strong><a class=\"dt-pswp-item\" href=\"http:\/\/www.radiopiu.net\/wordpress\/wp-content\/uploads\/2019\/06\/64734599_437046547077254_4654874392784797696_n.jpg\" data-dt-img-description=\"\" data-large_image_width=\"1600\" data-large_image_height=\"1200\"><img loading=\"lazy\" decoding=\"async\" class=\"alignnone wp-image-89912 size-large\" src=\"http:\/\/www.radiopiu.net\/wordpress\/wp-content\/uploads\/2019\/06\/64734599_437046547077254_4654874392784797696_n-1024x768.jpg\" alt=\"\" width=\"1024\" height=\"768\" srcset=\"https:\/\/www.radiopiu.net\/wordpress\/wp-content\/uploads\/2019\/06\/64734599_437046547077254_4654874392784797696_n-1024x768.jpg 1024w, https:\/\/www.radiopiu.net\/wordpress\/wp-content\/uploads\/2019\/06\/64734599_437046547077254_4654874392784797696_n-300x225.jpg 300w, https:\/\/www.radiopiu.net\/wordpress\/wp-content\/uploads\/2019\/06\/64734599_437046547077254_4654874392784797696_n-768x576.jpg 768w, https:\/\/www.radiopiu.net\/wordpress\/wp-content\/uploads\/2019\/06\/64734599_437046547077254_4654874392784797696_n.jpg 1600w\" sizes=\"auto, (max-width: 1024px) 100vw, 1024px\" \/><\/a>ROCCA PIETORE\u00a0<\/strong> <span class=\"_3oh- _58nk\">Una messa con il Vescovo a Santa Maria delle Grazie per i 50 anni di ordinazione \u2013 Tre compagni decedutiCome giustamente ricorda con evidenza il sito della Diocesi di Belluno-Feltre \u201cCinquant\u2019anni fa, il 31 maggio 1969, vennero ordinati ben 10 preti per le due diocesi di Belluno e Feltre. L\u2019ordinazione si tenne in cattedrale a Belluno, per la prima volta con il nuovo rito dell\u2019ordinazione rivisto secondo il dettato del Concilio Vaticano II. Quell\u2019ordinazione suggellava i festeggiamenti per i 400 anni del Seminario Gregoriano\u201d. Hanno festeggiato in questi giorni il loro giubileo d\u2019oro: don Dario Fontana (parroco di Livinallongo e Arabba), don Osvaldo Belli (parroco di Lozzo), don Luigi Canal (direttore dell\u2019Ufficio missionario), don Riccardo Suster (assistente religioso nella casa di riposo di Santa Croce del Lago), don Vinicio Marcon(cooperatore parrocchiale di Cesiomaggiore e Soranzen), don Bernardo D\u2019Agostini (cooperatore parrocchiale di Santa Giustina) e don Gigi De Rocco (vicario parrocchiale di Belluno-Cavarzano e Sargnano). Tre dei dieci di allora sono mancati: don Secondo Pauletti (1993), don Flavio Franzoi (2009) e don Renzo Sirena(2016). Nel santuario di Santa Maria delle Grazie, c\u2019\u00e8 stato l\u2019incontro con il vescovo Renato Marangoni e ognuno ha raccontato ci\u00f2 che lo ha sostenuto nel mezzo secolo del ministero; prima del pranzo c\u2019\u00e8 stata la celebrazione eucaristica cui \u00e8 intervenuto anche Aldo Bertelle, della comunit\u00e0 di Villa San Francesco di Facen di Pedavena, portando un dono per ciascuno di questi \u201cpreti d\u2019oro\u201d.<\/span><\/div>\n<\/div>\n<\/div>\n<\/div>\n<\/div>\n<\/div>\n<div>\n<div class=\"_1t_p clearfix\">\n<div class=\"_1t_q\">\n<div class=\"_7934 _150g uiPopover _6a _6b\">\n<div id=\"js_46\" class=\"_4ldz _1t_r _p\" role=\"button\" data-tooltip-content=\"Renatobruno Bona\" data-hover=\"tooltip\" data-tooltip-position=\"left\" aria-controls=\"js_55\">\n<div class=\"_4ld-\"><\/div>\n<\/div>\n<\/div>\n<\/div>\n<div class=\"_41ud\">\n<h5 class=\"_ih3 _-ne\" aria-label=\"Renatobruno\"><\/h5>\n<div class=\"clearfix _o46 _3erg _29_7 direction_ltr text_align_ltr _ylc\">\n<div class=\"_3058 _15gf\">\n<div id=\"js_5f\" class=\"_3zvs _5z-5\" data-tooltip-content=\"16:53\" data-hover=\"tooltip\" data-tooltip-position=\"left\">\n<div class=\"_2poz _52mr _ui9 _2n8h _2n8i _5fk1\" tabindex=\"0\">\n<div class=\"_4tsk _52mr _1byr\" role=\"presentation\">\n<div class=\"\"><\/div>\n<div><\/div>\n<\/div>\n<\/div>\n<div class=\"_4kf7 preview\">\n<div class=\"_7ef9\">\n<div class=\"_aou\" tabindex=\"0\" role=\"button\"><\/div>\n<div class=\"_aou _aov\"><\/div>\n<\/div>\n<\/div>\n<\/div>\n<\/div>\n<\/div>\n<\/div>\n<\/div>\n<\/div>\n<div>\n<div class=\"_1t_p clearfix\">\n<div class=\"_41ud\">\n<h5 class=\"_ih3 accessible_elem _-ne\" aria-label=\"Mirko\">Mirko<\/h5>\n<div class=\"clearfix _o46 _3erg _3i_m _nd_ direction_ltr text_align_ltr\">\n<div class=\"_3058 _ui9 _hh7 _6ybn _s1- _52mr _43by _3oh-\" data-tooltip-content=\"16:53\" data-hover=\"tooltip\" data-tooltip-position=\"right\"><\/div>\n<\/div>\n<\/div>\n<\/div>\n<\/div>\n","protected":false},"excerpt":{"rendered":"<p>di Renato Bona\u00a0 &#8220;nozze d&#8217;oro&#8221; per 7 preti della diocesi ROCCA PIETORE\u00a0 Una messa con il Vescovo a Santa Maria delle Grazie per i 50 anni di ordinazione \u2013 Tre compagni decedutiCome giustamente ricorda con evidenza il sito della Diocesi di Belluno-Feltre \u201cCinquant\u2019anni fa, il 31 maggio 1969, vennero ordinati ben 10 preti per le&hellip;<\/p>\n","protected":false},"author":1,"featured_media":89912,"comment_status":"closed","ping_status":"closed","sticky":false,"template":"","format":"standard","meta":{"_monsterinsights_skip_tracking":false,"_monsterinsights_sitenote_active":false,"_monsterinsights_sitenote_note":"","_monsterinsights_sitenote_category":0,"footnotes":""},"categories":[103,49],"tags":[],"class_list":["post-89911","post","type-post","status-publish","format-standard","has-post-thumbnail","hentry","category-evidenza_2","category-news-18","category-103","category-49","description-off"],"img_url":"https:\/\/www.radiopiu.net\/wordpress\/wp-content\/uploads\/2019\/06\/64734599_437046547077254_4654874392784797696_n.jpg","_links":{"self":[{"href":"https:\/\/www.radiopiu.net\/wordpress\/wp-json\/wp\/v2\/posts\/89911","targetHints":{"allow":["GET"]}}],"collection":[{"href":"https:\/\/www.radiopiu.net\/wordpress\/wp-json\/wp\/v2\/posts"}],"about":[{"href":"https:\/\/www.radiopiu.net\/wordpress\/wp-json\/wp\/v2\/types\/post"}],"author":[{"embeddable":true,"href":"https:\/\/www.radiopiu.net\/wordpress\/wp-json\/wp\/v2\/users\/1"}],"replies":[{"embeddable":true,"href":"https:\/\/www.radiopiu.net\/wordpress\/wp-json\/wp\/v2\/comments?post=89911"}],"version-history":[{"count":0,"href":"https:\/\/www.radiopiu.net\/wordpress\/wp-json\/wp\/v2\/posts\/89911\/revisions"}],"wp:featuredmedia":[{"embeddable":true,"href":"https:\/\/www.radiopiu.net\/wordpress\/wp-json\/wp\/v2\/media\/89912"}],"wp:attachment":[{"href":"https:\/\/www.radiopiu.net\/wordpress\/wp-json\/wp\/v2\/media?parent=89911"}],"wp:term":[{"taxonomy":"category","embeddable":true,"href":"https:\/\/www.radiopiu.net\/wordpress\/wp-json\/wp\/v2\/categories?post=89911"},{"taxonomy":"post_tag","embeddable":true,"href":"https:\/\/www.radiopiu.net\/wordpress\/wp-json\/wp\/v2\/tags?post=89911"}],"curies":[{"name":"wp","href":"https:\/\/api.w.org\/{rel}","templated":true}]}}