{"id":89920,"date":"2019-06-27T17:04:42","date_gmt":"2019-06-27T15:04:42","guid":{"rendered":"http:\/\/www.radiopiu.net\/wordpress\/?p=89920"},"modified":"2019-06-27T17:04:42","modified_gmt":"2019-06-27T15:04:42","slug":"il-generale-di-corpo-darmata-bruno-buratti-visita-il-comando-provinciale-della-guardia-di-finanza-di-belluno","status":"publish","type":"post","link":"https:\/\/www.radiopiu.net\/wordpress\/il-generale-di-corpo-darmata-bruno-buratti-visita-il-comando-provinciale-della-guardia-di-finanza-di-belluno\/","title":{"rendered":"IL GENERALE DI CORPO D\u2019ARMATA BRUNO BURATTI VISITA IL COMANDO PROVINCIALE DELLA GUARDIA DI FINANZA DI BELLUNO"},"content":{"rendered":"<h3><\/h3>\n<p><a class=\"dt-pswp-item\" href=\"http:\/\/www.radiopiu.net\/wordpress\/wp-content\/uploads\/2019\/06\/DSC_0396-1.jpg\" data-dt-img-description=\"????????????????????????????????????\" data-large_image_width=\"1024\" data-large_image_height=\"680\"><img loading=\"lazy\" decoding=\"async\" class=\"wp-image-89919 size-full\" src=\"http:\/\/www.radiopiu.net\/wordpress\/wp-content\/uploads\/2019\/06\/DSC_0396-1.jpg\" alt=\"\" width=\"1024\" height=\"680\" srcset=\"https:\/\/www.radiopiu.net\/wordpress\/wp-content\/uploads\/2019\/06\/DSC_0396-1.jpg 1024w, https:\/\/www.radiopiu.net\/wordpress\/wp-content\/uploads\/2019\/06\/DSC_0396-1-300x199.jpg 300w, https:\/\/www.radiopiu.net\/wordpress\/wp-content\/uploads\/2019\/06\/DSC_0396-1-768x510.jpg 768w\" sizes=\"auto, (max-width: 1024px) 100vw, 1024px\" \/><\/a><\/p>\n<p><strong><a class=\"dt-pswp-item\" href=\"http:\/\/www.radiopiu.net\/wordpress\/wp-content\/uploads\/2016\/04\/finanza-6751.jpg\" data-dt-img-description=\"\" data-large_image_width=\"675\" data-large_image_height=\"275\"><img loading=\"lazy\" decoding=\"async\" class=\" wp-image-18889 alignleft\" src=\"http:\/\/www.radiopiu.net\/wordpress\/wp-content\/uploads\/2016\/04\/finanza-6751-300x122.jpg\" alt=\"\" width=\"251\" height=\"102\" \/><\/a>BELLUNO<\/strong> Il 27 giugno, il Comandante Interregionale dell\u2019Italia Nord Orientale della Guardia di Finanza, Generale di Corpo d\u2019Armata Bruno Buratti, ha visitato la sede del Comando Provinciale di Belluno. Presso la sede del capoluogo, la massima Autorit\u00e0 della Guardia di Finanza per il Triveneto \u00e8 stata accolta dal Comandante Provinciale, Col. Gaetano Giacchi, il quale, nel corso di un dedicato briefing, ha illustrato le peculiarit\u00e0 socio economiche della provincia ed i principali servizi svolti dai reparti dipendenti a tutela della <a class=\"dt-pswp-item\" href=\"http:\/\/www.radiopiu.net\/wordpress\/wp-content\/uploads\/2019\/06\/DSC_0302-1.jpg\" data-dt-img-description=\"\" data-large_image_width=\"1024\" data-large_image_height=\"680\"><img loading=\"lazy\" decoding=\"async\" class=\"size-medium wp-image-89917 alignright\" src=\"http:\/\/www.radiopiu.net\/wordpress\/wp-content\/uploads\/2019\/06\/DSC_0302-1-300x199.jpg\" alt=\"\" width=\"300\" height=\"199\" srcset=\"https:\/\/www.radiopiu.net\/wordpress\/wp-content\/uploads\/2019\/06\/DSC_0302-1-300x199.jpg 300w, https:\/\/www.radiopiu.net\/wordpress\/wp-content\/uploads\/2019\/06\/DSC_0302-1-768x510.jpg 768w, https:\/\/www.radiopiu.net\/wordpress\/wp-content\/uploads\/2019\/06\/DSC_0302-1.jpg 1024w\" sizes=\"auto, (max-width: 300px) 100vw, 300px\" \/><\/a>legalit\u00e0 economico-finanziaria del territorio. Il Comandante Interregionale ha poi incontrato il personale ivi in servizio, al quale ha espresso la sua piena soddisfazione per l\u2019elevato impegno profuso nello svolgimento delle quotidiane attivit\u00e0 a tutela della legalit\u00e0 e della sicurezza economico-finanziaria del territorio. Nel corso della sua permanenza in citt\u00e0, il Generale Buratti ha reso visita al Prefetto, dott. Francesco Esposito. Presso la sede visitata, il Generale Buratti ha incontrato i rappresentanti delle sedi locali dell\u2019Associazione Nazionale Finanzieri d\u2019Italia, espressione di tutti i finanzieri in congedo e custodi dei valori e delle tradizioni del Corpo.<\/p>\n<p>&nbsp;<\/p>\n<p>&nbsp;<\/p>\n","protected":false},"excerpt":{"rendered":"<p>BELLUNO Il 27 giugno, il Comandante Interregionale dell\u2019Italia Nord Orientale della Guardia di Finanza, Generale di Corpo d\u2019Armata Bruno Buratti, ha visitato la sede del Comando Provinciale di Belluno. Presso la sede del capoluogo, la massima Autorit\u00e0 della Guardia di Finanza per il Triveneto \u00e8 stata accolta dal Comandante Provinciale, Col. Gaetano Giacchi, il quale,&hellip;<\/p>\n","protected":false},"author":1,"featured_media":89916,"comment_status":"closed","ping_status":"closed","sticky":false,"template":"","format":"standard","meta":{"_monsterinsights_skip_tracking":false,"_monsterinsights_sitenote_active":false,"_monsterinsights_sitenote_note":"","_monsterinsights_sitenote_category":0,"footnotes":""},"categories":[49],"tags":[],"class_list":["post-89920","post","type-post","status-publish","format-standard","has-post-thumbnail","hentry","category-news-18","category-49","description-off"],"img_url":"https:\/\/www.radiopiu.net\/wordpress\/wp-content\/uploads\/2019\/06\/DSC_0396.jpg","_links":{"self":[{"href":"https:\/\/www.radiopiu.net\/wordpress\/wp-json\/wp\/v2\/posts\/89920","targetHints":{"allow":["GET"]}}],"collection":[{"href":"https:\/\/www.radiopiu.net\/wordpress\/wp-json\/wp\/v2\/posts"}],"about":[{"href":"https:\/\/www.radiopiu.net\/wordpress\/wp-json\/wp\/v2\/types\/post"}],"author":[{"embeddable":true,"href":"https:\/\/www.radiopiu.net\/wordpress\/wp-json\/wp\/v2\/users\/1"}],"replies":[{"embeddable":true,"href":"https:\/\/www.radiopiu.net\/wordpress\/wp-json\/wp\/v2\/comments?post=89920"}],"version-history":[{"count":0,"href":"https:\/\/www.radiopiu.net\/wordpress\/wp-json\/wp\/v2\/posts\/89920\/revisions"}],"wp:featuredmedia":[{"embeddable":true,"href":"https:\/\/www.radiopiu.net\/wordpress\/wp-json\/wp\/v2\/media\/89916"}],"wp:attachment":[{"href":"https:\/\/www.radiopiu.net\/wordpress\/wp-json\/wp\/v2\/media?parent=89920"}],"wp:term":[{"taxonomy":"category","embeddable":true,"href":"https:\/\/www.radiopiu.net\/wordpress\/wp-json\/wp\/v2\/categories?post=89920"},{"taxonomy":"post_tag","embeddable":true,"href":"https:\/\/www.radiopiu.net\/wordpress\/wp-json\/wp\/v2\/tags?post=89920"}],"curies":[{"name":"wp","href":"https:\/\/api.w.org\/{rel}","templated":true}]}}