{"id":89988,"date":"2019-06-28T06:10:55","date_gmt":"2019-06-28T04:10:55","guid":{"rendered":"http:\/\/www.radiopiu.net\/wordpress\/?p=89988"},"modified":"2019-06-29T06:25:18","modified_gmt":"2019-06-29T04:25:18","slug":"dillo-alla-radio-piudi-guerrino-bressan","status":"publish","type":"post","link":"https:\/\/www.radiopiu.net\/wordpress\/dillo-alla-radio-piudi-guerrino-bressan\/","title":{"rendered":"DILLO ALLA RADIO PIU&#8217;DI Guerrino Bressan"},"content":{"rendered":"<p><a class=\"dt-pswp-item\" href=\"http:\/\/www.radiopiu.net\/wordpress\/wp-content\/uploads\/2019\/03\/voltago-3.jpeg\" data-dt-img-description=\"\" data-large_image_width=\"1600\" data-large_image_height=\"900\"><img loading=\"lazy\" decoding=\"async\" class=\"size-medium wp-image-79950 alignleft\" src=\"http:\/\/www.radiopiu.net\/wordpress\/wp-content\/uploads\/2019\/03\/voltago-3-300x169.jpeg\" alt=\"\" width=\"300\" height=\"169\" srcset=\"https:\/\/www.radiopiu.net\/wordpress\/wp-content\/uploads\/2019\/03\/voltago-3-300x169.jpeg 300w, https:\/\/www.radiopiu.net\/wordpress\/wp-content\/uploads\/2019\/03\/voltago-3-768x432.jpeg 768w, https:\/\/www.radiopiu.net\/wordpress\/wp-content\/uploads\/2019\/03\/voltago-3-1024x576.jpeg 1024w, https:\/\/www.radiopiu.net\/wordpress\/wp-content\/uploads\/2019\/03\/voltago-3.jpeg 1600w\" sizes=\"auto, (max-width: 300px) 100vw, 300px\" \/><\/a><strong>VOLTAGO<\/strong> \u00c8 passato un mese dalle elezioni amministrative, che riguardavano anche il nostro comune di Voltago Agordino,ove ero candidato consigliere nell&#8217; unica lista presentata. Mi fa male vedere che, tutt&#8217; ora, vi \u00e8 gente che gioisce per la non raggiunta del quorum. Non vi \u00e8 consapevolezza del danno creato al paese. Non metto in dubbio le capacit\u00e0 e le competenze del commissario prefettizio incaricato, ma credo fortemente che un candidato sindaco, residente sul territorio, ne conosca meglio le dinamiche e le problematiche in essere, soprattutto con il dopo Vaia. Mi auguro che alle prossime elezioni le persone in questione decidano di mettersi in gioco, cos\u00ec da potersi confrontare con altra gente e non con i numeri. Con il passare del tempo sono sempre pi\u00f9 certo che coloro che decidono di esporsi,mettendoci la faccia,abbiano sempre ragione.<\/p>\n","protected":false},"excerpt":{"rendered":"<p>VOLTAGO \u00c8 passato un mese dalle elezioni amministrative, che riguardavano anche il nostro comune di Voltago Agordino,ove ero candidato consigliere nell&#8217; unica lista presentata. Mi fa male vedere che, tutt&#8217; ora, vi \u00e8 gente che gioisce per la non raggiunta del quorum. Non vi \u00e8 consapevolezza del danno creato al paese. Non metto in dubbio&hellip;<\/p>\n","protected":false},"author":1,"featured_media":79958,"comment_status":"closed","ping_status":"closed","sticky":false,"template":"","format":"standard","meta":{"_monsterinsights_skip_tracking":false,"_monsterinsights_sitenote_active":false,"_monsterinsights_sitenote_note":"","_monsterinsights_sitenote_category":0,"footnotes":""},"categories":[103,49],"tags":[],"class_list":["post-89988","post","type-post","status-publish","format-standard","has-post-thumbnail","hentry","category-evidenza_2","category-news-18","category-103","category-49","description-off"],"img_url":"https:\/\/www.radiopiu.net\/wordpress\/wp-content\/uploads\/2019\/03\/voltago-3.jpg","_links":{"self":[{"href":"https:\/\/www.radiopiu.net\/wordpress\/wp-json\/wp\/v2\/posts\/89988","targetHints":{"allow":["GET"]}}],"collection":[{"href":"https:\/\/www.radiopiu.net\/wordpress\/wp-json\/wp\/v2\/posts"}],"about":[{"href":"https:\/\/www.radiopiu.net\/wordpress\/wp-json\/wp\/v2\/types\/post"}],"author":[{"embeddable":true,"href":"https:\/\/www.radiopiu.net\/wordpress\/wp-json\/wp\/v2\/users\/1"}],"replies":[{"embeddable":true,"href":"https:\/\/www.radiopiu.net\/wordpress\/wp-json\/wp\/v2\/comments?post=89988"}],"version-history":[{"count":0,"href":"https:\/\/www.radiopiu.net\/wordpress\/wp-json\/wp\/v2\/posts\/89988\/revisions"}],"wp:featuredmedia":[{"embeddable":true,"href":"https:\/\/www.radiopiu.net\/wordpress\/wp-json\/wp\/v2\/media\/79958"}],"wp:attachment":[{"href":"https:\/\/www.radiopiu.net\/wordpress\/wp-json\/wp\/v2\/media?parent=89988"}],"wp:term":[{"taxonomy":"category","embeddable":true,"href":"https:\/\/www.radiopiu.net\/wordpress\/wp-json\/wp\/v2\/categories?post=89988"},{"taxonomy":"post_tag","embeddable":true,"href":"https:\/\/www.radiopiu.net\/wordpress\/wp-json\/wp\/v2\/tags?post=89988"}],"curies":[{"name":"wp","href":"https:\/\/api.w.org\/{rel}","templated":true}]}}