{"id":90104,"date":"2019-06-28T23:33:32","date_gmt":"2019-06-28T21:33:32","guid":{"rendered":"http:\/\/www.radiopiu.net\/wordpress\/?p=90104"},"modified":"2019-07-01T05:49:01","modified_gmt":"2019-07-01T03:49:01","slug":"cani-morsicatori-ancora-incidenti-in-agordino","status":"publish","type":"post","link":"https:\/\/www.radiopiu.net\/wordpress\/cani-morsicatori-ancora-incidenti-in-agordino\/","title":{"rendered":"CANI MORSICATORI:  ancora incidenti in Agordino"},"content":{"rendered":"<p class=\"p1\"><a class=\"dt-pswp-item\" href=\"http:\/\/www.radiopiu.net\/wordpress\/wp-content\/uploads\/2019\/06\/WhatsApp-Image-2019-06-28-at-22.11.14.jpeg\" data-dt-img-description=\"\" data-large_image_width=\"1074\" data-large_image_height=\"1600\"><img loading=\"lazy\" decoding=\"async\" class=\"size-medium wp-image-90105 alignleft\" src=\"http:\/\/www.radiopiu.net\/wordpress\/wp-content\/uploads\/2019\/06\/WhatsApp-Image-2019-06-28-at-22.11.14-201x300.jpeg\" alt=\"\" width=\"201\" height=\"300\" srcset=\"https:\/\/www.radiopiu.net\/wordpress\/wp-content\/uploads\/2019\/06\/WhatsApp-Image-2019-06-28-at-22.11.14-201x300.jpeg 201w, https:\/\/www.radiopiu.net\/wordpress\/wp-content\/uploads\/2019\/06\/WhatsApp-Image-2019-06-28-at-22.11.14-768x1144.jpeg 768w, https:\/\/www.radiopiu.net\/wordpress\/wp-content\/uploads\/2019\/06\/WhatsApp-Image-2019-06-28-at-22.11.14-687x1024.jpeg 687w, https:\/\/www.radiopiu.net\/wordpress\/wp-content\/uploads\/2019\/06\/WhatsApp-Image-2019-06-28-at-22.11.14.jpeg 1074w\" sizes=\"auto, (max-width: 201px) 100vw, 201px\" \/><\/a>Erano gli inizi di Giugno quando si \u00e8 tenuto l\u2019incontro sui cani morsicatori in memoria di Kaos, il cane ucciso nel parcheggio del SuperW ad Agordo ad Aprile 2019, in quell\u2019incontro si spiegavano normative, buone pratiche, gestione del cane, responsabilit\u00e0 dei proprietari e delle istituzioni preposte ai controlli. Si era parlato di ordinanze e l\u2019associazione Siamo tutti animali Belluno offriva il proprio aiuto in sinergia con l\u2019avvocato Marchi esperta in materia nella formalizzazione di questo strumento. Ad oggi fine giugno si moltiplicano gli incidenti in provincia e anche in Agordino, precisamente nell\u2019ultima settimana una ragazza con il suo cagnolino al guinzaglio \u00e8 stata aggredita (ben 3 volte) da un cane di grossa taglia (non un pitbull&#8230;un meticcio di taglia medio-grande) in una frazione di Falcade, cane lasciato vagare o al seguito di una persona che lo conduceva senza guinzaglio.<br \/>\nNella zona di Taibon agordino i giorni scorsi una donna \u00e8 stata morsa ad una gamba da un cane libero (non un pitbull&#8230;un meticcio di taglia media), in questo caso non si conoscono nemmeno i proprietari, situazione grave non solo per la pericolosit\u00e0 di trovarsi faccia a faccia con un cane aggressivo ma anche per le conseguenze sanitarie. Il cane vagante di cui non si conosce la propriet\u00e0 che morde e fugge diventa un\u2019incognita sanitaria. E\u2019 un cane malato? Che vaccinazioni ha fatto? Il morso di cane \u00e8 sempre pericoloso perch\u00e8 a rischio di infezione va quindi visto assolutamente da un medico, ma non potendo fare indagini sul cane morsicatore la prassi sanitaria \u00e8 pi\u00f9 complessa.<\/p>\n<p class=\"p1\">Se ad essere aggredito \u00e8 un altro cane sar\u00e0 il veterinario che gli prester\u00e0 la cure a segnalare il fatto alla Ulss Dolomiti, che proceder\u00e0 convocando il proprietario (se noto) e attribuendo (nel caso) una classe di rischio a seconda dell\u2019incidente (da 1 a 3). I proprietari di cani morsicatori devono seguire un corso (patentino) con i propri animali che deve essere organizzato (o comunque promosso e promulgato) dalla Ulss. Le persone aggredite ma anche i cittadini proprietari o no di cani si chiedono spesso di chi \u00e8 la responsabilit\u00e0\u2026Cristino Fant di Siamo tutti animali Belluno cosi risponde: \u201cLa responsabilit\u00e0 della detenzione dell\u2019animale \u00e8 sempre del proprietario che deve fare e usare mezzi idonei per custodirlo affinch\u00e9 non vaghi libero. In passeggiata \u00e8 obbligatorio il guinzaglio sempre. I comuni devono vigilare (tramite personale preposto) affinch\u00e9 i cani siano condotti al guinzaglio, i proprietari raccolgano le deiezioni mantengano quei comportamenti civili che la legge ma anche il buon senso e il vivere civile impongono. I comuni non possono \u201cfare orecchie da mercante\u201d perch\u00e8 per la legge il sindaco \u00e8 il responsabile della sicurezza sul territorio, ed \u00e8 ovvio che chi contravviene alla mala custodia va punito\u201d. Cristiano Fant invita i cittadini bellunesi ed agordini ad inviare una mail segnalando episodi di cani morsicatori e cani liberi abitualmente incustoditi alla mail: <a href=\"mailto: maltrattamenti@siamotuttianimalibelluno.it\">maltrattamenti@siamotuttianimalibelluno.it.<\/a> In foto: ragazza morsa in zona Taibon Agordino<\/p>\n","protected":false},"excerpt":{"rendered":"<p>Erano gli inizi di Giugno quando si \u00e8 tenuto l\u2019incontro sui cani morsicatori in memoria di Kaos, il cane ucciso nel parcheggio del SuperW ad Agordo ad Aprile 2019, in quell\u2019incontro si spiegavano normative, buone pratiche, gestione del cane, responsabilit\u00e0 dei proprietari e delle istituzioni preposte ai controlli. Si era parlato di ordinanze e l\u2019associazione&hellip;<\/p>\n","protected":false},"author":1,"featured_media":90107,"comment_status":"closed","ping_status":"closed","sticky":false,"template":"","format":"standard","meta":{"_monsterinsights_skip_tracking":false,"_monsterinsights_sitenote_active":false,"_monsterinsights_sitenote_note":"","_monsterinsights_sitenote_category":0,"footnotes":""},"categories":[51,49],"tags":[],"class_list":["post-90104","post","type-post","status-publish","format-standard","has-post-thumbnail","hentry","category-evidenza-top","category-news-18","category-51","category-49","description-off"],"img_url":"https:\/\/www.radiopiu.net\/wordpress\/wp-content\/uploads\/2019\/06\/guinzaglio-sorridente-della-tenuta-della-donna-i-suoi-animali-domestici-mentre-camminando-nella-foresta_23-2148045818.jpg","_links":{"self":[{"href":"https:\/\/www.radiopiu.net\/wordpress\/wp-json\/wp\/v2\/posts\/90104","targetHints":{"allow":["GET"]}}],"collection":[{"href":"https:\/\/www.radiopiu.net\/wordpress\/wp-json\/wp\/v2\/posts"}],"about":[{"href":"https:\/\/www.radiopiu.net\/wordpress\/wp-json\/wp\/v2\/types\/post"}],"author":[{"embeddable":true,"href":"https:\/\/www.radiopiu.net\/wordpress\/wp-json\/wp\/v2\/users\/1"}],"replies":[{"embeddable":true,"href":"https:\/\/www.radiopiu.net\/wordpress\/wp-json\/wp\/v2\/comments?post=90104"}],"version-history":[{"count":0,"href":"https:\/\/www.radiopiu.net\/wordpress\/wp-json\/wp\/v2\/posts\/90104\/revisions"}],"wp:featuredmedia":[{"embeddable":true,"href":"https:\/\/www.radiopiu.net\/wordpress\/wp-json\/wp\/v2\/media\/90107"}],"wp:attachment":[{"href":"https:\/\/www.radiopiu.net\/wordpress\/wp-json\/wp\/v2\/media?parent=90104"}],"wp:term":[{"taxonomy":"category","embeddable":true,"href":"https:\/\/www.radiopiu.net\/wordpress\/wp-json\/wp\/v2\/categories?post=90104"},{"taxonomy":"post_tag","embeddable":true,"href":"https:\/\/www.radiopiu.net\/wordpress\/wp-json\/wp\/v2\/tags?post=90104"}],"curies":[{"name":"wp","href":"https:\/\/api.w.org\/{rel}","templated":true}]}}