{"id":90219,"date":"2019-06-30T21:45:33","date_gmt":"2019-06-30T19:45:33","guid":{"rendered":"http:\/\/www.radiopiu.net\/wordpress\/?p=90219"},"modified":"2019-07-03T06:17:56","modified_gmt":"2019-07-03T04:17:56","slug":"giornata-finale-da-incorniciare-per-lo-spartan-european-championship-dolomiti-alleghe-civetta","status":"publish","type":"post","link":"https:\/\/www.radiopiu.net\/wordpress\/giornata-finale-da-incorniciare-per-lo-spartan-european-championship-dolomiti-alleghe-civetta\/","title":{"rendered":"GIORNATA FINALE DA INCORNICIARE PER LO SPARTAN EUROPEAN CHAMPIONSHIP DOLOMITI ALLEGHE-CIVETTA"},"content":{"rendered":"<table border=\"0\" width=\"750\" cellspacing=\"14\" cellpadding=\"0\">\n<tbody>\n<tr>\n<td>\n<div align=\"left\">\nSlovacchia (uomini) e Francia (donne) vincono i titoli europei a squadre.<\/div>\n<\/td>\n<\/tr>\n<tr>\n<td>\n<div>\n<p><em><img loading=\"lazy\" decoding=\"async\" src=\"https:\/\/atcommunication.cc\/i\/uploads\/25870\/p\/1a_65423899_.png\" alt=\"\" width=\"730\" height=\"487\" \/><\/p>\n<p>Alleghe (BL), domenica 30 giugno 2019 &#8211;<\/em> Grande festa ai Piani di Pezz\u00e8 anche per la seconda e ultima giornata dello <strong><a href=\"https:\/\/www.spartanrace.it\/it\">Spartan European Championship 2019 Dolomiti Alleghe-Civetta<\/a><\/strong>. Dopo i titoli europei individuali assegnati il sabato, nella giornata di domenica il programma si \u00e8 completato con l\u2019assegnazione dei <strong>titoli europei a squadre<\/strong> e con <strong>gli altri format di Spartan Race<\/strong>, che hanno coinvolto migliaia di appassionati provenienti da ogni parte d\u2019Italia e del mondo (31 Paesi in totale). Stiamo parlando della <strong>Spartan Super<\/strong> che si \u00e8 svolta su una distanza leggermente superiore ai 13 km con 25 ostacoli da affrontare e della <strong>Spartan Sprint<\/strong>, il format pi\u00f9 breve e veloce, adatto praticamente a tutti i livelli di atleti, soprattutto per quelli alle prime armi con il mondo Spartan, con un percorso per l\u2019occasione di circa 8 km e 20 ostacoli.<\/p>\n<p><img loading=\"lazy\" decoding=\"async\" src=\"https:\/\/atcommunication.cc\/i\/uploads\/25870\/p\/1a_65438125_.png\" alt=\"\" width=\"730\" height=\"487\" \/><\/p>\n<p>Davvero spettacolare vedere in azione anche i bambini, dai 4 ai 15 anni, che per tutto il week-end hanno \u201cgiocato\u201d ai Piani di Pezz\u00e8 sul percorso allestito appositamente per loro (<strong>Spartan Kids<\/strong>), facendo in tutta sicurezza salti e acrobazie, ovvero tutto quello che solitamente i genitori gli impediscono di fare. Percorso che in parte ha toccato la <a href=\"https:\/\/www.alleghefunivie.com\/ally-farm-summer\/\">Ally Farm<\/a>, l\u2019oasi di gioco e divertimento pensata appositamente per i bambini, per muovere alla scoperta della natura.<\/p>\n<p>Per quanto riguarda il titolo europeo a squadre in campo <strong>maschile <\/strong>ha vinto la <strong>Slovacchia <\/strong>(Richard Pospisil, Peter Ceniga, Peter Ziska) in 1.57&#8217;01&#8221;, secondo posto per la <strong>Spagna <\/strong>(Alejandro Samper Jara, Albert Soley Castells, Anibal Fidalgo Lopez) in 1.58&#8217;02&#8221; e terzo per la <strong>pattuglia italiana <\/strong>(Manuel Moriconi, Luca Pescollderungg, Eugenio Bianchi) in 1.58&#8217;57&#8221;.<br \/>\n<img loading=\"lazy\" decoding=\"async\" src=\"https:\/\/atcommunication.cc\/i\/uploads\/25870\/p\/ita_team.png\" alt=\"\" width=\"730\" height=\"483\" \/><\/p>\n<p>In campo <strong>femminile <\/strong>vittoria per la <strong>Francia <\/strong>(Myriame Essalki, Jezabel Kremer, Myriam Guillot Boisset) in 2.35&#8217;46&#8221;. Al secondo posto la <strong>Russia <\/strong>(Natalia Molodtsova, Alisa Petrova, Anna Ivanova) in 2.38&#8217;18&#8221; e terza piazza del podio per la <strong>Slovacchia<\/strong> (Simona Hudokov, Janka Pepova, Bronislava Chrappa) in 2.40&#8217;28&#8221;.<\/p>\n<p><img loading=\"lazy\" decoding=\"async\" src=\"https:\/\/atcommunication.cc\/i\/uploads\/25870\/p\/fra_team.png\" alt=\"\" width=\"730\" height=\"743\" \/><\/p>\n<p>Per tutti gli altri in gara oggi nei vari format, uomini e donne di tutte le et\u00e0, pi\u00f9 che la classifica quello che conta davvero \u00e8 avercela fatta a realizzare il proprio sogno: arrivare sino in fondo. Sono stati <strong>5 mila<\/strong> complessivamente i <em><strong>\u201cguerrieri\u201d<\/strong><\/em> che hanno animato la due giorni della Spartan Race ad Alleghe.<\/p>\n<p><img loading=\"lazy\" decoding=\"async\" src=\"https:\/\/atcommunication.cc\/i\/uploads\/25870\/p\/2a_65418454_.png\" alt=\"\" width=\"730\" height=\"487\" \/><\/p>\n<p><em>\u201cAbbiamo assistito a due grandi giornate di sport con in gara i migliori interpreti dell\u2019obstacle racing che hanno regalato spettacolo ed emozioni. Oltre a questo, tengo sempre a ricordare che la <strong>Spartan Race<\/strong> vuole essere prima di tutto un <strong>happening<\/strong>, un momento di festa e aggregazione: stare insieme e condividere un\u2019esperienza importante, nuova, diversa, in cui l\u2019essenziale \u00e8 stare bene, divertirsi, sfidare se stessi, spostare i propri limiti e scoprirsi migliori. La vittoria pi\u00f9 bella \u00e8 farcela e arrivare in fondo. Inoltre, in un contesto suggestivo come quello offerto da <strong>Alleghe<\/strong>, con il <strong>Civetta <\/strong>e lo scenario delle <strong>Dolomiti Bellunesi<\/strong>, il risultato non pu\u00f2 che essere positivo. Visto il successo l\u2019augurio che ci facciamo \u00e8 che quello di Spartan Race ad Alleghe possa diventare un appuntamento di riferimento nel mondo\u201d,<\/em> commenta <strong>Giulia Zomegnan<\/strong> Country Manager di Spartan Race Italia.<\/p>\n<p><img loading=\"lazy\" decoding=\"async\" src=\"https:\/\/atcommunication.cc\/i\/uploads\/25870\/p\/1a_66004062_.png\" alt=\"\" width=\"730\" height=\"487\" \/><\/p>\n<p><em>\u201cSiamo contenti di avere ospitato per il secondo anno consecutivo questa manifestazione. Gi\u00e0 nel 2018 era stato un successo, quest\u2019anno direi che l\u2019evento \u00e8 cresciuto ancora in termini di numeri, qualit\u00e0 organizzativa, partecipazione e visibilit\u00e0. Del resto, <strong><a href=\"https:\/\/www.alleghefunivie.com\/\">Alleghe<\/a><\/strong> ha sempre creduto molto nell\u2019utilizzo dei grandi eventi sportivi come strumento di promozione del territorio. Penso all\u2019esperienza fatta negli anni con il Giro d\u2019Italia, oppure alla <strong>Transcivetta<\/strong>, gara a coppie di corsa in montagna giunta alla sua 39a edizione che ci sar\u00e0 il 21 luglio, l\u2019<strong>Adventure Outdoor Fest<\/strong> di fine luglio, ma questi sono solo alcuni esempi. La <strong>Spartan Race<\/strong> \u00e8 una bella novit\u00e0 e si inserisce perfettamente in questa strategia. Considerando che i percorsi si sono snodati attraverso il carosello dello <strong>Ski Civetta<\/strong>, che si conferma come la pi\u00f9 grande area sciabile del Veneto, questa \u00e8 stata una <strong>vetrina importante<\/strong> per la nostra realt\u00e0 non solo <strong>estiva <\/strong>ma anche <strong>invernale<\/strong>. Direi che le presenze avute sul nostro territorio per questo week-end sono davvero incoraggianti. Possiamo dire che con questo evento la stagione estiva di Alleghe \u00e8 iniziata ufficialmente, adesso gli <strong>impianti <\/strong>di risalita resteranno <strong>aperti ogni giorno fino al 22 di settembre<\/strong>, permettendo di accedere facilmente a tutti i servizi e le numerose attivit\u00e0 che si possono effettuare in quota\u201d,<\/em> spiega <strong>Sergio Pra<\/strong> presidente di Alleghe-Funivie.<\/p>\n<p><img loading=\"lazy\" decoding=\"async\" src=\"https:\/\/atcommunication.cc\/i\/uploads\/25870\/p\/1a_65312160_.png\" alt=\"\" width=\"730\" height=\"487\" \/><\/p>\n<\/div>\n<\/td>\n<\/tr>\n<\/tbody>\n<\/table>\n","protected":false},"excerpt":{"rendered":"<p>Slovacchia (uomini) e Francia (donne) vincono i titoli europei a squadre. Alleghe (BL), domenica 30 giugno 2019 &#8211; Grande festa ai Piani di Pezz\u00e8 anche per la seconda e ultima giornata dello Spartan European Championship 2019 Dolomiti Alleghe-Civetta. Dopo i titoli europei individuali assegnati il sabato, nella giornata di domenica il programma si \u00e8 completato&hellip;<\/p>\n","protected":false},"author":1,"featured_media":90217,"comment_status":"closed","ping_status":"closed","sticky":false,"template":"","format":"standard","meta":{"_monsterinsights_skip_tracking":false,"_monsterinsights_sitenote_active":false,"_monsterinsights_sitenote_note":"","_monsterinsights_sitenote_category":0,"footnotes":""},"categories":[104,49],"tags":[],"class_list":["post-90219","post","type-post","status-publish","format-standard","has-post-thumbnail","hentry","category-evidenza_3","category-news-18","category-104","category-49","description-off"],"img_url":"https:\/\/www.radiopiu.net\/wordpress\/wp-content\/uploads\/2019\/06\/1a_65423899_.png","_links":{"self":[{"href":"https:\/\/www.radiopiu.net\/wordpress\/wp-json\/wp\/v2\/posts\/90219","targetHints":{"allow":["GET"]}}],"collection":[{"href":"https:\/\/www.radiopiu.net\/wordpress\/wp-json\/wp\/v2\/posts"}],"about":[{"href":"https:\/\/www.radiopiu.net\/wordpress\/wp-json\/wp\/v2\/types\/post"}],"author":[{"embeddable":true,"href":"https:\/\/www.radiopiu.net\/wordpress\/wp-json\/wp\/v2\/users\/1"}],"replies":[{"embeddable":true,"href":"https:\/\/www.radiopiu.net\/wordpress\/wp-json\/wp\/v2\/comments?post=90219"}],"version-history":[{"count":0,"href":"https:\/\/www.radiopiu.net\/wordpress\/wp-json\/wp\/v2\/posts\/90219\/revisions"}],"wp:featuredmedia":[{"embeddable":true,"href":"https:\/\/www.radiopiu.net\/wordpress\/wp-json\/wp\/v2\/media\/90217"}],"wp:attachment":[{"href":"https:\/\/www.radiopiu.net\/wordpress\/wp-json\/wp\/v2\/media?parent=90219"}],"wp:term":[{"taxonomy":"category","embeddable":true,"href":"https:\/\/www.radiopiu.net\/wordpress\/wp-json\/wp\/v2\/categories?post=90219"},{"taxonomy":"post_tag","embeddable":true,"href":"https:\/\/www.radiopiu.net\/wordpress\/wp-json\/wp\/v2\/tags?post=90219"}],"curies":[{"name":"wp","href":"https:\/\/api.w.org\/{rel}","templated":true}]}}