{"id":90273,"date":"2019-07-01T10:24:40","date_gmt":"2019-07-01T08:24:40","guid":{"rendered":"http:\/\/www.radiopiu.net\/wordpress\/?p=90273"},"modified":"2019-07-02T16:45:24","modified_gmt":"2019-07-02T14:45:24","slug":"emozioni-ad-occhi-chiusi-nel-bellunese","status":"publish","type":"post","link":"https:\/\/www.radiopiu.net\/wordpress\/emozioni-ad-occhi-chiusi-nel-bellunese\/","title":{"rendered":"EMOZIONI AD OCCHI CHIUSI NEL BELLUNESE"},"content":{"rendered":"<p style=\"font-weight: 400;\"><a class=\"dt-pswp-item\" href=\"http:\/\/www.radiopiu.net\/wordpress\/wp-content\/uploads\/2019\/07\/Non-vedenti-e-Guide-18a-Settimana-verde.jpg\" data-dt-img-description=\"\" data-large_image_width=\"3768\" data-large_image_height=\"2443\"><img loading=\"lazy\" decoding=\"async\" class=\"alignnone wp-image-90274 size-large\" src=\"http:\/\/www.radiopiu.net\/wordpress\/wp-content\/uploads\/2019\/07\/Non-vedenti-e-Guide-18a-Settimana-verde-1024x664.jpg\" alt=\"\" width=\"1024\" height=\"664\" srcset=\"https:\/\/www.radiopiu.net\/wordpress\/wp-content\/uploads\/2019\/07\/Non-vedenti-e-Guide-18a-Settimana-verde-1024x664.jpg 1024w, https:\/\/www.radiopiu.net\/wordpress\/wp-content\/uploads\/2019\/07\/Non-vedenti-e-Guide-18a-Settimana-verde-300x195.jpg 300w, https:\/\/www.radiopiu.net\/wordpress\/wp-content\/uploads\/2019\/07\/Non-vedenti-e-Guide-18a-Settimana-verde-768x498.jpg 768w\" sizes=\"auto, (max-width: 1024px) 100vw, 1024px\" \/><\/a><\/p>\n<p><strong>FALCADE<\/strong> Si \u00e8 svolta anche quest&#8217;anno la tradizionale settimana verde che da quasi vent&#8217;anni l&#8217;Associazione Disabili Visivi Onlus organizza nel territorio delle Dolomiti bellunesi con i propri soci non vedenti e ipovedenti. Quest&#8217;anno il gruppo era composto da 33 tra ipovedenti e non vedenti, che facendo base a Falcade, si \u00e8 cimentato in escursioni su sentieri tra i pi\u00f9 belli delle Dolomiti bellunesi che da 10 anni sono considerate patrimonio UNESCO nell&#8217;umanit\u00e0.\u00a0 Come ogni anno il gruppo ha potuto contare sull&#8217;assistenza e la collaborazione del gruppo Carabinieri Forestali provenienti da diversi comandi del Veneto, coordinati dal brigadiere Alessandro Savi, sui mezzi e personale messo a disposizione dai Vigili del Fuoco di Belluno e sul supporto scientifico della geologa del CNR Barbara Aldighieri che, insieme alla coordinatrice della ADV Laura nardone, hanno fatto s\u00ec che la settimana si potesse svolgere nelle migliori condizioni possibili. Anche il tempo ha fatto la sua parte regalando giornate di sole pieno, un po&#8217; calde, ma che hanno reso indimenticabili le camminate sugli alpeggi tra i boschi nelle malghe e nei rifugi in quota. L&#8217;organizzazione delle attivit\u00e0 ha risentito della particolare situazione creata dall&#8217; evento eccezionale che nello scorso autunno ha colpito queste zone cio\u00e8 la tempesta Vaia che ha causato danni enormi al patrimonio boschivo abbattendo migliaia di alberi, anche di grande pregio, causando l&#8217;esondazione di numerosi torrenti. Questo ha creato problemi non indifferenti a tutta la viabilit\u00e0 sentieristica e alle strade normalmente attraversate durante le escursioni. Nonostante ci\u00f2 grazie alla bravura e <a class=\"dt-pswp-item\" href=\"http:\/\/www.radiopiu.net\/wordpress\/wp-content\/uploads\/2019\/07\/IMG_20190627_152837.jpg\" data-dt-img-description=\"\" data-large_image_width=\"895\" data-large_image_height=\"1079\"><img loading=\"lazy\" decoding=\"async\" class=\" wp-image-90278 alignleft\" src=\"http:\/\/www.radiopiu.net\/wordpress\/wp-content\/uploads\/2019\/07\/IMG_20190627_152837-249x300.jpg\" alt=\"\" width=\"172\" height=\"207\" srcset=\"https:\/\/www.radiopiu.net\/wordpress\/wp-content\/uploads\/2019\/07\/IMG_20190627_152837-249x300.jpg 249w, https:\/\/www.radiopiu.net\/wordpress\/wp-content\/uploads\/2019\/07\/IMG_20190627_152837-768x926.jpg 768w, https:\/\/www.radiopiu.net\/wordpress\/wp-content\/uploads\/2019\/07\/IMG_20190627_152837-849x1024.jpg 849w, https:\/\/www.radiopiu.net\/wordpress\/wp-content\/uploads\/2019\/07\/IMG_20190627_152837.jpg 895w\" sizes=\"auto, (max-width: 172px) 100vw, 172px\" \/><\/a>all&#8217;impegno dei carabinieri forestali e dei vigili del fuoco si \u00e8 riusciti comunque a organizzare escursioni di elevato interesse naturalistico. Si \u00e8 partiti come d&#8217;abitudine con una piacevole competizione di orienteering per non vedenti nella zona di Vallada agordina, dove l&#8217;intera comunit\u00e0 delle frazioni\u00a0 \u00e8 stata coinvolta nell&#8217;organizzazione delle attivit\u00e0 sotto la guida di Carlo Pilat, campione di orienteering del gruppo carabinieri forestali,\u00a0 durante la quale le squadre formate da tre o quattro tra non vedenti e ipovedenti e assistiti da una o pi\u00f9 guide si sono cimentate in prove di orientamento e di abilit\u00e0 basate sui sensi alternativi alla vista, come ad esempio il riconoscimento tattile di forme e materiali, il riconoscimento di piante aromatiche attraverso l&#8217;olfatto oppure le prove pi\u00f9 gradite, cio\u00e8 la <a class=\"dt-pswp-item\" href=\"http:\/\/www.radiopiu.net\/wordpress\/wp-content\/uploads\/2019\/07\/I-carabinieri-forestali-aiutano-i-non-vedenti-a-salire-sul-pulman-messo-a-disposizione-dai-Vigili-del-Fuoco-di-Belluno.jpg\" data-dt-img-description=\"\" data-large_image_width=\"4000\" data-large_image_height=\"3000\"><img loading=\"lazy\" decoding=\"async\" class=\"size-medium wp-image-90277 alignright\" src=\"http:\/\/www.radiopiu.net\/wordpress\/wp-content\/uploads\/2019\/07\/I-carabinieri-forestali-aiutano-i-non-vedenti-a-salire-sul-pulman-messo-a-disposizione-dai-Vigili-del-Fuoco-di-Belluno-300x225.jpg\" alt=\"\" width=\"300\" height=\"225\" srcset=\"https:\/\/www.radiopiu.net\/wordpress\/wp-content\/uploads\/2019\/07\/I-carabinieri-forestali-aiutano-i-non-vedenti-a-salire-sul-pulman-messo-a-disposizione-dai-Vigili-del-Fuoco-di-Belluno-300x225.jpg 300w, https:\/\/www.radiopiu.net\/wordpress\/wp-content\/uploads\/2019\/07\/I-carabinieri-forestali-aiutano-i-non-vedenti-a-salire-sul-pulman-messo-a-disposizione-dai-Vigili-del-Fuoco-di-Belluno-768x576.jpg 768w, https:\/\/www.radiopiu.net\/wordpress\/wp-content\/uploads\/2019\/07\/I-carabinieri-forestali-aiutano-i-non-vedenti-a-salire-sul-pulman-messo-a-disposizione-dai-Vigili-del-Fuoco-di-Belluno-1024x768.jpg 1024w\" sizes=\"auto, (max-width: 300px) 100vw, 300px\" \/><\/a>degustazione di formaggi e Mieli cercando di individuarne la composizione. Il tutto \u00e8 terminato al vivaio di Vallada agordina dove gli alpini hanno accolto i partecipanti con un pranzo a base di polenta carne e verdure grigliate. Questa gara di Vallada, ormai alla sua nona edizione, \u00e8 l\u2019unica attivit\u00e0 di orienteering per non vedenti in Italia.\u00a0Nei giorni successive, il gruppo ha affrontato escursioni sia in fondovalle che verso i rifugi in quota tra i quali ad esempio il rifugio Selle sull&#8217;omonimo passo che con i suoi 2530 metri \u00e8 stata la cima Coppi di questa settimana di escursioni. Inoltre una parte del gruppo ha potuto sperimentare la possibilit\u00e0 di dormire in rifugio e precisamente a rifugio Taramelli in Val di Fassa per poi riunirsi al resto del gruppo il giorno successivo e salire <a class=\"dt-pswp-item\" href=\"http:\/\/www.radiopiu.net\/wordpress\/wp-content\/uploads\/2019\/07\/I-cani-guida-e-i-non-vedenti-trovano-refrigerio-nelle-acque-gelide-del-Lago-del-rifugio-Selle.jpg\" data-dt-img-description=\"\" data-large_image_width=\"3318\" data-large_image_height=\"1274\"><img loading=\"lazy\" decoding=\"async\" class=\"size-medium wp-image-90276 alignleft\" src=\"http:\/\/www.radiopiu.net\/wordpress\/wp-content\/uploads\/2019\/07\/I-cani-guida-e-i-non-vedenti-trovano-refrigerio-nelle-acque-gelide-del-Lago-del-rifugio-Selle-300x115.jpg\" alt=\"\" width=\"300\" height=\"115\" srcset=\"https:\/\/www.radiopiu.net\/wordpress\/wp-content\/uploads\/2019\/07\/I-cani-guida-e-i-non-vedenti-trovano-refrigerio-nelle-acque-gelide-del-Lago-del-rifugio-Selle-300x115.jpg 300w, https:\/\/www.radiopiu.net\/wordpress\/wp-content\/uploads\/2019\/07\/I-cani-guida-e-i-non-vedenti-trovano-refrigerio-nelle-acque-gelide-del-Lago-del-rifugio-Selle-768x295.jpg 768w, https:\/\/www.radiopiu.net\/wordpress\/wp-content\/uploads\/2019\/07\/I-cani-guida-e-i-non-vedenti-trovano-refrigerio-nelle-acque-gelide-del-Lago-del-rifugio-Selle-1024x393.jpg 1024w\" sizes=\"auto, (max-width: 300px) 100vw, 300px\" \/><\/a>insieme al rifugio Vallaccia sotto cima undici nel gruppo dei Monzoni. Non \u00e8 mancato anche un piacevole intermezzo in pianura con la discesa in rafting di un tratto di 8 km del fiume Brenta nei pressi di Bassano del grappa. Nella stessa giornata si \u00e8 fatta una visita guidata alla tagliata delle Fontanelle parte di una sistema di fortificazioni militari progettate e realizzate tra la fine dell&#8217;800 e i primi anni del 900, e ad una delle pi\u00f9 <a class=\"dt-pswp-item\" href=\"http:\/\/www.radiopiu.net\/wordpress\/wp-content\/uploads\/2019\/07\/non-vedenti-sul-nevaio.jpg\" data-dt-img-description=\"\" data-large_image_width=\"2458\" data-large_image_height=\"2365\"><img loading=\"lazy\" decoding=\"async\" class=\"size-medium wp-image-90275 alignright\" src=\"http:\/\/www.radiopiu.net\/wordpress\/wp-content\/uploads\/2019\/07\/non-vedenti-sul-nevaio-300x289.jpg\" alt=\"\" width=\"300\" height=\"289\" srcset=\"https:\/\/www.radiopiu.net\/wordpress\/wp-content\/uploads\/2019\/07\/non-vedenti-sul-nevaio-300x289.jpg 300w, https:\/\/www.radiopiu.net\/wordpress\/wp-content\/uploads\/2019\/07\/non-vedenti-sul-nevaio-768x739.jpg 768w, https:\/\/www.radiopiu.net\/wordpress\/wp-content\/uploads\/2019\/07\/non-vedenti-sul-nevaio-1024x985.jpg 1024w\" sizes=\"auto, (max-width: 300px) 100vw, 300px\" \/><\/a>belle ville Venete in stile palladiano la villa Rezzonico.La settimana si \u00e8 chiusa con un appuntamento conviviale presso l&#8217;hotel Cristal di Falcade che ha riunito insieme non vedenti ipovedenti accompagnatori guide e volontari che hanno contribuito alla riuscito delle attivit\u00e0. Con l&#8217;occasione, a testimonianza della vicinanza del gruppo Carabinieri forestali alla iniziativa in oggetto, si sono uniti al convivio anche il Colonnello Zanetti responsabile del Gruppo Carabinieri Forestali di Belluno e il Colonnello Di Cosmo responsabile dell&#8217;ufficio della Biodiversit\u00e0 di Vittorio Veneto, che hanno espresso il\u00a0 loro auspicio per il proseguimento della collaborazione oramai consolidatasi\u00a0 nel corso degli anni.\u00a0Tutti i partecipanti, ognuno con il suo passo, hanno concluso le escursioni programmate in uno spirito di collaborazione e di reciproco aiuto, con uno scambio alla pari di abilit\u00e0 diverse.<\/p>\n<p>&nbsp;<\/p>\n<h2>ARTICOLO PRECEDENTE 28 GIUGNO<\/h2>\n<blockquote class=\"wp-embedded-content\" data-secret=\"2tLZm67uks\"><p><a href=\"http:\/\/www.radiopiu.net\/wordpress\/i-ragazzi-di-attivamente-agordino-guidano-i-non-vedenti-tra-le-montagne-della-valle-del-biois\/\">I RAGAZZI DI ATTIVAMENTE AGORDINO GUIDANO I NON VEDENTI TRA LE MONTAGNE DELLA VALLE DEL BIOIS<\/a><\/p><\/blockquote>\n<p><iframe loading=\"lazy\" class=\"wp-embedded-content\" sandbox=\"allow-scripts\" security=\"restricted\" style=\"position: absolute; clip: rect(1px, 1px, 1px, 1px);\" src=\"http:\/\/www.radiopiu.net\/wordpress\/i-ragazzi-di-attivamente-agordino-guidano-i-non-vedenti-tra-le-montagne-della-valle-del-biois\/embed\/#?secret=2tLZm67uks\" data-secret=\"2tLZm67uks\" width=\"600\" height=\"338\" title=\"&#8220;I RAGAZZI DI ATTIVAMENTE AGORDINO GUIDANO I NON VEDENTI TRA LE MONTAGNE DELLA VALLE DEL BIOIS&#8221; &#8212; Radio Pi\u00f9\" frameborder=\"0\" marginwidth=\"0\" marginheight=\"0\" scrolling=\"no\"><\/iframe><\/p>\n","protected":false},"excerpt":{"rendered":"<p>FALCADE Si \u00e8 svolta anche quest&#8217;anno la tradizionale settimana verde che da quasi vent&#8217;anni l&#8217;Associazione Disabili Visivi Onlus organizza nel territorio delle Dolomiti bellunesi con i propri soci non vedenti e ipovedenti. Quest&#8217;anno il gruppo era composto da 33 tra ipovedenti e non vedenti, che facendo base a Falcade, si \u00e8 cimentato in escursioni su&hellip;<\/p>\n","protected":false},"author":1,"featured_media":90274,"comment_status":"closed","ping_status":"closed","sticky":false,"template":"","format":"standard","meta":{"_monsterinsights_skip_tracking":false,"_monsterinsights_sitenote_active":false,"_monsterinsights_sitenote_note":"","_monsterinsights_sitenote_category":0,"footnotes":""},"categories":[1,49],"tags":[],"class_list":["post-90273","post","type-post","status-publish","format-standard","has-post-thumbnail","hentry","category-senza-categoria","category-news-18","category-1","category-49","description-off"],"img_url":"https:\/\/www.radiopiu.net\/wordpress\/wp-content\/uploads\/2019\/07\/Non-vedenti-e-Guide-18a-Settimana-verde.jpg","_links":{"self":[{"href":"https:\/\/www.radiopiu.net\/wordpress\/wp-json\/wp\/v2\/posts\/90273","targetHints":{"allow":["GET"]}}],"collection":[{"href":"https:\/\/www.radiopiu.net\/wordpress\/wp-json\/wp\/v2\/posts"}],"about":[{"href":"https:\/\/www.radiopiu.net\/wordpress\/wp-json\/wp\/v2\/types\/post"}],"author":[{"embeddable":true,"href":"https:\/\/www.radiopiu.net\/wordpress\/wp-json\/wp\/v2\/users\/1"}],"replies":[{"embeddable":true,"href":"https:\/\/www.radiopiu.net\/wordpress\/wp-json\/wp\/v2\/comments?post=90273"}],"version-history":[{"count":0,"href":"https:\/\/www.radiopiu.net\/wordpress\/wp-json\/wp\/v2\/posts\/90273\/revisions"}],"wp:featuredmedia":[{"embeddable":true,"href":"https:\/\/www.radiopiu.net\/wordpress\/wp-json\/wp\/v2\/media\/90274"}],"wp:attachment":[{"href":"https:\/\/www.radiopiu.net\/wordpress\/wp-json\/wp\/v2\/media?parent=90273"}],"wp:term":[{"taxonomy":"category","embeddable":true,"href":"https:\/\/www.radiopiu.net\/wordpress\/wp-json\/wp\/v2\/categories?post=90273"},{"taxonomy":"post_tag","embeddable":true,"href":"https:\/\/www.radiopiu.net\/wordpress\/wp-json\/wp\/v2\/tags?post=90273"}],"curies":[{"name":"wp","href":"https:\/\/api.w.org\/{rel}","templated":true}]}}