{"id":90296,"date":"2019-07-02T05:32:32","date_gmt":"2019-07-02T03:32:32","guid":{"rendered":"http:\/\/www.radiopiu.net\/wordpress\/?p=90296"},"modified":"2019-07-02T11:12:53","modified_gmt":"2019-07-02T09:12:53","slug":"giornale-radiopiu-02-luglio-2019-direttore-mirko-mezzacasa","status":"publish","type":"post","link":"https:\/\/www.radiopiu.net\/wordpress\/giornale-radiopiu-02-luglio-2019-direttore-mirko-mezzacasa\/","title":{"rendered":"GIORNALE RADIOPIU 02 LUGLIO 2019 DIRETTORE MIRKO MEZZACASA"},"content":{"rendered":"<h3><\/h3>\n<p><strong>Bomba d&#8217;acqua con forti temporali<\/strong> nel pomeriggio di ieri, a farne le spese ancora una volta Rocca Pietore dove si contano i danni a Baita Dovich per l&#8217;esondazione del torrente, allagato anche il campeggio. Super lavoro per gli uomini del Soccorso Alpino intervenuti tra fulmini e pioggia per togliere dai guai una coppia di coniugi polacchi a Cortina (Rio Gere) e un padre con al seguito i figli minorenni sul Civetta, eppure il bollettino meteo era chiaro ed anche l&#8217;allarme lanciato nei giusti tempi dalla Regione. <strong>A Cortina l&#8217;incendio \u00e8 stato definitivamente domato<\/strong>, ultimi focolai spenti ieri poi \u00e8 arrivata la pioggia, zona interdetta per il pericolo di ordigni inesplosi.<strong> Il Suem avr\u00e0 finalmente la nuova base<\/strong> a Pieve di Cadore, per potenziare il servizio di urgenza ed emergenza medica sono iniziati i lavori per la costruzione delle nuove strutture per l&#8217;elisoccorso.<strong> La Procura di Belluno<\/strong> non ha concesso il nulla osta per i funerali di Elvi Sandon morto domenica a 62 anni nella sua abitazione dopo una visita al Pronto Soccorso dell&#8217;ospedale di Belluno, sar\u00e0 probabilmente disposta l&#8217;autopsia, moglie e figlia dell&#8217;uomo chiedono risposte sulla morte del loro caro.<\/p>\n<p>&nbsp;<\/p>\n<p>&nbsp;<\/p>\n<blockquote>\n<h3><span style=\"color: #ff0000;\"><strong>&#8220;TU NON SAI&#8221; IL LIBRO NEL RICORDO DI CHERUBINO MIANA. LO SPECIALE QUESTA SERA ALLE 20.15 ALLA RADIO <\/strong><\/span><span style=\"color: #ff0000;\"><strong>letture di\u00a0<a id=\"js_6c6\" class=\"profileLink\" style=\"color: #ff0000;\" title=\"Moira Losso\" href=\"https:\/\/www.facebook.com\/moira.losso?__tn__=%2CdKH-R-R&amp;eid=ARB_Wc_TWNRDw1dkz-9dT981eSr-7sWN8Yr4L2m87cmVvPN-_i3GwYb6h_9Yz58z4M-GjnkmTqC-kNmp&amp;fref=mentions\" data-hovercard=\"\/ajax\/hovercard\/user.php?id=1546662232&amp;extragetparams=%7B%22__tn__%22%3A%22%2CdKH-R-R%22%2C%22eid%22%3A%22ARB_Wc_TWNRDw1dkz-9dT981eSr-7sWN8Yr4L2m87cmVvPN-_i3GwYb6h_9Yz58z4M-GjnkmTqC-kNmp%22%2C%22fref%22%3A%22mentions%22%7D\" data-hovercard-prefer-more-content-show=\"1\" aria-describedby=\"u_8q_1\" aria-owns=\"js_65w\">Moira Losso<\/a>\u00a0e\u00a0<a class=\"profileLink\" style=\"color: #ff0000;\" title=\"Luisa Alchini\" href=\"https:\/\/www.facebook.com\/luisa.alchini?__tn__=%2CdKH-R-R&amp;eid=ARA-jZyhzzuEkGSoIhfQSjkQtUxt6q8EU6H_Z4rJ-FVWYR8-vny109Fj7iTozx1uzOj9s3LziIvS1YOk&amp;fref=mentions\" data-hovercard=\"\/ajax\/hovercard\/user.php?id=1824423623&amp;extragetparams=%7B%22__tn__%22%3A%22%2CdKH-R-R%22%2C%22eid%22%3A%22ARA-jZyhzzuEkGSoIhfQSjkQtUxt6q8EU6H_Z4rJ-FVWYR8-vny109Fj7iTozx1uzOj9s3LziIvS1YOk%22%2C%22fref%22%3A%22mentions%22%7D\" data-hovercard-prefer-more-content-show=\"1\">Luisa Alchini<\/a><\/strong><\/span><\/h3>\n<\/blockquote>\n<h2><\/h2>\n<p>&nbsp;<\/p>\n<blockquote class=\"wp-embedded-content\" data-secret=\"XhjcEdMRh2\"><p><a href=\"http:\/\/www.radiopiu.net\/wordpress\/dolomites-street-un-decennale-alla-grande-al-palaluxottica\/\">DOLOMITES STREET UN DECENNALE ALLA GRANDE AL PALALUXOTTICA<\/a><\/p><\/blockquote>\n<p><iframe loading=\"lazy\" class=\"wp-embedded-content\" sandbox=\"allow-scripts\" security=\"restricted\" style=\"position: absolute; clip: rect(1px, 1px, 1px, 1px);\" src=\"http:\/\/www.radiopiu.net\/wordpress\/dolomites-street-un-decennale-alla-grande-al-palaluxottica\/embed\/#?secret=XhjcEdMRh2\" data-secret=\"XhjcEdMRh2\" width=\"600\" height=\"338\" title=\"&#8220;DOLOMITES STREET UN DECENNALE ALLA GRANDE AL PALALUXOTTICA&#8221; &#8212; Radio Pi\u00f9\" frameborder=\"0\" marginwidth=\"0\" marginheight=\"0\" scrolling=\"no\"><\/iframe><\/p>\n<div class=\"\" data-block=\"true\" data-editor=\"4591n\" data-offset-key=\"dgar7-0-0\">\n<div class=\"_1mf _1mj\" data-offset-key=\"dgar7-0-0\"><\/div>\n<div data-offset-key=\"dgar7-0-0\"><\/div>\n<\/div>\n<div class=\"_1mf _1mj\" data-offset-key=\"esjs3-0-0\"><\/div>\n<p>&nbsp;<\/p>\n<p>&nbsp;<\/p>\n<p><strong>Gestione Servizi Pubblici informa che, per lavori alla rete idrica comunale, domani dalle 8 a\u00a0 fine lavori, potrebbe mancare l&#8217;acqua nel Comune di Falcade nelle vie ROMA, CORSO ITALIA, FIOITA, SERAFINI, DEGLI ARTIGIANI e FOCOBON nonch\u00e9 a Caviola.\u00a0 In caso di maltempo, l&#8217;intervento verr\u00e0 effettuato giovedi.<\/strong><\/p>\n<p>&nbsp;<\/p>\n<p>&nbsp;<\/p>\n<p>&nbsp;<\/p>\n<h2>LA FOTO DEL GIORNO&#8230;<\/h2>\n<h2>SI COMMENTA DA SOLA<\/h2>\n<p><a class=\"dt-pswp-item\" href=\"http:\/\/www.radiopiu.net\/wordpress\/wp-content\/uploads\/2019\/07\/65970776_10220115615867494_5415484170006691840_n.jpg\" data-dt-img-description=\"\" data-large_image_width=\"405\" data-large_image_height=\"833\"><img loading=\"lazy\" decoding=\"async\" class=\"alignnone wp-image-90299\" src=\"http:\/\/www.radiopiu.net\/wordpress\/wp-content\/uploads\/2019\/07\/65970776_10220115615867494_5415484170006691840_n-146x300.jpg\" alt=\"\" width=\"295\" height=\"606\" srcset=\"https:\/\/www.radiopiu.net\/wordpress\/wp-content\/uploads\/2019\/07\/65970776_10220115615867494_5415484170006691840_n-146x300.jpg 146w, https:\/\/www.radiopiu.net\/wordpress\/wp-content\/uploads\/2019\/07\/65970776_10220115615867494_5415484170006691840_n.jpg 405w\" sizes=\"auto, (max-width: 295px) 100vw, 295px\" \/><\/a><\/p>\n<p>&nbsp;<\/p>\n<p>&nbsp;<\/p>\n<h2>DA FACEBOOK IL VIDEO DI LORENZO SCOLA&#8230;. FALCADE. L&#8217;ALPEGGIO AGORDINO IN VALLE DEL BIOIS<\/h2>\n<div id=\"fb-root\"><\/div>\n<p><script async=\"1\" defer=\"1\" crossorigin=\"anonymous\" src=\"https:\/\/connect.facebook.net\/it_IT\/sdk.js#xfbml=1&amp;version=v6.0\"><\/script><\/p>\n<div class=\"fb-video\" data-href=\"https:\/\/www.facebook.com\/sandro.pescosta.3\/videos\/1030021057207774\/\" data-width=\"1200\">\n<blockquote cite=\"https:\/\/www.facebook.com\/sandro.pescosta.3\/videos\/1030021057207774\/\" class=\"fb-xfbml-parse-ignore\"><p><a href=\"https:\/\/www.facebook.com\/sandro.pescosta.3\/videos\/1030021057207774\/\"><\/a><\/p>\n<p>Si va in alpeggio<\/p>\n<p>Pubblicato da <a href=\"https:\/\/www.facebook.com\/sandro.pescosta.3\">Lorenza Scola<\/a> su Luned\u00ec 1 luglio 2019<\/p><\/blockquote>\n<\/div>\n<p>&nbsp;<\/p>\n<p>&nbsp;<\/p>\n<h3>RECUPERATI PADRE E DUE FIGLI SUL CIVETTA<\/h3>\n<p><strong>VAL DI ZOLDO\u00a0<\/strong> Alle 18.20 circa l&#8217;elicottero del Suem di Pieve di Cadore \u00e8 intervenuto lungo la normale al Civetta, in seguito alla chiamata di un escursionista della Repubblica Ceca. Mentre stava scendendo con i due figli, uno di loro, quindicenne, \u00e9 caduto infortunandosi a una caviglia. Individuati dall&#8217;equipaggio, i tre sono stati imbarcati con un verricello e trasportati all&#8217;ospedale di Agordo.<\/p>\n<p>&nbsp;<\/p>\n<h3>ALPINISTI BLOCCATI DALLA GRANDINE<\/h3>\n<p><strong>AURONZO<\/strong> Attorno alle 14\u00a0 di ieri l&#8217;elicottero del Suem di Pieve di Cadore \u00e8 volato sulla Cima Grande di Lavaredo, dove due alpinisti polacchi, lui 43 anni, lei 31, partiti da poco dalla vetta per rientrare lungo la normale, erano stati investiti dal passaggio del temporale con forte pioggia e grandine. Si trovavano alla quarta calata della discesa, ma non se la sentivano pi\u00f9 di proseguire per il rischio di muoversi sulla roccia bagnata e scivolosa. Recuperati dal tecnico del Soccorso alpino dell&#8217;equipaggio con un verricello di 5 metri, i due sono stati trasportati al Rifugio Lavaredo. Il Corriere delle Api dedica oggi uno spazio al ricordo di Berto Pellegrini classe 1941, l&#8217;ultimo dei calzolai che scolpiva il metallo, le sue opere adornano il giardino della casa di Arabba, l&#8217;ultimo fabbro dall&#8217;offcina della bisnonna<\/p>\n<p>&nbsp;<\/p>\n<p>&nbsp;<\/p>\n<h3>NEL CANTIERE LUNGO LA VAL FIORENTINA SI FERISCE GRAVEMENTE CON LA MOTOSEGA<\/h3>\n<p><strong>ALLEGHE<\/strong> Ancora un incidente sul lavoro nei cantieri post Vaia, l&#8217;incidente ieri mattina\u00a0 lungo la provinciale 20 della Val Fiorentina dove un uomo M.Z. 46\u00a0 anni di Belluno alle dipendenze della ditta Dolomiti Rocce che ha in appalto i lavori di disgaggio si \u00e8 procurato una profonda ferita alla coscia mentre usava la motosega. Immediato il ricovero all&#8217;ospedale di Belluno dove l&#8217;uomo \u00e8 giunto non in pericolo di vita. Sulle cause dell&#8217;incidente indagano i Carabinieri della stazione di Caprile e i funzionari dello Spisal.<\/p>\n<p>&nbsp;<\/p>\n<p>&nbsp;<\/p>\n<p>&nbsp;<\/p>\n<p align=\"JUSTIFY\"><span style=\"font-size: medium;\"><b>METEO: TEMPORALI SULLE MONTAGNE VENETE E NELL\u2019AREA PEDEMONTANA, ALLERTA GIALLA\u00a0<\/b><\/span><\/p>\n<p align=\"JUSTIFY\"><strong><span style=\"font-size: medium;\">VENEZIA\u00a0\u00a0<\/span><\/strong><span style=\"font-size: medium;\">Si profilano rovesci e temporali, in particolare nella seconda parte della giornata, nelle aree prealpine e pedemontane del Veneto. <\/span><span style=\"color: #000000;\"><span style=\"font-size: medium;\">Saranno possibili locali fenomeni intensi, con forti rovesci, locali grandinate, forti raffiche di vento<\/span><\/span><span style=\"font-size: medium;\">Lo stato di attenzione permane sino alle ore 8 di domani.\u00a0 <\/span><span style=\"font-size: medium;\">Nonostante i possibili fenomeni meteorologici attesi nelle aree montane e pedemontane, le temperature restano superiori alla media anche nei prossimi giorni, con massime in rialzo.<\/span><\/p>\n<p>&nbsp;<\/p>\n<h3>BOMBA D&#8217;ACUA A MALGA CIAPELA, SOLITI DISAGI SULLA STRA PER PASSO FEDAIA<\/h3>\n<p><strong>ROCCA PIETORE<\/strong> Vigili del Fuoco, Carabinieri, operai comunali hanno evitato disagi ieri pomeriggio per l&#8217;ennesima esondazione del torrente che ha invaso la sede stradale. Una bomba d&#8217;acqua che si \u00e8 abbattuta con violenza sui fianchi della Marmolada<\/p>\n<div style=\"width: 640px;\" class=\"wp-video\"><video class=\"wp-video-shortcode\" id=\"video-90296-1\" width=\"640\" height=\"352\" preload=\"metadata\" controls=\"controls\"><source type=\"video\/mp4\" src=\"http:\/\/www.radiopiu.net\/wordpress\/wp-content\/uploads\/2019\/07\/WhatsApp-Video-2019-07-01-at-16.45.27.mp4?_=1\" \/><a href=\"http:\/\/www.radiopiu.net\/wordpress\/wp-content\/uploads\/2019\/07\/WhatsApp-Video-2019-07-01-at-16.45.27.mp4\">http:\/\/www.radiopiu.net\/wordpress\/wp-content\/uploads\/2019\/07\/WhatsApp-Video-2019-07-01-at-16.45.27.mp4<\/a><\/video><\/div>\n<p><strong>IL SINDACO ANDREA DE BERNARDIN<\/strong><\/p>\n<audio class=\"wp-audio-shortcode\" id=\"audio-90296-1\" preload=\"none\" style=\"width: 100%;\" controls=\"controls\"><source type=\"audio\/mpeg\" src=\"http:\/\/www.radiopiu.net\/wordpress\/wp-content\/uploads\/2019\/07\/ANDREA.mp3?_=1\" \/><a href=\"http:\/\/www.radiopiu.net\/wordpress\/wp-content\/uploads\/2019\/07\/ANDREA.mp3\">http:\/\/www.radiopiu.net\/wordpress\/wp-content\/uploads\/2019\/07\/ANDREA.mp3<\/a><\/audio>\n<p>&nbsp;<\/p>\n<p><a class=\"dt-pswp-item\" href=\"http:\/\/www.radiopiu.net\/wordpress\/wp-content\/uploads\/2019\/07\/d1830d6e-e49c-4a59-b5ec-820b837b9312.jpg\" data-dt-img-description=\"\" data-large_image_width=\"1200\" data-large_image_height=\"1599\"><img loading=\"lazy\" decoding=\"async\" class=\"alignnone size-medium wp-image-90310\" src=\"http:\/\/www.radiopiu.net\/wordpress\/wp-content\/uploads\/2019\/07\/d1830d6e-e49c-4a59-b5ec-820b837b9312-225x300.jpg\" alt=\"\" width=\"225\" height=\"300\" srcset=\"https:\/\/www.radiopiu.net\/wordpress\/wp-content\/uploads\/2019\/07\/d1830d6e-e49c-4a59-b5ec-820b837b9312-225x300.jpg 225w, https:\/\/www.radiopiu.net\/wordpress\/wp-content\/uploads\/2019\/07\/d1830d6e-e49c-4a59-b5ec-820b837b9312-768x1024.jpg 768w, https:\/\/www.radiopiu.net\/wordpress\/wp-content\/uploads\/2019\/07\/d1830d6e-e49c-4a59-b5ec-820b837b9312.jpg 1200w\" sizes=\"auto, (max-width: 225px) 100vw, 225px\" \/><\/a><a class=\"dt-pswp-item\" href=\"http:\/\/www.radiopiu.net\/wordpress\/wp-content\/uploads\/2019\/07\/174142d4-6c2c-4a07-9c15-d82308089c88.jpg\" data-dt-img-description=\"\" data-large_image_width=\"1200\" data-large_image_height=\"1599\"><img loading=\"lazy\" decoding=\"async\" class=\"alignnone size-medium wp-image-90302\" src=\"http:\/\/www.radiopiu.net\/wordpress\/wp-content\/uploads\/2019\/07\/174142d4-6c2c-4a07-9c15-d82308089c88-225x300.jpg\" alt=\"\" width=\"225\" height=\"300\" srcset=\"https:\/\/www.radiopiu.net\/wordpress\/wp-content\/uploads\/2019\/07\/174142d4-6c2c-4a07-9c15-d82308089c88-225x300.jpg 225w, https:\/\/www.radiopiu.net\/wordpress\/wp-content\/uploads\/2019\/07\/174142d4-6c2c-4a07-9c15-d82308089c88-768x1024.jpg 768w, https:\/\/www.radiopiu.net\/wordpress\/wp-content\/uploads\/2019\/07\/174142d4-6c2c-4a07-9c15-d82308089c88.jpg 1200w\" sizes=\"auto, (max-width: 225px) 100vw, 225px\" \/><\/a><a class=\"dt-pswp-item\" href=\"http:\/\/www.radiopiu.net\/wordpress\/wp-content\/uploads\/2019\/07\/0b4af0db-612d-4b9d-91e3-58ebea1c2efc.jpg\" data-dt-img-description=\"\" data-large_image_width=\"1599\" data-large_image_height=\"1200\"><img loading=\"lazy\" decoding=\"async\" class=\"alignnone size-medium wp-image-90301\" src=\"http:\/\/www.radiopiu.net\/wordpress\/wp-content\/uploads\/2019\/07\/0b4af0db-612d-4b9d-91e3-58ebea1c2efc-300x225.jpg\" alt=\"\" width=\"300\" height=\"225\" srcset=\"https:\/\/www.radiopiu.net\/wordpress\/wp-content\/uploads\/2019\/07\/0b4af0db-612d-4b9d-91e3-58ebea1c2efc-300x225.jpg 300w, https:\/\/www.radiopiu.net\/wordpress\/wp-content\/uploads\/2019\/07\/0b4af0db-612d-4b9d-91e3-58ebea1c2efc-768x576.jpg 768w, https:\/\/www.radiopiu.net\/wordpress\/wp-content\/uploads\/2019\/07\/0b4af0db-612d-4b9d-91e3-58ebea1c2efc-1024x768.jpg 1024w, https:\/\/www.radiopiu.net\/wordpress\/wp-content\/uploads\/2019\/07\/0b4af0db-612d-4b9d-91e3-58ebea1c2efc.jpg 1599w\" sizes=\"auto, (max-width: 300px) 100vw, 300px\" \/><\/a><a class=\"dt-pswp-item\" href=\"http:\/\/www.radiopiu.net\/wordpress\/wp-content\/uploads\/2019\/07\/ed2902ab-9836-4461-9014-e568edbdc893.jpg\" data-dt-img-description=\"\" data-large_image_width=\"1599\" data-large_image_height=\"1200\"><img loading=\"lazy\" decoding=\"async\" class=\"alignnone size-medium wp-image-90300\" src=\"http:\/\/www.radiopiu.net\/wordpress\/wp-content\/uploads\/2019\/07\/ed2902ab-9836-4461-9014-e568edbdc893-300x225.jpg\" alt=\"\" width=\"300\" height=\"225\" srcset=\"https:\/\/www.radiopiu.net\/wordpress\/wp-content\/uploads\/2019\/07\/ed2902ab-9836-4461-9014-e568edbdc893-300x225.jpg 300w, https:\/\/www.radiopiu.net\/wordpress\/wp-content\/uploads\/2019\/07\/ed2902ab-9836-4461-9014-e568edbdc893-768x576.jpg 768w, https:\/\/www.radiopiu.net\/wordpress\/wp-content\/uploads\/2019\/07\/ed2902ab-9836-4461-9014-e568edbdc893-1024x768.jpg 1024w, https:\/\/www.radiopiu.net\/wordpress\/wp-content\/uploads\/2019\/07\/ed2902ab-9836-4461-9014-e568edbdc893.jpg 1599w\" sizes=\"auto, (max-width: 300px) 100vw, 300px\" \/><\/a><\/p>\n<p>&nbsp;<\/p>\n<p>&nbsp;<\/p>\n<p>&nbsp;<\/p>\n<p>&nbsp;<\/p>\n<h3>AL VIA LAVORI IN LOCALIT\u00c0 VALCOZZENA IN COMUNE DI AGORDO. L\u2019ASSESSORE BOTTACIN, \u201cALTRI 900.000 EURO PER IL RIPRISTINO DELLE AREE COLPITE DA VAIA\u201d<\/h3>\n<p><a class=\"dt-pswp-item\" href=\"http:\/\/www.radiopiu.net\/wordpress\/wp-content\/uploads\/2019\/07\/intervento-Valcozzena-lungo-Cordevole-2.jpg\" data-dt-img-description=\"\" data-large_image_width=\"1306\" data-large_image_height=\"735\"><img loading=\"lazy\" decoding=\"async\" class=\"size-medium wp-image-90287 alignleft\" src=\"http:\/\/www.radiopiu.net\/wordpress\/wp-content\/uploads\/2019\/07\/intervento-Valcozzena-lungo-Cordevole-2-300x169.jpg\" alt=\"\" width=\"300\" height=\"169\" srcset=\"https:\/\/www.radiopiu.net\/wordpress\/wp-content\/uploads\/2019\/07\/intervento-Valcozzena-lungo-Cordevole-2-300x169.jpg 300w, https:\/\/www.radiopiu.net\/wordpress\/wp-content\/uploads\/2019\/07\/intervento-Valcozzena-lungo-Cordevole-2-768x432.jpg 768w, https:\/\/www.radiopiu.net\/wordpress\/wp-content\/uploads\/2019\/07\/intervento-Valcozzena-lungo-Cordevole-2-1024x576.jpg 1024w, https:\/\/www.radiopiu.net\/wordpress\/wp-content\/uploads\/2019\/07\/intervento-Valcozzena-lungo-Cordevole-2.jpg 1306w\" sizes=\"auto, (max-width: 300px) 100vw, 300px\" \/><\/a><strong>AGORDO\u00a0<\/strong> Consegnati oggi i lavori relativi alla ricostruzione degli argini presenti in destra e in sinistra idrografica del torrente Cordevole in Comune di Agordo. \u201cL\u2019intervento, necessario a seguito dei danni causati nel corso dell&#8217;alluvione dello scorso ottobre e resisi ancor pi\u00f9 evidenti durante le recenti piene del torrente Cordevole, \u2013 specifica l\u2019assessore regionale alla difesa del suolo Gianpaolo Bottacin &#8211; sar\u00e0 realizzato in localit\u00e0 Valcozzena con l\u2019obiettivo di ripristinare le opere di difesa idraulica esistenti che sono state danneggiate o demolite\u201d. In particolare sar\u00e0 realizzata in sponda destra del Cordevole una difesa in massi di pietra naturale, previa ricostruzione del rilevato arginale con materiale arido, ed in sinistra verr\u00e0 riparato il danno al rivestimento di sponda di calcestruzzo e pietrame. Sar\u00e0, inoltre, eseguita una approfondita indagine per verificare lo stato di efficienza delle opere e, successivamente, realizzati gli interventi pi\u00f9 appropriati ed efficaci. Infine verr\u00e0 ripulito l\u2019alveo dalla vegetazione arbustiva che ostacola il libero deflusso delle acque. \u201cL\u2019intervento, per il quale abbiamo messo a disposizione 900.000 euro, sar\u00e0 avviato effettivamente in settimana \u2013 conclude Bottacin &#8211; un cantiere importante, per il quale saranno necessari duecentocinquanta giorni di lavoro, che porter\u00e0, non solo al ripristino dei danni post Vaia, ma anche ad un incremento della sicurezza idraulica del territorio\u201d.<\/p>\n<p>&nbsp;<\/p>\n<p>&nbsp;<\/p>\n<h3>CANI MORSICATORI, SI MOLTIPLICANO GLI EPISODI. RICHIESTA A CHI DEVE VIGILARE DI FARLO, GUINZAGLI E MUSERUOLA NON SONO IN OPTIONAL<\/h3>\n<p><strong>di Iliana Comina<\/strong><\/p>\n<audio class=\"wp-audio-shortcode\" id=\"audio-90296-2\" preload=\"none\" style=\"width: 100%;\" controls=\"controls\"><source type=\"audio\/mpeg\" src=\"http:\/\/www.radiopiu.net\/wordpress\/wp-content\/uploads\/2019\/07\/caniliberi.mp3?_=2\" \/><a href=\"http:\/\/www.radiopiu.net\/wordpress\/wp-content\/uploads\/2019\/07\/caniliberi.mp3\">http:\/\/www.radiopiu.net\/wordpress\/wp-content\/uploads\/2019\/07\/caniliberi.mp3<\/a><\/audio>\n<h3><\/h3>\n<p>&nbsp;<\/p>\n<p>&nbsp;<\/p>\n<h3>L&#8217;ULTIMA VARIAZIONE AL BILANCIO IN UNIONE MONTANA AGORDINA CHE PERMETTE DI ATTIVARE GLI OPERAI SUL TERRITORIO<\/h3>\n<p><strong>AGORDO<\/strong> Ultimo consiglio di Fabio Luchetta, per questo la variazione di bilancio \u00e8 poca cosa (sugli 80 mila euro) come ha spiegato il presidente uscente. Comunque una variazione che ha la sua importanza perch\u00e9 permette di attivare le squadre di operai dell&#8217;Unione Montana su tutti i Comuni dove le problematiche da risolvere non sono poche anche a causa delle conseguenze di Vaia.<\/p>\n<audio class=\"wp-audio-shortcode\" id=\"audio-90296-3\" preload=\"none\" style=\"width: 100%;\" controls=\"controls\"><source type=\"audio\/mpeg\" src=\"http:\/\/www.radiopiu.net\/wordpress\/wp-content\/uploads\/2019\/07\/FABIO-VARIAZIONE.mp3?_=3\" \/><a href=\"http:\/\/www.radiopiu.net\/wordpress\/wp-content\/uploads\/2019\/07\/FABIO-VARIAZIONE.mp3\">http:\/\/www.radiopiu.net\/wordpress\/wp-content\/uploads\/2019\/07\/FABIO-VARIAZIONE.mp3<\/a><\/audio>\n<h3><\/h3>\n<p>&nbsp;<\/p>\n<h3>IL SALUTO DEL PRESIDENTE FABIO LUCHETTA<\/h3>\n<p><strong>AGORDO<\/strong> Ultimo consiglio per il presidente Fabio Luchetta, l&#8217;Unione Montana non ha una Giunta, Degli assessori in consiglio rimane solo Fernando Soccol poich\u00e9 Siro De Biasio e Stefano Tom\u00e8 non si sono candidati a fine maggio. Vi proponiamo l&#8217;intervento di commiato del sindaco di Vallada Fabio Luchetta.<\/p>\n<audio class=\"wp-audio-shortcode\" id=\"audio-90296-4\" preload=\"none\" style=\"width: 100%;\" controls=\"controls\"><source type=\"audio\/mpeg\" src=\"http:\/\/www.radiopiu.net\/wordpress\/wp-content\/uploads\/2019\/07\/IL-SALUTO-DI-FABIO.mp3?_=4\" \/><a href=\"http:\/\/www.radiopiu.net\/wordpress\/wp-content\/uploads\/2019\/07\/IL-SALUTO-DI-FABIO.mp3\">http:\/\/www.radiopiu.net\/wordpress\/wp-content\/uploads\/2019\/07\/IL-SALUTO-DI-FABIO.mp3<\/a><\/audio>\n<p>&nbsp;<\/p>\n<p>&nbsp;<\/p>\n<p>&nbsp;<\/p>\n<p align=\"JUSTIFY\"><span style=\"font-size: medium;\"><b>OCCUPAZIONE: DONAZZAN, \u201cIN VENETO NUMERI INCORAGGIANTI, MA <\/b><b>COSTI TROPPO ALTI PER LE IMPRESE E RIDOTTO MARGINE DI GUADAGNO INDEBOLISCONO IL SISTEMA\u201d<\/b><\/span><\/p>\n<p align=\"JUSTIFY\"><strong><span style=\"font-size: medium;\">VENEZIA\u00a0 <\/span><\/strong>I dati ISTAT sull\u2019occupazione in Veneto relativi al primo trimestre 2019 fotografano 2.165.000 occupati, un numero in aumento rispetto ai 2.116.000 del quarto trimestre 2018 e ai 2.138.000 del corrispondente primo trimestre 2018. \u201cIl tasso di occupazione in Veneto arriva a toccare il 67,5% in Veneto, la pi\u00f9 alta percentuale di sempre, quasi nove punti in pi\u00f9 rispetto alla media nazionale del primo trimestre 2019 pari a 58,2%\u201d, sottolinea con soddisfazione l\u2019assessore al lavoro della Regione Veneto, Elena Donazzan. Aumenta il tasso di occupazione femminile, che in Veneto per la prima volta supera la soglia del 59 % (a fronte del 49,6% della media nazionale) e scende al 6,2% il tasso di disoccupazione, in calo dello 0,8% rispetto al primo trimestre 2018 e di cinque punti inferiore all\u201911,1 % della media nazionale. Per l\u2019assessore Donazzan \u201ci dati diffusi oggi da ISTAT sono incoraggianti, in particolare per il Veneto. <span style=\"font-family: AppleSystemUIFont, Times New Roman, serif;\">Stiamo approfondendo il quadro regionale, anche per comprendere se l\u2019aumento degli occupati abbia in un qualche modo dei riflessi dal punto di vista qualitativo su contratti e salari<\/span><span style=\"font-family: AppleSystemUIFont, Times New Roman, serif;\">\u201d.<\/span><\/p>\n<p>&nbsp;<\/p>\n<p>&nbsp;<\/p>\n<h2>Animali squartati e armi. Il CABS: ancora numerosi gli atti di bracconaggio<\/h2>\n<blockquote>\n<h6><em><strong>IL CABS \u00c8 UN&#8217;ASSOCIAZIONE DI VOLONTARI CON SEDE A BONN SPECIALIZZATA NELL&#8217;ANTIBRACCONAGGIO <\/strong><strong>E&#8217; ATTIVA IN ITALIA CON NUMEROSI NUCLEI, OLTRE CHE A MALTA, FRANCIA, GERMANIA, SPAGNA, CIPRO E LIBANO<\/strong><\/em><\/h6>\n<\/blockquote>\n<p><strong><a class=\"dt-pswp-item\" href=\"http:\/\/www.radiopiu.net\/wordpress\/wp-content\/uploads\/2019\/06\/547df64e-18d6-443a-8871-b499a298ea17.jpg\" data-dt-img-description=\"\" data-large_image_width=\"1280\" data-large_image_height=\"852\"><img loading=\"lazy\" decoding=\"async\" class=\"size-medium wp-image-90067 alignleft\" src=\"http:\/\/www.radiopiu.net\/wordpress\/wp-content\/uploads\/2019\/06\/547df64e-18d6-443a-8871-b499a298ea17-300x200.jpg\" alt=\"\" width=\"300\" height=\"200\" srcset=\"https:\/\/www.radiopiu.net\/wordpress\/wp-content\/uploads\/2019\/06\/547df64e-18d6-443a-8871-b499a298ea17-300x200.jpg 300w, https:\/\/www.radiopiu.net\/wordpress\/wp-content\/uploads\/2019\/06\/547df64e-18d6-443a-8871-b499a298ea17-768x511.jpg 768w, https:\/\/www.radiopiu.net\/wordpress\/wp-content\/uploads\/2019\/06\/547df64e-18d6-443a-8871-b499a298ea17-1024x682.jpg 1024w, https:\/\/www.radiopiu.net\/wordpress\/wp-content\/uploads\/2019\/06\/547df64e-18d6-443a-8871-b499a298ea17.jpg 1280w\" sizes=\"auto, (max-width: 300px) 100vw, 300px\" \/><\/a>FELTRE<\/strong> Un&#8217;attivit\u00e0 della Polizia Provinciale e dei Carabinieri che ha infine portato all&#8217;individuazione di un uomo che, lo scorso 10 giungo \u00e8 sfuggito ad un controllo di polizia. I fatti si sono inizialmente svolti nel comprensorio di Celarda, nei pressi di Feltre, e avevano portato al ritrovamento di sessanta chili di carne di cervo e caprioli squartati. Ora i nuovi sviluppi con la denuncia di un uomo. In suo possesso\u00a0 un fucile modificato, munizioni ed un silenziatore. \u201c<em>Il comprensorio di Feltre non \u00e8 nuovo a simili episodi<\/em> &#8211; ha riferito il CABS, l&#8217;associazione di volontari esperti in antibracconaggio &#8211; <em>Un fatto preoccupante che va giudicato anche alla luce dell&#8217;esiguit\u00e0 delle pene previste dal nostro ordinamento in materia venatoria&#8221;. <\/em>Il CABS sottolinea come in tema di armi non regolari i provvedimenti siano abbastanza restrittivi. Lo stesso non pu\u00f2 dirsi per i reati tipicamente venatori, quali l&#8217;uccisione di specie protette o l&#8217;attivit\u00e0 di caccia in aree di divieto. &#8220;<em>Il nostro ringraziamento <\/em>&#8211; ha aggiunto il CABS &#8211; <em>va alla Polizia Provinciale e ai Carabinieri. L&#8217;invito \u00e8 quello di non demordere con i controlli mentre da parte del mondo politico dovrebbe esservi un vero e proprio input al fine di potere legiferare in maniera pi\u00f9 incisiva nei confronti del bracconaggio<\/em>&#8220;. A quanto sembra nella casa dell&#8217;uomo ora denunciato sarebbero stati trovati resti di animali selvatici. &#8220;Qualche dubbio &#8211; ha concluso il CABS &#8211; sulla destinazione di tali animali non pu\u00f2 non porsi. Speriamo che gli investigatori facciano anche su questo piena chiarezza&#8221;.<\/p>\n<p>&nbsp;<\/p>\n<p>&nbsp;<\/p>\n<p>&nbsp;<\/p>\n<h2>IL DL CRESCITA SBLOCCA I CERTIFICATI BIANCHI PER LE BIOMASSE. UNCEM CON AIEL: NUOVE REGOLE PER IL SETTORE CHE PIANIFICA IL FUTURO<\/h2>\n<p><a class=\"dt-pswp-item\" href=\"http:\/\/www.radiopiu.net\/wordpress\/wp-content\/uploads\/2018\/12\/argentera_ferrere-3.jpg\" data-dt-img-description=\"\" data-large_image_width=\"865\" data-large_image_height=\"330\"><img loading=\"lazy\" decoding=\"async\" class=\"alignnone wp-image-71005 size-full\" src=\"http:\/\/www.radiopiu.net\/wordpress\/wp-content\/uploads\/2018\/12\/argentera_ferrere-3.jpg\" alt=\"\" width=\"865\" height=\"330\" srcset=\"https:\/\/www.radiopiu.net\/wordpress\/wp-content\/uploads\/2018\/12\/argentera_ferrere-3.jpg 865w, https:\/\/www.radiopiu.net\/wordpress\/wp-content\/uploads\/2018\/12\/argentera_ferrere-3-300x114.jpg 300w, https:\/\/www.radiopiu.net\/wordpress\/wp-content\/uploads\/2018\/12\/argentera_ferrere-3-768x293.jpg 768w\" sizes=\"auto, (max-width: 865px) 100vw, 865px\" \/><\/a><\/p>\n<p>Il DL Crescita introduce <strong>nuove possibilit\u00e0 di utilizzo dei &#8220;Certificati bianchi&#8221;<\/strong>, confermando in modo definitivo che <strong>il meccanismo incentivante per la produzione di energia termica da fonti rinnovabili si estende anche alle biomasse<\/strong>. Da oggi, si aprono nuove prospettive per la filiera legno-energia, che da anni era in attesa di indicazioni indispensabili per pianificare il suo modello di business e i relativi investimenti.\u00a0 Uncem si unisce alla soddisfazione Aiel, l&#8217;Associazione italiana energie agroforestali, che da tempo era in prima linea per sbloccare il meccanismo dei Certificati bianchi per le biomasse, rimasto di fatto inapplicato a causa di difficolt\u00e0 interpretative. Il DL Crescita ridefinisce il meccanismo dei Certificati riconoscendo un incentivo equilibrato oltre che per l&#8217;incremento di efficienza anche per la sostituzione dei vettori fossili per le termiche rinnovabili: biomasse legnose, solare termico, bioliquidi e biogas. Questa misura <strong>sblocca finalmente molti investimenti virtuosi per la realizzazione di impianti di produzione di energia termica da biomasse<\/strong> soprattutto nel settore industriale, ovvero nei processi produttivi, per i quali mancava un meccanismo incentivante (il Conto Termico incentiva infatti solo la climatizzazione). La misura sostiene finanziamenti orientati all&#8217;efficientamento energetico, favorendo il turn-over tecnologico e la sostituzione dei vettori fossili, gasolio e olio combustibile in primis. Consentir\u00e0 di incrementare la produzione di termica rinnovabile con impianti estremamente performanti, in quanto la scala industriale consente l&#8217;applicazione di soluzioni tecnologiche avanzate. Secondo le stime Aiel il meccanismo, nei prossimi cinque anni, potrebbe portare alla <strong>realizzazione di 1.600 impianti, investimenti per oltre 1,5 miliardi di euro<\/strong>, nei settori agroindustriali e industriali, nel teleriscaldamento, nel settore alberghiero e nel settore delle serre. Con un risparmio potenziale di circa mezzo milione di tonnellate equivalenti di petrolio.<\/p>\n<p>&nbsp;<\/p>\n<p>&nbsp;<\/p>\n<p>&nbsp;<\/p>\n<h2><a class=\"dt-pswp-item\" href=\"http:\/\/www.radiopiu.net\/wordpress\/wp-content\/uploads\/2019\/07\/SSSS.jpg\" data-dt-img-description=\"\" data-large_image_width=\"1024\" data-large_image_height=\"576\"><img loading=\"lazy\" decoding=\"async\" class=\"size-medium wp-image-90327 alignleft\" src=\"http:\/\/www.radiopiu.net\/wordpress\/wp-content\/uploads\/2019\/07\/SSSS-300x169.jpg\" alt=\"\" width=\"300\" height=\"169\" srcset=\"https:\/\/www.radiopiu.net\/wordpress\/wp-content\/uploads\/2019\/07\/SSSS-300x169.jpg 300w, https:\/\/www.radiopiu.net\/wordpress\/wp-content\/uploads\/2019\/07\/SSSS-768x432.jpg 768w, https:\/\/www.radiopiu.net\/wordpress\/wp-content\/uploads\/2019\/07\/SSSS.jpg 1024w\" sizes=\"auto, (max-width: 300px) 100vw, 300px\" \/><\/a><\/h2>\n<h2><\/h2>\n<h2>LUNGO IL PIAVE IL MARE DEI BELLUNESI.IL COMUNE AL LAVORO PER IL RIPRISTINO DI LAMBIOI BEACH<\/h2>\n<p><strong>DI DAMIANO TORMEN<\/strong><\/p>\n<audio class=\"wp-audio-shortcode\" id=\"audio-90296-5\" preload=\"none\" style=\"width: 100%;\" controls=\"controls\"><source type=\"audio\/mpeg\" src=\"http:\/\/www.radiopiu.net\/wordpress\/wp-content\/uploads\/2019\/07\/DAMIANO-PIAVE.mp3?_=5\" \/><a href=\"http:\/\/www.radiopiu.net\/wordpress\/wp-content\/uploads\/2019\/07\/DAMIANO-PIAVE.mp3\">http:\/\/www.radiopiu.net\/wordpress\/wp-content\/uploads\/2019\/07\/DAMIANO-PIAVE.mp3<\/a><\/audio>\n<p>&nbsp;<\/p>\n<p>&nbsp;<\/p>\n<h3>EMOZIONI AD OCCHI CHIUSI NEL BELLUNESE<\/h3>\n<p><strong>audio Claudia Cattadori<\/strong><\/p>\n<audio class=\"wp-audio-shortcode\" id=\"audio-90296-6\" preload=\"none\" style=\"width: 100%;\" controls=\"controls\"><source type=\"audio\/mpeg\" src=\"http:\/\/www.radiopiu.net\/wordpress\/wp-content\/uploads\/2019\/07\/CLAUDIA.mp3?_=6\" \/><a href=\"http:\/\/www.radiopiu.net\/wordpress\/wp-content\/uploads\/2019\/07\/CLAUDIA.mp3\">http:\/\/www.radiopiu.net\/wordpress\/wp-content\/uploads\/2019\/07\/CLAUDIA.mp3<\/a><\/audio>\n<p>&nbsp;<\/p>\n<p style=\"text-align: left;\"><strong>FALCADE<\/strong> Si \u00e8 svolta anche quest&#8217;anno la tradizionale settimana verde che da quasi vent&#8217;anni l&#8217;Associazione Disabili Visivi Onlus organizza nel territorio delle Dolomiti bellunesi con i propri soci non vedenti e ipovedenti. Quest&#8217;anno il gruppo era composto da 33 tra ipovedenti e non vedenti, che facendo base a Falcade, si \u00e8 cimentato in escursioni su sentieri tra i pi\u00f9 belli delle Dolomiti bellunesi che da 10 anni sono considerate patrimonio UNESCO nell&#8217;umanit\u00e0.\u00a0 Come ogni anno il gruppo ha potuto contare sull&#8217;assistenza e la collaborazione del gruppo Carabinieri Forestali provenienti da diversi comandi del Vene<a class=\"dt-pswp-item\" href=\"http:\/\/www.radiopiu.net\/wordpress\/wp-content\/uploads\/2019\/07\/Non-vedenti-e-Guide-18a-Settimana-verde.jpg\" data-dt-img-description=\"\" data-large_image_width=\"3768\" data-large_image_height=\"2443\"><img loading=\"lazy\" decoding=\"async\" class=\"wp-image-90274 alignleft\" src=\"http:\/\/www.radiopiu.net\/wordpress\/wp-content\/uploads\/2019\/07\/Non-vedenti-e-Guide-18a-Settimana-verde-1024x664.jpg\" alt=\"\" width=\"344\" height=\"223\" srcset=\"https:\/\/www.radiopiu.net\/wordpress\/wp-content\/uploads\/2019\/07\/Non-vedenti-e-Guide-18a-Settimana-verde-1024x664.jpg 1024w, https:\/\/www.radiopiu.net\/wordpress\/wp-content\/uploads\/2019\/07\/Non-vedenti-e-Guide-18a-Settimana-verde-300x195.jpg 300w, https:\/\/www.radiopiu.net\/wordpress\/wp-content\/uploads\/2019\/07\/Non-vedenti-e-Guide-18a-Settimana-verde-768x498.jpg 768w\" sizes=\"auto, (max-width: 344px) 100vw, 344px\" \/><\/a>to, coordinati dal brigadiere Alessandro Savi, sui mezzi e personale messo a disposizione dai Vigili del Fuoco di Belluno e sul supporto scientifico della geologa del CNR Barbara Aldighieri che, insieme alla coordinatrice della ADV Laura nardone, hanno fatto s\u00ec che la settimana si potesse svolgere nelle migliori condizioni possibili. Anche il tempo ha fatto la sua parte regalando giornate di sole pieno, un po&#8217; calde, ma che hanno reso indimenticabili le camminate sugli alpeggi tra i boschi nelle malghe e nei rifugi in quota. L&#8217;organizzazione delle attivit\u00e0 ha risentito della particolare situazione creata dall&#8217; evento eccezionale che nello scorso autunno ha colpito queste zone cio\u00e8 la tempesta Vaia che ha causato danni enormi al patrimonio boschivo abbattendo migliaia di alberi, anche di grande pregio, causando l&#8217;esondazione di numerosi torrenti. Questo ha creato problemi non indifferenti a tutta la viabilit\u00e0 sentieristica e alle strade normalmente attraversate durante le escursioni. Nonostante ci\u00f2 grazie alla bravura e <a class=\"dt-pswp-item\" href=\"http:\/\/www.radiopiu.net\/wordpress\/wp-content\/uploads\/2019\/07\/IMG_20190627_152837.jpg\" data-dt-img-description=\"\" data-large_image_width=\"895\" data-large_image_height=\"1079\"><img loading=\"lazy\" decoding=\"async\" class=\" wp-image-90278 alignleft\" src=\"http:\/\/www.radiopiu.net\/wordpress\/wp-content\/uploads\/2019\/07\/IMG_20190627_152837-249x300.jpg\" alt=\"\" width=\"172\" height=\"207\" srcset=\"https:\/\/www.radiopiu.net\/wordpress\/wp-content\/uploads\/2019\/07\/IMG_20190627_152837-249x300.jpg 249w, https:\/\/www.radiopiu.net\/wordpress\/wp-content\/uploads\/2019\/07\/IMG_20190627_152837-768x926.jpg 768w, https:\/\/www.radiopiu.net\/wordpress\/wp-content\/uploads\/2019\/07\/IMG_20190627_152837-849x1024.jpg 849w, https:\/\/www.radiopiu.net\/wordpress\/wp-content\/uploads\/2019\/07\/IMG_20190627_152837.jpg 895w\" sizes=\"auto, (max-width: 172px) 100vw, 172px\" \/><\/a>all&#8217;impegno dei carabinieri forestali e dei vigili del fuoco si \u00e8 riusciti comunque a organizzare escursioni di elevato interesse naturalistico. Si \u00e8 partiti come d&#8217;abitudine con una piacevole competizione di orienteering per non vedenti nella zona di Vallada agordina, dove l&#8217;intera comunit\u00e0 delle frazioni\u00a0 \u00e8 stata coinvolta nell&#8217;organizzazione delle attivit\u00e0 sotto la guida di Carlo Pilat, campione di orienteering del gruppo carabinieri forestali,\u00a0 durante la quale le squadre formate da tre o quattro tra non vedenti e ipovedenti e assistiti da una o pi\u00f9 guide si sono cimentate in prove di orientamento e di abilit\u00e0 basate sui sensi alternativi alla vista, come ad esempio il riconoscimento tattile di forme e materiali, il riconoscimento di piante aromatiche attraverso l&#8217;olfatto oppure le prove pi\u00f9 gradite, cio\u00e8 la <a class=\"dt-pswp-item\" href=\"http:\/\/www.radiopiu.net\/wordpress\/wp-content\/uploads\/2019\/07\/I-carabinieri-forestali-aiutano-i-non-vedenti-a-salire-sul-pulman-messo-a-disposizione-dai-Vigili-del-Fuoco-di-Belluno.jpg\" data-dt-img-description=\"\" data-large_image_width=\"4000\" data-large_image_height=\"3000\"><img loading=\"lazy\" decoding=\"async\" class=\"size-medium wp-image-90277 alignright\" src=\"http:\/\/www.radiopiu.net\/wordpress\/wp-content\/uploads\/2019\/07\/I-carabinieri-forestali-aiutano-i-non-vedenti-a-salire-sul-pulman-messo-a-disposizione-dai-Vigili-del-Fuoco-di-Belluno-300x225.jpg\" alt=\"\" width=\"300\" height=\"225\" srcset=\"https:\/\/www.radiopiu.net\/wordpress\/wp-content\/uploads\/2019\/07\/I-carabinieri-forestali-aiutano-i-non-vedenti-a-salire-sul-pulman-messo-a-disposizione-dai-Vigili-del-Fuoco-di-Belluno-300x225.jpg 300w, https:\/\/www.radiopiu.net\/wordpress\/wp-content\/uploads\/2019\/07\/I-carabinieri-forestali-aiutano-i-non-vedenti-a-salire-sul-pulman-messo-a-disposizione-dai-Vigili-del-Fuoco-di-Belluno-768x576.jpg 768w, https:\/\/www.radiopiu.net\/wordpress\/wp-content\/uploads\/2019\/07\/I-carabinieri-forestali-aiutano-i-non-vedenti-a-salire-sul-pulman-messo-a-disposizione-dai-Vigili-del-Fuoco-di-Belluno-1024x768.jpg 1024w\" sizes=\"auto, (max-width: 300px) 100vw, 300px\" \/><\/a>degustazione di formaggi e Mieli cercando di individuarne la composizione. Il tutto \u00e8 terminato al vivaio di Vallada agordina dove gli alpini hanno accolto i partecipanti con un pranzo a base di polenta carne e verdure grigliate. Questa gara di Vallada, ormai alla sua nona edizione, \u00e8 l\u2019unica attivit\u00e0 di orienteering per non vedenti in Italia.\u00a0Nei giorni successive, il gruppo ha affrontato escursioni sia in fondovalle che verso i rifugi in quota tra i quali ad esempio il rifugio Selle sull&#8217;omonimo passo che con i suoi 2530 metri \u00e8 stata la cima Coppi di questa settimana di escursioni. Inoltre una parte del gruppo ha potuto sperimentare la possibilit\u00e0 di dormire in rifugio e precisamente a rifugio Taramelli in Val di Fassa per poi riunirsi al resto del gruppo il giorno successivo e salire <a class=\"dt-pswp-item\" href=\"http:\/\/www.radiopiu.net\/wordpress\/wp-content\/uploads\/2019\/07\/I-cani-guida-e-i-non-vedenti-trovano-refrigerio-nelle-acque-gelide-del-Lago-del-rifugio-Selle.jpg\" data-dt-img-description=\"\" data-large_image_width=\"3318\" data-large_image_height=\"1274\"><img loading=\"lazy\" decoding=\"async\" class=\"size-medium wp-image-90276 alignleft\" src=\"http:\/\/www.radiopiu.net\/wordpress\/wp-content\/uploads\/2019\/07\/I-cani-guida-e-i-non-vedenti-trovano-refrigerio-nelle-acque-gelide-del-Lago-del-rifugio-Selle-300x115.jpg\" alt=\"\" width=\"300\" height=\"115\" srcset=\"https:\/\/www.radiopiu.net\/wordpress\/wp-content\/uploads\/2019\/07\/I-cani-guida-e-i-non-vedenti-trovano-refrigerio-nelle-acque-gelide-del-Lago-del-rifugio-Selle-300x115.jpg 300w, https:\/\/www.radiopiu.net\/wordpress\/wp-content\/uploads\/2019\/07\/I-cani-guida-e-i-non-vedenti-trovano-refrigerio-nelle-acque-gelide-del-Lago-del-rifugio-Selle-768x295.jpg 768w, https:\/\/www.radiopiu.net\/wordpress\/wp-content\/uploads\/2019\/07\/I-cani-guida-e-i-non-vedenti-trovano-refrigerio-nelle-acque-gelide-del-Lago-del-rifugio-Selle-1024x393.jpg 1024w\" sizes=\"auto, (max-width: 300px) 100vw, 300px\" \/><\/a>insieme al rifugio Vallaccia sotto cima undici nel gruppo dei Monzoni. Non \u00e8 mancato anche un piacevole intermezzo in pianura con la discesa in rafting di un tratto di 8 km del fiume Brenta nei pressi di Bassano del grappa. Nella stessa giornata si \u00e8 fatta una visita guidata alla tagliata delle Fontanelle parte di una sistema di fortificazioni militari progettate e realizzate tra la fine dell&#8217;800 e i primi anni del 900, e ad una delle pi\u00f9 <a class=\"dt-pswp-item\" href=\"http:\/\/www.radiopiu.net\/wordpress\/wp-content\/uploads\/2019\/07\/non-vedenti-sul-nevaio.jpg\" data-dt-img-description=\"\" data-large_image_width=\"2458\" data-large_image_height=\"2365\"><img loading=\"lazy\" decoding=\"async\" class=\"size-medium wp-image-90275 alignright\" src=\"http:\/\/www.radiopiu.net\/wordpress\/wp-content\/uploads\/2019\/07\/non-vedenti-sul-nevaio-300x289.jpg\" alt=\"\" width=\"300\" height=\"289\" srcset=\"https:\/\/www.radiopiu.net\/wordpress\/wp-content\/uploads\/2019\/07\/non-vedenti-sul-nevaio-300x289.jpg 300w, https:\/\/www.radiopiu.net\/wordpress\/wp-content\/uploads\/2019\/07\/non-vedenti-sul-nevaio-768x739.jpg 768w, https:\/\/www.radiopiu.net\/wordpress\/wp-content\/uploads\/2019\/07\/non-vedenti-sul-nevaio-1024x985.jpg 1024w\" sizes=\"auto, (max-width: 300px) 100vw, 300px\" \/><\/a>belle ville Venete in stile palladiano la villa Rezzonico.La settimana si \u00e8 chiusa con un appuntamento conviviale presso l&#8217;hotel Cristal di Falcade che ha riunito insieme non vedenti ipovedenti accompagnatori guide e volontari che hanno contribuito alla riuscito delle attivit\u00e0. Con l&#8217;occasione, a testimonianza della vicinanza del gruppo Carabinieri forestali alla iniziativa in oggetto, si sono uniti al convivio anche il Colonnello Zanetti responsabile del Gruppo Carabinieri Forestali di Belluno e il Colonnello Di Cosmo responsabile dell&#8217;ufficio della Biodiversit\u00e0 di Vittorio Veneto, che hanno espresso il\u00a0 loro auspicio per il proseguimento della collaborazione oramai consolidatasi\u00a0 nel corso degli anni.\u00a0Tutti i partecipanti, ognuno con il suo passo, hanno concluso le escursioni programmate in uno spirito di collaborazione e di reciproco aiuto, con uno scambio alla pari di abilit\u00e0 diverse.<\/p>\n<h2>ARTICOLO PRECEDENTE 28 GIUGNO<\/h2>\n<blockquote class=\"wp-embedded-content\" data-secret=\"FZuwEjYAGF\"><p><a href=\"http:\/\/www.radiopiu.net\/wordpress\/i-ragazzi-di-attivamente-agordino-guidano-i-non-vedenti-tra-le-montagne-della-valle-del-biois\/\">I RAGAZZI DI ATTIVAMENTE AGORDINO GUIDANO I NON VEDENTI TRA LE MONTAGNE DELLA VALLE DEL BIOIS<\/a><\/p><\/blockquote>\n<p><iframe loading=\"lazy\" class=\"wp-embedded-content\" sandbox=\"allow-scripts\" security=\"restricted\" style=\"position: absolute; clip: rect(1px, 1px, 1px, 1px);\" src=\"http:\/\/www.radiopiu.net\/wordpress\/i-ragazzi-di-attivamente-agordino-guidano-i-non-vedenti-tra-le-montagne-della-valle-del-biois\/embed\/#?secret=FZuwEjYAGF\" data-secret=\"FZuwEjYAGF\" width=\"600\" height=\"338\" title=\"&#8220;I RAGAZZI DI ATTIVAMENTE AGORDINO GUIDANO I NON VEDENTI TRA LE MONTAGNE DELLA VALLE DEL BIOIS&#8221; &#8212; Radio Pi\u00f9\" frameborder=\"0\" marginwidth=\"0\" marginheight=\"0\" scrolling=\"no\"><\/iframe><\/p>\n<p>&nbsp;<\/p>\n<p>&nbsp;<\/p>\n<p>&nbsp;<\/p>\n<h2>TORNANO A LONGARONE MARCO VALLETTA E \u201cIL GELATO IN FESTA\u201d<\/h2>\n<p><strong><a class=\"dt-pswp-item\" href=\"http:\/\/www.radiopiu.net\/wordpress\/wp-content\/uploads\/2019\/07\/20190701-Presentazione-Gelato-in-Festa-e-Woman-2019.jpg\" data-dt-img-description=\"\" data-large_image_width=\"2500\" data-large_image_height=\"1204\"><img loading=\"lazy\" decoding=\"async\" class=\"alignnone wp-image-90347 size-large\" src=\"http:\/\/www.radiopiu.net\/wordpress\/wp-content\/uploads\/2019\/07\/20190701-Presentazione-Gelato-in-Festa-e-Woman-2019-1024x493.jpg\" alt=\"\" width=\"1024\" height=\"493\" srcset=\"https:\/\/www.radiopiu.net\/wordpress\/wp-content\/uploads\/2019\/07\/20190701-Presentazione-Gelato-in-Festa-e-Woman-2019-1024x493.jpg 1024w, https:\/\/www.radiopiu.net\/wordpress\/wp-content\/uploads\/2019\/07\/20190701-Presentazione-Gelato-in-Festa-e-Woman-2019-300x144.jpg 300w, https:\/\/www.radiopiu.net\/wordpress\/wp-content\/uploads\/2019\/07\/20190701-Presentazione-Gelato-in-Festa-e-Woman-2019-768x370.jpg 768w\" sizes=\"auto, (max-width: 1024px) 100vw, 1024px\" \/><\/a>LONGARONE<\/strong>\u00a0 Dallo show cooking con Marco Valletta, il cuoco di Casa Alice, all\u2019intaglio di frutta con il Maestro Matteo Zanette, fino alla presenza di ben quattordici gelaterie, per una straordinaria undicesima edizione de \u201cIl Gelato in Festa\u201d.\u00a0 Torna immancabile con la prima domenica di luglio l\u2019undicesima edizione de \u201cIl Gelato in Festa\u201d, l\u2019ormai tradizionale manifestazione organizzata dalla Pro Loco di Longarone, a testimonianza di come questo Comune rappresenti davvero \u201cla citt\u00e0 del gelato\u201d. E nel segno della crescita ha voluta fare le cose veramente in grande, facendone ancor pi\u00f9 l\u2019evento principale dell\u2019estate longaronese e promuovendo ancor pi\u00f9 il gelato artigianale, prodotto tipico di queste Terre dei Gelatieri zoldani e cadorini: presenti i Maestri per le dimostrazioni con i macchinari antichi e la straordinaria magia della miscela eutettica di sale e ghiaccio. Longarone \u00e8 pronta quindi a diventare, con questo evento che si svolge lungo le vie e le piazze della citt\u00e0, una vera e propria gelateria a cielo aperto, con vari laboratori di produzione del dolce freddo e numerosi punti di distribuzione, anche per chi soffre di intolleranze con un punto interamente dedicato al gelato senza glutine. E per i curiosi che vogliono saperne di pi\u00f9, ci sar\u00e0 l\u2019esposizione di una mostra itinerante che racconter\u00e0 la storia della gelateria e della MIG \u2013 la Mostra Internazionale del Gelato Artigianale che proprio qui vide la sua nascita nel lontano 1959. Si raddoppia inoltre in questa imperdibile edizione de \u201cIl Gelato in Festa\u201d, con un ricco programma anche sabato 6 luglio, dedicato al gelato gastronomico e non solo, dove a partire dalle 19.30 nel Centro Culturale, completamente riorganizzato per l\u2019occasione, si terr\u00e0 una eccezionale sessione di show cooking con Marco Valletta, il noto chef di Casa Alice, che ci far\u00e0 scoprire le buone pratiche nella realizzazione di fantastiche ricette, con i migliori suggerimenti in merito a tecniche e procedure, per trasformarle in idee gastronomiche uniche. Mentre domenica 7 luglio, a partire dalle ore 10.00, oltre alla degustazione dei gusti proposti dalle quattordici gelaterie che hanno aderito da subito all\u2019iniziativa e che rappresentano i veri protagonisti della manifestazione, Longarone sar\u00e0 animata da un susseguirsi di iniziative, con la presenza del Maestro intagliatore, Matteo Zanette, con la scuola per intaglio su frutta a partecipazione libera, e per tutto il giorno laboratori ludico-ricreativi per bimbi con il Gruppo Artisti Longaronesi, animazione e intrattenimento con artisti di strada, la decorazione dell\u2019intera facciata di un palazzo con un disegno, a tema gelato naturalmente, realizzato dalla scuola secondaria, e visto il grande successo degli ultimi anni, un mercatino artigianale, un\u2019esposizione hobbistica e un mercatino di prodotti bio e a km0. Inoltre i visitatori, con i ticket degustazione di domenica, non solo riceveranno un ulteriore buono di degustazione presso una delle gelaterie partecipanti, ma sosterranno con parte del ricavato il Fondo Welfare della Provincia di Belluno per aiutare le popolazioni colpite da \u201cVaia\u201d.<\/p>\n<blockquote><p><em>LE GELATERIE BELLUNESI OSPITATE \u2013 Longarone: Gelateria PERIN, Gelateria GELATO 2.0. Ponte nelle Alpi: GELATIAMO, DOLOMI&#8217;, DANTE. Valle di Cadore: Gelateria PIA. Santa Giustina: Gelateria VOGLIA DI GELATO. Mas di Sedico: Gelateria IGLOO. Puos d&#8217;Alpago: PAUSA GELATO. Trichiana: GELATRI&#8217;. Limana: Gelateria DA FIORINDO. Feltre: Gelateria GIMMY. Belluno: LA SORBETTIERA. SPECIAL GUEST \u2013 Caorle: LA CASA DEL GELATO.<\/em><\/p><\/blockquote>\n<p>&nbsp;<\/p>\n<p>&nbsp;<\/p>\n<p>&nbsp;<\/p>\n<h3><strong>Keralpen, l&#8217;azienda di Trichiana che produce stufe tirolesi, raggiunge la certificazione quattro stelle per l&#8217;efficienza energetica\u00a0 <\/strong><\/h3>\n<p><strong><a class=\"dt-pswp-item\" href=\"http:\/\/www.radiopiu.net\/wordpress\/wp-content\/uploads\/2019\/07\/sufa-vanfretti.jpg\" data-dt-img-description=\"\" data-large_image_width=\"4032\" data-large_image_height=\"3024\"><img loading=\"lazy\" decoding=\"async\" class=\"size-medium wp-image-90308 alignleft\" src=\"http:\/\/www.radiopiu.net\/wordpress\/wp-content\/uploads\/2019\/07\/sufa-vanfretti-300x225.jpg\" alt=\"\" width=\"300\" height=\"225\" srcset=\"https:\/\/www.radiopiu.net\/wordpress\/wp-content\/uploads\/2019\/07\/sufa-vanfretti-300x225.jpg 300w, https:\/\/www.radiopiu.net\/wordpress\/wp-content\/uploads\/2019\/07\/sufa-vanfretti-768x576.jpg 768w, https:\/\/www.radiopiu.net\/wordpress\/wp-content\/uploads\/2019\/07\/sufa-vanfretti-1024x768.jpg 1024w\" sizes=\"auto, (max-width: 300px) 100vw, 300px\" \/><\/a>TRICHIANA\u00a0 <\/strong>Keralpen, l\u2019azienda\u00a0 che si dedica alla produzione e alla continua ottimizzazione della tradizionale Stufa Tirolese, ha aderito alla certificazione volontaria <em>KIWA<\/em>, la nuova certificazione ambientale di qualit\u00e0 dei prodotti per il riscaldamento domestico a legna.\u00a0 In una scala di classificazione\u00a0 crescente da 1 a 4 stelle e che aumenta in base alle prestazioni dei prodotti in termini di maggior rendimento e minori emissioni, \u00a0Keralpen ha raggiunto le 4 stelle. <em>\u00abUn risultato importante \u2013 afferma Bruno Schiocchet titolare dell\u2019azienda \u2013 perch\u00e9 garantisce la qualit\u00e0 e che i nostri prodotti rispettano anche i pi\u00f9 restrittivi parametri tecnici e le indicazioni sulle emissioni in ambiente. Dopo che la Regione Veneto ha introdotto misure speciali antinquinamento per il settore delle stufe e caminetti, abbiamo deciso migliorare il rendimento energetico investendo nel nostro\u00a0 laboratorio di analisi interno alla sede e dedicato allo studio dei materiali usati. Raggiungere le quattro stelle \u2013 conclude Schiocchet \u2013 rappresenta una concreta garanzia per i consumatori e attesta che i nostri prodotti certificati contribuiscono a migliorare la qualit\u00e0 dell\u2019aria, la salute e l\u2019ambiente\u00bb<\/em><\/p>\n<p>&nbsp;<\/p>\n<p>&nbsp;<\/p>\n<p>&nbsp;<\/p>\n<h2>\u201cRadici e Ali\u201d: inaugurata nel municipio a Pieve d\u2019Alpago la mostra della pittrice Renata Zopp\u00e8.<\/h2>\n<p><strong><a class=\"dt-pswp-item\" href=\"http:\/\/www.radiopiu.net\/wordpress\/wp-content\/uploads\/2019\/07\/IMG_20190629_155910-1.jpg\" data-dt-img-description=\"\" data-large_image_width=\"5312\" data-large_image_height=\"2988\"><img loading=\"lazy\" decoding=\"async\" class=\"size-medium wp-image-90315 alignleft\" src=\"http:\/\/www.radiopiu.net\/wordpress\/wp-content\/uploads\/2019\/07\/IMG_20190629_155910-1-300x169.jpg\" alt=\"\" width=\"300\" height=\"169\" srcset=\"https:\/\/www.radiopiu.net\/wordpress\/wp-content\/uploads\/2019\/07\/IMG_20190629_155910-1-300x169.jpg 300w, https:\/\/www.radiopiu.net\/wordpress\/wp-content\/uploads\/2019\/07\/IMG_20190629_155910-1-768x432.jpg 768w, https:\/\/www.radiopiu.net\/wordpress\/wp-content\/uploads\/2019\/07\/IMG_20190629_155910-1-1024x576.jpg 1024w\" sizes=\"auto, (max-width: 300px) 100vw, 300px\" \/><\/a>ALPAGO<\/strong> E\u2019 stata inaugurata sabato pomeriggio, presso il palazzo municipale di Pieve d\u2019Alpago, l\u2019attesa mostra antologica della pittrice veneta, originaria proprio dell\u2019Alpago, Renata Zopp\u00e8. L&#8217;iniziativa gode del patrocinio della Regione del Veneto, del Comune di Alpago, del Comune di Peschiera del Garda, citt\u00e0 ove la pittrice risiede da tempo, dell&#8217;Unione Montana Alpago ed \u00e8 realizzata in collaborazione con la Biblioteca di Pieve, da anni attiva nell&#8217;organizzazione di mostre d&#8217;arte ed eventi culturali. \u201cE\u2019 solo grazie alla fattiva collaborazione di tanti soggetti e volontari, a cominciare proprio dal comitato della Biblioteca, se possiamo progettare e realizzare eventi come questa mostra, che rappresenta la rassegna artistica di punta della nostra annata\u201d, ha commentato in sede di saluto il sindaco di Alpago Umberto Soccal, alla presenza di un folto pubblico. E\u2019 toccato poi a Lidia Rui, tracciare un profilo artistico, ma anche personale, della pittrice. \u201cIn questa mostra, non a caso dal titolo \u201cRadici e Ali\u201d, Renata Zopp\u00e8 cerca di effettuare una sintesi di due dimensioni fondamentali nella vita di tutti noi, alla ricerca di un equilibrio che sperimentiamo quotidianamente, ovvero quello tra le proprie radici e la propria storia, rappresentate dai quadri esposti nella sala al primi piano, e la tensione verso l\u2019oltre, i valori essenziali della nostra esistenza (le ali), ben illustrata dalle opere esposte al primo piano\u201d, ha detto tra l\u2019altro il critico d\u2019arte. Una pittura, quella di Renata Zopp\u00e8, vigorosa, che ricorre ai colori forti, pastosi, della tavolozza, per riversare sulla tela tutta la forza vitale, a tratti liberatoria, di cui \u00e8 capace la pittura.<\/p>\n<blockquote><p><em>La mostra sar\u00e0 aperta al pubblico fino al prossimo 4 agosto e sar\u00e0 visitabile dal luned\u00ec al venerd\u00ec dalle 9 alle 2; il sabato, la domenica e i festivi dalle 10-12 e dalle 16.30 alle 18.30.<\/em><\/p><\/blockquote>\n<p>&nbsp;<\/p>\n<p>&nbsp;<\/p>\n<h3><a class=\"dt-pswp-item\" href=\"http:\/\/www.radiopiu.net\/wordpress\/wp-content\/uploads\/2019\/06\/1a_65438125_.png\" data-dt-img-description=\"\" data-large_image_width=\"750\" data-large_image_height=\"500\"><img loading=\"lazy\" decoding=\"async\" class=\"wp-image-90218 alignleft\" src=\"http:\/\/www.radiopiu.net\/wordpress\/wp-content\/uploads\/2019\/06\/1a_65438125_-300x200.png\" alt=\"\" width=\"206\" height=\"137\" srcset=\"https:\/\/www.radiopiu.net\/wordpress\/wp-content\/uploads\/2019\/06\/1a_65438125_-300x200.png 300w, https:\/\/www.radiopiu.net\/wordpress\/wp-content\/uploads\/2019\/06\/1a_65438125_.png 750w\" sizes=\"auto, (max-width: 206px) 100vw, 206px\" \/><\/a><\/h3>\n<h3>SPARTAN EUROPEAN CHAMPIONSHIP DOLOMITI ALLEGHE-CIVETTA<\/h3>\n<p><strong>ALLEGHE<\/strong> Fine settimana molto partecipato ad Alleghe e nel comprensorio del Civetta, sold out nelle strutture alberghiere. Il punto con Sergio Pra, Alleghe Funive.<\/p>\n<p>&nbsp;<\/p>\n<audio class=\"wp-audio-shortcode\" id=\"audio-90296-7\" preload=\"none\" style=\"width: 100%;\" controls=\"controls\"><source type=\"audio\/mpeg\" src=\"http:\/\/www.radiopiu.net\/wordpress\/wp-content\/uploads\/2019\/07\/SERGIO.mp3?_=7\" \/><a href=\"http:\/\/www.radiopiu.net\/wordpress\/wp-content\/uploads\/2019\/07\/SERGIO.mp3\">http:\/\/www.radiopiu.net\/wordpress\/wp-content\/uploads\/2019\/07\/SERGIO.mp3<\/a><\/audio>\n<p>&nbsp;<\/p>\n<p>&nbsp;<\/p>\n<p>&nbsp;<\/p>\n<h2>GIOCHI E MOLTO ALTRO ALL&#8217;ARIA APERTA CON PARCO E BENESSERE. TUTTO GRATUITO.<\/h2>\n<p><strong><a class=\"dt-pswp-item\" href=\"http:\/\/www.radiopiu.net\/wordpress\/wp-content\/uploads\/2018\/03\/LIMANA.jpg\" data-dt-img-description=\"\" data-large_image_width=\"254\" data-large_image_height=\"198\"><img loading=\"lazy\" decoding=\"async\" class=\" wp-image-44429 alignleft\" src=\"http:\/\/www.radiopiu.net\/wordpress\/wp-content\/uploads\/2018\/03\/LIMANA.jpg\" alt=\"\" width=\"205\" height=\"160\" \/><\/a><\/strong><\/p>\n<p>&nbsp;<\/p>\n<p>&nbsp;<\/p>\n<p>&nbsp;<\/p>\n<p><strong>LIMANA<\/strong><\/p>\n<p><strong>DI DAMIANO TORMEN<\/strong><\/p>\n<audio class=\"wp-audio-shortcode\" id=\"audio-90296-8\" preload=\"none\" style=\"width: 100%;\" controls=\"controls\"><source type=\"audio\/mpeg\" src=\"http:\/\/www.radiopiu.net\/wordpress\/wp-content\/uploads\/2019\/07\/DAMIANO-LIMANA.mp3?_=8\" \/><a href=\"http:\/\/www.radiopiu.net\/wordpress\/wp-content\/uploads\/2019\/07\/DAMIANO-LIMANA.mp3\">http:\/\/www.radiopiu.net\/wordpress\/wp-content\/uploads\/2019\/07\/DAMIANO-LIMANA.mp3<\/a><\/audio>\n<p>&nbsp;<\/p>\n<p>&nbsp;<\/p>\n<p>&nbsp;<\/p>\n<p>&nbsp;<\/p>\n<h3><a class=\"dt-pswp-item\" href=\"http:\/\/www.radiopiu.net\/wordpress\/wp-content\/uploads\/2018\/09\/appuntamenti.jpeg\" data-dt-img-description=\"\" data-large_image_width=\"800\" data-large_image_height=\"100\"><img loading=\"lazy\" decoding=\"async\" class=\"alignnone size-full wp-image-61958\" src=\"http:\/\/www.radiopiu.net\/wordpress\/wp-content\/uploads\/2018\/09\/appuntamenti.jpeg\" alt=\"\" width=\"800\" height=\"100\" srcset=\"https:\/\/www.radiopiu.net\/wordpress\/wp-content\/uploads\/2018\/09\/appuntamenti.jpeg 800w, https:\/\/www.radiopiu.net\/wordpress\/wp-content\/uploads\/2018\/09\/appuntamenti-300x38.jpeg 300w, https:\/\/www.radiopiu.net\/wordpress\/wp-content\/uploads\/2018\/09\/appuntamenti-768x96.jpeg 768w\" sizes=\"auto, (max-width: 800px) 100vw, 800px\" \/><\/a><\/h3>\n<p><strong>AGORDO<\/strong> <strong>domenica 07 luglio con il Cai di Agordo al Monte Sperone con i giovani. <\/strong>Anche se il lavoro di pulizia e ripristino dei sentieri non \u00e8 ancora ultimato, per la prossima domenica gli uomini e le donne del Cai posano\u00a0 motoseghe, zappini e taniche di carburante e riprendiono l&#8217;attivit\u00e0 escursionistica. Ad aprire le danze saranno i <strong>Giovani Aquilotti<\/strong> con un&#8217;escursione nel territorio di Sospirolo\u00a0e\u00a0salita al <strong>Monte Sperone<\/strong>: cima forse poco conosciuta ma di sicuro fascino e dalla quale si gode uno spettacolare panorama verso i Monti del Sole, la Valle del Mis e le Prealpi Bellunesi. La\u00a0<strong>difficolt\u00e0<\/strong> \u00e8 <strong>media<\/strong> ma con un modesto dislivello. <u>Escursione adatta alla famiglia<\/u>.<\/p>\n<p>&nbsp;<\/p>\n<p><strong>VAL DI ZOLDO<\/strong> La mostra &#8220;Le barche dei Casal, capolavoro degli squerarioli di Zoldo a Venezia&#8221; sar\u00e0 ufficialmente presentata alla stampa mercoled\u00ec 10 luglio alle\u00a0 11 in\u00a0 \u201cSala Piloni\u201d della Provincia di Belluno. La mostra \u00a0avr\u00e0 luogo dal 13 luglio al 27 ottobre\u00a0 presso la Sala \u201cAlmerindo Rizzardini\u201d in Piazza G. Angelini a Fusine di Val di Zoldo.\u00a0 inaugurazione sabato 13 luglio alle 18. Introduce il Sindaco di Val di Zoldo.\u00a0 Interverranno il Curatore della Mostra,\u00a0 i rappresentati di Amministrazione Provinciale di Belluno, Regione Veneto, Comune di Venezia, Fondazione Musei Civici Veneziani, Museo Correr, Archivio di Stato di Venezia, Associazione Arzan\u00e0<\/p>\n<p>&nbsp;<\/p>\n<p><strong>BELLUNO<\/strong> Il\u00a0 <b>Csv Belluno con il Comitato d&#8217;Intesa<\/b> ha indetto una conferenza stampa su: riforma del terzo settore e adeguamento dello statuto; azioni sinora intraprese a seguito della decisione da parte della Fondazione Organismo Nazionale di Controllo per i Csv di istituire un unico Csv operante per le Province di Belluno e di Treviso. La conferenza si terr\u00e0 domani\u00a0 <b>alle 11.30\u00a0 alla Casa del Volontariato in via del Piave 5<\/b>, presso la sala riunioni al 2\u00b0 piano. Saranno presenti il presidente del Comitato d&#8217;Intesa <b>Gianluca Corsetti <\/b>e il direttore del Csv Belluno <b>Nevio Meneguz<\/b>.<\/p>\n<p>&nbsp;<\/p>\n<p>&nbsp;<\/p>\n<div><strong>BELLUNO<\/strong> Venerdi alle 15.30 in sala ex Pub Carrera di Palazzo Fulcis sar\u00e0 presentata l&#8217;iniziativa dell&#8217;associazione La mongolfiera di Giorgia. La mostra &#8220;Una mongolfiera sulle Dolomiti&#8221; proporr\u00e0 le opere dell\u2019artista Roberto Bianchi di Cibiana di Cadore, che ha esposto\u00a0 nei luoghi pi\u00f9 prestigiosi, da Las Vegas ad Abu Dhabi, passando per il Louvre. Dopo dopo aver conosciuto l&#8217;Associazione ha deciso di sostenerne gli obiettivi donando il ricavato della vendita all&#8217;asta di un suo dipinto. Da questo intento \u00e8 nata poi la collaborazione che ha portato all&#8217;allestimento della mostra con le opere dell&#8217;artista, che si terr\u00e0 presso la sala \u201cex Pub Carrera\u201d <b>dal 6 al 21 luglio<\/b><\/div>\n<div><\/div>\n<p>&nbsp;<\/p>\n<h4 class=\"entry-title\">LA TORRE TRIESTE AL DOLOMITI DI FALCADE, STORIA DI ARRAMPICATORI AGORDINI PER LA REGIA DI MANRICO DELL\u2019AGNOLA La\u00a0 pellicola\u00a0 sar\u00e0 presentata domenica 7 luglio al cinema Dolomiti di Falcade alle 20.30 con relatore Gianpaolo Soratroi, la voce di sere d&#8217;autunno del Cai di Agordo. Il film \u00e8 opera d&#8217;arte per il 67esimo Trento Film Festival.<\/h4>\n<h4><\/h4>\n<p>&nbsp;<\/p>\n<p><a class=\"dt-pswp-item\" href=\"http:\/\/www.radiopiu.net\/wordpress\/wp-content\/uploads\/2018\/09\/viabilita.jpeg\" data-dt-img-description=\"\" data-large_image_width=\"800\" data-large_image_height=\"100\"><img loading=\"lazy\" decoding=\"async\" class=\"alignnone size-full wp-image-61954\" src=\"http:\/\/www.radiopiu.net\/wordpress\/wp-content\/uploads\/2018\/09\/viabilita.jpeg\" alt=\"\" width=\"800\" height=\"100\" srcset=\"https:\/\/www.radiopiu.net\/wordpress\/wp-content\/uploads\/2018\/09\/viabilita.jpeg 800w, https:\/\/www.radiopiu.net\/wordpress\/wp-content\/uploads\/2018\/09\/viabilita-300x38.jpeg 300w, https:\/\/www.radiopiu.net\/wordpress\/wp-content\/uploads\/2018\/09\/viabilita-768x96.jpeg 768w\" sizes=\"auto, (max-width: 800px) 100vw, 800px\" \/><\/a><\/p>\n<h4><strong>PROVINCIALE 3 DELLA VAL IMPERINA<\/strong> fino a revoca senso unico alternato con semaforo in localit\u00e0 Le Roste.<\/h4>\n<p><strong>REGIONALE 346 DEL SAN PELLEGRINO, TRATTI DI STRADA TRA FALCADE, CANALE D&#8217;AGORDO E VALLADA:<\/strong>Dal 1 al 21 luglio dalle 8 alle 17, festivi e prefestivi inclusi, saltuario senso unico alternato regolato da movieri per lavori sostituzione conduttori linea elettrica alta tensione.<\/p>\n<p><strong>REGIONALE 203 AGORDINA, A SUD DI PONTE ALTO COMUNE DI AGORDO<\/strong>: Fino al 12 luglio (sabato e domenica esclusi) restringimento di carreggiata e senso unico alternato regolato da moviere.<\/p>\n<p><strong>REGIONALE 203 AGORDINA LOCALITA&#8217; LE CAMPE (La Valle):<\/strong> Dal 1 al 15 luglio con esclusione dei giorni festivi e prefestivi, dalle 7.30 alle 8.30, dalle 16.30 alle 17.30 senso unico alternato regolato da movieri,\u00a0 dalle 8.30 alle 16.30 senso unico semaforico, per lavori ripristino rete fognaria<\/p>\n<p><strong>PROVINCIALE 347 PASSO CEREDA: CHIUSURA.<\/strong> Da\u00a0 venerdi 4\u00a0 all&#8217;11 luglio dalle 8.15 alle 12.30 e dalle 14 alle 17.30 con esclusione dei giorni festivi e prefestivi, chiusura tra Chiesa e Pradel in Comune di Val di Zoldo per lavori di asfaltatura.<\/p>\n<p><strong>LA VALLE\u00a0 <\/strong>Fino\u00a031 luglio (festivi e prefestivi esclusi) senso unico a seconda delle esigenze con semaforo o movieri lungo la regionale 203 agordina in localit\u00e0 La Muda<\/p>\n<p><strong>PROVINCIALE 563 DI SALESEI <\/strong>Fino al 19 luglio\u00a0 In localit\u00e0 Sopracordevole in Comune di Rocca Pietore senso unico alternato con semaforo o movieri e divieto di transito ai mezzi con massa superiore a 7,5 tonellate.<\/p>\n<p>&nbsp;<\/p>\n<p>&nbsp;<\/p>\n<p>&nbsp;<\/p>\n<p><a class=\"dt-pswp-item\" href=\"http:\/\/www.radiopiu.net\/wordpress\/wp-content\/uploads\/2018\/09\/sport.jpg\" data-dt-img-description=\"\" data-large_image_width=\"800\" data-large_image_height=\"100\"><img loading=\"lazy\" decoding=\"async\" class=\"alignnone wp-image-60761 size-full\" src=\"http:\/\/www.radiopiu.net\/wordpress\/wp-content\/uploads\/2018\/09\/sport.jpg\" alt=\"\" width=\"800\" height=\"100\" srcset=\"https:\/\/www.radiopiu.net\/wordpress\/wp-content\/uploads\/2018\/09\/sport.jpg 800w, https:\/\/www.radiopiu.net\/wordpress\/wp-content\/uploads\/2018\/09\/sport-300x38.jpg 300w, https:\/\/www.radiopiu.net\/wordpress\/wp-content\/uploads\/2018\/09\/sport-768x96.jpg 768w\" sizes=\"auto, (max-width: 800px) 100vw, 800px\" \/><\/a><\/p>\n<p>&nbsp;<\/p>\n<p>di Marco Gaz<\/p>\n<h2>CAMPIONATO AGORDINO SENIOR E GIOVANILE<\/h2>\n<blockquote>\n<h3 class=\"p1\"><span class=\"s1\" style=\"font-size: 14px; font-weight: normal;\"><b>I RISULTATI <\/b><\/span><span style=\"font-size: 14px; font-weight: normal;\">GIRONE A Alleghe &#8211; Cencenighe 0-1 Rivamonte &#8211; Le Ville 1-8 Caprile &#8211; Gosaldo 3-3 Voltago &#8211; Vallada 3-4 GIRONE B Fodom &#8211;\u00a0 rassen\u00e8 3-1 Canale &#8211; Atletico Caviola 1-1 La Valle &#8211; Taibon 2-3 Riposa Agordo 2009 <\/span><b style=\"font-size: 14px;\">LA CLASSIFICA <\/b><span style=\"font-size: 14px; font-weight: normal;\">GIRONE A Voltago e Gosaldo 13 Caprile e Vallada 11 Le Ville 10 Rivamonte 7 Cencenighe 3 Alleghe 0 GIRONE B Fodom 18 Taibon 10 La Valle 9 Frassen\u00e8 7 Agordo 2009 4 Atletico Caviola 2 Canale 1 <\/span><b style=\"font-size: 14px;\">PROSSIMO TURNO <\/b><span style=\"font-size: 14px; font-weight: normal;\">GIRONE A: domenica ore 16 Cencenighe &#8211; Le Ville, Gosaldo &#8211; Voltago, Alleghe &#8211; Vallada, Caprile &#8211; Rivamonte GIRONE B: domenica alle 16 La Valle &#8211; Canale, Taibon &#8211; Agordo 2009, Frassen\u00e8 &#8211; Atletico Caviola. Riposa Fodom<\/span><\/h3>\n<\/blockquote>\n<blockquote>\n<h3 class=\"p1\"><span class=\"s1\" style=\"color: #ff0000;\"><b>CAMPIONATO AGORDINO GIOVANILE <\/b><\/span><\/h3>\n<\/blockquote>\n<p class=\"p1\"><span class=\"s1\"><strong>I risultati:<\/strong> Fodom \u2013 Alleghe 5-0, Cencenighe \u2013 La Valle 0-14, Taibon \u2013 Canale 5-1. Ha riposato il Le Ville. <\/span><span class=\"s1\"><strong>Classifica:<\/strong> La Valle 9, Taibon e Canale 6, Le Ville e Fodom 3, Alleghe e Cencenighe 0 <\/span><span class=\"s1\"><strong>Prossimo turno:<\/strong> sabato 6 luglio alle 16 Le Ville \u2013 La Valle, Fodom \u2013 Cencenighe, Alleghe \u2013 Taibon. Riposa il Canale<\/span><\/p>\n<h1><\/h1>\n<p>&nbsp;<\/p>\n<p><a class=\"dt-pswp-item\" href=\"http:\/\/www.radiopiu.net\/wordpress\/wp-content\/uploads\/2018\/09\/WhatsApp-Image-2018-09-20-at-16.04.06.jpeg\" data-dt-img-description=\"\" data-large_image_width=\"800\" data-large_image_height=\"100\"><img loading=\"lazy\" decoding=\"async\" class=\"alignnone wp-image-61378 size-full\" src=\"http:\/\/www.radiopiu.net\/wordpress\/wp-content\/uploads\/2018\/09\/WhatsApp-Image-2018-09-20-at-16.04.06.jpeg\" alt=\"\" width=\"800\" height=\"100\" srcset=\"https:\/\/www.radiopiu.net\/wordpress\/wp-content\/uploads\/2018\/09\/WhatsApp-Image-2018-09-20-at-16.04.06.jpeg 800w, https:\/\/www.radiopiu.net\/wordpress\/wp-content\/uploads\/2018\/09\/WhatsApp-Image-2018-09-20-at-16.04.06-300x38.jpeg 300w, https:\/\/www.radiopiu.net\/wordpress\/wp-content\/uploads\/2018\/09\/WhatsApp-Image-2018-09-20-at-16.04.06-768x96.jpeg 768w\" sizes=\"auto, (max-width: 800px) 100vw, 800px\" \/><\/a><\/p>\n<p>&nbsp;<\/p>\n<p><center><b>Martedi 2<\/b><\/center><b>Tempo atteso: <\/b>Tempo da variabile al mattino ad instabile al pomeriggio\/sera. Dopo le ampie schiarite mattutine, lo sviluppo dei cumuli a ridosso dei rilievi limiter\u00e0 il soleggiamento al pomeriggio, con probabili fenomeni di instabilit\u00e0, che potranno in parte protrarsi anche in serata. Clima pi\u00f9 fresco.<br \/>\n<b>Precipitazioni: <\/b>Nella notte non escluso qualche residuo rovescio (20\/30%); in mattinata assenti (0%). Probabilit\u00e0 in aumento dalle ore centrali, fino a medio-alta (50\/70%) nel pomeriggio per rovesci o temporali sparsi, pi\u00f9 diffusi sulle Dolomiti, possibili anche in serata, isolatamente intensi.<br \/>\n<b>Temperature: <\/b>In diminuzione specie le massime. Su Prealpi a 1500 m min 17\u00b0C max 20\u00b0C, a 2000 m min 13\u00b0C max 15\u00b0C. Su Dolomiti a 2000 m min 12\u00b0C max 16\u00b0C, a 3000 m min 5\u00b0C max 7\u00b0C.<br \/>\n<b>Venti: <\/b>Nelle valli deboli\/moderati a regime di brezza; in quota in prevalenza deboli occidentali, a 5-10 km\/h a 2000 m, 10-25 km\/h a 3000 m.<\/p>\n<hr \/>\n<p><center><b>Mercoledi 3<\/b><\/center><b>Tempo atteso: <\/b>Tempo instabile, gi\u00e0 al mattino per cielo irregolarmente nuvoloso, con graduale intensificazione della nuvolosit\u00e0 per attivit\u00e0 termoconvettiva nel corso della giornata, con fenomeni piuttosto diffusi, anche se discontinui. Clima pi\u00f9 fresco rispetto a marted\u00ec con temperature in ulteriore diminuzione su valori prossimi alla norma.<br \/>\n<b>Precipitazioni: <\/b>Al mattino rovesci e temporali sparsi (50\/70%); tra le ore centrali e il pomeriggio\/sera fenomeni pi\u00f9 diffusi (70\/80%), anche se discontinui.<br \/>\n<b>Temperature: <\/b>Minime stazionarie, o in lieve calo in quota alla sera; massime in calo. Su Prealpi a 1500 m min 13\u00b0C max 17\u00b0C, a 2000 m min 12\u00b0C max 14\u00b0. Su Dolomiti a 2000 m min 11\u00b0C max 13\u00b0C, a 3000 m min 4\u00b0C max 5\u00b0C.<br \/>\n<b>Venti: <\/b>Nelle valli deboli\/moderati a regime di brezza; in quota in prevalenza deboli occidentali, a tratti moderati, a 5-10 km\/h a 2000 m, 10-30 km\/h a 3000 m.<\/p>\n<hr \/>\n<p><center><b>Giovedi 4<\/b><\/center>Tempo variabile\/instabile con annuvolamenti anche intensi gi\u00e0 al mattino e schiarite. Probabili rovesci o temporali possibili nel corso di tutta la giornata. Temperature senza notevoli variazioni. Venti in quota inizialmente deboli occidentali, tendenti a divenire deboli settentrionali.<\/p>\n<hr \/>\n<p><center><b>Venerdi 5<\/b><\/center>Tempo pi\u00f9 stabile e pi\u00f9 caldo dei giorni precedenti, con nuvolosit\u00e0 meno intensa, specie al mattino quando si avranno ampie schiarite, e rischio pi\u00f9 contenuto di fenomeni di instabilit\u00e0. Venti sempre deboli perlopi\u00f9 occidentali.<\/p>\n<p>&nbsp;<\/p>\n","protected":false},"excerpt":{"rendered":"<p>Bomba d&#8217;acqua con forti temporali nel pomeriggio di ieri, a farne le spese ancora una volta Rocca Pietore dove si contano i danni a Baita Dovich per l&#8217;esondazione del torrente, allagato anche il campeggio. Super lavoro per gli uomini del Soccorso Alpino intervenuti tra fulmini e pioggia per togliere dai guai una coppia di coniugi&hellip;<\/p>\n","protected":false},"author":1,"featured_media":90302,"comment_status":"closed","ping_status":"closed","sticky":false,"template":"","format":"standard","meta":{"_monsterinsights_skip_tracking":false,"_monsterinsights_sitenote_active":false,"_monsterinsights_sitenote_note":"","_monsterinsights_sitenote_category":0,"footnotes":""},"categories":[86],"tags":[],"class_list":["post-90296","post","type-post","status-publish","format-standard","has-post-thumbnail","hentry","category-gr","category-86","description-off"],"img_url":"https:\/\/www.radiopiu.net\/wordpress\/wp-content\/uploads\/2019\/07\/174142d4-6c2c-4a07-9c15-d82308089c88.jpg","_links":{"self":[{"href":"https:\/\/www.radiopiu.net\/wordpress\/wp-json\/wp\/v2\/posts\/90296","targetHints":{"allow":["GET"]}}],"collection":[{"href":"https:\/\/www.radiopiu.net\/wordpress\/wp-json\/wp\/v2\/posts"}],"about":[{"href":"https:\/\/www.radiopiu.net\/wordpress\/wp-json\/wp\/v2\/types\/post"}],"author":[{"embeddable":true,"href":"https:\/\/www.radiopiu.net\/wordpress\/wp-json\/wp\/v2\/users\/1"}],"replies":[{"embeddable":true,"href":"https:\/\/www.radiopiu.net\/wordpress\/wp-json\/wp\/v2\/comments?post=90296"}],"version-history":[{"count":0,"href":"https:\/\/www.radiopiu.net\/wordpress\/wp-json\/wp\/v2\/posts\/90296\/revisions"}],"wp:featuredmedia":[{"embeddable":true,"href":"https:\/\/www.radiopiu.net\/wordpress\/wp-json\/wp\/v2\/media\/90302"}],"wp:attachment":[{"href":"https:\/\/www.radiopiu.net\/wordpress\/wp-json\/wp\/v2\/media?parent=90296"}],"wp:term":[{"taxonomy":"category","embeddable":true,"href":"https:\/\/www.radiopiu.net\/wordpress\/wp-json\/wp\/v2\/categories?post=90296"},{"taxonomy":"post_tag","embeddable":true,"href":"https:\/\/www.radiopiu.net\/wordpress\/wp-json\/wp\/v2\/tags?post=90296"}],"curies":[{"name":"wp","href":"https:\/\/api.w.org\/{rel}","templated":true}]}}