{"id":90314,"date":"2019-07-01T18:57:58","date_gmt":"2019-07-01T16:57:58","guid":{"rendered":"http:\/\/www.radiopiu.net\/wordpress\/?p=90314"},"modified":"2019-07-03T06:17:24","modified_gmt":"2019-07-03T04:17:24","slug":"radici-e-ali-inaugurata-nel-municipio-a-pieve-dalpago-la-mostra-della-pittrice-renata-zoppe","status":"publish","type":"post","link":"https:\/\/www.radiopiu.net\/wordpress\/radici-e-ali-inaugurata-nel-municipio-a-pieve-dalpago-la-mostra-della-pittrice-renata-zoppe\/","title":{"rendered":"\u201cRadici e Ali\u201d: inaugurata nel municipio a Pieve d\u2019Alpago la mostra della pittrice Renata Zopp\u00e8."},"content":{"rendered":"<h2><\/h2>\n<p><strong><a class=\"dt-pswp-item\" href=\"http:\/\/www.radiopiu.net\/wordpress\/wp-content\/uploads\/2019\/07\/IMG_20190629_155910-1.jpg\" data-dt-img-description=\"\" data-large_image_width=\"5312\" data-large_image_height=\"2988\"><img loading=\"lazy\" decoding=\"async\" class=\"size-medium wp-image-90315 alignleft\" src=\"http:\/\/www.radiopiu.net\/wordpress\/wp-content\/uploads\/2019\/07\/IMG_20190629_155910-1-300x169.jpg\" alt=\"\" width=\"300\" height=\"169\" srcset=\"https:\/\/www.radiopiu.net\/wordpress\/wp-content\/uploads\/2019\/07\/IMG_20190629_155910-1-300x169.jpg 300w, https:\/\/www.radiopiu.net\/wordpress\/wp-content\/uploads\/2019\/07\/IMG_20190629_155910-1-768x432.jpg 768w, https:\/\/www.radiopiu.net\/wordpress\/wp-content\/uploads\/2019\/07\/IMG_20190629_155910-1-1024x576.jpg 1024w\" sizes=\"auto, (max-width: 300px) 100vw, 300px\" \/><\/a>ALPAGO<\/strong> E\u2019 stata inaugurata sabato pomeriggio, presso il palazzo municipale di Pieve d\u2019Alpago, l\u2019attesa mostra antologica della pittrice veneta, originaria proprio dell\u2019Alpago, Renata Zopp\u00e8. L&#8217;iniziativa gode del patrocinio della Regione del Veneto, del Comune di Alpago, del Comune di Peschiera del Garda, citt\u00e0 ove la pittrice risiede da tempo, dell&#8217;Unione Montana Alpago ed \u00e8 realizzata in collaborazione con la Biblioteca di Pieve, da anni attiva nell&#8217;organizzazione di mostre d&#8217;arte ed eventi culturali. \u201cE\u2019 solo grazie alla fattiva collaborazione di tanti soggetti e volontari, a cominciare proprio dal comitato della Biblioteca, se possiamo progettare e realizzare eventi come questa mostra, che rappresenta la rassegna artistica di punta della nostra annata\u201d, ha commentato in sede di saluto il sindaco di Alpago Umberto Soccal, alla presenza di un folto pubblico. E\u2019 toccato poi a Lidia Rui, tracciare un profilo artistico, ma anche personale, della pittrice. \u201cIn questa mostra, non a caso dal titolo \u201cRadici e Ali\u201d, Renata Zopp\u00e8 cerca di effettuare una sintesi di due dimensioni fondamentali nella vita di tutti noi, alla ricerca di un equilibrio che sperimentiamo quotidianamente, ovvero quello tra le proprie radici e la propria storia, rappresentate dai quadri esposti nella sala al primi piano, e la tensione verso l\u2019oltre, i valori essenziali della nostra esistenza (le ali), ben illustrata dalle opere esposte al primo piano\u201d, ha detto tra l\u2019altro il critico d\u2019arte. Una pittura, quella di Renata Zopp\u00e8, vigorosa, che ricorre ai colori forti, pastosi, della tavolozza, per riversare sulla tela tutta la forza vitale, a tratti liberatoria, di cui \u00e8 capace la pittura.<\/p>\n<blockquote><p><em>La mostra sar\u00e0 aperta al pubblico fino al prossimo 4 agosto e sar\u00e0 visitabile dal luned\u00ec al venerd\u00ec dalle 9 alle 2; il sabato, la domenica e i festivi dalle 10-12 e dalle 16.30 alle 18.30.<\/em><\/p><\/blockquote>\n","protected":false},"excerpt":{"rendered":"<p>ALPAGO E\u2019 stata inaugurata sabato pomeriggio, presso il palazzo municipale di Pieve d\u2019Alpago, l\u2019attesa mostra antologica della pittrice veneta, originaria proprio dell\u2019Alpago, Renata Zopp\u00e8. L&#8217;iniziativa gode del patrocinio della Regione del Veneto, del Comune di Alpago, del Comune di Peschiera del Garda, citt\u00e0 ove la pittrice risiede da tempo, dell&#8217;Unione Montana Alpago ed \u00e8 realizzata&hellip;<\/p>\n","protected":false},"author":1,"featured_media":90312,"comment_status":"closed","ping_status":"closed","sticky":false,"template":"","format":"standard","meta":{"_monsterinsights_skip_tracking":false,"_monsterinsights_sitenote_active":false,"_monsterinsights_sitenote_note":"","_monsterinsights_sitenote_category":0,"footnotes":""},"categories":[1,103,49],"tags":[],"class_list":["post-90314","post","type-post","status-publish","format-standard","has-post-thumbnail","hentry","category-senza-categoria","category-evidenza_2","category-news-18","category-1","category-103","category-49","description-off"],"img_url":"https:\/\/www.radiopiu.net\/wordpress\/wp-content\/uploads\/2019\/07\/IMG_20190629_161751-1.jpg","_links":{"self":[{"href":"https:\/\/www.radiopiu.net\/wordpress\/wp-json\/wp\/v2\/posts\/90314","targetHints":{"allow":["GET"]}}],"collection":[{"href":"https:\/\/www.radiopiu.net\/wordpress\/wp-json\/wp\/v2\/posts"}],"about":[{"href":"https:\/\/www.radiopiu.net\/wordpress\/wp-json\/wp\/v2\/types\/post"}],"author":[{"embeddable":true,"href":"https:\/\/www.radiopiu.net\/wordpress\/wp-json\/wp\/v2\/users\/1"}],"replies":[{"embeddable":true,"href":"https:\/\/www.radiopiu.net\/wordpress\/wp-json\/wp\/v2\/comments?post=90314"}],"version-history":[{"count":0,"href":"https:\/\/www.radiopiu.net\/wordpress\/wp-json\/wp\/v2\/posts\/90314\/revisions"}],"wp:featuredmedia":[{"embeddable":true,"href":"https:\/\/www.radiopiu.net\/wordpress\/wp-json\/wp\/v2\/media\/90312"}],"wp:attachment":[{"href":"https:\/\/www.radiopiu.net\/wordpress\/wp-json\/wp\/v2\/media?parent=90314"}],"wp:term":[{"taxonomy":"category","embeddable":true,"href":"https:\/\/www.radiopiu.net\/wordpress\/wp-json\/wp\/v2\/categories?post=90314"},{"taxonomy":"post_tag","embeddable":true,"href":"https:\/\/www.radiopiu.net\/wordpress\/wp-json\/wp\/v2\/tags?post=90314"}],"curies":[{"name":"wp","href":"https:\/\/api.w.org\/{rel}","templated":true}]}}