{"id":90370,"date":"2019-07-02T20:59:32","date_gmt":"2019-07-02T18:59:32","guid":{"rendered":"http:\/\/www.radiopiu.net\/wordpress\/?p=90370"},"modified":"2019-07-03T06:15:57","modified_gmt":"2019-07-03T04:15:57","slug":"taibon-si-va-a-consiglio-comunale","status":"publish","type":"post","link":"https:\/\/www.radiopiu.net\/wordpress\/taibon-si-va-a-consiglio-comunale\/","title":{"rendered":"TAIBON: SI VA A CONSIGLIO COMUNALE. AL POSTO DEL DIMISSIONARIO BRUNO BULF SIEDERA&#8217; SUI BANCHI DELL&#8217;OPPOSIZIONE MORENO BEN"},"content":{"rendered":"<p>&nbsp;<\/p>\n<h2><\/h2>\n<blockquote><p><strong>SILVIA TORMEN<\/strong> : <em>In data odierna maggioranza e minoranza si sono incontrate in vista del consiglio comunale di venerd\u00ec 5 luglio per condividere il percorso seguito dal comune nel mese di giugno. In esito agli approfondimenti svolti a livello ministeriale e legale si \u00e8 ritenuto di procedere alla convalida dei consiglieri eletti ad eccezione del Sig. Bruno Bulf, gi\u00e0 dimessosi ad inizio giugno, che verr\u00e0 surrogato con il primo dei non eletti della lista CIVICA PER TAIBON ovvero Moreno Ben<\/em><\/p><\/blockquote>\n<p><strong>TAIBON<\/strong> Scongiurato il peggio, non si torna ad elezioni come a Cencenighe 30 anni fa come auspicato la convalida degli eletti (quelli che ne hanno titolo) si far\u00e0, venerdi alle 18 in Municipio: Ne da notizia il sindaco Silvia Tormen preannunciando la convalida degli eletti. Nell&#8217;occasione saranno comunicati i nomi degli assessori e relative deleghe con la discussione e l&#8217;approvazione degli indirizzi generali di Governo. Saranno nominati i rappresentanti per il consiglio dell&#8217;Unione Montana e all&#8217;ordine del giorno anche il recupero di un vecchio fabbricato per il quale necessita la variante urbanistica<\/p>\n<p>&nbsp;<\/p>\n","protected":false},"excerpt":{"rendered":"<p>&nbsp; SILVIA TORMEN : In data odierna maggioranza e minoranza si sono incontrate in vista del consiglio comunale di venerd\u00ec 5 luglio per condividere il percorso seguito dal comune nel mese di giugno. In esito agli approfondimenti svolti a livello ministeriale e legale si \u00e8 ritenuto di procedere alla convalida dei consiglieri eletti ad eccezione&hellip;<\/p>\n","protected":false},"author":1,"featured_media":0,"comment_status":"closed","ping_status":"closed","sticky":false,"template":"","format":"standard","meta":{"_monsterinsights_skip_tracking":false,"_monsterinsights_sitenote_active":false,"_monsterinsights_sitenote_note":"","_monsterinsights_sitenote_category":0,"footnotes":""},"categories":[49],"tags":[],"class_list":["post-90370","post","type-post","status-publish","format-standard","hentry","category-news-18","category-49","description-off"],"img_url":false,"_links":{"self":[{"href":"https:\/\/www.radiopiu.net\/wordpress\/wp-json\/wp\/v2\/posts\/90370","targetHints":{"allow":["GET"]}}],"collection":[{"href":"https:\/\/www.radiopiu.net\/wordpress\/wp-json\/wp\/v2\/posts"}],"about":[{"href":"https:\/\/www.radiopiu.net\/wordpress\/wp-json\/wp\/v2\/types\/post"}],"author":[{"embeddable":true,"href":"https:\/\/www.radiopiu.net\/wordpress\/wp-json\/wp\/v2\/users\/1"}],"replies":[{"embeddable":true,"href":"https:\/\/www.radiopiu.net\/wordpress\/wp-json\/wp\/v2\/comments?post=90370"}],"version-history":[{"count":0,"href":"https:\/\/www.radiopiu.net\/wordpress\/wp-json\/wp\/v2\/posts\/90370\/revisions"}],"wp:attachment":[{"href":"https:\/\/www.radiopiu.net\/wordpress\/wp-json\/wp\/v2\/media?parent=90370"}],"wp:term":[{"taxonomy":"category","embeddable":true,"href":"https:\/\/www.radiopiu.net\/wordpress\/wp-json\/wp\/v2\/categories?post=90370"},{"taxonomy":"post_tag","embeddable":true,"href":"https:\/\/www.radiopiu.net\/wordpress\/wp-json\/wp\/v2\/tags?post=90370"}],"curies":[{"name":"wp","href":"https:\/\/api.w.org\/{rel}","templated":true}]}}