{"id":90413,"date":"2019-07-02T18:08:49","date_gmt":"2019-07-02T16:08:49","guid":{"rendered":"http:\/\/www.radiopiu.net\/wordpress\/?p=90413"},"modified":"2019-07-02T18:08:49","modified_gmt":"2019-07-02T16:08:49","slug":"tre-giovani-risorse-per-crescere-tutti","status":"publish","type":"post","link":"https:\/\/www.radiopiu.net\/wordpress\/tre-giovani-risorse-per-crescere-tutti\/","title":{"rendered":"TRE GIOVANI RISORSE PER CRESCERE TUTTI"},"content":{"rendered":"<blockquote><p><em>Bando pubblico per la ricerca di comunicatori<\/em><\/p><\/blockquote>\n<p><a class=\"dt-pswp-item\" href=\"http:\/\/www.radiopiu.net\/wordpress\/wp-content\/uploads\/2019\/07\/sss.png\" data-dt-img-description=\"\" data-large_image_width=\"504\" data-large_image_height=\"502\"><img loading=\"lazy\" decoding=\"async\" class=\" wp-image-90415 alignleft\" src=\"http:\/\/www.radiopiu.net\/wordpress\/wp-content\/uploads\/2019\/07\/sss-300x300.png\" alt=\"\" width=\"201\" height=\"201\" srcset=\"https:\/\/www.radiopiu.net\/wordpress\/wp-content\/uploads\/2019\/07\/sss-300x300.png 300w, https:\/\/www.radiopiu.net\/wordpress\/wp-content\/uploads\/2019\/07\/sss-150x150.png 150w, https:\/\/www.radiopiu.net\/wordpress\/wp-content\/uploads\/2019\/07\/sss.png 504w\" sizes=\"auto, (max-width: 201px) 100vw, 201px\" \/><\/a>Lavorare sul proprio territorio per il proprio territorio. \u00c8 una nuova opportunit\u00e0 per i giovani che fermer\u00e0 l\u2019esodo dalla montagna, che riporter\u00e0 passione, ottimismo e creativit\u00e0 nel settore turistico, che rimetter\u00e0 a fuoco l\u2019immagine del Medio Alto Agordino come destinazione con tutte le carte in regola per la conquista di una nuova fetta di mercato. Turismo, comunicazione, marketing, organizzazione eventi, saranno dunque gli ambiti in cui, da subito, verranno coinvolte le 3 risorse del territorio del Medio Alto Agordino sotto i 40 anni di et\u00e0 per fare crescere il progetto di valorizzazione turistica Dolomites Maadness, promosso dai comuni di Rocca Pietore, Taibon Agordino, Livinallongo Del Col di Lana, Colle Santa Lucia, Alleghe, San Tomaso Agordino e Cencenighe Agordino. In queste ore \u00e8 stato pubblicato sul sito dell\u2019amministrazione comunale di Rocca Pietore l\u2019avviso pubblico. La richiesta con il proprio curriculum vitae e una lettera motivazionale dovr\u00e0 pervenire\u00a0non oltre marted\u00ec 9 luglio alle ore 12.00,\u00a0secondo le modalit\u00e0 riportate nel bando insieme ai criteri della selezione: http:\/\/www.comune.roccapietore.bl.it<\/p>\n","protected":false},"excerpt":{"rendered":"<p>Bando pubblico per la ricerca di comunicatori Lavorare sul proprio territorio per il proprio territorio. \u00c8 una nuova opportunit\u00e0 per i giovani che fermer\u00e0 l\u2019esodo dalla montagna, che riporter\u00e0 passione, ottimismo e creativit\u00e0 nel settore turistico, che rimetter\u00e0 a fuoco l\u2019immagine del Medio Alto Agordino come destinazione con tutte le carte in regola per la&hellip;<\/p>\n","protected":false},"author":1,"featured_media":90414,"comment_status":"closed","ping_status":"closed","sticky":false,"template":"","format":"standard","meta":{"_monsterinsights_skip_tracking":false,"_monsterinsights_sitenote_active":false,"_monsterinsights_sitenote_note":"","_monsterinsights_sitenote_category":0,"footnotes":""},"categories":[49],"tags":[],"class_list":["post-90413","post","type-post","status-publish","format-standard","has-post-thumbnail","hentry","category-news-18","category-49","description-off"],"img_url":"https:\/\/www.radiopiu.net\/wordpress\/wp-content\/uploads\/2019\/07\/aaa.png","_links":{"self":[{"href":"https:\/\/www.radiopiu.net\/wordpress\/wp-json\/wp\/v2\/posts\/90413","targetHints":{"allow":["GET"]}}],"collection":[{"href":"https:\/\/www.radiopiu.net\/wordpress\/wp-json\/wp\/v2\/posts"}],"about":[{"href":"https:\/\/www.radiopiu.net\/wordpress\/wp-json\/wp\/v2\/types\/post"}],"author":[{"embeddable":true,"href":"https:\/\/www.radiopiu.net\/wordpress\/wp-json\/wp\/v2\/users\/1"}],"replies":[{"embeddable":true,"href":"https:\/\/www.radiopiu.net\/wordpress\/wp-json\/wp\/v2\/comments?post=90413"}],"version-history":[{"count":0,"href":"https:\/\/www.radiopiu.net\/wordpress\/wp-json\/wp\/v2\/posts\/90413\/revisions"}],"wp:featuredmedia":[{"embeddable":true,"href":"https:\/\/www.radiopiu.net\/wordpress\/wp-json\/wp\/v2\/media\/90414"}],"wp:attachment":[{"href":"https:\/\/www.radiopiu.net\/wordpress\/wp-json\/wp\/v2\/media?parent=90413"}],"wp:term":[{"taxonomy":"category","embeddable":true,"href":"https:\/\/www.radiopiu.net\/wordpress\/wp-json\/wp\/v2\/categories?post=90413"},{"taxonomy":"post_tag","embeddable":true,"href":"https:\/\/www.radiopiu.net\/wordpress\/wp-json\/wp\/v2\/tags?post=90413"}],"curies":[{"name":"wp","href":"https:\/\/api.w.org\/{rel}","templated":true}]}}