{"id":90451,"date":"2019-07-02T23:07:34","date_gmt":"2019-07-02T21:07:34","guid":{"rendered":"http:\/\/www.radiopiu.net\/wordpress\/?p=90451"},"modified":"2019-07-05T08:33:27","modified_gmt":"2019-07-05T06:33:27","slug":"che-il-filo-di-seta-che-unisce-agordo-e-zugliano-sia-ben-saldo-e-annodato-come-dimostra-lamicizia-tra-le-due-comunita","status":"publish","type":"post","link":"https:\/\/www.radiopiu.net\/wordpress\/che-il-filo-di-seta-che-unisce-agordo-e-zugliano-sia-ben-saldo-e-annodato-come-dimostra-lamicizia-tra-le-due-comunita\/","title":{"rendered":"Che il filo di seta che unisce Agordo e Zugliano sia ben saldo e annodato come dimostra l&#8217;amicizia tra le due comunit\u00e0"},"content":{"rendered":"<p><strong>AGORDO<\/strong> Lo scorso fine settimana ad Agordo, oltre alla Sagra di San Piero, si sono festeggiati i 30 anni del gemellaggio con Zugliano (Vicenza). Venerd\u00ec 28 giugno un gruppo di ciclisti Vicentini ha scelto Agordo come tappa di un\u00a0 tour tra le Dolomiti sulle\u00a0 due ruote. Ad accogliere gli ospiti c&#8217;era una delegazione del Comitato di Gemellaggio e l&#8217;Assessore Chiara Fontanive che ha portato il saluto dell&#8217;Amministrazione di Agordo. Il giorno successivo \u00e8 stato presentato il libro &#8220;Il filo di seta tra Agordo e Zugliano&#8221;. L&#8217;evento \u00e8 stato introdotto in maniera egregia da Loris Santomaso che ha ricordato l&#8217;origine del gemellaggio tra le due comunit\u00e0 ed il suo sviluppo fino ad oggi. Dopo i ringraziamenti della Presidente del Comitato Michela Paganin, i tre autori hanno approfondito alcuni aspetti significativi. Patrizio De Ventura del Circolo Culturale Agordino ha parlato della difficile situazione economica e agricola in cui versava il nostro territorio nella seconda met\u00e0 dell&#8217;Ottocento. Proprio l&#8217;estrema povert\u00e0 ha costretto molte persone (tra cui diverse donne Agordine) a trovare un lavoro altrove. Giulio Dalla Ricca del gruppo storico di Zugliano ha spiegato come nel paese Vicentino vi fosse in quegli anni una forte innovazione tecnologica che aveva portato all&#8217;apertura di un cascamificio per la filatura della seta. Nella zona infatti era molto diffuso l&#8217;allevamento dei bachi. Il cascamificio richiedeva molta manodopera femminile e per questa ragione diverse lavoratrici Agordine sono andate a Zugliano. Arianna Brazzale sempre del gruppo storico di Zugliano ha spiegato che nelle lavoratrici Agordine, oltre alla speranza di una remunerazione economica pi\u00f9 alta, c&#8217;era anche il desiderio di costruirsi una posizione sociale migliore. La volont\u00e0 di un riscatto sociale le ha spinte a trasferirsi a Zugliano. Molte di loro hanno trovato l\u00ec una nuova famiglia e si sono definitivamente trasferite pur mantenendo nel cuore il legame con l&#8217;Agordino e le Dolomiti. L&#8217;emigrazione delle nostre lavoratrici ha rappresentato, a detta di Don Danilo Povolo che aveva condotto una ricerca storica molto importante su questo tema, un rinnovamento per la comunit\u00e0 di Zugliano. Da qui l&#8217;origine del gemellaggio. I due Sindaci, Sandro Maculan e Roberto Chissal\u00e8 auspicano che il filo di seta che unisce Agordo e Zugliano sia ben saldo e annodato come dimostra l&#8217;amicizia tra le due comunit\u00e0 in questi 30 anni. Un grande ringraziamento \u00e8 stato rivolto dai due Amministratori al Comitato di Gemellaggio e alle associazioni locali che hanno lavorato e lavoreranno per mantenere vivo questo legame. Il sindaco e gli amici di Zugliano presenti\u00a0 hanno avuto modo di incontrare molti componenti della nuova amministrazione di Agordo. Al termine ringraziamenti per tutti.<\/p>\n<p><a class=\"dt-pswp-item\" href=\"http:\/\/www.radiopiu.net\/wordpress\/wp-content\/uploads\/2019\/07\/Loris-e-Autori.jpg\" data-dt-img-description=\"\" data-large_image_width=\"3810\" data-large_image_height=\"2887\"><img loading=\"lazy\" decoding=\"async\" class=\"alignnone size-medium wp-image-90452\" src=\"http:\/\/www.radiopiu.net\/wordpress\/wp-content\/uploads\/2019\/07\/Loris-e-Autori-300x227.jpg\" alt=\"\" width=\"300\" height=\"227\" srcset=\"https:\/\/www.radiopiu.net\/wordpress\/wp-content\/uploads\/2019\/07\/Loris-e-Autori-300x227.jpg 300w, https:\/\/www.radiopiu.net\/wordpress\/wp-content\/uploads\/2019\/07\/Loris-e-Autori-768x582.jpg 768w, https:\/\/www.radiopiu.net\/wordpress\/wp-content\/uploads\/2019\/07\/Loris-e-Autori-1024x776.jpg 1024w\" sizes=\"auto, (max-width: 300px) 100vw, 300px\" \/><\/a><a class=\"dt-pswp-item\" href=\"http:\/\/www.radiopiu.net\/wordpress\/wp-content\/uploads\/2019\/07\/LorisConGliAutori.jpg\" data-dt-img-description=\"\" data-large_image_width=\"4928\" data-large_image_height=\"3264\"><img loading=\"lazy\" decoding=\"async\" class=\"alignnone  wp-image-90453\" src=\"http:\/\/www.radiopiu.net\/wordpress\/wp-content\/uploads\/2019\/07\/LorisConGliAutori-300x199.jpg\" alt=\"\" width=\"341\" height=\"225\" srcset=\"https:\/\/www.radiopiu.net\/wordpress\/wp-content\/uploads\/2019\/07\/LorisConGliAutori-300x199.jpg 300w, https:\/\/www.radiopiu.net\/wordpress\/wp-content\/uploads\/2019\/07\/LorisConGliAutori-768x509.jpg 768w, https:\/\/www.radiopiu.net\/wordpress\/wp-content\/uploads\/2019\/07\/LorisConGliAutori-1024x678.jpg 1024w\" sizes=\"auto, (max-width: 341px) 100vw, 341px\" \/><\/a><a class=\"dt-pswp-item\" href=\"http:\/\/www.radiopiu.net\/wordpress\/wp-content\/uploads\/2019\/07\/Ciclisti-al-Tendone.jpg\" data-dt-img-description=\"\" data-large_image_width=\"1280\" data-large_image_height=\"768\"><img loading=\"lazy\" decoding=\"async\" class=\"alignnone  wp-image-90454\" src=\"http:\/\/www.radiopiu.net\/wordpress\/wp-content\/uploads\/2019\/07\/Ciclisti-al-Tendone-300x180.jpg\" alt=\"\" width=\"377\" height=\"226\" srcset=\"https:\/\/www.radiopiu.net\/wordpress\/wp-content\/uploads\/2019\/07\/Ciclisti-al-Tendone-300x180.jpg 300w, https:\/\/www.radiopiu.net\/wordpress\/wp-content\/uploads\/2019\/07\/Ciclisti-al-Tendone-768x461.jpg 768w, https:\/\/www.radiopiu.net\/wordpress\/wp-content\/uploads\/2019\/07\/Ciclisti-al-Tendone-1024x614.jpg 1024w, https:\/\/www.radiopiu.net\/wordpress\/wp-content\/uploads\/2019\/07\/Ciclisti-al-Tendone.jpg 1280w\" sizes=\"auto, (max-width: 377px) 100vw, 377px\" \/><\/a><a class=\"dt-pswp-item\" href=\"http:\/\/www.radiopiu.net\/wordpress\/wp-content\/uploads\/2019\/07\/Ciclisti-al-municipio.jpg\" data-dt-img-description=\"\" data-large_image_width=\"800\" data-large_image_height=\"600\"><img loading=\"lazy\" decoding=\"async\" class=\"alignnone wp-image-90455 size-full\" src=\"http:\/\/www.radiopiu.net\/wordpress\/wp-content\/uploads\/2019\/07\/Ciclisti-al-municipio.jpg\" alt=\"\" width=\"800\" height=\"600\" srcset=\"https:\/\/www.radiopiu.net\/wordpress\/wp-content\/uploads\/2019\/07\/Ciclisti-al-municipio.jpg 800w, https:\/\/www.radiopiu.net\/wordpress\/wp-content\/uploads\/2019\/07\/Ciclisti-al-municipio-300x225.jpg 300w, https:\/\/www.radiopiu.net\/wordpress\/wp-content\/uploads\/2019\/07\/Ciclisti-al-municipio-768x576.jpg 768w\" sizes=\"auto, (max-width: 800px) 100vw, 800px\" \/><\/a><\/p>\n<p>&nbsp;<\/p>\n","protected":false},"excerpt":{"rendered":"<p>AGORDO Lo scorso fine settimana ad Agordo, oltre alla Sagra di San Piero, si sono festeggiati i 30 anni del gemellaggio con Zugliano (Vicenza). Venerd\u00ec 28 giugno un gruppo di ciclisti Vicentini ha scelto Agordo come tappa di un\u00a0 tour tra le Dolomiti sulle\u00a0 due ruote. Ad accogliere gli ospiti c&#8217;era una delegazione del Comitato&hellip;<\/p>\n","protected":false},"author":1,"featured_media":90454,"comment_status":"closed","ping_status":"closed","sticky":false,"template":"","format":"standard","meta":{"_monsterinsights_skip_tracking":false,"_monsterinsights_sitenote_active":false,"_monsterinsights_sitenote_note":"","_monsterinsights_sitenote_category":0,"footnotes":""},"categories":[103,49],"tags":[],"class_list":["post-90451","post","type-post","status-publish","format-standard","has-post-thumbnail","hentry","category-evidenza_2","category-news-18","category-103","category-49","description-off"],"img_url":"https:\/\/www.radiopiu.net\/wordpress\/wp-content\/uploads\/2019\/07\/Ciclisti-al-Tendone.jpg","_links":{"self":[{"href":"https:\/\/www.radiopiu.net\/wordpress\/wp-json\/wp\/v2\/posts\/90451","targetHints":{"allow":["GET"]}}],"collection":[{"href":"https:\/\/www.radiopiu.net\/wordpress\/wp-json\/wp\/v2\/posts"}],"about":[{"href":"https:\/\/www.radiopiu.net\/wordpress\/wp-json\/wp\/v2\/types\/post"}],"author":[{"embeddable":true,"href":"https:\/\/www.radiopiu.net\/wordpress\/wp-json\/wp\/v2\/users\/1"}],"replies":[{"embeddable":true,"href":"https:\/\/www.radiopiu.net\/wordpress\/wp-json\/wp\/v2\/comments?post=90451"}],"version-history":[{"count":0,"href":"https:\/\/www.radiopiu.net\/wordpress\/wp-json\/wp\/v2\/posts\/90451\/revisions"}],"wp:featuredmedia":[{"embeddable":true,"href":"https:\/\/www.radiopiu.net\/wordpress\/wp-json\/wp\/v2\/media\/90454"}],"wp:attachment":[{"href":"https:\/\/www.radiopiu.net\/wordpress\/wp-json\/wp\/v2\/media?parent=90451"}],"wp:term":[{"taxonomy":"category","embeddable":true,"href":"https:\/\/www.radiopiu.net\/wordpress\/wp-json\/wp\/v2\/categories?post=90451"},{"taxonomy":"post_tag","embeddable":true,"href":"https:\/\/www.radiopiu.net\/wordpress\/wp-json\/wp\/v2\/tags?post=90451"}],"curies":[{"name":"wp","href":"https:\/\/api.w.org\/{rel}","templated":true}]}}