{"id":90508,"date":"2019-07-02T23:59:01","date_gmt":"2019-07-02T21:59:01","guid":{"rendered":"http:\/\/www.radiopiu.net\/wordpress\/?p=90508"},"modified":"2019-07-03T20:02:48","modified_gmt":"2019-07-03T18:02:48","slug":"ritrovato-il-cane-dopo-giorni-di-appelli-e-soprattutto-dopo-le-indagini-dei-carabinieri-di-feltre","status":"publish","type":"post","link":"https:\/\/www.radiopiu.net\/wordpress\/ritrovato-il-cane-dopo-giorni-di-appelli-e-soprattutto-dopo-le-indagini-dei-carabinieri-di-feltre\/","title":{"rendered":"RITROVATO IL CANE DOPO GIORNI DI APPELLI E SOPRATTUTTO DOPO LE INDAGINI DEI CARABINIERI DI FELTRE"},"content":{"rendered":"<h2><\/h2>\n<blockquote>\n<blockquote><p><a class=\"dt-pswp-item\" href=\"http:\/\/www.radiopiu.net\/wordpress\/wp-content\/uploads\/2019\/07\/64634031_10211490624980097_4368559327233966080_n.jpg\" data-dt-img-description=\"\" data-large_image_width=\"720\" data-large_image_height=\"960\"><img loading=\"lazy\" decoding=\"async\" class=\"size-medium wp-image-90507 alignleft\" src=\"http:\/\/www.radiopiu.net\/wordpress\/wp-content\/uploads\/2019\/07\/64634031_10211490624980097_4368559327233966080_n-225x300.jpg\" alt=\"\" width=\"225\" height=\"300\" srcset=\"https:\/\/www.radiopiu.net\/wordpress\/wp-content\/uploads\/2019\/07\/64634031_10211490624980097_4368559327233966080_n-225x300.jpg 225w, https:\/\/www.radiopiu.net\/wordpress\/wp-content\/uploads\/2019\/07\/64634031_10211490624980097_4368559327233966080_n.jpg 720w\" sizes=\"auto, (max-width: 225px) 100vw, 225px\" \/><\/a>Nel corso di queste due settimane, molteplici sono stati gli appelli lanciati nei gruppi social e da Radio Pi\u00f9.Ieri l&#8217;epilogo di una vicenda, che stava diventando ogni giorno pi\u00f9 dolorosa e preoccupante. Alle 15 Dori e Alan hano postato un messaggio gonfio di sollievo e anche di emozione:<em> \u00abCiao a tutti, oggi \u00e8 finalmente ritornato Zuma. Un grazie di cuore a tutte le persone che ci hanno aiutato a ritrovarlo e specialmente alle forze dell&#8217;ordine di Sedico\u00bb.<\/em>Una pattuglia \u00e8 arrivata a Fontanafredda, per prelevare il cane e riportarlo a casa<\/p><\/blockquote>\n<p><strong>SEDICO<\/strong> Zuma \u00e8 stato ritrovato, \u00e8 il cane pastore siciliano rubato a Sedico e ritrovato a Fontanafredda in un rifugio, privato del chip.I militari della Compagnia di Feltre hanno chiuso le indagini, partite dopo la denuncia di Alan e Dori Precoma e proseguite sulla base delle immagini girate dalla telecamera di sorveglianza di una vicina di casa, che aveva ripreso due individui nell&#8217;atto di aprire il cancello, entrare nel giardino e portare via l&#8217;animale. ILIANA COMINA esperta della materia e voce di RADIOPIU: Il\u00abse c&#8217;\u00e8 la sensazione che un cane non stia bene, si seguono strade completamente diverse. <em>Non \u00e8 che qualcuno va a prenderlo e se lo porta via, ci mancherebbe. Conosco il caso e so che Zuma non era maltrattato\u00bb.<\/em>Eppure c&#8217;\u00e8 chi gli ha estirpato il microchip<em>: \u00ab\u00c8 un&#8217;operazione, questa, che pu\u00f2 fare soltanto un veterinario, perch\u00e9 l&#8217;animale va sedato, in quanto \u00e8 come un piccolo intervento chirurgico e provoca senz&#8217;altro dolore. Non pu\u00f2 certo eseguirlo chissachi'&#8221;<\/em><\/p><\/blockquote>\n<p>&nbsp;<\/p>\n<p>&nbsp;<\/p>\n","protected":false},"excerpt":{"rendered":"<p>Nel corso di queste due settimane, molteplici sono stati gli appelli lanciati nei gruppi social e da Radio Pi\u00f9.Ieri l&#8217;epilogo di una vicenda, che stava diventando ogni giorno pi\u00f9 dolorosa e preoccupante. Alle 15 Dori e Alan hano postato un messaggio gonfio di sollievo e anche di emozione: \u00abCiao a tutti, oggi \u00e8 finalmente ritornato&hellip;<\/p>\n","protected":false},"author":1,"featured_media":90507,"comment_status":"closed","ping_status":"closed","sticky":false,"template":"","format":"standard","meta":{"_monsterinsights_skip_tracking":false,"_monsterinsights_sitenote_active":false,"_monsterinsights_sitenote_note":"","_monsterinsights_sitenote_category":0,"footnotes":""},"categories":[51,49],"tags":[],"class_list":["post-90508","post","type-post","status-publish","format-standard","has-post-thumbnail","hentry","category-evidenza-top","category-news-18","category-51","category-49","description-off"],"img_url":"https:\/\/www.radiopiu.net\/wordpress\/wp-content\/uploads\/2019\/07\/64634031_10211490624980097_4368559327233966080_n.jpg","_links":{"self":[{"href":"https:\/\/www.radiopiu.net\/wordpress\/wp-json\/wp\/v2\/posts\/90508","targetHints":{"allow":["GET"]}}],"collection":[{"href":"https:\/\/www.radiopiu.net\/wordpress\/wp-json\/wp\/v2\/posts"}],"about":[{"href":"https:\/\/www.radiopiu.net\/wordpress\/wp-json\/wp\/v2\/types\/post"}],"author":[{"embeddable":true,"href":"https:\/\/www.radiopiu.net\/wordpress\/wp-json\/wp\/v2\/users\/1"}],"replies":[{"embeddable":true,"href":"https:\/\/www.radiopiu.net\/wordpress\/wp-json\/wp\/v2\/comments?post=90508"}],"version-history":[{"count":0,"href":"https:\/\/www.radiopiu.net\/wordpress\/wp-json\/wp\/v2\/posts\/90508\/revisions"}],"wp:featuredmedia":[{"embeddable":true,"href":"https:\/\/www.radiopiu.net\/wordpress\/wp-json\/wp\/v2\/media\/90507"}],"wp:attachment":[{"href":"https:\/\/www.radiopiu.net\/wordpress\/wp-json\/wp\/v2\/media?parent=90508"}],"wp:term":[{"taxonomy":"category","embeddable":true,"href":"https:\/\/www.radiopiu.net\/wordpress\/wp-json\/wp\/v2\/categories?post=90508"},{"taxonomy":"post_tag","embeddable":true,"href":"https:\/\/www.radiopiu.net\/wordpress\/wp-json\/wp\/v2\/tags?post=90508"}],"curies":[{"name":"wp","href":"https:\/\/api.w.org\/{rel}","templated":true}]}}