{"id":90516,"date":"2019-07-04T05:44:17","date_gmt":"2019-07-04T03:44:17","guid":{"rendered":"http:\/\/www.radiopiu.net\/wordpress\/?p=90516"},"modified":"2019-07-04T11:48:55","modified_gmt":"2019-07-04T09:48:55","slug":"giornale-radiopiu-04-luglio-2019-direttore-mirko-mezzacasa","status":"publish","type":"post","link":"https:\/\/www.radiopiu.net\/wordpress\/giornale-radiopiu-04-luglio-2019-direttore-mirko-mezzacasa\/","title":{"rendered":"GIORNALE RADIOPIU 04 LUGLIO 2019 DIRETTORE MIRKO MEZZACASA"},"content":{"rendered":"<p><strong>Una giornata difficile quella di ieri,<\/strong> per forze dell&#8217;ordine, vigili del fuoco, Soccorso Alpino, sindaci e volontari. L&#8217;incidente mortale di Auronzo strappa la vita alla giovane Giulia Larese Casanova una ragazza buona che ha sempre reagito alle &#8220;cattiverie&#8221; di una vita quando ha perso entrambi i genitori Franco e Romana: un triste destino. Nello zoldano il Soccorso Alpino ha levato dai guai un gruppo di scout, e un&#8217;altra famiglia, cos\u00ec in Valle di Gares, come al solito sono stati snobbati i messaggi di allarme e i bollettini meteo che invitavano a starsene a casa. A Caprile di Alleghe la frana contro la palestra che ha interessato la strada per Colle Santa Lucia, a Longarone un furgone \u00e8 finito contro la recinzione della ferrovia bloccando per 2 ore il traffico ferroviario. A Sedico \u00e8 stata rubata una mercedes ritrovata a Bologna.<\/p>\n<p><strong>NELLE ULTIME 24 ORE, ACCESSI AL SITO INTERNET DI RADIO PIU:<\/strong><\/p>\n<table class=\"statsDay\" cellspacing=\"0\">\n<tbody>\n<tr class=\"total\">\n<td class=\"label\"><strong>Visite totali agli articoli del blog<\/strong><\/td>\n<td class=\"more\"><\/td>\n<td class=\"views\"><strong>32.364<\/strong><\/td>\n<\/tr>\n<\/tbody>\n<\/table>\n<p>&nbsp;<\/p>\n<p>&nbsp;<\/p>\n<h2>LA BELLA NOTIZIA, CONTROCORRENTE<\/h2>\n<div class=\"articlePlainText\"><strong><a class=\"dt-pswp-item\" href=\"http:\/\/www.radiopiu.net\/wordpress\/wp-content\/uploads\/2019\/07\/WhatsApp-Image-2019-07-03-at-09.34.07-1.jpeg\" data-dt-img-description=\"\" data-large_image_width=\"537\" data-large_image_height=\"656\"><img loading=\"lazy\" decoding=\"async\" class=\" wp-image-90627 alignleft\" src=\"http:\/\/www.radiopiu.net\/wordpress\/wp-content\/uploads\/2019\/07\/WhatsApp-Image-2019-07-03-at-09.34.07-1-246x300.jpeg\" alt=\"\" width=\"191\" height=\"233\" srcset=\"https:\/\/www.radiopiu.net\/wordpress\/wp-content\/uploads\/2019\/07\/WhatsApp-Image-2019-07-03-at-09.34.07-1-246x300.jpeg 246w, https:\/\/www.radiopiu.net\/wordpress\/wp-content\/uploads\/2019\/07\/WhatsApp-Image-2019-07-03-at-09.34.07-1.jpeg 537w\" sizes=\"auto, (max-width: 191px) 100vw, 191px\" \/><\/a>FELTRE.<\/strong> Il dottor Massimo Palmieri stimato cardiologo ha lasciato l&#8217;ospedale San Salvatore di Bologna (dove era dirigente di primo livello con incarico organizzativo\/gestionale degli ambulatori), e ha scelto di portare al Santa Maria del Prato quarant&#8217;anni di clinica cardiologica, con specializzazioni in aritmologia e in medicina dell&#8217;emergenza traumatologica come medico della Federazione motociclistica italiana affiliata al Coni.A 65 anni Massimo Palmieri ha deciso di rimettere il suo mandato nel Bolognese per prestare servizio a Feltre dove, da luned\u00ec, arricchisce la squadra di cardiologia diretta da Aldo Bonso. Il professionista, fresco di specializzazione, era stato medico co-fondatore del reparto di cardiologia e di unit\u00e0 coronarica dell&#8217;ospedale Maggiore di Bologna. E ha un curriculum di tutto rispetto, oltre alla determinazione di diventare cardiologo fin dall&#8217;adolescenza, decisione maturata dopo aver assistito alla morte del nonno in una localit\u00e0 di montagna.<\/div>\n<div><\/div>\n<blockquote>\n<div><strong>CURRICULUM DIRIGENTE MEDICO CARDIOLOGIA<br \/>\n<a class=\"dt-pswp-item\" href=\"http:\/\/www.radiopiu.net\/wordpress\/wp-content\/uploads\/2019\/07\/WhatsApp-Image-2019-07-03-at-09.34.07.jpeg\" data-dt-img-description=\"\" data-large_image_width=\"480\" data-large_image_height=\"864\"><img loading=\"lazy\" decoding=\"async\" class=\"size-medium wp-image-90628 alignleft\" src=\"http:\/\/www.radiopiu.net\/wordpress\/wp-content\/uploads\/2019\/07\/WhatsApp-Image-2019-07-03-at-09.34.07-167x300.jpeg\" alt=\"\" width=\"167\" height=\"300\" srcset=\"https:\/\/www.radiopiu.net\/wordpress\/wp-content\/uploads\/2019\/07\/WhatsApp-Image-2019-07-03-at-09.34.07-167x300.jpeg 167w, https:\/\/www.radiopiu.net\/wordpress\/wp-content\/uploads\/2019\/07\/WhatsApp-Image-2019-07-03-at-09.34.07.jpeg 480w\" sizes=\"auto, (max-width: 167px) 100vw, 167px\" \/><\/a>Da Febbraio 2015 Dirigente Medico I livello con incarico organizzativo\/gestionale Ambulatori Cardiologia presso l&#8217;Ospedale S.Salvatore di San Giovanni in Persiceto (Bo) AUSL Bologna Citt<br \/>\nDa Settembre 1989 Idoneit Aiuto Coresponsabile di Cardiologia Da Settembre 1988 Dirigente Medico I Livello AUSL Bologna Citt Bologna Medico Chirurgo Laurea presso Universit degli Studi di Bologna 24\/7\/1980 Specialista in Cardiologia Specializzazione presso Universit degli Studi di Firenze 1986<br \/>\n<\/strong><\/div>\n<div><\/div>\n<div><strong>Attivit\u00e0 di Perfezionamento Post-Laurea<\/strong> Tirocinio pratico ospedaliero prestato presso il Servizio di Cardiologia dell&#8217;Ospedale Maggiore di Bologna USL 27 nel periodo 1.10.81 &#8211; 31.3.82 Frequenza volontaria presso il Servizio di Cardiologia della USL 27 Bologna Ovest dal 27.9.82 al 15.10.85<br \/>\n(svolta secondo le disposizioni dell\u2019ordinanza presidenziale n\u00b0 0208 del 24.9.82) Partecipazione a Corsi di Aggiornamento con Esame Finale 3\u00b0 Corso di Aggiornamento <a class=\"dt-pswp-item\" href=\"http:\/\/www.radiopiu.net\/wordpress\/wp-content\/uploads\/2019\/07\/WhatsApp-Image-2019-07-03-at-09.34.07-2.jpeg\" data-dt-img-description=\"\" data-large_image_width=\"433\" data-large_image_height=\"469\"><img loading=\"lazy\" decoding=\"async\" class=\"size-medium wp-image-90626 alignright\" src=\"http:\/\/www.radiopiu.net\/wordpress\/wp-content\/uploads\/2019\/07\/WhatsApp-Image-2019-07-03-at-09.34.07-2-277x300.jpeg\" alt=\"\" width=\"277\" height=\"300\" srcset=\"https:\/\/www.radiopiu.net\/wordpress\/wp-content\/uploads\/2019\/07\/WhatsApp-Image-2019-07-03-at-09.34.07-2-277x300.jpeg 277w, https:\/\/www.radiopiu.net\/wordpress\/wp-content\/uploads\/2019\/07\/WhatsApp-Image-2019-07-03-at-09.34.07-2.jpeg 433w\" sizes=\"auto, (max-width: 277px) 100vw, 277px\" \/><\/a>in Medicina e Traumatologia dello Sport. Universit\u00e0 degli Studi di Ancona e Pesaro Urbino . Pesaro 26-27 Novembre 1982<br \/>\nCorso Post-Universitario in Aritmologia C.I.C. e Ministero della Sanit\u00e0 Roma 13\/6\/82 &#8211; 26.3.83<br \/>\n2\u00b0 Corso di Aggiornamento su &#8220;Giornate dedicate alla qualificazione e alla razionalizzazione dell&#8217;uso dei farmaci&#8221; USL 27 Bologna Ovest\u00a0 Bologna 14.1.87 &#8211; 28.5.87 Corso di Aggiornamento su &#8220;Messa a punto di protocolli diagnostici e terapeutici nella moderna cardiologia&#8221; . USL 27 Bologna Ovest<br \/>\nBologna 28.10.86 &#8211; 7.7.8<\/div>\n<div><\/div>\n<div><strong>Altre attivit\u00e0<\/strong> Vincitore di Borsa di studio per ricerche sulla terapia della insufficienza cardiaca da svolgere presso il Servizio di Cardiologia della USL 27 Bologna Ovest di durata annuale<br \/>\nDocente: Corso di aggiornamento per personale di reparti di cardiologia svolto dalla USL 27 Bologna Ovest (delibera 51E del 9.6.1990) Docente: Corso Propedeutico per l&#8217;Emergenza territoriale<br \/>\nex art. 22 del DPR 41\/91 organizzato dalla USL 27 Bologna Ovest (Bologna Giugno 1992).<br \/>\nTraduzione del testo &#8221; L&#8217;Elettrocardiografia nella pratica clinica &#8221; Piccin Editore Padova<br \/>\nCollaborazione alla II edizione del testo &#8221; Clinica e Terapia delle Aritmie&#8221; Piccin Editore Padova 1992<\/div>\n<\/blockquote>\n<p>&nbsp;<\/p>\n<p>&nbsp;<\/p>\n<p><span style=\"color: #ff0000;\"><strong><a class=\"dt-pswp-item\" href=\"http:\/\/www.radiopiu.net\/wordpress\/wp-content\/uploads\/2019\/07\/21231208_1428419980586085_1115215269049052745_n.jpg\" data-dt-img-description=\"\" data-large_image_width=\"661\" data-large_image_height=\"661\"><img loading=\"lazy\" decoding=\"async\" class=\" wp-image-90482 alignleft\" src=\"http:\/\/www.radiopiu.net\/wordpress\/wp-content\/uploads\/2019\/07\/21231208_1428419980586085_1115215269049052745_n-300x300.jpg\" alt=\"\" width=\"145\" height=\"145\" srcset=\"https:\/\/www.radiopiu.net\/wordpress\/wp-content\/uploads\/2019\/07\/21231208_1428419980586085_1115215269049052745_n-300x300.jpg 300w, https:\/\/www.radiopiu.net\/wordpress\/wp-content\/uploads\/2019\/07\/21231208_1428419980586085_1115215269049052745_n-150x150.jpg 150w, https:\/\/www.radiopiu.net\/wordpress\/wp-content\/uploads\/2019\/07\/21231208_1428419980586085_1115215269049052745_n.jpg 661w\" sizes=\"auto, (max-width: 145px) 100vw, 145px\" \/><\/a><\/strong><\/span><\/p>\n<p><span style=\"color: #ff0000;\"><strong>PER IL SECONDO ANNO, PER TUTTA L&#8217;ESTATE: LA &#8220;FABBRICA DELLE EMOZIONI&#8221;, IN COLLABORAZIONE CON\u00a0<a class=\"profileLink\" style=\"color: #ff0000;\" href=\"https:\/\/www.facebook.com\/dersut.taibon\/?__tn__=K-R&amp;eid=ARAWHGS4pY7ErSAGuNNMHp-xra7d294ysugnpoUicWkeK9rjbvd86RDR3SHV57JuBTC7yrMP85kcC7oy&amp;fref=mentions&amp;__xts__%5B0%5D=68.ARA8kEGfdeZlMevmYpMAmAmJ7ziHM_3WogqE61anVHM5V-Ht7pYFd4NJRcEVlK7VIq__zFsG6G8vsxxKnVF1SBmpERHebECtYKNHrf4mG4C4wVmPxxn4uj_nmTIeZglrdIyUPa0dnE3usWWzci033oOnyRS5XDhoavIU-eTU85t_Wp6jFT0-ULRP932r4STxN16bdptt8cef\" data-hovercard=\"\/ajax\/hovercard\/page.php?id=904939246267497&amp;extragetparams=%7B%22__tn__%22%3A%22%2CdK-R-R%22%2C%22eid%22%3A%22ARAWHGS4pY7ErSAGuNNMHp-xra7d294ysugnpoUicWkeK9rjbvd86RDR3SHV57JuBTC7yrMP85kcC7oy%22%2C%22fref%22%3A%22mentions%22%7D\" data-hovercard-prefer-more-content-show=\"1\">Dersut Taibon<\/a>\u00a0EVENTI, APPUNTAMENTI, DIVERTIMENTI NELLA VALLATA AGORDINA. IN ONDA ALLA RADIO NEI NOTIZIARI E NEGLI APPROFONDIMENTI ALLA RADIO E SUL SITO\u00a0<a style=\"color: #ff0000;\" href=\"http:\/\/www.radiopiu.net\/?fbclid=IwAR3Zckh6EArPlP9el3_APl-CxxkfxeumpcmQ4v9HIwZohBUQuztQ4jOimzE\" target=\"_blank\" rel=\"noopener nofollow noreferrer\" data-ft=\"{&quot;tn&quot;:&quot;-U&quot;}\" data-lynx-mode=\"async\" data-lynx-uri=\"https:\/\/l.facebook.com\/l.php?u=http%3A%2F%2FWWW.RADIOPIU.NET%2F%3Ffbclid%3DIwAR3Zckh6EArPlP9el3_APl-CxxkfxeumpcmQ4v9HIwZohBUQuztQ4jOimzE&amp;h=AT3iK2sNf9WjhvLB7AaqYnWzUdWcBNNS_1cXI6UJ3eEvhP4Ym5v2vemsj9TpyM0_qzzb9gjT9sJhgm4I2ZXxgJSAlUfvNTaJwITPvOvqfAuTNdwnWON3ic-lvSbJXWzM3FVSvAgPffEqbH4dYL2TEG6D6xs5TZHrlhUGtTKMYKoPXpBJIF8ke0VZdFkl3YQ7tGdqat-r6rzvDTprheLIjQ7jKZPmLRbVLu1fIKQ2jHEQkMU8LzIZvt_s5FE3Fxl6fUw_HG6Kz2ygpE7qxE3yIyhlOk0wt55c_6ZWHfM2I0PFlpPFgNhCDJwFSVFieE73_LsmFyKeJSBqSnd9p7KBuOYgQAQepyVC8du7dtfKvd60oOKKb1xchMvMyu9mMRYGRKi2y8I7U2WlGyyKbcYHubfjzWI02WXZXcSE97K_yFCYyeqZ2T_hgQJ7vzHhfBlDLdaXxkE\">WWW.RADIOPIU.NET<\/a><\/strong><\/span><\/p>\n<audio class=\"wp-audio-shortcode\" id=\"audio-90516-1\" preload=\"none\" style=\"width: 100%;\" controls=\"controls\"><source type=\"audio\/mpeg\" src=\"http:\/\/www.radiopiu.net\/wordpress\/wp-content\/uploads\/2019\/07\/FABBRICA-EMOZIONI.mp3?_=1\" \/><a href=\"http:\/\/www.radiopiu.net\/wordpress\/wp-content\/uploads\/2019\/07\/FABBRICA-EMOZIONI.mp3\">http:\/\/www.radiopiu.net\/wordpress\/wp-content\/uploads\/2019\/07\/FABBRICA-EMOZIONI.mp3<\/a><\/audio>\n<h3><\/h3>\n<h3><span style=\"color: #0000ff;\">OGGI ALLA RADIO ALLE 15.10 SPECIALE TENNIS AD AGORDO\u00a0<\/span><br \/>\n<span style=\"color: #0000ff;\">DI CLAUDIO FONTANIVE\u00a0<\/span><\/h3>\n<p><a class=\"dt-pswp-item\" href=\"http:\/\/www.radiopiu.net\/wordpress\/wp-content\/uploads\/2019\/07\/65638947_10219269578153125_1664368035575627776_n.jpg\" data-dt-img-description=\"\" data-large_image_width=\"960\" data-large_image_height=\"466\"><img loading=\"lazy\" decoding=\"async\" class=\"alignnone size-medium wp-image-90643\" src=\"http:\/\/www.radiopiu.net\/wordpress\/wp-content\/uploads\/2019\/07\/65638947_10219269578153125_1664368035575627776_n-300x146.jpg\" alt=\"\" width=\"300\" height=\"146\" srcset=\"https:\/\/www.radiopiu.net\/wordpress\/wp-content\/uploads\/2019\/07\/65638947_10219269578153125_1664368035575627776_n-300x146.jpg 300w, https:\/\/www.radiopiu.net\/wordpress\/wp-content\/uploads\/2019\/07\/65638947_10219269578153125_1664368035575627776_n-768x373.jpg 768w, https:\/\/www.radiopiu.net\/wordpress\/wp-content\/uploads\/2019\/07\/65638947_10219269578153125_1664368035575627776_n.jpg 960w\" sizes=\"auto, (max-width: 300px) 100vw, 300px\" \/><\/a><a class=\"dt-pswp-item\" href=\"http:\/\/www.radiopiu.net\/wordpress\/wp-content\/uploads\/2019\/07\/66036865_10219269576713089_8302190410441162752_n.jpg\" data-dt-img-description=\"\" data-large_image_width=\"960\" data-large_image_height=\"466\"><img loading=\"lazy\" decoding=\"async\" class=\"alignnone size-medium wp-image-90644\" src=\"http:\/\/www.radiopiu.net\/wordpress\/wp-content\/uploads\/2019\/07\/66036865_10219269576713089_8302190410441162752_n-300x146.jpg\" alt=\"\" width=\"300\" height=\"146\" srcset=\"https:\/\/www.radiopiu.net\/wordpress\/wp-content\/uploads\/2019\/07\/66036865_10219269576713089_8302190410441162752_n-300x146.jpg 300w, https:\/\/www.radiopiu.net\/wordpress\/wp-content\/uploads\/2019\/07\/66036865_10219269576713089_8302190410441162752_n-768x373.jpg 768w, https:\/\/www.radiopiu.net\/wordpress\/wp-content\/uploads\/2019\/07\/66036865_10219269576713089_8302190410441162752_n.jpg 960w\" sizes=\"auto, (max-width: 300px) 100vw, 300px\" \/><\/a><\/p>\n<p>&nbsp;<\/p>\n<p>&nbsp;<\/p>\n<p>&nbsp;<\/p>\n<h3><a class=\"dt-pswp-item\" href=\"http:\/\/www.radiopiu.net\/wordpress\/wp-content\/uploads\/2019\/07\/1186865_666909989986580_1230990564_n.jpg\" data-dt-img-description=\"\" data-large_image_width=\"565\" data-large_image_height=\"577\"><img loading=\"lazy\" decoding=\"async\" class=\" wp-image-90601 alignleft\" src=\"http:\/\/www.radiopiu.net\/wordpress\/wp-content\/uploads\/2019\/07\/1186865_666909989986580_1230990564_n-294x300.jpg\" alt=\"\" width=\"205\" height=\"209\" srcset=\"https:\/\/www.radiopiu.net\/wordpress\/wp-content\/uploads\/2019\/07\/1186865_666909989986580_1230990564_n-294x300.jpg 294w, https:\/\/www.radiopiu.net\/wordpress\/wp-content\/uploads\/2019\/07\/1186865_666909989986580_1230990564_n.jpg 565w\" sizes=\"auto, (max-width: 205px) 100vw, 205px\" \/><\/a>INCIDENTE MORTALE DA AURONZO<\/h3>\n<p><strong>AURONZO<\/strong> Ieri nel primo pomeriggio in localit\u00e0 Valgrande a Comelico Superiore ha perso la vita in un incidente stradale la 26enne Giulia Larese Casanova residente ad Auronzo. La ragazza era al volante di una Fiat Panda che per cause in corso di accertamento da parte dei Carabinieri di Santo Stefano di Cadore \u00e8 finita\u00a0 contro un autobus di linea della Dolomitibus condotto da un 39enne dell&#8217;Alpago con a bordo una cinquantina di persone, nessuno \u00e8 ricorso alle cure dei sanitari. L&#8217;incidente lungo la 52 Carnica si \u00e8 verificato mentre imperversava un violento temporale,\u00a0 la giovane ragazza lascia il fratello e il suo amato cane che era a bordo dell&#8217;auto poi consegnato ad un amico di famiglia.<\/p>\n<p>&nbsp;<\/p>\n<p>&nbsp;<\/p>\n<h3><\/h3>\n<h3><\/h3>\n<h3><\/h3>\n<h3>MUORE IN CASA, LO SCOPRE L&#8217;ASSISTENTE<\/h3>\n<p><strong>VENAS<\/strong> Erano le 12 di ieri quando l&#8217;assistente sanitaria si \u00e8 recata nell&#8217;abitazione di Marilisa Fabris 69 anni purtroppo per constatarne il decesso in seguito a cause naturali come accertato dal medico. La donna era sofferente da tempo di alcune importanti patologie.<\/p>\n<p>&nbsp;<\/p>\n<p>&nbsp;<\/p>\n<p>&nbsp;<\/p>\n<h3>TORRENTE INGROSSATO: SOCCORSI NONNI E NIPOTINE<\/h3>\n<p><strong>CANALE D&#8217;AGORDO\u00a0<\/strong> Attorno alle 15\u00a0 di ieri il Soccorso alpino della Val Biois \u00e8 stato allertato dalla Centrale del Suem, per una famiglia bloccata dall&#8217;improvviso ingrossamento di un torrente, dovuto al forte temporale. Scendendo da Malga Stia, infatti, marito, moglie e le 3 nipotine di Farra di Soligo (TV) avevano trovato la strada gi\u00e0 percorsa all&#8217;andata sommersa dall&#8217;acqua, senza vie alternative per il rientro. Sotto la pioggia, una squadra ha raggiunto l&#8217;altra sponda del torrente e, dopo aver abbattuto un albero, ha attrezzato con corde fisse il &#8216;ponte&#8217; ottenuto, per far poi attraversare in sicurezza la coppia e le bambine. I soccorritori hanno infine accompagnato i cinque a Gares, dove avevano la macchina.<\/p>\n<p>&nbsp;<\/p>\n<p>&nbsp;<\/p>\n<p>&nbsp;<\/p>\n<h3>SCOUT NEI GUAI IN VAL DI ZOLDO<\/h3>\n<p><strong>VAL DI ZOLDO<\/strong>I vigili del fuoco sono intervenuti alle 15.30\u00a0 per soccorrere un gruppo scout, 26 bambini e 9 accompagnatori, in localit\u00e0 Pra Longo nel comune di Val di Zoldo. Il gruppo era rimasto bloccato su un sentiero nella localit\u00e0 Al Bach a causa dell&#8217;ingrossamento, causato dalle forti piogge, di un torrente. Il gruppo scout \u00e8 stato recuperato in prossimit\u00e0 del torrente e accompagnato alla vicina colonia &#8220;Parrochia San Florian&#8221; . (in collaborazione con il CNSAS). \u00a0Presenti sul posto con una squadra dei volontari del distaccamento di Zoldo. \u00a0L&#8217;intervento \u00e8 terminato alle 17.<\/p>\n<p>&nbsp;<\/p>\n<h3><\/h3>\n<blockquote>\n<h2>ANCORA UNA GIORNATA DI PAURA. AD ALLEGHE FRANA CONTRO LA PALESTRA, SI E&#8217; TEMUTO IL PEGGIO PER LA STRADA PER COLLE SANTA LUCIA CHE NON HA MAI CHIUSO.\u00a0 DA OGGI SONO PREVISTI LAVORI DI VENETO STRADE.<br \/>\nRUSCELLI SI TRASFORMANO IN TORRENTI IN VALLE DI GARES<\/h2>\n<\/blockquote>\n<p><strong>ALLEGHE<\/strong>\u00a0 Bomba c&#8217;acqua alle 13, si rimette in moto la frana gi\u00e0 attiva nei giorni di Vaia sopra la palestra delle scuole medie, 200 metri di fronte, l&#8217;acqua \u00e8 entrata oltre i muri della palestra rovinando il parquet. Immediato l&#8217;intervento del Comune e Vigili del fuoco. Il sindaco in attesa del geologo (Provincia e Veneto Strade) per un controllo della sede stradale che sale da Caprile a Colle Santa Lucia.<\/p>\n<h2>NOTIZIARIO DELLE 18.30, NESSUN PROBLEMA PER LA STRADA, DA OGGI LAVORI CON VENETO STRADE, MA NON CHIUDERA&#8217;<\/h2>\n<audio class=\"wp-audio-shortcode\" id=\"audio-90516-2\" preload=\"none\" style=\"width: 100%;\" controls=\"controls\"><source type=\"audio\/mpeg\" src=\"http:\/\/www.radiopiu.net\/wordpress\/wp-content\/uploads\/2019\/07\/danilo-1.mp3?_=2\" \/><a href=\"http:\/\/www.radiopiu.net\/wordpress\/wp-content\/uploads\/2019\/07\/danilo-1.mp3\">http:\/\/www.radiopiu.net\/wordpress\/wp-content\/uploads\/2019\/07\/danilo-1.mp3<\/a><\/audio>\n<p>&nbsp;<\/p>\n<p><a class=\"dt-pswp-item\" href=\"http:\/\/www.radiopiu.net\/wordpress\/wp-content\/uploads\/2019\/07\/WhatsApp-Image-2019-07-03-at-16.49.11.jpeg\" data-dt-img-description=\"\" data-large_image_width=\"1200\" data-large_image_height=\"1600\"><img loading=\"lazy\" decoding=\"async\" class=\"alignnone size-medium wp-image-90615\" src=\"http:\/\/www.radiopiu.net\/wordpress\/wp-content\/uploads\/2019\/07\/WhatsApp-Image-2019-07-03-at-16.49.11-225x300.jpeg\" alt=\"\" width=\"225\" height=\"300\" srcset=\"https:\/\/www.radiopiu.net\/wordpress\/wp-content\/uploads\/2019\/07\/WhatsApp-Image-2019-07-03-at-16.49.11-225x300.jpeg 225w, https:\/\/www.radiopiu.net\/wordpress\/wp-content\/uploads\/2019\/07\/WhatsApp-Image-2019-07-03-at-16.49.11-768x1024.jpeg 768w, https:\/\/www.radiopiu.net\/wordpress\/wp-content\/uploads\/2019\/07\/WhatsApp-Image-2019-07-03-at-16.49.11.jpeg 1200w\" sizes=\"auto, (max-width: 225px) 100vw, 225px\" \/><\/a><a class=\"dt-pswp-item\" href=\"http:\/\/www.radiopiu.net\/wordpress\/wp-content\/uploads\/2019\/07\/WhatsApp-Image-2019-07-03-at-16.47.52.jpeg\" data-dt-img-description=\"\" data-large_image_width=\"1600\" data-large_image_height=\"1200\"><img loading=\"lazy\" decoding=\"async\" class=\"alignnone wp-image-90614\" src=\"http:\/\/www.radiopiu.net\/wordpress\/wp-content\/uploads\/2019\/07\/WhatsApp-Image-2019-07-03-at-16.47.52-300x225.jpeg\" alt=\"\" width=\"397\" height=\"299\" srcset=\"https:\/\/www.radiopiu.net\/wordpress\/wp-content\/uploads\/2019\/07\/WhatsApp-Image-2019-07-03-at-16.47.52-300x225.jpeg 300w, https:\/\/www.radiopiu.net\/wordpress\/wp-content\/uploads\/2019\/07\/WhatsApp-Image-2019-07-03-at-16.47.52-768x576.jpeg 768w, https:\/\/www.radiopiu.net\/wordpress\/wp-content\/uploads\/2019\/07\/WhatsApp-Image-2019-07-03-at-16.47.52-1024x768.jpeg 1024w, https:\/\/www.radiopiu.net\/wordpress\/wp-content\/uploads\/2019\/07\/WhatsApp-Image-2019-07-03-at-16.47.52.jpeg 1600w\" sizes=\"auto, (max-width: 397px) 100vw, 397px\" \/><\/a><a class=\"dt-pswp-item\" href=\"http:\/\/www.radiopiu.net\/wordpress\/wp-content\/uploads\/2019\/07\/99bf05bf-aa93-479a-b66b-96a6aa948fba.jpg\" data-dt-img-description=\"\" data-large_image_width=\"1200\" data-large_image_height=\"1600\"><img loading=\"lazy\" decoding=\"async\" class=\"alignnone size-medium wp-image-90548\" src=\"http:\/\/www.radiopiu.net\/wordpress\/wp-content\/uploads\/2019\/07\/99bf05bf-aa93-479a-b66b-96a6aa948fba-225x300.jpg\" alt=\"\" width=\"225\" height=\"300\" srcset=\"https:\/\/www.radiopiu.net\/wordpress\/wp-content\/uploads\/2019\/07\/99bf05bf-aa93-479a-b66b-96a6aa948fba-225x300.jpg 225w, https:\/\/www.radiopiu.net\/wordpress\/wp-content\/uploads\/2019\/07\/99bf05bf-aa93-479a-b66b-96a6aa948fba-768x1024.jpg 768w, https:\/\/www.radiopiu.net\/wordpress\/wp-content\/uploads\/2019\/07\/99bf05bf-aa93-479a-b66b-96a6aa948fba.jpg 1200w\" sizes=\"auto, (max-width: 225px) 100vw, 225px\" \/><\/a><a class=\"dt-pswp-item\" href=\"http:\/\/www.radiopiu.net\/wordpress\/wp-content\/uploads\/2019\/07\/cbb8f79a-10c2-44a2-b1ba-1177239291cf.jpg\" data-dt-img-description=\"\" data-large_image_width=\"1600\" data-large_image_height=\"1200\"><img loading=\"lazy\" decoding=\"async\" class=\"alignnone wp-image-90547\" src=\"http:\/\/www.radiopiu.net\/wordpress\/wp-content\/uploads\/2019\/07\/cbb8f79a-10c2-44a2-b1ba-1177239291cf-300x225.jpg\" alt=\"\" width=\"404\" height=\"304\" srcset=\"https:\/\/www.radiopiu.net\/wordpress\/wp-content\/uploads\/2019\/07\/cbb8f79a-10c2-44a2-b1ba-1177239291cf-300x225.jpg 300w, https:\/\/www.radiopiu.net\/wordpress\/wp-content\/uploads\/2019\/07\/cbb8f79a-10c2-44a2-b1ba-1177239291cf-768x576.jpg 768w, https:\/\/www.radiopiu.net\/wordpress\/wp-content\/uploads\/2019\/07\/cbb8f79a-10c2-44a2-b1ba-1177239291cf-1024x768.jpg 1024w, https:\/\/www.radiopiu.net\/wordpress\/wp-content\/uploads\/2019\/07\/cbb8f79a-10c2-44a2-b1ba-1177239291cf.jpg 1600w\" sizes=\"auto, (max-width: 404px) 100vw, 404px\" \/><\/a><a class=\"dt-pswp-item\" href=\"http:\/\/www.radiopiu.net\/wordpress\/wp-content\/uploads\/2019\/07\/1bc6f766-53f6-48d1-82de-0d080c4625b8.jpg\" data-dt-img-description=\"\" data-large_image_width=\"1200\" data-large_image_height=\"1600\"><img loading=\"lazy\" decoding=\"async\" class=\"alignnone size-medium wp-image-90543\" src=\"http:\/\/www.radiopiu.net\/wordpress\/wp-content\/uploads\/2019\/07\/1bc6f766-53f6-48d1-82de-0d080c4625b8-225x300.jpg\" alt=\"\" width=\"225\" height=\"300\" srcset=\"https:\/\/www.radiopiu.net\/wordpress\/wp-content\/uploads\/2019\/07\/1bc6f766-53f6-48d1-82de-0d080c4625b8-225x300.jpg 225w, https:\/\/www.radiopiu.net\/wordpress\/wp-content\/uploads\/2019\/07\/1bc6f766-53f6-48d1-82de-0d080c4625b8-768x1024.jpg 768w, https:\/\/www.radiopiu.net\/wordpress\/wp-content\/uploads\/2019\/07\/1bc6f766-53f6-48d1-82de-0d080c4625b8.jpg 1200w\" sizes=\"auto, (max-width: 225px) 100vw, 225px\" \/><\/a><a class=\"dt-pswp-item\" href=\"http:\/\/www.radiopiu.net\/wordpress\/wp-content\/uploads\/2019\/07\/4d328b77-ecfc-45c7-b781-381ae4e194ce.jpg\" data-dt-img-description=\"\" data-large_image_width=\"1200\" data-large_image_height=\"1600\"><img loading=\"lazy\" decoding=\"async\" class=\"alignnone size-medium wp-image-90542\" src=\"http:\/\/www.radiopiu.net\/wordpress\/wp-content\/uploads\/2019\/07\/4d328b77-ecfc-45c7-b781-381ae4e194ce-225x300.jpg\" alt=\"\" width=\"225\" height=\"300\" srcset=\"https:\/\/www.radiopiu.net\/wordpress\/wp-content\/uploads\/2019\/07\/4d328b77-ecfc-45c7-b781-381ae4e194ce-225x300.jpg 225w, https:\/\/www.radiopiu.net\/wordpress\/wp-content\/uploads\/2019\/07\/4d328b77-ecfc-45c7-b781-381ae4e194ce-768x1024.jpg 768w, https:\/\/www.radiopiu.net\/wordpress\/wp-content\/uploads\/2019\/07\/4d328b77-ecfc-45c7-b781-381ae4e194ce.jpg 1200w\" sizes=\"auto, (max-width: 225px) 100vw, 225px\" \/><\/a><\/p>\n<h2>VALLE DI GARES, STRADA ALLAGATA, FANGO SULLA ROTABILE PRUDENZA<\/h2>\n<h3>IL SINDACO FLAVIO COLCERGNAN DALLO SPECIALE DELLE 15.00<\/h3>\n<audio class=\"wp-audio-shortcode\" id=\"audio-90516-3\" preload=\"none\" style=\"width: 100%;\" controls=\"controls\"><source type=\"audio\/mpeg\" src=\"http:\/\/www.radiopiu.net\/wordpress\/wp-content\/uploads\/2019\/07\/flavio-colcergnan.mp3?_=3\" \/><a href=\"http:\/\/www.radiopiu.net\/wordpress\/wp-content\/uploads\/2019\/07\/flavio-colcergnan.mp3\">http:\/\/www.radiopiu.net\/wordpress\/wp-content\/uploads\/2019\/07\/flavio-colcergnan.mp3<\/a><\/audio>\n<div style=\"width: 848px;\" class=\"wp-video\"><video class=\"wp-video-shortcode\" id=\"video-90516-1\" width=\"848\" height=\"480\" preload=\"metadata\" controls=\"controls\"><source type=\"video\/mp4\" src=\"http:\/\/www.radiopiu.net\/wordpress\/wp-content\/uploads\/2019\/07\/WhatsApp-Video-2019-07-04-at-04.57.32.mp4?_=1\" \/><a href=\"http:\/\/www.radiopiu.net\/wordpress\/wp-content\/uploads\/2019\/07\/WhatsApp-Video-2019-07-04-at-04.57.32.mp4\">http:\/\/www.radiopiu.net\/wordpress\/wp-content\/uploads\/2019\/07\/WhatsApp-Video-2019-07-04-at-04.57.32.mp4<\/a><\/video><\/div>\n<div style=\"width: 848px;\" class=\"wp-video\"><video class=\"wp-video-shortcode\" id=\"video-90516-2\" width=\"848\" height=\"480\" preload=\"metadata\" controls=\"controls\"><source type=\"video\/mp4\" src=\"http:\/\/www.radiopiu.net\/wordpress\/wp-content\/uploads\/2019\/07\/WhatsApp-Video-2019-07-04-at-04.57.04.mp4?_=2\" \/><a href=\"http:\/\/www.radiopiu.net\/wordpress\/wp-content\/uploads\/2019\/07\/WhatsApp-Video-2019-07-04-at-04.57.04.mp4\">http:\/\/www.radiopiu.net\/wordpress\/wp-content\/uploads\/2019\/07\/WhatsApp-Video-2019-07-04-at-04.57.04.mp4<\/a><\/video><\/div>\n<div style=\"width: 848px;\" class=\"wp-video\"><video class=\"wp-video-shortcode\" id=\"video-90516-3\" width=\"848\" height=\"480\" preload=\"metadata\" controls=\"controls\"><source type=\"video\/mp4\" src=\"http:\/\/www.radiopiu.net\/wordpress\/wp-content\/uploads\/2019\/07\/WhatsApp-Video-2019-07-04-at-04.56.42.mp4?_=3\" \/><a href=\"http:\/\/www.radiopiu.net\/wordpress\/wp-content\/uploads\/2019\/07\/WhatsApp-Video-2019-07-04-at-04.56.42.mp4\">http:\/\/www.radiopiu.net\/wordpress\/wp-content\/uploads\/2019\/07\/WhatsApp-Video-2019-07-04-at-04.56.42.mp4<\/a><\/video><\/div>\n<h2>PASSO DURAN, GRANDINE STRADA QUASI IMPRATICABILE<\/h2>\n<div style=\"width: 640px;\" class=\"wp-video\"><video class=\"wp-video-shortcode\" id=\"video-90516-4\" width=\"640\" height=\"352\" preload=\"metadata\" controls=\"controls\"><source type=\"video\/mp4\" src=\"http:\/\/www.radiopiu.net\/wordpress\/wp-content\/uploads\/2019\/07\/WhatsApp-Video-2019-07-03-at-15.33.53.mp4?_=4\" \/><a href=\"http:\/\/www.radiopiu.net\/wordpress\/wp-content\/uploads\/2019\/07\/WhatsApp-Video-2019-07-03-at-15.33.53.mp4\">http:\/\/www.radiopiu.net\/wordpress\/wp-content\/uploads\/2019\/07\/WhatsApp-Video-2019-07-03-at-15.33.53.mp4<\/a><\/video><\/div>\n<h2>STRADA PER IL RIFUGIO CARESTIATO FOTO JACOPO DA CAMPO<\/h2>\n<div style=\"width: 640px;\" class=\"wp-video\"><video class=\"wp-video-shortcode\" id=\"video-90516-5\" width=\"640\" height=\"352\" preload=\"metadata\" controls=\"controls\"><source type=\"video\/mp4\" src=\"http:\/\/www.radiopiu.net\/wordpress\/wp-content\/uploads\/2019\/07\/WhatsApp-Video-2019-07-03-at-17.00.43.mp4?_=5\" \/><a href=\"http:\/\/www.radiopiu.net\/wordpress\/wp-content\/uploads\/2019\/07\/WhatsApp-Video-2019-07-03-at-17.00.43.mp4\">http:\/\/www.radiopiu.net\/wordpress\/wp-content\/uploads\/2019\/07\/WhatsApp-Video-2019-07-03-at-17.00.43.mp4<\/a><\/video><\/div>\n<p>&nbsp;<\/p>\n<p>&nbsp;<\/p>\n<p>&nbsp;<\/p>\n<p>&nbsp;<\/p>\n<h3>MERCEDES RUBATA A SEDICO E RITROVATA A BOLOGNA<\/h3>\n<p><a class=\"dt-pswp-item\" href=\"http:\/\/www.radiopiu.net\/wordpress\/wp-content\/uploads\/2019\/07\/download-1.jpg\" data-dt-img-description=\"\" data-large_image_width=\"287\" data-large_image_height=\"176\"><img loading=\"lazy\" decoding=\"async\" class=\" wp-image-90570 alignleft\" src=\"http:\/\/www.radiopiu.net\/wordpress\/wp-content\/uploads\/2019\/07\/download-1.jpg\" alt=\"\" width=\"142\" height=\"87\" \/><\/a><strong>SEDICO<\/strong> L&#8217;altra notte furto di un&#8217;auto Mercedes C220 dal garage di I.S. di Sedico che lo ha denunciato ieri mattina ai Carabinieri di Sedico. I ladri sono entrati nel garage approfittando della porta basculante lasciata aperta. I Carabinieri seguendo il segnale dell&#8217;antifurto satellitare hanno ritrovato l&#8217;auto a Bologna. (foto\u00a0 alvolante.it)<\/p>\n<p>&nbsp;<\/p>\n<p>&nbsp;<\/p>\n<p>&nbsp;<\/p>\n<p>&nbsp;<\/p>\n<h3>Il ritorno di Zuma, le indagini dei Carabinieri di Sedico fino nel pordenonese, danno i frutti sperati, una persona denunciata in stato di libert\u00e0<\/h3>\n<p><strong> <a class=\"dt-pswp-item\" href=\"http:\/\/www.radiopiu.net\/wordpress\/wp-content\/uploads\/2019\/07\/435810567_357501.jpg\" data-dt-img-description=\"\" data-large_image_width=\"1280\" data-large_image_height=\"960\"><img loading=\"lazy\" decoding=\"async\" class=\" wp-image-90533 alignleft\" src=\"http:\/\/www.radiopiu.net\/wordpress\/wp-content\/uploads\/2019\/07\/435810567_357501-300x225.jpg\" alt=\"\" width=\"271\" height=\"203\" srcset=\"https:\/\/www.radiopiu.net\/wordpress\/wp-content\/uploads\/2019\/07\/435810567_357501-300x225.jpg 300w, https:\/\/www.radiopiu.net\/wordpress\/wp-content\/uploads\/2019\/07\/435810567_357501-768x576.jpg 768w, https:\/\/www.radiopiu.net\/wordpress\/wp-content\/uploads\/2019\/07\/435810567_357501-1024x768.jpg 1024w, https:\/\/www.radiopiu.net\/wordpress\/wp-content\/uploads\/2019\/07\/435810567_357501.jpg 1280w\" sizes=\"auto, (max-width: 271px) 100vw, 271px\" \/><\/a>SEDICO<\/strong> Nella mattinata del 2 luglio 2019, i militari dei Carabinieri della stazione Sedico (BL), a conclusione attivit\u00e0 investigativa e perquisizione domiciliare delegata, hanno denunciato in stato di libert\u00e0 per furto in abitazione: M.V.\u00a0 classe 58 residente nel veneziano. La donna, volontaria di varie associazioni animaliste, il 16 giugno, con il coinvolgimento di un&#8217; altra persona in corso di identificazione, presumibilmente asportava dall\u2019abitazione di Alan Precoma di Sedico un cane meticcio rinvenuto sempre il 2 luglio a Fontanafredda (Pordenone), in un rifugio per animali che nel corso delle indagini \u00e8 risultato\u00a0 estraneo ai fatti. L&#8217;animale \u00e8 stato restituito al legittimo proprietario.<\/p>\n<p><span style=\"color: #ff0000;\"><strong>ARTICOLO PRECEDENTE DAL NOTIZIARIO DI IERI<\/strong><\/span><\/p>\n<blockquote class=\"wp-embedded-content\" data-secret=\"y0TPHsMqHa\"><p><a href=\"http:\/\/www.radiopiu.net\/wordpress\/ritrovato-il-cane-dopo-giorni-di-appelli-e-soprattutto-dopo-le-indagini-dei-carabinieri-di-feltre\/\">RITROVATO IL CANE DOPO GIORNI DI APPELLI E SOPRATTUTTO DOPO LE INDAGINI DEI CARABINIERI DI FELTRE<\/a><\/p><\/blockquote>\n<p><iframe loading=\"lazy\" class=\"wp-embedded-content\" sandbox=\"allow-scripts\" security=\"restricted\" style=\"position: absolute; clip: rect(1px, 1px, 1px, 1px);\" src=\"http:\/\/www.radiopiu.net\/wordpress\/ritrovato-il-cane-dopo-giorni-di-appelli-e-soprattutto-dopo-le-indagini-dei-carabinieri-di-feltre\/embed\/#?secret=y0TPHsMqHa\" data-secret=\"y0TPHsMqHa\" width=\"600\" height=\"338\" title=\"&#8220;RITROVATO IL CANE DOPO GIORNI DI APPELLI E SOPRATTUTTO DOPO LE INDAGINI DEI CARABINIERI DI FELTRE&#8221; &#8212; Radio Pi\u00f9\" frameborder=\"0\" marginwidth=\"0\" marginheight=\"0\" scrolling=\"no\"><\/iframe><\/p>\n<p>&nbsp;<\/p>\n<p>&nbsp;<\/p>\n<p>&nbsp;<\/p>\n<p>&nbsp;<\/p>\n<h3>GIUNTA REGIONALE APPROVA SCHEMA PROTOCOLLO DI LEGALIT\u00c0 CON PREFETTURA, COMUNI E PROVINCE<\/h3>\n<p><strong>VENEZIA\u00a0<\/strong> La Giunta regionale del Veneto ha approvato il nuovo schema di protocollo in materia di legalit\u00e0 con le Prefetture (Uffici Territoriali del Governo), l\u2019Associazione Regionale dei Comuni (ANCI Veneto), l\u2019Unione Regionale delle Province (UPI). L\u2019iniziativa \u00e8 finalizzata a potenziare i controlli antimafia, a prevenire le infiltrazioni criminali e ad assicurare la legalit\u00e0 e la trasparenza nei pubblici appalti, in attuazione delle norme regionali per la prevenzione del crimine organizzato e mafioso e della corruzione. \u201cLo schema di Protocollo \u2013 spiega l\u2019assessore ai lavori pubblici Elisa De Berti \u2013 rappresenta il rinnovo del precedente scaduto lo scorso settembre ed \u00e8 un\u2019evoluzione dell\u2019accordo inizialmente stipulato nel 2012. Con esso si prevede l\u2019attuazione di misure finalizzate alla prevenzione dei tentativi d\u2019infiltrazione della criminalit\u00e0 organizzata nel settore dei contratti pubblici di lavori, servizi e forniture e misure di contrasto alla corruzione, in ottemperanza alle indicazioni formulate dal Ministero dell\u2019Interno e da ANAC\u201d. \u201cQuesto protocollo \u2013 sottolinea il vicepresidente Gianluca Forcolin \u2013 contiene due importanti novit\u00e0: l\u2019estensione dei contenuti anche alle AULSS del Veneto e agli Enti Amministrativi, in una Regione che vuole sempre di pi\u00f9 \u201cfare sistema\u201d e svolgere un ruolo di guida e coordinamento in diverse materie, e la previsione dell\u2019impegno delle parti a promuovere incontri formativi sulla prevenzione di fenomeni di riciclaggio e sugli altri contenuti del Protocollo a sostegno delle realt\u00e0 amministrative operanti sul territorio regionale\u201d.<\/p>\n<p>&nbsp;<\/p>\n<p>&nbsp;<\/p>\n<p>&nbsp;<\/p>\n<h2>DOLOMITI IN MINIATURA, DAL 7 LUGLIO A SAN TOMASO, TERZO ANNO<\/h2>\n<p>DALLA RASSEGNA STAMPA, IL SINDACO MORENO DE VAL<\/p>\n<audio class=\"wp-audio-shortcode\" id=\"audio-90516-4\" preload=\"none\" style=\"width: 100%;\" controls=\"controls\"><source type=\"audio\/mpeg\" src=\"http:\/\/www.radiopiu.net\/wordpress\/wp-content\/uploads\/2019\/07\/moreno.mp3?_=4\" \/><a href=\"http:\/\/www.radiopiu.net\/wordpress\/wp-content\/uploads\/2019\/07\/moreno.mp3\">http:\/\/www.radiopiu.net\/wordpress\/wp-content\/uploads\/2019\/07\/moreno.mp3<\/a><\/audio>\n<p>&nbsp;<\/p>\n<blockquote><p><em>\u2018Dolomiti in miniatura\u2019, dal 7 al 14 luglio prossimi altri quattro artisti internazionali ed un bellunese saliranno a San Tomaso Agordino per scolpire ulteriori gruppi dolomitici.\u00a0 \u00a0Sabato 13 luglio, la Pro Loco ha previsto di organizzare un picnic al tramonto di fronte ad una delle opere.<\/em><\/p><\/blockquote>\n<p><a class=\"dt-pswp-item\" href=\"http:\/\/www.radiopiu.net\/wordpress\/wp-content\/uploads\/2019\/07\/20155760_1364105566975929_8860041786760293461_n.jpg\" data-dt-img-description=\"\" data-large_image_width=\"608\" data-large_image_height=\"331\"><img loading=\"lazy\" decoding=\"async\" class=\"alignnone wp-image-90557 size-full\" src=\"http:\/\/www.radiopiu.net\/wordpress\/wp-content\/uploads\/2019\/07\/20155760_1364105566975929_8860041786760293461_n.jpg\" alt=\"\" width=\"608\" height=\"331\" srcset=\"https:\/\/www.radiopiu.net\/wordpress\/wp-content\/uploads\/2019\/07\/20155760_1364105566975929_8860041786760293461_n.jpg 608w, https:\/\/www.radiopiu.net\/wordpress\/wp-content\/uploads\/2019\/07\/20155760_1364105566975929_8860041786760293461_n-300x163.jpg 300w\" sizes=\"auto, (max-width: 608px) 100vw, 608px\" \/><\/a><br \/>\n<strong>SAN TOMASO AGORDINO<\/strong> <em>\u00abSiamo molto determinati a rendere questa iniziativa sempre pi\u00f9 coinvolgente non solo per i turisti, ma anche per tutto l\u2019Agordino e il Bellunese. E siamo anche molto felici \u2014 dichiara il Sindaco di San Tomaso Moreno De Val \u2014 che questa iniziativa stia portando ancora qui in paese artisti di grande livello internazionale e locale, proprio come \u00e8 lo spirito del progetto\u00bb.<\/em><\/p>\n<p><strong>LE DOLOMITI IN MINIATURA<\/strong> \u2014 Riproduzioni in scala ridotta delle pi\u00f9 belle vette dolomitiche, scolpite in roccia Dolomia in loco e inserite direttamente nel paesaggio alpino. \u00c8 questo il progetto \u201cIl Sentiero delle Dolomiti in miniatura\u201d, promosso dall\u2019Amministrazione locale, patrocinato dalla Fondazione Dolomiti Unesco, con l\u2019importante partecipazione della sezione del CAI di Agordo e in collaborazione con la Pro Loco di San Tomaso Agordino.<\/p>\n<p><strong>GLI ARTISTI<\/strong> \u2014 Si tratta di Maria Trinidad Caminos, argentina di Cordoba, di David Bucio, di Citt\u00e0 del Messico, del francese S\u00e9bastien Taille, proveniente da Bordeaux, di Andrey Balashov, di Mosca, e di Paolo Moro, bellunese di Trichiana. Quest\u2019ultimo \u00e8 considerato uno degli scultori italiani contemporanei pi\u00f9 rilevanti. Fra le altre opere, ha realizzato una scultura per la Regione Veneto per la sede di Roma e nel 2011 gli \u00e8 stata commissionata dalla Regione Veneto un\u2019opera in legno. Molti i premi vinti dall\u2019artista bellunese, fra cui si segnalano il 1\u00ba Premio della Giuria al Simposio Internazionale Wood\u2019n\u2019Art a Livigno (Sondrio) e il 1\u00ba Premio della Giuria al Concorso Internazionale di scultura Coredo (Trento).<\/p>\n<p><strong>IL SIMPOSIO<\/strong> \u2014 Gli artisti lavoreranno per una settimana intera agli impianti sportivi locali (l\u2019Arena 1082) in localit\u00e0 \u201cAl Pian\u201d e le loro opere, una volta pronte, verranno trasportate lungo il sentiero predisposto per la manifestazione, cio\u00e8 lungo la strada che porta da San Tomaso Agordino a San Simon, in Forcella San Tomaso. Su questo tratto sono gi\u00e0 presenti alcune opere scolpite lo scorso anno da altri artisti e rappresentano il Civetta, le Torri del Vajolet, il Campanile di Val Montanaia, il Monte Antelao, le Tre Cime di Lavaredo e il Pelmo. L\u2019obiettivo \u00e8 quello di ricreare tutti e nove i sistemi dolomitici Patrimonio Unesco, per un totale di una ventina di vette. Tutte le opere riporteranno una targa con informazioni a cura del Cai di Agordo: dalla montagna ai suoi percorsi e rifugi, fino ai luoghi di interesse. Ogni riproduzione avr\u00e0 inoltre un QR code, che permetter\u00e0 di accedere a informazioni e notizie aggiuntive sulla zona e gli eventi.<\/p>\n<p><strong>GLI SPONSOR \u2014 Fra gli sponsor dell\u2019iniziativa, lo ricordiamo, figurano Birra Dolomiti, Formaggio Piave DOP, Pietra DOLOMIA, Cassa Rurale Dolomiti di Fassa Primiero e Belluno.<\/strong><\/p>\n<blockquote><p><strong>IL PICNIC AL TRAMONTO<\/strong> Un appuntamento di sicuro interesse, quello proposto dalla Pro Loco di San Tomaso Agordino. L\u2019evento di sabato 13 luglio prevede un picnic al tramonto (dalle ore 19) in localit\u00e0 Porziei. Si attender\u00e0 il calare del sole di fronte al maestoso scenario della vallata e nel luogo in cui \u00e8 stata posizionata la miniatura del Monte Civetta. In caso di maltempo la serata si svolger\u00e0 presso l\u2019Arena 1082, sede degli impianti sportivi locali.<\/p><\/blockquote>\n<p>&nbsp;<\/p>\n<p>&nbsp;<\/p>\n<p>&nbsp;<\/p>\n<h3 class=\"entry-title\">FELICE GAIARDO PRESIDENTE DEL ROTARY A NOVEMBRE CELEBRER\u00c0 I 70 ANNI DEL CLUB<\/h3>\n<p><span style=\"font-family: Source Sans Pro Light, serif;\"><strong> <a class=\"dt-pswp-item\" href=\"http:\/\/www.radiopiu.net\/wordpress\/wp-content\/uploads\/2019\/07\/IMG-20190621-WA0016.jpg\" data-dt-img-description=\"\" data-large_image_width=\"1080\" data-large_image_height=\"978\"><img loading=\"lazy\" decoding=\"async\" class=\"size-medium wp-image-90623 alignleft\" src=\"http:\/\/www.radiopiu.net\/wordpress\/wp-content\/uploads\/2019\/07\/IMG-20190621-WA0016-300x272.jpg\" alt=\"\" width=\"300\" height=\"272\" srcset=\"https:\/\/www.radiopiu.net\/wordpress\/wp-content\/uploads\/2019\/07\/IMG-20190621-WA0016-300x272.jpg 300w, https:\/\/www.radiopiu.net\/wordpress\/wp-content\/uploads\/2019\/07\/IMG-20190621-WA0016-768x695.jpg 768w, https:\/\/www.radiopiu.net\/wordpress\/wp-content\/uploads\/2019\/07\/IMG-20190621-WA0016-1024x927.jpg 1024w, https:\/\/www.radiopiu.net\/wordpress\/wp-content\/uploads\/2019\/07\/IMG-20190621-WA0016.jpg 1080w\" sizes=\"auto, (max-width: 300px) 100vw, 300px\" \/><\/a>BELLUNO<\/strong> Passaggio delle consegne al Rotary Club Belluno. Il presidente uscente Angelo Paganin ha consegnato il martello, simbolo della presidenza, a Felice Gaiardo, che guider\u00e0 il club service pi\u00f9 antico della provincia per l\u2019anno 2019\u20132020. Ingegnere libero professionista di San Tomaso Agordino, molto impegnato nel volontariato, soprattutto nel coordinamento ambulanze e volontari dell\u2019Agordino di cui \u00e8 presidente da molti anni, l\u2019ingegner Gaiardo avr\u00e0 l\u2019onore di celebrare al meglio il 23 novembre prossimo i 70 anni del Rotary Club Belluno. <\/span><span style=\"font-family: 'Source Sans Pro Light', serif;\">Nella serata tenutasi al Ristorante Al Borgo, il presidente uscente Paganin ha potuto ricordare le principali attivit\u00e0 portate avanti dal Club durante il suo anno, tra cui il coordinamento degli aiuti dei vari Club Rotary per i danni causati dalla tempesta Vaia e che stanno permettendo di potenziare tutti i ponti radio della provincia. Inoltre sono state poste le basi per il progetto pluriennale \u201cAmbientiamoci\u201d che dal prossimo anno scolastico interesser\u00e0 ai temi ambientali e agli effetti dei cambiamenti climatici le scuole della provincia con i percorsi di sensibilizzazione \u201cNon abbiamo un pianeta B\u201d realizzati con l\u2019associazione Insieme si Pu\u00f2 e la cooperativa Cantiere della Provvidenza, nonch\u00e9 sensibilizzer\u00e0 la comunit\u00e0 locale con la trasmissione radiofonica \u201cEco Sveglia\u201d. Un ringraziamento particolare il presidente uscente lo ha voluto dare ai componenti del suo Consiglio Direttivo e ai tanti soci che hanno dato la loro collaborazione nella realizzazione dei diversi service e iniziative varie. <\/span><span style=\"font-family: Source Sans Pro Light, serif;\">Nella serata \u00e8 stato presentato il nuovo socio John Helm, architetto statunitense che da anni vive e lavora in provincia e gi\u00e0 molto impegnato nelle attivit\u00e0 di scambio giovani BellaBend BeautifulBelluno del Club. <\/span><span style=\"font-family: 'Source Sans Pro Light', serif;\">Paganin ha inoltre consegnato il \u201cPaul Harris Fellow\u201d, la maggior onorificenza rotariana a livello internazionale ai soci del Club che si sono distinti in questi ultimi anni per il loro impegno a favore di diversi service ed iniziative del sodalizio: Gianmarcello D\u2019Ambros per la produzione e confezione del notiziario; Mariachiara Santin per il microcredito famigliare e il camp a favore dei disabili di Villa Gregoriana ad Auronzo; Adriano Barcelloni Corte per lo scambio giovani.<\/span><span style=\"font-family: Source Sans Pro Light, serif;\">Da parte sua il neo Presidente Gaiardo ha sottolineato che \u201cdurante l\u2019anno rotariano 2019\/2020, oltre ai service, cercher\u00e0 di mettere in risalto molteplici aspetti della Provincia in cui viviamo, nel rispetto di ci\u00f2 che \u00e8 stato o \u00e8 il nostro territorio culturale, lasciando per\u00f2 aperto uno spiraglio su che cosa potr\u00e0 diventare o verso quali mete potremo ambire.<\/span><\/p>\n<p>&nbsp;<\/p>\n<p>&nbsp;<\/p>\n<p>&nbsp;<\/p>\n<div class=\"s_p1864b9ox g_p1864h5kg clearfix\">\n<div class=\"clearfix v_p1864b7y4\">\n<div class=\"clearfix _42ef\">\n<div class=\"c_p1864b7y3\">\n<div class=\"_6a _5u5j\">\n<h3>DALL&#8217;ISTITUTO UMBERTO FOLLADOR-DE ROSSI DI AGORDO<\/h3>\n<blockquote><p><em>&#8220;Grazie Lucia, per il tuo tempo, impegno e precisione&#8221;<\/em><\/p><\/blockquote>\n<p><strong><a class=\"dt-pswp-item\" href=\"http:\/\/www.radiopiu.net\/wordpress\/wp-content\/uploads\/2019\/07\/64655335_1319298164899587_7827651727447818240_n.jpg\" data-dt-img-description=\"\" data-large_image_width=\"680\" data-large_image_height=\"960\"><img loading=\"lazy\" decoding=\"async\" class=\" wp-image-90517 alignleft\" src=\"http:\/\/www.radiopiu.net\/wordpress\/wp-content\/uploads\/2019\/07\/64655335_1319298164899587_7827651727447818240_n-213x300.jpg\" alt=\"\" width=\"180\" height=\"254\" srcset=\"https:\/\/www.radiopiu.net\/wordpress\/wp-content\/uploads\/2019\/07\/64655335_1319298164899587_7827651727447818240_n-213x300.jpg 213w, https:\/\/www.radiopiu.net\/wordpress\/wp-content\/uploads\/2019\/07\/64655335_1319298164899587_7827651727447818240_n.jpg 680w\" sizes=\"auto, (max-width: 180px) 100vw, 180px\" \/><\/a>A<\/strong><strong>GORDO<\/strong> Al termine dell&#8217;ultimo Collegio docenti dell&#8217;anno, il personale della scuola ha festeggiato l&#8217;imminente pensionamento di Lucia Del Din. Giovane Perito Minerario, Lucia ha dapprima occupato il ruolo di insegnante tecnico pratico per i laboratori dell&#8217;indirizzo minerario per poi occuparsi delle mansioni riservate all&#8217;ufficio tecnico. Insomma, una vita professionale per la scuola caratterizzata da impegno e precisione nel lavoro. &#8220;<em>A Lucia il nostro grazie e l&#8217;augurio per una nuova e serena stagione di vita&#8221;.<\/em><\/p>\n<\/div>\n<\/div>\n<\/div>\n<p>&nbsp;<\/p>\n<\/div>\n<\/div>\n<p>&nbsp;<\/p>\n<p>&nbsp;<\/p>\n<p>&nbsp;<\/p>\n<p>&nbsp;<\/p>\n<p>&nbsp;<\/p>\n<p>&nbsp;<\/p>\n<p>&nbsp;<\/p>\n<h3>Lago di Santa Croce: in dirittura d\u2019arrivo i lavori per l\u2019ammodernamento e il potenziamento dell\u2019area.<\/h3>\n<p><span style=\"font-size: large;\"><a class=\"dt-pswp-item\" href=\"http:\/\/www.radiopiu.net\/wordpress\/wp-content\/uploads\/2019\/07\/IMG_20190629_151828.jpg\" data-dt-img-description=\"\" data-large_image_width=\"5312\" data-large_image_height=\"2988\"><img loading=\"lazy\" decoding=\"async\" class=\" wp-image-90563 alignleft\" src=\"http:\/\/www.radiopiu.net\/wordpress\/wp-content\/uploads\/2019\/07\/IMG_20190629_151828-300x169.jpg\" alt=\"\" width=\"339\" height=\"191\" srcset=\"https:\/\/www.radiopiu.net\/wordpress\/wp-content\/uploads\/2019\/07\/IMG_20190629_151828-300x169.jpg 300w, https:\/\/www.radiopiu.net\/wordpress\/wp-content\/uploads\/2019\/07\/IMG_20190629_151828-768x432.jpg 768w, https:\/\/www.radiopiu.net\/wordpress\/wp-content\/uploads\/2019\/07\/IMG_20190629_151828-1024x576.jpg 1024w\" sizes=\"auto, (max-width: 339px) 100vw, 339px\" \/><\/a><\/span><\/p>\n<p><strong>ALPAGO<\/strong> Dopo una primavera dal punto di vista meteorologico a dir poco inclemente, il mese di giugno caldo e soleggiato ha finalmente prima agevolato l\u2019avvio e poi consentito l\u2019esecuzione dei lavori per la \u201cnuova\u201d spiaggia del lago di Santa Croce. Nei giorni scorsi le ditte appaltatrici hanno potuto procedere anche con il posizionamento dei rotoli di manto erboso che andranno a formare una delle principali novit\u00e0 della nuova area, ovvero \u2013 per l\u2019appunto &#8211; la spiaggia in erba, destinata ad accogliere soprattutto le famiglie di turisti e bagnanti con bambini piccoli. La nuova superficie erbata, che degrada con un pendio omogeneo verso la riva, coprir\u00e0 un\u2019area di circa 3 mila metri quadrati. Altri lavori riguardano l\u2019impianto di illuminazione serale e il rifacimento dei marciapiedi esistenti, nonch\u00e9 la costruzione di un nuovo camminamento, perpendicolare al bacino del lago. Ulteriori interventi, non propriamente strutturali, interessano invece il miglioramento della fruibilit\u00e0 dell\u2019area e il suo ammodernamento: vanno in questo senso l\u2019imminente installazione delle nuove cabine spogliatoio, nella zona dei servizi, e la sostituzione dei cestini per i rifiuti con il posizionamento anche di nuovi contenitori per la raccolta differenziata. \u201cIl lago di Santa Croce costituisce uno dei pi\u00f9 importanti biglietti da visita dell\u2019intero territorio comunale\u201d, commenta l\u2019assessore al turismo del Comune di Alpago Federico Costa. \u201cDopo le difficolt\u00e0 legate al meteo durante i mesi primaverili, giugno ha segnato l\u2019avvio di una stagione turistica che \u2013 grazie anche i nuovi investimenti sulla spiaggia &#8211; si annuncia da autentico boom. Gli ultimi giorni del mese scorso, con la grande ondata di caldo, hanno dimostrato quale sia l\u2019attaccamento di residenti e vacanzieri all\u2019area del lago di Santa Croce e quali siano le potenzialit\u00e0 dell\u2019intero bacino. Proprio per questo non potevamo ritardare i lavori di adeguamento della spiaggia e delle strutture collegate; siamo certi che questi costituiranno un ulteriore importante volano per lo sviluppo dell\u2019intera area sia sul piano turistico che sportivo\u201d, conclude l\u2019assessore Costa. L\u2019intervento sul lago di Santa Croce prevede l\u2019impiego di risorse per complessivi 180 mila euro, tutti derivanti da fondi propri del Comune di Alpago.<\/p>\n<p>&nbsp;<\/p>\n<p>&nbsp;<\/p>\n<h2>Dario Bond (Forza Italia): \u201cRilanciare il trenino delle Dolomiti\u201d.<\/h2>\n<p>\u201cRilanciare il completamento della ferrovia delle Dolomiti. Per le Olimpiadi 2026, ma anche per il futuro turistico della montagna bellunese\u201d. \u00c8 l\u2019appello di Dario Bond, deputato di Forza Italia. \u201cL\u2019ex assessore alle infrastrutture e all\u2019ambiente della Provincia autonoma di Trento, Mauro Gilmozzi, ha ribadito in queste ore l\u2019utilit\u00e0 del collegamento ad anello tra il Trentino, la Valsugana, Feltre, Calalzo, Cortina e Dobbiaco\u201d afferma Dario Bond. \u201cLa fattibilit\u00e0 \u00e8 alta anche perch\u00e9 per gran parte questo anello esiste gi\u00e0. La parte mancante sarebbe quella tra Calalzo e Cortina da una parte, e Cortina e Dobbiaco dall\u2019altra. Abbiamo davanti l\u2019occasione delle Olimpiadi invernali e quindi non possiamo lasciarci sfuggire l\u2019enorme possibilit\u00e0 di dotare di nuove infrastrutture la nostra provincia. Le ripercussioni andrebbero ben oltre il 2026, sia in termini economici che in termini turistici. Quanto ai soldi, si stima un costo totale di un miliardo e 200 milioni. Sembra una cifra pazzesca, ma i soldi ci sono. Ci sono anche fondi specifici dell\u2019Unione Europea, come ad esempio quelli relativi all\u2019alta velocit\u00e0 della Val Susa che possono tranquillamente essere utilizzati per questo scopo. Quindi bisogna crederci e mettersi tutti attorno al tavolo. Bisogna lavorare fin da subito\u201d.<\/p>\n<p>&nbsp;<\/p>\n<p>&nbsp;<\/p>\n<h3>ASTRO E CGIA A ROMA IL 4 LUGLIO PER IL PRIMO REPORT SUL GIOCO<\/h3>\n<p><strong><a class=\"dt-pswp-item\" href=\"http:\/\/www.radiopiu.net\/wordpress\/wp-content\/uploads\/2017\/12\/CGIA-OK.png\" data-dt-img-description=\"\" data-large_image_width=\"490\" data-large_image_height=\"263\"><img loading=\"lazy\" decoding=\"async\" class=\" wp-image-39837 alignleft\" src=\"http:\/\/www.radiopiu.net\/wordpress\/wp-content\/uploads\/2017\/12\/CGIA-OK-300x161.png\" alt=\"\" width=\"270\" height=\"145\" \/><\/a>ROMA<\/strong> Domani alle 11, a Roma, nello Spazio Mastai (Palazzo dell\u2019Informazione Adnkronos, Piazza Mastai 9) si svolger\u00e0 il convegno dal titolo: \u201cOccupazione, fiscalit\u00e0, territorio: quale futuro? Radiografia del settore degli apparecchi da gioco\u201d organizzato dall\u2019associazione Astro e CGIA Mestre. Al centro dell\u2019incontro, la presentazione del primo report condotto dalla CGIA di Mestre sul gioco e, in particolare, sul comparto degli apparecchi con vincita in denaro: il risultato dello studio \u00e8 il frutto di un approfondimento inedito sulle caratteristiche economiche delle imprese che compongono il comparto terrestre del gioco pubblico. Partendo dall\u2019analisi dei dati ufficiali su lavoratori e aziende si arriver\u00e0 a inquadrare la dimensione reale del comparto sul territorio nazionale, per poi concentrare l\u2019attenzione sul tema della fiscalit\u00e0, valutando il peso specifico dell\u2019imposizione fiscale generale e gli impatti delle politiche di aumento preu sugli equilibri economici delle aziende del comparto e, infine, verr\u00e0 delineato il perimetro del sistema \u2018gioco lecito\u2019 sotto il profilo della sicurezza con un sistema di regole e di controlli che ne rimarcano i confini rispetto ai fenomeni di illegalit\u00e0 presenti e recentemente rinvigoriti dalle politiche restrittive adottate dagli Enti locali. Il lavoro verr\u00e0 illustrato, nel corso del convegno, da Daniele Nicolai e Andrea Vavolo ricercatori della CGIA di Mestre e vedr\u00e0 l\u2019intervento di Roberto Fanelli, Direttore Giochi ADM e di Armando Iaccarino e Piero Ferrara del Centro Studi As.tro.<\/p>\n<p>&nbsp;<\/p>\n<h5>TAIBON CONSIGLIO COMUNALE. AL POSTO DEL DIMISSIONARIO BRUNO BULF SIEDERA&#8217; SUI BANCHI DELL&#8217;OPPOSIZIONE MORENO BEN<\/h5>\n<blockquote><p><strong><a class=\"dt-pswp-item\" href=\"http:\/\/www.radiopiu.net\/wordpress\/wp-content\/uploads\/2019\/07\/download.jpg\" data-dt-img-description=\"\" data-large_image_width=\"300\" data-large_image_height=\"168\"><img loading=\"lazy\" decoding=\"async\" class=\" wp-image-90387 alignleft\" src=\"http:\/\/www.radiopiu.net\/wordpress\/wp-content\/uploads\/2019\/07\/download-300x168.jpg\" alt=\"\" width=\"179\" height=\"100\" \/><\/a><\/strong><\/p><\/blockquote>\n<p><strong>TAIBON<\/strong> venerdi alle 18 in Municipio consiglio comunale: Ne da notizia il sindaco Silvia Tormen preannunciando la convalida degli eletti. Nell&#8217;occasione saranno comunicati i nomi degli assessori e relative deleghe con la discussione e l&#8217;approvazione degli indirizzi generali di Governo. Saranno nominati i rappresentanti per il consiglio dell&#8217;Unione Montana e all&#8217;ordine del giorno anche il recupero di un vecchio fabbricato per il quale necessita la variante urbanistica<\/p>\n<p>&nbsp;<\/p>\n<h5>RINNOVO DELLA CONVENZIONE CON IL MUSEO PAPA LUCIANI<\/h5>\n<p><strong>CANALE D&#8217;AGORDO\u00a0<\/strong> Il sindaco Flavio Colcergnan ha convocato i consiglieri presso il Municipio di Piazza Papa Luciani per lunedi alle 20. In discussione: variazione di bilancio, variazione programma triennale ed elenco annuale lavori pubblici, rinnovo della convenzione tra Comune e Fondazione Papa Luciani per la gestione del Museo Papa Luciani.<\/p>\n<p>&nbsp;<\/p>\n<p>&nbsp;<\/p>\n<h2>MIG 60 &#8211; La rete estera attrae nuovi investitori<\/h2>\n<p><strong><a class=\"dt-pswp-item\" href=\"http:\/\/www.radiopiu.net\/wordpress\/wp-content\/uploads\/2019\/07\/Mig-incontri-01.jpg\" data-dt-img-description=\"\" data-large_image_width=\"2500\" data-large_image_height=\"1369\"><img loading=\"lazy\" decoding=\"async\" class=\"size-medium wp-image-90587 alignleft\" src=\"http:\/\/www.radiopiu.net\/wordpress\/wp-content\/uploads\/2019\/07\/Mig-incontri-01-300x164.jpg\" alt=\"\" width=\"300\" height=\"164\" srcset=\"https:\/\/www.radiopiu.net\/wordpress\/wp-content\/uploads\/2019\/07\/Mig-incontri-01-300x164.jpg 300w, https:\/\/www.radiopiu.net\/wordpress\/wp-content\/uploads\/2019\/07\/Mig-incontri-01-768x421.jpg 768w, https:\/\/www.radiopiu.net\/wordpress\/wp-content\/uploads\/2019\/07\/Mig-incontri-01-1024x561.jpg 1024w\" sizes=\"auto, (max-width: 300px) 100vw, 300px\" \/><\/a>LONGARONE<\/strong> Al Comitato Tecnico di MIG, il Presidente di Longarone Fiere, Gian Angelo Bellati, aveva avuto modo di presentare alcuni nuovi collaboratori della Fiera a supporto prevalentemente dell\u2019organizzazione della 60a MIG \u2013 Mostra Internazionale del Gelato Artigianale, ma non solo. Tra i presenti al tavolo Alessandro Piccinini, gi\u00e0 conosciuto nel settore per una consolidata esperienza, il quale si sta occupando di mercati internazionali e di alcuni servizi che daremo in aggiunta alle nostre fiere, in particolare stiamo parlando di matching B2B. C\u2019\u00e8 poi Riccardo Don\u00e0 Demeneghetti, per i contatti con la Cina, un mercato di assoluta rilevanza oggi che non pu\u00f2 essere trascurato. Quindi Valerio Pradal, che si occupa di comunicazione, soprattutto nella spinta oltre confine a supporto dell\u2019attivit\u00e0 a favore delle aziende che gi\u00e0 hanno una forte vocazione all&#8217;internazionalizzazione. In tal senso \u00e8 stata anche costruita una rete di accordi con diverse realt\u00e0, in primis le Camere di Commercio Italiane all&#8217;Estero, che sta gi\u00e0 lavorando nello specifico per un incoming di buyer alla prossima Mostra Internazionale del Gelato di Longarone. I Paesi coinvolti sono appunto la Cina, la Germania, il Regno Unito, la Spagna, la Svizzera, l&#8217;Ungheria, la Turchia,\u00a0 il Belgio, l&#8217;Olanda, la Polonia, la Russia, la Bulgaria e i vicini Paesi balcanici.\u00a0Se l&#8217;attenzione prevalente \u00e8 verso un area mitteleuropea, si stanno comunque curando ulteriori contatti di tipo strategico per quello che rappresenter\u00e0 l&#8217;inizio di un&#8217;evoluzione della MIG verso un format totalmente nuovo. Inoltre quest\u2019anno avremo diversi incontri di approfondimento sui mercati del Nord ed Est Europa e sui mercati asiatici, decisamente in forte espansione e che stanno dimostrando di offrire incredibili opportunit\u00e0 d\u2019investimento nel settore del gelato artigianale tanto da attirare l\u2019interesse di investitori provenienti da ambiti molto diversi.<\/p>\n<p>&nbsp;<\/p>\n<h4>CAMBIAMENTI CLIMATICI CORTINA A CONVEGNO<\/h4>\n<p><strong>CORTINA<\/strong> L&#8217;Associazione Veneta degli Avvocati Amministrativisti, Comune di Cortina e Consorzio dei Comuni BIM Piave di Belluno organizza il convegno &#8220;CAMBIAMENTI CLIMATICI, TUTELA DEL SUOLO E USO RESPONSABILE DELLE RISORSE IDRICHE&#8221; di sicuro interesse sia per gli Amministratori e Funzionari degli Enti della Provincia di Belluno sia per i tecnici, le imprese e i professionisti che devono confrontarsi tra il diritto e i cambiamenti climatici. Si terr\u00e0 a Cortina d&#8217;Ampezzo venerdi con partecipazione\u00a0 gratuita e aperta a tutti. Le iscrizioni sono obbligatorie via mail all&#8217;indirizzo amministrativistiveneti@gmail.com<\/p>\n<p>&nbsp;<\/p>\n<p>&nbsp;<\/p>\n<h2>GLI SPECIALI DI RADIOPIU&#8217;<\/h2>\n<p><span data-offset-key=\"2g7p-0-0\">http:\/\/www.radiopiu.net\/wordpress\/eroico-combattente-doro-di-renato-bona\/ <\/span><span class=\"_whq\" spellcheck=\"false\" data-offset-key=\"2g7p-1-0\"><span data-offset-key=\"2g7p-1-0\">Renatobruno Bona<\/span><\/span><\/p>\n<p>&nbsp;<\/p>\n<h3><a class=\"dt-pswp-item\" href=\"http:\/\/www.radiopiu.net\/wordpress\/wp-content\/uploads\/2018\/09\/appuntamenti.jpeg\" data-dt-img-description=\"\" data-large_image_width=\"800\" data-large_image_height=\"100\"><img loading=\"lazy\" decoding=\"async\" class=\"alignnone size-full wp-image-61958\" src=\"http:\/\/www.radiopiu.net\/wordpress\/wp-content\/uploads\/2018\/09\/appuntamenti.jpeg\" alt=\"\" width=\"800\" height=\"100\" srcset=\"https:\/\/www.radiopiu.net\/wordpress\/wp-content\/uploads\/2018\/09\/appuntamenti.jpeg 800w, https:\/\/www.radiopiu.net\/wordpress\/wp-content\/uploads\/2018\/09\/appuntamenti-300x38.jpeg 300w, https:\/\/www.radiopiu.net\/wordpress\/wp-content\/uploads\/2018\/09\/appuntamenti-768x96.jpeg 768w\" sizes=\"auto, (max-width: 800px) 100vw, 800px\" \/><\/a><\/h3>\n<h3><\/h3>\n<p><strong>LA TORRE TRIESTE<\/strong> AL DOLOMITI DI FALCADE, STORIA DI ARRAMPICATORI AGORDINI PER LA REGIA DI MANRICO DELL\u2019AGNOLA La\u00a0 pellicola\u00a0 sar\u00e0 presentata domenica al cinema Dolomiti di Falcade alle 20.30 con relatore Gianpaolo Soratroi, la voce di sere d&#8217;autunno del Cai di Agordo. Il film \u00e8 opera d&#8217;arte per il 67esimo Trento Film Festival.<\/p>\n<p><strong>AI MICROFONI DI RADIO PIU&#8217; IL REGISTA MANRICO DELL&#8217;AGNOLA (archivio RADIOPIU)\u00a0<\/strong><\/p>\n<audio class=\"wp-audio-shortcode\" id=\"audio-90516-5\" preload=\"none\" style=\"width: 100%;\" controls=\"controls\"><source type=\"audio\/mpeg\" src=\"http:\/\/www.radiopiu.net\/wordpress\/wp-content\/uploads\/2019\/04\/MANRICO.mp3?_=5\" \/><a href=\"http:\/\/www.radiopiu.net\/wordpress\/wp-content\/uploads\/2019\/04\/MANRICO.mp3\">http:\/\/www.radiopiu.net\/wordpress\/wp-content\/uploads\/2019\/04\/MANRICO.mp3<\/a><\/audio>\n<p>&nbsp;<\/p>\n<p>&nbsp;<\/p>\n<h2>LE MUSE E LE DOLOMITI, MUSICA E CULTURA NEL FINE SETTIMANA, LA PRESENTAZIONE DI ODA ZOE HOCHSCHEID<\/h2>\n<audio class=\"wp-audio-shortcode\" id=\"audio-90516-6\" preload=\"none\" style=\"width: 100%;\" controls=\"controls\"><source type=\"audio\/mpeg\" src=\"http:\/\/www.radiopiu.net\/wordpress\/wp-content\/uploads\/2019\/07\/oda.mp3?_=6\" \/><a href=\"http:\/\/www.radiopiu.net\/wordpress\/wp-content\/uploads\/2019\/07\/oda.mp3\">http:\/\/www.radiopiu.net\/wordpress\/wp-content\/uploads\/2019\/07\/oda.mp3<\/a><\/audio>\n<p>&nbsp;<\/p>\n<h2><\/h2>\n<h2>\u201cMinatori&#8221; Il 12 luglio Moreno De Zaiacomo presenta la sua ricerca<\/h2>\n<p>AUDIO DAL NOTIZIARIO DI RADIOPIU DI CLAUDIA CATTADORI<\/p>\n<audio class=\"wp-audio-shortcode\" id=\"audio-90516-7\" preload=\"none\" style=\"width: 100%;\" controls=\"controls\"><source type=\"audio\/mpeg\" src=\"http:\/\/www.radiopiu.net\/wordpress\/wp-content\/uploads\/2019\/07\/claudia-minatori.mp3?_=7\" \/><a href=\"http:\/\/www.radiopiu.net\/wordpress\/wp-content\/uploads\/2019\/07\/claudia-minatori.mp3\">http:\/\/www.radiopiu.net\/wordpress\/wp-content\/uploads\/2019\/07\/claudia-minatori.mp3<\/a><\/audio>\n<p>&nbsp;<\/p>\n<h2>NEVEGAL DOMENICA DIVERTIMENTO AL LATTE<\/h2>\n<p>di Damiano Tormen<\/p>\n<audio class=\"wp-audio-shortcode\" id=\"audio-90516-8\" preload=\"none\" style=\"width: 100%;\" controls=\"controls\"><source type=\"audio\/mpeg\" src=\"http:\/\/www.radiopiu.net\/wordpress\/wp-content\/uploads\/2019\/07\/damiano-nevegal.mp3?_=8\" \/><a href=\"http:\/\/www.radiopiu.net\/wordpress\/wp-content\/uploads\/2019\/07\/damiano-nevegal.mp3\">http:\/\/www.radiopiu.net\/wordpress\/wp-content\/uploads\/2019\/07\/damiano-nevegal.mp3<\/a><\/audio>\n<p>&nbsp;<\/p>\n<p>&nbsp;<\/p>\n<h3>TRE CONCERTI CORALI VENETI<\/h3>\n<p><strong>BELLUNO<\/strong> Venerd\u00ec\u00a0 in chiesa di S. Maria Immacolata di Mussoi,\u00a0 alle 21 concerto del\u00a0 Coro polifonico del CTG di Belluno, diretto dal maestro\u00a0 Sebastiano Sitta e del \u00a0Coro misto Rozenice di Pazin (Croazia), diretto dal maestro Ines Kovacic Drndic<\/p>\n<p>&nbsp;<\/p>\n<p><strong>LAMON <\/strong>Venerd\u00ec in chiesa di San Daniele alle 21 concerto del\u00a0 Coro Convivium di Arsi\u00e8 diretto dal maestro\u00a0 Ronny Strappazzon e del Wiener Vocaleensemble di Vienna (Austria), diretto dal Maestro\u00a0 Michael Wahlmuller<\/p>\n<p>&nbsp;<\/p>\n<p><strong>BELLUNO<\/strong> Sabato nella Basilica Cattedrale di San Martino alle 21 concerto della \u00a0Corale San Marco di Venas di Cadore, diretta dalla maetra\u00a0 Silvia Dall&#8217;Asta, del Coro misto Rozenice di Pazin (Croazia) e del\u00a0 Wiener Vocaleensemble di Vienna (Austria)<\/p>\n<h3>SABATO CONCERTO NELL&#8217;ARCIDIACONALE<\/h3>\n<p><strong>AGORDO<\/strong> Sabato alle 20.45\u00a0 il maestro Matteo Andri\u00a0 diriger\u00e0 un concerto nella\u00a0 Chiesa di Santa Maria Nascente con ingresso libero. Saranno coinvolti i MUSICI dell&#8217;Istituto Comprensivo di Agordo,\u00a0 il Belluno Young Voices della Scuola di Musica Arte Nuova, l&#8217; &#8220;Arca in Voice&#8221; della Scuola di Musica &#8220;Arca Sonora&#8221; di Santa Giustina, il Coro femminile &#8220;Francesco Sandi&#8221; della omonima Scuola di Musica feltrina e l&#8217; Ensemble femminile della Scuola Musicale di Primiero, tutti accompagnati dall&#8217; Ensemble dell&#8217;Orchestra Giovanile Bellunese. Le musiche saranno varie e per tutti i gusti, ed andranno da Bach ad un medley di Sister Act, passando per Mozart, canti tradizionali irlandesi e molto altro. Il concerto si ripeter\u00e0 domenica\u00a0 in\u00a0 Chiesa a Lentiai alle 18.<\/p>\n<p>&nbsp;<\/p>\n<p>&nbsp;<\/p>\n<p><strong>AGORDO<\/strong> <strong>domenica 07 luglio con il Cai di Agordo al Monte Sperone con i giovani. <\/strong>Anche se il lavoro di pulizia e ripristino dei sentieri non \u00e8 ancora ultimato, per la prossima domenica gli uomini e le donne del Cai posano\u00a0 motoseghe, zappini e taniche di carburante e riprendiono l&#8217;attivit\u00e0 escursionistica. Ad aprire le danze saranno i <strong>Giovani Aquilotti<\/strong> con un&#8217;escursione nel territorio di Sospirolo\u00a0e\u00a0salita al <strong>Monte Sperone<\/strong>: cima forse poco conosciuta ma di sicuro fascino e dalla quale si gode uno spettacolare panorama verso i Monti del Sole, la Valle del Mis e le Prealpi Bellunesi. La\u00a0<strong>difficolt\u00e0<\/strong> \u00e8 <strong>media<\/strong> ma con un modesto dislivello. <u>Escursione adatta alla famiglia<\/u>.<\/p>\n<p>&nbsp;<\/p>\n<p>&nbsp;<\/p>\n<p><strong>VAL DI ZOLDO<\/strong> La mostra &#8220;Le barche dei Casal, capolavoro degli squerarioli di Zoldo a Venezia&#8221; sar\u00e0 ufficialmente presentata alla stampa mercoled\u00ec 10 luglio alle\u00a0 11 in\u00a0 \u201cSala Piloni\u201d della Provincia di Belluno. La mostra \u00a0avr\u00e0 luogo dal 13 luglio al 27 ottobre\u00a0 presso la Sala \u201cAlmerindo Rizzardini\u201d in Piazza G. Angelini a Fusine di Val di Zoldo.\u00a0 inaugurazione sabato 13 luglio alle 18. Introduce il Sindaco di Val di Zoldo.\u00a0 Interverranno il Curatore della Mostra,\u00a0 i rappresentati di Amministrazione Provinciale di Belluno, Regione Veneto, Comune di Venezia, Fondazione Musei Civici Veneziani, Museo Correr, Archivio di Stato di Venezia, Associazione Arzan\u00e0<\/p>\n<p>&nbsp;<\/p>\n<p><strong>AGORDO\u00a0<\/strong> Sabato 13 luglio alle ore 20 e 30 presso la sala Don Ferdinando Tamis ad Agordo, l&#8217;appassionato di astronomia Claudio Pra terr\u00e0 una conferenza per ricordare lo storico sbarco dell&#8217;uomo sulla Luna, avvenuto 50 anni fa nel luglio del 1969. La serata \u00e8 gratuita ed aperta a tutti e se il tempo lo permetter\u00e0 seguir\u00e0 l&#8217;osservazione del nostro satellite naturale al telescopio. Vi aspettiamo numerosi!<\/p>\n<p>&nbsp;<\/p>\n<p>&nbsp;<\/p>\n<h2>Abitare i luoghi lontani La montagna Possibile<\/h2>\n<p><strong>VAL DI ZOLDO<\/strong> Venerdi\u00a0 12 luglio a Zoldo si terr\u00e0 un convegno con tema l&#8217;abitare in montagna e in che modi contrastarne lo spopolamento. Alle 17 al Cinema di Dont interverranno: Camillo De Pellegrin &#8211; SINDACO DI VAL DI ZOLDO, \u00a0Massimo Ferasin\u00a0 ASSOCIAZIONE \u201cI BEGARER DA COZOLVER\u201d. Dalle 17.30 \u00a0&#8220;Creativit\u00e0 del margine e immaginazione politica&#8221; con\u00a0 Alessandra Bonazzi PROFESSORESSA ORDINARIA DIPARTIMENTO DI FILOSOFIA E COMUNICAZIONE UNIVERSIT\u00c0 DEGLI STUDI DI BOLOGNA. &#8221; Villaggi alpini tra recupero dell\u2019esistente e nuove visioni per il futuro della montagna. Quali politiche per i borghi minori? di\u00a0 Maria Anna Bertolino DOTTORE DI RICERCA IN SCIENZE ANTROPOLOGICHE &#8211; POLITECNICO DI TORINO. &#8220;La programmazione dei fondi strutturali e d\u2019investimento europei. La nuova visione della montagna&#8221; con Flaminio Da Deppo PRESIDENTE GAL ALTO BELLUNESE. Al termine dibattito e conclusioni di\u00a0 Renzo Bortolot SINDACO DI ZOPP\u00c8 DI CADORE &#8211; PRESIDENTE DELLA MAGNIFICA COMUNIT\u00c0 DI CADORE<\/p>\n<p>&nbsp;<\/p>\n<p>&nbsp;<\/p>\n<h3>ADVENTURE OUTDOOR AI PIANI DI PEZZE&#8217;<\/h3>\n<p><strong>ALLEGHE<\/strong> Dal 25 al 28 luglio arriva l&#8217;Adventure Outdoor Fest: Sport, Avventura, Emozioni, numerosi ospiti e la possibilita\u0300 per tutti, di vivere nuove esperienze outdoor in un weekend a pieno contatto con la natura. L&#8217;inaugurazione\u00a0 giovedi 25 a Rocca Pietore e, da venerdi 26 a Domenica 28, il villaggio del Festival sar\u00e0 a Piani di Pezz\u00e8 (Alleghe). Arrampicata, MTB, Slackline, Yoga, Acroyoga, Trail Running, Trekking, corsi di sopravvivenza e tante altre attivit\u00e0 speciali. Non solo sport, ma anche musica, cinema, aperitivi, incontri, libri, degustazioni ed esibizioni spettacolari, per vivere un weekend pieno di Avventura ed Emozioni. Informazioni e iscrizioni alle attivit\u00e0 del festival: Www.adventureoutdoorfest.com<\/p>\n<p>&nbsp;<\/p>\n<p>&nbsp;<\/p>\n<p>&nbsp;<\/p>\n<p>&nbsp;<\/p>\n<p><a class=\"dt-pswp-item\" href=\"http:\/\/www.radiopiu.net\/wordpress\/wp-content\/uploads\/2018\/09\/viabilita.jpeg\" data-dt-img-description=\"\" data-large_image_width=\"800\" data-large_image_height=\"100\"><img loading=\"lazy\" decoding=\"async\" class=\"alignnone size-full wp-image-61954\" src=\"http:\/\/www.radiopiu.net\/wordpress\/wp-content\/uploads\/2018\/09\/viabilita.jpeg\" alt=\"\" width=\"800\" height=\"100\" srcset=\"https:\/\/www.radiopiu.net\/wordpress\/wp-content\/uploads\/2018\/09\/viabilita.jpeg 800w, https:\/\/www.radiopiu.net\/wordpress\/wp-content\/uploads\/2018\/09\/viabilita-300x38.jpeg 300w, https:\/\/www.radiopiu.net\/wordpress\/wp-content\/uploads\/2018\/09\/viabilita-768x96.jpeg 768w\" sizes=\"auto, (max-width: 800px) 100vw, 800px\" \/><\/a><\/p>\n<p><strong>REGIONALE 346 DEL SAN PELLEGRINO, TRATTI DI STRADA TRA FALCADE, CANALE D&#8217;AGORDO E VALLADA:<\/strong>Dal 1 al 21 luglio dalle 8 alle 17, festivi e prefestivi inclusi, saltuario senso unico alternato regolato da movieri per lavori sostituzione conduttori linea elettrica alta tensione.<\/p>\n<p><strong>REGIONALE 203 AGORDINA, A SUD DI PONTE ALTO COMUNE DI AGORDO<\/strong>: Fino al 12 luglio (sabato e domenica esclusi) restringimento di carreggiata e senso unico alternato regolato da moviere.<\/p>\n<p><strong>REGIONALE 203 AGORDINA LOCALITA&#8217; LE CAMPE (La Valle):<\/strong> Dal 1 al 15 luglio con esclusione dei giorni festivi e prefestivi, dalle 7.30 alle 8.30, dalle 16.30 alle 17.30 senso unico alternato regolato da movieri,\u00a0 dalle 8.30 alle 16.30 senso unico semaforico, per lavori ripristino rete fognaria<\/p>\n<p><strong>PROVINCIALE 347 PASSO CEREDA: CHIUSURA.<\/strong> Da\u00a0 venerdi 4\u00a0 all&#8217;11 luglio dalle 8.15 alle 12.30 e dalle 14 alle 17.30 con esclusione dei giorni festivi e prefestivi, chiusura tra Chiesa e Pradel in Comune di Val di Zoldo per lavori di asfaltatura.<\/p>\n<p><strong>LA VALLE\u00a0 <\/strong>Fino\u00a031 luglio (festivi e prefestivi esclusi) senso unico a seconda delle esigenze con semaforo o movieri lungo la regionale 203 agordina in localit\u00e0 La Muda<\/p>\n<p><strong>PROVINCIALE 563 DI SALESEI <\/strong>Fino al 19 luglio\u00a0 In localit\u00e0 Sopracordevole in Comune di Rocca Pietore senso unico alternato con semaforo o movieri e divieto di transito ai mezzi con massa superiore a 7,5 tonellate.<\/p>\n<p>&nbsp;<\/p>\n<p>&nbsp;<\/p>\n<p>&nbsp;<\/p>\n<p><a class=\"dt-pswp-item\" href=\"http:\/\/www.radiopiu.net\/wordpress\/wp-content\/uploads\/2018\/09\/sport.jpg\" data-dt-img-description=\"\" data-large_image_width=\"800\" data-large_image_height=\"100\"><img loading=\"lazy\" decoding=\"async\" class=\"alignnone wp-image-60761 size-full\" src=\"http:\/\/www.radiopiu.net\/wordpress\/wp-content\/uploads\/2018\/09\/sport.jpg\" alt=\"\" width=\"800\" height=\"100\" srcset=\"https:\/\/www.radiopiu.net\/wordpress\/wp-content\/uploads\/2018\/09\/sport.jpg 800w, https:\/\/www.radiopiu.net\/wordpress\/wp-content\/uploads\/2018\/09\/sport-300x38.jpg 300w, https:\/\/www.radiopiu.net\/wordpress\/wp-content\/uploads\/2018\/09\/sport-768x96.jpg 768w\" sizes=\"auto, (max-width: 800px) 100vw, 800px\" \/><\/a><\/p>\n<p>&nbsp;<\/p>\n<h2>SESTA GIORNATA DEL CAMPIONATO AGORDINO FEMMINILE<\/h2>\n<p>Marco Gaz,<\/p>\n<p>Sono scese in campo ieri sera le ragazze del Campionato Agordino femminile. Il Voltago vince anche alla sesta giornata e rimane in testa alla classifica a punteggio pieno. La corazzata allenata da Renato Orzetti non sbaglia un colpo e sembra essere imbattibile in questa prima parte della stagione. Intanto le campionesse in carica del Le Ville sembrano essere in difficolt\u00e0 e pareggiano con il fanalino di coda Fodom. Al \u201cRenzo Da Campo\u201d di Voltago le padrone di casa incamerano 3 punti contro l&#8217;Alleghe. Vittoria di misura per le voltaghesi che portano a casa l&#8217;ennesima vittoria grazie alle reti di De Bastiani e Masoch. Per le alleghesi a segno Busin. A Canale D&#8217;Agordo il Le Ville non va oltre il pareggio contro il Fodom. Campionesse in carica che non riescono ad ingranare la marcia giusta per conquistare i 3 punti in palio. Un punto d&#8217;oro per le orsette che agganciano l&#8217;Alleghe in classifica.<\/p>\n<blockquote><p><strong> I RISULTATI: Voltago \u2013 Alleghe 2-1, Le Ville \u2013 Fodom 0-0. Ha riposato il Taibon LA CLASSIFICA: Voltago 15, Taibon 6, Le Ville 5, Alleghe e Fodom 4 PROSSIMO TURNO: sabato 6 luglio a Cernadoi alle 19:45 Fodom \u2013 Taibon, a Boscoverde di Rocca Pietore alle 20:30 Alleghe \u2013 Le Ville. Riposa il Voltago<\/strong><\/p><\/blockquote>\n<p>&nbsp;<\/p>\n<p>&nbsp;<\/p>\n<h3>Gos\u00e8r Trail, venerdi la Corrinsieme per provare il tracciato<\/h3>\n<p><strong>BELLUNO <\/strong>Venerdi alle 18\u00a0 al campo sportivo di Tisoi \u201cCorrinsieme\u201d dedicata alla prova percorsi del Gos\u00e8r Trail. Due tracciati adatti a tutti i partecipanti: uno lungo 12 km e uno corto da 7 km che ripercorreranno parte dei tracciati delle gare previste per domenica 28 luglio. \u00abAbbiamo organizzato la Corrinsieme prevedendo due gruppi, uno dedicato a chi \u00e8 gi\u00e0 pratico con la corsa in montagna e uno invece definito \u201cbradipi\u201d, quindi pi\u00f9 lento, per chi vuole godersi il panorama o si approccia da poco al mondo del trail running. Entrambi ovviamente accompagnati da noi organizzatori, quindi illustrando la bellezza della natura che attraversiamo\u00bb presenta Enrico Dal Farra, presidente della Asd Al Gos\u00e8r. \u00abUn semplice modo per prendere confidenza con i percorsi della gara che negli ultimi mesi sono stati messi in sicurezza e completamente puliti dai danni del maltempo, con la speranza di renderli accessibili a tutti per 365 giorni l\u2019anno\u00bb. \u00a0Le iscrizioni online al link www.algoser.it\/gara\/iscrizioni.<\/p>\n<p>&nbsp;<\/p>\n<p>&nbsp;<\/p>\n<p>&nbsp;<\/p>\n<p><a class=\"dt-pswp-item\" href=\"http:\/\/www.radiopiu.net\/wordpress\/wp-content\/uploads\/2018\/09\/WhatsApp-Image-2018-09-20-at-16.04.06.jpeg\" data-dt-img-description=\"\" data-large_image_width=\"800\" data-large_image_height=\"100\"><img loading=\"lazy\" decoding=\"async\" class=\"alignnone wp-image-61378 size-full\" src=\"http:\/\/www.radiopiu.net\/wordpress\/wp-content\/uploads\/2018\/09\/WhatsApp-Image-2018-09-20-at-16.04.06.jpeg\" alt=\"\" width=\"800\" height=\"100\" srcset=\"https:\/\/www.radiopiu.net\/wordpress\/wp-content\/uploads\/2018\/09\/WhatsApp-Image-2018-09-20-at-16.04.06.jpeg 800w, https:\/\/www.radiopiu.net\/wordpress\/wp-content\/uploads\/2018\/09\/WhatsApp-Image-2018-09-20-at-16.04.06-300x38.jpeg 300w, https:\/\/www.radiopiu.net\/wordpress\/wp-content\/uploads\/2018\/09\/WhatsApp-Image-2018-09-20-at-16.04.06-768x96.jpeg 768w\" sizes=\"auto, (max-width: 800px) 100vw, 800px\" \/><\/a><\/p>\n<p><center><b>Giovedi 4<\/b><\/center><b>Tempo atteso: <\/b>Tempo in parte soleggiato con nubi medio-alte e alte al mattino, in seguito tratti soleggiati e nuvolosit\u00e0 irregolare per attivit\u00e0 cumuliforme, localmente intensa ed associata a qualche isolato fenomeno convettivo. Clima nuovamente un po&#8217; pi\u00f9 caldo grazie al maggiore soleggiamento rispetto a mercoled\u00ec.<br \/>\n<b>Precipitazioni: <\/b>Al mattino generalmente assenti (0\/10%). Al pomeriggio probabilit\u00e0 media (20\/40%) per qualche focolaio temporalesco, pi\u00f9 probabile sulle Dolomiti, anche se non escluse su alcuni altri settori montani, la minore convezione ridurr\u00e0 sensibilmente il rischio di fenomeni intensi.<br \/>\n<b>Temperature: <\/b>Minime in leggero calo; massime in diminuzione nelle valli e stazionarie in quota, con punte di 29\/30\u00b0C nei fondovalle prealpini e di 23\/25\u00b0C a 1000\/1200 m. Su Prealpi a 1500 m min 13\u00b0C max 18\u00b0C, a 2000 m min 11\u00b0C max 14\u00b0C. Su Dolomiti a 2000 m min 10\u00b0C max 14\u00b0C, a 3000 m min 5\u00b0C max 7\u00b0C.<br \/>\n<b>Venti: <\/b>Nelle valli deboli\/moderati a regime di brezza; in quota in prevalenza deboli da Ovest Nord-Ovest, a 5-10 km\/h sia a 2000 che a 3000 m.<\/p>\n<hr \/>\n<p><center><b>Venerdi 5<\/b><\/center><b>Tempo atteso: <\/b>Tempo pi\u00f9 stabile e pi\u00f9 caldo dei giorni precedenti. Del tutto soleggiato, salvo modesti cumuli a ridosso delle vette durante le ore pi\u00f9 calde. Clima un po&#8217; pi\u00f9 fresco di notte e pi\u00f9 caldo di giorno.<br \/>\n<b>Precipitazioni: <\/b>Assenti (0%), eccetto qualche isolato piovasco (10%).<br \/>\n<b>Temperature: <\/b>Minime in leggero calo nelle valli ed in aumento in quota; massime in generale ripresa ovunque, con punte di 32\/33\u00b0C nei fondovalle prealpini e di 27\/28\u00b0C a 1000\/1200 m. Su Prealpi a 1500 m min 14\u00b0C max 21\u00b0C, a 2000 m min 12\u00b0C max 17\u00b0C. Su Dolomiti a 2000 m min 11\u00b0C max 18\u00b0C, a 3000 m min 7\u00b0C max 9\u00b0C.<br \/>\n<b>Venti: <\/b>Nelle valli deboli\/moderati a regime di brezza; in quota perlopi\u00f9 deboli, solo a tratti moderati, da Nord-Ovest, a 5-10 km\/h a 2000 e a 10-20 km\/h a 3000 m.<\/p>\n<hr \/>\n<p><center><b>Sabato 6<\/b><\/center>Tempo stabile e soleggiato fino al primo pomeriggio. Poi riduzione del soleggiamento per addensamenti cumuliformi, anche intensi, associati a rovesci e temporali, localmente gi\u00e0 al pomeriggio, ma sopratutto tra il tardo pomeriggio e la sera. Temperature minime in rialzo e massime stazionarie e superiori alle medie del periodo. Venti deboli\/moderati occidentali in quota e deboli\/moderati per brezze nelle valli.<\/p>\n<hr \/>\n<p><center><b>Domenica 7<\/b><\/center>Tempo stabile e soleggiato fino alle ore centrali del giorno. Poi riduzione del soleggiamento per addensamenti cumuliformi, associati a qualche rovescio o temporale tra il pomeriggio e la sera. Contenuta flessione delle temperature massime. Venti deboli\/moderati da Nord-Ovest quota e deboli\/moderati per brezze nelle valli. Previsore: R.L.Th.<\/p>\n<p>&nbsp;<\/p>\n","protected":false},"excerpt":{"rendered":"<p>Una giornata difficile quella di ieri, per forze dell&#8217;ordine, vigili del fuoco, Soccorso Alpino, sindaci e volontari. L&#8217;incidente mortale di Auronzo strappa la vita alla giovane Giulia Larese Casanova una ragazza buona che ha sempre reagito alle &#8220;cattiverie&#8221; di una vita quando ha perso entrambi i genitori Franco e Romana: un triste destino. Nello zoldano&hellip;<\/p>\n","protected":false},"author":1,"featured_media":90615,"comment_status":"closed","ping_status":"closed","sticky":false,"template":"","format":"standard","meta":{"_monsterinsights_skip_tracking":false,"_monsterinsights_sitenote_active":false,"_monsterinsights_sitenote_note":"","_monsterinsights_sitenote_category":0,"footnotes":""},"categories":[86],"tags":[],"class_list":["post-90516","post","type-post","status-publish","format-standard","has-post-thumbnail","hentry","category-gr","category-86","description-off"],"img_url":"https:\/\/www.radiopiu.net\/wordpress\/wp-content\/uploads\/2019\/07\/WhatsApp-Image-2019-07-03-at-16.49.11.jpeg","_links":{"self":[{"href":"https:\/\/www.radiopiu.net\/wordpress\/wp-json\/wp\/v2\/posts\/90516","targetHints":{"allow":["GET"]}}],"collection":[{"href":"https:\/\/www.radiopiu.net\/wordpress\/wp-json\/wp\/v2\/posts"}],"about":[{"href":"https:\/\/www.radiopiu.net\/wordpress\/wp-json\/wp\/v2\/types\/post"}],"author":[{"embeddable":true,"href":"https:\/\/www.radiopiu.net\/wordpress\/wp-json\/wp\/v2\/users\/1"}],"replies":[{"embeddable":true,"href":"https:\/\/www.radiopiu.net\/wordpress\/wp-json\/wp\/v2\/comments?post=90516"}],"version-history":[{"count":0,"href":"https:\/\/www.radiopiu.net\/wordpress\/wp-json\/wp\/v2\/posts\/90516\/revisions"}],"wp:featuredmedia":[{"embeddable":true,"href":"https:\/\/www.radiopiu.net\/wordpress\/wp-json\/wp\/v2\/media\/90615"}],"wp:attachment":[{"href":"https:\/\/www.radiopiu.net\/wordpress\/wp-json\/wp\/v2\/media?parent=90516"}],"wp:term":[{"taxonomy":"category","embeddable":true,"href":"https:\/\/www.radiopiu.net\/wordpress\/wp-json\/wp\/v2\/categories?post=90516"},{"taxonomy":"post_tag","embeddable":true,"href":"https:\/\/www.radiopiu.net\/wordpress\/wp-json\/wp\/v2\/tags?post=90516"}],"curies":[{"name":"wp","href":"https:\/\/api.w.org\/{rel}","templated":true}]}}