{"id":90820,"date":"2019-07-05T14:21:55","date_gmt":"2019-07-05T12:21:55","guid":{"rendered":"http:\/\/www.radiopiu.net\/wordpress\/?p=90820"},"modified":"2019-07-05T14:21:55","modified_gmt":"2019-07-05T12:21:55","slug":"alle-imprese-di-schiucaz-un-contributo-straordinario-grazie-alle-donazioni-della-b-m-e-della-sezione-a-b-v-s-del-comune-di-alpago","status":"publish","type":"post","link":"https:\/\/www.radiopiu.net\/wordpress\/alle-imprese-di-schiucaz-un-contributo-straordinario-grazie-alle-donazioni-della-b-m-e-della-sezione-a-b-v-s-del-comune-di-alpago\/","title":{"rendered":"Alle imprese di Schiucaz un contributo straordinario grazie alle donazioni dell\u2019A.B.M. e della sezione A.B.V.S. del Comune di Alpago."},"content":{"rendered":"<p align=\"JUSTIFY\"><strong><a class=\"dt-pswp-item\" href=\"http:\/\/www.radiopiu.net\/wordpress\/wp-content\/uploads\/2019\/07\/IMG_20190516_124654-1.jpg\" data-dt-img-description=\"\" data-large_image_width=\"5312\" data-large_image_height=\"2988\"><img loading=\"lazy\" decoding=\"async\" class=\"size-medium wp-image-90819 alignleft\" src=\"http:\/\/www.radiopiu.net\/wordpress\/wp-content\/uploads\/2019\/07\/IMG_20190516_124654-1-300x169.jpg\" alt=\"\" width=\"300\" height=\"169\" srcset=\"https:\/\/www.radiopiu.net\/wordpress\/wp-content\/uploads\/2019\/07\/IMG_20190516_124654-1-300x169.jpg 300w, https:\/\/www.radiopiu.net\/wordpress\/wp-content\/uploads\/2019\/07\/IMG_20190516_124654-1-768x432.jpg 768w, https:\/\/www.radiopiu.net\/wordpress\/wp-content\/uploads\/2019\/07\/IMG_20190516_124654-1-1024x576.jpg 1024w\" sizes=\"auto, (max-width: 300px) 100vw, 300px\" \/><\/a>ALPAGO<\/strong>Con una delibera di alcuni giorni fa, la giunta comunale di Alpago ha deciso di destinare alle tre imprese con sede nella frazione di Schiucaz, due artigiane ed una agricola, un contributo complessivo di 1.100 euro. La somma deriva da due donazioni, rispettivamente di mille euro da parte dell\u2019Associazione Bellunesi nel Mondo e di 800 euro dall\u2019Associazione Bellunese Volontari del Sangue di Alpago (la restante somma di 700 verr\u00e0 riservata a prossime necessit\u00e0, sempre nel contesto dell\u2019emergenza legata alla frazione di Schiucaz).<\/p>\n<blockquote><p><em>\u201cAbbiamo deciso di destinare queste risorse alle imprese coinvolte dalla frana di Schiucaz perch\u00e9, a differenza dei privati, la normativa legata all\u2019emergenza non prevede la possibilit\u00e0 di erogare loro dei fondi per un sostegno immediato, in attesa della liquidazione dei danni documentati da relazione tecnica\u201d, commenta il sindaco di Alpago Umberto Soccal, che aggiunge: \u201cLa misura del contributo straordinario in oggetto, pur non certo risolutiva in termini assoluti, \u00e8 inoltre perfettamente in linea con le finalit\u00e0 del Regolamento comunale per il sostegno finanziario delle microattivit\u00e0 commerciali ed artigianali di cui ci siamo dotati. Siamo estremamente grati tanto all\u2019A.B.M. che all\u2019A.B.V.S. di Alpago per la sensibilit\u00e0 e la solidariet\u00e0 dimostrate anche in questa occasione; il loro messaggio di vicinanza alla popolazione e alle attivit\u00e0 economiche coinvolte ci gratifica e ci impegna, se possibile, ancora di pi\u00f9\u201d.<\/em><\/p><\/blockquote>\n<p>In considerazione della straordinariet\u00e0 e gravit\u00e0 della situazione, il Comune di Alpago ha disposto, come noto, per i proprietari degli immobili ubicati nell\u2019abitato di Schiucaz la sospensione dei termini di pagamento dell\u2019IMU, della TASI e della TARI dovuti per l\u2019anno 2019, sino a data da destinarsi ovvero sino alla revoca dell\u2019ordinanza di evacuazione degli edifici.<\/p>\n","protected":false},"excerpt":{"rendered":"<p>ALPAGOCon una delibera di alcuni giorni fa, la giunta comunale di Alpago ha deciso di destinare alle tre imprese con sede nella frazione di Schiucaz, due artigiane ed una agricola, un contributo complessivo di 1.100 euro. La somma deriva da due donazioni, rispettivamente di mille euro da parte dell\u2019Associazione Bellunesi nel Mondo e di 800&hellip;<\/p>\n","protected":false},"author":1,"featured_media":90819,"comment_status":"closed","ping_status":"closed","sticky":false,"template":"","format":"standard","meta":{"_monsterinsights_skip_tracking":false,"_monsterinsights_sitenote_active":false,"_monsterinsights_sitenote_note":"","_monsterinsights_sitenote_category":0,"footnotes":""},"categories":[49],"tags":[],"class_list":["post-90820","post","type-post","status-publish","format-standard","has-post-thumbnail","hentry","category-news-18","category-49","description-off"],"img_url":"https:\/\/www.radiopiu.net\/wordpress\/wp-content\/uploads\/2019\/07\/IMG_20190516_124654-1.jpg","_links":{"self":[{"href":"https:\/\/www.radiopiu.net\/wordpress\/wp-json\/wp\/v2\/posts\/90820","targetHints":{"allow":["GET"]}}],"collection":[{"href":"https:\/\/www.radiopiu.net\/wordpress\/wp-json\/wp\/v2\/posts"}],"about":[{"href":"https:\/\/www.radiopiu.net\/wordpress\/wp-json\/wp\/v2\/types\/post"}],"author":[{"embeddable":true,"href":"https:\/\/www.radiopiu.net\/wordpress\/wp-json\/wp\/v2\/users\/1"}],"replies":[{"embeddable":true,"href":"https:\/\/www.radiopiu.net\/wordpress\/wp-json\/wp\/v2\/comments?post=90820"}],"version-history":[{"count":0,"href":"https:\/\/www.radiopiu.net\/wordpress\/wp-json\/wp\/v2\/posts\/90820\/revisions"}],"wp:featuredmedia":[{"embeddable":true,"href":"https:\/\/www.radiopiu.net\/wordpress\/wp-json\/wp\/v2\/media\/90819"}],"wp:attachment":[{"href":"https:\/\/www.radiopiu.net\/wordpress\/wp-json\/wp\/v2\/media?parent=90820"}],"wp:term":[{"taxonomy":"category","embeddable":true,"href":"https:\/\/www.radiopiu.net\/wordpress\/wp-json\/wp\/v2\/categories?post=90820"},{"taxonomy":"post_tag","embeddable":true,"href":"https:\/\/www.radiopiu.net\/wordpress\/wp-json\/wp\/v2\/tags?post=90820"}],"curies":[{"name":"wp","href":"https:\/\/api.w.org\/{rel}","templated":true}]}}