{"id":90840,"date":"2019-07-08T05:29:28","date_gmt":"2019-07-08T03:29:28","guid":{"rendered":"http:\/\/www.radiopiu.net\/wordpress\/?p=90840"},"modified":"2019-07-08T15:58:35","modified_gmt":"2019-07-08T13:58:35","slug":"la-festa-di-san-lucano-il-20-e-21-luglio-si-svolgera-regolarmente","status":"publish","type":"post","link":"https:\/\/www.radiopiu.net\/wordpress\/la-festa-di-san-lucano-il-20-e-21-luglio-si-svolgera-regolarmente\/","title":{"rendered":"LA FESTA DI SAN LUCANO IL 20 E 21 LUGLIO SI SVOLGERA&#8217; REGOLARMENTE\u00a0"},"content":{"rendered":"<p>&nbsp;<\/p>\n<p><strong><a class=\"dt-pswp-item\" href=\"http:\/\/www.radiopiu.net\/wordpress\/wp-content\/uploads\/2019\/07\/ad550352-c707-4de9-9c84-30e75e31fd3b-1.jpg\" data-dt-img-description=\"\" data-large_image_width=\"1599\" data-large_image_height=\"1200\"><img loading=\"lazy\" decoding=\"async\" class=\" wp-image-90836 alignleft\" src=\"http:\/\/www.radiopiu.net\/wordpress\/wp-content\/uploads\/2019\/07\/ad550352-c707-4de9-9c84-30e75e31fd3b-1-300x225.jpg\" alt=\"\" width=\"191\" height=\"143\" srcset=\"https:\/\/www.radiopiu.net\/wordpress\/wp-content\/uploads\/2019\/07\/ad550352-c707-4de9-9c84-30e75e31fd3b-1-300x225.jpg 300w, https:\/\/www.radiopiu.net\/wordpress\/wp-content\/uploads\/2019\/07\/ad550352-c707-4de9-9c84-30e75e31fd3b-1-768x576.jpg 768w, https:\/\/www.radiopiu.net\/wordpress\/wp-content\/uploads\/2019\/07\/ad550352-c707-4de9-9c84-30e75e31fd3b-1-1024x768.jpg 1024w, https:\/\/www.radiopiu.net\/wordpress\/wp-content\/uploads\/2019\/07\/ad550352-c707-4de9-9c84-30e75e31fd3b-1.jpg 1599w\" sizes=\"auto, (max-width: 191px) 100vw, 191px\" \/><\/a>TAIBON<\/strong> Questa primavera l&#8217;Associazione Proloco ha temuto che la sagra di San Lucano venisse cancellata, in effetti c&#8217;\u00e8 mancato poco per quella disposizione &#8220;antivalanghe&#8221; che vietava lo spostamento degli alberi, anche dalla strada silvopastorale che sale dietro la chiesa. Il presidente Silvano Ben con i suoi collaboratori prima ha chiesto informazioni, poi ha protestato mettendo in evidenza come fosse sufficiente alzare la linea per delimitare il pericolo di valanghe e una volta ottenuto il nulla osta non ha perso tempo chiamando a raccolta gli amici per alcune giornate di grande lavoro. Gli alberi sono stati spostati, il grande prato che ospiter\u00e0 la festa \u00e8 stato bonificato e nel fine settimana del 20 e 21 luglio la valle \u00e8 pronta ad accogliere valligiani e turisti.<\/p>\n<h3>AI MICROFONI DI RADIO PIU&#8217; IL PRESIDENTE DELLA PROLOCO SILVANO &#8220;PICIOL&#8221; BEN<\/h3>\n<audio class=\"wp-audio-shortcode\" id=\"audio-90840-1\" preload=\"none\" style=\"width: 100%;\" controls=\"controls\"><source type=\"audio\/mpeg\" src=\"http:\/\/www.radiopiu.net\/wordpress\/wp-content\/uploads\/2019\/07\/piciol.mp3?_=1\" \/><a href=\"http:\/\/www.radiopiu.net\/wordpress\/wp-content\/uploads\/2019\/07\/piciol.mp3\">http:\/\/www.radiopiu.net\/wordpress\/wp-content\/uploads\/2019\/07\/piciol.mp3<\/a><\/audio>\n<p><strong>ARCHIVIO 30 APRILE 2019<\/strong><\/p>\n<blockquote class=\"wp-embedded-content\" data-secret=\"ALcNZQMTu7\"><p><a href=\"http:\/\/www.radiopiu.net\/wordpress\/le-motoseghe-non-girano-festa-di-san-lucano-in-forse\/\">LE MOTOSEGHE NON GIRANO,  FESTA DI SAN LUCANO IN FORSE<\/a><\/p><\/blockquote>\n<p><iframe loading=\"lazy\" title=\"&#8220;LE MOTOSEGHE NON GIRANO,  FESTA DI SAN LUCANO IN FORSE&#8221; &#8212; Radio Pi\u00f9\" class=\"wp-embedded-content\" sandbox=\"allow-scripts\" security=\"restricted\" style=\"position: absolute; clip: rect(1px, 1px, 1px, 1px);\" src=\"http:\/\/www.radiopiu.net\/wordpress\/le-motoseghe-non-girano-festa-di-san-lucano-in-forse\/embed\/#?secret=ALcNZQMTu7\" data-secret=\"ALcNZQMTu7\" width=\"600\" height=\"338\" frameborder=\"0\" marginwidth=\"0\" marginheight=\"0\" scrolling=\"no\"><\/iframe><\/p>\n<p><strong>ARCHIVIO 02 MAGGIO 2019<\/strong><\/p>\n<blockquote class=\"wp-embedded-content\" data-secret=\"p0MqDSlZ4Q\"><p><a href=\"http:\/\/www.radiopiu.net\/wordpress\/area-di-san-lucano-in-disordine-san-lucano-a-rischio\/\">AREA DI SAN LUCANO IN DISORDINE, SAN LUCANO A RISCHIO.<\/a><\/p><\/blockquote>\n<p><iframe loading=\"lazy\" title=\"&#8220;AREA DI SAN LUCANO IN DISORDINE, SAN LUCANO A RISCHIO.&#8221; &#8212; Radio Pi\u00f9\" class=\"wp-embedded-content\" sandbox=\"allow-scripts\" security=\"restricted\" style=\"position: absolute; clip: rect(1px, 1px, 1px, 1px);\" src=\"http:\/\/www.radiopiu.net\/wordpress\/area-di-san-lucano-in-disordine-san-lucano-a-rischio\/embed\/#?secret=p0MqDSlZ4Q\" data-secret=\"p0MqDSlZ4Q\" width=\"600\" height=\"338\" frameborder=\"0\" marginwidth=\"0\" marginheight=\"0\" scrolling=\"no\"><\/iframe><\/p>\n<p><strong>ARCHIVIO 8 MAGGIO 2019<\/strong><\/p>\n<blockquote class=\"wp-embedded-content\" data-secret=\"tKTh9ru0dL\"><p><a href=\"http:\/\/www.radiopiu.net\/wordpress\/san-lucano-gli-alberi-si-possono-spostare\/\">SAN LUCANO, GLI ALBERI SI POSSONO SPOSTARE<\/a><\/p><\/blockquote>\n<p><iframe loading=\"lazy\" title=\"&#8220;SAN LUCANO, GLI ALBERI SI POSSONO SPOSTARE&#8221; &#8212; Radio Pi\u00f9\" class=\"wp-embedded-content\" sandbox=\"allow-scripts\" security=\"restricted\" style=\"position: absolute; clip: rect(1px, 1px, 1px, 1px);\" src=\"http:\/\/www.radiopiu.net\/wordpress\/san-lucano-gli-alberi-si-possono-spostare\/embed\/#?secret=tKTh9ru0dL\" data-secret=\"tKTh9ru0dL\" width=\"600\" height=\"338\" frameborder=\"0\" marginwidth=\"0\" marginheight=\"0\" scrolling=\"no\"><\/iframe><\/p>\n<p>&nbsp;<\/p>\n","protected":false},"excerpt":{"rendered":"<p>&nbsp; TAIBON Questa primavera l&#8217;Associazione Proloco ha temuto che la sagra di San Lucano venisse cancellata, in effetti c&#8217;\u00e8 mancato poco per quella disposizione &#8220;antivalanghe&#8221; che vietava lo spostamento degli alberi, anche dalla strada silvopastorale che sale dietro la chiesa. Il presidente Silvano Ben con i suoi collaboratori prima ha chiesto informazioni, poi ha protestato&hellip;<\/p>\n","protected":false},"author":1,"featured_media":90835,"comment_status":"closed","ping_status":"closed","sticky":false,"template":"","format":"standard","meta":{"_monsterinsights_skip_tracking":false,"_monsterinsights_sitenote_active":false,"_monsterinsights_sitenote_note":"","_monsterinsights_sitenote_category":0,"footnotes":""},"categories":[51,49],"tags":[],"class_list":["post-90840","post","type-post","status-publish","format-standard","has-post-thumbnail","hentry","category-evidenza-top","category-news-18","category-51","category-49","description-off"],"img_url":"https:\/\/www.radiopiu.net\/wordpress\/wp-content\/uploads\/2019\/07\/ad550352-c707-4de9-9c84-30e75e31fd3b.jpg","_links":{"self":[{"href":"https:\/\/www.radiopiu.net\/wordpress\/wp-json\/wp\/v2\/posts\/90840","targetHints":{"allow":["GET"]}}],"collection":[{"href":"https:\/\/www.radiopiu.net\/wordpress\/wp-json\/wp\/v2\/posts"}],"about":[{"href":"https:\/\/www.radiopiu.net\/wordpress\/wp-json\/wp\/v2\/types\/post"}],"author":[{"embeddable":true,"href":"https:\/\/www.radiopiu.net\/wordpress\/wp-json\/wp\/v2\/users\/1"}],"replies":[{"embeddable":true,"href":"https:\/\/www.radiopiu.net\/wordpress\/wp-json\/wp\/v2\/comments?post=90840"}],"version-history":[{"count":0,"href":"https:\/\/www.radiopiu.net\/wordpress\/wp-json\/wp\/v2\/posts\/90840\/revisions"}],"wp:featuredmedia":[{"embeddable":true,"href":"https:\/\/www.radiopiu.net\/wordpress\/wp-json\/wp\/v2\/media\/90835"}],"wp:attachment":[{"href":"https:\/\/www.radiopiu.net\/wordpress\/wp-json\/wp\/v2\/media?parent=90840"}],"wp:term":[{"taxonomy":"category","embeddable":true,"href":"https:\/\/www.radiopiu.net\/wordpress\/wp-json\/wp\/v2\/categories?post=90840"},{"taxonomy":"post_tag","embeddable":true,"href":"https:\/\/www.radiopiu.net\/wordpress\/wp-json\/wp\/v2\/tags?post=90840"}],"curies":[{"name":"wp","href":"https:\/\/api.w.org\/{rel}","templated":true}]}}