{"id":90854,"date":"2019-07-05T23:59:50","date_gmt":"2019-07-05T21:59:50","guid":{"rendered":"http:\/\/www.radiopiu.net\/wordpress\/?p=90854"},"modified":"2019-07-05T16:17:48","modified_gmt":"2019-07-05T14:17:48","slug":"per-la-chiesa-di-perarolo-il-traguardo-dei-155-anni-di-renato-bona","status":"publish","type":"post","link":"https:\/\/www.radiopiu.net\/wordpress\/per-la-chiesa-di-perarolo-il-traguardo-dei-155-anni-di-renato-bona\/","title":{"rendered":"PER LA CHIESA DI PERAROLO IL TRAGUARDO DEI 155 ANNI di Renato Bona"},"content":{"rendered":"<p><a class=\"dt-pswp-item\" href=\"http:\/\/www.radiopiu.net\/wordpress\/wp-content\/uploads\/2019\/07\/66343247_486986865371920_124898769954144256_n.jpg\" data-dt-img-description=\"\" data-large_image_width=\"290\" data-large_image_height=\"370\"><img loading=\"lazy\" decoding=\"async\" class=\"size-medium wp-image-90855 alignleft\" src=\"http:\/\/www.radiopiu.net\/wordpress\/wp-content\/uploads\/2019\/07\/66343247_486986865371920_124898769954144256_n-235x300.jpg\" alt=\"\" width=\"235\" height=\"300\" srcset=\"https:\/\/www.radiopiu.net\/wordpress\/wp-content\/uploads\/2019\/07\/66343247_486986865371920_124898769954144256_n-235x300.jpg 235w, https:\/\/www.radiopiu.net\/wordpress\/wp-content\/uploads\/2019\/07\/66343247_486986865371920_124898769954144256_n.jpg 290w\" sizes=\"auto, (max-width: 235px) 100vw, 235px\" \/><\/a>Centocinquantacinque anni fa, nel 1864, c\u2019\u00e8 stata come domani, domenica 8 luglio, la cerimonia di dedicazione per la chiesa di San Nicol\u00f2, a Perarolo di Cadore. Lo ricorda \u201cDomenica\u201d pubblicazione settimanale diretta dal vescovo emerito di Belluno-Feltre Giuseppe Andrich. Il sito giuseppeborsoi.it &#8211; richiamando l\u2019inaugurazione di una mostra e la presentazione nel 2012 di \u201cSan Nicol\u00f2 a Perarolo di Cadore 1862-2012: 150 anni di storia e un catalogo ragionato\u201d, redatto a cura della Parrocchia con la collaborazione del Comune &#8211; e con il sostegno di: Comitato del Cidolo, Pro loco di Perarolo di Cadore, Diocesi di Belluno-Feltre, Magnifica Comunit\u00e0 di Cadore, Arcidiaconato del Cadore, Ufficio beni culturali e arte sacra, Istituto Ladino e Valpiave Assicurazioni &#8211; scrive che \u201cIl 1862 segna l\u2019inizio di 150 anni di vicende, pi\u00f9 o meno fortunate, della chiesa parrocchiale di San Nicol\u00f2, sedimentate e scritte in maniera forte nella memoria collettiva del luogo. Quasi tutti i sacerdoti succedutisi e i perarolesi si sono confrontati, durante le loro vite, con l\u2019evolversi della situazione di precariet\u00e0 iniziata in quell\u2019anno. Nel giro di qualche generazione la comunit\u00e0 ha visto sorgere un tempio grandioso, ha dovuto demolirne la navata dopo appena trent\u2019anni circa, ha costruito una chiesa in legno che in pochi anni ha dato prova di precariet\u00e0, ha tentato senza esito una sua sistemazione definitiva nell\u2019immediato secondo dopoguerra, ha sfiorato l\u2019idea della demolizione totale dell\u2019edificio alla fine degli anni \u201980 del secolo passato e ora, da circa 10 anni, vive la storia di un recupero di grande prospettiva\u2026\u201d. E prosegue: \u201cNella ricorrenza dei 150 anni di costruzione della chiesa di cui oggi rimane solo il presbiterio, l\u2019obiettivo primario della piccola sequenza di pannelli (della relativa mostra . ndr,) \u00e8 quello di anticipare e presentare ufficialmente l\u2019uscita a stampa di un vasto ed articolato studio storico artistico che costituisce un catalogo ragionato delle opere d\u2019arte della chiesa il cui <a class=\"dt-pswp-item\" href=\"http:\/\/www.radiopiu.net\/wordpress\/wp-content\/uploads\/2019\/07\/66127691_2447334595333273_2039996920276975616_n.jpg\" data-dt-img-description=\"\" data-large_image_width=\"960\" data-large_image_height=\"720\"><img loading=\"lazy\" decoding=\"async\" class=\"size-medium wp-image-90856 alignleft\" src=\"http:\/\/www.radiopiu.net\/wordpress\/wp-content\/uploads\/2019\/07\/66127691_2447334595333273_2039996920276975616_n-300x225.jpg\" alt=\"\" width=\"300\" height=\"225\" srcset=\"https:\/\/www.radiopiu.net\/wordpress\/wp-content\/uploads\/2019\/07\/66127691_2447334595333273_2039996920276975616_n-300x225.jpg 300w, https:\/\/www.radiopiu.net\/wordpress\/wp-content\/uploads\/2019\/07\/66127691_2447334595333273_2039996920276975616_n-768x576.jpg 768w, https:\/\/www.radiopiu.net\/wordpress\/wp-content\/uploads\/2019\/07\/66127691_2447334595333273_2039996920276975616_n.jpg 960w\" sizes=\"auto, (max-width: 300px) 100vw, 300px\" \/><\/a>scopo \u00e8 aiutare a comprendere storia e peculiarit\u00e0 in una prospettiva di utilizzo e riscoperta del luogo, della montagna e della primaria funzione dell\u2019opera d\u2019arte: aiutare l\u2019uomo di ogni tempo ad assumere un atteggiamento interiore che lo avvicini a Dio\u201d. Segue il dettaglio delle collaborazioni: descrizione delle principali opere d\u2019arte: Flavio Vizzutti; catalogazione delle opere d\u2019arte: Letizia Lonzi, Elena Maierotti; ricerca etnografica: Iolanda Da Deppo; ricerca storica: Marco Maierotti; testi: Iolanda Da Deppo, Letizia Lonzi, Elena Maierotti, Marco Maierotti, Francesco Silvestri, Flavio Vizzutti. Il sito del Fai (Fondo ambiente italiano) a sua volta riporta: \u201cLa prima chiesa dedicata a san Nicol\u00f2 venne costruita nel 1455 con le pietre scartate dal ponte sul Boite, donate alla comunit\u00e0 di Perarolo dal Consiglio del Cadore. Il titolo a san Nicol\u00f2, protettore dei naviganti, si deve alla fluitazione delle zattere dal Cadore a Venezia, che a Perarolo venivano assemblate e iniziavano la loro discesa. Accresciuto durante il \u2018500 il commercio del legname cadorino con Venezia, Perarolo divenne via via pi\u00f9 popoloso e la chiesa fu dapprima ampliata nel 1604 e successivamente rifatta su progetto dell\u2019architetto Domenico Schiavi nel 1757. Nel 1858 venne demolita, su forzatura dei commercianti di legname che volevano realizzare la piazza che mancava al paese e venne ricostruita nel posto attuale su progetto dell\u2019arch. Antonio Caregaro Negrin. Purtroppo il grosso peso della struttura non riusc\u00ec ad essere sopportato dal terreno e la navata dovette essere demolita solo 35 anni dopo la sua costruzione e sostituita <a class=\"dt-pswp-item\" href=\"http:\/\/www.radiopiu.net\/wordpress\/wp-content\/uploads\/2019\/07\/66263928_448296265754195_6322625737308241920_n.jpg\" data-dt-img-description=\"\" data-large_image_width=\"960\" data-large_image_height=\"643\"><img loading=\"lazy\" decoding=\"async\" class=\"size-medium wp-image-90857 alignright\" src=\"http:\/\/www.radiopiu.net\/wordpress\/wp-content\/uploads\/2019\/07\/66263928_448296265754195_6322625737308241920_n-300x201.jpg\" alt=\"\" width=\"300\" height=\"201\" srcset=\"https:\/\/www.radiopiu.net\/wordpress\/wp-content\/uploads\/2019\/07\/66263928_448296265754195_6322625737308241920_n-300x201.jpg 300w, https:\/\/www.radiopiu.net\/wordpress\/wp-content\/uploads\/2019\/07\/66263928_448296265754195_6322625737308241920_n-768x514.jpg 768w, https:\/\/www.radiopiu.net\/wordpress\/wp-content\/uploads\/2019\/07\/66263928_448296265754195_6322625737308241920_n.jpg 960w\" sizes=\"auto, (max-width: 300px) 100vw, 300px\" \/><\/a>con l\u2019attuale\u201d. Quanto al patrimonio artistico dell\u2019edificio sacro si sottolinea che \u201c \u00f9\u00e8 assai singolare e rappresenta una fonte culturale di notevole importanza, unica nel panorama della chiese non solo del Cadore ma dell\u2019intera diocesi, in quanto \u00e8 espressione del legame col fiume e la fluitazione del legname. Tra le numerose opere d\u2019arte, molte delle quali donate dai commercianti di legname, si evidenziano una tela dell\u2019Addolorata di G. Ghedina, una pala di T. Da Rin, un parato completo donato dal papa bellunese Gregorio XVI e un altro acquistato dal curato De Vido dalle truppe napoleoniche. Monumentale \u00e8 l\u2019altar maggiore cha accoglie sculture del Besarel e dei carnici Aloi, provenienti dalla chiesa settecentesca. L\u2019organo, costruito da Pietro Nachini e Francesco Dacci tra il 1765 e il 1768, \u00e8 un autentico capolavoro della scuola organaria veneziana e si \u00e8 conservato in modo esemplare fino a noi. Importanti lavori di restauro, condotti tra la fine degli anni \u201990 e l\u2019inizio degli anni 2000 hanno permesso di consolidare la struttura dell\u2019edificio. Tuttavia, a cagione di una instabilit\u00e0 che ancora perdura sulla facciata, la chiesa \u00e8 oggi chiusa, l\u2019accesso interdetto a fedeli e visitatori interessati e il patrimonio culturale non pi\u00f9 fruibile in loco\u201d.<\/p>\n<p>NELLE FOTO (Fondoambiente e da \u201cPer i l futuro di Perarolo\u201d su Facebook): una veduta di Perarolo di Cadore; la chiesa; l\u2019organo.<\/p>\n","protected":false},"excerpt":{"rendered":"<p>Centocinquantacinque anni fa, nel 1864, c\u2019\u00e8 stata come domani, domenica 8 luglio, la cerimonia di dedicazione per la chiesa di San Nicol\u00f2, a Perarolo di Cadore. Lo ricorda \u201cDomenica\u201d pubblicazione settimanale diretta dal vescovo emerito di Belluno-Feltre Giuseppe Andrich. Il sito giuseppeborsoi.it &#8211; richiamando l\u2019inaugurazione di una mostra e la presentazione nel 2012 di \u201cSan&hellip;<\/p>\n","protected":false},"author":1,"featured_media":90855,"comment_status":"closed","ping_status":"closed","sticky":false,"template":"","format":"standard","meta":{"_monsterinsights_skip_tracking":false,"_monsterinsights_sitenote_active":false,"_monsterinsights_sitenote_note":"","_monsterinsights_sitenote_category":0,"footnotes":""},"categories":[49],"tags":[],"class_list":["post-90854","post","type-post","status-publish","format-standard","has-post-thumbnail","hentry","category-news-18","category-49","description-off"],"img_url":"https:\/\/www.radiopiu.net\/wordpress\/wp-content\/uploads\/2019\/07\/66343247_486986865371920_124898769954144256_n.jpg","_links":{"self":[{"href":"https:\/\/www.radiopiu.net\/wordpress\/wp-json\/wp\/v2\/posts\/90854","targetHints":{"allow":["GET"]}}],"collection":[{"href":"https:\/\/www.radiopiu.net\/wordpress\/wp-json\/wp\/v2\/posts"}],"about":[{"href":"https:\/\/www.radiopiu.net\/wordpress\/wp-json\/wp\/v2\/types\/post"}],"author":[{"embeddable":true,"href":"https:\/\/www.radiopiu.net\/wordpress\/wp-json\/wp\/v2\/users\/1"}],"replies":[{"embeddable":true,"href":"https:\/\/www.radiopiu.net\/wordpress\/wp-json\/wp\/v2\/comments?post=90854"}],"version-history":[{"count":0,"href":"https:\/\/www.radiopiu.net\/wordpress\/wp-json\/wp\/v2\/posts\/90854\/revisions"}],"wp:featuredmedia":[{"embeddable":true,"href":"https:\/\/www.radiopiu.net\/wordpress\/wp-json\/wp\/v2\/media\/90855"}],"wp:attachment":[{"href":"https:\/\/www.radiopiu.net\/wordpress\/wp-json\/wp\/v2\/media?parent=90854"}],"wp:term":[{"taxonomy":"category","embeddable":true,"href":"https:\/\/www.radiopiu.net\/wordpress\/wp-json\/wp\/v2\/categories?post=90854"},{"taxonomy":"post_tag","embeddable":true,"href":"https:\/\/www.radiopiu.net\/wordpress\/wp-json\/wp\/v2\/tags?post=90854"}],"curies":[{"name":"wp","href":"https:\/\/api.w.org\/{rel}","templated":true}]}}