{"id":90957,"date":"2019-07-08T05:28:08","date_gmt":"2019-07-08T03:28:08","guid":{"rendered":"http:\/\/www.radiopiu.net\/wordpress\/?p=90957"},"modified":"2019-07-08T11:51:39","modified_gmt":"2019-07-08T09:51:39","slug":"giornale-radiopiu-08-luglio-2019-direttore-mirko-mezzacasa","status":"publish","type":"post","link":"https:\/\/www.radiopiu.net\/wordpress\/giornale-radiopiu-08-luglio-2019-direttore-mirko-mezzacasa\/","title":{"rendered":"GIORNALE RADIOPIU 08 LUGLIO 2019 DIRETTORE MIRKO MEZZACASA"},"content":{"rendered":"<p>&nbsp;<\/p>\n<p><strong>Un altro dramma al laghetto di Polane di Agordo.<\/strong> Un anziano di Desio residente a Milano \u00e8 stato ritrovato a terra esanime dai vigili del fuoco, lungo il sentiero che lo avrebbe riportato a casa.Edoardo Pedron, 88 anni\u00a0 aveva deciso di trascorrere il fine settimana nella seconda casa in localit\u00e0 Polane vicino al laghetto naturale dove Pedron era andato per pescare. Si \u00e8 sentito male mentre camminava verso casa e il malore \u00e8 stato fatale. Sul posto anche i Carabinieri di Falcade. <strong>E&#8217; stato un altro fine settimana<\/strong> difficile per Rocca Pietore, a farne le spese soprattutto la zona dello Chalet ad Alleghe dove sabato sera \u00e8 stata di nuovo emergenza. Regione e Comune ora pensano all&#8217;allestimento di un presidio di Protezione Civile per un territorio molto vulnerabile, nulla \u00e8 pi\u00f9 come prima del 29 ottobre<strong>. Frane anche a Cavarzano<\/strong>, colata di fango in via San Francesco interessate rimesse, parcheggio e alcune case, allagata anche via Garibaldi e i residenti sono esasperati.<strong> Ieri sera rissa al Bar Isaia di Visome, <\/strong>tre persone hanno iniziato a litigare per futili motivi, mettendosi le mani addosso e lasciando partire anche qualche cazzotto. La titolare del bar ha chiamato la Polizia che ha\u00a0 fermato due persone, che si erano allontanate in auto e che sono state individuate al distributore Ip di Visome. Il cinquantenne coinvolto nella rissa\u00a0 era invece ancora all&#8217;interno del bar. Tutte\u00a0 tre le persone coinvolte hanno riportato lesioni lievi, che non hanno richiesto le cure dei medici del Pronto soccorso.<strong> Sempre gravi ma stabili le condizioni dell&#8217;anziano<\/strong> pestato dal ciclista a San Fermo Tullio Fattor di 78 anni, ricoverato in ospedale a Feltre, dove \u00e8 stato operato. I carabinieri stanno indagando per risalire all&#8217;identit\u00e0 del ciclista che lo ha aggredito. Potrebbe risultare determinante la testimonianza della moglie di Fattor. <strong>Gran lavoro come sempre per il Soccorso Alpino<\/strong>, ricerche per due turisti con una vera task force, droni compresi. La prima stava tranquillamento dormendo in albergo con il taxi ai Piani di Pezz\u00e8 ad attenderla, il secondo rientrato in serata. <strong>Avrebbe potuto avere conseguenze peggiori il principio d&#8217;incendio<\/strong> divampato ieri mattina in uno scantinato di Arabba. Una lavatrice ha preso fuoco, e il fumo ha invaso i locali dello scantinato di una casa privata, nel pieno centro del paese, in un attimo.Sono stati chiamati i soccorsi e sul posto sono arrivati per primi i vigili del fuoco volontari di Arabba. Le fiamme\u00a0 hanno danneggiato l&#8217;impianto elettrico e annerito le pareti dello scantinati<\/p>\n<p>&nbsp;<\/p>\n<p>&nbsp;<\/p>\n<p>&nbsp;<\/p>\n<p>&nbsp;<\/p>\n<h2>LA FOTO DEL GIORNO.<\/h2>\n<p><strong>VOLTAGO<\/strong> &#8220;el tacon sul bus&#8221;&#8230; con la speranza che prima dell&#8217;inverno la situazione sulla strada comunale interna che porta alla chiesa e alle due attivit\u00e0 commerciali del centro\u00a0 torni nella normalit\u00e0 prima dell&#8217;inverno visto che la legna \u00e8 necessaria&#8230;<\/p>\n<p><a class=\"dt-pswp-item\" href=\"http:\/\/www.radiopiu.net\/wordpress\/wp-content\/uploads\/2019\/07\/7c4323da-412e-4130-9f90-51abc0fea5b4.jpg\" data-dt-img-description=\"\" data-large_image_width=\"899\" data-large_image_height=\"1599\"><img loading=\"lazy\" decoding=\"async\" class=\"alignnone wp-image-91019 size-large\" src=\"http:\/\/www.radiopiu.net\/wordpress\/wp-content\/uploads\/2019\/07\/7c4323da-412e-4130-9f90-51abc0fea5b4-576x1024.jpg\" alt=\"\" width=\"576\" height=\"1024\" srcset=\"https:\/\/www.radiopiu.net\/wordpress\/wp-content\/uploads\/2019\/07\/7c4323da-412e-4130-9f90-51abc0fea5b4-576x1024.jpg 576w, https:\/\/www.radiopiu.net\/wordpress\/wp-content\/uploads\/2019\/07\/7c4323da-412e-4130-9f90-51abc0fea5b4-169x300.jpg 169w, https:\/\/www.radiopiu.net\/wordpress\/wp-content\/uploads\/2019\/07\/7c4323da-412e-4130-9f90-51abc0fea5b4-768x1366.jpg 768w, https:\/\/www.radiopiu.net\/wordpress\/wp-content\/uploads\/2019\/07\/7c4323da-412e-4130-9f90-51abc0fea5b4.jpg 899w\" sizes=\"auto, (max-width: 576px) 100vw, 576px\" \/><\/a><\/p>\n<p>&nbsp;<\/p>\n<p>&nbsp;<\/p>\n<p>&nbsp;<\/p>\n<h2>RINTRACCIATA ESCURSIONISTA TEDESCA, ERA IN ALBERGO<\/h2>\n<p><strong>ALLEGHE<\/strong>\u00a0Le squadre del Soccorso alpino di Alleghe\u00a0 sabato sera\u00a0 alle 22.40\u00a0 si sono attivate per cercare una escursionista tedesca, che aveva prenotato un taxi rimasto\u00a0 in attesa ai Piani di Pezz\u00e8, dove per\u00f2 non si \u00e8 mai presentata. I soccorritori hanno percorso nella notte i sentieri attorno al Rifugio e al lago, salendo da Malga Pioda. Dal cellulare della donna, che risultava spento, i soccorritori sono risaliti alla sua identit\u00e0,\u00a0 Oltre al Soccorso alpino di Alleghe sono intervenuti\u00a0 anche quello di Val Pettorina e i Vigili del fuoco. Presenti anche operatori con i droni. Ieri mattina la beffa:\u00a0 la donna \u00e8 stata rintracciata. Risaliti dal numero di cellulare alla sua identit\u00e0 e all&#8217;albergo in cui risiedeva in vacanza ad Alleghe, i carabinieri la hanno ritrovata l\u00ec. L&#8217;allarme \u00e8 quindi cessato e le squadre sono state fatte rientrare<\/p>\n<p>&nbsp;<\/p>\n<p>&nbsp;<\/p>\n<h2>RITROVATO ESCURSIONISTA SCOMPARSO<\/h2>\n<p><strong>PERAROLO DI CADORE<\/strong>\u00a0 \u00c8 stato ritrovato e sta bene, Luigi Salvatore, l&#8217;escursionista per il cui mancato rientro erano partite ieri\u00a0 le ricerche in Cadore. Dalle prime informazioni, sbagliata strada, si \u00e8 ritrovato ad Ansogne, nella zona industriale di Perarolo, da dove \u00e8 riuscito a mandare un messaggio ai familiari avvertendoli.Attorno alle 15.30 la Centrale del 118 aveva allertato il Soccorso alpino di Pieve di Cadore per avviare la ricerca, aveva appuntamento alle 13 a Caralte, ma non si era mai presentato. Partito da Sottocastello in direzione Casera Cavalet per poi scendere a Caralte, l&#8217;uomo alle 11.20 aveva mandato un messaggio alla madre per dirle che sarebbe stato all&#8217;una sulla strada, dove per\u00f2 non mai \u00e8 arrivato. Prima di essere fermato dal maltempo, l&#8217;elicottero del Suem di Pieve di Cadore aveva effettuato una ricognizione lungo tutto l&#8217;itinerario<\/p>\n<p>&nbsp;<\/p>\n<p>&nbsp;<\/p>\n<h2>JEEP SI ROVESCIA NEL BOSCO<\/h2>\n<p><strong><a class=\"dt-pswp-item\" href=\"http:\/\/www.radiopiu.net\/wordpress\/wp-content\/uploads\/2019\/07\/IMG-20190707-WA0025.jpg\" data-dt-img-description=\"\" data-large_image_width=\"1600\" data-large_image_height=\"1200\"><img loading=\"lazy\" decoding=\"async\" class=\" wp-image-90983 alignleft\" src=\"http:\/\/www.radiopiu.net\/wordpress\/wp-content\/uploads\/2019\/07\/IMG-20190707-WA0025-300x225.jpg\" alt=\"\" width=\"184\" height=\"138\" srcset=\"https:\/\/www.radiopiu.net\/wordpress\/wp-content\/uploads\/2019\/07\/IMG-20190707-WA0025-300x225.jpg 300w, https:\/\/www.radiopiu.net\/wordpress\/wp-content\/uploads\/2019\/07\/IMG-20190707-WA0025-768x576.jpg 768w, https:\/\/www.radiopiu.net\/wordpress\/wp-content\/uploads\/2019\/07\/IMG-20190707-WA0025-1024x768.jpg 1024w, https:\/\/www.radiopiu.net\/wordpress\/wp-content\/uploads\/2019\/07\/IMG-20190707-WA0025.jpg 1600w\" sizes=\"auto, (max-width: 184px) 100vw, 184px\" \/><\/a>BORGOVALBELLUNA <\/strong>Questa mattina passate da poco le 10 la Centrale del 118 ha allertato il Soccorso alpino di Feltre, poich\u00e9, durante un raduno di fuoristrada, una jeep aveva perso il controllo e si era rovesciata nel bosco, salendo da Marziai a Malga Garda. A bordo 4 persone, tra le quali una ragazza di diciassette anni di Thiene (VI), che, cercando di attutire l&#8217;urto, si era procurata la possibile frattura di entrambe le braccia. Dato che l&#8217;ambulanza non poteva raggiungere il luogo dell&#8217;incidente e un imminente temporale impediva l&#8217;avvicinamento dell&#8217;eliambulanza, dopo averle prestato le prime cure, i soccorritori hanno caricato a bordo del proprio fuoristrada la giovane e la hanno accompagnata direttamente al pronto soccorso. Sul posto anche i Vigili del fuoco. Accompagnati in ospedale anche gli altri tre occupanti del mezzo, per verificare botte ed escoriazioni.<\/p>\n<p>&nbsp;<\/p>\n<p>&nbsp;<\/p>\n<h2>SOCCORSO ALPINO, SABATO E&#8217; ANDATA COSI&#8217;<\/h2>\n<p>Attorno a mezzogiorno il Soccorso alpino di Livonallongo \u00e8 intervenuto sui prati della pista da sci che dal Pordoi scende ad Arabba, per un ciclista della Repubblica Ceca di 53 anni, che era caduto in bici riportando probabili traumi alla spalla e alla gamba. Sul posto anche l&#8217;elicottero del Suem di Pieve di Cadore che, prestate le prime cure all&#8217;uomo, lo ha caricato a bordo e trasportato all&#8217;ospedale di Brunico. L&#8217;eliambulanza \u00e8 poi volata in comune di Alpago, sul Monte Moi, dove era precipitato un parapendio. Il pilota, un trentotanovenne polacco, che aveva riportato una probabile frattura alla gamba, \u00e8 stato imbarcato con il verricello, per essere accompagnato all&#8217;ospedale di Belluno. A seguito di numerose segnalazioni per qualcuno che gridava sulla Ferrata dello Sci Club 18 a Cortina, il Soccorso alpino ha verificato la presenza di una persona in difficolt\u00e0. Stanco e incapace di proseguire, un escursionista di Ceggia (VE), \u00e8 stato recuperato con una verricellata dall&#8217;elicottero dell&#8217;Aiut Alpin Dolomites di Bolzano e portato a valle. L&#8217;eliambulanza di Pieve di Cadore \u00e8 poi stata inviata, su richiesta della Centrale del Friuli Venezia Giulia, sul Campanile di Montanaia per un alpinista feritosi gravemente mentre si stava calando. L&#8217;uomo, P.M., 52 anni, di Farra di Soligo (TV), che era volato per venti metri, \u00e8 stato imbarellato e portato all&#8217;ospedale di Treviso con un possibile politrauma. Una squadra del Soccorso alpino di San Vito di Cadore \u00e8 invece salita verso Forcella Val d&#8217;Arcia, per un escursionista rimasto incrodato, poi aiutato a scendere fino al Rifugio Venezia. Il Soccorso alpino dell&#8217;Alpago \u00e8 infine andato incontro a un gruppo di sette persone in difficolt\u00e0 al rientro da Casera Palantina e lo ha riaccompagnato a valle.<\/p>\n<p>&nbsp;<\/p>\n<p>&nbsp;<\/p>\n<h2>ROCCA PIETORE DI NUOVO SOTTO ATTACCO, ANCORA UNA NOTTE DI PAURA<\/h2>\n<p><strong><a class=\"dt-pswp-item\" href=\"http:\/\/www.radiopiu.net\/wordpress\/wp-content\/uploads\/2019\/07\/a359603a-4c4c-4262-90aa-d9bb4a322222.jpg\" data-dt-img-description=\"\" data-large_image_width=\"1600\" data-large_image_height=\"1200\"><img loading=\"lazy\" decoding=\"async\" class=\" wp-image-91022 alignleft\" src=\"http:\/\/www.radiopiu.net\/wordpress\/wp-content\/uploads\/2019\/07\/a359603a-4c4c-4262-90aa-d9bb4a322222-300x225.jpg\" alt=\"\" width=\"167\" height=\"125\" srcset=\"https:\/\/www.radiopiu.net\/wordpress\/wp-content\/uploads\/2019\/07\/a359603a-4c4c-4262-90aa-d9bb4a322222-300x225.jpg 300w, https:\/\/www.radiopiu.net\/wordpress\/wp-content\/uploads\/2019\/07\/a359603a-4c4c-4262-90aa-d9bb4a322222-768x576.jpg 768w, https:\/\/www.radiopiu.net\/wordpress\/wp-content\/uploads\/2019\/07\/a359603a-4c4c-4262-90aa-d9bb4a322222-1024x768.jpg 1024w, https:\/\/www.radiopiu.net\/wordpress\/wp-content\/uploads\/2019\/07\/a359603a-4c4c-4262-90aa-d9bb4a322222.jpg 1600w\" sizes=\"auto, (max-width: 167px) 100vw, 167px\" \/><\/a>ROCCA PIETORE<\/strong> Un altro teMporale, un&#8217;altra notte di paura a Sottoguda, soprattutto nella zona dello Chalet al lago di Via Paganini dove in otto mesi non \u00e8 stato fatto molto per mettere un freno a quella frana che ogni volta che piove porta in strada decine di metri cubi di materiale, fango e sassi. Sabato notte l&#8217;intervento dei Vigili del Fuoco, la situazione \u00e8 comunque preoccupante, come preoccupanti sono quei sassi caduti in strada l&#8217;altra settimana.<br \/>\n<strong>IL SINDACO DI ROCCA PIETORE, ANDREA DE BERNADIN<\/strong><\/p>\n<audio class=\"wp-audio-shortcode\" id=\"audio-90957-1\" preload=\"none\" style=\"width: 100%;\" controls=\"controls\"><source type=\"audio\/mpeg\" src=\"http:\/\/www.radiopiu.net\/wordpress\/wp-content\/uploads\/2019\/07\/ANDREA-1.mp3?_=1\" \/><a href=\"http:\/\/www.radiopiu.net\/wordpress\/wp-content\/uploads\/2019\/07\/ANDREA-1.mp3\">http:\/\/www.radiopiu.net\/wordpress\/wp-content\/uploads\/2019\/07\/ANDREA-1.mp3<\/a><\/audio>\n<p><a class=\"dt-pswp-item\" href=\"http:\/\/www.radiopiu.net\/wordpress\/wp-content\/uploads\/2019\/07\/WhatsApp-Image-2019-07-06-at-23.21.17.jpeg\" data-dt-img-description=\"\" data-large_image_width=\"1599\" data-large_image_height=\"1200\"><img loading=\"lazy\" decoding=\"async\" class=\" wp-image-90964 alignleft\" src=\"http:\/\/www.radiopiu.net\/wordpress\/wp-content\/uploads\/2019\/07\/WhatsApp-Image-2019-07-06-at-23.21.17-300x225.jpeg\" alt=\"\" width=\"249\" height=\"187\" srcset=\"https:\/\/www.radiopiu.net\/wordpress\/wp-content\/uploads\/2019\/07\/WhatsApp-Image-2019-07-06-at-23.21.17-300x225.jpeg 300w, https:\/\/www.radiopiu.net\/wordpress\/wp-content\/uploads\/2019\/07\/WhatsApp-Image-2019-07-06-at-23.21.17-768x576.jpeg 768w, https:\/\/www.radiopiu.net\/wordpress\/wp-content\/uploads\/2019\/07\/WhatsApp-Image-2019-07-06-at-23.21.17-1024x768.jpeg 1024w, https:\/\/www.radiopiu.net\/wordpress\/wp-content\/uploads\/2019\/07\/WhatsApp-Image-2019-07-06-at-23.21.17.jpeg 1599w\" sizes=\"auto, (max-width: 249px) 100vw, 249px\" \/><\/a>Bomba d&#8217;acqua spaventosa. A Sottoguda intervenuta pala gommata per conto di Veneto Strade<br \/>\nA Masare intervenuta pala gommata del Comune. Presenti sul posto Sindaco, Vicesindaco e consigliere Rudatis<\/p>\n<p>&nbsp;<\/p>\n<p>&nbsp;<\/p>\n<p>&nbsp;<\/p>\n<p>&nbsp;<\/p>\n<p>&nbsp;<\/p>\n<h2><strong>CHALET AL AL LAGO<\/strong><\/h2>\n<p><a class=\"dt-pswp-item\" href=\"http:\/\/www.radiopiu.net\/wordpress\/wp-content\/uploads\/2019\/07\/WhatsApp-Image-2019-07-06-at-23.21.17-1.jpeg\" data-dt-img-description=\"\" data-large_image_width=\"1599\" data-large_image_height=\"1200\"><img loading=\"lazy\" decoding=\"async\" class=\"alignnone wp-image-90963\" src=\"http:\/\/www.radiopiu.net\/wordpress\/wp-content\/uploads\/2019\/07\/WhatsApp-Image-2019-07-06-at-23.21.17-1-300x225.jpeg\" alt=\"\" width=\"195\" height=\"146\" srcset=\"https:\/\/www.radiopiu.net\/wordpress\/wp-content\/uploads\/2019\/07\/WhatsApp-Image-2019-07-06-at-23.21.17-1-300x225.jpeg 300w, https:\/\/www.radiopiu.net\/wordpress\/wp-content\/uploads\/2019\/07\/WhatsApp-Image-2019-07-06-at-23.21.17-1-768x576.jpeg 768w, https:\/\/www.radiopiu.net\/wordpress\/wp-content\/uploads\/2019\/07\/WhatsApp-Image-2019-07-06-at-23.21.17-1-1024x768.jpeg 1024w, https:\/\/www.radiopiu.net\/wordpress\/wp-content\/uploads\/2019\/07\/WhatsApp-Image-2019-07-06-at-23.21.17-1.jpeg 1599w\" sizes=\"auto, (max-width: 195px) 100vw, 195px\" \/><\/a><a class=\"dt-pswp-item\" href=\"http:\/\/www.radiopiu.net\/wordpress\/wp-content\/uploads\/2019\/07\/WhatsApp-Image-2019-07-06-at-23.21.18-1.jpeg\" data-dt-img-description=\"\" data-large_image_width=\"1599\" data-large_image_height=\"777\"><img loading=\"lazy\" decoding=\"async\" class=\"alignnone size-medium wp-image-90965\" src=\"http:\/\/www.radiopiu.net\/wordpress\/wp-content\/uploads\/2019\/07\/WhatsApp-Image-2019-07-06-at-23.21.18-1-300x146.jpeg\" alt=\"\" width=\"300\" height=\"146\" srcset=\"https:\/\/www.radiopiu.net\/wordpress\/wp-content\/uploads\/2019\/07\/WhatsApp-Image-2019-07-06-at-23.21.18-1-300x146.jpeg 300w, https:\/\/www.radiopiu.net\/wordpress\/wp-content\/uploads\/2019\/07\/WhatsApp-Image-2019-07-06-at-23.21.18-1-768x373.jpeg 768w, https:\/\/www.radiopiu.net\/wordpress\/wp-content\/uploads\/2019\/07\/WhatsApp-Image-2019-07-06-at-23.21.18-1-1024x498.jpeg 1024w, https:\/\/www.radiopiu.net\/wordpress\/wp-content\/uploads\/2019\/07\/WhatsApp-Image-2019-07-06-at-23.21.18-1.jpeg 1599w\" sizes=\"auto, (max-width: 300px) 100vw, 300px\" \/><\/a><a class=\"dt-pswp-item\" href=\"http:\/\/www.radiopiu.net\/wordpress\/wp-content\/uploads\/2019\/07\/WhatsApp-Image-2019-07-06-at-23.21.18.jpeg\" data-dt-img-description=\"\" data-large_image_width=\"1599\" data-large_image_height=\"777\"><img loading=\"lazy\" decoding=\"async\" class=\"alignnone size-medium wp-image-90966\" src=\"http:\/\/www.radiopiu.net\/wordpress\/wp-content\/uploads\/2019\/07\/WhatsApp-Image-2019-07-06-at-23.21.18-300x146.jpeg\" alt=\"\" width=\"300\" height=\"146\" srcset=\"https:\/\/www.radiopiu.net\/wordpress\/wp-content\/uploads\/2019\/07\/WhatsApp-Image-2019-07-06-at-23.21.18-300x146.jpeg 300w, https:\/\/www.radiopiu.net\/wordpress\/wp-content\/uploads\/2019\/07\/WhatsApp-Image-2019-07-06-at-23.21.18-768x373.jpeg 768w, https:\/\/www.radiopiu.net\/wordpress\/wp-content\/uploads\/2019\/07\/WhatsApp-Image-2019-07-06-at-23.21.18-1024x498.jpeg 1024w, https:\/\/www.radiopiu.net\/wordpress\/wp-content\/uploads\/2019\/07\/WhatsApp-Image-2019-07-06-at-23.21.18.jpeg 1599w\" sizes=\"auto, (max-width: 300px) 100vw, 300px\" \/><\/a><\/p>\n<h2>SOTTOGUDA-MALGA CIAPELA<\/h2>\n<p><a class=\"dt-pswp-item\" href=\"http:\/\/www.radiopiu.net\/wordpress\/wp-content\/uploads\/2019\/07\/WhatsApp-Image-2019-07-06-at-20.08.43.jpeg\" data-dt-img-description=\"\" data-large_image_width=\"1200\" data-large_image_height=\"1600\"><img loading=\"lazy\" decoding=\"async\" class=\"alignnone size-medium wp-image-90962\" src=\"http:\/\/www.radiopiu.net\/wordpress\/wp-content\/uploads\/2019\/07\/WhatsApp-Image-2019-07-06-at-20.08.43-225x300.jpeg\" alt=\"\" width=\"225\" height=\"300\" srcset=\"https:\/\/www.radiopiu.net\/wordpress\/wp-content\/uploads\/2019\/07\/WhatsApp-Image-2019-07-06-at-20.08.43-225x300.jpeg 225w, https:\/\/www.radiopiu.net\/wordpress\/wp-content\/uploads\/2019\/07\/WhatsApp-Image-2019-07-06-at-20.08.43-768x1024.jpeg 768w, https:\/\/www.radiopiu.net\/wordpress\/wp-content\/uploads\/2019\/07\/WhatsApp-Image-2019-07-06-at-20.08.43.jpeg 1200w\" sizes=\"auto, (max-width: 225px) 100vw, 225px\" \/><\/a><a class=\"dt-pswp-item\" href=\"http:\/\/www.radiopiu.net\/wordpress\/wp-content\/uploads\/2019\/07\/WhatsApp-Image-2019-07-06-at-20.08.43-1.jpeg\" data-dt-img-description=\"\" data-large_image_width=\"1200\" data-large_image_height=\"1600\"><img loading=\"lazy\" decoding=\"async\" class=\"alignnone size-medium wp-image-90961\" src=\"http:\/\/www.radiopiu.net\/wordpress\/wp-content\/uploads\/2019\/07\/WhatsApp-Image-2019-07-06-at-20.08.43-1-225x300.jpeg\" alt=\"\" width=\"225\" height=\"300\" srcset=\"https:\/\/www.radiopiu.net\/wordpress\/wp-content\/uploads\/2019\/07\/WhatsApp-Image-2019-07-06-at-20.08.43-1-225x300.jpeg 225w, https:\/\/www.radiopiu.net\/wordpress\/wp-content\/uploads\/2019\/07\/WhatsApp-Image-2019-07-06-at-20.08.43-1-768x1024.jpeg 768w, https:\/\/www.radiopiu.net\/wordpress\/wp-content\/uploads\/2019\/07\/WhatsApp-Image-2019-07-06-at-20.08.43-1.jpeg 1200w\" sizes=\"auto, (max-width: 225px) 100vw, 225px\" \/><\/a><a class=\"dt-pswp-item\" href=\"http:\/\/www.radiopiu.net\/wordpress\/wp-content\/uploads\/2019\/07\/WhatsApp-Image-2019-07-06-at-20.08.43-2.jpeg\" data-dt-img-description=\"\" data-large_image_width=\"1200\" data-large_image_height=\"1600\"><img loading=\"lazy\" decoding=\"async\" class=\"alignnone size-medium wp-image-90960\" src=\"http:\/\/www.radiopiu.net\/wordpress\/wp-content\/uploads\/2019\/07\/WhatsApp-Image-2019-07-06-at-20.08.43-2-225x300.jpeg\" alt=\"\" width=\"225\" height=\"300\" srcset=\"https:\/\/www.radiopiu.net\/wordpress\/wp-content\/uploads\/2019\/07\/WhatsApp-Image-2019-07-06-at-20.08.43-2-225x300.jpeg 225w, https:\/\/www.radiopiu.net\/wordpress\/wp-content\/uploads\/2019\/07\/WhatsApp-Image-2019-07-06-at-20.08.43-2-768x1024.jpeg 768w, https:\/\/www.radiopiu.net\/wordpress\/wp-content\/uploads\/2019\/07\/WhatsApp-Image-2019-07-06-at-20.08.43-2.jpeg 1200w\" sizes=\"auto, (max-width: 225px) 100vw, 225px\" \/><\/a><a class=\"dt-pswp-item\" href=\"http:\/\/www.radiopiu.net\/wordpress\/wp-content\/uploads\/2019\/07\/WhatsApp-Image-2019-07-06-at-20.08.43-3.jpeg\" data-dt-img-description=\"\" data-large_image_width=\"900\" data-large_image_height=\"1600\"><img loading=\"lazy\" decoding=\"async\" class=\"alignnone size-medium wp-image-90959\" src=\"http:\/\/www.radiopiu.net\/wordpress\/wp-content\/uploads\/2019\/07\/WhatsApp-Image-2019-07-06-at-20.08.43-3-169x300.jpeg\" alt=\"\" width=\"169\" height=\"300\" srcset=\"https:\/\/www.radiopiu.net\/wordpress\/wp-content\/uploads\/2019\/07\/WhatsApp-Image-2019-07-06-at-20.08.43-3-169x300.jpeg 169w, https:\/\/www.radiopiu.net\/wordpress\/wp-content\/uploads\/2019\/07\/WhatsApp-Image-2019-07-06-at-20.08.43-3-768x1365.jpeg 768w, https:\/\/www.radiopiu.net\/wordpress\/wp-content\/uploads\/2019\/07\/WhatsApp-Image-2019-07-06-at-20.08.43-3-576x1024.jpeg 576w, https:\/\/www.radiopiu.net\/wordpress\/wp-content\/uploads\/2019\/07\/WhatsApp-Image-2019-07-06-at-20.08.43-3.jpeg 900w\" sizes=\"auto, (max-width: 169px) 100vw, 169px\" \/><\/a><\/p>\n<p>&nbsp;<\/p>\n<p>&nbsp;<\/p>\n<p>&nbsp;<\/p>\n<h2>FRANE E SMOTTAMENTI A BELLUNO<\/h2>\n<p><strong>BELLUNO\u00a0 Nuova frana vicino al ponte della ferrovia, sotto al ponte nuovo, vicino via San Franesco\u00a0<\/strong><\/p>\n<p><strong>I<\/strong><strong>L SINDACO JACOPO MASSARO<\/strong><\/p>\n<audio class=\"wp-audio-shortcode\" id=\"audio-90957-2\" preload=\"none\" style=\"width: 100%;\" controls=\"controls\"><source type=\"audio\/mpeg\" src=\"http:\/\/www.radiopiu.net\/wordpress\/wp-content\/uploads\/2019\/07\/MASSARO.mp3?_=2\" \/><a href=\"http:\/\/www.radiopiu.net\/wordpress\/wp-content\/uploads\/2019\/07\/MASSARO.mp3\">http:\/\/www.radiopiu.net\/wordpress\/wp-content\/uploads\/2019\/07\/MASSARO.mp3<\/a><\/audio>\n<p>&nbsp;<\/p>\n<p><a class=\"dt-pswp-item\" href=\"http:\/\/www.radiopiu.net\/wordpress\/wp-content\/uploads\/2019\/07\/WhatsApp-Image-2019-07-07-at-19.02.41-1.jpeg\" data-dt-img-description=\"\" data-large_image_width=\"1200\" data-large_image_height=\"1600\"><img loading=\"lazy\" decoding=\"async\" class=\"alignnone size-medium wp-image-91003\" src=\"http:\/\/www.radiopiu.net\/wordpress\/wp-content\/uploads\/2019\/07\/WhatsApp-Image-2019-07-07-at-19.02.41-1-225x300.jpeg\" alt=\"\" width=\"225\" height=\"300\" srcset=\"https:\/\/www.radiopiu.net\/wordpress\/wp-content\/uploads\/2019\/07\/WhatsApp-Image-2019-07-07-at-19.02.41-1-225x300.jpeg 225w, https:\/\/www.radiopiu.net\/wordpress\/wp-content\/uploads\/2019\/07\/WhatsApp-Image-2019-07-07-at-19.02.41-1-768x1024.jpeg 768w, https:\/\/www.radiopiu.net\/wordpress\/wp-content\/uploads\/2019\/07\/WhatsApp-Image-2019-07-07-at-19.02.41-1.jpeg 1200w\" sizes=\"auto, (max-width: 225px) 100vw, 225px\" \/><\/a><a class=\"dt-pswp-item\" href=\"http:\/\/www.radiopiu.net\/wordpress\/wp-content\/uploads\/2019\/07\/WhatsApp-Image-2019-07-07-at-19.02.41-2.jpeg\" data-dt-img-description=\"\" data-large_image_width=\"1200\" data-large_image_height=\"1600\"><img loading=\"lazy\" decoding=\"async\" class=\"alignnone size-medium wp-image-91001\" src=\"http:\/\/www.radiopiu.net\/wordpress\/wp-content\/uploads\/2019\/07\/WhatsApp-Image-2019-07-07-at-19.02.41-2-225x300.jpeg\" alt=\"\" width=\"225\" height=\"300\" srcset=\"https:\/\/www.radiopiu.net\/wordpress\/wp-content\/uploads\/2019\/07\/WhatsApp-Image-2019-07-07-at-19.02.41-2-225x300.jpeg 225w, https:\/\/www.radiopiu.net\/wordpress\/wp-content\/uploads\/2019\/07\/WhatsApp-Image-2019-07-07-at-19.02.41-2-768x1024.jpeg 768w, https:\/\/www.radiopiu.net\/wordpress\/wp-content\/uploads\/2019\/07\/WhatsApp-Image-2019-07-07-at-19.02.41-2.jpeg 1200w\" sizes=\"auto, (max-width: 225px) 100vw, 225px\" \/><\/a><a class=\"dt-pswp-item\" href=\"http:\/\/www.radiopiu.net\/wordpress\/wp-content\/uploads\/2019\/07\/WhatsApp-Image-2019-07-07-at-19.02.40.jpeg\" data-dt-img-description=\"\" data-large_image_width=\"1200\" data-large_image_height=\"1600\"><img loading=\"lazy\" decoding=\"async\" class=\"alignnone size-medium wp-image-91000\" src=\"http:\/\/www.radiopiu.net\/wordpress\/wp-content\/uploads\/2019\/07\/WhatsApp-Image-2019-07-07-at-19.02.40-225x300.jpeg\" alt=\"\" width=\"225\" height=\"300\" srcset=\"https:\/\/www.radiopiu.net\/wordpress\/wp-content\/uploads\/2019\/07\/WhatsApp-Image-2019-07-07-at-19.02.40-225x300.jpeg 225w, https:\/\/www.radiopiu.net\/wordpress\/wp-content\/uploads\/2019\/07\/WhatsApp-Image-2019-07-07-at-19.02.40-768x1024.jpeg 768w, https:\/\/www.radiopiu.net\/wordpress\/wp-content\/uploads\/2019\/07\/WhatsApp-Image-2019-07-07-at-19.02.40.jpeg 1200w\" sizes=\"auto, (max-width: 225px) 100vw, 225px\" \/><\/a><a class=\"dt-pswp-item\" href=\"http:\/\/www.radiopiu.net\/wordpress\/wp-content\/uploads\/2019\/07\/WhatsApp-Image-2019-07-07-at-19.02.40-2.jpeg\" data-dt-img-description=\"\" data-large_image_width=\"1200\" data-large_image_height=\"1600\"><img loading=\"lazy\" decoding=\"async\" class=\"alignnone size-medium wp-image-90998\" src=\"http:\/\/www.radiopiu.net\/wordpress\/wp-content\/uploads\/2019\/07\/WhatsApp-Image-2019-07-07-at-19.02.40-2-225x300.jpeg\" alt=\"\" width=\"225\" height=\"300\" srcset=\"https:\/\/www.radiopiu.net\/wordpress\/wp-content\/uploads\/2019\/07\/WhatsApp-Image-2019-07-07-at-19.02.40-2-225x300.jpeg 225w, https:\/\/www.radiopiu.net\/wordpress\/wp-content\/uploads\/2019\/07\/WhatsApp-Image-2019-07-07-at-19.02.40-2-768x1024.jpeg 768w, https:\/\/www.radiopiu.net\/wordpress\/wp-content\/uploads\/2019\/07\/WhatsApp-Image-2019-07-07-at-19.02.40-2.jpeg 1200w\" sizes=\"auto, (max-width: 225px) 100vw, 225px\" \/><\/a><a class=\"dt-pswp-item\" href=\"http:\/\/www.radiopiu.net\/wordpress\/wp-content\/uploads\/2019\/07\/WhatsApp-Image-2019-07-07-at-19.02.40-3.jpeg\" data-dt-img-description=\"\" data-large_image_width=\"1200\" data-large_image_height=\"1600\"><img loading=\"lazy\" decoding=\"async\" class=\"alignnone size-medium wp-image-90997\" src=\"http:\/\/www.radiopiu.net\/wordpress\/wp-content\/uploads\/2019\/07\/WhatsApp-Image-2019-07-07-at-19.02.40-3-225x300.jpeg\" alt=\"\" width=\"225\" height=\"300\" srcset=\"https:\/\/www.radiopiu.net\/wordpress\/wp-content\/uploads\/2019\/07\/WhatsApp-Image-2019-07-07-at-19.02.40-3-225x300.jpeg 225w, https:\/\/www.radiopiu.net\/wordpress\/wp-content\/uploads\/2019\/07\/WhatsApp-Image-2019-07-07-at-19.02.40-3-768x1024.jpeg 768w, https:\/\/www.radiopiu.net\/wordpress\/wp-content\/uploads\/2019\/07\/WhatsApp-Image-2019-07-07-at-19.02.40-3.jpeg 1200w\" sizes=\"auto, (max-width: 225px) 100vw, 225px\" \/><\/a><a class=\"dt-pswp-item\" href=\"http:\/\/www.radiopiu.net\/wordpress\/wp-content\/uploads\/2019\/07\/WhatsApp-Image-2019-07-07-at-19.02.41.jpeg\" data-dt-img-description=\"\" data-large_image_width=\"1200\" data-large_image_height=\"1600\"><img loading=\"lazy\" decoding=\"async\" class=\"alignnone size-medium wp-image-91004\" src=\"http:\/\/www.radiopiu.net\/wordpress\/wp-content\/uploads\/2019\/07\/WhatsApp-Image-2019-07-07-at-19.02.41-225x300.jpeg\" alt=\"\" width=\"225\" height=\"300\" srcset=\"https:\/\/www.radiopiu.net\/wordpress\/wp-content\/uploads\/2019\/07\/WhatsApp-Image-2019-07-07-at-19.02.41-225x300.jpeg 225w, https:\/\/www.radiopiu.net\/wordpress\/wp-content\/uploads\/2019\/07\/WhatsApp-Image-2019-07-07-at-19.02.41-768x1024.jpeg 768w, https:\/\/www.radiopiu.net\/wordpress\/wp-content\/uploads\/2019\/07\/WhatsApp-Image-2019-07-07-at-19.02.41.jpeg 1200w\" sizes=\"auto, (max-width: 225px) 100vw, 225px\" \/><\/a><\/p>\n<p>&nbsp;<\/p>\n<p>&nbsp;<\/p>\n<p>&nbsp;<\/p>\n<p>&nbsp;<\/p>\n<h3>METEO: PROSEGUE LA FASE DI INSTABILIT\u00c0 SUL VENETO, STATO DI ATTENZIONE PER POSSIBILI ROVESCI E TEMPORALI NELLE AREE MONTANE, PEDEMONTANE E NORD ORIENTALI FINO A DOMANI<\/h3>\n<p>Prosegue anche oggi la fase di tempo instabile in Veneto con possibilit\u00e0 di alcuni temporali intensi \u2013 anche con forti rovesci, locali grandinate e raffiche di vento-\u00a0 in particolare oggi, dapprima sulle zone montane, infine su quelle pedemontane e sulla pianura nord-orientale.\u00a0 Visti i fenomeni meteorologici previsti da Arpav, il Centro funzionale decentrato della Protezione civile del Veneto ha emesso avviso di \u2018allerta gialla\u2019 (stato di attenzione) per criticit\u00e0 idrogeologica sulla rete idraulica secondaria di tutti i bacini del territorio regionale, valido sino alle ore 14 di domani.\u00a0 Il possibile verificarsi di rovesci o temporali localmente anche intensi, potrebbe creare disagi al sistema fognario e lungo la rete idrografica minore. Si segnala, inoltre,\u00a0 la possibilit\u00e0 d&#8217;innesco di fenomeni franosi superficiali sui versanti e la possibilit\u00e0 di innesco di colate rapide specie nelle zone Alto Piave, Piave Pedemontano, Alto Brenta-Bacchiglione-Alpone, Adige-Garda e Monti Lessini, Basso Brenta \u2013Bacchiglione.<\/p>\n<p>&nbsp;<\/p>\n<p>&nbsp;<\/p>\n<h3><a class=\"dt-pswp-item\" href=\"http:\/\/www.radiopiu.net\/wordpress\/wp-content\/uploads\/2019\/02\/Bottacin-nel-cantiere-sul-Cordevole-1.jpg\" data-dt-img-description=\"\" data-large_image_width=\"1600\" data-large_image_height=\"1200\"><img loading=\"lazy\" decoding=\"async\" class=\"wp-image-77290 alignleft\" src=\"http:\/\/www.radiopiu.net\/wordpress\/wp-content\/uploads\/2019\/02\/Bottacin-nel-cantiere-sul-Cordevole-1-300x225.jpg\" alt=\"\" width=\"153\" height=\"115\" srcset=\"https:\/\/www.radiopiu.net\/wordpress\/wp-content\/uploads\/2019\/02\/Bottacin-nel-cantiere-sul-Cordevole-1-300x225.jpg 300w, https:\/\/www.radiopiu.net\/wordpress\/wp-content\/uploads\/2019\/02\/Bottacin-nel-cantiere-sul-Cordevole-1-768x576.jpg 768w, https:\/\/www.radiopiu.net\/wordpress\/wp-content\/uploads\/2019\/02\/Bottacin-nel-cantiere-sul-Cordevole-1-1024x768.jpg 1024w, https:\/\/www.radiopiu.net\/wordpress\/wp-content\/uploads\/2019\/02\/Bottacin-nel-cantiere-sul-Cordevole-1.jpg 1600w\" sizes=\"auto, (max-width: 153px) 100vw, 153px\" \/><\/a><\/h3>\n<h3>COMUNICAZIONE IMPORTANTE DELL&#8217;ASSESSORE GIANPAOLO BOTTACIN<\/h3>\n<p><span style=\"color: #ff0000;\"><em>&#8220;URAGANO VAIA&#8221; PROROGATI I TERMINI PER LA RICHIESTA RISARCIMENTO DANNI\u00a0<\/em><\/span><\/p>\n<audio class=\"wp-audio-shortcode\" id=\"audio-90957-3\" preload=\"none\" style=\"width: 100%;\" controls=\"controls\"><source type=\"audio\/mpeg\" src=\"http:\/\/www.radiopiu.net\/wordpress\/wp-content\/uploads\/2019\/07\/BOTTA.mp3?_=3\" \/><a href=\"http:\/\/www.radiopiu.net\/wordpress\/wp-content\/uploads\/2019\/07\/BOTTA.mp3\">http:\/\/www.radiopiu.net\/wordpress\/wp-content\/uploads\/2019\/07\/BOTTA.mp3<\/a><\/audio>\n<h3><\/h3>\n<p>&nbsp;<\/p>\n<h2>LA LETTERA&#8230;<\/h2>\n<p><strong>Egr. Direttore,\u00a0\u00a0<\/strong><\/p>\n<blockquote>\n<div><a class=\"dt-pswp-item\" href=\"http:\/\/www.radiopiu.net\/wordpress\/wp-content\/uploads\/2019\/07\/download-6.jpg\" data-dt-img-description=\"\" data-large_image_width=\"285\" data-large_image_height=\"177\"><img loading=\"lazy\" decoding=\"async\" class=\" wp-image-91038 alignleft\" src=\"http:\/\/www.radiopiu.net\/wordpress\/wp-content\/uploads\/2019\/07\/download-6.jpg\" alt=\"\" width=\"208\" height=\"129\" \/><\/a>Desidero esprimerLe la mia deludente esperienza in riferimento ai risarcimenti previsti dall&#8217;Ordinanza n. 10 del 04 giugno 2019 per i danni di Vaia emessa dal Commissario Delegato dott. Luca Zaia.\u00a0 \u00a0Ho avuto la mia abitazione e quella dei miei genitori danneggiata dagli eventi alluvionali. Per questo motivo, nei giorni scorsi, ho contattato ben cinque tecnici per la stesura della domanda di rimborso con perizia asseverata come richiesto dal Bando in oggetto. Nemmeno uno di questi ha ritenuto di procedere in merito, dopo avere valutato la complessit\u00e0 e la mole di dati richiesti. Preciso che gi\u00e0 nel mese di novembre 2018 il Comune aveva raccolto, documentato e protocollato dopo il sopralluogo del Tecnico Comunale tutti i danni subiti dai privati e non solo.\u00a0 \u00a0Alla luce dei fatti, mi chiedo: evidentemente la Regione non ritiene veritieri tali dati, e oltretutto mette in dubbio l&#8217;operato delle Amministrazioni Locali. Ho avuto l&#8217;ennesima conferma, anche se, a dire la verit\u00e0, non ne avevo bisogno, di quanto siano distanti e miopi dalla realt\u00e0 della gente che vive e lavora in quota e che ha sub\u00ecto i danni di Vaia i nostri burocrati lagunari.<\/div>\n<div>Davide Colcuc\u00a0 \u00a0<a>Colle Santa<\/a> Lucia<\/div>\n<\/blockquote>\n<div>\n<div><\/div>\n<\/div>\n<p>&nbsp;<\/p>\n<p>&nbsp;<\/p>\n<h3>GALLERIA DEI CASTEI COME &#8220;GARDALAND&#8221; QUANDO PIOVE, SPESSO DA NEBBIA DELLA VAL PADANA, SABATO SERA SEMBRAVA DI STARE IN DISCOTECA<\/h3>\n<p><strong><a class=\"dt-pswp-item\" href=\"http:\/\/www.radiopiu.net\/wordpress\/wp-content\/uploads\/2019\/07\/WhatsApp-Image-2019-07-05-at-19.18.01.jpeg\" data-dt-img-description=\"\" data-large_image_width=\"900\" data-large_image_height=\"1600\"><img loading=\"lazy\" decoding=\"async\" class=\"wp-image-90864 alignleft\" src=\"http:\/\/www.radiopiu.net\/wordpress\/wp-content\/uploads\/2019\/07\/WhatsApp-Image-2019-07-05-at-19.18.01-169x300.jpeg\" alt=\"\" width=\"120\" height=\"213\" srcset=\"https:\/\/www.radiopiu.net\/wordpress\/wp-content\/uploads\/2019\/07\/WhatsApp-Image-2019-07-05-at-19.18.01-169x300.jpeg 169w, https:\/\/www.radiopiu.net\/wordpress\/wp-content\/uploads\/2019\/07\/WhatsApp-Image-2019-07-05-at-19.18.01-768x1365.jpeg 768w, https:\/\/www.radiopiu.net\/wordpress\/wp-content\/uploads\/2019\/07\/WhatsApp-Image-2019-07-05-at-19.18.01-576x1024.jpeg 576w, https:\/\/www.radiopiu.net\/wordpress\/wp-content\/uploads\/2019\/07\/WhatsApp-Image-2019-07-05-at-19.18.01.jpeg 900w\" sizes=\"auto, (max-width: 120px) 100vw, 120px\" \/><\/a>LA VALLE<\/strong> Il problema \u00e8 noto da tempo ma nessuno pare intenzionato a muoversi, anche per questo il Deputato Dario Bond ha deciso di rivolgersi ai responsabili di Veneto Strade ma finalmente potrebbe essere solo l&#8217;inizio. Al minimo nubifragio dentro il tunnel scorrono impetuose cascate d&#8217;acqua e non \u00e8 una novit\u00e0 da quando improvvisamente \u00e8 scomparsa la casacata del Pisandol tra i ponti dei Castei e Torner (ex 203 agordina). Venerdi sera forse per un problema all&#8217;impianto di areazioni\u00a0 c&#8217;era da pensarci se infilarsi o meno nel tunnel, dentro sembrava scoppiato un incendio tanto era il fumo. Sabato sera le luci lampeggiavano a intermittenza come in una sala da ballo<br \/>\n<strong>IL DEPUTATO DARIO BOND\u00a0<\/strong><\/p>\n<audio class=\"wp-audio-shortcode\" id=\"audio-90957-4\" preload=\"none\" style=\"width: 100%;\" controls=\"controls\"><source type=\"audio\/mpeg\" src=\"http:\/\/www.radiopiu.net\/wordpress\/wp-content\/uploads\/2019\/07\/BOND\u00f9.mp3?_=4\" \/><a href=\"http:\/\/www.radiopiu.net\/wordpress\/wp-content\/uploads\/2019\/07\/BOND\u00f9.mp3\">http:\/\/www.radiopiu.net\/wordpress\/wp-content\/uploads\/2019\/07\/BOND\u00f9.mp3<\/a><\/audio>\n<p>&nbsp;<\/p>\n<p>&nbsp;<\/p>\n<p>&nbsp;<\/p>\n<h2>CONGRATULAZIONI AGLI STUDENTI DEL FOLLADOR-DE ROSSI<br \/>\npagina facebook istituto Follador_De Rossi Agordo.<\/h2>\n<p><strong>AGORDO<\/strong> Complimenti a tutti i ragazzi che hanno felicemente concluso la prova dell&#8217;esame di Stato. Un caloroso saluto e un augurio per le prossime vostre esperienze di\u00a0<span class=\"text_exposed_show\">vita. Un plauso particolare a coloro che hanno concluso l&#8217;esame ottenendo il massimo dei voti: Marta De Bernardin (con lode), Matthias Della Zassa, Giovanna Follador (Tecnico per il Turismo); Anna Cassol (Liceo Scientifico Sportivo); Maurizia Dai Pra e Manuel Santomaso (Geotecnico).<br \/>\n<\/span><\/p>\n\n\t\t\t<style type='text\/css'>\n\t\t\t\t#gallery-1 {\n\t\t\t\t\tmargin: auto;\n\t\t\t\t}\n\t\t\t\t#gallery-1 .gallery-item {\n\t\t\t\t\tfloat: left;\n\t\t\t\t\tmargin-top: 10px;\n\t\t\t\t\ttext-align: center;\n\t\t\t\t\twidth: 33%;\n\t\t\t\t}\n\t\t\t\t#gallery-1 img {\n\t\t\t\t\tborder: 2px solid #cfcfcf;\n\t\t\t\t}\n\t\t\t\t#gallery-1 .gallery-caption {\n\t\t\t\t\tmargin-left: 0;\n\t\t\t\t}\n\t\t\t\t\/* see gallery_shortcode() in wp-includes\/media.php *\/\n\t\t\t<\/style>\n\t\t<div id='gallery-1' class='dt-gallery-container gallery galleryid-90957 gallery-columns-3 gallery-size-thumbnail'><dl class='gallery-item'>\n\t\t\t\t<dt class='gallery-icon portrait'>\n\t\t\t\t\t<a class=\"rollover\" href='https:\/\/www.radiopiu.net\/wordpress\/giornale-radiopiu-08-luglio-2019-direttore-mirko-mezzacasa\/marta-2\/'><img loading=\"lazy\" decoding=\"async\" width=\"150\" height=\"150\" src=\"https:\/\/www.radiopiu.net\/wordpress\/wp-content\/uploads\/2019\/07\/MARTA-150x150.jpg\" class=\"attachment-thumbnail size-thumbnail\" alt=\"\" aria-describedby=\"gallery-1-90975\" \/><\/a>\n\t\t\t\t<\/dt>\n\t\t\t\t\t<dd class='wp-caption-text gallery-caption' id='gallery-1-90975'>\n\t\t\t\t\tMarta De Bernardin (con lode), \n\t\t\t\t\t<\/dd><\/dl><dl class='gallery-item'>\n\t\t\t\t<dt class='gallery-icon portrait'>\n\t\t\t\t\t<a class=\"rollover\" href='https:\/\/www.radiopiu.net\/wordpress\/giornale-radiopiu-08-luglio-2019-direttore-mirko-mezzacasa\/matthias\/'><img loading=\"lazy\" decoding=\"async\" width=\"150\" height=\"150\" src=\"https:\/\/www.radiopiu.net\/wordpress\/wp-content\/uploads\/2019\/07\/MATTHIAS-150x150.jpg\" class=\"attachment-thumbnail size-thumbnail\" alt=\"\" aria-describedby=\"gallery-1-90974\" \/><\/a>\n\t\t\t\t<\/dt>\n\t\t\t\t\t<dd class='wp-caption-text gallery-caption' id='gallery-1-90974'>\n\t\t\t\t\tMatthias Della Zassa,\n\t\t\t\t\t<\/dd><\/dl><dl class='gallery-item'>\n\t\t\t\t<dt class='gallery-icon portrait'>\n\t\t\t\t\t<a class=\"rollover\" href='https:\/\/www.radiopiu.net\/wordpress\/giornale-radiopiu-08-luglio-2019-direttore-mirko-mezzacasa\/giovanna-2\/'><img loading=\"lazy\" decoding=\"async\" width=\"150\" height=\"150\" src=\"https:\/\/www.radiopiu.net\/wordpress\/wp-content\/uploads\/2019\/07\/GIOVANNA-150x150.jpg\" class=\"attachment-thumbnail size-thumbnail\" alt=\"\" aria-describedby=\"gallery-1-90973\" \/><\/a>\n\t\t\t\t<\/dt>\n\t\t\t\t\t<dd class='wp-caption-text gallery-caption' id='gallery-1-90973'>\n\t\t\t\t\t Giovanna Follador (Tecnico per il Turismo);\n\t\t\t\t\t<\/dd><\/dl><br style=\"clear: both\" \/><dl class='gallery-item'>\n\t\t\t\t<dt class='gallery-icon landscape'>\n\t\t\t\t\t<a class=\"rollover\" href='https:\/\/www.radiopiu.net\/wordpress\/giornale-radiopiu-08-luglio-2019-direttore-mirko-mezzacasa\/ana\/'><img loading=\"lazy\" decoding=\"async\" width=\"150\" height=\"150\" src=\"https:\/\/www.radiopiu.net\/wordpress\/wp-content\/uploads\/2019\/07\/ANA-150x150.jpg\" class=\"attachment-thumbnail size-thumbnail\" alt=\"\" aria-describedby=\"gallery-1-90972\" srcset=\"https:\/\/www.radiopiu.net\/wordpress\/wp-content\/uploads\/2019\/07\/ANA-150x150.jpg 150w, https:\/\/www.radiopiu.net\/wordpress\/wp-content\/uploads\/2019\/07\/ANA-300x298.jpg 300w, https:\/\/www.radiopiu.net\/wordpress\/wp-content\/uploads\/2019\/07\/ANA-768x762.jpg 768w, https:\/\/www.radiopiu.net\/wordpress\/wp-content\/uploads\/2019\/07\/ANA.jpg 960w\" sizes=\"auto, (max-width: 150px) 100vw, 150px\" \/><\/a>\n\t\t\t\t<\/dt>\n\t\t\t\t\t<dd class='wp-caption-text gallery-caption' id='gallery-1-90972'>\n\t\t\t\t\t Anna Cassol (Liceo Scientifico Sportivo); \n\t\t\t\t\t<\/dd><\/dl><dl class='gallery-item'>\n\t\t\t\t<dt class='gallery-icon portrait'>\n\t\t\t\t\t<a class=\"rollover\" href='https:\/\/www.radiopiu.net\/wordpress\/giornale-radiopiu-08-luglio-2019-direttore-mirko-mezzacasa\/maurizi\/'><img loading=\"lazy\" decoding=\"async\" width=\"150\" height=\"150\" src=\"https:\/\/www.radiopiu.net\/wordpress\/wp-content\/uploads\/2019\/07\/MAURIZI-150x150.jpg\" class=\"attachment-thumbnail size-thumbnail\" alt=\"\" aria-describedby=\"gallery-1-90971\" \/><\/a>\n\t\t\t\t<\/dt>\n\t\t\t\t\t<dd class='wp-caption-text gallery-caption' id='gallery-1-90971'>\n\t\t\t\t\tMaurizia Dai Pra e Manuel Santomaso \n\t\t\t\t\t<\/dd><\/dl><dl class='gallery-item'>\n\t\t\t\t<dt class='gallery-icon portrait'>\n\t\t\t\t\t<a class=\"rollover\" href='https:\/\/www.radiopiu.net\/wordpress\/giornale-radiopiu-08-luglio-2019-direttore-mirko-mezzacasa\/manuel-6\/'><img loading=\"lazy\" decoding=\"async\" width=\"150\" height=\"150\" src=\"https:\/\/www.radiopiu.net\/wordpress\/wp-content\/uploads\/2019\/07\/MANUEL-150x150.jpg\" class=\"attachment-thumbnail size-thumbnail\" alt=\"\" aria-describedby=\"gallery-1-90970\" \/><\/a>\n\t\t\t\t<\/dt>\n\t\t\t\t\t<dd class='wp-caption-text gallery-caption' id='gallery-1-90970'>\n\t\t\t\t\tManuel Santomaso (Geotecnico).\n\t\t\t\t\t<\/dd><\/dl><br style=\"clear: both\" \/>\n\t\t\t<\/div>\n\n<h2><span class=\"text_exposed_show\">\u00a0<\/span><\/h2>\n<h3><\/h3>\n<h3>ANCORA FURTI DI COSTOSE BICICLETTE<\/h3>\n<p><strong>AURONZO<\/strong> Due turisti presso il campeggio Europa di Auronzo hanno denunciato il furto di due biciclette. Ad un 54enne di Muggia rubata una specialized da 5000 euro, un 50enne della Svizzera ha denunciato i furto di una focus e Stockli per 800 euro, in questo caso il danno \u00e8 coperto da assicurazione.<\/p>\n<p>&nbsp;<\/p>\n<p>&nbsp;<\/p>\n<h2>Presentata a Longarone Fiere Dolomiti la quarta edizione di WOMAN ART<\/h2>\n<p><strong>LONGARONE<\/strong> La rassegna dedicata alla rappresentazione artistica della Donna e del mondo al femminile. Il Presidente di Longarone, Gian Angelo Bellati, ci ha tenuto a dire \u201cGrazie soprattutto agli espositori e al Direttore artistico di Arte in Fiera Dolomiti che credono ormai da tre lustri in Longarone Fiere. Questa mostra rappresenta anche una cultura delle Dolomiti che sa essere aperta, da Venezia e dall\u2019Italia in generale all\u2019Austria, dalla Germania all\u2019Iran, grazie alla presenza di artisti straordinari di caratura internazionale\u201d. Mentre al Consigliere con Delega alla Cultura del Comune di Longarone, Anna Olivier \u201cPiace la visione del Presidente Bellati, perch\u00e9 ci proietta oltre i confini nazionali. Benedetto Croce ci ha insegnato che l\u2019arte \u00e8 intuizione, una sintesi a priori di sentimento e di immagine, quindi da oggi per quattro weekend\u00a0 avremo la possibilit\u00e0 di passeggiare tra delle intuizioni di artisti italiani e internazionali che si danno il loro particolare punto di vista sulla Donna. Una grande opportunit\u00e0 che ci permette di aprire nuovi orizzonti e importanti riflessioni\u201d. Infine il Direttore artistico di Arte in Fiera Dolomiti e quindi di Woman Art, Franco Fonzo, non riesce a nascondere la soddisfazione per questa Mostra: \u201cuna variet\u00e0 di espressioni, di proposte, di intuizioni, di stati d\u2019animo che mette il pubblico di fronte proprio ad una osservazione meditata attraverso ogni artista, perch\u00e9 ogni artista dice qualcosa di diverso con tecniche diverse con espressioni diverse, sul tema della Donna, con una qualit\u00e0 straordinaria\u201d. La rassegna fa parte degli eventi che porteranno alla prestigiosa 15a Arte in Fiera Dolomiti \u2013 2020. Woman Art continuer\u00e0 nel quartiere fieristico di Longarone per tutto il mese di Luglio per passare poi a Cortina, Lido di Venezia e Treviso. Mentre le anticipazioni di Arte in Fiera Eventi saranno presenti anche alla prima Fiera &amp; Festival delle Foreste, 14 \u2013 15 settembre, e alla 42a Arredamont,\u00a0 26\u00a0 ottobre \u2013 3 novembre 2019.<\/p>\n\n\t\t\t<style type='text\/css'>\n\t\t\t\t#gallery-2 {\n\t\t\t\t\tmargin: auto;\n\t\t\t\t}\n\t\t\t\t#gallery-2 .gallery-item {\n\t\t\t\t\tfloat: left;\n\t\t\t\t\tmargin-top: 10px;\n\t\t\t\t\ttext-align: center;\n\t\t\t\t\twidth: 33%;\n\t\t\t\t}\n\t\t\t\t#gallery-2 img {\n\t\t\t\t\tborder: 2px solid #cfcfcf;\n\t\t\t\t}\n\t\t\t\t#gallery-2 .gallery-caption {\n\t\t\t\t\tmargin-left: 0;\n\t\t\t\t}\n\t\t\t\t\/* see gallery_shortcode() in wp-includes\/media.php *\/\n\t\t\t<\/style>\n\t\t<div id='gallery-2' class='dt-gallery-container gallery galleryid-90957 gallery-columns-3 gallery-size-thumbnail'><dl class='gallery-item'>\n\t\t\t\t<dt class='gallery-icon landscape'>\n\t\t\t\t\t<a class=\"rollover\" href='https:\/\/www.radiopiu.net\/wordpress\/giornale-radiopiu-08-luglio-2019-direttore-mirko-mezzacasa\/martina-reinhart-vienna\/'><img loading=\"lazy\" decoding=\"async\" width=\"150\" height=\"150\" src=\"https:\/\/www.radiopiu.net\/wordpress\/wp-content\/uploads\/2019\/07\/Martina-Reinhart-Vienna-150x150.jpg\" class=\"attachment-thumbnail size-thumbnail\" alt=\"\" aria-describedby=\"gallery-2-90986\" \/><\/a>\n\t\t\t\t<\/dt>\n\t\t\t\t\t<dd class='wp-caption-text gallery-caption' id='gallery-2-90986'>\n\t\t\t\t\tMartina Reinhart &#8211; Vienna\n\t\t\t\t\t<\/dd><\/dl><dl class='gallery-item'>\n\t\t\t\t<dt class='gallery-icon landscape'>\n\t\t\t\t\t<a class=\"rollover\" href='https:\/\/www.radiopiu.net\/wordpress\/giornale-radiopiu-08-luglio-2019-direttore-mirko-mezzacasa\/franco-fonzo-e-gli-artisti-introducono-le-opere-al-pubblico\/'><img loading=\"lazy\" decoding=\"async\" width=\"150\" height=\"150\" src=\"https:\/\/www.radiopiu.net\/wordpress\/wp-content\/uploads\/2019\/07\/Franco-Fonzo-e-gli-artisti-introducono-le-opere-al-pubblico-150x150.jpg\" class=\"attachment-thumbnail size-thumbnail\" alt=\"\" aria-describedby=\"gallery-2-90987\" \/><\/a>\n\t\t\t\t<\/dt>\n\t\t\t\t\t<dd class='wp-caption-text gallery-caption' id='gallery-2-90987'>\n\t\t\t\t\tFranco Fonzo e gli artisti introducono le opere al pubblico\n\t\t\t\t\t<\/dd><\/dl><dl class='gallery-item'>\n\t\t\t\t<dt class='gallery-icon landscape'>\n\t\t\t\t\t<a class=\"rollover\" href='https:\/\/www.radiopiu.net\/wordpress\/giornale-radiopiu-08-luglio-2019-direttore-mirko-mezzacasa\/andrea-valleri-venezia\/'><img loading=\"lazy\" decoding=\"async\" width=\"150\" height=\"150\" src=\"https:\/\/www.radiopiu.net\/wordpress\/wp-content\/uploads\/2019\/07\/Andrea-Valleri-Venezia-150x150.jpg\" class=\"attachment-thumbnail size-thumbnail\" alt=\"\" aria-describedby=\"gallery-2-90988\" \/><\/a>\n\t\t\t\t<\/dt>\n\t\t\t\t\t<dd class='wp-caption-text gallery-caption' id='gallery-2-90988'>\n\t\t\t\t\tAndrea Valleri &#8211; Venezia\n\t\t\t\t\t<\/dd><\/dl><br style=\"clear: both\" \/><dl class='gallery-item'>\n\t\t\t\t<dt class='gallery-icon landscape'>\n\t\t\t\t\t<a class=\"rollover\" href='https:\/\/www.radiopiu.net\/wordpress\/giornale-radiopiu-08-luglio-2019-direttore-mirko-mezzacasa\/inaugurazione-woman\/'><img loading=\"lazy\" decoding=\"async\" width=\"150\" height=\"150\" src=\"https:\/\/www.radiopiu.net\/wordpress\/wp-content\/uploads\/2019\/07\/Inaugurazione-Woman-150x150.jpg\" class=\"attachment-thumbnail size-thumbnail\" alt=\"\" aria-describedby=\"gallery-2-90989\" \/><\/a>\n\t\t\t\t<\/dt>\n\t\t\t\t\t<dd class='wp-caption-text gallery-caption' id='gallery-2-90989'>\n\t\t\t\t\tInaugurazione Woman\n\t\t\t\t\t<\/dd><\/dl>\n\t\t\t\t<br style='clear: both' \/>\n\t\t\t<\/div>\n\n<p>&nbsp;<\/p>\n<p>&nbsp;<\/p>\n<h3>LA FESTA DI SAN LUCANO IL 20 E 21 LUGLIO SI SVOLGERA&#8217; REGOLARMENTE<\/h3>\n<p><strong><a class=\"dt-pswp-item\" href=\"http:\/\/www.radiopiu.net\/wordpress\/wp-content\/uploads\/2019\/07\/ad550352-c707-4de9-9c84-30e75e31fd3b-1.jpg\" data-dt-img-description=\"\" data-large_image_width=\"1599\" data-large_image_height=\"1200\"><img loading=\"lazy\" decoding=\"async\" class=\" wp-image-90836 alignleft\" src=\"http:\/\/www.radiopiu.net\/wordpress\/wp-content\/uploads\/2019\/07\/ad550352-c707-4de9-9c84-30e75e31fd3b-1-300x225.jpg\" alt=\"\" width=\"191\" height=\"143\" srcset=\"https:\/\/www.radiopiu.net\/wordpress\/wp-content\/uploads\/2019\/07\/ad550352-c707-4de9-9c84-30e75e31fd3b-1-300x225.jpg 300w, https:\/\/www.radiopiu.net\/wordpress\/wp-content\/uploads\/2019\/07\/ad550352-c707-4de9-9c84-30e75e31fd3b-1-768x576.jpg 768w, https:\/\/www.radiopiu.net\/wordpress\/wp-content\/uploads\/2019\/07\/ad550352-c707-4de9-9c84-30e75e31fd3b-1-1024x768.jpg 1024w, https:\/\/www.radiopiu.net\/wordpress\/wp-content\/uploads\/2019\/07\/ad550352-c707-4de9-9c84-30e75e31fd3b-1.jpg 1599w\" sizes=\"auto, (max-width: 191px) 100vw, 191px\" \/><\/a>TAIBON<\/strong> Questa primavera l&#8217;Associazione Proloco ha temuto che la sagra di San Lucano venisse cancellata, in effetti c&#8217;\u00e8 mancato poco per quella disposizione &#8220;antivalanghe&#8221; che vietava lo spostamento degli alberi, anche dalla strada silvopastorale che sale dietro la chiesa. Il presidente Silvano Ben con i suoi collaboratori prima ha chiesto informazioni, poi ha protestato mettendo in evidenza come fosse sufficiente alzare la linea per delimitare il pericolo di valanghe e una volta ottenuto il nulla osta non ha perso tempo chiamando a raccolta gli amici per alcune giornate di grande lavoro. Gli alberi sono stati spostati, il grande prato che ospiter\u00e0 la festa \u00e8 stato bonificato e nel fine settimana del 20 e 21 luglio la valle \u00e8 pronta ad accogliere valligiani e turisti.<\/p>\n<h3>AI MICROFONI DI RADIO PIU&#8217; IL PRESIDENTE DELLA PROLOCO SILVANO &#8220;PICIOL&#8221; BEN<\/h3>\n<audio class=\"wp-audio-shortcode\" id=\"audio-90957-5\" preload=\"none\" style=\"width: 100%;\" controls=\"controls\"><source type=\"audio\/mpeg\" src=\"http:\/\/www.radiopiu.net\/wordpress\/wp-content\/uploads\/2019\/07\/piciol.mp3?_=5\" \/><a href=\"http:\/\/www.radiopiu.net\/wordpress\/wp-content\/uploads\/2019\/07\/piciol.mp3\">http:\/\/www.radiopiu.net\/wordpress\/wp-content\/uploads\/2019\/07\/piciol.mp3<\/a><\/audio>\n<p>&nbsp;<\/p>\n<p>&nbsp;<\/p>\n<p>&nbsp;<\/p>\n<p>&nbsp;<\/p>\n<p>&nbsp;<\/p>\n<h3>CICLISTI DA 16 PAESI A FELTRE, PREANNUNCIATO IL PIENONE<\/h3>\n<blockquote><p><strong>FELTRE<\/strong> Venerdi 12 luglio la citt\u00e0\u00a0 accoglier\u00e0 l&#8217;arrivo di 500 cicloturisti provenienti da 16 paesi del mondo nella tappa finale del &#8220;Tour de Friends&#8221;, escursione cicloturistica a tappe organizzata dall&#8217;associazione tedesca &#8220;Rad Race&#8221; e che quest&#8217;anno percorrer\u00e0 il tracciato della Via Claudia Augusta. \u00a0Lunedi alle 11 presso la sede municipale, Sala degli Stemmi sar\u00e0 presentata l&#8217;iniziativa con: \u00a0Alessandro Del Bianco, vicesindaco di Feltre; \u00a0Lionello Gorza, presidente del Consorzio turistico Dolomiti Prealpi; \u00a0Giorgio D&#8217;Agostini, Associazione Via Claudia Augusta; \u00a0Angelo Lusa, presidente del Quartiere Duomo;\u00a0Marco Pilli, presidente di Feltre Dop<\/p><\/blockquote>\n<p>&nbsp;<\/p>\n<p>&nbsp;<\/p>\n<p>&nbsp;<\/p>\n<p>&nbsp;<\/p>\n<h3>L&#8217;OCCASIONE PER SCOPRIRE UNA VALLE E I SUOI SEGRETI<\/h3>\n<p><strong>CENCENIGHE<\/strong> La Biblioteca Pubblica Comunale e la Pro Loco di Cencenighe, col patrocinio del Comune di Cencenighe organizza: \u201cAlla scoperta della nostra valle\u201d &#8211; Quattro incontri per conoscere il territorio\u201d con Luisa Manfroi, iniziativa rivolta a bambini e ragazzi dai 9 ai 14 anni. Tutti i mercoled\u00ec dalle ore 8.30 alle 12.30 con ritrovo al Nof Fil\u00f2. <strong>Questo il programma: <\/strong>mercoled\u00ec 10 luglio: \u201cVisita al \u201ccas\u00e8lo\u201d (latteria) di Feder\u201d e passeggiata fino a Fregona; mercoled\u00ec 17 luglio: \u201cConosciamo le rocce con il geologo Dott. Vittorio Fenti\u201d &#8211; passeggiata da Bogo fino al macereto dei Mesaroz (Cencenighe); mercoled\u00ec 24 luglio: \u201cEl troi de le jal\u201d &#8211; Passeggiata da Basti\u00e8gn, Bricol e lungo il sentiero delle antiche carbonaie del Monte Pelsa, in collaborazione con il \u201cGruppo Amici della Montagna\u201d di Cencenighe; mercoled\u00ec 31 luglio: \u201cGli affreschi e la Chiesa monumentale di San Simon (Vallada Agordina)\u201d &#8211; passeggiata da Celat fino alla chiesa di San Simon. I trasporti sono gentilmente offerti dal Comune di Cencenighe. Per informazioni ed iscrizioni rivolgersi all\u2019ufficio Pro Loco di Cencenighe Agordino (tel 0437 591549) aperto durante la settimana (tranne marted\u00ec e mercoled\u00ec).<\/p>\n<p>&nbsp;<\/p>\n<p>&nbsp;<\/p>\n<h3>RINNOVO DELLA CONVENZIONE CON IL MUSEO PAPA LUCIANI<\/h3>\n<p><strong>CANALE D&#8217;AGORDO\u00a0<\/strong> Il sindaco Flavio Colcergnan ha convocato i consiglieri presso il Municipio di Piazza Papa Luciani per lunedi alle 20. In discussione: variazione di bilancio, variazione programma triennale ed elenco annuale lavori pubblici, rinnovo della convenzione tra Comune e Fondazione Papa Luciani per la gestione del Museo Papa Luciani.<\/p>\n<p>&nbsp;<\/p>\n<p>&nbsp;<\/p>\n<h3>QUERO VAS: L\u2019EDIZIONE NUMERO 41 DELLA CLASSICA \u201cSAGRA DEI S\u2019CIOS\u201d di RENATO BONA<\/h3>\n<div class=\"_4u-c _1wfr _9hq\">\n<div class=\"_5f0v uiScrollableArea fade contentBefore\" tabindex=\"0\">\n<div id=\"js_12\" class=\"uiScrollableAreaWrap scrollable\">\n<div class=\"uiScrollableAreaBody\">\n<div class=\"uiScrollableAreaContent\">\n<div class=\"__i_\" role=\"region\" aria-label=\"Messaggi\">\n<div id=\"js_2\">\n<div>\n<div class=\"_1t_p clearfix\">\n<div class=\"_41ud\">\n<div class=\"clearfix _o46 _3erg _29_7 direction_ltr text_align_ltr _ylc\">\n<div id=\"js_1b\" class=\"_3058 _ui9 _hh7 _6ybn _s1- _52mr _3oh-\" data-tooltip-content=\"05:56\" data-hover=\"tooltip\" data-tooltip-position=\"left\" aria-describedby=\"js_u\">\n<div class=\"_aok\" style=\"text-align: left;\" tabindex=\"0\" aria-label=\"Ciao, scusa il mancato anticipo... ci so no due foto. Io lo posto pi\u00f9 tardi. QUERO VAS: L\u2019EDIZIONE NUMERO 41 DELLA CLASSICA \u201cSAGRA DEI S\u2019CIOS\u201d Edizione numero 41 a Quero Vas, in provincia di Belluno, della classica ed apprezzata \u201cSagra dei S\u2019cios\u201d (sagra delle lumache \u2013 ndr.) proposta ed organizzata dalla Pro Loco in collaborazione con il Comune, l\u2019Unione montana feltrina, il Consorzio Pro loco del massiccio orientale del Grappa e da Terre del Basso Feltrino. Si articoler\u00e0 dall\u201911 al 21 luglio con manifestazioni promozionali, gastronomia tipica, folklore e spettacolo. Il via gioved\u00ec 11 alle 19 con l\u2019apertura della sagra e degli stands enogastronomici; dalle 21 serata musicale con i \u201cLoves of a bloonde\u201d ed ospiti alcuni talenti locali. Venerd\u00ec 12 alle 19 riapertura e dalle 21 serata country con dj Eros, Mister dj e dj Truck; sabato 13 alle 19 riapertura e dalle 21 serata latino americana con \u201cLoca combinaci\u00f2n\u201d e musica latina dal vivo; ed eccoci a domenica 14 quando si svolger\u00e0 la \u201cFesta dell\u2019anziano\u201d: alle 12 apertura sagra e stand, dalle 21 serata musicale con Happy days\u201d. Si riprende gioved\u00ec 18, solito orario di apertura stands e sagra, e dalle 21 \u201cTomorrow S\u2019cios land\u201d esibizione di giovani dj del posto che prendono spunto dal pi\u00f9 grande raduno di deejay al mondo, appunto Tomorrow land, che si svolge ogni anno in Belgio; venerd\u00ec 19 riapertura e quindi dalle 21 \u201cSerata Piterpan impatto\u201d con dj Alice e Fedro; sabato 20 alle 19 riapertura e dalle 19,30 gara di ballo con \u201cRoland\u2019s e Sissi\u201d per le discipline valzer lento, mazurka e fox trot; dalle 21 Linda Biscaro. Gran finale domenica 21: alle 12 apertura della sagra e degli stands quindi \u201c2. Motor S\u2019cios\u201d, raduno di macchine d\u2019epoca e sportive; dalle 8 alle 10 iscrizioni alla cartiera di Vas; rinfresco alla Birreria di Pedavena, rientro alla sagra per il pranzo . Dalle 21 esibizione del \u201cJean &amp; Pierette Ensemble\u201d. Viene precisato che \u00e8 attivata un\u2019area attrezzata per spettacoli con teatro tenda; che dal 13 al 18 si svolger\u00e0 un torneo di tennis e che il capitolo gastronomia prevede: S\u2019cios della Pro loco, lumache alla Borgogna, pasta anche con rag\u00f9 d\u2019anatra, frittura di pesce, formaggio alla piastra, salsicce, braciole, carne di cavallo, costicine con polenta, contorni, insalatone, birra e bibite, dolce, sgroppino, caff\u00e8. Altre informazioni sull\u2019atteso evento telefonando al 338-7633644 o consultando il sito: www.prolocoquero.it.\"><span class=\"_3oh- _58nk\"><br \/>\n<strong><img loading=\"lazy\" decoding=\"async\" class=\"img alignleft\" src=\"https:\/\/scontent.fmxp3-1.fna.fbcdn.net\/v\/t1.0-1\/c13.0.50.50a\/p50x50\/553085_385905871470280_1626001170_n.jpg?_nc_cat=110&amp;_nc_oc=AQnWpUpOLwXBTC5Fdy_pqOg-uEIHg4IreNqMKJwAGN12_O3DO_ru-m9juTtWRgCzb18&amp;_nc_ht=scontent.fmxp3-1.fna&amp;oh=e88a3680dcdfd61ce2ac6956429056ee&amp;oe=5DA6614C\" alt=\"Renatobruno Bona\" width=\"57\" height=\"57\" \/>QUERO VAS<\/strong> Edizione numero 41 a Quero Vas, in provincia di Belluno, della classica ed apprezzata \u201cSagra dei S\u2019cios\u201d (sagra delle lumache \u2013 ndr.) proposta ed organizzata dalla Pro Loco in collaborazione con il Comune, l\u2019Unione montana feltrina, il Consorzio Pro loco del massiccio orientale del Grappa e da Terre del Basso Feltrino. Si articoler\u00e0 dall\u201911 al 21 luglio con manifestazioni promozionali, gastronomia tipica, folklore e spettacolo. Il via gioved\u00ec 11 alle 19 con l\u2019apertura della sagra e degli stands enogastronomici; dalle 21 serata musicale con i \u201cLoves of a bloonde\u201d ed <a class=\"dt-pswp-item\" href=\"http:\/\/www.radiopiu.net\/wordpress\/wp-content\/uploads\/2019\/07\/66179716_485733088849039_9087117270290792448_n.jpg\" data-dt-img-description=\"\" data-large_image_width=\"1243\" data-large_image_height=\"1663\"><img loading=\"lazy\" decoding=\"async\" class=\"size-medium wp-image-91033 alignright\" src=\"http:\/\/www.radiopiu.net\/wordpress\/wp-content\/uploads\/2019\/07\/66179716_485733088849039_9087117270290792448_n-224x300.jpg\" alt=\"\" width=\"224\" height=\"300\" srcset=\"https:\/\/www.radiopiu.net\/wordpress\/wp-content\/uploads\/2019\/07\/66179716_485733088849039_9087117270290792448_n-224x300.jpg 224w, https:\/\/www.radiopiu.net\/wordpress\/wp-content\/uploads\/2019\/07\/66179716_485733088849039_9087117270290792448_n-768x1028.jpg 768w, https:\/\/www.radiopiu.net\/wordpress\/wp-content\/uploads\/2019\/07\/66179716_485733088849039_9087117270290792448_n-765x1024.jpg 765w, https:\/\/www.radiopiu.net\/wordpress\/wp-content\/uploads\/2019\/07\/66179716_485733088849039_9087117270290792448_n.jpg 1243w\" sizes=\"auto, (max-width: 224px) 100vw, 224px\" \/><\/a>ospiti alcuni talenti locali. Venerd\u00ec 12 alle 19 riapertura e dalle 21 serata country con dj Eros, Mister dj e dj Truck; sabato 13 alle 19 riapertura e dalle 21 serata latino americana con \u201cLoca combinaci\u00f2n\u201d e musica latina dal vivo; ed eccoci a domenica 14 quando si svolger\u00e0 la \u201cFesta dell\u2019anziano\u201d: alle 12 apertura sagra e stand, dalle 21 serata musicale con Happy days\u201d. Si riprende gioved\u00ec 18, solito orario di apertura stands e sagra, e dalle 21 \u201cTomorrow S\u2019cios land\u201d esibizione di giovani dj del posto che prendono spunto dal pi\u00f9 grande raduno di deejay al mondo, appunto Tomorrow land, che si svolge ogni anno in Belgio; venerd\u00ec 19 riapertura e quindi dalle 21 \u201cSerata Piterpan impatto\u201d con dj Alice e Fedro; sabato 20 alle 19 riapertura e dalle 19,30 gara di ballo con \u201cRoland\u2019s e Sissi\u201d per le discipline valzer lento, mazurka e fox trot; dalle 21 Linda <a class=\"dt-pswp-item\" href=\"http:\/\/www.radiopiu.net\/wordpress\/wp-content\/uploads\/2019\/07\/66299388_472903560190571_7230057786132922368_n.jpg\" data-dt-img-description=\"\" data-large_image_width=\"2048\" data-large_image_height=\"1253\"><img loading=\"lazy\" decoding=\"async\" class=\"size-medium wp-image-91032 alignleft\" src=\"http:\/\/www.radiopiu.net\/wordpress\/wp-content\/uploads\/2019\/07\/66299388_472903560190571_7230057786132922368_n-300x184.jpg\" alt=\"\" width=\"300\" height=\"184\" srcset=\"https:\/\/www.radiopiu.net\/wordpress\/wp-content\/uploads\/2019\/07\/66299388_472903560190571_7230057786132922368_n-300x184.jpg 300w, https:\/\/www.radiopiu.net\/wordpress\/wp-content\/uploads\/2019\/07\/66299388_472903560190571_7230057786132922368_n-768x470.jpg 768w, https:\/\/www.radiopiu.net\/wordpress\/wp-content\/uploads\/2019\/07\/66299388_472903560190571_7230057786132922368_n-1024x627.jpg 1024w, https:\/\/www.radiopiu.net\/wordpress\/wp-content\/uploads\/2019\/07\/66299388_472903560190571_7230057786132922368_n.jpg 2048w\" sizes=\"auto, (max-width: 300px) 100vw, 300px\" \/><\/a>Biscaro.\u00a0 Gran finale domenica 21: alle 12 apertura della sagra e degli stands quindi \u201c2. Motor S\u2019cios\u201d, raduno di macchine d\u2019epoca e sportive; dalle 8 alle 10 iscrizioni alla cartiera di Vas; rinfresco alla Birreria di Pedavena, rientro alla sagra per il pranzo . Dalle 21 esibizione del \u201cJean &amp; Pierette Ensemble\u201d. Viene precisato che \u00e8 attivata un\u2019area attrezzata per spettacoli con teatro tenda; che dal 13 al 18 si svolger\u00e0 un torneo di tennis e che il capitolo gastronomia prevede: S\u2019cios della Pro loco, lumache alla Borgogna, pasta anche con rag\u00f9 d\u2019anatra, frittura di pesce, formaggio alla piastra, salsicce, braciole, carne di cavallo, costicine con polenta, contorni, insalatone, birra e bibite, dolce, sgroppino, caff\u00e8. Altre informazioni sull\u2019atteso evento telefonando al 338-7633644 o consultando il sito: <a href=\"http:\/\/www.prolocoquero.it\/?fbclid=IwAR2LWhMst-8IH2Zow4iKWDPTBkblIMcia9xz4oFNzYKlQqfCJumWIYHDxuU\" target=\"_blank\" rel=\"nofollow noopener noreferrer\" data-lynx-mode=\"hover\" data-lynx-uri=\"https:\/\/l.facebook.com\/l.php?u=http%3A%2F%2Fwww.prolocoquero.it%2F%3Ffbclid%3DIwAR2LWhMst-8IH2Zow4iKWDPTBkblIMcia9xz4oFNzYKlQqfCJumWIYHDxuU&amp;h=AT3OYNTZfr5zFzkU5s5ZZaYlZwo7rXtUAfT3zvmacJtRQtwi3FOS51TaiBlS5tRnwJllswyThBoVG37FDoQuYeNhU9aSPgz7uhR052wI7AuxtDWjND47mbspqUUyS-l68g\">www.prolocoquero.it<\/a>.<\/span><\/div>\n<\/div>\n<div class=\"_3058 _15gf\">\n<div class=\"_52mr _2poz _ui9 _4skb _5i_d\">\n<div class=\" _tih _310t _3xn3 _3xn6\"><\/div>\n<div class=\"_4kf7 preview\">\n<div class=\"_7ef9\">\n<div class=\"_aou\" tabindex=\"0\" role=\"button\"><\/div>\n<\/div>\n<\/div>\n<\/div>\n<\/div>\n<\/div>\n<\/div>\n<\/div>\n<\/div>\n<\/div>\n<\/div>\n<\/div>\n<\/div>\n<\/div>\n<\/div>\n<\/div>\n<div>\n<div id=\"js_m\" class=\"_4rv3\" role=\"region\" aria-label=\"Nuovo messaggio\">\n<div class=\"_5irm _1_73\">\n<div class=\"_kmc _2swd navigationFocus\" role=\"presentation\">\n<div class=\"_3-8x _3oh-\">\n<div tabindex=\"-1\">\n<div class=\"_5rp7 _5rp8\">\n<div class=\"_1p1t\"><\/div>\n<\/div>\n<\/div>\n<\/div>\n<\/div>\n<\/div>\n<\/div>\n<\/div>\n<p>&nbsp;<\/p>\n<h3><a class=\"dt-pswp-item\" href=\"http:\/\/www.radiopiu.net\/wordpress\/wp-content\/uploads\/2018\/09\/appuntamenti.jpeg\" data-dt-img-description=\"\" data-large_image_width=\"800\" data-large_image_height=\"100\"><img loading=\"lazy\" decoding=\"async\" class=\"alignnone size-full wp-image-61958\" src=\"http:\/\/www.radiopiu.net\/wordpress\/wp-content\/uploads\/2018\/09\/appuntamenti.jpeg\" alt=\"\" width=\"800\" height=\"100\" srcset=\"https:\/\/www.radiopiu.net\/wordpress\/wp-content\/uploads\/2018\/09\/appuntamenti.jpeg 800w, https:\/\/www.radiopiu.net\/wordpress\/wp-content\/uploads\/2018\/09\/appuntamenti-300x38.jpeg 300w, https:\/\/www.radiopiu.net\/wordpress\/wp-content\/uploads\/2018\/09\/appuntamenti-768x96.jpeg 768w\" sizes=\"auto, (max-width: 800px) 100vw, 800px\" \/><\/a><\/h3>\n<p>&nbsp;<\/p>\n<p><span style=\"color: #ff0000;\"><strong><a class=\"dt-pswp-item\" href=\"http:\/\/www.radiopiu.net\/wordpress\/wp-content\/uploads\/2019\/07\/21231208_1428419980586085_1115215269049052745_n.jpg\" data-dt-img-description=\"\" data-large_image_width=\"661\" data-large_image_height=\"661\"><img loading=\"lazy\" decoding=\"async\" class=\" wp-image-90482 alignleft\" src=\"http:\/\/www.radiopiu.net\/wordpress\/wp-content\/uploads\/2019\/07\/21231208_1428419980586085_1115215269049052745_n-300x300.jpg\" alt=\"\" width=\"145\" height=\"145\" srcset=\"https:\/\/www.radiopiu.net\/wordpress\/wp-content\/uploads\/2019\/07\/21231208_1428419980586085_1115215269049052745_n-300x300.jpg 300w, https:\/\/www.radiopiu.net\/wordpress\/wp-content\/uploads\/2019\/07\/21231208_1428419980586085_1115215269049052745_n-150x150.jpg 150w, https:\/\/www.radiopiu.net\/wordpress\/wp-content\/uploads\/2019\/07\/21231208_1428419980586085_1115215269049052745_n.jpg 661w\" sizes=\"auto, (max-width: 145px) 100vw, 145px\" \/><\/a><\/strong><\/span><\/p>\n<p><span style=\"color: #ff0000;\"><strong>PER IL SECONDO ANNO, PER TUTTA L&#8217;ESTATE: LA &#8220;FABBRICA DELLE EMOZIONI&#8221;, IN COLLABORAZIONE CON\u00a0<a class=\"profileLink\" style=\"color: #ff0000;\" href=\"https:\/\/www.facebook.com\/dersut.taibon\/?__tn__=K-R&amp;eid=ARAWHGS4pY7ErSAGuNNMHp-xra7d294ysugnpoUicWkeK9rjbvd86RDR3SHV57JuBTC7yrMP85kcC7oy&amp;fref=mentions&amp;__xts__%5B0%5D=68.ARA8kEGfdeZlMevmYpMAmAmJ7ziHM_3WogqE61anVHM5V-Ht7pYFd4NJRcEVlK7VIq__zFsG6G8vsxxKnVF1SBmpERHebECtYKNHrf4mG4C4wVmPxxn4uj_nmTIeZglrdIyUPa0dnE3usWWzci033oOnyRS5XDhoavIU-eTU85t_Wp6jFT0-ULRP932r4STxN16bdptt8cef\" data-hovercard=\"\/ajax\/hovercard\/page.php?id=904939246267497&amp;extragetparams=%7B%22__tn__%22%3A%22%2CdK-R-R%22%2C%22eid%22%3A%22ARAWHGS4pY7ErSAGuNNMHp-xra7d294ysugnpoUicWkeK9rjbvd86RDR3SHV57JuBTC7yrMP85kcC7oy%22%2C%22fref%22%3A%22mentions%22%7D\" data-hovercard-prefer-more-content-show=\"1\">Dersut Taibon<\/a>\u00a0EVENTI, APPUNTAMENTI, DIVERTIMENTI NELLA VALLATA AGORDINA. IN ONDA ALLA RADIO NEI NOTIZIARI E NEGLI APPROFONDIMENTI ALLA RADIO E SUL SITO\u00a0<a style=\"color: #ff0000;\" href=\"http:\/\/www.radiopiu.net\/?fbclid=IwAR3Zckh6EArPlP9el3_APl-CxxkfxeumpcmQ4v9HIwZohBUQuztQ4jOimzE\" target=\"_blank\" rel=\"noopener nofollow noreferrer\" data-ft=\"{&quot;tn&quot;:&quot;-U&quot;}\" data-lynx-mode=\"async\" data-lynx-uri=\"https:\/\/l.facebook.com\/l.php?u=http%3A%2F%2FWWW.RADIOPIU.NET%2F%3Ffbclid%3DIwAR3Zckh6EArPlP9el3_APl-CxxkfxeumpcmQ4v9HIwZohBUQuztQ4jOimzE&amp;h=AT3iK2sNf9WjhvLB7AaqYnWzUdWcBNNS_1cXI6UJ3eEvhP4Ym5v2vemsj9TpyM0_qzzb9gjT9sJhgm4I2ZXxgJSAlUfvNTaJwITPvOvqfAuTNdwnWON3ic-lvSbJXWzM3FVSvAgPffEqbH4dYL2TEG6D6xs5TZHrlhUGtTKMYKoPXpBJIF8ke0VZdFkl3YQ7tGdqat-r6rzvDTprheLIjQ7jKZPmLRbVLu1fIKQ2jHEQkMU8LzIZvt_s5FE3Fxl6fUw_HG6Kz2ygpE7qxE3yIyhlOk0wt55c_6ZWHfM2I0PFlpPFgNhCDJwFSVFieE73_LsmFyKeJSBqSnd9p7KBuOYgQAQepyVC8du7dtfKvd60oOKKb1xchMvMyu9mMRYGRKi2y8I7U2WlGyyKbcYHubfjzWI02WXZXcSE97K_yFCYyeqZ2T_hgQJ7vzHhfBlDLdaXxkE\">WWW.RADIOPIU.NET<\/a><\/strong><\/span><\/p>\n<audio class=\"wp-audio-shortcode\" id=\"audio-90957-6\" preload=\"none\" style=\"width: 100%;\" controls=\"controls\"><source type=\"audio\/mpeg\" src=\"http:\/\/www.radiopiu.net\/wordpress\/wp-content\/uploads\/2019\/07\/FABBRICA-EMOZIONI.mp3?_=6\" \/><a href=\"http:\/\/www.radiopiu.net\/wordpress\/wp-content\/uploads\/2019\/07\/FABBRICA-EMOZIONI.mp3\">http:\/\/www.radiopiu.net\/wordpress\/wp-content\/uploads\/2019\/07\/FABBRICA-EMOZIONI.mp3<\/a><\/audio>\n<p>&nbsp;<\/p>\n<p><strong>VAL DI ZOLDO<\/strong> La mostra &#8220;Le barche dei Casal, capolavoro degli squerarioli di Zoldo a Venezia&#8221; sar\u00e0 ufficialmente presentata alla stampa mercoled\u00ec 10 luglio alle\u00a0 11 in\u00a0 \u201cSala Piloni\u201d della Provincia di Belluno. La mostra \u00a0avr\u00e0 luogo dal 13 luglio al 27 ottobre\u00a0 presso la Sala \u201cAlmerindo Rizzardini\u201d in Piazza G. Angelini a Fusine di Val di Zoldo.\u00a0 inaugurazione sabato 13 luglio alle 18. Introduce il Sindaco di Val di Zoldo.\u00a0 Interverranno il Curatore della Mostra,\u00a0 i rappresentati di Amministrazione Provinciale di Belluno, Regione Veneto, Comune di Venezia, Fondazione Musei Civici Veneziani, Museo Correr, Archivio di Stato di Venezia, Associazione Arzan\u00e0<\/p>\n<p>&nbsp;<\/p>\n<p><strong>AGORDO\u00a0<\/strong> Sabato 13 luglio alle ore 20 e 30 presso la sala Don Ferdinando Tamis ad Agordo, l&#8217;appassionato di astronomia Claudio Pra terr\u00e0 una conferenza per ricordare lo storico sbarco dell&#8217;uomo sulla Luna, avvenuto 50 anni fa nel luglio del 1969. La serata \u00e8 gratuita ed aperta a tutti e se il tempo lo permetter\u00e0 seguir\u00e0 l&#8217;osservazione del nostro satellite naturale al telescopio. Vi aspettiamo numerosi!<\/p>\n<p>&nbsp;<\/p>\n<h3>LE VOCI DEL BORGO SABATO 13 E DOMENICA 14<\/h3>\n<p><strong>ROCCA PIETORE<\/strong> Il Comitato Borgo di Sottoguda\u00a0 organizza appuntamenti in musica\u00a0 per le vie del villaggio nel fine settimana del 13 e 14 luglio. Il Coro Improvvisando di Conegliano canter\u00e0 sabato 12,\u00a0 Domenica 14 luglio inaugurazione del nuovo parco giochi, con la santa Messa\u00a0 delle 11 accompagnata\u00a0 dal Coro Alpini Gemona.<\/p>\n<p>&nbsp;<\/p>\n<h2>Abitare i luoghi lontani La montagna Possibile<\/h2>\n<p><strong>VAL DI ZOLDO<\/strong> Venerdi\u00a0 12 luglio a Zoldo si terr\u00e0 un convegno con tema l&#8217;abitare in montagna e in che modi contrastarne lo spopolamento. Alle 17 al Cinema di Dont interverranno: Camillo De Pellegrin &#8211; SINDACO DI VAL DI ZOLDO, \u00a0Massimo Ferasin\u00a0 ASSOCIAZIONE \u201cI BEGARER DA COZOLVER\u201d. Dalle 17.30 \u00a0&#8220;Creativit\u00e0 del margine e immaginazione politica&#8221; con\u00a0 Alessandra Bonazzi PROFESSORESSA ORDINARIA DIPARTIMENTO DI FILOSOFIA E COMUNICAZIONE UNIVERSIT\u00c0 DEGLI STUDI DI BOLOGNA. &#8221; Villaggi alpini tra recupero dell\u2019esistente e nuove visioni per il futuro della montagna. Quali politiche per i borghi minori? di\u00a0 Maria Anna Bertolino DOTTORE DI RICERCA IN SCIENZE ANTROPOLOGICHE &#8211; POLITECNICO DI TORINO. &#8220;La programmazione dei fondi strutturali e d\u2019investimento europei. La nuova visione della montagna&#8221; con Flaminio Da Deppo PRESIDENTE GAL ALTO BELLUNESE. Al termine dibattito e conclusioni di\u00a0 Renzo Bortolot SINDACO DI ZOPP\u00c8 DI CADORE &#8211; PRESIDENTE DELLA MAGNIFICA COMUNIT\u00c0 DI CADORE<\/p>\n<p>&nbsp;<\/p>\n<p>&nbsp;<\/p>\n<h3>ADVENTURE OUTDOOR AI PIANI DI PEZZE&#8217;<\/h3>\n<p><strong>ALLEGHE<\/strong> Dal 25 al 28 luglio arriva l&#8217;Adventure Outdoor Fest: Sport, Avventura, Emozioni, numerosi ospiti e la possibilita\u0300 per tutti, di vivere nuove esperienze outdoor in un weekend a pieno contatto con la natura. L&#8217;inaugurazione\u00a0 giovedi 25 a Rocca Pietore e, da venerdi 26 a Domenica 28, il villaggio del Festival sar\u00e0 a Piani di Pezz\u00e8 (Alleghe). Arrampicata, MTB, Slackline, Yoga, Acroyoga, Trail Running, Trekking, corsi di sopravvivenza e tante altre attivit\u00e0 speciali. Non solo sport, ma anche musica, cinema, aperitivi, incontri, libri, degustazioni ed esibizioni spettacolari, per vivere un weekend pieno di Avventura ed Emozioni. Informazioni e iscrizioni alle attivit\u00e0 del festival: Www.adventureoutdoorfest.com<\/p>\n<p>&nbsp;<\/p>\n<p>&nbsp;<\/p>\n<p>&nbsp;<\/p>\n<p>&nbsp;<\/p>\n<p><a class=\"dt-pswp-item\" href=\"http:\/\/www.radiopiu.net\/wordpress\/wp-content\/uploads\/2018\/09\/viabilita.jpeg\" data-dt-img-description=\"\" data-large_image_width=\"800\" data-large_image_height=\"100\"><img loading=\"lazy\" decoding=\"async\" class=\"alignnone size-full wp-image-61954\" src=\"http:\/\/www.radiopiu.net\/wordpress\/wp-content\/uploads\/2018\/09\/viabilita.jpeg\" alt=\"\" width=\"800\" height=\"100\" srcset=\"https:\/\/www.radiopiu.net\/wordpress\/wp-content\/uploads\/2018\/09\/viabilita.jpeg 800w, https:\/\/www.radiopiu.net\/wordpress\/wp-content\/uploads\/2018\/09\/viabilita-300x38.jpeg 300w, https:\/\/www.radiopiu.net\/wordpress\/wp-content\/uploads\/2018\/09\/viabilita-768x96.jpeg 768w\" sizes=\"auto, (max-width: 800px) 100vw, 800px\" \/><\/a><\/p>\n<p>&nbsp;<\/p>\n<p><strong>PROVINCIALE 563 DI SALESEI<\/strong> Fino al 9 agosto (festivi e prefestivi esclusi) senso unico alternato in localit\u00e0 Salesei per la posa di protezioni sul versante.<\/p>\n<p><strong>PROVINCIALE 641 DI PASSO FEDAIA<\/strong> Dall&#8217;8 luglio al 9 agosto senso unico alternato tra Malga Ciapela e Sottoguda per la posa di nuovo cavidotto<\/p>\n<p><strong>REGIONALE 346 DEL SAN PELLEGRINO, TRATTI DI STRADA TRA FALCADE, CANALE D&#8217;AGORDO E VALLADA: <\/strong>Fino al 21 luglio dalle 8 alle 17, festivi e prefestivi inclusi, saltuario senso unico alternato regolato da movieri per lavori sostituzione conduttori linea elettrica alta tensione.<\/p>\n<p><strong>REGIONALE 203 AGORDINA, A SUD DI PONTE ALTO COMUNE DI AGORDO<\/strong>: Fino al 12 luglio (sabato e domenica esclusi) restringimento di carreggiata e senso unico alternato regolato da moviere.<\/p>\n<p><strong>REGIONALE 203 AGORDINA LOCALITA&#8217; LE CAMPE (La Valle):<\/strong> Fino al 15 luglio con esclusione dei giorni festivi e prefestivi, dalle 7.30 alle 8.30, dalle 16.30 alle 17.30 senso unico alternato regolato da movieri,\u00a0 dalle 8.30 alle 16.30 senso unico semaforico, per lavori ripristino rete fognaria<\/p>\n<p><strong>PROVINCIALE 347 PASSO CEREDA: CHIUSURA.<\/strong> Fino all&#8217;11 luglio dalle 8.15 alle 12.30 e dalle 14 alle 17.30 con esclusione dei giorni festivi e prefestivi, chiusura tra Chiesa e Pradel in Comune di Val di Zoldo per lavori di asfaltatura.<\/p>\n<p><strong>LA VALLE\u00a0 <\/strong>Fino\u00a031 luglio (festivi e prefestivi esclusi) senso unico a seconda delle esigenze con semaforo o movieri lungo la regionale 203 agordina in localit\u00e0 La Muda<\/p>\n<p><strong>PROVINCIALE 563 DI SALESEI <\/strong>Fino al 19 luglio\u00a0 In localit\u00e0 Sopracordevole in Comune di Rocca Pietore senso unico alternato con semaforo o movieri e divieto di transito ai mezzi con massa superiore a 7,5 tonellate.<\/p>\n<p>&nbsp;<\/p>\n<p>&nbsp;<\/p>\n<p>&nbsp;<\/p>\n<p>&nbsp;<\/p>\n<blockquote class=\"wp-embedded-content\" data-secret=\"hekVEFHNEi\"><p><a href=\"http:\/\/www.radiopiu.net\/wordpress\/la-pressione-fiscale-sui-contribuenti-onesti-e-al-48\/\">LA PRESSIONE FISCALE SUI CONTRIBUENTI ONESTI  E\u2019 AL 48 %<\/a><\/p><\/blockquote>\n<p><iframe loading=\"lazy\" title=\"&#8220;LA PRESSIONE FISCALE SUI CONTRIBUENTI ONESTI  E\u2019 AL 48 %&#8221; &#8212; Radio Pi\u00f9\" class=\"wp-embedded-content\" sandbox=\"allow-scripts\" security=\"restricted\" style=\"position: absolute; clip: rect(1px, 1px, 1px, 1px);\" src=\"http:\/\/www.radiopiu.net\/wordpress\/la-pressione-fiscale-sui-contribuenti-onesti-e-al-48\/embed\/#?secret=hekVEFHNEi\" data-secret=\"hekVEFHNEi\" width=\"600\" height=\"338\" frameborder=\"0\" marginwidth=\"0\" marginheight=\"0\" scrolling=\"no\"><\/iframe><\/p>\n<p>&nbsp;<\/p>\n<p>&nbsp;<\/p>\n<p>&nbsp;<\/p>\n<p>&nbsp;<\/p>\n<p>&nbsp;<\/p>\n<p>&nbsp;<\/p>\n<p><a class=\"dt-pswp-item\" href=\"http:\/\/www.radiopiu.net\/wordpress\/wp-content\/uploads\/2018\/09\/sport.jpg\" data-dt-img-description=\"\" data-large_image_width=\"800\" data-large_image_height=\"100\"><img loading=\"lazy\" decoding=\"async\" class=\"alignnone wp-image-60761 size-full\" src=\"http:\/\/www.radiopiu.net\/wordpress\/wp-content\/uploads\/2018\/09\/sport.jpg\" alt=\"\" width=\"800\" height=\"100\" srcset=\"https:\/\/www.radiopiu.net\/wordpress\/wp-content\/uploads\/2018\/09\/sport.jpg 800w, https:\/\/www.radiopiu.net\/wordpress\/wp-content\/uploads\/2018\/09\/sport-300x38.jpg 300w, https:\/\/www.radiopiu.net\/wordpress\/wp-content\/uploads\/2018\/09\/sport-768x96.jpg 768w\" sizes=\"auto, (max-width: 800px) 100vw, 800px\" \/><\/a><\/p>\n<h2><\/h2>\n<blockquote>\n<h3 class=\"p1\"><span class=\"s1\"><b>CAMPIONATO AGORDINO DI CALCIO<\/b><\/span><b style=\"font-size: 14px;\">7\u00b0 GIORNATA<\/b><\/h3>\n<\/blockquote>\n<p class=\"p1\"><span class=\"s1\"><b>IL PUNTO<\/b><\/span><\/p>\n<p class=\"p1\"><span class=\"s1\">Voltago, Taibon, Fodom e Caprile sono le squadre che si sono qualificate direttamente ai quarti di finale. Vallada, Le Ville, Gosaldo, Rivamonte, Frassen\u00e8, Atletico Caviola, La Valle e Agordo 2009 sono le 8 formazioni che domenica prossima si giocheranno i miniottavi sui campi di Cencenighe e Taibon. Escono dal Campionato Agordino di calcio Canale, Alleghe e Cencenighe.<\/span><\/p>\n<p class=\"p1\"><span class=\"s1\"><b><a class=\"dt-pswp-item\" href=\"http:\/\/www.radiopiu.net\/wordpress\/wp-content\/uploads\/2019\/07\/TABELLONE-FINALE-CAMPIONATO-AGORDINO-2019-MINIOTTAVI.jpg\" data-dt-img-description=\"\" data-large_image_width=\"1754\" data-large_image_height=\"1239\"><img loading=\"lazy\" decoding=\"async\" class=\"aligncenter wp-image-91016 size-large\" src=\"http:\/\/www.radiopiu.net\/wordpress\/wp-content\/uploads\/2019\/07\/TABELLONE-FINALE-CAMPIONATO-AGORDINO-2019-MINIOTTAVI-1024x723.jpg\" alt=\"\" width=\"1024\" height=\"723\" srcset=\"https:\/\/www.radiopiu.net\/wordpress\/wp-content\/uploads\/2019\/07\/TABELLONE-FINALE-CAMPIONATO-AGORDINO-2019-MINIOTTAVI-1024x723.jpg 1024w, https:\/\/www.radiopiu.net\/wordpress\/wp-content\/uploads\/2019\/07\/TABELLONE-FINALE-CAMPIONATO-AGORDINO-2019-MINIOTTAVI-300x212.jpg 300w, https:\/\/www.radiopiu.net\/wordpress\/wp-content\/uploads\/2019\/07\/TABELLONE-FINALE-CAMPIONATO-AGORDINO-2019-MINIOTTAVI-768x543.jpg 768w, https:\/\/www.radiopiu.net\/wordpress\/wp-content\/uploads\/2019\/07\/TABELLONE-FINALE-CAMPIONATO-AGORDINO-2019-MINIOTTAVI.jpg 1754w\" sizes=\"auto, (max-width: 1024px) 100vw, 1024px\" \/><\/a><\/b><\/span><\/p>\n<p class=\"p1\"><span class=\"s1\"><b>I RISULTATI <\/b><\/span><span class=\"s1\">GIRONE A <\/span>Cencenighe &#8211; Le Ville 2-2 <span class=\"s1\">Gosaldo &#8211; Voltago 0-1 <\/span><span class=\"s1\">Alleghe &#8211; Vallada 0-7 <\/span><span class=\"s1\">Caprile &#8211; Rivamonte 5-0 <\/span><span class=\"s1\">GIRONE B <\/span><span class=\"s1\">La Valle &#8211; Canale 5-2 <\/span><span class=\"s1\">Taibon &#8211; Agordo 2009 2-0 <\/span><span class=\"s1\">Frassen\u00e8 &#8211; Atletico Caviola 1-1 <\/span><span class=\"s1\">Riposa Fodom<\/span><\/p>\n<p class=\"p1\"><span class=\"s1\"><b>LA CLASSIFICA <\/b><\/span><span class=\"s1\">GIRONE A <\/span><span class=\"s1\">Voltago 16 <\/span><span class=\"s1\">Caprile 14 <\/span><span class=\"s1\">Vallada 14 <\/span><span class=\"s1\">Gosaldo 13 <\/span><span class=\"s1\">Le Ville 11 <\/span><span class=\"s1\">Rivamonte 7 <\/span><span class=\"s1\">Cencenighe 4 <\/span><span class=\"s1\">Alleghe 0 <\/span><span class=\"s1\">GIRONE B <\/span><span class=\"s1\">Fodom 18 <\/span><span class=\"s1\">Taibon 13 <\/span><span class=\"s1\">La Valle 12 <\/span><span class=\"s1\">Frassen\u00e8 8 <\/span><span class=\"s1\">Agordo 2009 4 <\/span><span class=\"s1\">Atletico Caviola 3 <\/span><span class=\"s1\">Canale 1<\/span><\/p>\n<p class=\"p1\"><span class=\"s1\"><b>PROSSIMO TURNO <\/b><\/span>MINIOTTAVI DI FINALE <span class=\"s1\">Alle 15 Frassen\u00e8 &#8211; Le Ville e Gosaldo &#8211; Agordo 2009 <\/span><span class=\"s1\">Alle 17:30 Vallada &#8211; Atletico Caviola e La Valle &#8211; Rivamonte <\/span><span class=\"s1\">I campi verranno estratti durante Campionato Agordino Show visto che ne Taibon ne Cencenighe partecipano ai miniottavi di finale.<\/span><\/p>\n<blockquote>\n<h3 class=\"p1\"><span class=\"s1\"><b>CAMPIONATO AGORDINO GIOVANILE <\/b><\/span><\/h3>\n<\/blockquote>\n<p class=\"p3\"><span class=\"s1\">Dopo la quarta giornata del Campionato Agordino giovanile, il La Valle rimane squadra da battere. I giovani allenati da Giorgio Dall&#8217;Acqua continuano la marcia trionfale e rimangono in testa alla classifica a punteggio pieno. Intanto il Fodom aggancia il Taibon e il Canale al secondo posto in classifica mentre il Le Ville in questo momento \u00e8 fuori dalla qualificazione alle semifinali assieme ad Alleghe e Cencenighe. Giornata di riposo per il Canale in attesa di disputare l&#8217;ultima sfida in programma tra Alleghe e Taibon, rinviata a marted\u00ec 16 luglio. <\/span><strong>I risultati:<\/strong> Le Ville \u2013 La Valle 1-2, Fodom \u2013 Cencenighe 8-0, Alleghe \u2013 Taibon si gioca marted\u00ec 16 luglio alle 19. Ha riposato il Canale. <span class=\"s1\"><strong>Classifica:<\/strong> La Valle 12, Taibon*, Canale e Fodom 6, Le Ville 3, Alleghe* e Cencenighe 0 (* una partita in meno) <\/span><span class=\"s1\"><strong>Prossimo turno:<\/strong> sabato alle 16 Fodom \u2013 Taibon, La Valle \u2013 Canale, Le Ville \u2013 Alleghe. Riposa il Cencenighe<\/span><\/p>\n<blockquote>\n<h3 class=\"p1\"><span class=\"s1\"><b>CAMPIONATO AGORDINO FEMMINILE<\/b><\/span><\/h3>\n<\/blockquote>\n<p class=\"p1\"><span class=\"s1\">Sabato sera si \u00e8 giocata la settima giornata del Campionato Agordino femminile. Un turno giocato a met\u00e0 visto che la partita tra Alleghe e Le Ville \u00e8 stata rinviata a data da destinarsi per impraticabilit\u00e0 del campo dopo il temporale che ha colpito la Val Cordevole in serata. Solo a Cernadoi si \u00e8 disputata la partita tra Fodom e Taibon. Sul sintetico sotto la Marmolada, la squadra ospite ha vinto di misura contro le orsette. Taibon a segno con Marchiori e Iam Kim, gol della bandiera per le fodome a firma di Roilo. <\/span><span class=\"s1\"><strong>I risultati<\/strong>: Fodom \u2013 Taibon 1-2, Alleghe \u2013 Le Ville rinviata. Ha riposato il Voltago. <\/span><span class=\"s1\"><strong>Classifica:<\/strong> Voltago 15, Taibon 9, Le Ville* 5, Fodom e Alleghe* 4 (*una partita in meno) <\/span><span class=\"s1\"><strong>Prossimo turno<\/strong>: mercoled\u00ec 10 luglio alle 19:30 a Voltago Le Ville \u2013 Voltago, alle 20:30 a Boscoverde Alleghe \u2013 Taibon. Riposa il Fodom<\/span><\/p>\n<h2><\/h2>\n<p>&nbsp;<\/p>\n<h2>UN SUPER LUCA CAGNATI DOMINA LA PRIMIERO DOLOMITI MARATHON NELLA 26 KM<\/h2>\n<p><a class=\"dt-pswp-item\" href=\"http:\/\/www.radiopiu.net\/wordpress\/wp-content\/uploads\/2019\/07\/LUCA-CAGNATI-PRIMIERO-MARATHON.jpeg\" data-dt-img-description=\"\" data-large_image_width=\"717\" data-large_image_height=\"720\"><img loading=\"lazy\" decoding=\"async\" class=\" wp-image-90952 alignleft\" src=\"http:\/\/www.radiopiu.net\/wordpress\/wp-content\/uploads\/2019\/07\/LUCA-CAGNATI-PRIMIERO-MARATHON-300x300.jpeg\" alt=\"\" width=\"211\" height=\"211\" srcset=\"https:\/\/www.radiopiu.net\/wordpress\/wp-content\/uploads\/2019\/07\/LUCA-CAGNATI-PRIMIERO-MARATHON-300x300.jpeg 300w, https:\/\/www.radiopiu.net\/wordpress\/wp-content\/uploads\/2019\/07\/LUCA-CAGNATI-PRIMIERO-MARATHON-150x150.jpeg 150w, https:\/\/www.radiopiu.net\/wordpress\/wp-content\/uploads\/2019\/07\/LUCA-CAGNATI-PRIMIERO-MARATHON.jpeg 717w\" sizes=\"auto, (max-width: 211px) 100vw, 211px\" \/><\/a>E&#8217; andata in scena ieri la quarta edizione della Primiero Dolomiti Marathon, la maratona di corsa in montagna in territorio Trentino divisa in 3 distanze: 42 km, 26 km e 6.5 km. Nella mezza maratona ottimo risultato dell&#8217;atleta azzurro di Canale D&#8217;Agordo Luca Cagnati che, per il terzo anno consecutivo, vince con il tempo di 1h 42&#8242;. Molta la soddisfazione per l&#8217;atleta della Valle del Bios ritornato alle corse dopo i Campionati del Mondo di giugno.<\/p>\n<p>Tra gli agordini in gara anche Ivano Marcon e Nello De Col\u00f2 che s&#8217;impongono nelle rispettive categorie. Buona prestazione anche di Manuela Bulf che tra le donne si piazza al terzo posto.<\/p>\n<p>&nbsp;<\/p>\n<p>&nbsp;<\/p>\n<p>&nbsp;<\/p>\n<h2>LORENZO BUSIN DECIMO ALLA RED BULL 400<\/h2>\n<p><a class=\"dt-pswp-item\" href=\"http:\/\/www.radiopiu.net\/wordpress\/wp-content\/uploads\/2019\/07\/LORENZO-BUSIN-PREDAZZO.jpeg\" data-dt-img-description=\"\" data-large_image_width=\"1200\" data-large_image_height=\"1600\"><img loading=\"lazy\" decoding=\"async\" class=\"size-medium wp-image-90949 alignleft\" src=\"http:\/\/www.radiopiu.net\/wordpress\/wp-content\/uploads\/2019\/07\/LORENZO-BUSIN-PREDAZZO-225x300.jpeg\" alt=\"\" width=\"225\" height=\"300\" srcset=\"https:\/\/www.radiopiu.net\/wordpress\/wp-content\/uploads\/2019\/07\/LORENZO-BUSIN-PREDAZZO-225x300.jpeg 225w, https:\/\/www.radiopiu.net\/wordpress\/wp-content\/uploads\/2019\/07\/LORENZO-BUSIN-PREDAZZO-768x1024.jpeg 768w, https:\/\/www.radiopiu.net\/wordpress\/wp-content\/uploads\/2019\/07\/LORENZO-BUSIN-PREDAZZO.jpeg 1200w\" sizes=\"auto, (max-width: 225px) 100vw, 225px\" \/><\/a>Si \u00e8 svolta ieri a Predazzo la Red Bull 400. Una corsa contro il tempo di 400 metri con il 78% di pendenza e 135 metri di dislivello sotto ai trampolini che durante tutto l&#8217;anno vengono utilizzati per il salto con gli sci. Viene considerata la gara pi\u00f9 ripida al mondo. 600 i concorrenti arrivati da tutta Europa ma non solo. Tra gli iscritti anche Lorenzo Busin che, dopo un&#8217;ottima batteria, ha chiuso la gara al 10\u00b0 posto, 2\u00b0 miglior italiano.<\/p>\n<p>&nbsp;<\/p>\n<p>&nbsp;<\/p>\n<p>&nbsp;<\/p>\n<p>&nbsp;<\/p>\n<p>&nbsp;<\/p>\n<blockquote><p>&nbsp;<\/p><\/blockquote>\n<div class=\"page-title-head hgroup\">\n<h2 class=\"entry-title\">IL FINE SETTIMANA DI MARCO TORMEN IN CAMPANIA<\/h2>\n<\/div>\n<div class=\"page-title-breadcrumbs\"><a class=\"dt-pswp-item\" href=\"http:\/\/www.radiopiu.net\/wordpress\/wp-content\/uploads\/2019\/07\/MARCO-TORMEN-SARNO.jpeg\" data-dt-img-description=\"\" data-large_image_width=\"1296\" data-large_image_height=\"864\"><img loading=\"lazy\" decoding=\"async\" class=\"size-medium wp-image-91012 alignleft\" src=\"http:\/\/www.radiopiu.net\/wordpress\/wp-content\/uploads\/2019\/07\/MARCO-TORMEN-SARNO-300x200.jpeg\" alt=\"\" width=\"300\" height=\"200\" srcset=\"https:\/\/www.radiopiu.net\/wordpress\/wp-content\/uploads\/2019\/07\/MARCO-TORMEN-SARNO-300x200.jpeg 300w, https:\/\/www.radiopiu.net\/wordpress\/wp-content\/uploads\/2019\/07\/MARCO-TORMEN-SARNO-768x512.jpeg 768w, https:\/\/www.radiopiu.net\/wordpress\/wp-content\/uploads\/2019\/07\/MARCO-TORMEN-SARNO-1024x683.jpeg 1024w, https:\/\/www.radiopiu.net\/wordpress\/wp-content\/uploads\/2019\/07\/MARCO-TORMEN-SARNO.jpeg 1296w\" sizes=\"auto, (max-width: 300px) 100vw, 300px\" \/><\/a>Fine settimana di alti e bassi per Marco Tormen che ha disputato a Sarno (NA) la prova valida per il Campionato Italiano Kart.Il pilota di Voltago non \u00e8 riuscito a qualificarsi come voleva nella giornata di sabato. Nella prima manche di qualificazione un quarto posto ma nella seconda manche dei problemi al motore hanno costretto Marco al ritiro partendo cos\u00ec dalla 16\u00b0 casella in griglia. Nella mattinata di domenica buona prova di Tormen che in gara 1 \u00e8 riuscito a recuperare una posizione dietro l&#8217;altra e concludere al 6\u00b0 posto la prova. In gara 2, partito dalla terza posizione, \u00e8 stato colpito da un pilota avversari che \u00e8 finito proprio sopra il kart dell&#8217;Agordino che si \u00e8 ritrovato ottavo concludendo la gara al sesto posto. Archiviata la gara in Campania, Tormen ritorner\u00e0 in pista a fine luglio sul circuito di Adria.<\/div>\n<blockquote>\n<div><\/div>\n<\/blockquote>\n<div><\/div>\n<div><\/div>\n<div><\/div>\n<div><\/div>\n<blockquote>\n<div><\/div>\n<\/blockquote>\n<h3>ALLA TRENTO BONDONE IN MEZZO ALLA GRANDINATA VINCE FAGGIOLI. BUONI I RISULTATI DEI BELLUNESI<\/h3>\n<div><strong>DI ROBERTO BONA<\/strong><\/div>\n<audio class=\"wp-audio-shortcode\" id=\"audio-90957-7\" preload=\"none\" style=\"width: 100%;\" controls=\"controls\"><source type=\"audio\/mpeg\" src=\"http:\/\/www.radiopiu.net\/wordpress\/wp-content\/uploads\/2019\/07\/ROBERTO-BONA.mp3?_=7\" \/><a href=\"http:\/\/www.radiopiu.net\/wordpress\/wp-content\/uploads\/2019\/07\/ROBERTO-BONA.mp3\">http:\/\/www.radiopiu.net\/wordpress\/wp-content\/uploads\/2019\/07\/ROBERTO-BONA.mp3<\/a><\/audio>\n<p>&nbsp;<\/p>\n<p>&nbsp;<\/p>\n<p>&nbsp;<\/p>\n<p><a class=\"dt-pswp-item\" href=\"http:\/\/www.radiopiu.net\/wordpress\/wp-content\/uploads\/2018\/09\/WhatsApp-Image-2018-09-20-at-16.04.06.jpeg\" data-dt-img-description=\"\" data-large_image_width=\"800\" data-large_image_height=\"100\"><img loading=\"lazy\" decoding=\"async\" class=\"alignnone wp-image-61378 size-full\" src=\"http:\/\/www.radiopiu.net\/wordpress\/wp-content\/uploads\/2018\/09\/WhatsApp-Image-2018-09-20-at-16.04.06.jpeg\" alt=\"\" width=\"800\" height=\"100\" srcset=\"https:\/\/www.radiopiu.net\/wordpress\/wp-content\/uploads\/2018\/09\/WhatsApp-Image-2018-09-20-at-16.04.06.jpeg 800w, https:\/\/www.radiopiu.net\/wordpress\/wp-content\/uploads\/2018\/09\/WhatsApp-Image-2018-09-20-at-16.04.06-300x38.jpeg 300w, https:\/\/www.radiopiu.net\/wordpress\/wp-content\/uploads\/2018\/09\/WhatsApp-Image-2018-09-20-at-16.04.06-768x96.jpeg 768w\" sizes=\"auto, (max-width: 800px) 100vw, 800px\" \/><\/a><\/p>\n<p><center><b>Lunedi 8<\/b><\/center><b>Tempo atteso: <\/b>Al mattino cielo inizialmente sereno o poco nuvoloso, salvo nebbie o nubi basse in qualche valle. Nel corso della mattinata formazione e sviluppo di cumuli e arrivo di banchi di nubi medio-alte, ma il tempo rimarr\u00e0 in prevalenza soleggiato e meno caldo dei giorni precedenti. Dal primo pomeriggio cielo sempre pi\u00f9 nuvoloso per addensamenti cumuliformi, con crescente rischio di fenomeni d&#8217;instabilit\u00e0, anche forti sulle Prealpi. In serata attenuazione dell&#8217;instabilit\u00e0, ad iniziare dalle Dolomiti.<br \/>\n<b>Precipitazioni: <\/b>Al mattino generalmente assenti (0-10%). Nel pomeriggio probabilit\u00e0 di rovesci e temporali in aumento da media (40-60%) ad alta (70-80%) specie verso sera. Non esclusi fenomeni di forte intensit\u00e0 sulla fascia prealpina. Sensibile calo del rischio in serata (20-30% sulle Dolomiti, 40-50% sulle Prealpi).<br \/>\n<b>Temperature: <\/b>In diminuzione, con minime raggiunte in molte zone alla sera. Su Prealpi a 1500 m min 13\u00b0C max 15\u00b0C, a 2000 m min 10\u00b0C max 12\u00b0C. Su Dolomiti a 2000 m min 8\u00b0C max 15\u00b0C, a 3000 m min 2\u00b0C max 4\u00b0C.<br \/>\n<b>Venti: <\/b>Nelle valli deboli\/moderati a regime di brezza, salvo raffiche per temporale; in quota deboli o moderati da Ovest Nord-Ovest, a tratti tesi, a 10-20 km\/h a 2000 m e a 20-30 km\/h a 3000 m.<\/p>\n<hr \/>\n<p><center><b>Martedi 9<\/b><\/center><b>Tempo atteso: <\/b>Al mattino parzialmente soleggiato, con nuvolosit\u00e0 irregolare e possibilit\u00e0 di primi fenomeni sulle Prealpi da met\u00e0-tarda mattinata. Nel pomeriggio e in serata cielo molto nuvoloso con fenomeni anche frequenti, solo occasionalmente temporaleschi. Clima relativamente fresco.<br \/>\n<b>Precipitazioni: <\/b>Al mattino inizialmente assenti (0%), poi da met\u00e0-tarda mattinata probabilit\u00e0 di piovaschi medio-bassa sulle Dolomiti (30-40%) e media (40-50%) sulle Prealpi. Nel pomeriggio probabilit\u00e0 alta (70-80%) di piogge a carattere di rovescio.<br \/>\n<b>Temperature: <\/b>In ulteriore lieve diminuzione, su valori leggermente inferiori alla norma. Su Prealpi a 1500 m min 10\u00b0C max 14\u00b0C, a 2000 m min 8\u00b0C max 9\u00b0C. Su Dolomiti a 2000 m min 7\u00b0C max 15\u00b0C, a 3000 m min 1\u00b0C max 4\u00b0C.<br \/>\n<b>Venti: <\/b>Nelle valli deboli o moderati; in quota da Ovest Nord-Ovest, al mattino moderati o tesi occidentali, in successiva attenuazione, a 5-15 km\/h a 2000 m e a 25-35 km\/h a 3000 m.<\/p>\n<hr \/>\n<p><center><b>Mercoledi 10<\/b><\/center>Tempo pi\u00f9 soleggiato e stabile, anche se abbastanza fresco per la stagione. Dopo i residui fenomeni notturni in giornata si avranno ampie schiarite, anche se a met\u00e0 giornata o primo pomeriggio ci potrebbe essere qualche breve rovescio, specie sulle Prealpi. Temperature senza grosse variazioni, un po&#8217; al di sotto della norma. Venti in quota moderati o tesi settentrionali.<\/p>\n<hr \/>\n<p><center><b>Giovedi 11<\/b><\/center>Parzialmente soleggiato e abbastanza stabile, anche se non si pu\u00f2 escludere del tutto qualche breve rovescio pomeridiano. Temperature massime in aumento. Venti in quota deboli o moderati da Nord-Ovest. Previsore: B.R.<\/p>\n","protected":false},"excerpt":{"rendered":"<p>&nbsp; Un altro dramma al laghetto di Polane di Agordo. Un anziano di Desio residente a Milano \u00e8 stato ritrovato a terra esanime dai vigili del fuoco, lungo il sentiero che lo avrebbe riportato a casa.Edoardo Pedron, 88 anni\u00a0 aveva deciso di trascorrere il fine settimana nella seconda casa in localit\u00e0 Polane vicino al laghetto&hellip;<\/p>\n","protected":false},"author":1,"featured_media":91020,"comment_status":"closed","ping_status":"closed","sticky":false,"template":"","format":"standard","meta":{"_monsterinsights_skip_tracking":false,"_monsterinsights_sitenote_active":false,"_monsterinsights_sitenote_note":"","_monsterinsights_sitenote_category":0,"footnotes":""},"categories":[86],"tags":[],"class_list":["post-90957","post","type-post","status-publish","format-standard","has-post-thumbnail","hentry","category-gr","category-86","description-off"],"img_url":"https:\/\/www.radiopiu.net\/wordpress\/wp-content\/uploads\/2019\/07\/66200717_10213290037676570_4002450353508319232_n.jpg","_links":{"self":[{"href":"https:\/\/www.radiopiu.net\/wordpress\/wp-json\/wp\/v2\/posts\/90957","targetHints":{"allow":["GET"]}}],"collection":[{"href":"https:\/\/www.radiopiu.net\/wordpress\/wp-json\/wp\/v2\/posts"}],"about":[{"href":"https:\/\/www.radiopiu.net\/wordpress\/wp-json\/wp\/v2\/types\/post"}],"author":[{"embeddable":true,"href":"https:\/\/www.radiopiu.net\/wordpress\/wp-json\/wp\/v2\/users\/1"}],"replies":[{"embeddable":true,"href":"https:\/\/www.radiopiu.net\/wordpress\/wp-json\/wp\/v2\/comments?post=90957"}],"version-history":[{"count":0,"href":"https:\/\/www.radiopiu.net\/wordpress\/wp-json\/wp\/v2\/posts\/90957\/revisions"}],"wp:featuredmedia":[{"embeddable":true,"href":"https:\/\/www.radiopiu.net\/wordpress\/wp-json\/wp\/v2\/media\/91020"}],"wp:attachment":[{"href":"https:\/\/www.radiopiu.net\/wordpress\/wp-json\/wp\/v2\/media?parent=90957"}],"wp:term":[{"taxonomy":"category","embeddable":true,"href":"https:\/\/www.radiopiu.net\/wordpress\/wp-json\/wp\/v2\/categories?post=90957"},{"taxonomy":"post_tag","embeddable":true,"href":"https:\/\/www.radiopiu.net\/wordpress\/wp-json\/wp\/v2\/tags?post=90957"}],"curies":[{"name":"wp","href":"https:\/\/api.w.org\/{rel}","templated":true}]}}