{"id":90980,"date":"2019-07-07T23:59:36","date_gmt":"2019-07-07T21:59:36","guid":{"rendered":"http:\/\/www.radiopiu.net\/wordpress\/?p=90980"},"modified":"2019-07-08T15:58:44","modified_gmt":"2019-07-08T13:58:44","slug":"galleria-dei-castei-come-gardaland-quando-piove-spesso-da-nebbia-della-val-padana-sabato-sera-sembrava-di-stare-in-discoteca","status":"publish","type":"post","link":"https:\/\/www.radiopiu.net\/wordpress\/galleria-dei-castei-come-gardaland-quando-piove-spesso-da-nebbia-della-val-padana-sabato-sera-sembrava-di-stare-in-discoteca\/","title":{"rendered":"GALLERIA DEI CASTEI COME &#8220;GARDALAND&#8221; QUANDO PIOVE, SPESSO DA NEBBIA DELLA VAL PADANA, SABATO SERA SEMBRAVA DI STARE IN DISCOTECA\u00a0"},"content":{"rendered":"<p><strong><a class=\"dt-pswp-item\" href=\"http:\/\/www.radiopiu.net\/wordpress\/wp-content\/uploads\/2019\/07\/WhatsApp-Image-2019-07-05-at-19.18.01.jpeg\" data-dt-img-description=\"\" data-large_image_width=\"900\" data-large_image_height=\"1600\"><img loading=\"lazy\" decoding=\"async\" class=\"wp-image-90864 alignleft\" src=\"http:\/\/www.radiopiu.net\/wordpress\/wp-content\/uploads\/2019\/07\/WhatsApp-Image-2019-07-05-at-19.18.01-169x300.jpeg\" alt=\"\" width=\"120\" height=\"213\" srcset=\"https:\/\/www.radiopiu.net\/wordpress\/wp-content\/uploads\/2019\/07\/WhatsApp-Image-2019-07-05-at-19.18.01-169x300.jpeg 169w, https:\/\/www.radiopiu.net\/wordpress\/wp-content\/uploads\/2019\/07\/WhatsApp-Image-2019-07-05-at-19.18.01-768x1365.jpeg 768w, https:\/\/www.radiopiu.net\/wordpress\/wp-content\/uploads\/2019\/07\/WhatsApp-Image-2019-07-05-at-19.18.01-576x1024.jpeg 576w, https:\/\/www.radiopiu.net\/wordpress\/wp-content\/uploads\/2019\/07\/WhatsApp-Image-2019-07-05-at-19.18.01.jpeg 900w\" sizes=\"auto, (max-width: 120px) 100vw, 120px\" \/><\/a>LA VALLE<\/strong> Il problema \u00e8 noto da tempo ma nessuno pare intenzionato a muoversi, anche per questo il Deputato Dario Bond ha deciso di rivolgersi ai responsabili di Veneto Strade ma finalmente potrebbe essere solo l&#8217;inizio. Al minimo nubifragio dentro il tunnel scorrono impetuose cascate d&#8217;acqua e non \u00e8 una novit\u00e0 da quando improvvisamente \u00e8 scomparsa la casacata del Pisandol tra i ponti dei Castei e Torner (ex 203 agordina). Venerdi sera forse per un problema all&#8217;impianto di areazioni\u00a0 c&#8217;era da pensarci se infilarsi o meno nel tunnel, dentro sembrava scoppiato un incendio tanto era il fumo. Sabato sera le luci lampeggiavano a intermittenza come in una sala da ballo<br \/>\n<strong>IL DEPUTATO DARIO BOND\u00a0<\/strong><\/p>\n<audio class=\"wp-audio-shortcode\" id=\"audio-90980-1\" preload=\"none\" style=\"width: 100%;\" controls=\"controls\"><source type=\"audio\/mpeg\" src=\"http:\/\/www.radiopiu.net\/wordpress\/wp-content\/uploads\/2019\/07\/BOND\u00f9.mp3?_=1\" \/><a href=\"http:\/\/www.radiopiu.net\/wordpress\/wp-content\/uploads\/2019\/07\/BOND\u00f9.mp3\">http:\/\/www.radiopiu.net\/wordpress\/wp-content\/uploads\/2019\/07\/BOND\u00f9.mp3<\/a><\/audio>\n<p>&nbsp;<\/p>\n<p>&nbsp;<\/p>\n","protected":false},"excerpt":{"rendered":"<p>LA VALLE Il problema \u00e8 noto da tempo ma nessuno pare intenzionato a muoversi, anche per questo il Deputato Dario Bond ha deciso di rivolgersi ai responsabili di Veneto Strade ma finalmente potrebbe essere solo l&#8217;inizio. Al minimo nubifragio dentro il tunnel scorrono impetuose cascate d&#8217;acqua e non \u00e8 una novit\u00e0 da quando improvvisamente \u00e8&hellip;<\/p>\n","protected":false},"author":1,"featured_media":90873,"comment_status":"closed","ping_status":"closed","sticky":false,"template":"","format":"standard","meta":{"_monsterinsights_skip_tracking":false,"_monsterinsights_sitenote_active":false,"_monsterinsights_sitenote_note":"","_monsterinsights_sitenote_category":0,"footnotes":""},"categories":[51,49],"tags":[],"class_list":["post-90980","post","type-post","status-publish","format-standard","has-post-thumbnail","hentry","category-evidenza-top","category-news-18","category-51","category-49","description-off"],"img_url":"https:\/\/www.radiopiu.net\/wordpress\/wp-content\/uploads\/2019\/07\/27ef4a29-bc13-4f3b-83b6-03cca0b593e5.jpg","_links":{"self":[{"href":"https:\/\/www.radiopiu.net\/wordpress\/wp-json\/wp\/v2\/posts\/90980","targetHints":{"allow":["GET"]}}],"collection":[{"href":"https:\/\/www.radiopiu.net\/wordpress\/wp-json\/wp\/v2\/posts"}],"about":[{"href":"https:\/\/www.radiopiu.net\/wordpress\/wp-json\/wp\/v2\/types\/post"}],"author":[{"embeddable":true,"href":"https:\/\/www.radiopiu.net\/wordpress\/wp-json\/wp\/v2\/users\/1"}],"replies":[{"embeddable":true,"href":"https:\/\/www.radiopiu.net\/wordpress\/wp-json\/wp\/v2\/comments?post=90980"}],"version-history":[{"count":0,"href":"https:\/\/www.radiopiu.net\/wordpress\/wp-json\/wp\/v2\/posts\/90980\/revisions"}],"wp:featuredmedia":[{"embeddable":true,"href":"https:\/\/www.radiopiu.net\/wordpress\/wp-json\/wp\/v2\/media\/90873"}],"wp:attachment":[{"href":"https:\/\/www.radiopiu.net\/wordpress\/wp-json\/wp\/v2\/media?parent=90980"}],"wp:term":[{"taxonomy":"category","embeddable":true,"href":"https:\/\/www.radiopiu.net\/wordpress\/wp-json\/wp\/v2\/categories?post=90980"},{"taxonomy":"post_tag","embeddable":true,"href":"https:\/\/www.radiopiu.net\/wordpress\/wp-json\/wp\/v2\/tags?post=90980"}],"curies":[{"name":"wp","href":"https:\/\/api.w.org\/{rel}","templated":true}]}}