{"id":91037,"date":"2019-07-08T07:15:25","date_gmt":"2019-07-08T05:15:25","guid":{"rendered":"http:\/\/www.radiopiu.net\/wordpress\/?p=91037"},"modified":"2019-07-09T05:36:42","modified_gmt":"2019-07-09T03:36:42","slug":"dillo-a-radio-piu-la-deludente-esperienza-di-davide-colcuc","status":"publish","type":"post","link":"https:\/\/www.radiopiu.net\/wordpress\/dillo-a-radio-piu-la-deludente-esperienza-di-davide-colcuc\/","title":{"rendered":"DILLO A RADIO PIU, LA DELUDENTE ESPERIENZA di Davide Colcuc"},"content":{"rendered":"<p>&nbsp;<\/p>\n<h2>LA LETTERA&#8230;<\/h2>\n<p><strong>Egr. Direttore,\u00a0\u00a0<\/strong><\/p>\n<blockquote>\n<div><a class=\"dt-pswp-item\" href=\"http:\/\/www.radiopiu.net\/wordpress\/wp-content\/uploads\/2019\/07\/download-6.jpg\" data-dt-img-description=\"\" data-large_image_width=\"285\" data-large_image_height=\"177\"><img loading=\"lazy\" decoding=\"async\" class=\" wp-image-91038 alignleft\" src=\"http:\/\/www.radiopiu.net\/wordpress\/wp-content\/uploads\/2019\/07\/download-6.jpg\" alt=\"\" width=\"208\" height=\"129\" \/><\/a>Desidero esprimerLe la mia deludente esperienza in riferimento ai risarcimenti previsti dall&#8217;Ordinanza n. 10 del 04 giugno 2019 per i danni di Vaia emessa dal Commissario Delegato dott. Luca Zaia.\u00a0 \u00a0Ho avuto la mia abitazione e quella dei miei genitori danneggiata dagli eventi alluvionali. Per questo motivo, nei giorni scorsi, ho contattato ben cinque tecnici per la stesura della domanda di rimborso con perizia asseverata come richiesto dal Bando in oggetto. Nemmeno uno di questi ha ritenuto di procedere in merito, dopo avere valutato la complessit\u00e0 e la mole di dati richiesti. Preciso che gi\u00e0 nel mese di novembre 2018 il Comune aveva raccolto, documentato e protocollato dopo il sopralluogo del Tecnico Comunale tutti i danni subiti dai privati e non solo.\u00a0 \u00a0Alla luce dei fatti, mi chiedo: evidentemente la Regione non ritiene veritieri tali dati, e oltretutto mette in dubbio l&#8217;operato delle Amministrazioni Locali. Ho avuto l&#8217;ennesima conferma, anche se, a dire la verit\u00e0, non ne avevo bisogno, di quanto siano distanti e miopi dalla realt\u00e0 della gente che vive e lavora in quota e che ha sub\u00ecto i danni di Vaia i nostri burocrati lagunari.<\/div>\n<div>Davide Colcuc\u00a0 \u00a0<a>Colle Santa<\/a> Lucia<\/div>\n<\/blockquote>\n<div>\n<div><\/div>\n<\/div>\n","protected":false},"excerpt":{"rendered":"<p>&nbsp; LA LETTERA&#8230; Egr. Direttore,\u00a0\u00a0 Desidero esprimerLe la mia deludente esperienza in riferimento ai risarcimenti previsti dall&#8217;Ordinanza n. 10 del 04 giugno 2019 per i danni di Vaia emessa dal Commissario Delegato dott. Luca Zaia.\u00a0 \u00a0Ho avuto la mia abitazione e quella dei miei genitori danneggiata dagli eventi alluvionali. Per questo motivo, nei giorni scorsi,&hellip;<\/p>\n","protected":false},"author":1,"featured_media":91038,"comment_status":"closed","ping_status":"closed","sticky":false,"template":"","format":"standard","meta":{"_monsterinsights_skip_tracking":false,"_monsterinsights_sitenote_active":false,"_monsterinsights_sitenote_note":"","_monsterinsights_sitenote_category":0,"footnotes":""},"categories":[51,49],"tags":[],"class_list":["post-91037","post","type-post","status-publish","format-standard","has-post-thumbnail","hentry","category-evidenza-top","category-news-18","category-51","category-49","description-off"],"img_url":"https:\/\/www.radiopiu.net\/wordpress\/wp-content\/uploads\/2019\/07\/download-6.jpg","_links":{"self":[{"href":"https:\/\/www.radiopiu.net\/wordpress\/wp-json\/wp\/v2\/posts\/91037","targetHints":{"allow":["GET"]}}],"collection":[{"href":"https:\/\/www.radiopiu.net\/wordpress\/wp-json\/wp\/v2\/posts"}],"about":[{"href":"https:\/\/www.radiopiu.net\/wordpress\/wp-json\/wp\/v2\/types\/post"}],"author":[{"embeddable":true,"href":"https:\/\/www.radiopiu.net\/wordpress\/wp-json\/wp\/v2\/users\/1"}],"replies":[{"embeddable":true,"href":"https:\/\/www.radiopiu.net\/wordpress\/wp-json\/wp\/v2\/comments?post=91037"}],"version-history":[{"count":0,"href":"https:\/\/www.radiopiu.net\/wordpress\/wp-json\/wp\/v2\/posts\/91037\/revisions"}],"wp:featuredmedia":[{"embeddable":true,"href":"https:\/\/www.radiopiu.net\/wordpress\/wp-json\/wp\/v2\/media\/91038"}],"wp:attachment":[{"href":"https:\/\/www.radiopiu.net\/wordpress\/wp-json\/wp\/v2\/media?parent=91037"}],"wp:term":[{"taxonomy":"category","embeddable":true,"href":"https:\/\/www.radiopiu.net\/wordpress\/wp-json\/wp\/v2\/categories?post=91037"},{"taxonomy":"post_tag","embeddable":true,"href":"https:\/\/www.radiopiu.net\/wordpress\/wp-json\/wp\/v2\/tags?post=91037"}],"curies":[{"name":"wp","href":"https:\/\/api.w.org\/{rel}","templated":true}]}}