{"id":91061,"date":"2019-07-08T16:16:37","date_gmt":"2019-07-08T14:16:37","guid":{"rendered":"http:\/\/www.radiopiu.net\/wordpress\/?p=91061"},"modified":"2019-07-09T12:25:01","modified_gmt":"2019-07-09T10:25:01","slug":"giornale-radiopiu-09-luglio-2019-direttore-mirko-mezzacasa","status":"publish","type":"post","link":"https:\/\/www.radiopiu.net\/wordpress\/giornale-radiopiu-09-luglio-2019-direttore-mirko-mezzacasa\/","title":{"rendered":"GIORNALE RADIOPIU 09 LUGLIO 2019 DIRETTORE MIRKO MEZZACASA"},"content":{"rendered":"<p align=\"JUSTIFY\"><strong>Due casi:<\/strong> la morte di Elvi Sandon morto in casa dopo una visita al pronto soccorso e subito dimesso, quindi l&#8217;automobilista picchiato dimesso dallo stesso Pronto Soccorso del San Martino con una prognosi di 8 giorni e poi ricoverato in gravi condizioni. Mentre la Procura procede per la propria strada con le indagini i sindacati denunciano la gravit\u00e0 della situazione con medici sotto pressione causa turni massacranti e spostamenti da un ospedale all&#8217;altro.<\/p>\n<p align=\"JUSTIFY\"><strong>Maria Rosa non chiude il Bar<\/strong> &#8220;Qui ho i ricordi di una vita&#8221;, oggi il Corriere delle Alpi con Gianni Santomaso racconta la storia di Maria Rosa, 60 anni tra i fornelli e dietro il bancone del Bar trattoria Alpina, il bar che ha &#8220;sfamato&#8221; gli studenti del minerario Follador con i panini della ricreazione, qui Leonardo Del Vecchio amava gustarsi la minestra da orzo e il lesso e Luigi Francavilla organizzava le cene. Quando c&#8217;era Ricky gli Juventini mangiavano per ultimi.<\/p>\n<p align=\"JUSTIFY\"><strong>E&#8217; Andreas Miribung<\/strong>\u00a0 il nuovo caposervizio della sezione di Cortina della Croce Bianca. Subentra a Andrea Palla tornato a fare il volontario ad Arabba di Livinallongo. Cinquantasei anni, di La Valle in Badia, Miribung si divide tra la sezione di Cortina e quella di Livinallongo, dove \u00e8 caposervizio dal dicembre 2012.<\/p>\n<p align=\"JUSTIFY\"><strong>Notte in camera di sicurerra<\/strong> per F.E. 49 anni di Auronzo in vacanza a Caorle. Ubriaco all&#8217;ennesima potenza\u00a0 ha molestato i passanti, accompagnato in caserma, ha\u00a0 dato di matto e minacciato i carabinieri con una sedia. E&#8217; successo nel fine settimana alle 3 del mattino in centro a Caorle. All&#8217;arrivo dei Carabinieri chiamati da alcuni passanti si \u00e8 rifiutato di\u00a0 esibire i documenti e per questo \u00e8 stato portato in caserma dove l&#8217;uomo ha peggiorato la sua situazione aggiungendo reati: oltraggio e minacce a pubblico ufficiale.<\/p>\n<p align=\"JUSTIFY\"><strong><span style=\"color: #ff0000;\">LE FOTO DEL GIORNO<\/span><\/strong><\/p>\n<h3 align=\"JUSTIFY\">DI JACOPO DA CAMPO&#8230; EL COR IERI MATTINA<\/h3>\n<p align=\"JUSTIFY\"><a class=\"dt-pswp-item\" href=\"http:\/\/www.radiopiu.net\/wordpress\/wp-content\/uploads\/2019\/07\/0576b7ea-cb33-4f40-9808-4a36c5618827.jpg\" data-dt-img-description=\"\" data-large_image_width=\"1200\" data-large_image_height=\"1600\"><img loading=\"lazy\" decoding=\"async\" class=\"alignnone wp-image-91099\" src=\"http:\/\/www.radiopiu.net\/wordpress\/wp-content\/uploads\/2019\/07\/0576b7ea-cb33-4f40-9808-4a36c5618827-225x300.jpg\" alt=\"\" width=\"103\" height=\"137\" srcset=\"https:\/\/www.radiopiu.net\/wordpress\/wp-content\/uploads\/2019\/07\/0576b7ea-cb33-4f40-9808-4a36c5618827-225x300.jpg 225w, https:\/\/www.radiopiu.net\/wordpress\/wp-content\/uploads\/2019\/07\/0576b7ea-cb33-4f40-9808-4a36c5618827-768x1024.jpg 768w, https:\/\/www.radiopiu.net\/wordpress\/wp-content\/uploads\/2019\/07\/0576b7ea-cb33-4f40-9808-4a36c5618827.jpg 1200w\" sizes=\"auto, (max-width: 103px) 100vw, 103px\" \/><\/a><a class=\"dt-pswp-item\" href=\"http:\/\/www.radiopiu.net\/wordpress\/wp-content\/uploads\/2019\/07\/WhatsApp-Image-2019-07-08-at-18.08.44.jpeg\" data-dt-img-description=\"\" data-large_image_width=\"1368\" data-large_image_height=\"912\"><img loading=\"lazy\" decoding=\"async\" class=\"alignnone wp-image-91152\" src=\"http:\/\/www.radiopiu.net\/wordpress\/wp-content\/uploads\/2019\/07\/WhatsApp-Image-2019-07-08-at-18.08.44-300x200.jpeg\" alt=\"\" width=\"208\" height=\"138\" srcset=\"https:\/\/www.radiopiu.net\/wordpress\/wp-content\/uploads\/2019\/07\/WhatsApp-Image-2019-07-08-at-18.08.44-300x200.jpeg 300w, https:\/\/www.radiopiu.net\/wordpress\/wp-content\/uploads\/2019\/07\/WhatsApp-Image-2019-07-08-at-18.08.44-768x512.jpeg 768w, https:\/\/www.radiopiu.net\/wordpress\/wp-content\/uploads\/2019\/07\/WhatsApp-Image-2019-07-08-at-18.08.44-1024x683.jpeg 1024w, https:\/\/www.radiopiu.net\/wordpress\/wp-content\/uploads\/2019\/07\/WhatsApp-Image-2019-07-08-at-18.08.44.jpeg 1368w\" sizes=\"auto, (max-width: 208px) 100vw, 208px\" \/><\/a><a class=\"dt-pswp-item\" href=\"http:\/\/www.radiopiu.net\/wordpress\/wp-content\/uploads\/2019\/07\/WhatsApp-Image-2019-07-08-at-18.08.43.jpeg\" data-dt-img-description=\"\" data-large_image_width=\"1368\" data-large_image_height=\"912\"><img loading=\"lazy\" decoding=\"async\" class=\"alignnone wp-image-91151\" src=\"http:\/\/www.radiopiu.net\/wordpress\/wp-content\/uploads\/2019\/07\/WhatsApp-Image-2019-07-08-at-18.08.43-300x200.jpeg\" alt=\"\" width=\"204\" height=\"137\" srcset=\"https:\/\/www.radiopiu.net\/wordpress\/wp-content\/uploads\/2019\/07\/WhatsApp-Image-2019-07-08-at-18.08.43-300x200.jpeg 300w, https:\/\/www.radiopiu.net\/wordpress\/wp-content\/uploads\/2019\/07\/WhatsApp-Image-2019-07-08-at-18.08.43-768x512.jpeg 768w, https:\/\/www.radiopiu.net\/wordpress\/wp-content\/uploads\/2019\/07\/WhatsApp-Image-2019-07-08-at-18.08.43-1024x683.jpeg 1024w, https:\/\/www.radiopiu.net\/wordpress\/wp-content\/uploads\/2019\/07\/WhatsApp-Image-2019-07-08-at-18.08.43.jpeg 1368w\" sizes=\"auto, (max-width: 204px) 100vw, 204px\" \/><\/a><\/p>\n<p><strong><span style=\"color: #ff0000;\">E IL VIDEO\u00a0<\/span><\/strong><\/p>\n<div style=\"width: 640px;\" class=\"wp-video\"><video class=\"wp-video-shortcode\" id=\"video-91061-1\" width=\"640\" height=\"352\" preload=\"metadata\" controls=\"controls\"><source type=\"video\/mp4\" src=\"http:\/\/www.radiopiu.net\/wordpress\/wp-content\/uploads\/2019\/07\/WhatsApp-Video-2019-07-08-at-18.09.59.mp4?_=1\" \/><a href=\"http:\/\/www.radiopiu.net\/wordpress\/wp-content\/uploads\/2019\/07\/WhatsApp-Video-2019-07-08-at-18.09.59.mp4\">http:\/\/www.radiopiu.net\/wordpress\/wp-content\/uploads\/2019\/07\/WhatsApp-Video-2019-07-08-at-18.09.59.mp4<\/a><\/video><\/div>\n<p>&nbsp;<\/p>\n<h2><\/h2>\n<h2>LA RADIO PIU&#8217;&#8230;. CONTA, ECCOME SE CONTA.<\/h2>\n<p><strong>DA DAVIDE COLCUC<\/strong><br \/>\n<strong>Ieri mi ha contattato il funzionario dott\u00a0 Gianluca Fregolent soggetto attuatore\u00a0 del bando della Regione&#8230;e ho avuto modo di dire anche quello che sulla stampa non sarebbe stato opportuno dire..grazie ancora per vostro prezioso lavoro<\/strong><\/p>\n<p>LA LETTERA DI IERI<\/p>\n<h2>LA LETTERA&#8230;<\/h2>\n<p><strong>Egr. Direttore,\u00a0\u00a0<\/strong><\/p>\n<blockquote>\n<div><a class=\"dt-pswp-item\" href=\"http:\/\/www.radiopiu.net\/wordpress\/wp-content\/uploads\/2019\/07\/download-6.jpg\" data-dt-img-description=\"\" data-large_image_width=\"285\" data-large_image_height=\"177\"><img loading=\"lazy\" decoding=\"async\" class=\" wp-image-91038 alignleft\" src=\"http:\/\/www.radiopiu.net\/wordpress\/wp-content\/uploads\/2019\/07\/download-6.jpg\" alt=\"\" width=\"208\" height=\"129\" \/><\/a>Desidero esprimerLe la mia deludente esperienza in riferimento ai risarcimenti previsti dall&#8217;Ordinanza n. 10 del 04 giugno 2019 per i danni di Vaia emessa dal Commissario Delegato dott. Luca Zaia.\u00a0 \u00a0Ho avuto la mia abitazione e quella dei miei genitori danneggiata dagli eventi alluvionali. Per questo motivo, nei giorni scorsi, ho contattato ben cinque tecnici per la stesura della domanda di rimborso con perizia asseverata come richiesto dal Bando in oggetto. Nemmeno uno di questi ha ritenuto di procedere in merito, dopo avere valutato la complessit\u00e0 e la mole di dati richiesti. Preciso che gi\u00e0 nel mese di novembre 2018 il Comune aveva raccolto, documentato e protocollato dopo il sopralluogo del Tecnico Comunale tutti i danni subiti dai privati e non solo.\u00a0 \u00a0Alla luce dei fatti, mi chiedo: evidentemente la Regione non ritiene veritieri tali dati, e oltretutto mette in dubbio l&#8217;operato delle Amministrazioni Locali. Ho avuto l&#8217;ennesima conferma, anche se, a dire la verit\u00e0, non ne avevo bisogno, di quanto siano distanti e miopi dalla realt\u00e0 della gente che vive e lavora in quota e che ha sub\u00ecto i danni di Vaia i nostri burocrati lagunari.<\/div>\n<div>Davide Colcuc\u00a0 \u00a0<a>Colle Santa<\/a> Lucia<\/div>\n<\/blockquote>\n<div>\n<div><\/div>\n<\/div>\n<p>&nbsp;<\/p>\n<p>&nbsp;<\/p>\n<p>&nbsp;<\/p>\n<h3><a class=\"dt-pswp-item\" href=\"http:\/\/www.radiopiu.net\/wordpress\/wp-content\/uploads\/2019\/07\/41c1e447-a38f-4ee0-a28b-61906532fbe1.jpg\" data-dt-img-description=\"\" data-large_image_width=\"1020\" data-large_image_height=\"720\"><img loading=\"lazy\" decoding=\"async\" class=\" wp-image-91144 alignleft\" src=\"http:\/\/www.radiopiu.net\/wordpress\/wp-content\/uploads\/2019\/07\/41c1e447-a38f-4ee0-a28b-61906532fbe1-300x212.jpg\" alt=\"\" width=\"280\" height=\"198\" srcset=\"https:\/\/www.radiopiu.net\/wordpress\/wp-content\/uploads\/2019\/07\/41c1e447-a38f-4ee0-a28b-61906532fbe1-300x212.jpg 300w, https:\/\/www.radiopiu.net\/wordpress\/wp-content\/uploads\/2019\/07\/41c1e447-a38f-4ee0-a28b-61906532fbe1-768x542.jpg 768w, https:\/\/www.radiopiu.net\/wordpress\/wp-content\/uploads\/2019\/07\/41c1e447-a38f-4ee0-a28b-61906532fbe1.jpg 1020w\" sizes=\"auto, (max-width: 280px) 100vw, 280px\" \/><\/a>FUORI STRADA A CROCE D&#8217;AUNE<\/h3>\n<p>Il fuoristrada, guidato da A.M,\u00a0 trentenne di Faller di Sovramonte si \u00e8 rovesciato, si \u00e8 schiacciato sul muraglione di gabbioni riempiti di sassi che protegge la strada. L&#8217;incidente lungo la strada di Croce d&#8217;Aune. L&#8217;allarme lanciato ai soccorritori ha fatto intervenire i vigili del fuoco, il giovane ferito ma cosciente \u00e8 stato portato al Santa Maria del Prato, non \u00e8 in pericolo di vita. Il pick up carico di attrezzature per i lavori boschivi scendeva verso Pedavena da Croce d&#8217;Aune, il guidatore ha perso il controllo del Mitsubishi precipitando da un tornante all&#8217;altro per una decina di metri. I vigili del fuoco hanno estratto l&#8217;uomo dalla cabina del mezzo finito ruote all&#8217;aria. Per il recuper del mezzo \u00e8 servita l&#8217;autrogro dei vigili del fuoco. Sono intervenuti i Carabinieri con il cpiatno Luca Innelli da poco al comando della Compagnia di Feltre.<\/p>\n<p>&nbsp;<\/p>\n<p>&nbsp;<\/p>\n<p>&nbsp;<\/p>\n<p>&nbsp;<\/p>\n<p>&nbsp;<\/p>\n<p>&nbsp;<\/p>\n<div dir=\"ltr\"><\/div>\n<div dir=\"ltr\"><span style=\"color: #ff0000;\">L&#8217;APPELLO ALLA RADIO<\/span><\/div>\n<div dir=\"ltr\"><strong><a class=\"dt-pswp-item\" href=\"http:\/\/www.radiopiu.net\/wordpress\/wp-content\/uploads\/2019\/07\/66322614_10220174870868832_7781356051625934848_n.jpg\" data-dt-img-description=\"\" data-large_image_width=\"960\" data-large_image_height=\"479\"><img loading=\"lazy\" decoding=\"async\" class=\"wp-image-91089 alignleft\" src=\"http:\/\/www.radiopiu.net\/wordpress\/wp-content\/uploads\/2019\/07\/66322614_10220174870868832_7781356051625934848_n-300x150.jpg\" alt=\"\" width=\"146\" height=\"73\" srcset=\"https:\/\/www.radiopiu.net\/wordpress\/wp-content\/uploads\/2019\/07\/66322614_10220174870868832_7781356051625934848_n-300x150.jpg 300w, https:\/\/www.radiopiu.net\/wordpress\/wp-content\/uploads\/2019\/07\/66322614_10220174870868832_7781356051625934848_n-768x383.jpg 768w, https:\/\/www.radiopiu.net\/wordpress\/wp-content\/uploads\/2019\/07\/66322614_10220174870868832_7781356051625934848_n.jpg 960w\" sizes=\"auto, (max-width: 146px) 100vw, 146px\" \/><\/a>SANTA GIUSTINA<\/strong>\u00a0 Cerchiamo Sveva disperatamente. Sveva \u00e8 una giovane segugia scappata dal pre-affido di Santa Giustina. E\u2019 molto timida ed impaurita, non conosce la zona. Segnalata in zona Santa Giustina, Sedico, Bribano, Le Roe. Le sue condizioni fisiche preoccupano perch\u00e9 ha da poco subito un intervento. Ogni segnalazione pu\u00f2 aiutare a ritrovarla. Chiediamo un po&#8217; di collaborazione e buon cuore, chiamateci se la avvistate: Ilenia 338 2619656 Ingrid 335 7411410 Sandra 349 7308281 Simonetta 345 2895414<\/div>\n<p>&nbsp;<\/p>\n<p>&nbsp;<\/p>\n<p>&nbsp;<\/p>\n<p>&nbsp;<\/p>\n<p class=\"western\"><b>TEMPORALI IN VENETO. STATO DI ATTENZIONE FINO A MERCOLEDI\u2019<\/b><\/p>\n<p class=\"western\"><strong>VENEZIA\u00a0<\/strong> Fino a domani mattina, proseguir\u00e0 la fase perturbata in Veneto, con la possibilit\u00e0 di alcuni temporali intensi su tutto il territorio regionale. Alla luce di queste previsioni, il Centro Funzionale Decentrato della Protezione Civile della Regione Veneto ha prolungato fino alle ore 14 di domani lo stato di attenzione per criticit\u00e0 Idrogeologica in tutti i Bacini Idrografici. Per la frana nel Comune bellunese di Borca di Cadore, permane lo Stato di Attenzione Rinforzata.<\/p>\n<p>&nbsp;<\/p>\n<p>&nbsp;<\/p>\n<blockquote><p>&nbsp;<\/p><\/blockquote>\n<h3 align=\"JUSTIFY\">PREGIUDICATO EVASO A LIMANA, SEGNALATO AL PREFETTO UN GIOVANE DI AGORDO<\/h3>\n<p align=\"JUSTIFY\"><span style=\"font-family: Times New Roman, serif;\"><strong>LIMANA<\/strong> Mercoled\u00ec una pattuglia delle volanti, durante l\u2019ordinario servizio di controllo del territorio, transitando nel comune di Limana, ha notato S.P., noto pregiudicato del luogo, fuori della prop<a class=\"dt-pswp-item\" href=\"http:\/\/www.radiopiu.net\/wordpress\/wp-content\/uploads\/2017\/02\/POLIZIA-AGORDO_o.jpg\" data-dt-img-description=\"\" data-large_image_width=\"480\" data-large_image_height=\"853\"><img loading=\"lazy\" decoding=\"async\" class=\" wp-image-29026 alignleft\" src=\"http:\/\/www.radiopiu.net\/wordpress\/wp-content\/uploads\/2017\/02\/POLIZIA-AGORDO_o-169x300.jpg\" alt=\"\" width=\"139\" height=\"247\" \/><\/a>ria abitazione, dove invece doveva trovarsi per scontare una pena di un mese e dieci giorni in regime di Detenzione Domiciliare. <\/span><span style=\"font-family: Times New Roman, serif;\">Verificata l\u2019attualit\u00e0 del provvedimento a suo carico, gli agenti hanno denunciato l\u2019uomo all\u2019Autorit\u00e0 Giudiziaria in stato di libert\u00e0 per il reato di Evasione e la misura \u00e8 stata subito ripristinata, \u00e8 stato riportato a casa con la volante.<\/span><\/p>\n<p align=\"JUSTIFY\"><span style=\"font-family: Times New Roman, serif;\"><strong>AGORDO<\/strong> Gioved\u00ec alle\u00a0 20.30 , nel corso di uno dei servizi straordinari di controllo del territorio predisposti dal Questore di Belluno nel comune di Agordo, personale della Squadra Volanti ha proceduto in Piazza della Libert\u00e0, al controllo di un giovane S.M., il quale \u00e8 stato in possesso di\u00a0 2 grammi di\u00a0 \u201chashish\u201d, detenuta per uso personale. <\/span><span style=\"font-family: Times New Roman, serif;\">Viste le modalit\u00e0 e le circostanze del caso, il il ragazzo \u00e8 stato segnalato al Prefetto della Provincia di Belluno come assuntore di stupefacenti.<\/span><\/p>\n<p>&nbsp;<\/p>\n<p>&nbsp;<\/p>\n<p>&nbsp;<\/p>\n<p>&nbsp;<\/p>\n<h3>LE DIMISSIONI DI ERNESTO FOSSEN VICE SINDACO E ASSESSORE, DEON SEMPRE PIU&#8217; SOLO<\/h3>\n<p><strong><a class=\"dt-pswp-item\" href=\"http:\/\/www.radiopiu.net\/wordpress\/wp-content\/uploads\/2019\/07\/ERNESTO-FOSSEN1.jpg\" data-dt-img-description=\"\" data-large_image_width=\"300\" data-large_image_height=\"200\"><img loading=\"lazy\" decoding=\"async\" class=\" wp-image-91086 alignleft\" src=\"http:\/\/www.radiopiu.net\/wordpress\/wp-content\/uploads\/2019\/07\/ERNESTO-FOSSEN1-300x200.jpg\" alt=\"\" width=\"174\" height=\"116\" \/><\/a>RIVAMONTE<\/strong> Dopo le dimissioni di Giuliano Laveder anche Ernesto Fossen lascia la Giunta, scontento dell&#8217;operato del sindaco<\/p>\n<p><strong>DI GIANNI SANTOMASO<\/strong><\/p>\n<audio class=\"wp-audio-shortcode\" id=\"audio-91061-1\" preload=\"none\" style=\"width: 100%;\" controls=\"controls\"><source type=\"audio\/ogg\" src=\"http:\/\/www.radiopiu.net\/wordpress\/wp-content\/uploads\/2019\/07\/WhatsApp-Ptt-2019-07-08-at-14.41.50.ogg?_=1\" \/><a href=\"http:\/\/www.radiopiu.net\/wordpress\/wp-content\/uploads\/2019\/07\/WhatsApp-Ptt-2019-07-08-at-14.41.50.ogg\">http:\/\/www.radiopiu.net\/wordpress\/wp-content\/uploads\/2019\/07\/WhatsApp-Ptt-2019-07-08-at-14.41.50.ogg<\/a><\/audio>\n<p>&nbsp;<\/p>\n<p>&nbsp;<\/p>\n<p>&nbsp;<\/p>\n<h3 class=\"entry-title\">MALTEMPO NEL BELLUNESE. BOTTACIN A ROCCA PIETORE E IN ALTRI COMUNI DELL\u2019AGORDINO.<\/h3>\n<blockquote>\n<p align=\"JUSTIFY\"><span style=\"font-size: medium;\"><b>\u00a0<em>\u201cMASSIMO SUPPORTO IN CASO DI NECESSITA\u2019\u201d<\/em><\/b><\/span><\/p>\n<\/blockquote>\n<p align=\"JUSTIFY\"><span style=\"font-size: medium;\"><strong><a class=\"dt-pswp-item\" href=\"http:\/\/www.radiopiu.net\/wordpress\/wp-content\/uploads\/2019\/07\/BOTTACIN-ROCCA-PIETORE.png\" data-dt-img-description=\"\" data-large_image_width=\"751\" data-large_image_height=\"495\"><img loading=\"lazy\" decoding=\"async\" class=\" wp-image-91092 alignleft\" src=\"http:\/\/www.radiopiu.net\/wordpress\/wp-content\/uploads\/2019\/07\/BOTTACIN-ROCCA-PIETORE-300x198.png\" alt=\"\" width=\"223\" height=\"147\" srcset=\"https:\/\/www.radiopiu.net\/wordpress\/wp-content\/uploads\/2019\/07\/BOTTACIN-ROCCA-PIETORE-300x198.png 300w, https:\/\/www.radiopiu.net\/wordpress\/wp-content\/uploads\/2019\/07\/BOTTACIN-ROCCA-PIETORE.png 751w\" sizes=\"auto, (max-width: 223px) 100vw, 223px\" \/><\/a>ROCCA PIETORE_VENEZIA <\/strong>\u00a0<\/span><span style=\"font-size: medium;\">Con i tecnici regionali di Protezione Civile, Servizi Forestali e Veneto Strade, l&#8217;Assessore alla Protezione Civile Gianpaolo Bottacin si \u00e8 recato oggi a Rocca Pietore (Belluno) per verificare e affrontare le nuove problematiche presentatesi negli ultimi giorni sul territorio.\u00a0<\/span><\/p>\n<blockquote>\n<p align=\"JUSTIFY\"><em><span style=\"font-size: medium;\">&#8220;Dopo una riunione in Comune, ho voluto constatare sul campo la reale situazione delle aree pi\u00f9 delicate \u2013 riferisce Bottacin &#8211; cos\u00ec da capire i prossimi passi, confermando la nostra collaborazione al fianco delle amministrazioni in caso di necessit\u00e0&#8221;.<\/span><\/em><\/p>\n<\/blockquote>\n<p align=\"JUSTIFY\"><span style=\"font-size: medium;\">L\u2019assessore ha compiuto sopralluoghi in varie aree dell\u2019Agordino per verificare lo stato di avanzamento dei diversi cantieri.<\/span><\/p>\n<blockquote>\n<p align=\"JUSTIFY\"><em><span style=\"font-size: medium;\"><a class=\"dt-pswp-item\" href=\"http:\/\/www.radiopiu.net\/wordpress\/wp-content\/uploads\/2019\/07\/BOTTACIN-INCONTRO-ROCCA-PIETORE.png\" data-dt-img-description=\"\" data-large_image_width=\"756\" data-large_image_height=\"454\"><img loading=\"lazy\" decoding=\"async\" class=\" wp-image-91091 alignleft\" src=\"http:\/\/www.radiopiu.net\/wordpress\/wp-content\/uploads\/2019\/07\/BOTTACIN-INCONTRO-ROCCA-PIETORE-300x180.png\" alt=\"\" width=\"197\" height=\"118\" srcset=\"https:\/\/www.radiopiu.net\/wordpress\/wp-content\/uploads\/2019\/07\/BOTTACIN-INCONTRO-ROCCA-PIETORE-300x180.png 300w, https:\/\/www.radiopiu.net\/wordpress\/wp-content\/uploads\/2019\/07\/BOTTACIN-INCONTRO-ROCCA-PIETORE.png 756w\" sizes=\"auto, (max-width: 197px) 100vw, 197px\" \/><\/a>&#8220;Entro l&#8217;anno &#8211; ha detto &#8211; saranno avviati 1273 cantieri, di cui centinaia sono gi\u00e0 in corso e molti nel solo Agordino, alcuni di piccole dimensioni altri pi\u00f9 imponenti. Il nostro obiettivo \u00e8 fare presto e fare bene. Per questo cerchiamo di monitorare costantemente l&#8217;andamento dei lavori. S<\/span><span style=\"font-size: medium;\">iamo in una fase estremamente delicata \u2013 dice Bottacin &#8211; in quanto le opere idrauliche costruite negli scorsi anni hanno fatto un egregio lavoro, ma ora si tratta di costruirne di nuove e anche di ripristinare la funzionalit\u00e0 di quelle esistenti per limitare gli effetti di nuovi eventi calamitosi ormai all&#8217;ordine del giorno quotidiano. <\/span><span style=\"font-size: medium;\">In tal senso &#8211; conclude l&#8217;assessore &#8211; stiamo facendo spingendo al massimo per riportare i territori in sicurezza. Siamo per\u00f2 di fronte a un territorio inevitabilmente modificato e in questa fase pi\u00f9 a rischio, fino al ripristino delle opere, chiediamo anche ai cittadini comportamenti prudenti&#8221;.\u00a0<\/span><\/em><\/p>\n<p align=\"JUSTIFY\">\n<\/blockquote>\n<p align=\"JUSTIFY\"><strong>AI MICROFONI DI RADIO PIU L&#8217;ASSESSORE GIANPAOLO BOTTACIN<\/strong><\/p>\n<audio class=\"wp-audio-shortcode\" id=\"audio-91061-2\" preload=\"none\" style=\"width: 100%;\" controls=\"controls\"><source type=\"audio\/mpeg\" src=\"http:\/\/www.radiopiu.net\/wordpress\/wp-content\/uploads\/2019\/07\/gianpaolo.mp3?_=2\" \/><a href=\"http:\/\/www.radiopiu.net\/wordpress\/wp-content\/uploads\/2019\/07\/gianpaolo.mp3\">http:\/\/www.radiopiu.net\/wordpress\/wp-content\/uploads\/2019\/07\/gianpaolo.mp3<\/a><\/audio>\n<p align=\"JUSTIFY\"><strong>AI MICROFONI DI RADIOPIU IL SINDACO ANDREA DE BERNARDIN<\/strong><\/p>\n<audio class=\"wp-audio-shortcode\" id=\"audio-91061-3\" preload=\"none\" style=\"width: 100%;\" controls=\"controls\"><source type=\"audio\/mpeg\" src=\"http:\/\/www.radiopiu.net\/wordpress\/wp-content\/uploads\/2019\/07\/ANDREA-2.mp3?_=3\" \/><a href=\"http:\/\/www.radiopiu.net\/wordpress\/wp-content\/uploads\/2019\/07\/ANDREA-2.mp3\">http:\/\/www.radiopiu.net\/wordpress\/wp-content\/uploads\/2019\/07\/ANDREA-2.mp3<\/a><\/audio>\n<p><strong>IL MESSAGGIO DEL DEPUTATO DARIO BOND ALL&#8217;ASSESSORE BOTTACIN<\/strong><\/p>\n<audio class=\"wp-audio-shortcode\" id=\"audio-91061-4\" preload=\"none\" style=\"width: 100%;\" controls=\"controls\"><source type=\"audio\/mpeg\" src=\"http:\/\/www.radiopiu.net\/wordpress\/wp-content\/uploads\/2019\/07\/BOND.mp3?_=4\" \/><a href=\"http:\/\/www.radiopiu.net\/wordpress\/wp-content\/uploads\/2019\/07\/BOND.mp3\">http:\/\/www.radiopiu.net\/wordpress\/wp-content\/uploads\/2019\/07\/BOND.mp3<\/a><\/audio>\n<h3>LA PAROLA ALLA MINORANZA, IL CONSIGLIERE COMUNALE MAURIZIO DE CASSAN <em>&#8220;Non si tratta di emergenza, ma di negligenza&#8221;<\/em><\/h3>\n<audio class=\"wp-audio-shortcode\" id=\"audio-91061-5\" preload=\"none\" style=\"width: 100%;\" controls=\"controls\"><source type=\"audio\/mpeg\" src=\"http:\/\/www.radiopiu.net\/wordpress\/wp-content\/uploads\/2019\/07\/maurizio-de-cassan.mp3?_=5\" \/><a href=\"http:\/\/www.radiopiu.net\/wordpress\/wp-content\/uploads\/2019\/07\/maurizio-de-cassan.mp3\">http:\/\/www.radiopiu.net\/wordpress\/wp-content\/uploads\/2019\/07\/maurizio-de-cassan.mp3<\/a><\/audio>\n<p>&nbsp;<\/p>\n<p>&nbsp;<\/p>\n<p>&nbsp;<\/p>\n<h2>DOPO IL DILUVIO E&#8217; TEMPO DI PULIZIE<\/h2>\n<p><strong>BELLUNO<\/strong> Il temporale che ha devastato anche la zona di Cavarzano, la situazione sta tornando alla normalita&#8217; come conferma il sindaco Jacopo Massaro<\/p>\n<audio class=\"wp-audio-shortcode\" id=\"audio-91061-6\" preload=\"none\" style=\"width: 100%;\" controls=\"controls\"><source type=\"audio\/mpeg\" src=\"http:\/\/www.radiopiu.net\/wordpress\/wp-content\/uploads\/2019\/07\/MASSARO-1.mp3?_=6\" \/><a href=\"http:\/\/www.radiopiu.net\/wordpress\/wp-content\/uploads\/2019\/07\/MASSARO-1.mp3\">http:\/\/www.radiopiu.net\/wordpress\/wp-content\/uploads\/2019\/07\/MASSARO-1.mp3<\/a><\/audio>\n<p>&nbsp;<\/p>\n\n\t\t\t<style type='text\/css'>\n\t\t\t\t#gallery-1 {\n\t\t\t\t\tmargin: auto;\n\t\t\t\t}\n\t\t\t\t#gallery-1 .gallery-item {\n\t\t\t\t\tfloat: left;\n\t\t\t\t\tmargin-top: 10px;\n\t\t\t\t\ttext-align: center;\n\t\t\t\t\twidth: 33%;\n\t\t\t\t}\n\t\t\t\t#gallery-1 img {\n\t\t\t\t\tborder: 2px solid #cfcfcf;\n\t\t\t\t}\n\t\t\t\t#gallery-1 .gallery-caption {\n\t\t\t\t\tmargin-left: 0;\n\t\t\t\t}\n\t\t\t\t\/* see gallery_shortcode() in wp-includes\/media.php *\/\n\t\t\t<\/style>\n\t\t<div id='gallery-1' class='dt-gallery-container gallery galleryid-91061 gallery-columns-3 gallery-size-thumbnail'><dl class='gallery-item'>\n\t\t\t\t<dt class='gallery-icon portrait'>\n\t\t\t\t\t<a class=\"rollover\" href='https:\/\/www.radiopiu.net\/wordpress\/giornale-radiopiu-09-luglio-2019-direttore-mirko-mezzacasa\/whatsapp-image-2019-07-08-at-18-27-22\/'><img loading=\"lazy\" decoding=\"async\" width=\"150\" height=\"150\" src=\"https:\/\/www.radiopiu.net\/wordpress\/wp-content\/uploads\/2019\/07\/WhatsApp-Image-2019-07-08-at-18.27.22-150x150.jpeg\" class=\"attachment-thumbnail size-thumbnail\" alt=\"\" \/><\/a>\n\t\t\t\t<\/dt><\/dl><dl class='gallery-item'>\n\t\t\t\t<dt class='gallery-icon landscape'>\n\t\t\t\t\t<a class=\"rollover\" href='https:\/\/www.radiopiu.net\/wordpress\/giornale-radiopiu-09-luglio-2019-direttore-mirko-mezzacasa\/whatsapp-image-2019-07-08-at-18-27-22-1\/'><img loading=\"lazy\" decoding=\"async\" width=\"150\" height=\"150\" src=\"https:\/\/www.radiopiu.net\/wordpress\/wp-content\/uploads\/2019\/07\/WhatsApp-Image-2019-07-08-at-18.27.22-1-150x150.jpeg\" class=\"attachment-thumbnail size-thumbnail\" alt=\"\" \/><\/a>\n\t\t\t\t<\/dt><\/dl><dl class='gallery-item'>\n\t\t\t\t<dt class='gallery-icon portrait'>\n\t\t\t\t\t<a class=\"rollover\" href='https:\/\/www.radiopiu.net\/wordpress\/giornale-radiopiu-09-luglio-2019-direttore-mirko-mezzacasa\/whatsapp-image-2019-07-08-at-18-27-22-2\/'><img loading=\"lazy\" decoding=\"async\" width=\"150\" height=\"150\" src=\"https:\/\/www.radiopiu.net\/wordpress\/wp-content\/uploads\/2019\/07\/WhatsApp-Image-2019-07-08-at-18.27.22-2-150x150.jpeg\" class=\"attachment-thumbnail size-thumbnail\" alt=\"\" \/><\/a>\n\t\t\t\t<\/dt><\/dl><br style=\"clear: both\" \/><dl class='gallery-item'>\n\t\t\t\t<dt class='gallery-icon portrait'>\n\t\t\t\t\t<a class=\"rollover\" href='https:\/\/www.radiopiu.net\/wordpress\/giornale-radiopiu-09-luglio-2019-direttore-mirko-mezzacasa\/whatsapp-image-2019-07-08-at-18-27-22-3\/'><img loading=\"lazy\" decoding=\"async\" width=\"150\" height=\"150\" src=\"https:\/\/www.radiopiu.net\/wordpress\/wp-content\/uploads\/2019\/07\/WhatsApp-Image-2019-07-08-at-18.27.22-3-150x150.jpeg\" class=\"attachment-thumbnail size-thumbnail\" alt=\"\" \/><\/a>\n\t\t\t\t<\/dt><\/dl><dl class='gallery-item'>\n\t\t\t\t<dt class='gallery-icon portrait'>\n\t\t\t\t\t<a class=\"rollover\" href='https:\/\/www.radiopiu.net\/wordpress\/giornale-radiopiu-09-luglio-2019-direttore-mirko-mezzacasa\/whatsapp-image-2019-07-08-at-18-27-22-4\/'><img loading=\"lazy\" decoding=\"async\" width=\"150\" height=\"150\" src=\"https:\/\/www.radiopiu.net\/wordpress\/wp-content\/uploads\/2019\/07\/WhatsApp-Image-2019-07-08-at-18.27.22-4-150x150.jpeg\" class=\"attachment-thumbnail size-thumbnail\" alt=\"\" \/><\/a>\n\t\t\t\t<\/dt><\/dl><dl class='gallery-item'>\n\t\t\t\t<dt class='gallery-icon portrait'>\n\t\t\t\t\t<a class=\"rollover\" href='https:\/\/www.radiopiu.net\/wordpress\/giornale-radiopiu-09-luglio-2019-direttore-mirko-mezzacasa\/whatsapp-image-2019-07-08-at-18-27-23\/'><img loading=\"lazy\" decoding=\"async\" width=\"150\" height=\"150\" src=\"https:\/\/www.radiopiu.net\/wordpress\/wp-content\/uploads\/2019\/07\/WhatsApp-Image-2019-07-08-at-18.27.23-150x150.jpeg\" class=\"attachment-thumbnail size-thumbnail\" alt=\"\" \/><\/a>\n\t\t\t\t<\/dt><\/dl><br style=\"clear: both\" \/><dl class='gallery-item'>\n\t\t\t\t<dt class='gallery-icon portrait'>\n\t\t\t\t\t<a class=\"rollover\" href='https:\/\/www.radiopiu.net\/wordpress\/giornale-radiopiu-09-luglio-2019-direttore-mirko-mezzacasa\/whatsapp-image-2019-07-08-at-18-27-23-1\/'><img loading=\"lazy\" decoding=\"async\" width=\"150\" height=\"150\" src=\"https:\/\/www.radiopiu.net\/wordpress\/wp-content\/uploads\/2019\/07\/WhatsApp-Image-2019-07-08-at-18.27.23-1-150x150.jpeg\" class=\"attachment-thumbnail size-thumbnail\" alt=\"\" \/><\/a>\n\t\t\t\t<\/dt><\/dl><dl class='gallery-item'>\n\t\t\t\t<dt class='gallery-icon landscape'>\n\t\t\t\t\t<a class=\"rollover\" href='https:\/\/www.radiopiu.net\/wordpress\/giornale-radiopiu-09-luglio-2019-direttore-mirko-mezzacasa\/whatsapp-image-2019-07-08-at-18-27-23-2\/'><img loading=\"lazy\" decoding=\"async\" width=\"150\" height=\"150\" src=\"https:\/\/www.radiopiu.net\/wordpress\/wp-content\/uploads\/2019\/07\/WhatsApp-Image-2019-07-08-at-18.27.23-2-150x150.jpeg\" class=\"attachment-thumbnail size-thumbnail\" alt=\"\" \/><\/a>\n\t\t\t\t<\/dt><\/dl><dl class='gallery-item'>\n\t\t\t\t<dt class='gallery-icon landscape'>\n\t\t\t\t\t<a class=\"rollover\" href='https:\/\/www.radiopiu.net\/wordpress\/giornale-radiopiu-09-luglio-2019-direttore-mirko-mezzacasa\/whatsapp-image-2019-07-08-at-18-27-23-3\/'><img loading=\"lazy\" decoding=\"async\" width=\"150\" height=\"150\" src=\"https:\/\/www.radiopiu.net\/wordpress\/wp-content\/uploads\/2019\/07\/WhatsApp-Image-2019-07-08-at-18.27.23-3-150x150.jpeg\" class=\"attachment-thumbnail size-thumbnail\" alt=\"\" \/><\/a>\n\t\t\t\t<\/dt><\/dl><br style=\"clear: both\" \/>\n\t\t\t<\/div>\n\n<p>&nbsp;<\/p>\n<p>&nbsp;<\/p>\n<p>&nbsp;<\/p>\n<p>&nbsp;<\/p>\n<h3><span style=\"color: #ff0000;\">LA PROTESTA<\/span><\/h3>\n<h3>Sit-in dei Comuni contro il governo dei tagli Mercoled\u00ec a Roma gli amministratori chiederanno i fondi per le fusioni<\/h3>\n<p>audio dal gr principale<\/p>\n<audio class=\"wp-audio-shortcode\" id=\"audio-91061-7\" preload=\"none\" style=\"width: 100%;\" controls=\"controls\"><source type=\"audio\/mpeg\" src=\"http:\/\/www.radiopiu.net\/wordpress\/wp-content\/uploads\/2019\/07\/ROGER.mp3?_=7\" \/><a href=\"http:\/\/www.radiopiu.net\/wordpress\/wp-content\/uploads\/2019\/07\/ROGER.mp3\">http:\/\/www.radiopiu.net\/wordpress\/wp-content\/uploads\/2019\/07\/ROGER.mp3<\/a><\/audio>\n<p><strong>BELLUNO<\/strong> Domani a Roma, davanti all\u2019aula di Montecitorio si terr\u00e0 un sit-in di sindaci e amministratori che si sono visti ingiustamente tagliati i contributi straordinari per la fusione di nuovi comuni. <em>\u00abSpero siano in tanti anche gli amministratori bellunesi\u00bb, afferma il deputato Roger De Menech, \u00abperch\u00e9 nella nostra provincia il tema riguarda cinque nuove realt\u00e0 amministrative e circa 25 mila cittadini\u00bb. <\/em>L\u2019appuntamento \u00e8 organizzato dal Partito Democratico che nella scorsa legislatura aveva stanziato circa 46 milioni di euro per incentivare la riorganizzazione amministrativa. \u00abL\u2019operazione \u00e8 riuscita talmente bene\u00bb, ricorda De Menech,<em> \u00abche per la prima volta da 60 anni a questa parte il numero di Comuni in Italia \u00e8 sceso sotto le ottomila unit\u00e0. L\u2019unificazione quasi sempre garantisce migliore efficienza delle macchine amministrative, cio\u00e8 costano meno, ed efficacia nei confronti dei servizi resi al cittadino\u00bb. <\/em>A decine i comuni hanno colto l\u2019opportunit\u00e0, pi\u00f9 delle previsioni iniziali e per questo i 46 milioni di euro non sono sufficienti a garantire a tutti il contributo. \u00abNe servono altri 35 che il governo non vuole trovare nonostante stia per varare una manovra correttiva pesantissima, oltre 7,6 miliardi di euro, quasi tutti di nuove tasse\u00bb.<\/p>\n<p>&nbsp;<\/p>\n<p>&nbsp;<\/p>\n<p>&nbsp;<\/p>\n<p>&nbsp;<\/p>\n<h3>LUXOTTICA PRESENTA IL CARRELLO DELLA SPESA: CLASSICO, CON PRODOTTI LOCALI E SENZA GLUTINE<\/h3>\n<p><strong>DALLA RSU_CGIL LUIGI DELL&#8217;ATTI<\/strong><\/p>\n<audio class=\"wp-audio-shortcode\" id=\"audio-91061-8\" preload=\"none\" style=\"width: 100%;\" controls=\"controls\"><source type=\"audio\/mpeg\" src=\"http:\/\/www.radiopiu.net\/wordpress\/wp-content\/uploads\/2019\/07\/dellatti.mp3?_=8\" \/><a href=\"http:\/\/www.radiopiu.net\/wordpress\/wp-content\/uploads\/2019\/07\/dellatti.mp3\">http:\/\/www.radiopiu.net\/wordpress\/wp-content\/uploads\/2019\/07\/dellatti.mp3<\/a><\/audio>\n<p>&nbsp;<\/p>\n<p><strong><a class=\"dt-pswp-item\" href=\"http:\/\/www.radiopiu.net\/wordpress\/wp-content\/uploads\/2019\/07\/1e0cf985-3ad1-4ede-ab89-ee468eac43de.jpg\" data-dt-img-description=\"\" data-large_image_width=\"880\" data-large_image_height=\"1172\"><img loading=\"lazy\" decoding=\"async\" class=\"wp-image-91071 alignleft\" src=\"http:\/\/www.radiopiu.net\/wordpress\/wp-content\/uploads\/2019\/07\/1e0cf985-3ad1-4ede-ab89-ee468eac43de-769x1024.jpg\" alt=\"\" width=\"180\" height=\"240\" srcset=\"https:\/\/www.radiopiu.net\/wordpress\/wp-content\/uploads\/2019\/07\/1e0cf985-3ad1-4ede-ab89-ee468eac43de-769x1024.jpg 769w, https:\/\/www.radiopiu.net\/wordpress\/wp-content\/uploads\/2019\/07\/1e0cf985-3ad1-4ede-ab89-ee468eac43de-225x300.jpg 225w, https:\/\/www.radiopiu.net\/wordpress\/wp-content\/uploads\/2019\/07\/1e0cf985-3ad1-4ede-ab89-ee468eac43de-768x1023.jpg 768w, https:\/\/www.radiopiu.net\/wordpress\/wp-content\/uploads\/2019\/07\/1e0cf985-3ad1-4ede-ab89-ee468eac43de.jpg 880w\" sizes=\"auto, (max-width: 180px) 100vw, 180px\" \/><\/a>LUXOTTICA<\/strong> Quest&#8217;anno il carrello della spesa presenter\u00e0 importanti novit\u00e0, sar\u00e0 possibile scegliere tra 3 tipologie di pacco : classico \/ con prodotti locali \/ senza glutine. L&#8217;elenco dettagliato dei prodotti di ogni pacco \u00e8 disponibile sul sito aziendale. La scelta del tipo di pacco e la relativa prenotazione sar\u00e0 da effettuare online entro il 23 luglio. La consegna avverr\u00e0 per\u00f2 in autunno come gli anni scorsi. Tutti i dettagli sul sito aziendale.<\/p>\n<p>&nbsp;<\/p>\n<blockquote>\n<div><\/div>\n<div><em>Emilio Bez (Coordinatore Uiltec-Uil Luxottica Agordo)<\/em><\/div>\n<p>Risale ormai a dieci anni fa, era il 2009, l&#8217;accordo tra Luxottica e parti sindacali sul welfare, il cui primo risultato era stato il carrello della spesa ovvero un pacco contenente generi alimentari di vario genere che viene consegnato una volta l&#8217;anno a dipendenti e somministrati. Nel corso degli anni, anche tenendo conto dei suggerimenti arrivati da delegati RSU dei vari stabilimenti, erano state apportate alcune modifiche alla composizione del carrello ma questa volta le novit\u00e0 sono di ben altro impatto. Sar\u00e0 possibile scegliere uno tra ben 3 tipi di carrello della spesa: il primo rispecchia la composizione classica del pacco, il secondo \u00e8 molto pi\u00f9 improntato ai prodotti locali del bellunese e dintorni mentre il terzo prevede prodotti senza glutine. Tutti i carrelli hanno alcuni prodotti in comune: il parmigiano reggiano, i due tipi di formaggio Piave (il mezzano e lo stagionato &#8220;selezione Oro&#8221;) oltre all&#8217;immancabile Nutella, quest&#8217;ultima in formato maxi&#8230; con buona pace di dietologi e nutrizionisti. Il resto dei prodotti varia in base al pacco prescelto. Si tratta di una importante novit\u00e0 che va incontro da un lato a chi ha problemi di intolleranza al glutine, questione che da tempo avevamo portata all&#8217;attenzione dell&#8217;Azienda, dall&#8217;altro lato accoglie i suggerimenti di tutti quelli che vogliono dare la priorit\u00e0 a prodotti locali per supportare le aziende del territorio (fa eccezione per ovvi motivi l&#8217;olio di oliva che comunque nel carrello &#8220;locale&#8221; \u00e8 italiano al 100%). Il nuovo sistema con le tre opzioni disponibili comporta anche maggiore complessit\u00e0 nella preparazione dei pacchi quindi il termine per la relativa scelta online sul consueto sito aziendale \u00e8 il prossimo 23 luglio. La consegna sar\u00e0 comunque effettuata, indicativamente, in autunno come gli anni scorsi.<\/p><\/blockquote>\n<div><\/div>\n<div><\/div>\n<div><\/div>\n<div><\/div>\n<div>\n<h3>\u00a0Lavori in Luxottica Agordo e sei un NUOVO assunto?<\/h3>\n<p><strong>AGORDO<\/strong> La RSU <a class=\"profileLink\" href=\"https:\/\/www.facebook.com\/femcacislbellunotreviso\/?__tn__=K-R&amp;eid=ARA0TtRxQfo843A0fh9DKWHbhqQQxHqXvzr7s8ilnzGYTF4Cm-mkoBNSghfSnfPFZDfj9wgpjNEPuorp&amp;fref=mentions&amp;__xts__%5B0%5D=68.ARAoRa-ZyO2FeMoRkbmM0APhPbJDjRiTbNsddlv40l3Ypo0ZwGiyDgp74T3nTR9zfPdN0xLJ_N1QoCACrm29Ze9Gm1S4Nr4vzInRh_OELoxNH_dyw9iIAg16bIoD3vCmqSsPckYi98vPkPyeOx4aJwTieQjDcV_R_LfWbdbglm6u9XhGALlqfvwNK5u8WMVRggArFFA8SKeZ3WnW1Mbb6EH6EsHoiDfNjKRYLxGccOE1Op8-4jxOLu0knOOGVFjupEADcauVlR5UJ0S6jO_BV_vhf4TDOcgUUVQQ4i4txvmjPYdYHPB4JRhEKyYwvYjHvLv-IxCn6yOrfjuHQqe9h4YjUQ\" data-hovercard=\"\/ajax\/hovercard\/page.php?id=1957179487633532&amp;extragetparams=%7B%22__tn__%22%3A%22%2CdK-R-R%22%2C%22eid%22%3A%22ARA0TtRxQfo843A0fh9DKWHbhqQQxHqXvzr7s8ilnzGYTF4Cm-mkoBNSghfSnfPFZDfj9wgpjNEPuorp%22%2C%22fref%22%3A%22mentions%22%7D\" data-hovercard-prefer-more-content-show=\"1\">Femca Cisl Belluno Treviso<\/a> replica lo sportello Welfare 360\u00b0 dedicato ai NEO ASSUNTI! Raggiungici e ti aiuteremo a compilare tutta la documentazione del tuo nuovo contratto! In saletta RSU: \u00a0Marted\u00ec 09 luglio dalle 11:30 alle 15:00 e dalle 21:00 alle 22:00. \u00a0In saletta ci saranno\u00a0 i delegati: <a class=\"profileLink\" title=\"Alice Vettorel\" href=\"https:\/\/www.facebook.com\/alice.vettorel?__tn__=K-R&amp;eid=ARBgCU4-Es_ls6ebAPcusEWB4K4uOOZ1JfOtPQUKKIW18bFZqqeliez6CTwA48l__RGnRXtMeewlxfcW&amp;fref=mentions&amp;__xts__%5B0%5D=68.ARAoRa-ZyO2FeMoRkbmM0APhPbJDjRiTbNsddlv40l3Ypo0ZwGiyDgp74T3nTR9zfPdN0xLJ_N1QoCACrm29Ze9Gm1S4Nr4vzInRh_OELoxNH_dyw9iIAg16bIoD3vCmqSsPckYi98vPkPyeOx4aJwTieQjDcV_R_LfWbdbglm6u9XhGALlqfvwNK5u8WMVRggArFFA8SKeZ3WnW1Mbb6EH6EsHoiDfNjKRYLxGccOE1Op8-4jxOLu0knOOGVFjupEADcauVlR5UJ0S6jO_BV_vhf4TDOcgUUVQQ4i4txvmjPYdYHPB4JRhEKyYwvYjHvLv-IxCn6yOrfjuHQqe9h4YjUQ\" data-hovercard=\"\/ajax\/hovercard\/user.php?id=1541694387&amp;extragetparams=%7B%22__tn__%22%3A%22%2CdK-R-R%22%2C%22eid%22%3A%22ARBgCU4-Es_ls6ebAPcusEWB4K4uOOZ1JfOtPQUKKIW18bFZqqeliez6CTwA48l__RGnRXtMeewlxfcW%22%2C%22fref%22%3A%22mentions%22%7D\" data-hovercard-prefer-more-content-show=\"1\">Alice Vettorel<\/a>,<a class=\"profileLink\" title=\"Mara Pagnussat\" href=\"https:\/\/www.facebook.com\/mara.pagnussat?__tn__=K-R&amp;eid=ARAJ8H1Jh_L3VsMo40ccNJXkRpgsbKN8bAUUDLlUqeVv9Uh0mc2Uz83fGgmglU23KxOjqIMmmsIsfIEJ&amp;fref=mentions&amp;__xts__%5B0%5D=68.ARAoRa-ZyO2FeMoRkbmM0APhPbJDjRiTbNsddlv40l3Ypo0ZwGiyDgp74T3nTR9zfPdN0xLJ_N1QoCACrm29Ze9Gm1S4Nr4vzInRh_OELoxNH_dyw9iIAg16bIoD3vCmqSsPckYi98vPkPyeOx4aJwTieQjDcV_R_LfWbdbglm6u9XhGALlqfvwNK5u8WMVRggArFFA8SKeZ3WnW1Mbb6EH6EsHoiDfNjKRYLxGccOE1Op8-4jxOLu0knOOGVFjupEADcauVlR5UJ0S6jO_BV_vhf4TDOcgUUVQQ4i4txvmjPYdYHPB4JRhEKyYwvYjHvLv-IxCn6yOrfjuHQqe9h4YjUQ\" data-hovercard=\"\/ajax\/hovercard\/user.php?id=100008611990244&amp;extragetparams=%7B%22__tn__%22%3A%22%2CdK-R-R%22%2C%22eid%22%3A%22ARAJ8H1Jh_L3VsMo40ccNJXkRpgsbKN8bAUUDLlUqeVv9Uh0mc2Uz83fGgmglU23KxOjqIMmmsIsfIEJ%22%2C%22fref%22%3A%22mentions%22%7D\" data-hovercard-prefer-more-content-show=\"1\">Mara Pagnussat<\/a>,\u00a0<a class=\"profileLink\" title=\"Diego Palmeri\" href=\"https:\/\/www.facebook.com\/diego.palmeri.1?__tn__=K-R&amp;eid=ARCjeDKLy5Ugz2SlhVI0qFCV7niiyGjvZe5hbK_V6B1j5ec3p3dG5p8D__Eqpzbml9eXL819KRSL9LQk&amp;fref=mentions&amp;__xts__%5B0%5D=68.ARAoRa-ZyO2FeMoRkbmM0APhPbJDjRiTbNsddlv40l3Ypo0ZwGiyDgp74T3nTR9zfPdN0xLJ_N1QoCACrm29Ze9Gm1S4Nr4vzInRh_OELoxNH_dyw9iIAg16bIoD3vCmqSsPckYi98vPkPyeOx4aJwTieQjDcV_R_LfWbdbglm6u9XhGALlqfvwNK5u8WMVRggArFFA8SKeZ3WnW1Mbb6EH6EsHoiDfNjKRYLxGccOE1Op8-4jxOLu0knOOGVFjupEADcauVlR5UJ0S6jO_BV_vhf4TDOcgUUVQQ4i4txvmjPYdYHPB4JRhEKyYwvYjHvLv-IxCn6yOrfjuHQqe9h4YjUQ\" data-hovercard=\"\/ajax\/hovercard\/user.php?id=1482470293&amp;extragetparams=%7B%22__tn__%22%3A%22%2CdK-R-R%22%2C%22eid%22%3A%22ARCjeDKLy5Ugz2SlhVI0qFCV7niiyGjvZe5hbK_V6B1j5ec3p3dG5p8D__Eqpzbml9eXL819KRSL9LQk%22%2C%22fref%22%3A%22mentions%22%7D\" data-hovercard-prefer-more-content-show=\"1\">Diego Palmeri<\/a>, Paolo Chissal\u00e8,\u00a0<a class=\"profileLink\" title=\"Valter Ben\" href=\"https:\/\/www.facebook.com\/valter.ben?__tn__=K-R&amp;eid=ARCfg8dNu0TkZ1ZH3D8BuuCPFXp4OaqaDOjh2zsbr0qiW2c_PII05ToD9XSH4Np_vsWc4ZwXoC6oB6Mz&amp;fref=mentions&amp;__xts__%5B0%5D=68.ARAoRa-ZyO2FeMoRkbmM0APhPbJDjRiTbNsddlv40l3Ypo0ZwGiyDgp74T3nTR9zfPdN0xLJ_N1QoCACrm29Ze9Gm1S4Nr4vzInRh_OELoxNH_dyw9iIAg16bIoD3vCmqSsPckYi98vPkPyeOx4aJwTieQjDcV_R_LfWbdbglm6u9XhGALlqfvwNK5u8WMVRggArFFA8SKeZ3WnW1Mbb6EH6EsHoiDfNjKRYLxGccOE1Op8-4jxOLu0knOOGVFjupEADcauVlR5UJ0S6jO_BV_vhf4TDOcgUUVQQ4i4txvmjPYdYHPB4JRhEKyYwvYjHvLv-IxCn6yOrfjuHQqe9h4YjUQ\" data-hovercard=\"\/ajax\/hovercard\/user.php?id=100002771411479&amp;extragetparams=%7B%22__tn__%22%3A%22%2CdK-R-R%22%2C%22eid%22%3A%22ARCfg8dNu0TkZ1ZH3D8BuuCPFXp4OaqaDOjh2zsbr0qiW2c_PII05ToD9XSH4Np_vsWc4ZwXoC6oB6Mz%22%2C%22fref%22%3A%22mentions%22%7D\" data-hovercard-prefer-more-content-show=\"1\">Valter Ben<\/a>!<\/p>\n<\/div>\n<p>&nbsp;<\/p>\n<p>&nbsp;<\/p>\n<p>&nbsp;<\/p>\n<h3 class=\"documentFirstHeading\"><span id=\"parent-fieldname-title\" class=\"\">MONITORAGGIO DELLA QUALIT\u00c0 DELL\u2019ARIA AD AURONZO DI CADORE (BL)<\/span><\/h3>\n<div class=\"data\"><strong>PADOVA\u00a0 <\/strong>\u00a0Il 27 giugno \u00e8 iniziata la campagna di monitoraggio in localit\u00e0 Palus San Marco, richiesta dal Comune con l\u2019obiettivo di valutare la qualit\u00e0 dell\u2019aria in una zona rurale del proprio territorio. Si tratta del primo monitoraggio previsto nel comune per l&#8217;anno in corso. Per due mesi la centralina Arpav raccoglier\u00e0 dati su PM10, Ozono, Biossido d\u2019Azoto, Anidride Solforosa, Monossido di Carbonio, Benzene, Idrocarburi Policiclici Aromatici.<\/div>\n<p>&nbsp;<\/p>\n<p>&nbsp;<\/p>\n<p>&nbsp;<\/p>\n<h3>RINNOVO DELLA CONVENZIONE CON IL MUSEO PAPA LUCIANI<\/h3>\n<p><strong>CANALE D&#8217;AGORDO\u00a0<\/strong> Il sindaco Flavio Colcergnan ha convocato i consiglieri presso il Municipio di Piazza Papa Luciani per lunedi alle 20. In discussione: variazione di bilancio, variazione programma triennale ed elenco annuale lavori pubblici, rinnovo della convenzione tra Comune e Fondazione Papa Luciani per la gestione del Museo Papa Luciani.<\/p>\n<p>&nbsp;<\/p>\n<p>&nbsp;<\/p>\n<p>&nbsp;<\/p>\n<h3>LA QUINTA VARIAZIONE AL BILANCIO<\/h3>\n<p><strong>CENCENIGHE<\/strong> Venerdi alle 20.30 consiglio comunale a Cencenighe convocato dal sindaco Mauro Soppelsa. Quattro gli argomenti in discussione:\u00a0 prima variante al piano degli interventi, valutazione delle osservazioni e approvazione; convenzione con la ditta Ben.Co. di Bruno Ben Snc; quinta variazione al bilancio; gestione servizio sociale professionale comprensivo della porta unitari di accesso al sistema dei servizi alla persona.<\/p>\n<p>&nbsp;<\/p>\n<p>&nbsp;<\/p>\n<h3>CONSIGLIO FLASH IN CASA TORMEN<\/h3>\n<p>TAIBON Questa sera alle 18 il consiglio comunale di Taibon approver\u00e0 la surroga del consigliere dimissionario Bruno Bulf con il nuovo entrato Moreno Ben, seguiranno le nomine della commissione elettorale comunale.<\/p>\n<p>&nbsp;<\/p>\n<p>&nbsp;<\/p>\n<h2>&#8220;LUNARIA&#8221; OPERAZIONE ECOLOGICA AD AGORDO<\/h2>\n<p><strong><a class=\"dt-pswp-item\" href=\"http:\/\/www.radiopiu.net\/wordpress\/wp-content\/uploads\/2019\/07\/a0822d61-7c16-46eb-acf2-f76051e14f97.jpg\" data-dt-img-description=\"\" data-large_image_width=\"1200\" data-large_image_height=\"1600\"><img loading=\"lazy\" decoding=\"async\" class=\"size-medium wp-image-91146 alignleft\" src=\"http:\/\/www.radiopiu.net\/wordpress\/wp-content\/uploads\/2019\/07\/a0822d61-7c16-46eb-acf2-f76051e14f97-225x300.jpg\" alt=\"\" width=\"225\" height=\"300\" srcset=\"https:\/\/www.radiopiu.net\/wordpress\/wp-content\/uploads\/2019\/07\/a0822d61-7c16-46eb-acf2-f76051e14f97-225x300.jpg 225w, https:\/\/www.radiopiu.net\/wordpress\/wp-content\/uploads\/2019\/07\/a0822d61-7c16-46eb-acf2-f76051e14f97-768x1024.jpg 768w, https:\/\/www.radiopiu.net\/wordpress\/wp-content\/uploads\/2019\/07\/a0822d61-7c16-46eb-acf2-f76051e14f97.jpg 1200w\" sizes=\"auto, (max-width: 225px) 100vw, 225px\" \/><\/a>AGORDO<\/strong> Nell\u2019ambito del campo di volontariato internazionale di due settimane \u201cPaths of Dolomites\u201d, \u201cSentieri delle Dolomiti\u201d, promosso dall\u2019associazione Lunaria e accolto dal Comune di Agordo in collaborazione con associazioni agordine e con l\u2019ufficio turistico di Agordo, con molto piacere si vuole informare che sabato 6 luglio i nove ragazzi volontari coordinati ed aiutati dal consigliere comunale di Agordo Davide Conedera, hanno trascorso la giornata pulendo argini e greto del torrente Cordevole tra le zone pi\u00f9 importanti e frequentate del comune di Agordo ossia lungo la tangenziale in localit\u00e0 Mogn e sul lato di Valcozzena anche lungo i parcheggi di Luxottica. Il materiale raccolto, prevalentemente rifiuti in plastica ma anche molte ferraglie di varie dimensioni, era stato per la maggior parte trasportato a lasciato dalla piena conseguente a Vaia ma \u00e8 da precisare che soprattutto lungo il sentiero sulla sponda nella destra orografica del torrente, troppe erano purtroppo le immondizie di plastica gettate probabilmente da passanti. Al termine della giornata la ventina abbondante di grossi sacchi colmi e i metalli arruginiti vari sono stati smaltiti presso l\u2019ecocentro agordino. Soddisfatti sono rimasti i ragazzi del proprio lavoro pur consapevoli di essere riusciti a fare solo la parte pi\u00f9 visibile e possibile da spostare a mano dei rifiuti di soltanto quella zona ma si \u00e8 potuto per\u00f2 constatare che giornate ecologiche come queste sono assolutamente fattibili e organizzabili anche per i giovani e non dell\u2019Agordino.<\/p>\n<p><strong>DAL COMUNE DI AGORDO, L&#8217;ASSESSORE CHIARA FONTANIVE<\/strong><\/p>\n<audio class=\"wp-audio-shortcode\" id=\"audio-91061-9\" preload=\"none\" style=\"width: 100%;\" controls=\"controls\"><source type=\"audio\/mpeg\" src=\"http:\/\/www.radiopiu.net\/wordpress\/wp-content\/uploads\/2019\/07\/chiara1.mp3?_=9\" \/><a href=\"http:\/\/www.radiopiu.net\/wordpress\/wp-content\/uploads\/2019\/07\/chiara1.mp3\">http:\/\/www.radiopiu.net\/wordpress\/wp-content\/uploads\/2019\/07\/chiara1.mp3<\/a><\/audio>\n<p><strong>IL CONSIGLIERE COMUNALE DAVIDE CONEDERA, PULIZIA DAL CAMPO SPORTIVO AGLI ARGINI DEL CORDEVOLE\u00a0<\/strong><\/p>\n<audio class=\"wp-audio-shortcode\" id=\"audio-91061-10\" preload=\"none\" style=\"width: 100%;\" controls=\"controls\"><source type=\"audio\/mpeg\" src=\"http:\/\/www.radiopiu.net\/wordpress\/wp-content\/uploads\/2019\/07\/chiaradavide.mp3?_=10\" \/><a href=\"http:\/\/www.radiopiu.net\/wordpress\/wp-content\/uploads\/2019\/07\/chiaradavide.mp3\">http:\/\/www.radiopiu.net\/wordpress\/wp-content\/uploads\/2019\/07\/chiaradavide.mp3<\/a><\/audio>\n<p><strong>CON LA COLLABORAZIONE DI DAVIDE CONEDERA QUATTRO CHIACCHIERE CON LE RAGAZZE, DALLA PULIZIA DEL GRETO DEL TORRENTE CORDEVOLE ALLO STADIO DEL GHIACCIO TONI GUADAGNINI IN LOCALITA&#8217; POLANE<\/strong><\/p>\n<audio class=\"wp-audio-shortcode\" id=\"audio-91061-11\" preload=\"none\" style=\"width: 100%;\" controls=\"controls\"><source type=\"audio\/mpeg\" src=\"http:\/\/www.radiopiu.net\/wordpress\/wp-content\/uploads\/2019\/07\/davide-1.mp3?_=11\" \/><a href=\"http:\/\/www.radiopiu.net\/wordpress\/wp-content\/uploads\/2019\/07\/davide-1.mp3\">http:\/\/www.radiopiu.net\/wordpress\/wp-content\/uploads\/2019\/07\/davide-1.mp3<\/a><\/audio>\n<audio class=\"wp-audio-shortcode\" id=\"audio-91061-12\" preload=\"none\" style=\"width: 100%;\" controls=\"controls\"><source type=\"audio\/mpeg\" src=\"http:\/\/www.radiopiu.net\/wordpress\/wp-content\/uploads\/2019\/07\/davide2.mp3?_=12\" \/><a href=\"http:\/\/www.radiopiu.net\/wordpress\/wp-content\/uploads\/2019\/07\/davide2.mp3\">http:\/\/www.radiopiu.net\/wordpress\/wp-content\/uploads\/2019\/07\/davide2.mp3<\/a><\/audio>\n<p><a class=\"dt-pswp-item\" href=\"http:\/\/www.radiopiu.net\/wordpress\/wp-content\/uploads\/2019\/07\/WhatsApp-Image-2019-07-08-at-19.54.45.jpeg\" data-dt-img-description=\"\" data-large_image_width=\"1600\" data-large_image_height=\"900\"><img loading=\"lazy\" decoding=\"async\" class=\"alignnone wp-image-91188 size-large\" src=\"http:\/\/www.radiopiu.net\/wordpress\/wp-content\/uploads\/2019\/07\/WhatsApp-Image-2019-07-08-at-19.54.45-1024x576.jpeg\" alt=\"\" width=\"1024\" height=\"576\" srcset=\"https:\/\/www.radiopiu.net\/wordpress\/wp-content\/uploads\/2019\/07\/WhatsApp-Image-2019-07-08-at-19.54.45-1024x576.jpeg 1024w, https:\/\/www.radiopiu.net\/wordpress\/wp-content\/uploads\/2019\/07\/WhatsApp-Image-2019-07-08-at-19.54.45-300x169.jpeg 300w, https:\/\/www.radiopiu.net\/wordpress\/wp-content\/uploads\/2019\/07\/WhatsApp-Image-2019-07-08-at-19.54.45-768x432.jpeg 768w, https:\/\/www.radiopiu.net\/wordpress\/wp-content\/uploads\/2019\/07\/WhatsApp-Image-2019-07-08-at-19.54.45.jpeg 1600w\" sizes=\"auto, (max-width: 1024px) 100vw, 1024px\" \/><\/a><\/p>\n<p>&nbsp;<\/p>\n<p>&nbsp;<\/p>\n<p>&nbsp;<\/p>\n<p>&nbsp;<\/p>\n<p>&nbsp;<\/p>\n<h3 dir=\"ltr\"><span style=\"color: #000000;\">Decreto crescita. De Carlo: \u201cTutelare le piccole e medie imprese, non le lobbies\u201d<\/span><\/h3>\n<div dir=\"ltr\">\u201cIl Decreto crescita, cos\u00ec come \u00e8 oggi, \u00e8 una stangata per le piccole e medie imprese. Tuteliamo il tessuto dell&#8217;economia del Nord Est, e non solamente le solite lobbies\u201d: il deputato di Fratelli d&#8217;Italia, Luca De Carlo, raccoglie l&#8217;appello lanciato nei giorni scorsi da Confartigianato Imprese Veneto. \u201cCon il Decreto Crescita, cercando di aiutare le famiglie si mettono in difficolt\u00e0 le piccole aziende, gi\u00e0 alle prese con problemi di liquidit\u00e0 e con i rubinetti chiusi delle banche\u201d, sottolinea De Carlo.<br \/>\nConfartigianato Imprese Veneto aveva denunciato la possibilit\u00e0 per i clienti di chiedere, al posto della detrazione fiscale per lavori di riqualificazione energetica o antisismica, un pari sconto in fattura; questo sconto verrebbe poi rimborsato dallo Stato all&#8217;azienda come credito di imposta.\u00a0 \u201cMa come si pu\u00f2 chiedere a una piccola impresa, ad esempio, di rifare il tetto di un&#8217;abitazione per qualche decina di migliaia di euro e costringerla a fare uno sconto che pu\u00f2 andare oltre il 50%, incassando cos\u00ec anche meno della met\u00e0 di quanto richiesto e lasciando il restante al rimborso da parte dello Stato?\u201d, si chiede De Carlo. \u201c\u00c8 una proposta che pu\u00f2 andare bene alle maxi aziende, non certo agli artigiani, che sono il vero cuore della nostra economia: sono lavoratori, non banche per conto dello Stato. Queste persone devono pagare i dipendenti, i materiali, devono vedersi riconosciuto il loro lavoro e i loro sforzi. Se li lasciamo in balia di compensazioni e burocrazia, non ci sar\u00e0 crescita: serve liquidit\u00e0, serve denaro vero che faccia girare l&#8217;economia\u201d.<\/div>\n<blockquote>\n<div dir=\"ltr\"><\/div>\n<\/blockquote>\n<div dir=\"ltr\"><\/div>\n<div dir=\"ltr\"><\/div>\n<blockquote>\n<div dir=\"ltr\"><\/div>\n<\/blockquote>\n<div dir=\"ltr\">\n<h3>100 anni dell&#8217;Associazione Nazionale Alpini. De Carlo: \u201cDoveroso esserci, grandi emozioni\u201d<\/h3>\n<p>AUDIO DALLA RASSEGNA STAMPA<\/p>\n<audio class=\"wp-audio-shortcode\" id=\"audio-91061-13\" preload=\"none\" style=\"width: 100%;\" controls=\"controls\"><source type=\"audio\/mpeg\" src=\"http:\/\/www.radiopiu.net\/wordpress\/wp-content\/uploads\/2019\/07\/DE-CARLO-ALPLINO.mp3?_=13\" \/><a href=\"http:\/\/www.radiopiu.net\/wordpress\/wp-content\/uploads\/2019\/07\/DE-CARLO-ALPLINO.mp3\">http:\/\/www.radiopiu.net\/wordpress\/wp-content\/uploads\/2019\/07\/DE-CARLO-ALPLINO.mp3<\/a><\/audio>\n<p>&nbsp;<\/p>\n<p><a class=\"dt-pswp-item\" href=\"http:\/\/www.radiopiu.net\/wordpress\/wp-content\/uploads\/2019\/07\/DeCarloeDonazzan-100anniANAMilano.jpeg\" data-dt-img-description=\"\" data-large_image_width=\"1024\" data-large_image_height=\"768\"><img loading=\"lazy\" decoding=\"async\" class=\" wp-image-91143 alignleft\" src=\"http:\/\/www.radiopiu.net\/wordpress\/wp-content\/uploads\/2019\/07\/DeCarloeDonazzan-100anniANAMilano-300x225.jpeg\" alt=\"\" width=\"177\" height=\"133\" srcset=\"https:\/\/www.radiopiu.net\/wordpress\/wp-content\/uploads\/2019\/07\/DeCarloeDonazzan-100anniANAMilano-300x225.jpeg 300w, https:\/\/www.radiopiu.net\/wordpress\/wp-content\/uploads\/2019\/07\/DeCarloeDonazzan-100anniANAMilano-768x576.jpeg 768w, https:\/\/www.radiopiu.net\/wordpress\/wp-content\/uploads\/2019\/07\/DeCarloeDonazzan-100anniANAMilano.jpeg 1024w\" sizes=\"auto, (max-width: 177px) 100vw, 177px\" \/><\/a>Grande festa ieri mattina a Milano per la celebrazione dei primi cento anni di vita dell&#8217;Associazione Nazionale Alpini: tra i partecipanti, anche il deputato di Fratelli d&#8217;Italia e sindaco di Calalzo di Cadore, Luca De Carlo. <em>\u201cEra assolutamente doveroso per me essere presente a un evento di questa portata, come sindaco, come parlamentare, ma soprattutto come Alpino della Brigata Cadore\u201d, <\/em>ha sottolineato De Carlo, cappello con la penna in testa, presente alla celebrazione con l&#8217;assessore regionale Elena Donazzan. <em>\u201c\u00c8 stata una giornata di grandi emozioni\u201d, ha sottolineato De Carlo, che pochi giorni fa aveva sostenuto alla Camera dei Deputati \u201ccon convinzione e orgoglio\u201d l&#8217;istituzione della Giornata nazionale della memoria e del sacrificio alpino. \u201cSi \u00e8 respirato il vero spirito alpino, ma la soddisfazione pi\u00f9 grande l&#8217;ho provata quando, in uno dei filmati che hanno accompagnato l&#8217;evento, \u00e8 comparsa la Chiesa di San Francesco d&#8217;Orsina a Calalzo, che tutti conosciamo come la \u201cchiesa degli alpini\u201d, donata 90 anni fa all&#8217;ANA e che onora i caduti del 7\u00b0 Alpini. L&#8217;emozione \u00e8 stata davvero grandissima\u201d<\/em><\/p>\n<\/div>\n<div dir=\"ltr\"><\/div>\n<blockquote>\n<div dir=\"ltr\"><\/div>\n<\/blockquote>\n<div dir=\"ltr\"><\/div>\n<blockquote>\n<div dir=\"ltr\"><\/div>\n<\/blockquote>\n<div dir=\"ltr\">\n<h3 dir=\"ltr\">L&#8217;OCCASIONE PER SCOPRIRE UNA VALLE E I SUOI SEGRETI<\/h3>\n<blockquote>\n<div dir=\"ltr\"><strong>CENCENIGHE<\/strong> La Biblioteca Pubblica Comunale e la Pro Loco di Cencenighe, col patrocinio del Comune di Cencenighe organizza: \u201cAlla scoperta della nostra valle\u201d &#8211; Quattro incontri per conoscere il territorio\u201d con Luisa Manfroi, iniziativa rivolta a bambini e ragazzi dai 9 ai 14 anni. Tutti i mercoled\u00ec dalle ore 8.30 alle 12.30 con ritrovo al Nof Fil\u00f2. Questo il programma: mercoled\u00ec 10 luglio: \u201cVisita al \u201ccas\u00e8lo\u201d (latteria) di Feder\u201d e passeggiata fino a Fregona; mercoled\u00ec 17 luglio: \u201cConosciamo le rocce con il geologo Dott. Vittorio Fenti\u201d &#8211; passeggiata da Bogo fino al macereto dei Mesaroz (Cencenighe); mercoled\u00ec 24 luglio: \u201cEl troi de le jal\u201d &#8211; Passeggiata da Basti\u00e8gn, Bricol e lungo il sentiero delle antiche carbonaie del Monte Pelsa, in collaborazione con il \u201cGruppo Amici della Montagna\u201d di Cencenighe; mercoled\u00ec 31 luglio: \u201cGli affreschi e la Chiesa monumentale di San Simon (Vallada Agordina)\u201d &#8211; passeggiata da Celat fino alla chiesa di San Simon. I trasporti sono gentilmente offerti dal Comune di Cencenighe. Per informazioni ed iscrizioni rivolgersi all\u2019ufficio Pro Loco di Cencenighe Agordino (tel 0437 591549) aperto durante la settimana (tranne marted\u00ec e mercoled\u00ec).<\/div>\n<\/blockquote>\n<\/div>\n<p>&nbsp;<\/p>\n<p>&nbsp;<\/p>\n<div dir=\"ltr\">\n<div dir=\"ltr\"><\/div>\n<div dir=\"ltr\"><\/div>\n<div dir=\"ltr\"><\/div>\n<div dir=\"ltr\"><\/div>\n<div dir=\"ltr\"><\/div>\n<h2 dir=\"ltr\">OSPIZIO DI CANDATEN APRE AL JAZZ<\/h2>\n<div dir=\"ltr\"><strong><a class=\"dt-pswp-item\" href=\"http:\/\/www.radiopiu.net\/wordpress\/wp-content\/uploads\/2019\/07\/66162447_3009135405793715_8597851342007959552_n.jpg\" data-dt-img-description=\"\" data-large_image_width=\"540\" data-large_image_height=\"960\"><img loading=\"lazy\" decoding=\"async\" class=\"wp-image-91110 alignleft\" src=\"http:\/\/www.radiopiu.net\/wordpress\/wp-content\/uploads\/2019\/07\/66162447_3009135405793715_8597851342007959552_n-169x300.jpg\" alt=\"\" width=\"112\" height=\"199\" srcset=\"https:\/\/www.radiopiu.net\/wordpress\/wp-content\/uploads\/2019\/07\/66162447_3009135405793715_8597851342007959552_n-169x300.jpg 169w, https:\/\/www.radiopiu.net\/wordpress\/wp-content\/uploads\/2019\/07\/66162447_3009135405793715_8597851342007959552_n.jpg 540w\" sizes=\"auto, (max-width: 112px) 100vw, 112px\" \/><\/a><\/strong><\/div>\n<div dir=\"ltr\">\n<div dir=\"ltr\"><strong>SEDICO<\/strong> Domenica di grande musica all&#8217;ex Ospizio di Candaten dove risiedono i Carabinieri Forestali. Due ore di musica vera, gi\u00e0 vedere sul palco l&#8217;organo Hammond,\u00a0 un vero &#8220;legend&#8221; \u00e8 stato uno spettacolo, quando Alberto Marsico ha appoggiato le dieci dita delle mani si sono aperti i cuori ai ricordi. Diego Borotti ha fatto vibrare l&#8217;anima soffiando a pieni polmoni nel sax e Alessandro Minetto ha accarezzato i pezzi della sua batteria con carezze che hanno riempito l&#8217;ex ospizio che si \u00e8 dimostrato valida location per un pubblico attento e con un&#8217;acustica pi\u00f9 che accettabile. Applausi a scena aperta e continua la richiesta di bis, fino allo sfinimento dei musicisti.<\/div>\n<div dir=\"ltr\"><a class=\"dt-pswp-item\" href=\"http:\/\/www.radiopiu.net\/wordpress\/wp-content\/uploads\/2019\/07\/66308701_3009135179127071_8820446268460367872_n.jpg\" data-dt-img-description=\"\" data-large_image_width=\"540\" data-large_image_height=\"960\"><img loading=\"lazy\" decoding=\"async\" class=\"alignnone size-medium wp-image-91109\" src=\"http:\/\/www.radiopiu.net\/wordpress\/wp-content\/uploads\/2019\/07\/66308701_3009135179127071_8820446268460367872_n-169x300.jpg\" alt=\"\" width=\"169\" height=\"300\" srcset=\"https:\/\/www.radiopiu.net\/wordpress\/wp-content\/uploads\/2019\/07\/66308701_3009135179127071_8820446268460367872_n-169x300.jpg 169w, https:\/\/www.radiopiu.net\/wordpress\/wp-content\/uploads\/2019\/07\/66308701_3009135179127071_8820446268460367872_n.jpg 540w\" sizes=\"auto, (max-width: 169px) 100vw, 169px\" \/><\/a><a class=\"dt-pswp-item\" href=\"http:\/\/www.radiopiu.net\/wordpress\/wp-content\/uploads\/2019\/07\/66451076_3009135289127060_3305302703814475776_n.jpg\" data-dt-img-description=\"\" data-large_image_width=\"540\" data-large_image_height=\"960\"><img loading=\"lazy\" decoding=\"async\" class=\"alignnone size-medium wp-image-91107\" src=\"http:\/\/www.radiopiu.net\/wordpress\/wp-content\/uploads\/2019\/07\/66451076_3009135289127060_3305302703814475776_n-169x300.jpg\" alt=\"\" width=\"169\" height=\"300\" srcset=\"https:\/\/www.radiopiu.net\/wordpress\/wp-content\/uploads\/2019\/07\/66451076_3009135289127060_3305302703814475776_n-169x300.jpg 169w, https:\/\/www.radiopiu.net\/wordpress\/wp-content\/uploads\/2019\/07\/66451076_3009135289127060_3305302703814475776_n.jpg 540w\" sizes=\"auto, (max-width: 169px) 100vw, 169px\" \/><\/a><a class=\"dt-pswp-item\" href=\"http:\/\/www.radiopiu.net\/wordpress\/wp-content\/uploads\/2019\/07\/65990292_3009134852460437_4472937263138865152_n.jpg\" data-dt-img-description=\"\" data-large_image_width=\"540\" data-large_image_height=\"960\"><img loading=\"lazy\" decoding=\"async\" class=\"alignnone size-medium wp-image-91106\" src=\"http:\/\/www.radiopiu.net\/wordpress\/wp-content\/uploads\/2019\/07\/65990292_3009134852460437_4472937263138865152_n-169x300.jpg\" alt=\"\" width=\"169\" height=\"300\" srcset=\"https:\/\/www.radiopiu.net\/wordpress\/wp-content\/uploads\/2019\/07\/65990292_3009134852460437_4472937263138865152_n-169x300.jpg 169w, https:\/\/www.radiopiu.net\/wordpress\/wp-content\/uploads\/2019\/07\/65990292_3009134852460437_4472937263138865152_n.jpg 540w\" sizes=\"auto, (max-width: 169px) 100vw, 169px\" \/><\/a><\/div>\n<div dir=\"ltr\">\u00a0CONCERTO JAZZ con Alberto Marsico all&#8217;organo. Diego Borotti al sax e Alessandro Minetto alla batteria.LA MAGIA DELL&#8217;ORGANO HAMMOND<\/div>\n<div dir=\"ltr\"><\/div>\n<h2 dir=\"ltr\">VIDEO\u00a0\u00a0 <span style=\"color: #0000ff;\"><a style=\"color: #0000ff;\" href=\"https:\/\/www.facebook.com\/brunella.moro\/videos\/3008973362476586\/\">CLICCA QUI\u00a0<\/a><\/span><\/h2>\n<\/div>\n<div dir=\"ltr\"><\/div>\n<div dir=\"ltr\"><\/div>\n<div dir=\"ltr\">\n<div dir=\"ltr\"><\/div>\n<div dir=\"ltr\"><\/div>\n<\/div>\n<h2 dir=\"ltr\"><\/h2>\n<\/div>\n<div dir=\"ltr\"><\/div>\n<p>&nbsp;<\/p>\n<h3><a class=\"dt-pswp-item\" href=\"http:\/\/www.radiopiu.net\/wordpress\/wp-content\/uploads\/2018\/09\/appuntamenti.jpeg\" data-dt-img-description=\"\" data-large_image_width=\"800\" data-large_image_height=\"100\"><img loading=\"lazy\" decoding=\"async\" class=\"alignnone size-full wp-image-61958\" src=\"http:\/\/www.radiopiu.net\/wordpress\/wp-content\/uploads\/2018\/09\/appuntamenti.jpeg\" alt=\"\" width=\"800\" height=\"100\" srcset=\"https:\/\/www.radiopiu.net\/wordpress\/wp-content\/uploads\/2018\/09\/appuntamenti.jpeg 800w, https:\/\/www.radiopiu.net\/wordpress\/wp-content\/uploads\/2018\/09\/appuntamenti-300x38.jpeg 300w, https:\/\/www.radiopiu.net\/wordpress\/wp-content\/uploads\/2018\/09\/appuntamenti-768x96.jpeg 768w\" sizes=\"auto, (max-width: 800px) 100vw, 800px\" \/><\/a><\/h3>\n<p>&nbsp;<\/p>\n<p>&nbsp;<\/p>\n<p><span style=\"color: #ff0000;\"><strong><a class=\"dt-pswp-item\" href=\"http:\/\/www.radiopiu.net\/wordpress\/wp-content\/uploads\/2019\/07\/21231208_1428419980586085_1115215269049052745_n.jpg\" data-dt-img-description=\"\" data-large_image_width=\"661\" data-large_image_height=\"661\"><img loading=\"lazy\" decoding=\"async\" class=\" wp-image-90482 alignleft\" src=\"http:\/\/www.radiopiu.net\/wordpress\/wp-content\/uploads\/2019\/07\/21231208_1428419980586085_1115215269049052745_n-300x300.jpg\" alt=\"\" width=\"145\" height=\"145\" srcset=\"https:\/\/www.radiopiu.net\/wordpress\/wp-content\/uploads\/2019\/07\/21231208_1428419980586085_1115215269049052745_n-300x300.jpg 300w, https:\/\/www.radiopiu.net\/wordpress\/wp-content\/uploads\/2019\/07\/21231208_1428419980586085_1115215269049052745_n-150x150.jpg 150w, https:\/\/www.radiopiu.net\/wordpress\/wp-content\/uploads\/2019\/07\/21231208_1428419980586085_1115215269049052745_n.jpg 661w\" sizes=\"auto, (max-width: 145px) 100vw, 145px\" \/><\/a><\/strong><\/span><\/p>\n<p><span style=\"color: #ff0000;\"><strong>PER IL SECONDO ANNO, PER TUTTA L&#8217;ESTATE: LA &#8220;FABBRICA DELLE EMOZIONI&#8221;, IN COLLABORAZIONE CON\u00a0<a class=\"profileLink\" style=\"color: #ff0000;\" href=\"https:\/\/www.facebook.com\/dersut.taibon\/?__tn__=K-R&amp;eid=ARAWHGS4pY7ErSAGuNNMHp-xra7d294ysugnpoUicWkeK9rjbvd86RDR3SHV57JuBTC7yrMP85kcC7oy&amp;fref=mentions&amp;__xts__%5B0%5D=68.ARA8kEGfdeZlMevmYpMAmAmJ7ziHM_3WogqE61anVHM5V-Ht7pYFd4NJRcEVlK7VIq__zFsG6G8vsxxKnVF1SBmpERHebECtYKNHrf4mG4C4wVmPxxn4uj_nmTIeZglrdIyUPa0dnE3usWWzci033oOnyRS5XDhoavIU-eTU85t_Wp6jFT0-ULRP932r4STxN16bdptt8cef\" data-hovercard=\"\/ajax\/hovercard\/page.php?id=904939246267497&amp;extragetparams=%7B%22__tn__%22%3A%22%2CdK-R-R%22%2C%22eid%22%3A%22ARAWHGS4pY7ErSAGuNNMHp-xra7d294ysugnpoUicWkeK9rjbvd86RDR3SHV57JuBTC7yrMP85kcC7oy%22%2C%22fref%22%3A%22mentions%22%7D\" data-hovercard-prefer-more-content-show=\"1\">Dersut Taibon<\/a>\u00a0EVENTI, APPUNTAMENTI, DIVERTIMENTI NELLA VALLATA AGORDINA. IN ONDA ALLA RADIO NEI NOTIZIARI E NEGLI APPROFONDIMENTI ALLA RADIO E SUL SITO\u00a0<a style=\"color: #ff0000;\" href=\"http:\/\/www.radiopiu.net\/?fbclid=IwAR3Zckh6EArPlP9el3_APl-CxxkfxeumpcmQ4v9HIwZohBUQuztQ4jOimzE\" target=\"_blank\" rel=\"noopener nofollow noreferrer\" data-ft=\"{&quot;tn&quot;:&quot;-U&quot;}\" data-lynx-mode=\"async\" data-lynx-uri=\"https:\/\/l.facebook.com\/l.php?u=http%3A%2F%2FWWW.RADIOPIU.NET%2F%3Ffbclid%3DIwAR3Zckh6EArPlP9el3_APl-CxxkfxeumpcmQ4v9HIwZohBUQuztQ4jOimzE&amp;h=AT3iK2sNf9WjhvLB7AaqYnWzUdWcBNNS_1cXI6UJ3eEvhP4Ym5v2vemsj9TpyM0_qzzb9gjT9sJhgm4I2ZXxgJSAlUfvNTaJwITPvOvqfAuTNdwnWON3ic-lvSbJXWzM3FVSvAgPffEqbH4dYL2TEG6D6xs5TZHrlhUGtTKMYKoPXpBJIF8ke0VZdFkl3YQ7tGdqat-r6rzvDTprheLIjQ7jKZPmLRbVLu1fIKQ2jHEQkMU8LzIZvt_s5FE3Fxl6fUw_HG6Kz2ygpE7qxE3yIyhlOk0wt55c_6ZWHfM2I0PFlpPFgNhCDJwFSVFieE73_LsmFyKeJSBqSnd9p7KBuOYgQAQepyVC8du7dtfKvd60oOKKb1xchMvMyu9mMRYGRKi2y8I7U2WlGyyKbcYHubfjzWI02WXZXcSE97K_yFCYyeqZ2T_hgQJ7vzHhfBlDLdaXxkE\">WWW.RADIOPIU.NET<\/a><\/strong><\/span><\/p>\n<audio class=\"wp-audio-shortcode\" id=\"audio-91061-14\" preload=\"none\" style=\"width: 100%;\" controls=\"controls\"><source type=\"audio\/mpeg\" src=\"http:\/\/www.radiopiu.net\/wordpress\/wp-content\/uploads\/2019\/07\/FABBRICA-EMOZIONI.mp3?_=14\" \/><a href=\"http:\/\/www.radiopiu.net\/wordpress\/wp-content\/uploads\/2019\/07\/FABBRICA-EMOZIONI.mp3\">http:\/\/www.radiopiu.net\/wordpress\/wp-content\/uploads\/2019\/07\/FABBRICA-EMOZIONI.mp3<\/a><\/audio>\n<p>&nbsp;<\/p>\n<p>&nbsp;<\/p>\n<h3>DOMANI AD AGORDO\u00a0 I &#8220;DOLOMITICI&#8221;, L&#8217;INVITO DI ROBERTO FAVERO, L&#8217;ORGANIZZATORE DI CONVIVIUM<\/h3>\n<blockquote><p>&#8220;Cari Amici, mercoled\u00ec 10 luglio p.v. il Convivium d\u00e0 il benvenuto a &#8220;DoloMitici!&#8221;, gruppo di appassionati delle nostre montagne e delle nostre tradizioni che dal 2008, soprattutto sui social, condividono immagini e informazioni e raccontano frammenti di storia relativi al nostro meraviglioso territorio. Se nel 2008 erano poche decine, oggi il gruppo vanta pi\u00f9 di 86.000 iscritti e continua inesorabilmente a crescere. Mossi dal desiderio di sostenere il lavoro nelle zone di montagna e di promuovere il turismo, ricordano a noi tutti che le Dolomiti sono la pi\u00f9 suggestiva delle cornici per le nostre attivit\u00e0 quotidiane e costituiscono un patrimonio inestimabile che ciascuno di noi ha il diritto di &#8220;vivere&#8221; con orgoglio e il dovere di proteggere con grinta e con coraggio. Conoscere ed ascoltare la montagna per poterla amare e quindi valorizzare: questo il bellissimo messaggio che &#8220;Dolomitici!&#8221; intende portare al Convivium e che Vi invito ad ascoltare, insieme a me, mercoled\u00ec 10 luglio, come di consueto alle ore 20:30 presso la Sala Don Tamis dell&#8217;Unione Montana Agordina ad Agordo. Un caro saluto a tutti Voi, Dottor Roberto Favero&#8221;<\/p><\/blockquote>\n<div dir=\"ltr\"><\/div>\n<div dir=\"ltr\"><\/div>\n<div dir=\"ltr\"><\/div>\n<h3 dir=\"ltr\">Archeologico Agordino apre la mostra al Museo di Agordo<\/h3>\n<div><strong><a class=\"dt-pswp-item\" href=\"http:\/\/www.radiopiu.net\/wordpress\/wp-content\/uploads\/2019\/07\/LOCANDINA-MOSTRA-Agordo-13lug19.jpg\" data-dt-img-description=\"\" data-large_image_width=\"3508\" data-large_image_height=\"4961\"><img loading=\"lazy\" decoding=\"async\" class=\" wp-image-91063 alignleft\" src=\"http:\/\/www.radiopiu.net\/wordpress\/wp-content\/uploads\/2019\/07\/LOCANDINA-MOSTRA-Agordo-13lug19-212x300.jpg\" alt=\"\" width=\"135\" height=\"191\" srcset=\"https:\/\/www.radiopiu.net\/wordpress\/wp-content\/uploads\/2019\/07\/LOCANDINA-MOSTRA-Agordo-13lug19-212x300.jpg 212w, https:\/\/www.radiopiu.net\/wordpress\/wp-content\/uploads\/2019\/07\/LOCANDINA-MOSTRA-Agordo-13lug19-768x1086.jpg 768w, https:\/\/www.radiopiu.net\/wordpress\/wp-content\/uploads\/2019\/07\/LOCANDINA-MOSTRA-Agordo-13lug19-724x1024.jpg 724w\" sizes=\"auto, (max-width: 135px) 100vw, 135px\" \/><\/a>AGORDO<\/strong> Sabato\u00a0 alle 17.30 presso il Museo Mineralogico e Paleontologico di Agordo (via 5 maggio 1848) sar\u00e0 inaugurata la Mostra \u00a0 \u00a0\u201cEL CANAL DE AGORT&#8221;.\u00a0 Scavare nel passato &#8211; Storia e archeologia da San Gottardo a Pont del Cristo\u201d\u00a0 La mostra presenta gli esiti delle ricerche storiche e archeologiche effettuate, a partire dal 2003, dal Gruppo Archeologico Agordino ARCA lungo la bassa valle del T. Cordevole. \u00a0In particolare, verranno esposti i reperti e le nuove conoscenze\u00a0relative alle frequentazioni del Canale in periodo protostorico, cio\u00e8 risalenti a 2500-3000 anni fa.<\/div>\n<div><\/div>\n<p>&nbsp;<\/p>\n<p>&nbsp;<\/p>\n<div><\/div>\n<p>&nbsp;<\/p>\n<p>&nbsp;<\/p>\n<p><strong>LO SBARCO SULLA LUNA, di Claudio Pra<\/strong><\/p>\n<p><a class=\"dt-pswp-item\" href=\"http:\/\/www.radiopiu.net\/wordpress\/wp-content\/uploads\/2019\/07\/2380e566-891e-4706-8427-d72a6606fe34.jpg\" data-dt-img-description=\"\" data-large_image_width=\"1080\" data-large_image_height=\"1567\"><img loading=\"lazy\" decoding=\"async\" class=\" wp-image-91090 alignleft\" src=\"http:\/\/www.radiopiu.net\/wordpress\/wp-content\/uploads\/2019\/07\/2380e566-891e-4706-8427-d72a6606fe34-207x300.jpg\" alt=\"\" width=\"97\" height=\"140\" srcset=\"https:\/\/www.radiopiu.net\/wordpress\/wp-content\/uploads\/2019\/07\/2380e566-891e-4706-8427-d72a6606fe34-207x300.jpg 207w, https:\/\/www.radiopiu.net\/wordpress\/wp-content\/uploads\/2019\/07\/2380e566-891e-4706-8427-d72a6606fe34-768x1114.jpg 768w, https:\/\/www.radiopiu.net\/wordpress\/wp-content\/uploads\/2019\/07\/2380e566-891e-4706-8427-d72a6606fe34-706x1024.jpg 706w, https:\/\/www.radiopiu.net\/wordpress\/wp-content\/uploads\/2019\/07\/2380e566-891e-4706-8427-d72a6606fe34.jpg 1080w\" sizes=\"auto, (max-width: 97px) 100vw, 97px\" \/><\/a>Sabato 13 luglio alle 20.30, in Sala Don Tamis ad Agordo, l&#8217;Associazione Astrofili Agordini &#8220;Cieli Dolomitici&#8221; presenta una serata curata da Claudio Pra dal titolo: &#8220;20 luglio 1969, 20 luglio 2019, Mezzo secolo fa l&#8217;uomo vol\u00f2 sulla Luna&#8221;. A 50 anni dallo storico avvenimento si rivivranno, con l&#8217;ausilio di audiovisivi, le varie fasi, le curiosit\u00e0, le emozioni, di una straordinaria avventura che port\u00f2 l&#8217;uomo su un altro corpo celeste.<\/p>\n<p>giovedi 18 luglio alle 15.10 e 21.000,\u00a0 venerdi 19 luglio alle\u00a0 15.10 E 2100\u00a0 Sabato 20 alle 16 lo speciale alla radio.<\/p>\n<p>&nbsp;<\/p>\n<p>&nbsp;<\/p>\n<p>&nbsp;<\/p>\n<h3>DOMENICA MOTORI E DISABILI CON LA\u00a0 TRE CIME PROMOTOR<\/h3>\n<p><strong>POLPET DI PONTE NELLE ALPI<\/strong><\/p>\n<p><strong>DI ROBERTO BONA<\/strong><\/p>\n<audio class=\"wp-audio-shortcode\" id=\"audio-91061-15\" preload=\"none\" style=\"width: 100%;\" controls=\"controls\"><source type=\"audio\/mpeg\" src=\"http:\/\/www.radiopiu.net\/wordpress\/wp-content\/uploads\/2019\/07\/roberto-bona.mp3?_=15\" \/><a href=\"http:\/\/www.radiopiu.net\/wordpress\/wp-content\/uploads\/2019\/07\/roberto-bona.mp3\">http:\/\/www.radiopiu.net\/wordpress\/wp-content\/uploads\/2019\/07\/roberto-bona.mp3<\/a><\/audio>\n<p>&nbsp;<\/p>\n<p>&nbsp;<\/p>\n<h3><\/h3>\n<h3>Immagini sacre nelle Dolomiti Tirolesi e Italiane.<\/h3>\n<p><strong><a class=\"dt-pswp-item\" href=\"http:\/\/www.radiopiu.net\/wordpress\/wp-content\/uploads\/2019\/07\/Immagini-sacre-nelle-dolomiti-tirolesi-e-italiane-1_page-0001.jpg\" data-dt-img-description=\"\" data-large_image_width=\"1241\" data-large_image_height=\"1755\"><img loading=\"lazy\" decoding=\"async\" class=\" wp-image-91062 alignleft\" src=\"http:\/\/www.radiopiu.net\/wordpress\/wp-content\/uploads\/2019\/07\/Immagini-sacre-nelle-dolomiti-tirolesi-e-italiane-1_page-0001-212x300.jpg\" alt=\"\" width=\"182\" height=\"258\" srcset=\"https:\/\/www.radiopiu.net\/wordpress\/wp-content\/uploads\/2019\/07\/Immagini-sacre-nelle-dolomiti-tirolesi-e-italiane-1_page-0001-212x300.jpg 212w, https:\/\/www.radiopiu.net\/wordpress\/wp-content\/uploads\/2019\/07\/Immagini-sacre-nelle-dolomiti-tirolesi-e-italiane-1_page-0001-768x1086.jpg 768w, https:\/\/www.radiopiu.net\/wordpress\/wp-content\/uploads\/2019\/07\/Immagini-sacre-nelle-dolomiti-tirolesi-e-italiane-1_page-0001-724x1024.jpg 724w, https:\/\/www.radiopiu.net\/wordpress\/wp-content\/uploads\/2019\/07\/Immagini-sacre-nelle-dolomiti-tirolesi-e-italiane-1_page-0001.jpg 1241w\" sizes=\"auto, (max-width: 182px) 100vw, 182px\" \/><\/a>AGORDO\u00a0<\/strong>\u00a0Domenica 14 luglio alle ore 17.00 viene inaugurata presso la sala riunioni della Bi-blioteca Civica di Agordo l\u2019esposizione della collezione di \u201csantini\u201d di Sisto Manaigo. Queste piccole stampe, comuni nella tradizione religiosa, diventano oggetti che vanno oltre il sacro e la devozione personale: raccolti e catalogati in serie, in base alla tipologia, allo stile del disegno o dei dettagli, sono pezzi da collezioni unici e particolari. Manaigo ha messo in-sieme alcune serie di queste immagini sacre provenienti dalle zone circostanti il proprio paese natale Cortina d\u2019Ampezzo e quindi sia di tradizione tedesca che italiana. Il risultato \u00e8 un piacevole percorso in un particolare aspetto della cultura popolare che ha radici lon-tane nel tempo e ora viene riscoperto in questa semplice esposizione. La mostra, organizzata dal Comune di Agordo, Biblioteca Civica-Circolo Culturale Agordino, sar\u00e0 aperta dal 14 al 28 luglio dal luned\u00ec al venerd\u00ec dalle 16.00 alle 18.30 sabato e domenica dalle 10.00 alle 12.00 e dalle 16.00 alle 18.30, ingresso libero.<\/p>\n<p>&nbsp;<\/p>\n<p>&nbsp;<\/p>\n<h3>Domenica con il Cai di Agordo in escursione<\/h3>\n<p><strong><a class=\"dt-pswp-item\" href=\"http:\/\/www.radiopiu.net\/wordpress\/wp-content\/uploads\/2019\/07\/ESCURSIONE_A_CIMA_DEL_FRATE_page-0001.jpg\" data-dt-img-description=\"\" data-large_image_width=\"1241\" data-large_image_height=\"1755\"><img loading=\"lazy\" decoding=\"async\" class=\"wp-image-91064 alignleft\" src=\"http:\/\/www.radiopiu.net\/wordpress\/wp-content\/uploads\/2019\/07\/ESCURSIONE_A_CIMA_DEL_FRATE_page-0001-212x300.jpg\" alt=\"\" width=\"113\" height=\"160\" srcset=\"https:\/\/www.radiopiu.net\/wordpress\/wp-content\/uploads\/2019\/07\/ESCURSIONE_A_CIMA_DEL_FRATE_page-0001-212x300.jpg 212w, https:\/\/www.radiopiu.net\/wordpress\/wp-content\/uploads\/2019\/07\/ESCURSIONE_A_CIMA_DEL_FRATE_page-0001-768x1086.jpg 768w, https:\/\/www.radiopiu.net\/wordpress\/wp-content\/uploads\/2019\/07\/ESCURSIONE_A_CIMA_DEL_FRATE_page-0001-724x1024.jpg 724w, https:\/\/www.radiopiu.net\/wordpress\/wp-content\/uploads\/2019\/07\/ESCURSIONE_A_CIMA_DEL_FRATE_page-0001.jpg 1241w\" sizes=\"auto, (max-width: 113px) 100vw, 113px\" \/><\/a>AGORDO<\/strong> Domenica escursione nel Gruppo della Cima d&#8217;Asta, in una zona selvaggia e poco frequentata, punteggiata di numerosi laghetti ed aspri contrafforti rocciosi. Uno di questi monoliti granitici che prende il nome dalle sembianze di un frate in preghiera, sar\u00e0 la nostra meta. La zona dei Lagorai &#8211; Cima d&#8217;Asta \u00e8 stata teatro di combattimenti nella Prima Guerra Mondiale e ne conserva ancora oggi numerose testimonianze. Escursione classificata <strong>EE <\/strong>con importante dislivello. Info ed iscrizioni telefonando al 380. 6983040 dalle 16 alle\u00a0 21 da mercoled\u00ec<\/p>\n<p>&nbsp;<\/p>\n<p>&nbsp;<\/p>\n<p>&nbsp;<\/p>\n<p><strong>VAL DI ZOLDO<\/strong> La mostra &#8220;Le barche dei Casal, capolavoro degli squerarioli di Zoldo a Venezia&#8221; sar\u00e0 ufficialmente presentata alla stampa domani alle\u00a0 11 in\u00a0 \u201cSala Piloni\u201d della Provincia di Belluno. La mostra \u00a0avr\u00e0 luogo dal 13 luglio al 27 ottobre\u00a0 presso la Sala \u201cAlmerindo Rizzardini\u201d in Piazza G. Angelini a Fusine di Val di Zoldo.\u00a0 inaugurazione sabato 13 luglio alle 18. Introduce il Sindaco di Val di Zoldo.\u00a0 Interverranno il Curatore della Mostra,\u00a0 i rappresentati di Amministrazione Provinciale di Belluno, Regione Veneto, Comune di Venezia, Fondazione Musei Civici Veneziani, Museo Correr, Archivio di Stato di Venezia, Associazione Arzan\u00e0<\/p>\n<p>&nbsp;<\/p>\n<p>&nbsp;<\/p>\n<p><strong>AGORDO\u00a0<\/strong> Sabato\u00a0 alle\u00a0 20.30 presso la sala Don Ferdinando Tamis ad Agordo, l&#8217;appassionato di astronomia Claudio Pra terr\u00e0 una conferenza per ricordare lo storico sbarco dell&#8217;uomo sulla Luna, avvenuto 50 anni fa nel luglio del 1969. La serata \u00e8 gratuita ed aperta a tutti e se il tempo lo permetter\u00e0 seguir\u00e0 l&#8217;osservazione del nostro satellite naturale al telescopio.<\/p>\n<p>&nbsp;<\/p>\n<p>&nbsp;<\/p>\n<h3>LE VOCI DEL BORGO SABATO 13 E DOMENICA 14<\/h3>\n<p><strong>ROCCA PIETORE<\/strong> Il Comitato Borgo di Sottoguda\u00a0 organizza appuntamenti in musica\u00a0 per le vie del villaggio nel fine settimana. Il Coro Improvvisando di Conegliano canter\u00e0 sabato.\u00a0 Domenica\u00a0 inaugurazione del nuovo parco giochi, con la\u00a0 Messa\u00a0 delle 11 accompagnata\u00a0 dal Coro Alpini Gemona.<\/p>\n<p>&nbsp;<\/p>\n<p>&nbsp;<\/p>\n<p>&nbsp;<\/p>\n<h2>Abitare i luoghi lontani La montagna Possibile<\/h2>\n<p><strong>VAL DI ZOLDO<\/strong> Venerdi\u00a0 a Zoldo si terr\u00e0 un convegno con tema l&#8217;abitare in montagna e in che modi contrastarne lo spopolamento. Alle 17 al Cinema di Dont interverranno: Camillo De Pellegrin &#8211; SINDACO DI VAL DI ZOLDO, \u00a0Massimo Ferasin\u00a0 ASSOCIAZIONE \u201cI BEGARER DA COZOLVER\u201d. Dalle 17.30 \u00a0&#8220;Creativit\u00e0 del margine e immaginazione politica&#8221; con\u00a0 Alessandra Bonazzi PROFESSORESSA ORDINARIA DIPARTIMENTO DI FILOSOFIA E COMUNICAZIONE UNIVERSIT\u00c0 DEGLI STUDI DI BOLOGNA. &#8221; Villaggi alpini tra recupero dell\u2019esistente e nuove visioni per il futuro della montagna. Quali politiche per i borghi minori? di\u00a0 Maria Anna Bertolino DOTTORE DI RICERCA IN SCIENZE ANTROPOLOGICHE &#8211; POLITECNICO DI TORINO. &#8220;La programmazione dei fondi strutturali e d\u2019investimento europei. La nuova visione della montagna&#8221; con Flaminio Da Deppo PRESIDENTE GAL ALTO BELLUNESE. Al termine dibattito e conclusioni di\u00a0 Renzo Bortolot SINDACO DI ZOPP\u00c8 DI CADORE &#8211; PRESIDENTE DELLA MAGNIFICA COMUNIT\u00c0 DI CADORE<\/p>\n<p>&nbsp;<\/p>\n<p>&nbsp;<\/p>\n<p>&nbsp;<\/p>\n<h3>ADVENTURE OUTDOOR AI PIANI DI PEZZE&#8217;<\/h3>\n<p><strong>ALLEGHE<\/strong> Dal 25 al 28 luglio arriva l&#8217;Adventure Outdoor Fest: Sport, Avventura, Emozioni, numerosi ospiti e la possibilita\u0300 per tutti, di vivere nuove esperienze outdoor in un weekend a pieno contatto con la natura. L&#8217;inaugurazione\u00a0 giovedi 25 a Rocca Pietore e, da venerdi 26 a Domenica 28, il villaggio del Festival sar\u00e0 a Piani di Pezz\u00e8 (Alleghe). Arrampicata, MTB, Slackline, Yoga, Acroyoga, Trail Running, Trekking, corsi di sopravvivenza e tante altre attivit\u00e0 speciali. Non solo sport, ma anche musica, cinema, aperitivi, incontri, libri, degustazioni ed esibizioni spettacolari, per vivere un weekend pieno di Avventura ed Emozioni. Informazioni e iscrizioni alle attivit\u00e0 del festival: Www.adventureoutdoorfest.com<\/p>\n<p>&nbsp;<\/p>\n<p>&nbsp;<\/p>\n<p>&nbsp;<\/p>\n<p>&nbsp;<\/p>\n<p><a class=\"dt-pswp-item\" href=\"http:\/\/www.radiopiu.net\/wordpress\/wp-content\/uploads\/2018\/09\/viabilita.jpeg\" data-dt-img-description=\"\" data-large_image_width=\"800\" data-large_image_height=\"100\"><img loading=\"lazy\" decoding=\"async\" class=\"alignnone size-full wp-image-61954\" src=\"http:\/\/www.radiopiu.net\/wordpress\/wp-content\/uploads\/2018\/09\/viabilita.jpeg\" alt=\"\" width=\"800\" height=\"100\" srcset=\"https:\/\/www.radiopiu.net\/wordpress\/wp-content\/uploads\/2018\/09\/viabilita.jpeg 800w, https:\/\/www.radiopiu.net\/wordpress\/wp-content\/uploads\/2018\/09\/viabilita-300x38.jpeg 300w, https:\/\/www.radiopiu.net\/wordpress\/wp-content\/uploads\/2018\/09\/viabilita-768x96.jpeg 768w\" sizes=\"auto, (max-width: 800px) 100vw, 800px\" \/><\/a><\/p>\n<p>&nbsp;<\/p>\n<p><strong>PROVINCIALE 563 DI SALESEI<\/strong> Fino al 9 agosto (festivi e prefestivi esclusi) senso unico alternato in localit\u00e0 Salesei per la posa di protezioni sul versante.<\/p>\n<p><strong>PROVINCIALE 641 DI PASSO FEDAIA<\/strong> Dall&#8217;8 luglio al 9 agosto senso unico alternato tra Malga Ciapela e Sottoguda per la posa di nuovo cavidotto<\/p>\n<p><strong>REGIONALE 346 DEL SAN PELLEGRINO, TRATTI DI STRADA TRA FALCADE, CANALE D&#8217;AGORDO E VALLADA: <\/strong>Fino al 21 luglio dalle 8 alle 17, festivi e prefestivi inclusi, saltuario senso unico alternato regolato da movieri per lavori sostituzione conduttori linea elettrica alta tensione.<\/p>\n<p><strong>REGIONALE 203 AGORDINA, A SUD DI PONTE ALTO COMUNE DI AGORDO<\/strong>: Fino al 12 luglio (sabato e domenica esclusi) restringimento di carreggiata e senso unico alternato regolato da moviere.<\/p>\n<p><strong>REGIONALE 203 AGORDINA LOCALITA&#8217; LE CAMPE (La Valle):<\/strong> Fino al 15 luglio con esclusione dei giorni festivi e prefestivi, dalle 7.30 alle 8.30, dalle 16.30 alle 17.30 senso unico alternato regolato da movieri,\u00a0 dalle 8.30 alle 16.30 senso unico semaforico, per lavori ripristino rete fognaria<\/p>\n<p><strong>PROVINCIALE 347 PASSO CEREDA: CHIUSURA.<\/strong> Fino all&#8217;11 luglio dalle 8.15 alle 12.30 e dalle 14 alle 17.30 con esclusione dei giorni festivi e prefestivi, chiusura tra Chiesa e Pradel in Comune di Val di Zoldo per lavori di asfaltatura.<\/p>\n<p><strong>LA VALLE\u00a0 <\/strong>Fino\u00a031 luglio (festivi e prefestivi esclusi) senso unico a seconda delle esigenze con semaforo o movieri lungo la regionale 203 agordina in localit\u00e0 La Muda<\/p>\n<p><strong>PROVINCIALE 563 DI SALESEI <\/strong>Fino al 19 luglio\u00a0 In localit\u00e0 Sopracordevole in Comune di Rocca Pietore senso unico alternato con semaforo o movieri e divieto di transito ai mezzi con massa superiore a 7,5 tonellate.<\/p>\n<p>&nbsp;<\/p>\n<p>&nbsp;<\/p>\n<p>&nbsp;<\/p>\n<p>&nbsp;<\/p>\n<p><a class=\"dt-pswp-item\" href=\"http:\/\/www.radiopiu.net\/wordpress\/wp-content\/uploads\/2018\/09\/sport.jpg\" data-dt-img-description=\"\" data-large_image_width=\"800\" data-large_image_height=\"100\"><img loading=\"lazy\" decoding=\"async\" class=\"alignnone wp-image-60761 size-full\" src=\"http:\/\/www.radiopiu.net\/wordpress\/wp-content\/uploads\/2018\/09\/sport.jpg\" alt=\"\" width=\"800\" height=\"100\" srcset=\"https:\/\/www.radiopiu.net\/wordpress\/wp-content\/uploads\/2018\/09\/sport.jpg 800w, https:\/\/www.radiopiu.net\/wordpress\/wp-content\/uploads\/2018\/09\/sport-300x38.jpg 300w, https:\/\/www.radiopiu.net\/wordpress\/wp-content\/uploads\/2018\/09\/sport-768x96.jpg 768w\" sizes=\"auto, (max-width: 800px) 100vw, 800px\" \/><\/a><\/p>\n<h2>I CAMPI DEI MINIOTTAVI DEL CAMPIONATO AGORDINO DI CALCIO<\/h2>\n<p><a class=\"dt-pswp-item\" href=\"http:\/\/www.radiopiu.net\/wordpress\/wp-content\/uploads\/2019\/07\/TABELLONE-FINALE-CAMPIONATO-AGORDINO-2019-Foglio1-Foglio1.jpg\" data-dt-img-description=\"\" data-large_image_width=\"1754\" data-large_image_height=\"1239\"><img loading=\"lazy\" decoding=\"async\" class=\"wp-image-91193 alignleft\" src=\"http:\/\/www.radiopiu.net\/wordpress\/wp-content\/uploads\/2019\/07\/TABELLONE-FINALE-CAMPIONATO-AGORDINO-2019-Foglio1-Foglio1-1024x723.jpg\" alt=\"\" width=\"299\" height=\"211\" srcset=\"https:\/\/www.radiopiu.net\/wordpress\/wp-content\/uploads\/2019\/07\/TABELLONE-FINALE-CAMPIONATO-AGORDINO-2019-Foglio1-Foglio1-1024x723.jpg 1024w, https:\/\/www.radiopiu.net\/wordpress\/wp-content\/uploads\/2019\/07\/TABELLONE-FINALE-CAMPIONATO-AGORDINO-2019-Foglio1-Foglio1-300x212.jpg 300w, https:\/\/www.radiopiu.net\/wordpress\/wp-content\/uploads\/2019\/07\/TABELLONE-FINALE-CAMPIONATO-AGORDINO-2019-Foglio1-Foglio1-768x543.jpg 768w, https:\/\/www.radiopiu.net\/wordpress\/wp-content\/uploads\/2019\/07\/TABELLONE-FINALE-CAMPIONATO-AGORDINO-2019-Foglio1-Foglio1.jpg 1754w\" sizes=\"auto, (max-width: 299px) 100vw, 299px\" \/><\/a><\/p>\n<p>Sono stati estratti ieri sera all&#8217;interno di \u201cCampionato Agordino Show\u201d i campi che ospiteranno i miniottavi di finale del Memorial Denis Tonin. Taibon e Cencenighe ospiteranno domenica prossima le 4 partite valide per la prima fase finale del torneo. In base alle prime 2 partite estratte si \u00e8 composto il tabellone ufficiale. A TAIBON Ore 15.00 Gosaldo &#8211; Agordo 2009 Ore 17.30 La Valle &#8211; Rivamonte A CENCENIGHE Ore 15.00 Frassen\u00e8 &#8211; Le Ville Ore 17.30 Vallada &#8211; Atletico Caviola<\/p>\n<p><a class=\"dt-pswp-item\" href=\"http:\/\/www.radiopiu.net\/wordpress\/wp-content\/uploads\/2019\/07\/ESTRAZIONE-2.jpeg\" data-dt-img-description=\"\" data-large_image_width=\"899\" data-large_image_height=\"1599\">\u00a0<\/a><\/p>\n<p><strong>IL VIDEO DELLA DIRETTA FACEBOOK DI IERI SERA<\/strong><\/p>\n<div id=\"fb-root\"><\/div>\n<p><script async=\"1\" defer=\"1\" crossorigin=\"anonymous\" src=\"https:\/\/connect.facebook.net\/it_IT\/sdk.js#xfbml=1&amp;version=v6.0\"><\/script><\/p>\n<div class=\"fb-video\" data-href=\"https:\/\/www.facebook.com\/marcobaghy\/videos\/10219407983414323\/\" data-width=\"1200\">\n<blockquote cite=\"https:\/\/www.facebook.com\/marcobaghy\/videos\/10219407983414323\/\" class=\"fb-xfbml-parse-ignore\"><p><a href=\"https:\/\/www.facebook.com\/marcobaghy\/videos\/10219407983414323\/\"><\/a><\/p>\n<p>In diretta dallo studio 1 di Radio Pi\u00f9 l&#039;estrazione delle partite e dei campi dei miniottavi di finale del Campionato Agordino di calcio<\/p>\n<p>Pubblicato da <a href=\"https:\/\/www.facebook.com\/marcobaghy\">Marco Gaz<\/a> su Luned\u00ec 8 luglio 2019<\/p><\/blockquote>\n<\/div>\n<p>&nbsp;<\/p>\n<p>&nbsp;<\/p>\n<p>&nbsp;<\/p>\n<p>&nbsp;<\/p>\n<h3>I GIOVANI DELL&#8217;AGORDINA CALCIO A TAIBON PER UN CORSO ESTIVO<\/h3>\n<p><a class=\"dt-pswp-item\" href=\"http:\/\/www.radiopiu.net\/wordpress\/wp-content\/uploads\/2019\/07\/AGORDINA-GIOVANILE-2.jpeg\" data-dt-img-description=\"\" data-large_image_width=\"777\" data-large_image_height=\"1600\"><img loading=\"lazy\" decoding=\"async\" class=\" wp-image-91133 alignleft\" src=\"http:\/\/www.radiopiu.net\/wordpress\/wp-content\/uploads\/2019\/07\/AGORDINA-GIOVANILE-2-146x300.jpeg\" alt=\"\" width=\"173\" height=\"355\" srcset=\"https:\/\/www.radiopiu.net\/wordpress\/wp-content\/uploads\/2019\/07\/AGORDINA-GIOVANILE-2-146x300.jpeg 146w, https:\/\/www.radiopiu.net\/wordpress\/wp-content\/uploads\/2019\/07\/AGORDINA-GIOVANILE-2-768x1581.jpeg 768w, https:\/\/www.radiopiu.net\/wordpress\/wp-content\/uploads\/2019\/07\/AGORDINA-GIOVANILE-2-497x1024.jpeg 497w, https:\/\/www.radiopiu.net\/wordpress\/wp-content\/uploads\/2019\/07\/AGORDINA-GIOVANILE-2.jpeg 777w\" sizes=\"auto, (max-width: 173px) 100vw, 173px\" \/><\/a>Non sono iniziate le ferie per i giovani calciatori dell&#8217;Agordina Calcio. La societ\u00e0 del presidente Cosmo Forcella, in collaborazione con l&#8217;allenatore delle giovanili Giorgio Tormen, ha organizzato a Taibon Agordino un \u201cSummer Camp\u201d di 15 giorni per mantenere in allenamento i ragazzi con tecniche e perfezionamenti in vissta della prossima stagione. Il corso, della durata di 15 giorni, si svolge sul campo sintetico di Taibon grazie alla collaborazione con il Gruppo Sportivo che ha messo a disposizione l&#8217;impianto. 2 le settimane dedicate all&#8217;apprendimento delle tecniche calcistiche curate nei minimi dettagli dall&#8217;allenatore Giorgio Tormen. 34 i ragazzi che si alterneranno in due turni a settimana. Si pu\u00f2 dire che la stagione dell&#8217;Agordina giovanile \u00e8 iniziata ieri con qualche mese di anticipo.<\/p>\n<p>&nbsp;<\/p>\n<p><strong>LA FOTO GALLERY DELLA PRIMA GIORNATA DI ALLENAMENTI<\/strong><\/p>\n\n\t\t\t<style type='text\/css'>\n\t\t\t\t#gallery-2 {\n\t\t\t\t\tmargin: auto;\n\t\t\t\t}\n\t\t\t\t#gallery-2 .gallery-item {\n\t\t\t\t\tfloat: left;\n\t\t\t\t\tmargin-top: 10px;\n\t\t\t\t\ttext-align: center;\n\t\t\t\t\twidth: 33%;\n\t\t\t\t}\n\t\t\t\t#gallery-2 img {\n\t\t\t\t\tborder: 2px solid #cfcfcf;\n\t\t\t\t}\n\t\t\t\t#gallery-2 .gallery-caption {\n\t\t\t\t\tmargin-left: 0;\n\t\t\t\t}\n\t\t\t\t\/* see gallery_shortcode() in wp-includes\/media.php *\/\n\t\t\t<\/style>\n\t\t<div id='gallery-2' class='dt-gallery-container gallery galleryid-91061 gallery-columns-3 gallery-size-medium'><dl class='gallery-item'>\n\t\t\t\t<dt class='gallery-icon landscape'>\n\t\t\t\t\t<a class=\"rollover\" href='https:\/\/www.radiopiu.net\/wordpress\/i-giovani-dellagordina-calcio-a-taibon-per-un-corso-estivo\/agordina-giovanile-1\/'><img loading=\"lazy\" decoding=\"async\" width=\"300\" height=\"146\" src=\"https:\/\/www.radiopiu.net\/wordpress\/wp-content\/uploads\/2019\/07\/AGORDINA-GIOVANILE-1-300x146.jpeg\" class=\"attachment-medium size-medium\" alt=\"\" srcset=\"https:\/\/www.radiopiu.net\/wordpress\/wp-content\/uploads\/2019\/07\/AGORDINA-GIOVANILE-1-300x146.jpeg 300w, https:\/\/www.radiopiu.net\/wordpress\/wp-content\/uploads\/2019\/07\/AGORDINA-GIOVANILE-1-768x373.jpeg 768w, https:\/\/www.radiopiu.net\/wordpress\/wp-content\/uploads\/2019\/07\/AGORDINA-GIOVANILE-1-1024x497.jpeg 1024w, https:\/\/www.radiopiu.net\/wordpress\/wp-content\/uploads\/2019\/07\/AGORDINA-GIOVANILE-1.jpeg 1600w\" sizes=\"auto, (max-width: 300px) 100vw, 300px\" \/><\/a>\n\t\t\t\t<\/dt><\/dl><dl class='gallery-item'>\n\t\t\t\t<dt class='gallery-icon landscape'>\n\t\t\t\t\t<a class=\"rollover\" href='https:\/\/www.radiopiu.net\/wordpress\/i-giovani-dellagordina-calcio-a-taibon-per-un-corso-estivo\/agordina-giovanile-3\/'><img loading=\"lazy\" decoding=\"async\" width=\"300\" height=\"146\" src=\"https:\/\/www.radiopiu.net\/wordpress\/wp-content\/uploads\/2019\/07\/AGORDINA-GIOVANILE-3-300x146.jpeg\" class=\"attachment-medium size-medium\" alt=\"\" srcset=\"https:\/\/www.radiopiu.net\/wordpress\/wp-content\/uploads\/2019\/07\/AGORDINA-GIOVANILE-3-300x146.jpeg 300w, https:\/\/www.radiopiu.net\/wordpress\/wp-content\/uploads\/2019\/07\/AGORDINA-GIOVANILE-3-768x373.jpeg 768w, https:\/\/www.radiopiu.net\/wordpress\/wp-content\/uploads\/2019\/07\/AGORDINA-GIOVANILE-3-1024x497.jpeg 1024w, https:\/\/www.radiopiu.net\/wordpress\/wp-content\/uploads\/2019\/07\/AGORDINA-GIOVANILE-3.jpeg 1600w\" sizes=\"auto, (max-width: 300px) 100vw, 300px\" \/><\/a>\n\t\t\t\t<\/dt><\/dl><dl class='gallery-item'>\n\t\t\t\t<dt class='gallery-icon landscape'>\n\t\t\t\t\t<a class=\"rollover\" href='https:\/\/www.radiopiu.net\/wordpress\/i-giovani-dellagordina-calcio-a-taibon-per-un-corso-estivo\/agordina-giovanile-4\/'><img loading=\"lazy\" decoding=\"async\" width=\"300\" height=\"146\" src=\"https:\/\/www.radiopiu.net\/wordpress\/wp-content\/uploads\/2019\/07\/AGORDINA-GIOVANILE-4-300x146.jpeg\" class=\"attachment-medium size-medium\" alt=\"\" srcset=\"https:\/\/www.radiopiu.net\/wordpress\/wp-content\/uploads\/2019\/07\/AGORDINA-GIOVANILE-4-300x146.jpeg 300w, https:\/\/www.radiopiu.net\/wordpress\/wp-content\/uploads\/2019\/07\/AGORDINA-GIOVANILE-4-768x373.jpeg 768w, https:\/\/www.radiopiu.net\/wordpress\/wp-content\/uploads\/2019\/07\/AGORDINA-GIOVANILE-4-1024x497.jpeg 1024w, https:\/\/www.radiopiu.net\/wordpress\/wp-content\/uploads\/2019\/07\/AGORDINA-GIOVANILE-4.jpeg 1600w\" sizes=\"auto, (max-width: 300px) 100vw, 300px\" \/><\/a>\n\t\t\t\t<\/dt><\/dl><br style=\"clear: both\" \/><dl class='gallery-item'>\n\t\t\t\t<dt class='gallery-icon landscape'>\n\t\t\t\t\t<a class=\"rollover\" href='https:\/\/www.radiopiu.net\/wordpress\/i-giovani-dellagordina-calcio-a-taibon-per-un-corso-estivo\/agordina-giovanile-5\/'><img loading=\"lazy\" decoding=\"async\" width=\"300\" height=\"146\" src=\"https:\/\/www.radiopiu.net\/wordpress\/wp-content\/uploads\/2019\/07\/AGORDINA-GIOVANILE-5-300x146.jpeg\" class=\"attachment-medium size-medium\" alt=\"\" srcset=\"https:\/\/www.radiopiu.net\/wordpress\/wp-content\/uploads\/2019\/07\/AGORDINA-GIOVANILE-5-300x146.jpeg 300w, https:\/\/www.radiopiu.net\/wordpress\/wp-content\/uploads\/2019\/07\/AGORDINA-GIOVANILE-5-768x373.jpeg 768w, https:\/\/www.radiopiu.net\/wordpress\/wp-content\/uploads\/2019\/07\/AGORDINA-GIOVANILE-5-1024x497.jpeg 1024w, https:\/\/www.radiopiu.net\/wordpress\/wp-content\/uploads\/2019\/07\/AGORDINA-GIOVANILE-5.jpeg 1600w\" sizes=\"auto, (max-width: 300px) 100vw, 300px\" \/><\/a>\n\t\t\t\t<\/dt><\/dl><dl class='gallery-item'>\n\t\t\t\t<dt class='gallery-icon landscape'>\n\t\t\t\t\t<a class=\"rollover\" href='https:\/\/www.radiopiu.net\/wordpress\/i-giovani-dellagordina-calcio-a-taibon-per-un-corso-estivo\/agordina-giovanile-6\/'><img loading=\"lazy\" decoding=\"async\" width=\"300\" height=\"146\" src=\"https:\/\/www.radiopiu.net\/wordpress\/wp-content\/uploads\/2019\/07\/AGORDINA-GIOVANILE-6-300x146.jpeg\" class=\"attachment-medium size-medium\" alt=\"\" srcset=\"https:\/\/www.radiopiu.net\/wordpress\/wp-content\/uploads\/2019\/07\/AGORDINA-GIOVANILE-6-300x146.jpeg 300w, https:\/\/www.radiopiu.net\/wordpress\/wp-content\/uploads\/2019\/07\/AGORDINA-GIOVANILE-6-768x373.jpeg 768w, https:\/\/www.radiopiu.net\/wordpress\/wp-content\/uploads\/2019\/07\/AGORDINA-GIOVANILE-6-1024x497.jpeg 1024w, https:\/\/www.radiopiu.net\/wordpress\/wp-content\/uploads\/2019\/07\/AGORDINA-GIOVANILE-6.jpeg 1600w\" sizes=\"auto, (max-width: 300px) 100vw, 300px\" \/><\/a>\n\t\t\t\t<\/dt><\/dl><dl class='gallery-item'>\n\t\t\t\t<dt class='gallery-icon landscape'>\n\t\t\t\t\t<a class=\"rollover\" href='https:\/\/www.radiopiu.net\/wordpress\/i-giovani-dellagordina-calcio-a-taibon-per-un-corso-estivo\/agordina-giovanile-7\/'><img loading=\"lazy\" decoding=\"async\" width=\"300\" height=\"146\" src=\"https:\/\/www.radiopiu.net\/wordpress\/wp-content\/uploads\/2019\/07\/AGORDINA-GIOVANILE-7-300x146.jpeg\" class=\"attachment-medium size-medium\" alt=\"\" srcset=\"https:\/\/www.radiopiu.net\/wordpress\/wp-content\/uploads\/2019\/07\/AGORDINA-GIOVANILE-7-300x146.jpeg 300w, https:\/\/www.radiopiu.net\/wordpress\/wp-content\/uploads\/2019\/07\/AGORDINA-GIOVANILE-7-768x373.jpeg 768w, https:\/\/www.radiopiu.net\/wordpress\/wp-content\/uploads\/2019\/07\/AGORDINA-GIOVANILE-7-1024x497.jpeg 1024w, https:\/\/www.radiopiu.net\/wordpress\/wp-content\/uploads\/2019\/07\/AGORDINA-GIOVANILE-7.jpeg 1600w\" sizes=\"auto, (max-width: 300px) 100vw, 300px\" \/><\/a>\n\t\t\t\t<\/dt><\/dl><br style=\"clear: both\" \/>\n\t\t\t<\/div>\n\n<p>&nbsp;<\/p>\n<p>&nbsp;<\/p>\n<p>&nbsp;<\/p>\n<p>&nbsp;<\/p>\n<p>&nbsp;<\/p>\n<p>&nbsp;<\/p>\n<blockquote>\n<h3 class=\"p1\"><span class=\"s1\"><b>CAMPIONATO AGORDINO DI CALCIO <\/b><\/span><b style=\"font-size: 14px;\">7\u00b0 GIORNATA<\/b><\/h3>\n<\/blockquote>\n<p class=\"p1\"><span class=\"s1\"><b><a class=\"dt-pswp-item\" href=\"http:\/\/www.radiopiu.net\/wordpress\/wp-content\/uploads\/2019\/07\/TABELLONE-FINALE-CAMPIONATO-AGORDINO-2019-MINIOTTAVI.jpg\" data-dt-img-description=\"\" data-large_image_width=\"1754\" data-large_image_height=\"1239\"><img loading=\"lazy\" decoding=\"async\" class=\" wp-image-91016 alignleft\" src=\"http:\/\/www.radiopiu.net\/wordpress\/wp-content\/uploads\/2019\/07\/TABELLONE-FINALE-CAMPIONATO-AGORDINO-2019-MINIOTTAVI-300x212.jpg\" alt=\"\" width=\"222\" height=\"157\" srcset=\"https:\/\/www.radiopiu.net\/wordpress\/wp-content\/uploads\/2019\/07\/TABELLONE-FINALE-CAMPIONATO-AGORDINO-2019-MINIOTTAVI-300x212.jpg 300w, https:\/\/www.radiopiu.net\/wordpress\/wp-content\/uploads\/2019\/07\/TABELLONE-FINALE-CAMPIONATO-AGORDINO-2019-MINIOTTAVI-768x543.jpg 768w, https:\/\/www.radiopiu.net\/wordpress\/wp-content\/uploads\/2019\/07\/TABELLONE-FINALE-CAMPIONATO-AGORDINO-2019-MINIOTTAVI-1024x723.jpg 1024w, https:\/\/www.radiopiu.net\/wordpress\/wp-content\/uploads\/2019\/07\/TABELLONE-FINALE-CAMPIONATO-AGORDINO-2019-MINIOTTAVI.jpg 1754w\" sizes=\"auto, (max-width: 222px) 100vw, 222px\" \/><\/a>I RISULTATI <\/b><\/span><span class=\"s1\">GIRONE A <\/span>Cencenighe &#8211; Le Ville 2-2 <span class=\"s1\">Gosaldo &#8211; Voltago 0-1 <\/span><span class=\"s1\">Alleghe &#8211; Vallada 0-7 <\/span><span class=\"s1\">Caprile &#8211; Rivamonte 5-0 <\/span><span class=\"s1\">GIRONE B <\/span><span class=\"s1\">La Valle &#8211; Canale 5-2 <\/span><span class=\"s1\">Taibon &#8211; Agordo 2009 2-0 <\/span><span class=\"s1\">Frassen\u00e8 &#8211; Atletico Caviola 1-1 <\/span><span class=\"s1\">Riposa Fodom<\/span><\/p>\n<p class=\"p1\"><span class=\"s1\"><b>LA CLASSIFICA <\/b><\/span><span class=\"s1\">GIRONE A <\/span><span class=\"s1\">Voltago 16 <\/span><span class=\"s1\">Caprile 14 <\/span><span class=\"s1\">Vallada 14 <\/span><span class=\"s1\">Gosaldo 13 <\/span><span class=\"s1\">Le Ville 11 <\/span><span class=\"s1\">Rivamonte 7 <\/span><span class=\"s1\">Cencenighe 4 <\/span><span class=\"s1\">Alleghe 0 <\/span><span class=\"s1\">GIRONE B <\/span><span class=\"s1\">Fodom 18 <\/span><span class=\"s1\">Taibon 13 <\/span><span class=\"s1\">La Valle 12 <\/span><span class=\"s1\">Frassen\u00e8 8 <\/span><span class=\"s1\">Agordo 2009 4 <\/span><span class=\"s1\">Atletico Caviola 3 <\/span><span class=\"s1\">Canale 1<\/span><\/p>\n<p class=\"p1\"><span class=\"s1\"><b>PROSSIMO TURNO <\/b><\/span>MINIOTTAVI DI FINALE <span class=\"s1\">Alle 15 Frassen\u00e8 &#8211; Le Ville e Gosaldo &#8211; Agordo 2009 <\/span><span class=\"s1\">Alle 17:30 Vallada &#8211; Atletico Caviola e La Valle &#8211; Rivamonte <\/span><span class=\"s1\">I campi verranno estratti durante Campionato Agordino Show visto che ne Taibon ne Cencenighe partecipano ai miniottavi di finale.<\/span><\/p>\n<blockquote>\n<h3 class=\"p1\"><span class=\"s1\"><b>CAMPIONATO AGORDINO GIOVANILE <\/b><\/span><\/h3>\n<\/blockquote>\n<p class=\"p3\"><span class=\"s1\">\u00a0<\/span><strong>I risultati:<\/strong> Le Ville \u2013 La Valle 1-2, Fodom \u2013 Cencenighe 8-0, Alleghe \u2013 Taibon si gioca marted\u00ec 16 luglio alle 19. Ha riposato il Canale. <span class=\"s1\"><strong>Classifica:<\/strong> La Valle 12, Taibon*, Canale e Fodom 6, Le Ville 3, Alleghe* e Cencenighe 0 (* una partita in meno) <\/span><span class=\"s1\"><strong>Prossimo turno:<\/strong> sabato alle 16 Fodom \u2013 Taibon, La Valle \u2013 Canale, Le Ville \u2013 Alleghe. Riposa il Cencenighe<\/span><\/p>\n<blockquote>\n<h3 class=\"p1\"><span class=\"s1\"><b>CAMPIONATO AGORDINO FEMMINILE<\/b><\/span><\/h3>\n<\/blockquote>\n<p class=\"p1\"><span class=\"s1\"><strong>I risultati<\/strong>: Fodom \u2013 Taibon 1-2, Alleghe \u2013 Le Ville rinviata. Ha riposato il Voltago. <\/span><span class=\"s1\"><strong>Classifica:<\/strong> Voltago 15, Taibon 9, Le Ville* 5, Fodom e Alleghe* 4 (*una partita in meno) <\/span><span class=\"s1\"><strong>Prossimo turno<\/strong>: mercoled\u00ec 10 luglio alle 19:30 a Voltago Le Ville \u2013 Voltago, alle 20:30 a Boscoverde Alleghe \u2013 Taibon. Riposa il Fodom<\/span><\/p>\n<h2><\/h2>\n<p>&nbsp;<\/p>\n<p>&nbsp;<\/p>\n<h3>&#8230; DOMANI? LA MARATONA DLES DOLOMITES GUARDA ALL&#8217;ARTE PER IL 2020.<\/h3>\n<p><a class=\"dt-pswp-item\" href=\"http:\/\/www.radiopiu.net\/wordpress\/wp-content\/uploads\/2019\/07\/WhatsApp-Image-2019-07-08-at-09.29.55.jpeg\" data-dt-img-description=\"\" data-large_image_width=\"1600\" data-large_image_height=\"882\"><img loading=\"lazy\" decoding=\"async\" class=\"wp-image-91047 alignleft\" src=\"http:\/\/www.radiopiu.net\/wordpress\/wp-content\/uploads\/2019\/07\/WhatsApp-Image-2019-07-08-at-09.29.55-1024x564.jpeg\" alt=\"\" width=\"259\" height=\"143\" srcset=\"https:\/\/www.radiopiu.net\/wordpress\/wp-content\/uploads\/2019\/07\/WhatsApp-Image-2019-07-08-at-09.29.55-1024x564.jpeg 1024w, https:\/\/www.radiopiu.net\/wordpress\/wp-content\/uploads\/2019\/07\/WhatsApp-Image-2019-07-08-at-09.29.55-300x165.jpeg 300w, https:\/\/www.radiopiu.net\/wordpress\/wp-content\/uploads\/2019\/07\/WhatsApp-Image-2019-07-08-at-09.29.55-768x423.jpeg 768w, https:\/\/www.radiopiu.net\/wordpress\/wp-content\/uploads\/2019\/07\/WhatsApp-Image-2019-07-08-at-09.29.55.jpeg 1600w\" sizes=\"auto, (max-width: 259px) 100vw, 259px\" \/><\/a><\/p>\n<blockquote><p><em>foto, conferenza stampa di sabato con Martina Colombari<\/em><\/p>\n<p>ALLA MARATONA DLES DOLOMITES\u00a0 LE SENZAZIONI, LE EMOZIONI, LE CONSIDERAZIONI DEGLI ADDETTI AI LAVORI, MA ANCHE DI PERSONAGGI NOTI PRESENTI NEL FINE SETTIMANA A CORVARA IN VAL BADIA.<\/p>\n<p>IL PATRON MICHIL COSTA,\u00a0 \u00a0ROBERTO HUBER DIRETTORE DELL&#8217;AZIENDA TURISTICA ALTA BADIA,\u00a0 FAUSTO PINARELLO, GIOVANNI BRUNO, MARIA CANINS E DAVIDE STOFFIE<\/p><\/blockquote>\n<p><span style=\"color: #ff0000;\"><strong>audio, dal reporter di RADIO PIU 10.30\/1900<\/strong><\/span><\/p>\n<audio class=\"wp-audio-shortcode\" id=\"audio-91061-16\" preload=\"none\" style=\"width: 100%;\" controls=\"controls\"><source type=\"audio\/mpeg\" src=\"http:\/\/www.radiopiu.net\/wordpress\/wp-content\/uploads\/2019\/07\/maratona-interviste.mp3?_=16\" \/><a href=\"http:\/\/www.radiopiu.net\/wordpress\/wp-content\/uploads\/2019\/07\/maratona-interviste.mp3\">http:\/\/www.radiopiu.net\/wordpress\/wp-content\/uploads\/2019\/07\/maratona-interviste.mp3<\/a><\/audio>\n<p>&nbsp;<\/p>\n<p>&nbsp;<\/p>\n<p>&nbsp;<\/p>\n<p>&nbsp;<\/p>\n<p>&nbsp;<\/p>\n<p><a class=\"dt-pswp-item\" href=\"http:\/\/www.radiopiu.net\/wordpress\/wp-content\/uploads\/2018\/09\/WhatsApp-Image-2018-09-20-at-16.04.06.jpeg\" data-dt-img-description=\"\" data-large_image_width=\"800\" data-large_image_height=\"100\"><img loading=\"lazy\" decoding=\"async\" class=\"alignnone wp-image-61378 size-full\" src=\"http:\/\/www.radiopiu.net\/wordpress\/wp-content\/uploads\/2018\/09\/WhatsApp-Image-2018-09-20-at-16.04.06.jpeg\" alt=\"\" width=\"800\" height=\"100\" srcset=\"https:\/\/www.radiopiu.net\/wordpress\/wp-content\/uploads\/2018\/09\/WhatsApp-Image-2018-09-20-at-16.04.06.jpeg 800w, https:\/\/www.radiopiu.net\/wordpress\/wp-content\/uploads\/2018\/09\/WhatsApp-Image-2018-09-20-at-16.04.06-300x38.jpeg 300w, https:\/\/www.radiopiu.net\/wordpress\/wp-content\/uploads\/2018\/09\/WhatsApp-Image-2018-09-20-at-16.04.06-768x96.jpeg 768w\" sizes=\"auto, (max-width: 800px) 100vw, 800px\" \/><\/a><\/p>\n<p>&nbsp;<\/p>\n<p>&nbsp;<\/p>\n<div><center><b>Martedi 9<\/b><\/center><b>Tempo atteso: <\/b>Al mattino parzialmente soleggiato, con nuvolosit\u00e0 irregolare e possibilit\u00e0 di primi fenomeni da met\u00e0-tarda mattinata. Nel pomeriggio e in serata cielo irregolarmente o molto nuvoloso con fenomeni anche frequenti, solo occasionalmente temporaleschi. Clima relativamente fresco.<br \/>\n<b>Precipitazioni: <\/b>Al mattino inizialmente assenti, poi da met\u00e0-tarda mattinata probabilit\u00e0 crescente fino a medio-alta (60\/70%) di rovesci sparsi o isolati temporali, che potranno proseguire in serata.<br \/>\n<b>Temperature: <\/b>In ulteriore lieve diminuzione, su valori leggermente inferiori alla norma. Su Prealpi a 1500 m min 11\u00b0C max 16\u00b0C, a 2000 m min 9\u00b0C max 13\u00b0C. Su Dolomiti a 2000 m min 9\u00b0C max 14\u00b0C, a 3000 m min 3\u00b0C max 5\u00b0C.<br \/>\n<b>Venti: <\/b>Nelle valli perlopi\u00f9 deboli a regime di brezza; in quota deboli\/moderati occidentali, a 5-15 km\/h a 2000 m, 15-25 km\/h a 3000 m.<\/div>\n<hr \/>\n<p><center><b>Mercoledi 10<\/b><\/center><b>Tempo atteso: <\/b>Dopo l&#8217;esaurimento della possibile instabilit\u00e0 notturna, la giornata sar\u00e0 pi\u00f9 soleggiata delle precedenti, con ampi spazi di sereno e modesta attivit\u00e0 cumuliforme diurna, nella maggior parte dei casi senza alcun fenomeno. Clima relativamente fresco.<br \/>\n<b>Precipitazioni: <\/b>Nella notte possibili residui rovesci, specie su Prealpi (30\/40%); in mattinata assenti (0%); al pomeriggio non escluso del tutto qualche isolato piovasco (10\/30%).<br \/>\n<b>Temperature: <\/b>In lieve calo in quota, senza variazioni di rilievo nelle valli. Su Prealpi a 1500 m min 10\u00b0C max 16\u00b0C, a 2000 m min 8\u00b0C max 13\u00b0C. Su Dolomiti a 2000 m min 6\u00b0C max 11\u00b0C, a 3000 m min 1\u00b0C max 4\u00b0C.<br \/>\n<b>Venti: <\/b>Nelle valli deboli o moderati a regime di brezza; in quota da deboli a moderati settentrionali, a 5-20 km\/h a 2000 m, 15-35 km\/h a 3000 m.<\/p>\n<hr \/>\n<p><center><b>Giovedi 11<\/b><\/center>Parzialmente soleggiato e abbastanza stabile, anche se con nuvolosit\u00e0 cumuliforme pi\u00f9 sviluppata di mercoled\u00ec, e non si potr\u00e0 escludere qualche breve rovescio pomeridiano. Clima mattutino fresco e temperature massime stazionarie. Venti in quota deboli o moderati da Nord-Ovest.<\/p>\n<hr \/>\n<p><center><b>Venerdi 12<\/b><\/center>Tempo nuovamente pi\u00f9 instabile, con schiarite mattutine e nuvolosit\u00e0 irregolare cumuliforme pomeridiana, cui si potranno associare rovesci e temporali sparsi. Clima sempre relativamente fresco per il periodo. Previsore: G.M.<\/p>\n<hr \/>\n","protected":false},"excerpt":{"rendered":"<p>Due casi: la morte di Elvi Sandon morto in casa dopo una visita al pronto soccorso e subito dimesso, quindi l&#8217;automobilista picchiato dimesso dallo stesso Pronto Soccorso del San Martino con una prognosi di 8 giorni e poi ricoverato in gravi condizioni. Mentre la Procura procede per la propria strada con le indagini i sindacati&hellip;<\/p>\n","protected":false},"author":1,"featured_media":91144,"comment_status":"closed","ping_status":"closed","sticky":false,"template":"","format":"standard","meta":{"_monsterinsights_skip_tracking":false,"_monsterinsights_sitenote_active":false,"_monsterinsights_sitenote_note":"","_monsterinsights_sitenote_category":0,"footnotes":""},"categories":[86],"tags":[],"class_list":["post-91061","post","type-post","status-publish","format-standard","has-post-thumbnail","hentry","category-gr","category-86","description-off"],"img_url":"https:\/\/www.radiopiu.net\/wordpress\/wp-content\/uploads\/2019\/07\/41c1e447-a38f-4ee0-a28b-61906532fbe1.jpg","_links":{"self":[{"href":"https:\/\/www.radiopiu.net\/wordpress\/wp-json\/wp\/v2\/posts\/91061","targetHints":{"allow":["GET"]}}],"collection":[{"href":"https:\/\/www.radiopiu.net\/wordpress\/wp-json\/wp\/v2\/posts"}],"about":[{"href":"https:\/\/www.radiopiu.net\/wordpress\/wp-json\/wp\/v2\/types\/post"}],"author":[{"embeddable":true,"href":"https:\/\/www.radiopiu.net\/wordpress\/wp-json\/wp\/v2\/users\/1"}],"replies":[{"embeddable":true,"href":"https:\/\/www.radiopiu.net\/wordpress\/wp-json\/wp\/v2\/comments?post=91061"}],"version-history":[{"count":0,"href":"https:\/\/www.radiopiu.net\/wordpress\/wp-json\/wp\/v2\/posts\/91061\/revisions"}],"wp:featuredmedia":[{"embeddable":true,"href":"https:\/\/www.radiopiu.net\/wordpress\/wp-json\/wp\/v2\/media\/91144"}],"wp:attachment":[{"href":"https:\/\/www.radiopiu.net\/wordpress\/wp-json\/wp\/v2\/media?parent=91061"}],"wp:term":[{"taxonomy":"category","embeddable":true,"href":"https:\/\/www.radiopiu.net\/wordpress\/wp-json\/wp\/v2\/categories?post=91061"},{"taxonomy":"post_tag","embeddable":true,"href":"https:\/\/www.radiopiu.net\/wordpress\/wp-json\/wp\/v2\/tags?post=91061"}],"curies":[{"name":"wp","href":"https:\/\/api.w.org\/{rel}","templated":true}]}}