{"id":91070,"date":"2019-07-09T02:58:35","date_gmt":"2019-07-09T00:58:35","guid":{"rendered":"http:\/\/www.radiopiu.net\/wordpress\/?p=91070"},"modified":"2019-07-09T18:52:51","modified_gmt":"2019-07-09T16:52:51","slug":"luxottica-presenta-il-carrello-della-spesa-classico-con-prodotti-locali-e-senza-glutine","status":"publish","type":"post","link":"https:\/\/www.radiopiu.net\/wordpress\/luxottica-presenta-il-carrello-della-spesa-classico-con-prodotti-locali-e-senza-glutine\/","title":{"rendered":"LUXOTTICA PRESENTA IL CARRELLO DELLA SPESA: CLASSICO, CON PRODOTTI LOCALI E SENZA GLUTINE"},"content":{"rendered":"<p><strong><a class=\"dt-pswp-item\" href=\"http:\/\/www.radiopiu.net\/wordpress\/wp-content\/uploads\/2019\/07\/1e0cf985-3ad1-4ede-ab89-ee468eac43de.jpg\" data-dt-img-description=\"\" data-large_image_width=\"880\" data-large_image_height=\"1172\"><img loading=\"lazy\" decoding=\"async\" class=\"wp-image-91071 alignleft\" src=\"http:\/\/www.radiopiu.net\/wordpress\/wp-content\/uploads\/2019\/07\/1e0cf985-3ad1-4ede-ab89-ee468eac43de-769x1024.jpg\" alt=\"\" width=\"180\" height=\"240\" srcset=\"https:\/\/www.radiopiu.net\/wordpress\/wp-content\/uploads\/2019\/07\/1e0cf985-3ad1-4ede-ab89-ee468eac43de-769x1024.jpg 769w, https:\/\/www.radiopiu.net\/wordpress\/wp-content\/uploads\/2019\/07\/1e0cf985-3ad1-4ede-ab89-ee468eac43de-225x300.jpg 225w, https:\/\/www.radiopiu.net\/wordpress\/wp-content\/uploads\/2019\/07\/1e0cf985-3ad1-4ede-ab89-ee468eac43de-768x1023.jpg 768w, https:\/\/www.radiopiu.net\/wordpress\/wp-content\/uploads\/2019\/07\/1e0cf985-3ad1-4ede-ab89-ee468eac43de.jpg 880w\" sizes=\"auto, (max-width: 180px) 100vw, 180px\" \/><\/a>LUXOTTICA<\/strong> Quest&#8217;anno il carrello della spesa presenter\u00e0 importanti novit\u00e0, sar\u00e0 possibile scegliere tra 3 tipologie di pacco : classico \/ con prodotti locali \/ senza glutine. L&#8217;elenco dettagliato dei prodotti di ogni pacco \u00e8 disponibile sul sito aziendale. La scelta del tipo di pacco e la relativa prenotazione sar\u00e0 da effettuare online entro il 23 luglio. La consegna avverr\u00e0 per\u00f2 in autunno come gli anni scorsi. Tutti i dettagli sul sito aziendale.<\/p>\n<p>&nbsp;<\/p>\n<p>&nbsp;<\/p>\n<blockquote>\n<div><\/div>\n<div><em>Emilio Bez (Coordinatore Uiltec-Uil Luxottica Agordo)<\/em><\/div>\n<p><a class=\"dt-pswp-item\" href=\"http:\/\/www.radiopiu.net\/wordpress\/wp-content\/uploads\/2019\/07\/logo-UILTEC.jpg\" data-dt-img-description=\"\" data-large_image_width=\"1600\" data-large_image_height=\"1013\"><img loading=\"lazy\" decoding=\"async\" class=\" wp-image-91077 alignleft\" src=\"http:\/\/www.radiopiu.net\/wordpress\/wp-content\/uploads\/2019\/07\/logo-UILTEC-300x190.jpg\" alt=\"\" width=\"172\" height=\"109\" srcset=\"https:\/\/www.radiopiu.net\/wordpress\/wp-content\/uploads\/2019\/07\/logo-UILTEC-300x190.jpg 300w, https:\/\/www.radiopiu.net\/wordpress\/wp-content\/uploads\/2019\/07\/logo-UILTEC-768x486.jpg 768w, https:\/\/www.radiopiu.net\/wordpress\/wp-content\/uploads\/2019\/07\/logo-UILTEC-1024x648.jpg 1024w, https:\/\/www.radiopiu.net\/wordpress\/wp-content\/uploads\/2019\/07\/logo-UILTEC.jpg 1600w\" sizes=\"auto, (max-width: 172px) 100vw, 172px\" \/><\/a>Risale ormai a dieci anni fa, era il 2009, l&#8217;accordo tra Luxottica e parti sindacali sul welfare, il cui primo risultato era stato il carrello della spesa ovvero un pacco contenente generi alimentari di vario genere che viene consegnato una volta l&#8217;anno a dipendenti e somministrati. Nel corso degli anni, anche tenendo conto dei suggerimenti arrivati da delegati RSU dei vari stabilimenti, erano state apportate alcune modifiche alla composizione del carrello ma questa volta le novit\u00e0 sono di ben altro impatto. Sar\u00e0 possibile scegliere uno tra ben 3 tipi di carrello della spesa: il primo rispecchia la composizione classica del pacco, il secondo \u00e8 molto pi\u00f9 improntato ai prodotti locali del bellunese e dintorni mentre il terzo prevede prodotti senza glutine. Tutti i carrelli hanno alcuni prodotti in comune: il parmigiano reggiano, i due tipi di formaggio Piave (il mezzano e lo stagionato &#8220;selezione Oro&#8221;) oltre all&#8217;immancabile Nutella, quest&#8217;ultima in formato maxi&#8230; con buona pace di dietologi e nutrizionisti. Il resto dei prodotti varia in base al pacco prescelto. Si tratta di una importante novit\u00e0 che va incontro da un lato a chi ha problemi di intolleranza al glutine, questione che da tempo avevamo portata all&#8217;attenzione dell&#8217;Azienda, dall&#8217;altro lato accoglie i suggerimenti di tutti quelli che vogliono dare la priorit\u00e0 a prodotti locali per supportare le aziende del territorio (fa eccezione per ovvi motivi l&#8217;olio di oliva che comunque nel carrello &#8220;locale&#8221; \u00e8 italiano al 100%). Il nuovo sistema con le tre opzioni disponibili comporta anche maggiore complessit\u00e0 nella preparazione dei pacchi quindi il termine per la relativa scelta online sul consueto sito aziendale \u00e8 il prossimo 23 luglio. La consegna sar\u00e0 comunque effettuata, indicativamente, in autunno come gli anni scorsi.<\/p><\/blockquote>\n<div><\/div>\n<div>\n<h3>\u00a0Lavori in Luxottica Agordo e sei un NUOVO assunto?<\/h3>\n<p>La RSU <a class=\"profileLink\" href=\"https:\/\/www.facebook.com\/femcacislbellunotreviso\/?__tn__=K-R&amp;eid=ARA0TtRxQfo843A0fh9DKWHbhqQQxHqXvzr7s8ilnzGYTF4Cm-mkoBNSghfSnfPFZDfj9wgpjNEPuorp&amp;fref=mentions&amp;__xts__%5B0%5D=68.ARAoRa-ZyO2FeMoRkbmM0APhPbJDjRiTbNsddlv40l3Ypo0ZwGiyDgp74T3nTR9zfPdN0xLJ_N1QoCACrm29Ze9Gm1S4Nr4vzInRh_OELoxNH_dyw9iIAg16bIoD3vCmqSsPckYi98vPkPyeOx4aJwTieQjDcV_R_LfWbdbglm6u9XhGALlqfvwNK5u8WMVRggArFFA8SKeZ3WnW1Mbb6EH6EsHoiDfNjKRYLxGccOE1Op8-4jxOLu0knOOGVFjupEADcauVlR5UJ0S6jO_BV_vhf4TDOcgUUVQQ4i4txvmjPYdYHPB4JRhEKyYwvYjHvLv-IxCn6yOrfjuHQqe9h4YjUQ\" data-hovercard=\"\/ajax\/hovercard\/page.php?id=1957179487633532&amp;extragetparams=%7B%22__tn__%22%3A%22%2CdK-R-R%22%2C%22eid%22%3A%22ARA0TtRxQfo843A0fh9DKWHbhqQQxHqXvzr7s8ilnzGYTF4Cm-mkoBNSghfSnfPFZDfj9wgpjNEPuorp%22%2C%22fref%22%3A%22mentions%22%7D\" data-hovercard-prefer-more-content-show=\"1\">Femca Cisl Belluno Treviso<\/a> replica lo sportello Welfare 360\u00b0 dedicato ai NEO ASSUNTI! Raggiungici e ti aiuteremo a compilare tutta la documentazione del tuo nuovo contratto! In saletta RSU: \u00a0Marted\u00ec 09 luglio dalle 11:30 alle 15:00 e dalle 21:00 alle 22:00. \u00a0In saletta ci saranno\u00a0 i delegati: <a class=\"profileLink\" title=\"Alice Vettorel\" href=\"https:\/\/www.facebook.com\/alice.vettorel?__tn__=K-R&amp;eid=ARBgCU4-Es_ls6ebAPcusEWB4K4uOOZ1JfOtPQUKKIW18bFZqqeliez6CTwA48l__RGnRXtMeewlxfcW&amp;fref=mentions&amp;__xts__%5B0%5D=68.ARAoRa-ZyO2FeMoRkbmM0APhPbJDjRiTbNsddlv40l3Ypo0ZwGiyDgp74T3nTR9zfPdN0xLJ_N1QoCACrm29Ze9Gm1S4Nr4vzInRh_OELoxNH_dyw9iIAg16bIoD3vCmqSsPckYi98vPkPyeOx4aJwTieQjDcV_R_LfWbdbglm6u9XhGALlqfvwNK5u8WMVRggArFFA8SKeZ3WnW1Mbb6EH6EsHoiDfNjKRYLxGccOE1Op8-4jxOLu0knOOGVFjupEADcauVlR5UJ0S6jO_BV_vhf4TDOcgUUVQQ4i4txvmjPYdYHPB4JRhEKyYwvYjHvLv-IxCn6yOrfjuHQqe9h4YjUQ\" data-hovercard=\"\/ajax\/hovercard\/user.php?id=1541694387&amp;extragetparams=%7B%22__tn__%22%3A%22%2CdK-R-R%22%2C%22eid%22%3A%22ARBgCU4-Es_ls6ebAPcusEWB4K4uOOZ1JfOtPQUKKIW18bFZqqeliez6CTwA48l__RGnRXtMeewlxfcW%22%2C%22fref%22%3A%22mentions%22%7D\" data-hovercard-prefer-more-content-show=\"1\">Alice Vettorel<\/a>,<a class=\"profileLink\" title=\"Mara Pagnussat\" href=\"https:\/\/www.facebook.com\/mara.pagnussat?__tn__=K-R&amp;eid=ARAJ8H1Jh_L3VsMo40ccNJXkRpgsbKN8bAUUDLlUqeVv9Uh0mc2Uz83fGgmglU23KxOjqIMmmsIsfIEJ&amp;fref=mentions&amp;__xts__%5B0%5D=68.ARAoRa-ZyO2FeMoRkbmM0APhPbJDjRiTbNsddlv40l3Ypo0ZwGiyDgp74T3nTR9zfPdN0xLJ_N1QoCACrm29Ze9Gm1S4Nr4vzInRh_OELoxNH_dyw9iIAg16bIoD3vCmqSsPckYi98vPkPyeOx4aJwTieQjDcV_R_LfWbdbglm6u9XhGALlqfvwNK5u8WMVRggArFFA8SKeZ3WnW1Mbb6EH6EsHoiDfNjKRYLxGccOE1Op8-4jxOLu0knOOGVFjupEADcauVlR5UJ0S6jO_BV_vhf4TDOcgUUVQQ4i4txvmjPYdYHPB4JRhEKyYwvYjHvLv-IxCn6yOrfjuHQqe9h4YjUQ\" data-hovercard=\"\/ajax\/hovercard\/user.php?id=100008611990244&amp;extragetparams=%7B%22__tn__%22%3A%22%2CdK-R-R%22%2C%22eid%22%3A%22ARAJ8H1Jh_L3VsMo40ccNJXkRpgsbKN8bAUUDLlUqeVv9Uh0mc2Uz83fGgmglU23KxOjqIMmmsIsfIEJ%22%2C%22fref%22%3A%22mentions%22%7D\" data-hovercard-prefer-more-content-show=\"1\">Mara Pagnussat<\/a>,\u00a0<a class=\"profileLink\" title=\"Diego Palmeri\" href=\"https:\/\/www.facebook.com\/diego.palmeri.1?__tn__=K-R&amp;eid=ARCjeDKLy5Ugz2SlhVI0qFCV7niiyGjvZe5hbK_V6B1j5ec3p3dG5p8D__Eqpzbml9eXL819KRSL9LQk&amp;fref=mentions&amp;__xts__%5B0%5D=68.ARAoRa-ZyO2FeMoRkbmM0APhPbJDjRiTbNsddlv40l3Ypo0ZwGiyDgp74T3nTR9zfPdN0xLJ_N1QoCACrm29Ze9Gm1S4Nr4vzInRh_OELoxNH_dyw9iIAg16bIoD3vCmqSsPckYi98vPkPyeOx4aJwTieQjDcV_R_LfWbdbglm6u9XhGALlqfvwNK5u8WMVRggArFFA8SKeZ3WnW1Mbb6EH6EsHoiDfNjKRYLxGccOE1Op8-4jxOLu0knOOGVFjupEADcauVlR5UJ0S6jO_BV_vhf4TDOcgUUVQQ4i4txvmjPYdYHPB4JRhEKyYwvYjHvLv-IxCn6yOrfjuHQqe9h4YjUQ\" data-hovercard=\"\/ajax\/hovercard\/user.php?id=1482470293&amp;extragetparams=%7B%22__tn__%22%3A%22%2CdK-R-R%22%2C%22eid%22%3A%22ARCjeDKLy5Ugz2SlhVI0qFCV7niiyGjvZe5hbK_V6B1j5ec3p3dG5p8D__Eqpzbml9eXL819KRSL9LQk%22%2C%22fref%22%3A%22mentions%22%7D\" data-hovercard-prefer-more-content-show=\"1\">Diego Palmeri<\/a>, Paolo Chissal\u00e8,\u00a0<a class=\"profileLink\" title=\"Valter Ben\" href=\"https:\/\/www.facebook.com\/valter.ben?__tn__=K-R&amp;eid=ARCfg8dNu0TkZ1ZH3D8BuuCPFXp4OaqaDOjh2zsbr0qiW2c_PII05ToD9XSH4Np_vsWc4ZwXoC6oB6Mz&amp;fref=mentions&amp;__xts__%5B0%5D=68.ARAoRa-ZyO2FeMoRkbmM0APhPbJDjRiTbNsddlv40l3Ypo0ZwGiyDgp74T3nTR9zfPdN0xLJ_N1QoCACrm29Ze9Gm1S4Nr4vzInRh_OELoxNH_dyw9iIAg16bIoD3vCmqSsPckYi98vPkPyeOx4aJwTieQjDcV_R_LfWbdbglm6u9XhGALlqfvwNK5u8WMVRggArFFA8SKeZ3WnW1Mbb6EH6EsHoiDfNjKRYLxGccOE1Op8-4jxOLu0knOOGVFjupEADcauVlR5UJ0S6jO_BV_vhf4TDOcgUUVQQ4i4txvmjPYdYHPB4JRhEKyYwvYjHvLv-IxCn6yOrfjuHQqe9h4YjUQ\" data-hovercard=\"\/ajax\/hovercard\/user.php?id=100002771411479&amp;extragetparams=%7B%22__tn__%22%3A%22%2CdK-R-R%22%2C%22eid%22%3A%22ARCfg8dNu0TkZ1ZH3D8BuuCPFXp4OaqaDOjh2zsbr0qiW2c_PII05ToD9XSH4Np_vsWc4ZwXoC6oB6Mz%22%2C%22fref%22%3A%22mentions%22%7D\" data-hovercard-prefer-more-content-show=\"1\">Valter Ben<\/a>!<\/p>\n<\/div>\n","protected":false},"excerpt":{"rendered":"<p>LUXOTTICA Quest&#8217;anno il carrello della spesa presenter\u00e0 importanti novit\u00e0, sar\u00e0 possibile scegliere tra 3 tipologie di pacco : classico \/ con prodotti locali \/ senza glutine. L&#8217;elenco dettagliato dei prodotti di ogni pacco \u00e8 disponibile sul sito aziendale. La scelta del tipo di pacco e la relativa prenotazione sar\u00e0 da effettuare online entro il 23&hellip;<\/p>\n","protected":false},"author":1,"featured_media":91071,"comment_status":"closed","ping_status":"closed","sticky":false,"template":"","format":"standard","meta":{"_monsterinsights_skip_tracking":false,"_monsterinsights_sitenote_active":false,"_monsterinsights_sitenote_note":"","_monsterinsights_sitenote_category":0,"footnotes":""},"categories":[51,49],"tags":[],"class_list":["post-91070","post","type-post","status-publish","format-standard","has-post-thumbnail","hentry","category-evidenza-top","category-news-18","category-51","category-49","description-off"],"img_url":"https:\/\/www.radiopiu.net\/wordpress\/wp-content\/uploads\/2019\/07\/1e0cf985-3ad1-4ede-ab89-ee468eac43de.jpg","_links":{"self":[{"href":"https:\/\/www.radiopiu.net\/wordpress\/wp-json\/wp\/v2\/posts\/91070","targetHints":{"allow":["GET"]}}],"collection":[{"href":"https:\/\/www.radiopiu.net\/wordpress\/wp-json\/wp\/v2\/posts"}],"about":[{"href":"https:\/\/www.radiopiu.net\/wordpress\/wp-json\/wp\/v2\/types\/post"}],"author":[{"embeddable":true,"href":"https:\/\/www.radiopiu.net\/wordpress\/wp-json\/wp\/v2\/users\/1"}],"replies":[{"embeddable":true,"href":"https:\/\/www.radiopiu.net\/wordpress\/wp-json\/wp\/v2\/comments?post=91070"}],"version-history":[{"count":0,"href":"https:\/\/www.radiopiu.net\/wordpress\/wp-json\/wp\/v2\/posts\/91070\/revisions"}],"wp:featuredmedia":[{"embeddable":true,"href":"https:\/\/www.radiopiu.net\/wordpress\/wp-json\/wp\/v2\/media\/91071"}],"wp:attachment":[{"href":"https:\/\/www.radiopiu.net\/wordpress\/wp-json\/wp\/v2\/media?parent=91070"}],"wp:term":[{"taxonomy":"category","embeddable":true,"href":"https:\/\/www.radiopiu.net\/wordpress\/wp-json\/wp\/v2\/categories?post=91070"},{"taxonomy":"post_tag","embeddable":true,"href":"https:\/\/www.radiopiu.net\/wordpress\/wp-json\/wp\/v2\/tags?post=91070"}],"curies":[{"name":"wp","href":"https:\/\/api.w.org\/{rel}","templated":true}]}}