{"id":91172,"date":"2019-07-08T23:59:59","date_gmt":"2019-07-08T21:59:59","guid":{"rendered":"http:\/\/www.radiopiu.net\/wordpress\/?p=91172"},"modified":"2019-07-10T05:28:10","modified_gmt":"2019-07-10T03:28:10","slug":"237-anni-fa-la-nascita-di-catullo-naturalista-geologo-e-zoologo","status":"publish","type":"post","link":"https:\/\/www.radiopiu.net\/wordpress\/237-anni-fa-la-nascita-di-catullo-naturalista-geologo-e-zoologo\/","title":{"rendered":"237 ANNI FA LA NASCITA DI CATULLO NATURALISTA, GEOLOGO E ZOOLOGO"},"content":{"rendered":"<blockquote><p><em>A Belluno portano il suo nome un Istituto scolastico e una via<\/em><\/p><\/blockquote>\n<p>Marted\u00ec 9 luglio del 1782, dunque 237 anni or sono come oggi (ancora di marted\u00ec), nasceva a Belluno Tomaso Antonio Catullo che sarebbe divenuto naturalista, geologo e zoologo di grandissima fama. Apprendiamo dal sito dizionariobiograficodeifriulani, che \u201cLe ristrettezze economiche della famiglia lo costrinsero a lavorare come sarto, mentre completava gli studi. Dopo il ginnasio si dedic\u00f2 con profitto allo studio della matematica, della chimica e della medicina presso l\u2019Universit\u00e0 di Padova. Dal 1811 al 1815 fu professore di chimica e di storia naturale presso il Liceo di Belluno; con la soppressione di questa scuola, si trasfer\u00ec al Liceo di Verona come professore di agraria e di storia naturale, quindi, nel 1822, chiese e ottenne il trasferimento a Vicenza. Nel 1829 venne chiamato come supplente alla cattedra di storia naturale dell\u2019Universit\u00e0 di Padova, della quale divenne titolare dal 1833 fino al 1851, quando venne collocato a riposo\u201d. Ancora: \u201cFortemente motivato nell\u2019insegnamento che vedeva come una missione, si mantenne sempre aggiornato sulle discipline che insegnava per offrire ai suoi studenti la migliore preparazione possibile. In oltre quaranta anni di attivit\u00e0 produsse pi\u00f9 di cento pubblicazioni scientifiche trattando di vari argomenti: dalla chimica alla mineralogia, alla zoologia, alla geologia\u201d. Viene quindi ricordato che la sua prima pubblicazione fu il Manuale di mineralogia, che venne stampato nel 1812 a Belluno quando era professore al Liceo della citt\u00e0. Questo manuale fu il primo in Italia a classificare i minerali sulla base della composizione chimica e dell\u2019abito cristallino. Tra i lavori di zoologia, da ricordare il Catalogo degli animali vertebrati permanenti o di passaggio nella provincia di Belluno (Belluno, 1838). Si occup\u00f2 anche dell\u2019analisi chimica e mineralogica dell\u2019acqua della fonte di Civilina e scrisse una memoria sui suoi possibili effetti terapeutici. Conosciuto per le sue capacit\u00e0, Catullo fu pi\u00f9 volte chiamato dal governo o dalle amministrazioni locali a esprimere pareri su argomenti legati alla qualit\u00e0 di prodotti in commercio (come la genuinit\u00e0 del vino per combattere le sofisticazioni) o sull\u2019opportunit\u00e0 di intraprendere attivit\u00e0 estrattive di minerali o di pietre ornamentali; questioni che, grazie alla sua vasta preparazione, riusc\u00ec sempre a risolvere nel migliore dei modi. Il campo in cui port\u00f2 il suo contributo maggiore fu, senza dubbio, quello geopaleontologico. Il suo primo lavoro di carattere geologico fu un articolo sulle arenarie grigie e verdi del bellunese pubblicato nel 1813 sul \u00abGiornale scientifico\u00bb di Padova. Il nostro fu tra i primi in Italia ad applicare nuove metodologie d\u2019indagine e nel 1827 pubblic\u00f2 la sua opera pi\u00f9 importante: Zoologia fossile delle Provincie Venete, un lavoro fondamentale per la geologia delle Alpi sudorientali, estremamente moderno per l\u2019epoca. L\u2019opera \u00e8 completata da un elenco delle miniere di minerali metallici del Cadore e della Carnia e da osservazioni zoologiche su alcune aree esaminate. Molto stimato in Italia e all\u2019estero, Catullo ebbe numerosi riconoscimenti e onorificenze ma non fece pesare eccessivamente la sua posizione; le sue umili origini, anzi, lo spinsero anche a impegnarsi per provvedere all\u2019istruzione dei giovani privi dei mezzi necessari. Profondo conoscitore della letteratura scientifica, costitu\u00ec una ricca biblioteca che don\u00f2, assieme alle sue notevoli collezioni paleontologiche, all\u2019Universit\u00e0 di Padova. Super\u00f2 alcuni traumi quali la morte prematura della moglie e del figlio maggiore e l\u2019amputazione di un avambraccio per una malattia, dedicando tutto il suo tempo alla ricerca scientifica e all\u2019insegnamento. Mor\u00ec a Padova il 13 aprile del 1869. Il sito camminogregoriano a sua volta ricorda fra l\u2019altro che il naturalista, geologo e zoologo bellunese nel 1829 ottenne per meriti scientifici la cattedra di storia naturale dell\u2019Universit\u00e0 di Padova e nel 1836, la facolt\u00e0 di medicina gli confer\u00ec la laurea honoris causa e lo nomin\u00f2 suo preside. Fu Magnifico rettore dell\u2019Universit\u00e0 di Padova nel 1843 \u2013 1844 e membro delle pi\u00f9 importanti accademie mediche e scientifiche dell\u2019epoca oltre che socio, dal 1840 dell\u2019Accademia nazionale delle scienze. Fu autore di oltre 100 pubblicazioni scientifiche riguardanti la geologia, la mineralogia, la paleontologia, la zoologia.<\/p>\n<p>NELLE FOTO (Google, Renato Bona, Wellcome collection.org, Biblioteca civica di Belluno): Tomaso Catullo; l\u2019Istituto che porta il suo nome; la via che gli \u00e8 stata dedicata dal Comune dove \u00e8 nato.<\/p>\n\n\t\t\t<style type='text\/css'>\n\t\t\t\t#gallery-1 {\n\t\t\t\t\tmargin: auto;\n\t\t\t\t}\n\t\t\t\t#gallery-1 .gallery-item {\n\t\t\t\t\tfloat: left;\n\t\t\t\t\tmargin-top: 10px;\n\t\t\t\t\ttext-align: center;\n\t\t\t\t\twidth: 33%;\n\t\t\t\t}\n\t\t\t\t#gallery-1 img {\n\t\t\t\t\tborder: 2px solid #cfcfcf;\n\t\t\t\t}\n\t\t\t\t#gallery-1 .gallery-caption {\n\t\t\t\t\tmargin-left: 0;\n\t\t\t\t}\n\t\t\t\t\/* see gallery_shortcode() in wp-includes\/media.php *\/\n\t\t\t<\/style>\n\t\t<div id='gallery-1' class='dt-gallery-container gallery galleryid-91172 gallery-columns-3 gallery-size-thumbnail'><dl class='gallery-item'>\n\t\t\t\t<dt class='gallery-icon landscape'>\n\t\t\t\t\t<a class=\"rollover\" href='https:\/\/www.radiopiu.net\/wordpress\/237-anni-fa-la-nascita-di-catullo-naturalista-geologo-e-zoologo\/65880295_395764857711197_7912612197811879936_n\/'><img loading=\"lazy\" decoding=\"async\" width=\"150\" height=\"139\" src=\"https:\/\/www.radiopiu.net\/wordpress\/wp-content\/uploads\/2019\/07\/65880295_395764857711197_7912612197811879936_n-150x139.jpg\" class=\"attachment-thumbnail size-thumbnail\" alt=\"\" \/><\/a>\n\t\t\t\t<\/dt><\/dl><dl class='gallery-item'>\n\t\t\t\t<dt class='gallery-icon portrait'>\n\t\t\t\t\t<a class=\"rollover\" href='https:\/\/www.radiopiu.net\/wordpress\/237-anni-fa-la-nascita-di-catullo-naturalista-geologo-e-zoologo\/66121898_477722496128569_463859616179027968_n\/'><img loading=\"lazy\" decoding=\"async\" width=\"150\" height=\"150\" src=\"https:\/\/www.radiopiu.net\/wordpress\/wp-content\/uploads\/2019\/07\/66121898_477722496128569_463859616179027968_n-150x150.jpg\" class=\"attachment-thumbnail size-thumbnail\" alt=\"\" \/><\/a>\n\t\t\t\t<\/dt><\/dl><dl class='gallery-item'>\n\t\t\t\t<dt class='gallery-icon portrait'>\n\t\t\t\t\t<a class=\"rollover\" href='https:\/\/www.radiopiu.net\/wordpress\/237-anni-fa-la-nascita-di-catullo-naturalista-geologo-e-zoologo\/66092330_741799066237605_6766111557643403264_n\/'><img loading=\"lazy\" decoding=\"async\" width=\"150\" height=\"150\" src=\"https:\/\/www.radiopiu.net\/wordpress\/wp-content\/uploads\/2019\/07\/66092330_741799066237605_6766111557643403264_n-150x150.jpg\" class=\"attachment-thumbnail size-thumbnail\" alt=\"\" \/><\/a>\n\t\t\t\t<\/dt><\/dl><br style=\"clear: both\" \/><dl class='gallery-item'>\n\t\t\t\t<dt class='gallery-icon portrait'>\n\t\t\t\t\t<a class=\"rollover\" href='https:\/\/www.radiopiu.net\/wordpress\/237-anni-fa-la-nascita-di-catullo-naturalista-geologo-e-zoologo\/66455966_756747508073445_6320869241713065984_n\/'><img loading=\"lazy\" decoding=\"async\" width=\"150\" height=\"150\" src=\"https:\/\/www.radiopiu.net\/wordpress\/wp-content\/uploads\/2019\/07\/66455966_756747508073445_6320869241713065984_n-150x150.jpg\" class=\"attachment-thumbnail size-thumbnail\" alt=\"\" \/><\/a>\n\t\t\t\t<\/dt><\/dl><dl class='gallery-item'>\n\t\t\t\t<dt class='gallery-icon portrait'>\n\t\t\t\t\t<a class=\"rollover\" href='https:\/\/www.radiopiu.net\/wordpress\/237-anni-fa-la-nascita-di-catullo-naturalista-geologo-e-zoologo\/66490640_2457826247782115_4852365428665614336_n\/'><img loading=\"lazy\" decoding=\"async\" width=\"150\" height=\"150\" src=\"https:\/\/www.radiopiu.net\/wordpress\/wp-content\/uploads\/2019\/07\/66490640_2457826247782115_4852365428665614336_n-150x150.jpg\" class=\"attachment-thumbnail size-thumbnail\" alt=\"\" \/><\/a>\n\t\t\t\t<\/dt><\/dl><dl class='gallery-item'>\n\t\t\t\t<dt class='gallery-icon landscape'>\n\t\t\t\t\t<a class=\"rollover\" href='https:\/\/www.radiopiu.net\/wordpress\/237-anni-fa-la-nascita-di-catullo-naturalista-geologo-e-zoologo\/66658341_2402714403386371_4234808436409237504_n\/'><img loading=\"lazy\" decoding=\"async\" width=\"150\" height=\"150\" src=\"https:\/\/www.radiopiu.net\/wordpress\/wp-content\/uploads\/2019\/07\/66658341_2402714403386371_4234808436409237504_n-150x150.jpg\" class=\"attachment-thumbnail size-thumbnail\" alt=\"\" \/><\/a>\n\t\t\t\t<\/dt><\/dl><br style=\"clear: both\" \/>\n\t\t\t<\/div>\n\n","protected":false},"excerpt":{"rendered":"<p>A Belluno portano il suo nome un Istituto scolastico e una via Marted\u00ec 9 luglio del 1782, dunque 237 anni or sono come oggi (ancora di marted\u00ec), nasceva a Belluno Tomaso Antonio Catullo che sarebbe divenuto naturalista, geologo e zoologo di grandissima fama. Apprendiamo dal sito dizionariobiograficodeifriulani, che \u201cLe ristrettezze economiche della famiglia lo costrinsero&hellip;<\/p>\n","protected":false},"author":1,"featured_media":91177,"comment_status":"closed","ping_status":"closed","sticky":false,"template":"","format":"standard","meta":{"_monsterinsights_skip_tracking":false,"_monsterinsights_sitenote_active":false,"_monsterinsights_sitenote_note":"","_monsterinsights_sitenote_category":0,"footnotes":""},"categories":[103,49],"tags":[],"class_list":["post-91172","post","type-post","status-publish","format-standard","has-post-thumbnail","hentry","category-evidenza_2","category-news-18","category-103","category-49","description-off"],"img_url":"https:\/\/www.radiopiu.net\/wordpress\/wp-content\/uploads\/2019\/07\/66490640_2457826247782115_4852365428665614336_n.jpg","_links":{"self":[{"href":"https:\/\/www.radiopiu.net\/wordpress\/wp-json\/wp\/v2\/posts\/91172","targetHints":{"allow":["GET"]}}],"collection":[{"href":"https:\/\/www.radiopiu.net\/wordpress\/wp-json\/wp\/v2\/posts"}],"about":[{"href":"https:\/\/www.radiopiu.net\/wordpress\/wp-json\/wp\/v2\/types\/post"}],"author":[{"embeddable":true,"href":"https:\/\/www.radiopiu.net\/wordpress\/wp-json\/wp\/v2\/users\/1"}],"replies":[{"embeddable":true,"href":"https:\/\/www.radiopiu.net\/wordpress\/wp-json\/wp\/v2\/comments?post=91172"}],"version-history":[{"count":0,"href":"https:\/\/www.radiopiu.net\/wordpress\/wp-json\/wp\/v2\/posts\/91172\/revisions"}],"wp:featuredmedia":[{"embeddable":true,"href":"https:\/\/www.radiopiu.net\/wordpress\/wp-json\/wp\/v2\/media\/91177"}],"wp:attachment":[{"href":"https:\/\/www.radiopiu.net\/wordpress\/wp-json\/wp\/v2\/media?parent=91172"}],"wp:term":[{"taxonomy":"category","embeddable":true,"href":"https:\/\/www.radiopiu.net\/wordpress\/wp-json\/wp\/v2\/categories?post=91172"},{"taxonomy":"post_tag","embeddable":true,"href":"https:\/\/www.radiopiu.net\/wordpress\/wp-json\/wp\/v2\/tags?post=91172"}],"curies":[{"name":"wp","href":"https:\/\/api.w.org\/{rel}","templated":true}]}}