{"id":91233,"date":"2019-07-10T05:23:41","date_gmt":"2019-07-10T03:23:41","guid":{"rendered":"http:\/\/www.radiopiu.net\/wordpress\/?p=91233"},"modified":"2019-07-10T09:48:07","modified_gmt":"2019-07-10T07:48:07","slug":"giornale-radiopiu-10-luglio-2019-direttore-mirko-mezzacasa","status":"publish","type":"post","link":"https:\/\/www.radiopiu.net\/wordpress\/giornale-radiopiu-10-luglio-2019-direttore-mirko-mezzacasa\/","title":{"rendered":"GIORNALE RADIOPIU 10 LUGLIO 2019 DIRETTORE MIRKO MEZZACASA"},"content":{"rendered":"<p>&nbsp;<\/p>\n<p>&nbsp;<\/p>\n<p>&nbsp;<\/p>\n<p>&nbsp;<\/p>\n<p>&nbsp;<\/p>\n<p><strong><span style=\"color: #ff0000;\">OSSERVAZIONE<\/span><\/strong><\/p>\n<p><strong>VOLTAGO<\/strong> Lungo la provinciale 347 del Cereda e Duran che sale da Agordo a Voltago, all&#8217;altezza della\u00a0Curva del Cristo la vegetazione rende difficile la visibilit\u00e0 in prossimit\u00e0 della curva. Rischio di incidenti specie per le moto che spesso transitano tagliando la curva in velocit\u00e0.<\/p>\n<p><a class=\"dt-pswp-item\" href=\"http:\/\/www.radiopiu.net\/wordpress\/wp-content\/uploads\/2019\/07\/fce6503b-2560-429b-bb4a-714a71026f11.jpg\" data-dt-img-description=\"\" data-large_image_width=\"768\" data-large_image_height=\"1024\"><img loading=\"lazy\" decoding=\"async\" class=\"alignnone size-medium wp-image-91235\" src=\"http:\/\/www.radiopiu.net\/wordpress\/wp-content\/uploads\/2019\/07\/fce6503b-2560-429b-bb4a-714a71026f11-225x300.jpg\" alt=\"\" width=\"225\" height=\"300\" srcset=\"https:\/\/www.radiopiu.net\/wordpress\/wp-content\/uploads\/2019\/07\/fce6503b-2560-429b-bb4a-714a71026f11-225x300.jpg 225w, https:\/\/www.radiopiu.net\/wordpress\/wp-content\/uploads\/2019\/07\/fce6503b-2560-429b-bb4a-714a71026f11.jpg 768w\" sizes=\"auto, (max-width: 225px) 100vw, 225px\" \/><\/a><a class=\"dt-pswp-item\" href=\"http:\/\/www.radiopiu.net\/wordpress\/wp-content\/uploads\/2019\/07\/227baa4e-9f93-4d23-8388-2a729829db1c.jpg\" data-dt-img-description=\"\" data-large_image_width=\"768\" data-large_image_height=\"1024\"><img loading=\"lazy\" decoding=\"async\" class=\"alignnone size-medium wp-image-91234\" src=\"http:\/\/www.radiopiu.net\/wordpress\/wp-content\/uploads\/2019\/07\/227baa4e-9f93-4d23-8388-2a729829db1c-225x300.jpg\" alt=\"\" width=\"225\" height=\"300\" srcset=\"https:\/\/www.radiopiu.net\/wordpress\/wp-content\/uploads\/2019\/07\/227baa4e-9f93-4d23-8388-2a729829db1c-225x300.jpg 225w, https:\/\/www.radiopiu.net\/wordpress\/wp-content\/uploads\/2019\/07\/227baa4e-9f93-4d23-8388-2a729829db1c.jpg 768w\" sizes=\"auto, (max-width: 225px) 100vw, 225px\" \/><\/a><\/p>\n<p>&nbsp;<\/p>\n<p>&nbsp;<\/p>\n<p>&nbsp;<\/p>\n<p><strong><span style=\"color: #ff0000;\">LAVORI IN CORSO<\/span><\/strong><\/p>\n<p><strong>ALLEGHE<\/strong> CONTINUANO I LAVORI DI SGHIAIAMENTO DEL LAGO, foto Claudio Pra<\/p>\n<p><a class=\"dt-pswp-item\" href=\"http:\/\/www.radiopiu.net\/wordpress\/wp-content\/uploads\/2019\/07\/4df3189c-a28a-4a6a-98e1-dd4462a90371.jpg\" data-dt-img-description=\"\" data-large_image_width=\"1600\" data-large_image_height=\"1200\"><img loading=\"lazy\" decoding=\"async\" class=\"alignnone wp-image-91238\" src=\"http:\/\/www.radiopiu.net\/wordpress\/wp-content\/uploads\/2019\/07\/4df3189c-a28a-4a6a-98e1-dd4462a90371-300x225.jpg\" alt=\"\" width=\"236\" height=\"177\" srcset=\"https:\/\/www.radiopiu.net\/wordpress\/wp-content\/uploads\/2019\/07\/4df3189c-a28a-4a6a-98e1-dd4462a90371-300x225.jpg 300w, https:\/\/www.radiopiu.net\/wordpress\/wp-content\/uploads\/2019\/07\/4df3189c-a28a-4a6a-98e1-dd4462a90371-768x576.jpg 768w, https:\/\/www.radiopiu.net\/wordpress\/wp-content\/uploads\/2019\/07\/4df3189c-a28a-4a6a-98e1-dd4462a90371-1024x768.jpg 1024w, https:\/\/www.radiopiu.net\/wordpress\/wp-content\/uploads\/2019\/07\/4df3189c-a28a-4a6a-98e1-dd4462a90371.jpg 1600w\" sizes=\"auto, (max-width: 236px) 100vw, 236px\" \/><\/a><a class=\"dt-pswp-item\" href=\"http:\/\/www.radiopiu.net\/wordpress\/wp-content\/uploads\/2019\/07\/b6b91075-8e37-4454-807d-c85ea49fe318.jpg\" data-dt-img-description=\"\" data-large_image_width=\"1600\" data-large_image_height=\"1200\"><img loading=\"lazy\" decoding=\"async\" class=\"alignnone wp-image-91237\" src=\"http:\/\/www.radiopiu.net\/wordpress\/wp-content\/uploads\/2019\/07\/b6b91075-8e37-4454-807d-c85ea49fe318-300x225.jpg\" alt=\"\" width=\"235\" height=\"176\" srcset=\"https:\/\/www.radiopiu.net\/wordpress\/wp-content\/uploads\/2019\/07\/b6b91075-8e37-4454-807d-c85ea49fe318-300x225.jpg 300w, https:\/\/www.radiopiu.net\/wordpress\/wp-content\/uploads\/2019\/07\/b6b91075-8e37-4454-807d-c85ea49fe318-768x576.jpg 768w, https:\/\/www.radiopiu.net\/wordpress\/wp-content\/uploads\/2019\/07\/b6b91075-8e37-4454-807d-c85ea49fe318-1024x768.jpg 1024w, https:\/\/www.radiopiu.net\/wordpress\/wp-content\/uploads\/2019\/07\/b6b91075-8e37-4454-807d-c85ea49fe318.jpg 1600w\" sizes=\"auto, (max-width: 235px) 100vw, 235px\" \/><\/a><\/p>\n<p>&nbsp;<\/p>\n<div class=\"\" data-block=\"true\" data-editor=\"1q3un\" data-offset-key=\"7mepq-0-0\">\n<div class=\"_1mf _1mj\" data-offset-key=\"7mepq-0-0\"><strong>ALLE 10.30 E 1900 <\/strong><strong>SPECIALE CISL LA VOCE DI LAVORATORI: LUXOTTICA. <\/strong><strong>OSPITE SERGIO SPILLER RESP. DIP. CONTRATTAZIONE CISL NAZIONALE<\/strong><\/div>\n<\/div>\n<p>&nbsp;<\/p>\n<blockquote>\n<h3>VIABILITA&#8217; E CANTIERI<\/h3>\n<p><strong>PONTE NELLE ALPI<\/strong>\u00a0 A causa di un movimento franoso in atto all&#8217;ingresso dell&#8217;abitato di Cadola (provenendo dalla Rotonda di S. Caterina) al km. 37 della SS. 51 di Alemagna, l&#8217;ANAS ha posizionato un semaforo per regolare il traffico a senso unico alternato, al fine di procedere alle verifiche necessarie sullo smottamento, causato dalle recenti precipitazioni piovose.\u00a0 Inevitabili i rallentamenti al traffico. Percorsi alternativi da e per l&#8217;Alpago.<\/p><\/blockquote>\n<p>&nbsp;<\/p>\n<p>&nbsp;<\/p>\n<p>&nbsp;<\/p>\n<h3>SCIVOLA SUL SENTIERO ATTREZZATO<\/h3>\n<p><strong>CORTINA D&#8217;AMPEZZO<\/strong> Attorno alle 11 l&#8217;elicottero del Suem di Pieve di Cadore \u00e8 decollato in direzione del Lagazuoi dove, percorrendo il Sentiero attrezzato dei Kaiserjager, un&#8217;escursionista era scivolata riportando un probabile trauma alla caviglia. Una volta individuata a circa met\u00e0 itinerario, M.T.G., 55 anni, di Olgiate Olona (VA), \u00e8 stata recuperata con un verricello di 10 metri dal tecnico di elisoccorso, per essere poi trasportata al Codivilla.<\/p>\n<p>&nbsp;<\/p>\n<p>&nbsp;<\/p>\n<h3>ALTRI INTERVENTI DI IERI<\/h3>\n<p><strong>AURONZO\u00a0\u00a0<\/strong> Verso le 15 l&#8217;elicottero dell&#8217;Aiut Alpin Dolomites di Bolzano \u00e8 intervenuto lungo il Sentiero Bonacossi, l&#8217;itinerario attrezzato che attraversa i Cadini di Misurina ad Auronzo di Cadore, poich\u00e9 una escursionista lituana di 63 anni, facente parte di un gruppo di 11 persone, era scivolata nel tratto che scende verso Forcella della neve e si era procurata la probabile frattura di una gamba. Recuperata, l&#8217;infortunata \u00e8 stata trasportata all&#8217;ospedale di Brunico.<\/p>\n<p><strong>COMELICO<\/strong> Attorno alle 16.20 l&#8217;eliambulanza del Suem di Pieve di Cadore \u00e8 volata in direzione dei ruderi del Rifugio Sala, non distante dal Rifugio Berti al Popera, Comelico Superiore, per un escursionista che era caduto in un canale. G.V., 39 anni, di Milano, \u00e8 stato recuperato con un verricello di 50 metri e accompagnato, con possibili traumi a un braccio e a una gamba, all&#8217;ospedale di Cortina.<\/p>\n<p>&nbsp;<\/p>\n<p>&nbsp;<\/p>\n<p>&nbsp;<\/p>\n<h3>TRE FERITI NELL&#8217;INCIDENTE DI MISURINA<\/h3>\n<p><strong>MISURINA<\/strong> Uscita autonoma dalla sede stradale lungo la 48 delle Dolomiti di un furgone a noleggio condotto da C.P. 52 anni di Roma, i passeggeri: F.L.S. peruviano di \u00a042 anni\u00a0 \u00e8 stato elitrasportato all&#8217;ospedale Ca&#8217; Foncello di Treviso in gravi condizioni ma non in pericolo di vita;\u00a0 G.M. 23 anni di Roma \u00e8 ricoverato all&#8217;ospedale di Pieve di Cadore. Il mezzo stava procedendo da Auronzo verso Misurina, uscito di strada si \u00e8 fermato tra gli alberi.<\/p>\n<p><a class=\"dt-pswp-item\" href=\"http:\/\/www.radiopiu.net\/wordpress\/wp-content\/uploads\/2019\/07\/7e75ad78-faf1-49d7-b103-4fa563b7468a.jpg\" data-dt-img-description=\"\" data-large_image_width=\"180\" data-large_image_height=\"320\"><img loading=\"lazy\" decoding=\"async\" class=\"alignnone wp-image-91244\" src=\"http:\/\/www.radiopiu.net\/wordpress\/wp-content\/uploads\/2019\/07\/7e75ad78-faf1-49d7-b103-4fa563b7468a-169x300.jpg\" alt=\"\" width=\"133\" height=\"237\" srcset=\"https:\/\/www.radiopiu.net\/wordpress\/wp-content\/uploads\/2019\/07\/7e75ad78-faf1-49d7-b103-4fa563b7468a-169x300.jpg 169w, https:\/\/www.radiopiu.net\/wordpress\/wp-content\/uploads\/2019\/07\/7e75ad78-faf1-49d7-b103-4fa563b7468a.jpg 180w\" sizes=\"auto, (max-width: 133px) 100vw, 133px\" \/><\/a><a class=\"dt-pswp-item\" href=\"http:\/\/www.radiopiu.net\/wordpress\/wp-content\/uploads\/2019\/07\/7d080d57-f31c-4b02-b84b-44edfd3a8a0f.jpg\" data-dt-img-description=\"\" data-large_image_width=\"180\" data-large_image_height=\"320\"><img loading=\"lazy\" decoding=\"async\" class=\"alignnone wp-image-91243\" src=\"http:\/\/www.radiopiu.net\/wordpress\/wp-content\/uploads\/2019\/07\/7d080d57-f31c-4b02-b84b-44edfd3a8a0f-169x300.jpg\" alt=\"\" width=\"136\" height=\"242\" srcset=\"https:\/\/www.radiopiu.net\/wordpress\/wp-content\/uploads\/2019\/07\/7d080d57-f31c-4b02-b84b-44edfd3a8a0f-169x300.jpg 169w, https:\/\/www.radiopiu.net\/wordpress\/wp-content\/uploads\/2019\/07\/7d080d57-f31c-4b02-b84b-44edfd3a8a0f.jpg 180w\" sizes=\"auto, (max-width: 136px) 100vw, 136px\" \/><\/a><a class=\"dt-pswp-item\" href=\"http:\/\/www.radiopiu.net\/wordpress\/wp-content\/uploads\/2019\/07\/26b83be2-d6ee-4a10-88f8-077216ab0351.jpg\" data-dt-img-description=\"\" data-large_image_width=\"320\" data-large_image_height=\"180\"><img loading=\"lazy\" decoding=\"async\" class=\"alignnone wp-image-91252\" src=\"http:\/\/www.radiopiu.net\/wordpress\/wp-content\/uploads\/2019\/07\/26b83be2-d6ee-4a10-88f8-077216ab0351-300x169.jpg\" alt=\"\" width=\"432\" height=\"243\" srcset=\"https:\/\/www.radiopiu.net\/wordpress\/wp-content\/uploads\/2019\/07\/26b83be2-d6ee-4a10-88f8-077216ab0351-300x169.jpg 300w, https:\/\/www.radiopiu.net\/wordpress\/wp-content\/uploads\/2019\/07\/26b83be2-d6ee-4a10-88f8-077216ab0351.jpg 320w\" sizes=\"auto, (max-width: 432px) 100vw, 432px\" \/><\/a><\/p>\n<p>&nbsp;<\/p>\n<p>&nbsp;<\/p>\n<p>&nbsp;<\/p>\n<h3>GIOVANE GUIDA DOPO AVER FUMATO HASHISH, PATENTE RITIRATA<\/h3>\n<p><strong><a class=\"dt-pswp-item\" href=\"http:\/\/www.radiopiu.net\/wordpress\/wp-content\/uploads\/2019\/07\/fd.jpg\" data-dt-img-description=\"\" data-large_image_width=\"438\" data-large_image_height=\"246\"><img loading=\"lazy\" decoding=\"async\" class=\" wp-image-91228 alignleft\" src=\"http:\/\/www.radiopiu.net\/wordpress\/wp-content\/uploads\/2019\/07\/fd-300x168.jpg\" alt=\"\" width=\"245\" height=\"137\" srcset=\"https:\/\/www.radiopiu.net\/wordpress\/wp-content\/uploads\/2019\/07\/fd-300x168.jpg 300w, https:\/\/www.radiopiu.net\/wordpress\/wp-content\/uploads\/2019\/07\/fd.jpg 438w\" sizes=\"auto, (max-width: 245px) 100vw, 245px\" \/><\/a>BELLUNO\u00a0<\/strong> Quell&#8217;andatura di guida incerta non \u00e8 sfuggita al controllo degli agenti di Polizia della Questura di Belluno, per questo lo scorso 5 luglio all&#8217;1.30 del mattino l&#8217;autovettura in transito in via Vittorio Veneto \u00e8 stata fermata per un controllo. Alla guida\u00a0 un giovane ventenne P.M. che da subito appariva disorientato e poco lucido. A giustificazione sul suo stato il ragazzo ammetteva di aver da poco fumato, durante un concerto, della sostanza stupefacente tipo hashish e consegnava agli agenti un grinder (strumento utilizzato per la preparazione della sostanza da fumare) contenente una modica quantit\u00e0 della medesima sostanza. L\u2019equipaggio della Volante procedeva ad accompagnarlo presso il pronto soccorso per gli accertamenti sanitari del caso. In attesa dell\u2019esito delle analisi la patente di guida \u00e8 stata ritirata e nel caso in cui gli esiti di laboratorio saranno positivi scatter\u00e0 anche la denuncia all\u2019Autorit\u00e0 Giudiziaria, per la guida sotto l\u2019effetto di sostanze stupefacenti o psicotrope e la sospensione del titolo di guida. Il ventenne, al quale \u00e8 stata anche sequestrata la sostanza stupefacente consegnata agli agenti, sar\u00e0 segnalato al Prefetto di Belluno quale consumatore di stupefacenti. Rimane alta l\u2019attenzione dell\u2019Ufficio Prevenzione Generale e Soccorso Pubblico della Questura nei controlli dei conducenti di veicoli, volto ad accertare l\u2019eventuale abuso di sostanze alcoliche o l\u2019assunzione di sostanze stupefacenti o psicotrope durante la guida<\/p>\n<p>&nbsp;<\/p>\n<p>&nbsp;<\/p>\n<p>&nbsp;<\/p>\n<h3>COLTELLO NELLO ZAINO GIOVANE BELLUNESE INDAGATO<\/h3>\n<p><strong><a class=\"dt-pswp-item\" href=\"http:\/\/www.radiopiu.net\/wordpress\/wp-content\/uploads\/2019\/07\/ssss.png\" data-dt-img-description=\"\" data-large_image_width=\"1472\" data-large_image_height=\"1813\"><img loading=\"lazy\" decoding=\"async\" class=\" wp-image-91224 alignleft\" src=\"http:\/\/www.radiopiu.net\/wordpress\/wp-content\/uploads\/2019\/07\/ssss-244x300.png\" alt=\"\" width=\"134\" height=\"164\" srcset=\"https:\/\/www.radiopiu.net\/wordpress\/wp-content\/uploads\/2019\/07\/ssss-244x300.png 244w, https:\/\/www.radiopiu.net\/wordpress\/wp-content\/uploads\/2019\/07\/ssss-768x946.png 768w, https:\/\/www.radiopiu.net\/wordpress\/wp-content\/uploads\/2019\/07\/ssss-831x1024.png 831w, https:\/\/www.radiopiu.net\/wordpress\/wp-content\/uploads\/2019\/07\/ssss.png 1472w\" sizes=\"auto, (max-width: 134px) 100vw, 134px\" \/><\/a>BELLUNO<\/strong> Un giovane bellunese fermato dagli agenti delle Volanti della Questura di Belluno \u00e8 stato trovato in possesso di un coltello appuntito a lama fissa da 18 centimetri ben occultato nello zaino&#8230;pronto all&#8217;uso. Il ragazzo\u00a0 Z.S., gi\u00e0 noto alle forze dell\u2019ordine, non ha saputo fornire\u00a0 valide giustificazioni in merito al possesso dell\u2019oggetto atto ad offendere e recuperato dagli agenti e per tale motivo veniva denunciato per la contravvenzione penale di porto abusivo di armi od oggetti atti ad offendere.<\/p>\n<p>&nbsp;<\/p>\n<p>&nbsp;<\/p>\n<p>&nbsp;<\/p>\n<p>&nbsp;<\/p>\n<h3>COLPO GROSSO IN RIVA AL LAGO<\/h3>\n<p><strong><a class=\"dt-pswp-item\" href=\"http:\/\/www.radiopiu.net\/wordpress\/wp-content\/uploads\/2018\/06\/LagoSantaCroce.jpg\" data-dt-img-description=\"\" data-large_image_width=\"500\" data-large_image_height=\"276\"><img loading=\"lazy\" decoding=\"async\" class=\" wp-image-50180 alignleft\" src=\"http:\/\/www.radiopiu.net\/wordpress\/wp-content\/uploads\/2018\/06\/LagoSantaCroce-300x166.jpg\" alt=\"\" width=\"202\" height=\"112\" srcset=\"https:\/\/www.radiopiu.net\/wordpress\/wp-content\/uploads\/2018\/06\/LagoSantaCroce-300x166.jpg 300w, https:\/\/www.radiopiu.net\/wordpress\/wp-content\/uploads\/2018\/06\/LagoSantaCroce.jpg 500w\" sizes=\"auto, (max-width: 202px) 100vw, 202px\" \/><\/a>ALPAGO<\/strong>\u00a0 I ladri di biciclette sono tornati in azione, questa notte al camping Sarathei in riva al lago di Santa Croce hanno tranciato le catene e hanno fatto sparire le costose biciclette per un importo di\u00a0 oltre 15 mila euro<\/p>\n<p>Un tedesco ha denunciato il furto di due biciclette per 7200 euro, un austriaco una bicicletta del valore di 2500 euro, un Ceko si \u00e8 visto portar via ben 3 velocipedi per 3450 euro, un suo connazionale torner\u00e0 a casa senza le due biciclette da 2000 euro complessivi.\u00a0 Nessuno furto \u00e8 coperto da assicurazione. Indagano i Carabinieri.<\/p>\n<p>&nbsp;<\/p>\n<p>&nbsp;<\/p>\n<p>&nbsp;<\/p>\n<h3><span style=\"color: #ff0000;\">SANITA&#8217;<\/span><\/h3>\n<h3>CHE BENEFICI HANNO PORTATO LE FUSIONI AL SISTEMA SANITARIO? L&#8217;AUTONOMIA DOVREBBE CONCRETIZZARSI IN PIANI CONCRETI DI ASSUNZIONI, PRIMA DEL COLLASSO<\/h3>\n<p><strong><a class=\"dt-pswp-item\" href=\"http:\/\/www.radiopiu.net\/wordpress\/wp-content\/uploads\/2019\/07\/download-9.jpg\" data-dt-img-description=\"\" data-large_image_width=\"225\" data-large_image_height=\"225\"><img loading=\"lazy\" decoding=\"async\" class=\" wp-image-91255 alignright\" src=\"http:\/\/www.radiopiu.net\/wordpress\/wp-content\/uploads\/2019\/07\/download-9.jpg\" alt=\"\" width=\"117\" height=\"117\" srcset=\"https:\/\/www.radiopiu.net\/wordpress\/wp-content\/uploads\/2019\/07\/download-9.jpg 225w, https:\/\/www.radiopiu.net\/wordpress\/wp-content\/uploads\/2019\/07\/download-9-150x150.jpg 150w\" sizes=\"auto, (max-width: 117px) 100vw, 117px\" \/><\/a>BELLUNO<\/strong> Gianluigi Della Giacoma \u00a0segretario generale della Cgil Funzione pubblica di Belluno lancia l&#8217;allarme:<em> &#8220;I medici sono costretti a turni massacranti, il sistema sanitario potrebbe implodere non \u00e8 possibile lavorare con questi ritmi&#8221;.<\/em> Gli ultimi episodi accaduti al San Martino di Belluno creano preoccupazione e il segretario della Fp Cgil lancia l&#8217;allarme:<em> &#8220;Le criticit\u00e0 possono diventare un pretesto per affossare il servizio sanitario pubblico a favore di quello privato&#8221;.<\/em><\/p>\n<p><strong>AI MICROFONI DI RADIOPIU&#8217; GIANLUIGI DELLA GIACOMA\u00a0<\/strong><\/p>\n<audio class=\"wp-audio-shortcode\" id=\"audio-91233-1\" preload=\"none\" style=\"width: 100%;\" controls=\"controls\"><source type=\"audio\/mpeg\" src=\"http:\/\/www.radiopiu.net\/wordpress\/wp-content\/uploads\/2019\/07\/GIANLUIGI.mp3?_=1\" \/><a href=\"http:\/\/www.radiopiu.net\/wordpress\/wp-content\/uploads\/2019\/07\/GIANLUIGI.mp3\">http:\/\/www.radiopiu.net\/wordpress\/wp-content\/uploads\/2019\/07\/GIANLUIGI.mp3<\/a><\/audio>\n<p>&nbsp;<\/p>\n<p>&nbsp;<\/p>\n<p>&nbsp;<\/p>\n<h3>PINETA DI CENCENIGHE UN TAGLIO DI PIANTE CHE POTREBBE NON PIACERE, MA LE MOTIVAZIONI CI SONO. IL CHIARIMENTO DEL SINDACO MAURO SOPPELSA<\/h3>\n<p><strong><a class=\"dt-pswp-item\" href=\"http:\/\/www.radiopiu.net\/wordpress\/wp-content\/uploads\/2019\/07\/e2a1d66d-8c3b-4184-8b7d-cfb913524815.jpg\" data-dt-img-description=\"\" data-large_image_width=\"1600\" data-large_image_height=\"1200\"><img loading=\"lazy\" decoding=\"async\" class=\" wp-image-91296 alignleft\" src=\"http:\/\/www.radiopiu.net\/wordpress\/wp-content\/uploads\/2019\/07\/e2a1d66d-8c3b-4184-8b7d-cfb913524815-300x225.jpg\" alt=\"\" width=\"207\" height=\"155\" srcset=\"https:\/\/www.radiopiu.net\/wordpress\/wp-content\/uploads\/2019\/07\/e2a1d66d-8c3b-4184-8b7d-cfb913524815-300x225.jpg 300w, https:\/\/www.radiopiu.net\/wordpress\/wp-content\/uploads\/2019\/07\/e2a1d66d-8c3b-4184-8b7d-cfb913524815-768x576.jpg 768w, https:\/\/www.radiopiu.net\/wordpress\/wp-content\/uploads\/2019\/07\/e2a1d66d-8c3b-4184-8b7d-cfb913524815-1024x768.jpg 1024w, https:\/\/www.radiopiu.net\/wordpress\/wp-content\/uploads\/2019\/07\/e2a1d66d-8c3b-4184-8b7d-cfb913524815.jpg 1600w\" sizes=\"auto, (max-width: 207px) 100vw, 207px\" \/><\/a>CENCENIGHE<\/strong> Ha preso forma sui social un dibattito sul taglio delle piante alle porte di Cencenighe in Pineta. Dopo i danni di Vaia l&#8217;intervento del Comune per evitare ulteriori schianti perch\u00e9 le radici a ottobre sono state messe a dura prova. Sabato un grande albero \u00e8 finito in strada (foto) ecco il perch\u00e9 della pericolosit\u00e0 per veicoli e pedoni. Operazioni inevitabili, al termine dei lavori seguir\u00e0 la riorganizzazione delle piantumazioni<\/p>\n<p><strong>IL SINDACO MAURO SOPPELSA\u00a0<\/strong><\/p>\n<audio class=\"wp-audio-shortcode\" id=\"audio-91233-2\" preload=\"none\" style=\"width: 100%;\" controls=\"controls\"><source type=\"audio\/mpeg\" src=\"http:\/\/www.radiopiu.net\/wordpress\/wp-content\/uploads\/2019\/07\/MAURO-PINETA.mp3?_=2\" \/><a href=\"http:\/\/www.radiopiu.net\/wordpress\/wp-content\/uploads\/2019\/07\/MAURO-PINETA.mp3\">http:\/\/www.radiopiu.net\/wordpress\/wp-content\/uploads\/2019\/07\/MAURO-PINETA.mp3<\/a><\/audio>\n<p><a class=\"dt-pswp-item\" href=\"http:\/\/www.radiopiu.net\/wordpress\/wp-content\/uploads\/2019\/07\/WhatsApp-Image-2019-07-09-at-17.27.27.jpeg\" data-dt-img-description=\"\" data-large_image_width=\"1599\" data-large_image_height=\"799\"><img loading=\"lazy\" decoding=\"async\" class=\"alignnone wp-image-91285\" src=\"http:\/\/www.radiopiu.net\/wordpress\/wp-content\/uploads\/2019\/07\/WhatsApp-Image-2019-07-09-at-17.27.27-300x150.jpeg\" alt=\"\" width=\"242\" height=\"121\" srcset=\"https:\/\/www.radiopiu.net\/wordpress\/wp-content\/uploads\/2019\/07\/WhatsApp-Image-2019-07-09-at-17.27.27-300x150.jpeg 300w, https:\/\/www.radiopiu.net\/wordpress\/wp-content\/uploads\/2019\/07\/WhatsApp-Image-2019-07-09-at-17.27.27-768x384.jpeg 768w, https:\/\/www.radiopiu.net\/wordpress\/wp-content\/uploads\/2019\/07\/WhatsApp-Image-2019-07-09-at-17.27.27-1024x512.jpeg 1024w, https:\/\/www.radiopiu.net\/wordpress\/wp-content\/uploads\/2019\/07\/WhatsApp-Image-2019-07-09-at-17.27.27.jpeg 1599w\" sizes=\"auto, (max-width: 242px) 100vw, 242px\" \/><\/a><a class=\"dt-pswp-item\" href=\"http:\/\/www.radiopiu.net\/wordpress\/wp-content\/uploads\/2019\/07\/WhatsApp-Image-2019-07-09-at-17.29.48.jpeg\" data-dt-img-description=\"\" data-large_image_width=\"1599\" data-large_image_height=\"799\"><img loading=\"lazy\" decoding=\"async\" class=\"alignnone wp-image-91283\" src=\"http:\/\/www.radiopiu.net\/wordpress\/wp-content\/uploads\/2019\/07\/WhatsApp-Image-2019-07-09-at-17.29.48-300x150.jpeg\" alt=\"\" width=\"244\" height=\"122\" srcset=\"https:\/\/www.radiopiu.net\/wordpress\/wp-content\/uploads\/2019\/07\/WhatsApp-Image-2019-07-09-at-17.29.48-300x150.jpeg 300w, https:\/\/www.radiopiu.net\/wordpress\/wp-content\/uploads\/2019\/07\/WhatsApp-Image-2019-07-09-at-17.29.48-768x384.jpeg 768w, https:\/\/www.radiopiu.net\/wordpress\/wp-content\/uploads\/2019\/07\/WhatsApp-Image-2019-07-09-at-17.29.48-1024x512.jpeg 1024w, https:\/\/www.radiopiu.net\/wordpress\/wp-content\/uploads\/2019\/07\/WhatsApp-Image-2019-07-09-at-17.29.48.jpeg 1599w\" sizes=\"auto, (max-width: 244px) 100vw, 244px\" \/><\/a><a class=\"dt-pswp-item\" href=\"http:\/\/www.radiopiu.net\/wordpress\/wp-content\/uploads\/2019\/07\/WhatsApp-Image-2019-07-09-at-17.29.39.jpeg\" data-dt-img-description=\"\" data-large_image_width=\"1599\" data-large_image_height=\"799\"><img loading=\"lazy\" decoding=\"async\" class=\"alignnone wp-image-91282\" src=\"http:\/\/www.radiopiu.net\/wordpress\/wp-content\/uploads\/2019\/07\/WhatsApp-Image-2019-07-09-at-17.29.39-300x150.jpeg\" alt=\"\" width=\"246\" height=\"123\" srcset=\"https:\/\/www.radiopiu.net\/wordpress\/wp-content\/uploads\/2019\/07\/WhatsApp-Image-2019-07-09-at-17.29.39-300x150.jpeg 300w, https:\/\/www.radiopiu.net\/wordpress\/wp-content\/uploads\/2019\/07\/WhatsApp-Image-2019-07-09-at-17.29.39-768x384.jpeg 768w, https:\/\/www.radiopiu.net\/wordpress\/wp-content\/uploads\/2019\/07\/WhatsApp-Image-2019-07-09-at-17.29.39-1024x512.jpeg 1024w, https:\/\/www.radiopiu.net\/wordpress\/wp-content\/uploads\/2019\/07\/WhatsApp-Image-2019-07-09-at-17.29.39.jpeg 1599w\" sizes=\"auto, (max-width: 246px) 100vw, 246px\" \/><\/a><a class=\"dt-pswp-item\" href=\"http:\/\/www.radiopiu.net\/wordpress\/wp-content\/uploads\/2019\/07\/WhatsApp-Image-2019-07-09-at-17.27.33.jpeg\" data-dt-img-description=\"\" data-large_image_width=\"1599\" data-large_image_height=\"799\"><img loading=\"lazy\" decoding=\"async\" class=\"alignnone wp-image-91281\" src=\"http:\/\/www.radiopiu.net\/wordpress\/wp-content\/uploads\/2019\/07\/WhatsApp-Image-2019-07-09-at-17.27.33-300x150.jpeg\" alt=\"\" width=\"246\" height=\"123\" srcset=\"https:\/\/www.radiopiu.net\/wordpress\/wp-content\/uploads\/2019\/07\/WhatsApp-Image-2019-07-09-at-17.27.33-300x150.jpeg 300w, https:\/\/www.radiopiu.net\/wordpress\/wp-content\/uploads\/2019\/07\/WhatsApp-Image-2019-07-09-at-17.27.33-768x384.jpeg 768w, https:\/\/www.radiopiu.net\/wordpress\/wp-content\/uploads\/2019\/07\/WhatsApp-Image-2019-07-09-at-17.27.33-1024x512.jpeg 1024w, https:\/\/www.radiopiu.net\/wordpress\/wp-content\/uploads\/2019\/07\/WhatsApp-Image-2019-07-09-at-17.27.33.jpeg 1599w\" sizes=\"auto, (max-width: 246px) 100vw, 246px\" \/><\/a><\/p>\n<p>&nbsp;<\/p>\n<p>&nbsp;<\/p>\n<p>&nbsp;<\/p>\n<h2>OSPITALITA&#8217; DIFFUSA CONCA AGORDINA: UNA REALTA&#8217;<\/h2>\n<p><em>Natura, Storia, Persone, Ospitalit\u00e0: 13 soci per 7 strutture, 47 i posti letto tra Gosaldo e Taibon<\/em><\/p>\n<p><strong><a class=\"dt-pswp-item\" href=\"http:\/\/www.radiopiu.net\/wordpress\/wp-content\/uploads\/2019\/07\/32981075_163061567868834_4277968206284455936_n.jpg\" data-dt-img-description=\"\" data-large_image_width=\"960\" data-large_image_height=\"960\"><img loading=\"lazy\" decoding=\"async\" class=\" wp-image-91322 alignleft\" src=\"http:\/\/www.radiopiu.net\/wordpress\/wp-content\/uploads\/2019\/07\/32981075_163061567868834_4277968206284455936_n-300x300.jpg\" alt=\"\" width=\"176\" height=\"176\" srcset=\"https:\/\/www.radiopiu.net\/wordpress\/wp-content\/uploads\/2019\/07\/32981075_163061567868834_4277968206284455936_n-300x300.jpg 300w, https:\/\/www.radiopiu.net\/wordpress\/wp-content\/uploads\/2019\/07\/32981075_163061567868834_4277968206284455936_n-150x150.jpg 150w, https:\/\/www.radiopiu.net\/wordpress\/wp-content\/uploads\/2019\/07\/32981075_163061567868834_4277968206284455936_n-768x768.jpg 768w, https:\/\/www.radiopiu.net\/wordpress\/wp-content\/uploads\/2019\/07\/32981075_163061567868834_4277968206284455936_n.jpg 960w\" sizes=\"auto, (max-width: 176px) 100vw, 176px\" \/><\/a><\/strong><\/p>\n<p>&nbsp;<\/p>\n<p>&nbsp;<\/p>\n<p><strong>AGORDO\u00a0<\/strong><\/p>\n<p><strong>DI GIANNI SANTOMASO<\/strong><\/p>\n<audio class=\"wp-audio-shortcode\" id=\"audio-91233-3\" preload=\"none\" style=\"width: 100%;\" controls=\"controls\"><source type=\"audio\/mpeg\" src=\"http:\/\/www.radiopiu.net\/wordpress\/wp-content\/uploads\/2019\/07\/gianni-ospitailta.mp3?_=3\" \/><a href=\"http:\/\/www.radiopiu.net\/wordpress\/wp-content\/uploads\/2019\/07\/gianni-ospitailta.mp3\">http:\/\/www.radiopiu.net\/wordpress\/wp-content\/uploads\/2019\/07\/gianni-ospitailta.mp3<\/a><\/audio>\n<p>&nbsp;<\/p>\n<p>&nbsp;<\/p>\n<p>&nbsp;<\/p>\n<p>&nbsp;<\/p>\n<h3>Manutenzioni alla viabilit\u00e0: il Comune di Feltre si dota di una finitrice e di un rullo compressore per gli asfalti.<\/h3>\n<p><strong>FELTRE\u00a0<\/strong> Creare una dotazione strumentale sufficiente a provvedere in autonomia, quanto meno per gli interventi di portata pi\u00f9 contenuta, alle manutenzioni stradali, in primis per quanto concerne le asfaltature. E\u2019 l\u2019obiettivo in base al quale il Comune di Feltre ha acquistato, in questo ultimo periodo, altri due macchinari di rilevante importanza: un rullo compressore e una piccola finitrice per la posa in opera dell\u2019asfalto. I due nuovi mezzi in dotazione alle squadre di tecnici e operai comunali hanno un costo, rispettivamente, di 20 mila e 40 mila euro. La nuova finitrice, una delle primissime ad essere acquistate da un ente comunale in Italia, \u00e8 in grado di operare su una fascia di larghezza dagli 80 ai 160 centimetri e pu\u00f2 quindi essere utilmente impiegata, ad esempio, in molti interventi di riparazione del manto stradale, ma anche \u2013 come avviene in questi giorni in viale Monte Grappa &#8211; nel rifacimento integrale dei marciapiedi danneggiati.\u00a0 Un aiuto certamente valido, ancor pi\u00f9 in un periodo, ancora decisamente lungo, durante il quale la citt\u00e0 dovr\u00e0 fare i conti con la ricostruzione post-Vaia.<\/p>\n<h3>AI MICROFONI DI RADIOPIU L&#8217;ASSESSORE ADIS ZATTA<\/h3>\n<audio class=\"wp-audio-shortcode\" id=\"audio-91233-4\" preload=\"none\" style=\"width: 100%;\" controls=\"controls\"><source type=\"audio\/mpeg\" src=\"http:\/\/www.radiopiu.net\/wordpress\/wp-content\/uploads\/2019\/07\/ADIS-ZATTA.mp3?_=4\" \/><a href=\"http:\/\/www.radiopiu.net\/wordpress\/wp-content\/uploads\/2019\/07\/ADIS-ZATTA.mp3\">http:\/\/www.radiopiu.net\/wordpress\/wp-content\/uploads\/2019\/07\/ADIS-ZATTA.mp3<\/a><\/audio>\n<p>&nbsp;<\/p>\n<p>&nbsp;<\/p>\n<p>&nbsp;<\/p>\n<h3>Convenzione Comune \u2013 Villa Carpenada Realizzazione rotatoria e pista pedonale<\/h3>\n<p><strong>BELLUNO<\/strong> \u00c8 stata sottoscritta nei giorni scorsi la convenzione tra il Comune di Belluno e la propriet\u00e0 dell&#8217;Hotel Villa Carpenada, a Mier, che disciplina gli impegni del privato nella realizzazione di alcune opere di compensazione a servizio della cittadinanza. <em>\u00abVerranno cos\u00ec realizzate \u2013 spiega l&#8217;assessore all&#8217;urbanistica, Franco Frison \u2013 in questo primo momento una rotatoria all&#8217;ingresso dell&#8217;ex area ICB, che ora ospita gli uffici della Feinar, e successivamente un percorso pedonale tra Via Mier e questa nuova rotatoria, dove verr\u00e0 posizionata anche la fermata del capolinea del servizio di trasporto pubblico locale\u00bb. <\/em>Gli importi stimati per la realizzazione della rotatoria sono di 50.200 euro, mentre per il camminamento pedonale di 50.700 euro. Si avvia quindi a realizzazione l&#8217;accordo tra Comune e privato che, a fronte della realizzazione di queste opere, prevede la trasformazione del parcheggio restrostante Villa Carpenada in area edificabile, con l&#8217;ampliamento in questa fase della struttura alberghiera e in seguito, con tempistiche ancora da definire, la realizzazione di una zona wellness.\u00a0 <em>\u00abNel frattempo, &#8211; annuncia Frison \u2013 abbiamo gi\u00e0 definito e sottoscritto anche la convenzione con i proprietari delle aree private per il passaggio di propriet\u00e0 al Comune dei terreni dove verr\u00e0 realizzato il marciapiede, cos\u00f9 da eliminare i tempi necessari per gli espropri.<\/em><em>\u00abUn ringraziamento va infine ai privati interessati per la loro disponibilit\u00e0 &#8211; conclude Frison \u2013 nei confronti dell\u2019interesse pubblico\u00bb.<\/em><\/p>\n<p>&nbsp;<\/p>\n<p>&nbsp;<\/p>\n<p>&nbsp;<\/p>\n<p>&nbsp;<\/p>\n<h3>INVESTIMENTO DA MEZZO MILIONE DI EURO PER L&#8217;ILLUMINAZIONE, OBIETTIVO ABBATTERE I COSTI IN BOLLETTA<\/h3>\n<p><strong><a class=\"dt-pswp-item\" href=\"http:\/\/www.radiopiu.net\/wordpress\/wp-content\/uploads\/2019\/07\/download-7.jpg\" data-dt-img-description=\"\" data-large_image_width=\"237\" data-large_image_height=\"137\"><img loading=\"lazy\" decoding=\"async\" class=\"size-full wp-image-91248 alignleft\" src=\"http:\/\/www.radiopiu.net\/wordpress\/wp-content\/uploads\/2019\/07\/download-7.jpg\" alt=\"\" width=\"237\" height=\"137\" \/><\/a>SOSPIROLO<\/strong> Temi importanti ma senza ostacoli trattati nel Consiglio Comunale di gioved\u00ec 4 luglio a Sospirolo: la corposa operazione di efficientamento dell\u2019illuminazione pubblica da mezzo milione di euro e l\u2019acquisizione di un\u2019area in centro a Oregne sono filate via lisce, con la minoranza astenuta in un caso, e favorevole nell\u2019altro. L\u2019Amministrazione di Sospirolo ha infatti proposto di accendere un mutuo pari a circa 500.000 euro, della durata di 15 anni, che permetter\u00e0 di sostituire le attuali lampade con altre a led, abbattendo cos\u00ec la bolletta dell\u2019energia elettrica che ora si attesta sui 60 mila euro all\u2019anno. La minoranza non ha osteggiato l\u2019iniziativa, e si \u00e8 limitata a chiedere qualche delucidazione con la capogruppo Bristot.<\/p>\n<blockquote><p><em> \u201cLe voci presenti nell&#8217;appalto si riferiscono non solo alla sostituzione delle vecchie lampade ma anche al rifacimento di tratti della linea, ormai troppo logori, e alla manutenzione in genere di tutta la rete. Una mossa che ci permetter\u00e0 un notevole risparmio energetico e di conseguenza economico. Inoltre, dati gli attuali tassi di interesse particolarmente bassi, la rata annuale del muto si aggirer\u00e0 intorno ai 39.000 euro, una cifra che possiamo tranquillamente sostenere\u201d <\/em>ha spiegato Renato Franceschi, assessore ai lavori pubblici.<\/p><\/blockquote>\n<p>In effetti molti mutui che tanto avevano fatto discutere a Sospirolo nei decenni passati sono oramai estinti, e altri andranno a chiudersi nel giro di qualche anno. Nella stessa seduta consigliare la discussione si \u00e8 incentrata anche\u00a0 sull\u2019area di Oregne, rimasta vuota dopo la demolizione di un edificio andato a fuoco, e proposta al Comune da un privato cittadino. La Regione Veneto aveva stanziato un contributo in favore del Comune per la sua riqualificazione tramite la demolizione del rudere presente, a patto che venisse ripristinato il suolo naturale. Nessuna colata di cemento o spianata di asfalto quindi, ma non appena l\u2019area sar\u00e0 in effetti nella disponibilit\u00e0 dell\u2019ente si potr\u00e0 ragionare su come impostarla, con il sindaco De Bon che ha invitato anche la minoranza a formulare eventuali proposte.<\/p>\n<p>&nbsp;<\/p>\n<p>&nbsp;<\/p>\n<p>&nbsp;<\/p>\n<p>&nbsp;<\/p>\n<div class=\"pre\"><strong> VENERD\u00cc 12 LUGLIO ALLE\u00a0 12 IN\u00a0 <\/strong><strong>\u00a0SALA CALVI, PALAZZO PILONI (PALAZZO DELLA PROVINCIA) PRESENTAZIONE DI ADVENTURE OUTDOOR FEST<\/strong><\/div>\n<div class=\"pre\"><strong>BELLUNO<\/strong>\u00a0 Per la prima volta in Veneto, ed eccezionalmente in Medio Alto Agordino,\u00a0cuore non solo geografico delle Dolomiti, sar\u00e0 ospite l&#8217;<strong>ADVENTURE\u00a0OUTDOOR FEST<\/strong>, manifestazione che calamiter\u00e0 i migliori sportivi\u00a0nazionali e stranieri e gli appassionati di montagna e di sport all&#8217;aria\u00a0aperta, che costituisce un richiamo per residenti e turisti che, per\u00a0<strong>4 INTERE GIORNATE dal 25 AL 28 LUGLIO 2019<\/strong>, avranno l&#8217;opportunit\u00e0, grazie\u00a0anche alla presenza di preparatissimi istruttori e accompagnatori, di\u00a0cimentarsi nelle pi\u00f9 belle arrampicate, nei trekking pi\u00f9 straordinari,\u00a0nelle corse pi\u00f9 panoramiche, e in tante altre attivit\u00e0 di relax,\u00a0benessere e sport, il tutto concentrato in un anfiteatro naturale, tra\u00a0le montagne del Civetta, Pelmo e Marmolada, con il campo base e un\u00a0villaggio dedicato al relax e al benessere allestiti ai <strong>Piani di Pezz\u00e8\u00a0di Alleghe<\/strong>.\u00a0 Questo il dono che, per celebrare 1 anno di impegno, &#8220;Dolomites Maadness, hosted by Nature&#8221;offre al territorio e alla comunit\u00e0 per la valorizzazione e il rilancio dell&#8217;offerta turistica.\u00a0 \u00a0SARANNO PRESENTI PER I SALUTI:\u00a0 \u00a0Rappresentante PROVINCIA DMO e SINDACO DI ALLEGHE Danilo De Toni Intervengono: \u00a0CARLO BERNARDI, Assessore al Turismo Comune di Rocca Pietore, \u00a0EMMA TAVERI, responsabile progetto Dolomites Maadness, \u00a0ANDREA DAL FARRA, direttore marketing Alleghe Funivie, \u00a0FABIO CAVALLARI, responsabile marketing Adventure Outdoor Fest.\u00a0 PARTECIPANO I SINDACI DEI COMUNI PROMOTORI E I PRESIDENTI DEI CONSORZI\u00a0TURISTICI<\/div>\n<p>&nbsp;<\/p>\n<p>&nbsp;<\/p>\n<p>&nbsp;<\/p>\n<p>&nbsp;<\/p>\n<h3>L\u2019ASSOCIAZIONE MARTINA BONAVERA SUPPORTA IL CENTRO ALIANTE<\/h3>\n<p><strong class=\"photoswipe-wrapper\">BELLUNO<\/strong>\u00a0Ogni primavera la famiglia di Martina Bonavera, tredicenne bellunese scomparsa in un incidente sei anni fa, organizza un torneo in memoria della figlia durante il quale viene attivata una raccolta fondi finalizzata al sostegno di realt\u00e0 di volontariato e di inclusione sociale del bellunese. Quest\u2019anno la somma ricavata dalla 6\u00b0 edizione del \u201cTrofeo Martina Bonavera\u201d sar\u00e0 devoluta\u00a0 al Centro Aliante della Cooperativa Societ\u00e0 Nuova Onlus per il finanziamento di un progetto di musicoterapia per bambini e ragazzi con sindrome dello spettro autistico.\u00a0<em>\u201c<\/em><\/p>\n<audio class=\"wp-audio-shortcode\" id=\"audio-91233-5\" preload=\"none\" style=\"width: 100%;\" controls=\"controls\"><source type=\"audio\/mpeg\" src=\"http:\/\/www.radiopiu.net\/wordpress\/wp-content\/uploads\/2019\/07\/gianni-bonavera.mp3?_=5\" \/><a href=\"http:\/\/www.radiopiu.net\/wordpress\/wp-content\/uploads\/2019\/07\/gianni-bonavera.mp3\">http:\/\/www.radiopiu.net\/wordpress\/wp-content\/uploads\/2019\/07\/gianni-bonavera.mp3<\/a><\/audio>\n<p>&nbsp;<\/p>\n<p>&nbsp;<\/p>\n<p>&nbsp;<\/p>\n<h3>AUTONOMIA: BOND (FI), GOVERNO RIFERISCA IN PARLAMENTO DOPO STOP IN CDM<\/h3>\n<p><strong>AUDIO DALLA RASSEGNA STAMPA<\/strong><\/p>\n<audio class=\"wp-audio-shortcode\" id=\"audio-91233-6\" preload=\"none\" style=\"width: 100%;\" controls=\"controls\"><source type=\"audio\/mpeg\" src=\"http:\/\/www.radiopiu.net\/wordpress\/wp-content\/uploads\/2019\/07\/BOND-2.mp3?_=6\" \/><a href=\"http:\/\/www.radiopiu.net\/wordpress\/wp-content\/uploads\/2019\/07\/BOND-2.mp3\">http:\/\/www.radiopiu.net\/wordpress\/wp-content\/uploads\/2019\/07\/BOND-2.mp3<\/a><\/audio>\n<p>&nbsp;<\/p>\n<p>\u201cIl governo riferisca in Parlamento in merito all\u2019ultimo rinvio in consiglio dei ministri del provvedimento sul regionalismo differenziato. Il ministro Stefani ci spieghi a che punto \u00e8 il dossier, perch\u00e9 si sentono tante voci e tante bugie da rendere opportuno che il Parlamento sia informato. Non possiamo apprendere dalla stampa tutta una serie di opzioni che poi vengono smentite dai fatti\u201d. Lo ha detto il deputato di Forza Italia Dario Bond intervenendo nell\u2019Aula di Montecitorio.<\/p>\n<div style=\"width: 720px;\" class=\"wp-video\"><video class=\"wp-video-shortcode\" id=\"video-91233-1\" width=\"720\" height=\"576\" preload=\"metadata\" controls=\"controls\"><source type=\"video\/mp4\" src=\"http:\/\/www.radiopiu.net\/wordpress\/wp-content\/uploads\/2019\/07\/WhatsApp-Video-2019-07-09-at-17.55.49.mp4?_=1\" \/><a href=\"http:\/\/www.radiopiu.net\/wordpress\/wp-content\/uploads\/2019\/07\/WhatsApp-Video-2019-07-09-at-17.55.49.mp4\">http:\/\/www.radiopiu.net\/wordpress\/wp-content\/uploads\/2019\/07\/WhatsApp-Video-2019-07-09-at-17.55.49.mp4<\/a><\/video><\/div>\n<p>&nbsp;<\/p>\n<p>&nbsp;<\/p>\n<p>&nbsp;<\/p>\n<p>&nbsp;<\/p>\n<h3>Fusione dei comuni. De Carlo: \u201cInterrogazione caduta nel vuoto\u201d<\/h3>\n<p><a class=\"dt-pswp-item\" href=\"http:\/\/www.radiopiu.net\/wordpress\/wp-content\/uploads\/2018\/04\/fusione-in-jpeg-780x401.jpg\" data-dt-img-description=\"\" data-large_image_width=\"780\" data-large_image_height=\"401\"><img loading=\"lazy\" decoding=\"async\" class=\" wp-image-46270 alignleft\" src=\"http:\/\/www.radiopiu.net\/wordpress\/wp-content\/uploads\/2018\/04\/fusione-in-jpeg-780x401-300x154.jpg\" alt=\"\" width=\"203\" height=\"104\" srcset=\"https:\/\/www.radiopiu.net\/wordpress\/wp-content\/uploads\/2018\/04\/fusione-in-jpeg-780x401-300x154.jpg 300w, https:\/\/www.radiopiu.net\/wordpress\/wp-content\/uploads\/2018\/04\/fusione-in-jpeg-780x401-768x395.jpg 768w, https:\/\/www.radiopiu.net\/wordpress\/wp-content\/uploads\/2018\/04\/fusione-in-jpeg-780x401.jpg 780w\" sizes=\"auto, (max-width: 203px) 100vw, 203px\" \/><\/a>\u201cFratelli d&#8217;Italia ha denunciato da tempo, da prima che se ne accorgesse l&#8217;ex partito di governo, il rischio per i comuni che hanno intrapreso percorsi di fusione di vedersi ridotti gli annunciati trasferimenti da parte dello Stato. A quasi un mese dall&#8217;interrogazione del collega Foti, per\u00f2, il ministro Tria ancora non ci ha risposto\u201d: il deputato e sindaco di Calalzo di Cadore, Luca De Carlo, torna a mettere sotto i riflettori la paradossale situazione che decine di comuni italiani, anche nel Bellunese, si troveranno a vivere, alla vigilia della protesta annunciata dal Partito Democratico per domani a Roma. &#8216;interrogazione data 21 giugno e chiedeva al Ministro dell&#8217;Economia e delle Finanze e al Ministro dell&#8217;Interno \u201cquali iniziative si intendano assumere non essendo stata predisposta un&#8217;integrazione al fondo per i contributi alle fusioni, vista l&#8217;attivazione nell&#8217;anno 2019 di nuove fusioni tra comuni. Al fondo mancano circa 30 milioni di euro, 2 dei quali nella sola provincia di Belluno, con un -25% per le fusioni pi\u00f9 \u201cdatate\u201d di Quero Vas, Longarone, Val di Zoldo e Alpago e ben -58% sulla stima per il neonato comune di Borgo Valbelluna\u00a0 \u201cNon ho mai condiviso le politiche centralistiche del Partito Democratico\u201d, commenta De Carlo. \u201cLe ritengo una maniera sottile per levare rappresentanza e democrazia ai cittadini, con la scusa di razionalizzare e semplificare. Ma i comuni non sono aziende e non bisogna perseguire unicamente l&#8217;efficienza economica. I comuni, anche i pi\u00f9 piccoli, soprattutto nelle zone di montagna, sono un presidio imprescindibile, a livello amministrativo, gestionale e sociale. Certo, possono associarsi e convenzionarsi per offrire servizi migliori: a Calalzo lo facciamo per i rifiuti e lo sportello attivit\u00e0 produttive, ma non si pu\u00f2 chiedere ai comuni di auto-eliminarsi, nascondendo il centralismo dietro promesse di fondi che poi non vengono mantenute\u201d. \u201cMi auguro\u201d conclude De Carlo \u201cche il ministro Tria dia presto una risposta alle nostre denunce: lo faccia non per noi, ma per quelle migliaia di cittadini che hanno creduto alle promesse delle istituzioni\u201d.<\/p>\n<p>&nbsp;<\/p>\n<p>&nbsp;<\/p>\n<p><strong>La Camera dei Deputati restituisce 100 milioni di euro. D\u2019Inc\u00e0 (M5S): \u201cUna cifra mai\u00a0restituita prima, lavoriamo ancora per risparmiare\u201d<\/strong><\/p>\n<p><strong>AUDIO DAL GR PRINCIPALE<\/strong><\/p>\n<audio class=\"wp-audio-shortcode\" id=\"audio-91233-7\" preload=\"none\" style=\"width: 100%;\" controls=\"controls\"><source type=\"audio\/mpeg\" src=\"http:\/\/www.radiopiu.net\/wordpress\/wp-content\/uploads\/2019\/07\/Bilancio-Camera-100-milioni.mp3?_=7\" \/><a href=\"http:\/\/www.radiopiu.net\/wordpress\/wp-content\/uploads\/2019\/07\/Bilancio-Camera-100-milioni.mp3\">http:\/\/www.radiopiu.net\/wordpress\/wp-content\/uploads\/2019\/07\/Bilancio-Camera-100-milioni.mp3<\/a><\/audio>\n<p>&nbsp;<\/p>\n<div style=\"text-align: justify;\"><strong>ROMA<\/strong>\u00a0 \u201cLa Camera dei Deputati restituir\u00e0 100 milioni di euro al bilancio dello Stato: \u00e8 la pi\u00f9 grande restituzione di sempre nella storia dell\u2019amministrazione parlamentare\u201d.\u00a0 \u00a0A darne notizia \u00e8 Federico D\u2019Inc\u00e0, deputato veneto del Movimento 5 Stelle e Questore della Camera dei Deputati, al termine dell\u2019approvazione in Ufficio di presidenza del conto consuntivo 2018 di Montecitorio.\u00a0 \u00a0\u201cLa gestione attenta e virtuosa, volta al contenimento dei costi ha portato risultati importantissimi \u2013 osserva D\u2019Inc\u00e0, che aggiunge -: in appena due anni sono stati restituiti 185 milioni di euro (100 quest\u2019anno e 85 nel 2018, poi destinati alle popolazioni colpite dal terremoto). Pensiamo, per\u00f2, anche al taglio dei vitalizi, con un risparmio di 45,6 milioni di euro, ai 20 milioni frutto del taglio delle pensioni d\u2019oro degli ex dipendenti della Camera e ai 41 milioni risparmiati grazie al blocco delle indicizzazioni delle indennit\u00e0 e l\u2019adeguamento dei rimborsi dei deputati fino al 2021\u201d.\u00a0 \u201cIl Movimento 5 Stelle si batte da sempre contro i privilegi e i costi della politica: abbiamo lavorato per contenere i costi e per continuare a risparmiare grazie all&#8217;impegno dei membri M5S dell\u2019Ufficio di presidenza, sotto la guida del presidente Roberto Fico. Questa \u00e8 una prima risposta seria e concreta e non ci fermeremo qui. Abbiamo bisogno di etica nelle istituzioni e di una decisa lotta ai costi della politica per il bene dei cittadini e del nostro Paese \u2013 conclude il deputato-Questore del M5S\u201d.<\/div>\n<div style=\"text-align: justify;\"><\/div>\n<p>&nbsp;<\/p>\n<p>&nbsp;<\/p>\n<h3>A ROCCA PIETORE VIETATO ACCENDERE FUOCHI<\/h3>\n<p><strong>ROCCA PIETORE<\/strong> Il sindaco di Rocca Pietore Andrea De Bernardin ha firmato un&#8217;ordinanza che vieta l&#8217;accesione di fuochi su tutto il territorio comunale del Comune, per qualsiasi motivo, soprattutto in aree boschive, prati, pascoli e campi. L&#8217;accensione di fuochi in aree attrezzate per pic nic, all&#8217;esterno delle abitazioni, nei campeggi o baite dovr\u00e0 avvenire con le dovute precauzioni, scorta d&#8217;acqua e presidio di persone sul posto fno al completo e sicuro spegnimento. Vietati i fuochi d&#8217;artificio, lanterne volanti e fal\u00f2. Le sanzioni amministrative previste vanno da 80 a 500 euro<\/p>\n<p>&nbsp;<\/p>\n<p>&nbsp;<\/p>\n<p>&nbsp;<\/p>\n<h3>LA QUINTA VARIAZIONE AL BILANCIO<\/h3>\n<p><strong>CENCENIGHE<\/strong> Venerdi alle 20.30 consiglio comunale a Cencenighe convocato dal sindaco Mauro Soppelsa. Quattro gli argomenti in discussione:\u00a0 prima variante al piano degli interventi, valutazione delle osservazioni e approvazione; convenzione con la ditta Ben.Co. di Bruno Ben Snc; quinta variazione al bilancio; gestione servizio sociale professionale comprensivo della porta unitari di accesso al sistema dei servizi alla persona.<\/p>\n<p><strong>di GIANNI SANTOMASO<\/strong><\/p>\n<audio class=\"wp-audio-shortcode\" id=\"audio-91233-8\" preload=\"none\" style=\"width: 100%;\" controls=\"controls\"><source type=\"audio\/mpeg\" src=\"http:\/\/www.radiopiu.net\/wordpress\/wp-content\/uploads\/2019\/07\/giani-consiglio.mp3?_=8\" \/><a href=\"http:\/\/www.radiopiu.net\/wordpress\/wp-content\/uploads\/2019\/07\/giani-consiglio.mp3\">http:\/\/www.radiopiu.net\/wordpress\/wp-content\/uploads\/2019\/07\/giani-consiglio.mp3<\/a><\/audio>\n<p>&nbsp;<\/p>\n<p>&nbsp;<\/p>\n<p>&nbsp;<\/p>\n<h3>TERRE DI USO CIVICO E CONVENZIONE PER IL PALADOLOMITI<\/h3>\n<p><strong>FALCADE<\/strong> Il sindaco di Falcade Michele Costa ha convocato il consiglio comunale per lunedi alle 21 in Municipio. In discussione una variazione urgente al bilancio di previsione, sul riordino delle terre di uso civico: esame dell&#8217;osservazione-opposizione-controdeduzione, approvazione delle correzioni dei dati catastali; convenzione con la Provincia per l&#8217;utilizzo del Polifunzionale Dolomiti da parte dell&#8217;Istituto Follador De Rossi.<\/p>\n<p>&nbsp;<\/p>\n<p>&nbsp;<\/p>\n<p>&nbsp;<\/p>\n<h3><a class=\"dt-pswp-item\" href=\"http:\/\/www.radiopiu.net\/wordpress\/wp-content\/uploads\/2019\/07\/WhatsApp-Image-2019-07-08-at-18.27.22-3.jpeg\" data-dt-img-description=\"\" data-large_image_width=\"1200\" data-large_image_height=\"1600\"><img loading=\"lazy\" decoding=\"async\" class=\"wp-image-91158 alignleft\" src=\"http:\/\/www.radiopiu.net\/wordpress\/wp-content\/uploads\/2019\/07\/WhatsApp-Image-2019-07-08-at-18.27.22-3-225x300.jpeg\" alt=\"\" width=\"102\" height=\"136\" srcset=\"https:\/\/www.radiopiu.net\/wordpress\/wp-content\/uploads\/2019\/07\/WhatsApp-Image-2019-07-08-at-18.27.22-3-225x300.jpeg 225w, https:\/\/www.radiopiu.net\/wordpress\/wp-content\/uploads\/2019\/07\/WhatsApp-Image-2019-07-08-at-18.27.22-3-768x1024.jpeg 768w, https:\/\/www.radiopiu.net\/wordpress\/wp-content\/uploads\/2019\/07\/WhatsApp-Image-2019-07-08-at-18.27.22-3.jpeg 1200w\" sizes=\"auto, (max-width: 102px) 100vw, 102px\" \/><\/a>OGGI LA LEGA PER I PROBLEMI A CAVARZANO<\/h3>\n<p><strong>BELLUNO<\/strong> E\u2019 convocata per oggi alle 11.30 la conferenza stampa nella sede Provinciale della Lega in Via Masi Simonetti 21, sul tema &#8220;Viabilit\u00e0 a Cavarzano&#8221; a seguito dei recenti avvenimenti che hanno interessato il quartiere con proposte e richieste da parte della cittadinanza.\u00a0 Saranno presenti il Cons. Reg.\u00a0Franco Gidoni, il Capogruppo Lega in Consiglio Comunale Luciano Da Pian ed il Segretario Cittadino della Lega Paolo Luciani.<\/p>\n<p>&nbsp;<\/p>\n<p>&nbsp;<\/p>\n<p>&nbsp;<\/p>\n<h3>CSA LUXOTTICA, IL WELFARE DEI LAVORATORI<\/h3>\n<p><strong>BELLUNO<\/strong> Giovedi alle 11.30\u00a0 nella sede Cisl di Belluno Fabrizio Campedel, Diego Palmeri e Paolo Chissal\u00e8, rispettivamente presidente, vicepresidente e consigliere del Consiglio di Amministrazione della Cassa Solidariet\u00e0 Aziendale Luxottica, incontrano la stampa per\u00a0 presentare i\u00a0risultati raggiunti negli ultimi 12 mesi, la rendicontazione degli impieghi delle risorse e le novit\u00e0 per il prossimo futuro<\/p>\n<blockquote><p><em>Un altro anno da record per CSA, la Cassa Solidariet\u00e0 Aziendale Lavoratori Luxottica istituita dai lavoratori, su proposta delle organizzazioni sindacali, nel 1996. Aumentano sia il numero dei lavoratori iscritti che la portata delle erogazioni e al contempo si amplia lo spettro delle prestazioni dedicate agli associati.<\/em><\/p><\/blockquote>\n<p>&nbsp;<\/p>\n<p>&nbsp;<\/p>\n<h3>Canale d\u2019Agordo &#8211; La nuova area di sgambatura per cani Ass. Tana&#8230;liberi tutti<\/h3>\n<p><strong><a class=\"dt-pswp-item\" href=\"http:\/\/www.radiopiu.net\/wordpress\/wp-content\/uploads\/2019\/07\/campo-canale.jpg\" data-dt-img-description=\"\" data-large_image_width=\"3508\" data-large_image_height=\"4961\"><img loading=\"lazy\" decoding=\"async\" class=\" wp-image-91272 alignleft\" src=\"http:\/\/www.radiopiu.net\/wordpress\/wp-content\/uploads\/2019\/07\/campo-canale-212x300.jpg\" alt=\"\" width=\"183\" height=\"259\" srcset=\"https:\/\/www.radiopiu.net\/wordpress\/wp-content\/uploads\/2019\/07\/campo-canale-212x300.jpg 212w, https:\/\/www.radiopiu.net\/wordpress\/wp-content\/uploads\/2019\/07\/campo-canale-768x1086.jpg 768w, https:\/\/www.radiopiu.net\/wordpress\/wp-content\/uploads\/2019\/07\/campo-canale-724x1024.jpg 724w\" sizes=\"auto, (max-width: 183px) 100vw, 183px\" \/><\/a>CANALE D&#8217;AGORDO<\/strong> La prima in tutto l\u2019agordino finalmente prende vita grazie all\u2019impegno di Barbara Pra educatrice cinofila, che da anni si occupa di cani con passione e successo anche nel sociale vista la sua pratica con gli interventi assistiti con animali in casa di Riposo. Ma cosa \u00e8 un\u2019area di sgambatura? In sostanza \u00e8 un\u2019area verde recintata che in questo caso \u00e8 stata concessa in uso grazie alla collaborazione di un privato, in cui si possono liberare i cani, certo con delle regole e del buon senso che non mancheranno di essere illustrate nella serata di marted\u00ec 16 luglio a Canale d\u2019Agordo in sala Ex emigranti in Via Lotta alle ore 20.30. Barbara e gli amici della neonata associazione Tana\u2026liberi tutti, spiegheranno alla popolazione l\u2019uso dell\u2019area e illustreranno le potenzialit\u00e0 del progetto patrocinato dal comune di Canale d\u2019Agordo. L\u2019area non solo sar\u00e0 utile a tutte le persone che non hanno un terreno di propriet\u00e0 dove poter lasciare libero il proprio cane, ma pu\u00f2 diventare un ottimo punto d\u2019appoggio per l\u2019educazione degli animali, con lezioni di educatori cinofili, eventi a tema, programmi di socializzazione per cuccioli, e cultura cinofila in generale di cui si ha sempre pi\u00f9 bisogno per un approccio corretto di convivenza tra uomini animali e ambiente. Sar\u00e0 presente alla presentazione Cristiano Fant dell\u2019associazione Siamo Tutti Animali Belluno come relatore nello specifico delle normative sulla detenzione e gestione dei cani. La popolazione \u00e8 invitata e l\u2019ingresso \u00e8 libero.<\/p>\n<p>&nbsp;<\/p>\n<p>&nbsp;<\/p>\n<p>&nbsp;<\/p>\n<h3>GIOVEDI DELLE BIBLIOTECHE &#8220;MAFIA COME M&#8221;<\/h3>\n<p><strong>CANALE D&#8217;AGORDO<\/strong> Domani alle 20.45 nella sala di via Lotta interverr\u00e0 Francesco Trotta dell&#8217;associazione &#8220;Cosa Vostra&#8221; con il libro &#8220;Mafia come M&#8221;, la criminalit\u00e0 organizzata nel Nordest spiegata ai ragazzi. Presenta Gianni Santomaso.<\/p>\n<blockquote><p><em>Cosa Vostra \u00e8 un&#8217;associazione di promozione sociale nata a Treviso nel 2015, collaborano laureati, laureandi e studenti provenienti da varie realt\u00e0 italiane. Un progetto nato come ricerca e analisi delle dinamiche comunicativa legate al territorio e quelle partecipative legate all&#8217;antimafia, coniugando l&#8217;impegno contro le infiltrazioni della criminalit\u00e0 organizzata alla valorizzazione territoriale<\/em><\/p><\/blockquote>\n<p>&nbsp;<\/p>\n<p>&nbsp;<\/p>\n<p>&nbsp;<\/p>\n<p>&nbsp;<\/p>\n<h3>UN AIUTO CORALE PER IL VENETO<\/h3>\n<p><strong><a class=\"dt-pswp-item\" href=\"http:\/\/www.radiopiu.net\/wordpress\/wp-content\/uploads\/2019\/07\/download-11.jpg\" data-dt-img-description=\"\" data-large_image_width=\"274\" data-large_image_height=\"184\"><img loading=\"lazy\" decoding=\"async\" class=\" wp-image-91263 alignleft\" src=\"http:\/\/www.radiopiu.net\/wordpress\/wp-content\/uploads\/2019\/07\/download-11.jpg\" alt=\"\" width=\"198\" height=\"133\" \/><\/a>TAIBON<\/strong> Domenica alle 11 nella Chiesa dei Santi Cornelio e Cipriano saranno consegnati i fondi raccolti dai cori Asac Veneto al Comune di Taibon Agordino. Accompagneranno la cerimonia il Coro Polifonico di Trichiana diretto da Stefano Bittante e il Coro Minimo di Belluno diretto da Gianluca Nicolai.<\/p>\n<p><em>&#8220;Un momento speciale di solidariet\u00e0 e di amicizia &#8211; dice il sindaco Silvia Tormen &#8211; che mi piacerebbe vivere con la gente del paese per poter meglio rappresentare la gratitudine della nostra Comunit\u00e0 verso le tante persone che hanno dedicato tempo e passione in nostro favore&#8221;.<\/em><\/p>\n<blockquote><p><em><strong>Hanno partecipato alla raccolta fondi i cori ASAC:<\/strong> Coro Castel di Conegliano (TV), Coro Montegaleto di Bussolegno (VR), Pradevai di San Fior (TV), Gruppo Corale Bolzano Vicentino (VI), I Musici di Brendola (VI), Corale Barbisano (TV), Coro Folkloristico &#8216;La Quercia&#8217; di Fossalta di Portogruaro (VE), Coro Polifonico Pontecatena di Verona, Coro Polifonico di Trichiana (BL), Coro Minimo Bellunese di Belluno ,Coro San Leopoldo di Concordia Sagittaria (VE), onsulta ASAC Padova, Coro femminile Romatino di Concordia Sagittaria (VE), Coro Voces Clarae di Creazzo (VI), Coro Tre Molini di Cavrie (TV), Coro Antonio De Vecchi di Cinto Caomaggiore (VE), Coro Polifonico Progetto Musica di Valdagno (VI), Bassano Bluespiritual Band (VI), I Cantori di Marostica, Sodalitas Cantorum di Marostica (VI), Coro Scaligero Di Cologna Veneta (VR), La Preara di Caprino Veronese, Accademia San Giorgio di Verona, Coro Note Innate di Padova<\/em><\/p><\/blockquote>\n<p>&nbsp;<\/p>\n<p>&nbsp;<\/p>\n<p>&nbsp;<\/p>\n<p>&nbsp;<\/p>\n<h3>EMANUELE BUZZI PER UNA NUOVA IMMAGINE<\/h3>\n<p><strong>SAPPADA<\/strong> Emanuele Buzzi, giovane promessa della nazionale azzurra di Coppa <a class=\"dt-pswp-item\" href=\"http:\/\/www.radiopiu.net\/wordpress\/wp-content\/uploads\/2019\/07\/emanuele-buzzi-flavio-alberti-1.jpg\" data-dt-img-description=\"\" data-large_image_width=\"2048\" data-large_image_height=\"2048\"><img loading=\"lazy\" decoding=\"async\" class=\" wp-image-91239 alignleft\" src=\"http:\/\/www.radiopiu.net\/wordpress\/wp-content\/uploads\/2019\/07\/emanuele-buzzi-flavio-alberti-1-300x300.jpg\" alt=\"\" width=\"157\" height=\"157\" srcset=\"https:\/\/www.radiopiu.net\/wordpress\/wp-content\/uploads\/2019\/07\/emanuele-buzzi-flavio-alberti-1-300x300.jpg 300w, https:\/\/www.radiopiu.net\/wordpress\/wp-content\/uploads\/2019\/07\/emanuele-buzzi-flavio-alberti-1-150x150.jpg 150w, https:\/\/www.radiopiu.net\/wordpress\/wp-content\/uploads\/2019\/07\/emanuele-buzzi-flavio-alberti-1-768x768.jpg 768w, https:\/\/www.radiopiu.net\/wordpress\/wp-content\/uploads\/2019\/07\/emanuele-buzzi-flavio-alberti-1-1024x1024.jpg 1024w, https:\/\/www.radiopiu.net\/wordpress\/wp-content\/uploads\/2019\/07\/emanuele-buzzi-flavio-alberti-1.jpg 2048w\" sizes=\"auto, (max-width: 157px) 100vw, 157px\" \/><\/a>del mondo, specialit\u00e0 discipline veloci, ha siglato un contratto di tre anni con l&#8217;azienda veneta FA CONSULTING di Flavio Alberti per la gestione e la promozione della sua immagine.<\/p>\n<blockquote><p>\u00abSono felice di questo accordo perch\u00e9 volevo trovare, e ho trovato, una figura professionale che conoscesse il mondo della neve e attuasse un progetto per la gestione di tutte quelle attivit\u00e0 di cui un atleta al giorno d\u2019oggi necessita\u00bb spiega\u00a0Emanuele Buzzi\u00a0che in questi giorni \u00e8 tornato sulla neve dopo aver completato il percorso di recupero dall&#8217;infortunio occorsogli in Coppa del Mondo a Wengen lo scorso gennaio, subito dopo aver tagliato il traguardo. \u00abOra voglio concentrarmi sulla preparazione e crescere ulteriormente dal punto di vista tecnico per ripartire dalle prime gare con le belle sensazioni che ho provato durante la scorsa stagione e, in particolare, nella gara di Wengen dove sono arrivato sesto\u00bb.<\/p><\/blockquote>\n<p>&nbsp;<\/p>\n<p>&nbsp;<\/p>\n<p>&nbsp;<\/p>\n<h2 dir=\"ltr\"><span style=\"color: #ff0000;\"><strong>LA STORIA<\/strong><\/span><\/h2>\n<h2>UNA SARACINESCA CHE NON VUOLE SCENDERE SU 60 ANNI DI STORIA di Gianni Santomaso<\/h2>\n<p><strong><a class=\"dt-pswp-item\" href=\"http:\/\/www.radiopiu.net\/wordpress\/wp-content\/uploads\/2019\/07\/05562886-ecb5-46ee-8622-7e71659783de.jpg\" data-dt-img-description=\"\" data-large_image_width=\"1600\" data-large_image_height=\"901\"><img loading=\"lazy\" decoding=\"async\" class=\" wp-image-91216 alignleft\" src=\"http:\/\/www.radiopiu.net\/wordpress\/wp-content\/uploads\/2019\/07\/05562886-ecb5-46ee-8622-7e71659783de-300x169.jpg\" alt=\"\" width=\"208\" height=\"117\" srcset=\"https:\/\/www.radiopiu.net\/wordpress\/wp-content\/uploads\/2019\/07\/05562886-ecb5-46ee-8622-7e71659783de-300x169.jpg 300w, https:\/\/www.radiopiu.net\/wordpress\/wp-content\/uploads\/2019\/07\/05562886-ecb5-46ee-8622-7e71659783de-768x432.jpg 768w, https:\/\/www.radiopiu.net\/wordpress\/wp-content\/uploads\/2019\/07\/05562886-ecb5-46ee-8622-7e71659783de-1024x577.jpg 1024w, https:\/\/www.radiopiu.net\/wordpress\/wp-content\/uploads\/2019\/07\/05562886-ecb5-46ee-8622-7e71659783de.jpg 1600w\" sizes=\"auto, (max-width: 208px) 100vw, 208px\" \/><\/a>AGORDO <\/strong>Le mura del Bar Alpino ad Agordo di Maria Rosa e del compianto Ricky Ben, compagno di una vita, racchiudono una storia che merita di essere raccontata. Quel Bar, quella Trattoria, quel punto di riferimento per i professori e gli alunni del glorioso Minerario di via 5 maggio: sessant&#8217;anni di storia dove si intrecciano le storie della Agordo di allora ma anche di oggi. Dalle cene di Leonardo Del Vecchio agli studenti &#8220;sfamati&#8221; all&#8217;ora di ricreazione, dal caff\u00e8 della mattina agli incontri del calcio della sera dove se non eri milanista non mancava la presa in giro. Questo nel racconto di Gianni Santomaso.<\/p>\n<p><strong><a class=\"dt-pswp-item\" href=\"http:\/\/www.radiopiu.net\/wordpress\/wp-content\/uploads\/2019\/07\/89bec44d-6b25-4c13-9d05-2e509a3601d4.jpg\" data-dt-img-description=\"\" data-large_image_width=\"1473\" data-large_image_height=\"960\"><img loading=\"lazy\" decoding=\"async\" class=\" wp-image-91218 alignright\" src=\"http:\/\/www.radiopiu.net\/wordpress\/wp-content\/uploads\/2019\/07\/89bec44d-6b25-4c13-9d05-2e509a3601d4-300x196.jpg\" alt=\"\" width=\"191\" height=\"125\" srcset=\"https:\/\/www.radiopiu.net\/wordpress\/wp-content\/uploads\/2019\/07\/89bec44d-6b25-4c13-9d05-2e509a3601d4-300x196.jpg 300w, https:\/\/www.radiopiu.net\/wordpress\/wp-content\/uploads\/2019\/07\/89bec44d-6b25-4c13-9d05-2e509a3601d4-768x501.jpg 768w, https:\/\/www.radiopiu.net\/wordpress\/wp-content\/uploads\/2019\/07\/89bec44d-6b25-4c13-9d05-2e509a3601d4-1024x667.jpg 1024w, https:\/\/www.radiopiu.net\/wordpress\/wp-content\/uploads\/2019\/07\/89bec44d-6b25-4c13-9d05-2e509a3601d4.jpg 1473w\" sizes=\"auto, (max-width: 191px) 100vw, 191px\" \/><\/a><\/strong><\/p>\n<p>&nbsp;<\/p>\n<p>&nbsp;<\/p>\n<p><strong>MARIA ROSA, CUOCA, BARISTA E AMICA <em>&#8220;Le ferie? A luglio per andare in gita con Don Lino&#8221;<\/em><\/strong><\/p>\n<audio class=\"wp-audio-shortcode\" id=\"audio-91233-9\" preload=\"none\" style=\"width: 100%;\" controls=\"controls\"><source type=\"audio\/mpeg\" src=\"http:\/\/www.radiopiu.net\/wordpress\/wp-content\/uploads\/2019\/07\/LUNGO.mp3?_=9\" \/><a href=\"http:\/\/www.radiopiu.net\/wordpress\/wp-content\/uploads\/2019\/07\/LUNGO.mp3\">http:\/\/www.radiopiu.net\/wordpress\/wp-content\/uploads\/2019\/07\/LUNGO.mp3<\/a><\/audio>\n<p><strong><a class=\"dt-pswp-item\" href=\"http:\/\/www.radiopiu.net\/wordpress\/wp-content\/uploads\/2019\/07\/4ba1dffb-4fb6-4b2f-aa36-0e9556b0b70e.jpg\" data-dt-img-description=\"\" data-large_image_width=\"985\" data-large_image_height=\"688\"><img loading=\"lazy\" decoding=\"async\" class=\" wp-image-91219 alignleft\" src=\"http:\/\/www.radiopiu.net\/wordpress\/wp-content\/uploads\/2019\/07\/4ba1dffb-4fb6-4b2f-aa36-0e9556b0b70e-300x210.jpg\" alt=\"\" width=\"189\" height=\"132\" srcset=\"https:\/\/www.radiopiu.net\/wordpress\/wp-content\/uploads\/2019\/07\/4ba1dffb-4fb6-4b2f-aa36-0e9556b0b70e-300x210.jpg 300w, https:\/\/www.radiopiu.net\/wordpress\/wp-content\/uploads\/2019\/07\/4ba1dffb-4fb6-4b2f-aa36-0e9556b0b70e-768x536.jpg 768w, https:\/\/www.radiopiu.net\/wordpress\/wp-content\/uploads\/2019\/07\/4ba1dffb-4fb6-4b2f-aa36-0e9556b0b70e.jpg 985w\" sizes=\"auto, (max-width: 189px) 100vw, 189px\" \/><\/a><\/strong><\/p>\n<p>&nbsp;<\/p>\n<p><strong>UNA LUNGA STORIA DOPO UN COLPO DI FULMINE ALLA PINETA&#8221;<\/strong><\/p>\n<audio class=\"wp-audio-shortcode\" id=\"audio-91233-10\" preload=\"none\" style=\"width: 100%;\" controls=\"controls\"><source type=\"audio\/mpeg\" src=\"http:\/\/www.radiopiu.net\/wordpress\/wp-content\/uploads\/2019\/07\/SOTIRA-6o-anni.mp3?_=10\" \/><a href=\"http:\/\/www.radiopiu.net\/wordpress\/wp-content\/uploads\/2019\/07\/SOTIRA-6o-anni.mp3\">http:\/\/www.radiopiu.net\/wordpress\/wp-content\/uploads\/2019\/07\/SOTIRA-6o-anni.mp3<\/a><\/audio>\n<p style=\"text-align: left;\"><strong><a class=\"dt-pswp-item\" href=\"http:\/\/www.radiopiu.net\/wordpress\/wp-content\/uploads\/2019\/07\/2e9b86c4-d184-4f73-8563-b20275d00b3f.jpg\" data-dt-img-description=\"\" data-large_image_width=\"901\" data-large_image_height=\"1600\"><img loading=\"lazy\" decoding=\"async\" class=\"wp-image-91304 alignleft\" src=\"http:\/\/www.radiopiu.net\/wordpress\/wp-content\/uploads\/2019\/07\/2e9b86c4-d184-4f73-8563-b20275d00b3f-169x300.jpg\" alt=\"\" width=\"104\" height=\"185\" srcset=\"https:\/\/www.radiopiu.net\/wordpress\/wp-content\/uploads\/2019\/07\/2e9b86c4-d184-4f73-8563-b20275d00b3f-169x300.jpg 169w, https:\/\/www.radiopiu.net\/wordpress\/wp-content\/uploads\/2019\/07\/2e9b86c4-d184-4f73-8563-b20275d00b3f-768x1364.jpg 768w, https:\/\/www.radiopiu.net\/wordpress\/wp-content\/uploads\/2019\/07\/2e9b86c4-d184-4f73-8563-b20275d00b3f-577x1024.jpg 577w, https:\/\/www.radiopiu.net\/wordpress\/wp-content\/uploads\/2019\/07\/2e9b86c4-d184-4f73-8563-b20275d00b3f.jpg 901w\" sizes=\"auto, (max-width: 104px) 100vw, 104px\" \/><\/a><\/strong><\/p>\n<p>&nbsp;<\/p>\n<p>&nbsp;<\/p>\n<p>&nbsp;<\/p>\n<p style=\"text-align: left;\"><strong>SEI JUVENTINO? ALLORA ACCODATI E ASPETTA<\/strong><\/p>\n<p>&nbsp;<\/p>\n<audio class=\"wp-audio-shortcode\" id=\"audio-91233-11\" preload=\"none\" style=\"width: 100%;\" controls=\"controls\"><source type=\"audio\/mpeg\" src=\"http:\/\/www.radiopiu.net\/wordpress\/wp-content\/uploads\/2019\/07\/JUVENTINO.mp3?_=11\" \/><a href=\"http:\/\/www.radiopiu.net\/wordpress\/wp-content\/uploads\/2019\/07\/JUVENTINO.mp3\">http:\/\/www.radiopiu.net\/wordpress\/wp-content\/uploads\/2019\/07\/JUVENTINO.mp3<\/a><\/audio>\n<p>articolo completo sul CORRIERE DELLE ALPI 09 07 2019<\/p>\n<p>&nbsp;<\/p>\n<div dir=\"ltr\"><\/div>\n<div dir=\"ltr\"><\/div>\n<div dir=\"ltr\"><\/div>\n<div dir=\"ltr\">\n<div class=\"page-title-head hgroup\">\n<h3 class=\"entry-title\">DEDICAZIONE 142 ANNI FA A CAMPOLONGO DELLA CHIESA DEI SANTI FILIPPO E GIACOMO DI RENATO BONA<\/h3>\n<p><a class=\"dt-pswp-item\" href=\"http:\/\/www.radiopiu.net\/wordpress\/wp-content\/uploads\/2019\/07\/66509212_325095875041585_1797561186242265088_n.jpg\" data-dt-img-description=\"\" data-large_image_width=\"359\" data-large_image_height=\"483\"><img loading=\"lazy\" decoding=\"async\" class=\"size-medium wp-image-91327 alignleft\" src=\"http:\/\/www.radiopiu.net\/wordpress\/wp-content\/uploads\/2019\/07\/66509212_325095875041585_1797561186242265088_n-223x300.jpg\" alt=\"\" width=\"223\" height=\"300\" srcset=\"https:\/\/www.radiopiu.net\/wordpress\/wp-content\/uploads\/2019\/07\/66509212_325095875041585_1797561186242265088_n-223x300.jpg 223w, https:\/\/www.radiopiu.net\/wordpress\/wp-content\/uploads\/2019\/07\/66509212_325095875041585_1797561186242265088_n.jpg 359w\" sizes=\"auto, (max-width: 223px) 100vw, 223px\" \/><\/a><strong>SANTO STEFANO DI CADORE<\/strong> Ricorre domani, il centoquarantaduesimo anniversario della dedicazione (1877) della chiesa dei santi Filippo e Giacomo di Campolongo in Comune di Santo Stefano di Cadore, provincia di Belluno. Lo ricorda il settimanale \u201cDomenica\u201d edito dalla Diocesi di Belluno-Feltre e diretto dal vescovo emerito Giuseppe Andrich. Notizie su questo edificio sacro le abbiamo reperite sul sito valcome licodolomiti.it dove dopo aver precisato che la Parrocchia (attualmente guidata dal parroco don Mario Doriguzzi \u2013 ndr.) \u00e8 ubicata nella Piazza della frazione e che la festa patronale ricorre il 25 luglio, giorno di San Giacomo, si aggiunge: \u201cUna Chiesa probabilmente risalente al trecento, venne pi\u00f9 volte restaurata ed ampliata fino al settecento, epoca che vide la costruzione della nuova chiesa, modificata nel 1858 su disegno del Segusini. Si tratta di un edificio a pianta interna ottagonale ed a pianta esterna esagonale irregolare. La facciata presenta un pronao composto da quattro colonne su capitello ionico sovrastato da un timpano triangolare. I lati dell\u2019edificio \u00e8 caratterizzato da lunette che fungono da finestre. Il portico, le colonne e cornici creano effetti di luce che dilatano l\u2019espansione dell\u2019insieme. La cupola, elemento caratterizzante tipica di una visione \u201cPalladiana\u201d tipicamente neoclassica. L\u2019interno presenta una volta con spicchiatura ottagonale della cupola, gli spicchi disegnano sette lunette affrescate con immagini di Santi e Profeti. La volta appoggia su quattro pilastri che sostengono arcate a tutto sesto che caratterizza la struttura ai lati del coro rettangolare. Gli elementi portanti in muratura sono decorati a riquadri marmorizzati, in particolare modo nelle lesene e nei pilastri allo scopo di conferire all\u2019insieme un senso di eleganza e di pregio. Come la Chiesa di Dosoledo, opera dello stesso architetto, il fabbricato appariva come un segno di rottura rispetto all\u2019architettura tradizionale e alle caratteristiche rurali del paese. Il radicale rinnovamento urbanistico dovuto al piano di rifabbrico del 1890 ha creato un maggior equilibrio tra l\u2019abitato e la sua Chiesa. Vi sono conservati in particolare i dipinti la \u2018Crocefissione\u2019 che riporta lo stemma della famiglia Fabbris e la \u201cMadonna tra angeli e quattro Santi\u201d riportante lo stemma ed il ritratto del donatore Cristoforo Fabbris\u201d.<\/p>\n<\/div>\n<div class=\"page-title-breadcrumbs\"><\/div>\n<\/div>\n<div dir=\"ltr\"><\/div>\n<div dir=\"ltr\"><\/div>\n<p>&nbsp;<\/p>\n<h3><a class=\"dt-pswp-item\" href=\"http:\/\/www.radiopiu.net\/wordpress\/wp-content\/uploads\/2018\/09\/appuntamenti.jpeg\" data-dt-img-description=\"\" data-large_image_width=\"800\" data-large_image_height=\"100\"><img loading=\"lazy\" decoding=\"async\" class=\"alignnone size-full wp-image-61958\" src=\"http:\/\/www.radiopiu.net\/wordpress\/wp-content\/uploads\/2018\/09\/appuntamenti.jpeg\" alt=\"\" width=\"800\" height=\"100\" srcset=\"https:\/\/www.radiopiu.net\/wordpress\/wp-content\/uploads\/2018\/09\/appuntamenti.jpeg 800w, https:\/\/www.radiopiu.net\/wordpress\/wp-content\/uploads\/2018\/09\/appuntamenti-300x38.jpeg 300w, https:\/\/www.radiopiu.net\/wordpress\/wp-content\/uploads\/2018\/09\/appuntamenti-768x96.jpeg 768w\" sizes=\"auto, (max-width: 800px) 100vw, 800px\" \/><\/a><\/h3>\n<p>&nbsp;<\/p>\n<p><span style=\"color: #ff0000;\"><strong><a class=\"dt-pswp-item\" href=\"http:\/\/www.radiopiu.net\/wordpress\/wp-content\/uploads\/2019\/07\/21231208_1428419980586085_1115215269049052745_n.jpg\" data-dt-img-description=\"\" data-large_image_width=\"661\" data-large_image_height=\"661\"><img loading=\"lazy\" decoding=\"async\" class=\" wp-image-90482 alignleft\" src=\"http:\/\/www.radiopiu.net\/wordpress\/wp-content\/uploads\/2019\/07\/21231208_1428419980586085_1115215269049052745_n-300x300.jpg\" alt=\"\" width=\"145\" height=\"145\" srcset=\"https:\/\/www.radiopiu.net\/wordpress\/wp-content\/uploads\/2019\/07\/21231208_1428419980586085_1115215269049052745_n-300x300.jpg 300w, https:\/\/www.radiopiu.net\/wordpress\/wp-content\/uploads\/2019\/07\/21231208_1428419980586085_1115215269049052745_n-150x150.jpg 150w, https:\/\/www.radiopiu.net\/wordpress\/wp-content\/uploads\/2019\/07\/21231208_1428419980586085_1115215269049052745_n.jpg 661w\" sizes=\"auto, (max-width: 145px) 100vw, 145px\" \/><\/a><\/strong><\/span><\/p>\n<p><span style=\"color: #ff0000;\"><strong>PER IL SECONDO ANNO, PER TUTTA L&#8217;ESTATE: LA &#8220;FABBRICA DELLE EMOZIONI&#8221;, IN COLLABORAZIONE CON\u00a0<a class=\"profileLink\" style=\"color: #ff0000;\" href=\"https:\/\/www.facebook.com\/dersut.taibon\/?__tn__=K-R&amp;eid=ARAWHGS4pY7ErSAGuNNMHp-xra7d294ysugnpoUicWkeK9rjbvd86RDR3SHV57JuBTC7yrMP85kcC7oy&amp;fref=mentions&amp;__xts__%5B0%5D=68.ARA8kEGfdeZlMevmYpMAmAmJ7ziHM_3WogqE61anVHM5V-Ht7pYFd4NJRcEVlK7VIq__zFsG6G8vsxxKnVF1SBmpERHebECtYKNHrf4mG4C4wVmPxxn4uj_nmTIeZglrdIyUPa0dnE3usWWzci033oOnyRS5XDhoavIU-eTU85t_Wp6jFT0-ULRP932r4STxN16bdptt8cef\" data-hovercard=\"\/ajax\/hovercard\/page.php?id=904939246267497&amp;extragetparams=%7B%22__tn__%22%3A%22%2CdK-R-R%22%2C%22eid%22%3A%22ARAWHGS4pY7ErSAGuNNMHp-xra7d294ysugnpoUicWkeK9rjbvd86RDR3SHV57JuBTC7yrMP85kcC7oy%22%2C%22fref%22%3A%22mentions%22%7D\" data-hovercard-prefer-more-content-show=\"1\">Dersut Taibon<\/a>\u00a0EVENTI, APPUNTAMENTI, DIVERTIMENTI NELLA VALLATA AGORDINA. IN ONDA ALLA RADIO NEI NOTIZIARI E NEGLI APPROFONDIMENTI ALLA RADIO E SUL SITO\u00a0<a style=\"color: #ff0000;\" href=\"http:\/\/www.radiopiu.net\/?fbclid=IwAR3Zckh6EArPlP9el3_APl-CxxkfxeumpcmQ4v9HIwZohBUQuztQ4jOimzE\" target=\"_blank\" rel=\"noopener nofollow noreferrer\" data-ft=\"{&quot;tn&quot;:&quot;-U&quot;}\" data-lynx-mode=\"async\" data-lynx-uri=\"https:\/\/l.facebook.com\/l.php?u=http%3A%2F%2FWWW.RADIOPIU.NET%2F%3Ffbclid%3DIwAR3Zckh6EArPlP9el3_APl-CxxkfxeumpcmQ4v9HIwZohBUQuztQ4jOimzE&amp;h=AT3iK2sNf9WjhvLB7AaqYnWzUdWcBNNS_1cXI6UJ3eEvhP4Ym5v2vemsj9TpyM0_qzzb9gjT9sJhgm4I2ZXxgJSAlUfvNTaJwITPvOvqfAuTNdwnWON3ic-lvSbJXWzM3FVSvAgPffEqbH4dYL2TEG6D6xs5TZHrlhUGtTKMYKoPXpBJIF8ke0VZdFkl3YQ7tGdqat-r6rzvDTprheLIjQ7jKZPmLRbVLu1fIKQ2jHEQkMU8LzIZvt_s5FE3Fxl6fUw_HG6Kz2ygpE7qxE3yIyhlOk0wt55c_6ZWHfM2I0PFlpPFgNhCDJwFSVFieE73_LsmFyKeJSBqSnd9p7KBuOYgQAQepyVC8du7dtfKvd60oOKKb1xchMvMyu9mMRYGRKi2y8I7U2WlGyyKbcYHubfjzWI02WXZXcSE97K_yFCYyeqZ2T_hgQJ7vzHhfBlDLdaXxkE\">WWW.RADIOPIU.NET<\/a><\/strong><\/span><\/p>\n<audio class=\"wp-audio-shortcode\" id=\"audio-91233-12\" preload=\"none\" style=\"width: 100%;\" controls=\"controls\"><source type=\"audio\/mpeg\" src=\"http:\/\/www.radiopiu.net\/wordpress\/wp-content\/uploads\/2019\/07\/FABBRICA-EMOZIONI.mp3?_=12\" \/><a href=\"http:\/\/www.radiopiu.net\/wordpress\/wp-content\/uploads\/2019\/07\/FABBRICA-EMOZIONI.mp3\">http:\/\/www.radiopiu.net\/wordpress\/wp-content\/uploads\/2019\/07\/FABBRICA-EMOZIONI.mp3<\/a><\/audio>\n<p>&nbsp;<\/p>\n<p>&nbsp;<\/p>\n<p>&nbsp;<\/p>\n<h3>QUESTA SERA\u00a0 AD AGORDO\u00a0 I &#8220;DOLOMITICI&#8221;, L&#8217;INVITO DI ROBERTO FAVERO, L&#8217;ORGANIZZATORE DI CONVIVIUM<\/h3>\n<blockquote><p>&#8220;Cari Amici,\u00a0 questa sera il Convivium d\u00e0 il benvenuto a &#8220;DoloMitici!&#8221;, gruppo di appassionati delle nostre montagne e delle nostre tradizioni che dal 2008, soprattutto sui social, condividono immagini e informazioni e raccontano frammenti di storia relativi al nostro meraviglioso territorio. Se nel 2008 erano poche decine, oggi il gruppo vanta pi\u00f9 di 86.000 iscritti e continua inesorabilmente a crescere. Mossi dal desiderio di sostenere il lavoro nelle zone di montagna e di promuovere il turismo, ricordano a noi tutti che le Dolomiti sono la pi\u00f9 suggestiva delle cornici per le nostre attivit\u00e0 quotidiane e costituiscono un patrimonio inestimabile che ciascuno di noi ha il diritto di &#8220;vivere&#8221; con orgoglio e il dovere di proteggere con grinta e con coraggio. Conoscere ed ascoltare la montagna per poterla amare e quindi valorizzare: questo il bellissimo messaggio che &#8220;Dolomitici!&#8221; intende portare al Convivium e che Vi invito ad ascoltare, insieme a me, mercoled\u00ec 10 luglio, come di consueto alle ore 20:30 presso la Sala Don Tamis dell&#8217;Unione Montana Agordina ad Agordo. Un caro saluto a tutti Voi, Dottor Roberto Favero&#8221;<\/p><\/blockquote>\n<p>&nbsp;<\/p>\n<p>&nbsp;<\/p>\n<h2>SABATO E DOMENICA LA FESTA DELLA MONTAGNA, LA FESTA SCARPONA<\/h2>\n<p><strong><a class=\"dt-pswp-item\" href=\"http:\/\/www.radiopiu.net\/wordpress\/wp-content\/uploads\/2019\/07\/is.jpg\" data-dt-img-description=\"\" data-large_image_width=\"341\" data-large_image_height=\"170\"><img loading=\"lazy\" decoding=\"async\" class=\" wp-image-91321 alignleft\" src=\"http:\/\/www.radiopiu.net\/wordpress\/wp-content\/uploads\/2019\/07\/is-300x150.jpg\" alt=\"\" width=\"252\" height=\"126\" srcset=\"https:\/\/www.radiopiu.net\/wordpress\/wp-content\/uploads\/2019\/07\/is-300x150.jpg 300w, https:\/\/www.radiopiu.net\/wordpress\/wp-content\/uploads\/2019\/07\/is.jpg 341w\" sizes=\"auto, (max-width: 252px) 100vw, 252px\" \/><\/a><\/strong><\/p>\n<p>&nbsp;<\/p>\n<p><strong>FARRA D&#8217;ALPAGO<\/strong><\/p>\n<p><strong>DI ROBERTO BONA\u00a0<\/strong><\/p>\n<audio class=\"wp-audio-shortcode\" id=\"audio-91233-13\" preload=\"none\" style=\"width: 100%;\" controls=\"controls\"><source type=\"audio\/mpeg\" src=\"http:\/\/www.radiopiu.net\/wordpress\/wp-content\/uploads\/2019\/07\/ROBERTO-ALPAGO.mp3?_=13\" \/><a href=\"http:\/\/www.radiopiu.net\/wordpress\/wp-content\/uploads\/2019\/07\/ROBERTO-ALPAGO.mp3\">http:\/\/www.radiopiu.net\/wordpress\/wp-content\/uploads\/2019\/07\/ROBERTO-ALPAGO.mp3<\/a><\/audio>\n<div dir=\"ltr\"><\/div>\n<div dir=\"ltr\"><\/div>\n<div dir=\"ltr\"><\/div>\n<div dir=\"ltr\"><\/div>\n<h3 dir=\"ltr\">Archeologico Agordino apre la mostra al Museo di Agordo<\/h3>\n<div><strong><a class=\"dt-pswp-item\" href=\"http:\/\/www.radiopiu.net\/wordpress\/wp-content\/uploads\/2019\/07\/LOCANDINA-MOSTRA-Agordo-13lug19.jpg\" data-dt-img-description=\"\" data-large_image_width=\"3508\" data-large_image_height=\"4961\"><img loading=\"lazy\" decoding=\"async\" class=\" wp-image-91063 alignleft\" src=\"http:\/\/www.radiopiu.net\/wordpress\/wp-content\/uploads\/2019\/07\/LOCANDINA-MOSTRA-Agordo-13lug19-212x300.jpg\" alt=\"\" width=\"114\" height=\"161\" srcset=\"https:\/\/www.radiopiu.net\/wordpress\/wp-content\/uploads\/2019\/07\/LOCANDINA-MOSTRA-Agordo-13lug19-212x300.jpg 212w, https:\/\/www.radiopiu.net\/wordpress\/wp-content\/uploads\/2019\/07\/LOCANDINA-MOSTRA-Agordo-13lug19-768x1086.jpg 768w, https:\/\/www.radiopiu.net\/wordpress\/wp-content\/uploads\/2019\/07\/LOCANDINA-MOSTRA-Agordo-13lug19-724x1024.jpg 724w\" sizes=\"auto, (max-width: 114px) 100vw, 114px\" \/><\/a>AGORDO<\/strong> Sabato\u00a0 alle 17.30 presso il Museo Mineralogico e Paleontologico di Agordo (via 5 maggio 1848) sar\u00e0 inaugurata la Mostra \u00a0 \u00a0\u201cEL CANAL DE AGORT&#8221;.\u00a0 Scavare nel passato &#8211; Storia e archeologia da San Gottardo a Pont del Cristo\u201d\u00a0 La mostra presenta gli esiti delle ricerche storiche e archeologiche effettuate, a partire dal 2003, dal Gruppo Archeologico Agordino ARCA lungo la bassa valle del T. Cordevole. \u00a0In particolare, verranno esposti i reperti e le nuove conoscenze\u00a0relative alle frequentazioni del Canale in periodo protostorico, cio\u00e8 risalenti a 2500-3000 anni fa.<\/div>\n<div><\/div>\n<div><\/div>\n<p>&nbsp;<\/p>\n<p>&nbsp;<\/p>\n<p><strong>LO SBARCO SULLA LUNA, di Claudio Pra<\/strong><\/p>\n<p><a class=\"dt-pswp-item\" href=\"http:\/\/www.radiopiu.net\/wordpress\/wp-content\/uploads\/2019\/07\/2380e566-891e-4706-8427-d72a6606fe34.jpg\" data-dt-img-description=\"\" data-large_image_width=\"1080\" data-large_image_height=\"1567\"><img loading=\"lazy\" decoding=\"async\" class=\" wp-image-91090 alignleft\" src=\"http:\/\/www.radiopiu.net\/wordpress\/wp-content\/uploads\/2019\/07\/2380e566-891e-4706-8427-d72a6606fe34-207x300.jpg\" alt=\"\" width=\"97\" height=\"140\" srcset=\"https:\/\/www.radiopiu.net\/wordpress\/wp-content\/uploads\/2019\/07\/2380e566-891e-4706-8427-d72a6606fe34-207x300.jpg 207w, https:\/\/www.radiopiu.net\/wordpress\/wp-content\/uploads\/2019\/07\/2380e566-891e-4706-8427-d72a6606fe34-768x1114.jpg 768w, https:\/\/www.radiopiu.net\/wordpress\/wp-content\/uploads\/2019\/07\/2380e566-891e-4706-8427-d72a6606fe34-706x1024.jpg 706w, https:\/\/www.radiopiu.net\/wordpress\/wp-content\/uploads\/2019\/07\/2380e566-891e-4706-8427-d72a6606fe34.jpg 1080w\" sizes=\"auto, (max-width: 97px) 100vw, 97px\" \/><\/a><\/p>\n<p><span style=\"font-family: Times New Roman, serif;\"><span style=\"font-size: medium;\">Se avete voglia di vivere delle belle emozioni siete invitati ad Agordo sabato 13 luglio alle 20.30, in Sala Don Tamis, gentilmente offerta dalla Unione Montana Agordina.\u00a0 l&#8217;Associazione Astrofili Agordini &#8220;Cieli Dolomitici&#8221; ha organizzato una serata curata da Claudio Pra intitolata: <\/span><\/span><span style=\"font-family: Times New Roman, serif;\"><span style=\"font-size: medium;\">&#8220;20 luglio 1969, 20 luglio 2019, Mezzo secolo fa l&#8217;uomo vol\u00f2 sulla Luna&#8221;. <\/span><\/span><span style=\"font-family: Times New Roman, serif;\"><span style=\"font-size: medium;\">A 50 anni dallo storico allunaggio si rivivranno, con l&#8217;ausilio di audiovisivi, le varie fasi della corsa alla conquista della Luna, con le curiosit\u00e0, i colpi di scena, le peripezie di una straordinaria avventura che port\u00f2 l&#8217;uomo su un altro corpo celeste. <\/span><\/span><span style=\"font-size: medium; font-family: 'Times New Roman', serif;\">Per chi c&#8217;era in quegli anni sar\u00e0 un rivivere l&#8217;incredibile l&#8217;avvenimento, mentre per chi non c&#8217;era sar\u00e0 conoscere una storia quasi incredibile, cominciata con il lancio delle Sputnik 1, il primo satellite artificiale, e terminata momentaneamente nel 1972, anno in cui l&#8217;uomo abbandon\u00f2 la Luna. <\/span><span style=\"font-family: Times New Roman, serif;\"><span style=\"font-size: medium;\">Al termine, meteo permettendo, i telescopi di \u201cCieli Dolomitici\u201d permetteranno l\u2019osservazione del nostro satellite naturale e del sito di atterraggio dell\u2019Apollo 11.<\/span><\/span><\/p>\n<div dir=\"ltr\"><\/div>\n<div dir=\"ltr\"><\/div>\n<div dir=\"ltr\">\n<h3><\/h3>\n<h3>LE VOCI DEL BORGO SABATO 13 E DOMENICA 14<\/h3>\n<p><strong>ROCCA PIETORE<\/strong> Il Comitato Borgo di Sottoguda\u00a0 organizza appuntamenti in musica\u00a0 per le vie del villaggio nel fine settimana. Il Coro Improvvisando di Conegliano canter\u00e0 sabato.\u00a0 Domenica\u00a0 inaugurazione del nuovo parco giochi, con la\u00a0 Messa\u00a0 delle 11 accompagnata\u00a0 dal Coro Alpini Gemona.<\/p>\n<p>&nbsp;<\/p>\n<\/div>\n<p>&nbsp;<\/p>\n<div dir=\"ltr\">\n<h3>DOMENICA MOTORI E DISABILI CON LA\u00a0 TRE CIME PROMOTOR<\/h3>\n<p><strong>POLPET DI PONTE NELLE ALPI<\/strong><\/p>\n<p><strong>DI ROBERTO BONA<\/strong><\/p>\n<audio class=\"wp-audio-shortcode\" id=\"audio-91233-14\" preload=\"none\" style=\"width: 100%;\" controls=\"controls\"><source type=\"audio\/mpeg\" src=\"http:\/\/www.radiopiu.net\/wordpress\/wp-content\/uploads\/2019\/07\/roberto-bona.mp3?_=14\" \/><a href=\"http:\/\/www.radiopiu.net\/wordpress\/wp-content\/uploads\/2019\/07\/roberto-bona.mp3\">http:\/\/www.radiopiu.net\/wordpress\/wp-content\/uploads\/2019\/07\/roberto-bona.mp3<\/a><\/audio>\n<p>&nbsp;<\/p>\n<\/div>\n<p>&nbsp;<\/p>\n<p><strong>VALLADA_FALCADE<\/strong> Domenica\u00a0 doppio appuntamento. A Celat di Vallada a casa Andrich-Cavallet\u00a0 pranzo benefico per la 15&#8242; edizione della festa del Capitello e dalle 10.00 alle 12.00 ex tempore di pittura per bambini. Alle 17 inaugurazione del graffito di Dunio a Falcade.<\/p>\n<p><a class=\"dt-pswp-item\" href=\"http:\/\/www.radiopiu.net\/wordpress\/wp-content\/uploads\/2019\/07\/WhatsApp-Image-2019-07-09-at-22.02.38.jpeg\" data-dt-img-description=\"\" data-large_image_width=\"1564\" data-large_image_height=\"1564\"><img loading=\"lazy\" decoding=\"async\" class=\"alignnone size-medium wp-image-91319\" src=\"http:\/\/www.radiopiu.net\/wordpress\/wp-content\/uploads\/2019\/07\/WhatsApp-Image-2019-07-09-at-22.02.38-300x300.jpeg\" alt=\"\" width=\"300\" height=\"300\" srcset=\"https:\/\/www.radiopiu.net\/wordpress\/wp-content\/uploads\/2019\/07\/WhatsApp-Image-2019-07-09-at-22.02.38-300x300.jpeg 300w, https:\/\/www.radiopiu.net\/wordpress\/wp-content\/uploads\/2019\/07\/WhatsApp-Image-2019-07-09-at-22.02.38-150x150.jpeg 150w, https:\/\/www.radiopiu.net\/wordpress\/wp-content\/uploads\/2019\/07\/WhatsApp-Image-2019-07-09-at-22.02.38-768x768.jpeg 768w, https:\/\/www.radiopiu.net\/wordpress\/wp-content\/uploads\/2019\/07\/WhatsApp-Image-2019-07-09-at-22.02.38-1024x1024.jpeg 1024w, https:\/\/www.radiopiu.net\/wordpress\/wp-content\/uploads\/2019\/07\/WhatsApp-Image-2019-07-09-at-22.02.38.jpeg 1564w\" sizes=\"auto, (max-width: 300px) 100vw, 300px\" \/><\/a><\/p>\n<p>&nbsp;<\/p>\n<p>&nbsp;<\/p>\n<div dir=\"ltr\">\n<p>&nbsp;<\/p>\n<p><a class=\"dt-pswp-item\" href=\"http:\/\/www.radiopiu.net\/wordpress\/wp-content\/uploads\/2018\/09\/viabilita.jpeg\" data-dt-img-description=\"\" data-large_image_width=\"800\" data-large_image_height=\"100\"><img loading=\"lazy\" decoding=\"async\" class=\"alignnone size-full wp-image-61954\" src=\"http:\/\/www.radiopiu.net\/wordpress\/wp-content\/uploads\/2018\/09\/viabilita.jpeg\" alt=\"\" width=\"800\" height=\"100\" srcset=\"https:\/\/www.radiopiu.net\/wordpress\/wp-content\/uploads\/2018\/09\/viabilita.jpeg 800w, https:\/\/www.radiopiu.net\/wordpress\/wp-content\/uploads\/2018\/09\/viabilita-300x38.jpeg 300w, https:\/\/www.radiopiu.net\/wordpress\/wp-content\/uploads\/2018\/09\/viabilita-768x96.jpeg 768w\" sizes=\"auto, (max-width: 800px) 100vw, 800px\" \/><\/a><\/p>\n<p>&nbsp;<\/p>\n<p><strong>PROVINCIALE 563 DI SALESEI<\/strong> Fino al 9 agosto (festivi e prefestivi esclusi) senso unico alternato in localit\u00e0 Salesei per la posa di protezioni sul versante.<\/p>\n<p><strong>PROVINCIALE 641 DI PASSO FEDAIA<\/strong> Dall&#8217;8 luglio al 9 agosto senso unico alternato tra Malga Ciapela e Sottoguda per la posa di nuovo cavidotto<\/p>\n<p><strong>REGIONALE 346 DEL SAN PELLEGRINO, TRATTI DI STRADA TRA FALCADE, CANALE D&#8217;AGORDO E VALLADA: <\/strong>Fino al 21 luglio dalle 8 alle 17, festivi e prefestivi inclusi, saltuario senso unico alternato regolato da movieri per lavori sostituzione conduttori linea elettrica alta tensione.<\/p>\n<p><strong>REGIONALE 203 AGORDINA, A SUD DI PONTE ALTO COMUNE DI AGORDO<\/strong>: Fino al 12 luglio (sabato e domenica esclusi) restringimento di carreggiata e senso unico alternato regolato da moviere.<\/p>\n<p><strong>REGIONALE 203 AGORDINA LOCALITA&#8217; LE CAMPE (La Valle):<\/strong> Fino al 15 luglio con esclusione dei giorni festivi e prefestivi, dalle 7.30 alle 8.30, dalle 16.30 alle 17.30 senso unico alternato regolato da movieri,\u00a0 dalle 8.30 alle 16.30 senso unico semaforico, per lavori ripristino rete fognaria<\/p>\n<p><strong>PROVINCIALE 347 PASSO CEREDA: CHIUSURA.<\/strong> Fino all&#8217;11 luglio dalle 8.15 alle 12.30 e dalle 14 alle 17.30 con esclusione dei giorni festivi e prefestivi, chiusura tra Chiesa e Pradel in Comune di Val di Zoldo per lavori di asfaltatura.<\/p>\n<p><strong>LA VALLE\u00a0 <\/strong>Fino\u00a031 luglio (festivi e prefestivi esclusi) senso unico a seconda delle esigenze con semaforo o movieri lungo la regionale 203 agordina in localit\u00e0 La Muda<\/p>\n<p><strong>PROVINCIALE 563 DI SALESEI <\/strong>Fino al 19 luglio\u00a0 In localit\u00e0 Sopracordevole in Comune di Rocca Pietore senso unico alternato con semaforo o movieri e divieto di transito ai mezzi con massa superiore a 7,5 tonellate.<\/p>\n<p>&nbsp;<\/p>\n<p>&nbsp;<\/p>\n<p>&nbsp;<\/p>\n<p>&nbsp;<\/p>\n<p><a class=\"dt-pswp-item\" href=\"http:\/\/www.radiopiu.net\/wordpress\/wp-content\/uploads\/2018\/09\/sport.jpg\" data-dt-img-description=\"\" data-large_image_width=\"800\" data-large_image_height=\"100\"><img loading=\"lazy\" decoding=\"async\" class=\"alignnone wp-image-60761 size-full\" src=\"http:\/\/www.radiopiu.net\/wordpress\/wp-content\/uploads\/2018\/09\/sport.jpg\" alt=\"\" width=\"800\" height=\"100\" srcset=\"https:\/\/www.radiopiu.net\/wordpress\/wp-content\/uploads\/2018\/09\/sport.jpg 800w, https:\/\/www.radiopiu.net\/wordpress\/wp-content\/uploads\/2018\/09\/sport-300x38.jpg 300w, https:\/\/www.radiopiu.net\/wordpress\/wp-content\/uploads\/2018\/09\/sport-768x96.jpg 768w\" sizes=\"auto, (max-width: 800px) 100vw, 800px\" \/><\/a><\/p>\n<h2><\/h2>\n<h2>STASERA L&#8217;OTTAVA GIORNATA DEL CAMPIONATO AGORDINO FEMMINILE<\/h2>\n<p><span style=\"font-family: Times New Roman, serif;\"><span style=\"font-size: medium;\"><a class=\"dt-pswp-item\" href=\"http:\/\/www.radiopiu.net\/wordpress\/wp-content\/uploads\/2019\/07\/ALLEGHE-FEMMINILE.jpeg\" data-dt-img-description=\"\" data-large_image_width=\"640\" data-large_image_height=\"480\"><img loading=\"lazy\" decoding=\"async\" class=\"wp-image-91275 alignleft\" src=\"http:\/\/www.radiopiu.net\/wordpress\/wp-content\/uploads\/2019\/07\/ALLEGHE-FEMMINILE.jpeg\" alt=\"\" width=\"231\" height=\"173\" srcset=\"https:\/\/www.radiopiu.net\/wordpress\/wp-content\/uploads\/2019\/07\/ALLEGHE-FEMMINILE.jpeg 640w, https:\/\/www.radiopiu.net\/wordpress\/wp-content\/uploads\/2019\/07\/ALLEGHE-FEMMINILE-300x225.jpeg 300w\" sizes=\"auto, (max-width: 231px) 100vw, 231px\" \/><\/a><\/span><\/span><\/p>\n<p><span style=\"font-family: Times New Roman, serif;\"><span style=\"font-size: medium;\">Dopo il turno dello scorso fine settimana giocato a met\u00e0 a causa del maltempo, le ragazze del Campionato Agordino femminile ritornano in campo questa sera per disputare l&#8217;ottava giornata della stagione regolare. Turno di riposo per il Fodom e 2 le partite in programma oggi. <\/span><\/span><span style=\"font-family: Times New Roman, serif;\"><span style=\"font-size: medium;\">Alle 19:30, sul campo di Voltago, si gioca il big match di giornata tra Le Ville e Voltago. Le campionesse in carica di Agordo non stanno passando un bel periodo, solo una vittoria e 2 pareggi nelle 5 giornate giocate. Di fronte un Voltago che quest&#8217;anno \u00e8 una macchina da guerra. La squadra del Poi non ha mai perso e comanda la classifica a punteggio peno. <\/span><\/span><span style=\"font-size: medium; font-family: 'Times New Roman', serif;\">Alle 20:30, sul green di Boscoverde a Rocca Pietore, scenderanno in campo Alleghe (FOTO) e Taibon. Padrone di casa sfavorite sulla carta ma bisognose di punti per non perdere il treno che porta alla qualificazione alle semifinali. Per il Taibon 3 vittorie e 2 sconfitte e una vittoria assicurerebbe il secondo posto in classifica. <\/span><span style=\"font-family: Times New Roman, serif;\"><span style=\"font-size: medium;\">Le partite di oggi: A Voltago Le Ville \u2013 Voltago, a Boscoverde Alleghe \u2013 Taibon. Riposa il Fodom <\/span><\/span><span style=\"font-size: medium; font-family: 'Times New Roman', serif; color: #000000;\">Classifica: Voltago 15, Taibon 9, Le Ville* 5, Fodom e Alleghe* 4 (*una partita in meno)<\/span><\/p>\n<h2><\/h2>\n<h2><\/h2>\n<h2><\/h2>\n<h2>I CAMPI DEI MINIOTTAVI DEL CAMPIONATO AGORDINO DI CALCIO<\/h2>\n<p><a class=\"dt-pswp-item\" href=\"http:\/\/www.radiopiu.net\/wordpress\/wp-content\/uploads\/2019\/07\/TABELLONE-FINALE-CAMPIONATO-AGORDINO-2019-Foglio1-Foglio1.jpg\" data-dt-img-description=\"\" data-large_image_width=\"1754\" data-large_image_height=\"1239\"><img loading=\"lazy\" decoding=\"async\" class=\"wp-image-91193 alignleft\" src=\"http:\/\/www.radiopiu.net\/wordpress\/wp-content\/uploads\/2019\/07\/TABELLONE-FINALE-CAMPIONATO-AGORDINO-2019-Foglio1-Foglio1-1024x723.jpg\" alt=\"\" width=\"299\" height=\"211\" srcset=\"https:\/\/www.radiopiu.net\/wordpress\/wp-content\/uploads\/2019\/07\/TABELLONE-FINALE-CAMPIONATO-AGORDINO-2019-Foglio1-Foglio1-1024x723.jpg 1024w, https:\/\/www.radiopiu.net\/wordpress\/wp-content\/uploads\/2019\/07\/TABELLONE-FINALE-CAMPIONATO-AGORDINO-2019-Foglio1-Foglio1-300x212.jpg 300w, https:\/\/www.radiopiu.net\/wordpress\/wp-content\/uploads\/2019\/07\/TABELLONE-FINALE-CAMPIONATO-AGORDINO-2019-Foglio1-Foglio1-768x543.jpg 768w, https:\/\/www.radiopiu.net\/wordpress\/wp-content\/uploads\/2019\/07\/TABELLONE-FINALE-CAMPIONATO-AGORDINO-2019-Foglio1-Foglio1.jpg 1754w\" sizes=\"auto, (max-width: 299px) 100vw, 299px\" \/><\/a><\/p>\n<p>Sono stati estratti ieri sera all&#8217;interno di \u201cCampionato Agordino Show\u201d i campi che ospiteranno i miniottavi di finale del Memorial Denis Tonin. Taibon e Cencenighe ospiteranno domenica prossima le 4 partite valide per la prima fase finale del torneo. In base alle prime 2 partite estratte si \u00e8 composto il tabellone ufficiale. A TAIBON Ore 15.00 Gosaldo &#8211; Agordo 2009 Ore 17.30 La Valle &#8211; Rivamonte A CENCENIGHE Ore 15.00 Frassen\u00e8 &#8211; Le Ville Ore 17.30 Vallada &#8211; Atletico Caviola<\/p>\n<\/div>\n<p>&nbsp;<\/p>\n<p>&nbsp;<\/p>\n<blockquote>\n<h3 class=\"p1\"><span class=\"s1\"><b>CAMPIONATO AGORDINO GIOVANILE <\/b><\/span><\/h3>\n<\/blockquote>\n<p class=\"p3\"><span class=\"s1\">\u00a0<\/span><strong>I risultati:<\/strong> Le Ville \u2013 La Valle 1-2, Fodom \u2013 Cencenighe 8-0, Alleghe \u2013 Taibon si gioca marted\u00ec 16 luglio alle 19. Ha riposato il Canale. <span class=\"s1\"><strong>Classifica:<\/strong> La Valle 12, Taibon*, Canale e Fodom 6, Le Ville 3, Alleghe* e Cencenighe 0 (* una partita in meno) <\/span><span class=\"s1\"><strong>Prossimo turno:<\/strong> sabato alle 16 Fodom \u2013 Taibon, La Valle \u2013 Canale, Le Ville \u2013 Alleghe. Riposa il Cencenighe<\/span><\/p>\n<blockquote>\n<h3 class=\"p1\"><span class=\"s1\"><b>CAMPIONATO AGORDINO FEMMINILE<\/b><\/span><\/h3>\n<\/blockquote>\n<p class=\"p1\"><span class=\"s1\"><strong>I risultati<\/strong>: Fodom \u2013 Taibon 1-2, Alleghe \u2013 Le Ville rinviata. Ha riposato il Voltago. <\/span><span class=\"s1\"><strong>Classifica:<\/strong> Voltago 15, Taibon 9, Le Ville* 5, Fodom e Alleghe* 4 (*una partita in meno) <\/span><span class=\"s1\"><strong>Prossimo turno<\/strong>: mercoled\u00ec 10 luglio alle 19:30 a Voltago Le Ville \u2013 Voltago, alle 20:30 a Boscoverde Alleghe \u2013 Taibon. Riposa il Fodom<\/span><\/p>\n<div dir=\"ltr\"><\/div>\n<p>&nbsp;<\/p>\n<p>&nbsp;<\/p>\n<p>&nbsp;<\/p>\n<p><a class=\"dt-pswp-item\" href=\"http:\/\/www.radiopiu.net\/wordpress\/wp-content\/uploads\/2018\/09\/WhatsApp-Image-2018-09-20-at-16.04.06.jpeg\" data-dt-img-description=\"\" data-large_image_width=\"800\" data-large_image_height=\"100\"><img loading=\"lazy\" decoding=\"async\" class=\"alignnone wp-image-61378 size-full\" src=\"http:\/\/www.radiopiu.net\/wordpress\/wp-content\/uploads\/2018\/09\/WhatsApp-Image-2018-09-20-at-16.04.06.jpeg\" alt=\"\" width=\"800\" height=\"100\" srcset=\"https:\/\/www.radiopiu.net\/wordpress\/wp-content\/uploads\/2018\/09\/WhatsApp-Image-2018-09-20-at-16.04.06.jpeg 800w, https:\/\/www.radiopiu.net\/wordpress\/wp-content\/uploads\/2018\/09\/WhatsApp-Image-2018-09-20-at-16.04.06-300x38.jpeg 300w, https:\/\/www.radiopiu.net\/wordpress\/wp-content\/uploads\/2018\/09\/WhatsApp-Image-2018-09-20-at-16.04.06-768x96.jpeg 768w\" sizes=\"auto, (max-width: 800px) 100vw, 800px\" \/><\/a><\/p>\n<p><center><b>Mercoledi 10<\/b><\/center><b>Tempo atteso: <\/b>Dopo i possibili, residui fenomeni notturni, specie sulle Prealpi, la giornata sar\u00e0 in prevalenza soleggiata e stabile, soprattutto sulle Dolomiti, dove il cielo sar\u00e0 sereno al mattino e poco nuvoloso al pomeriggio. Sulle Prealpi nelle ore pomeridiane probabile maggiore nuvolosit\u00e0 cumuliforme, con possibilit\u00e0 di qualche breve fenomeno d&#8217;instabilit\u00e0.<br \/>\n<b>Precipitazioni: <\/b>Nella notte possibili residui rovesci, specie su Prealpi (20-40%). In mattinata ovunque assenti (0%), nel pomeriggio probabilit\u00e0 medio-bassa (20-40%) di rovesci, specie su Prealpi vicentine e veronesi.<br \/>\n<b>Temperature: <\/b>Minime in calo, massime senza grosse variazioni. Su Prealpi a 1500 m min 8\u00b0C max 14\u00b0C, a 2000 m min 7\u00b0C max 10\u00b0C. Su Dolomiti a 2000 m min 5\u00b0C max 15\u00b0C, a 3000 m min 0\u00b0C max 3\u00b0C.<br \/>\n<b>Venti: <\/b>Nelle valli deboli o moderati a regime di brezza; in quota moderati settentrionali, a tratti tesi sulle cime, a 5-20 km\/h a 2000 m, 20-35 km\/h a 3000 m.<\/p>\n<hr \/>\n<p><center><b>Giovedi 11<\/b><\/center><b>Tempo atteso: <\/b>Al mattino parzialmente nuvoloso\/velato, per diffuse nubi medio-alte, con attivit\u00e0 cumuliforme inizialmente modesta. Nel pomeriggio e in serata cielo irregolarmente nuvoloso, anche per cumuli, con possibili fenomeni, specie sulle Dolomiti.<br \/>\n<b>Precipitazioni: <\/b>Al mattino assenti (0%). Nel pomeriggio e in serata probabilit\u00e0 media (40-60%) di piogge, anche a carattere di rovescio, specie sulle Dolomiti. Minore rischio (30%) sulle Prealpi veronesi.<br \/>\n<b>Temperature: <\/b>Generalmente stazionarie. Su Prealpi a 1500 m min 8\u00b0C max 14\u00b0C, a 2000 m min 6\u00b0C max 10\u00b0C. Su Dolomiti a 2000 m min 5\u00b0C max 15\u00b0C, a 3000 m min 0\u00b0C max 3\u00b0C.<br \/>\n<b>Venti: <\/b>Nelle valli deboli o moderati per brezze; in quota moderati da Nord-Ovest, anche tesi sulle cime, a 10-20 km\/h a 2000 m, 25-35 km\/h a 3000 m.<\/p>\n<hr \/>\n<p><center><b>Venerdi 12<\/b><\/center>Nuvolosit\u00e0 irregolare, pi\u00f9 intensa nel pomeriggio e in serata, quando saranno possibili rovesci e qualche temporale. Temperature minime in lieve aumento. Venti in quota moderati o tesi, da Nord-Ovest.<\/p>\n<hr \/>\n<p><center><b>Sabato 13<\/b><\/center>Temporaneo peggioramento, con aumento della nuvolosit\u00e0 in mattinata e primi rovesci e temporali possibili gi\u00e0 a met\u00e0 giornata. Miglioramento alla sera. Temperature in lieve diminuzione. Venti in quota moderati o tesi da Nord-Ovest, in intensificazione e rotazione a Nord in serata. Previsore: B.R.<\/p>\n","protected":false},"excerpt":{"rendered":"<p>&nbsp; &nbsp; &nbsp; &nbsp; &nbsp; OSSERVAZIONE VOLTAGO Lungo la provinciale 347 del Cereda e Duran che sale da Agordo a Voltago, all&#8217;altezza della\u00a0Curva del Cristo la vegetazione rende difficile la visibilit\u00e0 in prossimit\u00e0 della curva. Rischio di incidenti specie per le moto che spesso transitano tagliando la curva in velocit\u00e0. &nbsp; &nbsp; &nbsp; LAVORI IN&hellip;<\/p>\n","protected":false},"author":1,"featured_media":91263,"comment_status":"closed","ping_status":"closed","sticky":false,"template":"","format":"standard","meta":{"_monsterinsights_skip_tracking":false,"_monsterinsights_sitenote_active":false,"_monsterinsights_sitenote_note":"","_monsterinsights_sitenote_category":0,"footnotes":""},"categories":[1,86],"tags":[],"class_list":["post-91233","post","type-post","status-publish","format-standard","has-post-thumbnail","hentry","category-senza-categoria","category-gr","category-1","category-86","description-off"],"img_url":"https:\/\/www.radiopiu.net\/wordpress\/wp-content\/uploads\/2019\/07\/download-11.jpg","_links":{"self":[{"href":"https:\/\/www.radiopiu.net\/wordpress\/wp-json\/wp\/v2\/posts\/91233","targetHints":{"allow":["GET"]}}],"collection":[{"href":"https:\/\/www.radiopiu.net\/wordpress\/wp-json\/wp\/v2\/posts"}],"about":[{"href":"https:\/\/www.radiopiu.net\/wordpress\/wp-json\/wp\/v2\/types\/post"}],"author":[{"embeddable":true,"href":"https:\/\/www.radiopiu.net\/wordpress\/wp-json\/wp\/v2\/users\/1"}],"replies":[{"embeddable":true,"href":"https:\/\/www.radiopiu.net\/wordpress\/wp-json\/wp\/v2\/comments?post=91233"}],"version-history":[{"count":0,"href":"https:\/\/www.radiopiu.net\/wordpress\/wp-json\/wp\/v2\/posts\/91233\/revisions"}],"wp:featuredmedia":[{"embeddable":true,"href":"https:\/\/www.radiopiu.net\/wordpress\/wp-json\/wp\/v2\/media\/91263"}],"wp:attachment":[{"href":"https:\/\/www.radiopiu.net\/wordpress\/wp-json\/wp\/v2\/media?parent=91233"}],"wp:term":[{"taxonomy":"category","embeddable":true,"href":"https:\/\/www.radiopiu.net\/wordpress\/wp-json\/wp\/v2\/categories?post=91233"},{"taxonomy":"post_tag","embeddable":true,"href":"https:\/\/www.radiopiu.net\/wordpress\/wp-json\/wp\/v2\/tags?post=91233"}],"curies":[{"name":"wp","href":"https:\/\/api.w.org\/{rel}","templated":true}]}}