{"id":91313,"date":"2019-07-10T05:00:54","date_gmt":"2019-07-10T03:00:54","guid":{"rendered":"http:\/\/www.radiopiu.net\/wordpress\/?p=91313"},"modified":"2019-07-11T06:11:22","modified_gmt":"2019-07-11T04:11:22","slug":"pineta-di-cencenighe-un-taglio-di-piante-che-potrebbe-non-piacere-ma-le-motivazioni-ci-sono","status":"publish","type":"post","link":"https:\/\/www.radiopiu.net\/wordpress\/pineta-di-cencenighe-un-taglio-di-piante-che-potrebbe-non-piacere-ma-le-motivazioni-ci-sono\/","title":{"rendered":"PINETA DI CENCENIGHE UN TAGLIO DI PIANTE CHE POTREBBE NON PIACERE, MA LE MOTIVAZIONI CI SONO."},"content":{"rendered":"<h3>IL CHIARIMENTO DEL SINDACO MAURO SOPPELSA<\/h3>\n<p><strong><a class=\"dt-pswp-item\" href=\"http:\/\/www.radiopiu.net\/wordpress\/wp-content\/uploads\/2019\/07\/e2a1d66d-8c3b-4184-8b7d-cfb913524815.jpg\" data-dt-img-description=\"\" data-large_image_width=\"1600\" data-large_image_height=\"1200\"><img loading=\"lazy\" decoding=\"async\" class=\" wp-image-91296 alignleft\" src=\"http:\/\/www.radiopiu.net\/wordpress\/wp-content\/uploads\/2019\/07\/e2a1d66d-8c3b-4184-8b7d-cfb913524815-300x225.jpg\" alt=\"\" width=\"207\" height=\"155\" srcset=\"https:\/\/www.radiopiu.net\/wordpress\/wp-content\/uploads\/2019\/07\/e2a1d66d-8c3b-4184-8b7d-cfb913524815-300x225.jpg 300w, https:\/\/www.radiopiu.net\/wordpress\/wp-content\/uploads\/2019\/07\/e2a1d66d-8c3b-4184-8b7d-cfb913524815-768x576.jpg 768w, https:\/\/www.radiopiu.net\/wordpress\/wp-content\/uploads\/2019\/07\/e2a1d66d-8c3b-4184-8b7d-cfb913524815-1024x768.jpg 1024w, https:\/\/www.radiopiu.net\/wordpress\/wp-content\/uploads\/2019\/07\/e2a1d66d-8c3b-4184-8b7d-cfb913524815.jpg 1600w\" sizes=\"auto, (max-width: 207px) 100vw, 207px\" \/><\/a>CENCENIGHE<\/strong> Ha preso forma sui social un dibattito sul taglio delle piante alle porte di Cencenighe in Pineta. Dopo i danni di Vaia l&#8217;intervento del Comune per evitare ulteriori schianti perch\u00e9 le radici a ottobre sono state messe a dura prova. Sabato un grande albero \u00e8 finito in strada (foto) ecco il perch\u00e9 della pericolosit\u00e0 per veicoli e pedoni. Operazioni inevitabili, al termine dei lavori seguir\u00e0 la riorganizzazione delle piantumazioni<\/p>\n<p><strong>IL SINDACO MAURO SOPPELSA\u00a0<\/strong><\/p>\n<audio class=\"wp-audio-shortcode\" id=\"audio-91313-1\" preload=\"none\" style=\"width: 100%;\" controls=\"controls\"><source type=\"audio\/mpeg\" src=\"http:\/\/www.radiopiu.net\/wordpress\/wp-content\/uploads\/2019\/07\/MAURO-PINETA.mp3?_=1\" \/><a href=\"http:\/\/www.radiopiu.net\/wordpress\/wp-content\/uploads\/2019\/07\/MAURO-PINETA.mp3\">http:\/\/www.radiopiu.net\/wordpress\/wp-content\/uploads\/2019\/07\/MAURO-PINETA.mp3<\/a><\/audio>\n<p>&nbsp;<\/p>\n<p><a class=\"dt-pswp-item\" href=\"http:\/\/www.radiopiu.net\/wordpress\/wp-content\/uploads\/2019\/07\/WhatsApp-Image-2019-07-09-at-17.27.27.jpeg\" data-dt-img-description=\"\" data-large_image_width=\"1599\" data-large_image_height=\"799\"><img loading=\"lazy\" decoding=\"async\" class=\"alignnone wp-image-91285\" src=\"http:\/\/www.radiopiu.net\/wordpress\/wp-content\/uploads\/2019\/07\/WhatsApp-Image-2019-07-09-at-17.27.27-300x150.jpeg\" alt=\"\" width=\"242\" height=\"121\" srcset=\"https:\/\/www.radiopiu.net\/wordpress\/wp-content\/uploads\/2019\/07\/WhatsApp-Image-2019-07-09-at-17.27.27-300x150.jpeg 300w, https:\/\/www.radiopiu.net\/wordpress\/wp-content\/uploads\/2019\/07\/WhatsApp-Image-2019-07-09-at-17.27.27-768x384.jpeg 768w, https:\/\/www.radiopiu.net\/wordpress\/wp-content\/uploads\/2019\/07\/WhatsApp-Image-2019-07-09-at-17.27.27-1024x512.jpeg 1024w, https:\/\/www.radiopiu.net\/wordpress\/wp-content\/uploads\/2019\/07\/WhatsApp-Image-2019-07-09-at-17.27.27.jpeg 1599w\" sizes=\"auto, (max-width: 242px) 100vw, 242px\" \/><\/a><a class=\"dt-pswp-item\" href=\"http:\/\/www.radiopiu.net\/wordpress\/wp-content\/uploads\/2019\/07\/WhatsApp-Image-2019-07-09-at-17.29.48.jpeg\" data-dt-img-description=\"\" data-large_image_width=\"1599\" data-large_image_height=\"799\"><img loading=\"lazy\" decoding=\"async\" class=\"alignnone wp-image-91283\" src=\"http:\/\/www.radiopiu.net\/wordpress\/wp-content\/uploads\/2019\/07\/WhatsApp-Image-2019-07-09-at-17.29.48-300x150.jpeg\" alt=\"\" width=\"244\" height=\"122\" srcset=\"https:\/\/www.radiopiu.net\/wordpress\/wp-content\/uploads\/2019\/07\/WhatsApp-Image-2019-07-09-at-17.29.48-300x150.jpeg 300w, https:\/\/www.radiopiu.net\/wordpress\/wp-content\/uploads\/2019\/07\/WhatsApp-Image-2019-07-09-at-17.29.48-768x384.jpeg 768w, https:\/\/www.radiopiu.net\/wordpress\/wp-content\/uploads\/2019\/07\/WhatsApp-Image-2019-07-09-at-17.29.48-1024x512.jpeg 1024w, https:\/\/www.radiopiu.net\/wordpress\/wp-content\/uploads\/2019\/07\/WhatsApp-Image-2019-07-09-at-17.29.48.jpeg 1599w\" sizes=\"auto, (max-width: 244px) 100vw, 244px\" \/><\/a><a class=\"dt-pswp-item\" href=\"http:\/\/www.radiopiu.net\/wordpress\/wp-content\/uploads\/2019\/07\/WhatsApp-Image-2019-07-09-at-17.29.39.jpeg\" data-dt-img-description=\"\" data-large_image_width=\"1599\" data-large_image_height=\"799\"><img loading=\"lazy\" decoding=\"async\" class=\"alignnone wp-image-91282\" src=\"http:\/\/www.radiopiu.net\/wordpress\/wp-content\/uploads\/2019\/07\/WhatsApp-Image-2019-07-09-at-17.29.39-300x150.jpeg\" alt=\"\" width=\"246\" height=\"123\" srcset=\"https:\/\/www.radiopiu.net\/wordpress\/wp-content\/uploads\/2019\/07\/WhatsApp-Image-2019-07-09-at-17.29.39-300x150.jpeg 300w, https:\/\/www.radiopiu.net\/wordpress\/wp-content\/uploads\/2019\/07\/WhatsApp-Image-2019-07-09-at-17.29.39-768x384.jpeg 768w, https:\/\/www.radiopiu.net\/wordpress\/wp-content\/uploads\/2019\/07\/WhatsApp-Image-2019-07-09-at-17.29.39-1024x512.jpeg 1024w, https:\/\/www.radiopiu.net\/wordpress\/wp-content\/uploads\/2019\/07\/WhatsApp-Image-2019-07-09-at-17.29.39.jpeg 1599w\" sizes=\"auto, (max-width: 246px) 100vw, 246px\" \/><\/a><a class=\"dt-pswp-item\" href=\"http:\/\/www.radiopiu.net\/wordpress\/wp-content\/uploads\/2019\/07\/WhatsApp-Image-2019-07-09-at-17.27.33.jpeg\" data-dt-img-description=\"\" data-large_image_width=\"1599\" data-large_image_height=\"799\"><img loading=\"lazy\" decoding=\"async\" class=\"alignnone wp-image-91281\" src=\"http:\/\/www.radiopiu.net\/wordpress\/wp-content\/uploads\/2019\/07\/WhatsApp-Image-2019-07-09-at-17.27.33-300x150.jpeg\" alt=\"\" width=\"246\" height=\"123\" srcset=\"https:\/\/www.radiopiu.net\/wordpress\/wp-content\/uploads\/2019\/07\/WhatsApp-Image-2019-07-09-at-17.27.33-300x150.jpeg 300w, https:\/\/www.radiopiu.net\/wordpress\/wp-content\/uploads\/2019\/07\/WhatsApp-Image-2019-07-09-at-17.27.33-768x384.jpeg 768w, https:\/\/www.radiopiu.net\/wordpress\/wp-content\/uploads\/2019\/07\/WhatsApp-Image-2019-07-09-at-17.27.33-1024x512.jpeg 1024w, https:\/\/www.radiopiu.net\/wordpress\/wp-content\/uploads\/2019\/07\/WhatsApp-Image-2019-07-09-at-17.27.33.jpeg 1599w\" sizes=\"auto, (max-width: 246px) 100vw, 246px\" \/><\/a><\/p>\n<p>&nbsp;<\/p>\n<p>&nbsp;<\/p>\n","protected":false},"excerpt":{"rendered":"<p>IL CHIARIMENTO DEL SINDACO MAURO SOPPELSA CENCENIGHE Ha preso forma sui social un dibattito sul taglio delle piante alle porte di Cencenighe in Pineta. Dopo i danni di Vaia l&#8217;intervento del Comune per evitare ulteriori schianti perch\u00e9 le radici a ottobre sono state messe a dura prova. Sabato un grande albero \u00e8 finito in strada&hellip;<\/p>\n","protected":false},"author":1,"featured_media":91285,"comment_status":"closed","ping_status":"closed","sticky":false,"template":"","format":"standard","meta":{"_monsterinsights_skip_tracking":false,"_monsterinsights_sitenote_active":false,"_monsterinsights_sitenote_note":"","_monsterinsights_sitenote_category":0,"footnotes":""},"categories":[51,49],"tags":[],"class_list":["post-91313","post","type-post","status-publish","format-standard","has-post-thumbnail","hentry","category-evidenza-top","category-news-18","category-51","category-49","description-off"],"img_url":"https:\/\/www.radiopiu.net\/wordpress\/wp-content\/uploads\/2019\/07\/WhatsApp-Image-2019-07-09-at-17.27.27.jpeg","_links":{"self":[{"href":"https:\/\/www.radiopiu.net\/wordpress\/wp-json\/wp\/v2\/posts\/91313","targetHints":{"allow":["GET"]}}],"collection":[{"href":"https:\/\/www.radiopiu.net\/wordpress\/wp-json\/wp\/v2\/posts"}],"about":[{"href":"https:\/\/www.radiopiu.net\/wordpress\/wp-json\/wp\/v2\/types\/post"}],"author":[{"embeddable":true,"href":"https:\/\/www.radiopiu.net\/wordpress\/wp-json\/wp\/v2\/users\/1"}],"replies":[{"embeddable":true,"href":"https:\/\/www.radiopiu.net\/wordpress\/wp-json\/wp\/v2\/comments?post=91313"}],"version-history":[{"count":0,"href":"https:\/\/www.radiopiu.net\/wordpress\/wp-json\/wp\/v2\/posts\/91313\/revisions"}],"wp:featuredmedia":[{"embeddable":true,"href":"https:\/\/www.radiopiu.net\/wordpress\/wp-json\/wp\/v2\/media\/91285"}],"wp:attachment":[{"href":"https:\/\/www.radiopiu.net\/wordpress\/wp-json\/wp\/v2\/media?parent=91313"}],"wp:term":[{"taxonomy":"category","embeddable":true,"href":"https:\/\/www.radiopiu.net\/wordpress\/wp-json\/wp\/v2\/categories?post=91313"},{"taxonomy":"post_tag","embeddable":true,"href":"https:\/\/www.radiopiu.net\/wordpress\/wp-json\/wp\/v2\/tags?post=91313"}],"curies":[{"name":"wp","href":"https:\/\/api.w.org\/{rel}","templated":true}]}}