{"id":91378,"date":"2019-07-11T05:57:04","date_gmt":"2019-07-11T03:57:04","guid":{"rendered":"http:\/\/www.radiopiu.net\/wordpress\/?p=91378"},"modified":"2019-07-12T05:40:01","modified_gmt":"2019-07-12T03:40:01","slug":"dolomiti-in-miniatura-in-corso-a-san-tomaso-terzo-anno","status":"publish","type":"post","link":"https:\/\/www.radiopiu.net\/wordpress\/dolomiti-in-miniatura-in-corso-a-san-tomaso-terzo-anno\/","title":{"rendered":"DOLOMITI IN MINIATURA IN CORSO A SAN TOMASO, TERZO ANNO"},"content":{"rendered":"<blockquote><p><em><a class=\"dt-pswp-item\" href=\"http:\/\/www.radiopiu.net\/wordpress\/wp-content\/uploads\/2019\/07\/c7a7a181-4e51-4775-b208-3ec97ef2a8f3.jpg\" data-dt-img-description=\"\" data-large_image_width=\"1131\" data-large_image_height=\"1600\"><img loading=\"lazy\" decoding=\"async\" class=\"size-medium wp-image-91377 alignleft\" src=\"http:\/\/www.radiopiu.net\/wordpress\/wp-content\/uploads\/2019\/07\/c7a7a181-4e51-4775-b208-3ec97ef2a8f3-212x300.jpg\" alt=\"\" width=\"212\" height=\"300\" srcset=\"https:\/\/www.radiopiu.net\/wordpress\/wp-content\/uploads\/2019\/07\/c7a7a181-4e51-4775-b208-3ec97ef2a8f3-212x300.jpg 212w, https:\/\/www.radiopiu.net\/wordpress\/wp-content\/uploads\/2019\/07\/c7a7a181-4e51-4775-b208-3ec97ef2a8f3-768x1086.jpg 768w, https:\/\/www.radiopiu.net\/wordpress\/wp-content\/uploads\/2019\/07\/c7a7a181-4e51-4775-b208-3ec97ef2a8f3-724x1024.jpg 724w, https:\/\/www.radiopiu.net\/wordpress\/wp-content\/uploads\/2019\/07\/c7a7a181-4e51-4775-b208-3ec97ef2a8f3.jpg 1131w\" sizes=\"auto, (max-width: 212px) 100vw, 212px\" \/><\/a><\/em><\/p>\n<p>&nbsp;<\/p>\n<p>&nbsp;<\/p>\n<p>&nbsp;<\/p>\n<p>&nbsp;<\/p>\n<p><em>Dolomiti in miniatura\u2019, dal 7 al 14 luglio altri quattro artisti internazionali ed un bellunese saliranno a San Tomaso Agordino per scolpire ulteriori gruppi dolomitici.\u00a0 \u00a0Sabato 13 luglio, la Pro Loco ha previsto di organizzare un picnic al tramonto di fronte ad una delle opere.<\/em><\/p>\n<p>&nbsp;<\/p>\n<p>&nbsp;<\/p>\n<p>&nbsp;<\/p>\n<p>&nbsp;<\/p>\n<p>DALLA RASSEGNA STAMPA, MORENO DE VAL SINDACO DI SAN TOMASO<\/p><\/blockquote>\n<audio class=\"wp-audio-shortcode\" id=\"audio-91378-1\" preload=\"none\" style=\"width: 100%;\" controls=\"controls\"><source type=\"audio\/mpeg\" src=\"http:\/\/www.radiopiu.net\/wordpress\/wp-content\/uploads\/2019\/07\/moreno.mp3?_=1\" \/><a href=\"http:\/\/www.radiopiu.net\/wordpress\/wp-content\/uploads\/2019\/07\/moreno.mp3\">http:\/\/www.radiopiu.net\/wordpress\/wp-content\/uploads\/2019\/07\/moreno.mp3<\/a><\/audio>\n<p>&nbsp;<\/p>\n<p><a class=\"dt-pswp-item\" href=\"http:\/\/www.radiopiu.net\/wordpress\/wp-content\/uploads\/2019\/07\/20155760_1364105566975929_8860041786760293461_n.jpg\" data-dt-img-description=\"\" data-large_image_width=\"608\" data-large_image_height=\"331\"><img loading=\"lazy\" decoding=\"async\" class=\"wp-image-90557  alignleft\" src=\"http:\/\/www.radiopiu.net\/wordpress\/wp-content\/uploads\/2019\/07\/20155760_1364105566975929_8860041786760293461_n.jpg\" alt=\"\" width=\"246\" height=\"134\" srcset=\"https:\/\/www.radiopiu.net\/wordpress\/wp-content\/uploads\/2019\/07\/20155760_1364105566975929_8860041786760293461_n.jpg 608w, https:\/\/www.radiopiu.net\/wordpress\/wp-content\/uploads\/2019\/07\/20155760_1364105566975929_8860041786760293461_n-300x163.jpg 300w\" sizes=\"auto, (max-width: 246px) 100vw, 246px\" \/><\/a><strong>SAN TOMASO AGORDINO<\/strong> <em>\u00abSiamo molto determinati a rendere questa iniziativa sempre pi\u00f9 coinvolgente non solo per i turisti, ma anche per tutto l\u2019Agordino e il Bellunese. E siamo anche molto felici \u2014 dichiara il Sindaco di San Tomaso Moreno De Val \u2014 che questa iniziativa stia portando ancora qui in paese artisti di grande livello internazionale e locale, proprio come \u00e8 lo spirito del progetto\u00bb.<\/em><\/p>\n<p><strong>LE DOLOMITI IN MINIATURA<\/strong> \u2014 Riproduzioni in scala ridotta delle pi\u00f9 belle vette dolomitiche, scolpite in roccia Dolomia in loco e inserite direttamente nel paesaggio alpino. \u00c8 questo il progetto \u201cIl Sentiero delle Dolomiti in miniatura\u201d, promosso dall\u2019Amministrazione locale, patrocinato dalla Fondazione Dolomiti Unesco, con l\u2019importante partecipazione della sezione del CAI di Agordo e in collaborazione con la Pro Loco di San Tomaso Agordino.<\/p>\n<p><strong>GLI ARTISTI<\/strong> \u2014 Si tratta di Maria Trinidad Caminos, argentina di Cordoba, di David Bucio, di Citt\u00e0 del Messico, del francese S\u00e9bastien Taille, proveniente da Bordeaux, di Andrey Balashov, di Mosca, e di Paolo Moro, bellunese di Trichiana. Quest\u2019ultimo \u00e8 considerato uno degli scultori italiani contemporanei pi\u00f9 rilevanti. Fra le altre opere, ha realizzato una scultura per la Regione Veneto per la sede di Roma e nel 2011 gli \u00e8 stata commissionata dalla Regione Veneto un\u2019opera in legno. Molti i premi vinti dall\u2019artista bellunese, fra cui si segnalano il 1\u00ba Premio della Giuria al Simposio Internazionale Wood\u2019n\u2019Art a Livigno (Sondrio) e il 1\u00ba Premio della Giuria al Concorso Internazionale di scultura Coredo (Trento).<\/p>\n<p><span style=\"color: #ff0000;\">LA NASCITA DEL COR&#8230;<\/span><\/p>\n<div style=\"width: 640px;\" class=\"wp-video\"><video class=\"wp-video-shortcode\" id=\"video-91378-1\" width=\"640\" height=\"352\" preload=\"metadata\" controls=\"controls\"><source type=\"video\/mp4\" src=\"http:\/\/www.radiopiu.net\/wordpress\/wp-content\/uploads\/2019\/07\/WhatsApp-Video-2019-07-10-at-12.35.32.mp4?_=1\" \/><a href=\"http:\/\/www.radiopiu.net\/wordpress\/wp-content\/uploads\/2019\/07\/WhatsApp-Video-2019-07-10-at-12.35.32.mp4\">http:\/\/www.radiopiu.net\/wordpress\/wp-content\/uploads\/2019\/07\/WhatsApp-Video-2019-07-10-at-12.35.32.mp4<\/a><\/video><\/div>\n<p>&nbsp;<\/p>\n<p>&nbsp;<\/p>\n<p>&nbsp;<\/p>\n<p>&nbsp;<\/p>\n","protected":false},"excerpt":{"rendered":"<p>&nbsp; &nbsp; &nbsp; &nbsp; Dolomiti in miniatura\u2019, dal 7 al 14 luglio altri quattro artisti internazionali ed un bellunese saliranno a San Tomaso Agordino per scolpire ulteriori gruppi dolomitici.\u00a0 \u00a0Sabato 13 luglio, la Pro Loco ha previsto di organizzare un picnic al tramonto di fronte ad una delle opere. &nbsp; &nbsp; &nbsp; &nbsp; DALLA RASSEGNA&hellip;<\/p>\n","protected":false},"author":1,"featured_media":91377,"comment_status":"closed","ping_status":"closed","sticky":false,"template":"","format":"standard","meta":{"_monsterinsights_skip_tracking":false,"_monsterinsights_sitenote_active":false,"_monsterinsights_sitenote_note":"","_monsterinsights_sitenote_category":0,"footnotes":""},"categories":[51,49],"tags":[],"class_list":["post-91378","post","type-post","status-publish","format-standard","has-post-thumbnail","hentry","category-evidenza-top","category-news-18","category-51","category-49","description-off"],"img_url":"https:\/\/www.radiopiu.net\/wordpress\/wp-content\/uploads\/2019\/07\/c7a7a181-4e51-4775-b208-3ec97ef2a8f3.jpg","_links":{"self":[{"href":"https:\/\/www.radiopiu.net\/wordpress\/wp-json\/wp\/v2\/posts\/91378","targetHints":{"allow":["GET"]}}],"collection":[{"href":"https:\/\/www.radiopiu.net\/wordpress\/wp-json\/wp\/v2\/posts"}],"about":[{"href":"https:\/\/www.radiopiu.net\/wordpress\/wp-json\/wp\/v2\/types\/post"}],"author":[{"embeddable":true,"href":"https:\/\/www.radiopiu.net\/wordpress\/wp-json\/wp\/v2\/users\/1"}],"replies":[{"embeddable":true,"href":"https:\/\/www.radiopiu.net\/wordpress\/wp-json\/wp\/v2\/comments?post=91378"}],"version-history":[{"count":0,"href":"https:\/\/www.radiopiu.net\/wordpress\/wp-json\/wp\/v2\/posts\/91378\/revisions"}],"wp:featuredmedia":[{"embeddable":true,"href":"https:\/\/www.radiopiu.net\/wordpress\/wp-json\/wp\/v2\/media\/91377"}],"wp:attachment":[{"href":"https:\/\/www.radiopiu.net\/wordpress\/wp-json\/wp\/v2\/media?parent=91378"}],"wp:term":[{"taxonomy":"category","embeddable":true,"href":"https:\/\/www.radiopiu.net\/wordpress\/wp-json\/wp\/v2\/categories?post=91378"},{"taxonomy":"post_tag","embeddable":true,"href":"https:\/\/www.radiopiu.net\/wordpress\/wp-json\/wp\/v2\/tags?post=91378"}],"curies":[{"name":"wp","href":"https:\/\/api.w.org\/{rel}","templated":true}]}}