{"id":91381,"date":"2019-07-11T06:00:19","date_gmt":"2019-07-11T04:00:19","guid":{"rendered":"http:\/\/www.radiopiu.net\/wordpress\/?p=91381"},"modified":"2019-07-12T05:39:32","modified_gmt":"2019-07-12T03:39:32","slug":"pediatri-e-medici-di-base-nelle-aree-montane-uncem-mancanza-di-presidi-e-assistenza-diventa-piu-forte-in-estate","status":"publish","type":"post","link":"https:\/\/www.radiopiu.net\/wordpress\/pediatri-e-medici-di-base-nelle-aree-montane-uncem-mancanza-di-presidi-e-assistenza-diventa-piu-forte-in-estate\/","title":{"rendered":"PEDIATRI E MEDICI DI BASE NELLE AREE MONTANE, UNCEM: MANCANZA DI PRESIDI E ASSISTENZA DIVENTA PIU&#8217; FORTE IN ESTATE,"},"content":{"rendered":"<p>&nbsp;<\/p>\n<blockquote>\n<h3><em>NECESSARIA AZIONE POLITICA CON PREMIALITA&#8217; PER CHI MANTIENE AMBULATORI E FA VISITE SUI TERRITORI<\/em><\/h3>\n<\/blockquote>\n<div><a class=\"dt-pswp-item\" href=\"http:\/\/www.radiopiu.net\/wordpress\/wp-content\/uploads\/2018\/12\/argentera_ferrere-3.jpg\" data-dt-img-description=\"\" data-large_image_width=\"865\" data-large_image_height=\"330\"><img loading=\"lazy\" decoding=\"async\" class=\"alignnone wp-image-71005 size-full\" src=\"http:\/\/www.radiopiu.net\/wordpress\/wp-content\/uploads\/2018\/12\/argentera_ferrere-3.jpg\" alt=\"\" width=\"865\" height=\"330\" srcset=\"https:\/\/www.radiopiu.net\/wordpress\/wp-content\/uploads\/2018\/12\/argentera_ferrere-3.jpg 865w, https:\/\/www.radiopiu.net\/wordpress\/wp-content\/uploads\/2018\/12\/argentera_ferrere-3-300x114.jpg 300w, https:\/\/www.radiopiu.net\/wordpress\/wp-content\/uploads\/2018\/12\/argentera_ferrere-3-768x293.jpg 768w\" sizes=\"auto, (max-width: 865px) 100vw, 865px\" \/><\/a><\/div>\n<div>\n<p>Il periodo estivo non agevola il mantenimento di presidi e servizi sanitari nelle aree montane alpine e appenniniche. Eppure \u00e8 proprio fino a settembre che, viste le presenze pi\u00f9 alte di turisti, medici e pediatri sono ancor pi\u00f9 necessari. Uncem ha segnalato da tempo al Ministero della Salute e a diversi Assessorati regionali alla Sanit\u00e0, la necessit\u00e0 di individuare premialit\u00e0 per quei medici di famiglia e pediatri che tengono aperti studi medici nelle aree montane, nonch\u00e9 si rechino a fare visite nelle localit\u00e0 delle aree interne alpine e appenniniche. Non sono sufficienti progetti sperimentali o strutturati varati con la Strategia nazionale per le Aree interne, come le &#8220;Case della salute&#8221; e gli &#8220;Infermieri di comunit\u00e0&#8221;, ovvero altri modelli di welfare a met\u00e0 tra sanit\u00e0 e assistenza messi a punto con la rete delle farmacie rurali e d&#8217;intesa sempre con le Asl. Si tratta di importanti sistemi per riorganizzare i servizi che per\u00f2 non bastano.\u00a0 Uncem chiede al Governo e alle Regioni di fare in fretta nel definire, in primis nei contratti integrativi regionali per i medici, degli incentivi anche economici per chi tiene aperto studi medici nei piccoli Comuni. Anche sul numero massimo di pazienti in carico, per le aree montane vanno individuate delle differenze: chi opera nelle aree montane, deve avere meno assistiti viste le complessit\u00e0 territoriali che rendono diversi i tempi di intervento e copertura della rete. Proprio su istanza del Piemonte, con l&#8217;ex Assessore regionale Saitta che ha avuto con Uncem numerosi positivi confronti, \u00e8 stato inserito nella legge 60-2019 (la conversione del DL Calabria, pubblicata in Gazzetta il 2 luglio) il comma 6 dell&#8217;articolo 12, che alla lettera b scrive che \u00e8 possibile &#8220;prevedere modalit\u00e0 e forme d&#8217;incentivo per i medici inseriti\u00a0nelle graduatorie affinch\u00e9 sia garantito il servizio\u00a0nelle zone carenti di personale medico nonch\u00e9 specifiche misure alternative volte a compensare l\u2019eventuale rinuncia agli incarichi assegnati&#8221;.<\/p>\n<div>Uncem chiede a Governo e Regioni di dare seguito a questo comma per evitare la situazione peggiori e renda ancor pi\u00f9 precari i servizi nelle aree montane. Uncem conferma la disponibilit\u00e0 a essere coinvolta nei tavoli organizzativi regionali e nazionali con i medici e i loro Sindacati.<\/div>\n<\/div>\n<p>&nbsp;<\/p>\n<p>&nbsp;<\/p>\n","protected":false},"excerpt":{"rendered":"<p>&nbsp; NECESSARIA AZIONE POLITICA CON PREMIALITA&#8217; PER CHI MANTIENE AMBULATORI E FA VISITE SUI TERRITORI Il periodo estivo non agevola il mantenimento di presidi e servizi sanitari nelle aree montane alpine e appenniniche. Eppure \u00e8 proprio fino a settembre che, viste le presenze pi\u00f9 alte di turisti, medici e pediatri sono ancor pi\u00f9 necessari. Uncem&hellip;<\/p>\n","protected":false},"author":1,"featured_media":71005,"comment_status":"closed","ping_status":"closed","sticky":false,"template":"","format":"standard","meta":{"_monsterinsights_skip_tracking":false,"_monsterinsights_sitenote_active":false,"_monsterinsights_sitenote_note":"","_monsterinsights_sitenote_category":0,"footnotes":""},"categories":[103,49],"tags":[],"class_list":["post-91381","post","type-post","status-publish","format-standard","has-post-thumbnail","hentry","category-evidenza_2","category-news-18","category-103","category-49","description-off"],"img_url":"https:\/\/www.radiopiu.net\/wordpress\/wp-content\/uploads\/2018\/12\/argentera_ferrere-3.jpg","_links":{"self":[{"href":"https:\/\/www.radiopiu.net\/wordpress\/wp-json\/wp\/v2\/posts\/91381","targetHints":{"allow":["GET"]}}],"collection":[{"href":"https:\/\/www.radiopiu.net\/wordpress\/wp-json\/wp\/v2\/posts"}],"about":[{"href":"https:\/\/www.radiopiu.net\/wordpress\/wp-json\/wp\/v2\/types\/post"}],"author":[{"embeddable":true,"href":"https:\/\/www.radiopiu.net\/wordpress\/wp-json\/wp\/v2\/users\/1"}],"replies":[{"embeddable":true,"href":"https:\/\/www.radiopiu.net\/wordpress\/wp-json\/wp\/v2\/comments?post=91381"}],"version-history":[{"count":0,"href":"https:\/\/www.radiopiu.net\/wordpress\/wp-json\/wp\/v2\/posts\/91381\/revisions"}],"wp:featuredmedia":[{"embeddable":true,"href":"https:\/\/www.radiopiu.net\/wordpress\/wp-json\/wp\/v2\/media\/71005"}],"wp:attachment":[{"href":"https:\/\/www.radiopiu.net\/wordpress\/wp-json\/wp\/v2\/media?parent=91381"}],"wp:term":[{"taxonomy":"category","embeddable":true,"href":"https:\/\/www.radiopiu.net\/wordpress\/wp-json\/wp\/v2\/categories?post=91381"},{"taxonomy":"post_tag","embeddable":true,"href":"https:\/\/www.radiopiu.net\/wordpress\/wp-json\/wp\/v2\/tags?post=91381"}],"curies":[{"name":"wp","href":"https:\/\/api.w.org\/{rel}","templated":true}]}}