{"id":91442,"date":"2019-07-11T23:59:06","date_gmt":"2019-07-11T21:59:06","guid":{"rendered":"http:\/\/www.radiopiu.net\/wordpress\/?p=91442"},"modified":"2019-07-13T06:03:23","modified_gmt":"2019-07-13T04:03:23","slug":"ce-la-musica-nel-dna-delle-montagne","status":"publish","type":"post","link":"https:\/\/www.radiopiu.net\/wordpress\/ce-la-musica-nel-dna-delle-montagne\/","title":{"rendered":"C&#8217;E&#8217; LA MUSICA NEL DNA DELLE MONTAGNE"},"content":{"rendered":"<p><em>Emozioni ad alta quota: scopri gli eventi musicali dell\u2019estate 2019 nell\u2019area Falcade e Passo San Pellegrino.<\/em><\/p>\n<p><a class=\"dt-pswp-item\" href=\"http:\/\/www.radiopiu.net\/wordpress\/wp-content\/uploads\/2019\/07\/h.jpg\" data-dt-img-description=\"\" data-large_image_width=\"750\" data-large_image_height=\"150\"><img loading=\"lazy\" decoding=\"async\" class=\" wp-image-91446 alignleft\" src=\"http:\/\/www.radiopiu.net\/wordpress\/wp-content\/uploads\/2019\/07\/h-300x60.jpg\" alt=\"\" width=\"265\" height=\"53\" srcset=\"https:\/\/www.radiopiu.net\/wordpress\/wp-content\/uploads\/2019\/07\/h-300x60.jpg 300w, https:\/\/www.radiopiu.net\/wordpress\/wp-content\/uploads\/2019\/07\/h.jpg 750w\" sizes=\"auto, (max-width: 265px) 100vw, 265px\" \/><\/a>Cosa c\u2019\u00e8 di meglio delle note musicali per accompagnare la maestosit\u00e0 delle vette dolomitiche e lo spettacolo della natura che le circonda. Nell\u2019area <strong><a href=\"http:\/\/www.skiareasanpellegrino.it\/\">Falcade e Passo San Pellegrino<\/a><\/strong> sono numerosi gli <strong>eventi musicali <\/strong>che caratterizzano il calendario eventi dell\u2019<strong>estate 2019<\/strong>.<\/p>\n<p><em>\u201cAccanto ai servizi, impianti di risalita e molto altro, e alle attivit\u00e0 outdoor di ogni tipo che offriamo, ormai da molti anni cerchiamo di presentare ai nostri ospiti anche un calendario eventi ampio e vario. Tra gli eventi la musica ha un ruolo di prim\u2019ordine. Abbiamo visto e appurato che gli eventi musicali si sposano perfettamente con l\u2019ambiente montano e sono molto apprezzati dal target dei nostri visitatori. Tra questi abbiamo eventi, sempre molto richiesti, diventati ormai una vera e propria tradizione come \u201cL\u2019alba sul Col Margherita\u201d accompagnata dai \u201cSuoni delle Dolomiti\u201d e altri che sono delle novit\u00e0 tutte da ascolare e seguire che portano in un contesto insolito, ma di grande fascino, come la montagna professionisti della musica di fama nazionale ed internazionale\u201d<\/em> s<strong>piega Renzo Minella direttore marketing della ski area.<\/strong><\/p>\n<blockquote>\n<p><em><strong>Di seguito gli eventi musicali proposti dal calendario estivo 2019 nell\u2019area Falcade e Passo San Pellegrino:<\/strong><\/em><\/p><\/blockquote>\n<p>&nbsp;<\/p>\n<p><strong><em><a class=\"dt-pswp-item\" href=\"http:\/\/www.radiopiu.net\/wordpress\/wp-content\/uploads\/2019\/07\/panorama-music-03.png\" data-dt-img-description=\"\" data-large_image_width=\"750\" data-large_image_height=\"421\"><img loading=\"lazy\" decoding=\"async\" class=\" wp-image-91447 alignleft\" src=\"http:\/\/www.radiopiu.net\/wordpress\/wp-content\/uploads\/2019\/07\/panorama-music-03-300x168.png\" alt=\"\" width=\"138\" height=\"78\" srcset=\"https:\/\/www.radiopiu.net\/wordpress\/wp-content\/uploads\/2019\/07\/panorama-music-03-300x168.png 300w, https:\/\/www.radiopiu.net\/wordpress\/wp-content\/uploads\/2019\/07\/panorama-music-03.png 750w\" sizes=\"auto, (max-width: 138px) 100vw, 138px\" \/><\/a>20 luglio ore 6.00, Col Margherita L\u2019ALBA DELLE DOLOMITI E INTANTO SI SUONA <\/em><\/strong>Da un\u2019idea di Mario Brunello e Alessandro Baricco. Il format \u00e8 quello di un concerto emozionante al sorgere del sole. Una manifestazione unica nel suo genere, semplice ma affascinante, che riscontra grande successo. Un modo del tutto particolare di apprezzare la singolare bellezza, i colori, i suoni e anche i silenzi delle montagne all\u2019inizio del giorno.<\/p>\n<p><strong><em><a class=\"dt-pswp-item\" href=\"http:\/\/www.radiopiu.net\/wordpress\/wp-content\/uploads\/2019\/07\/panorama-music-01.png\" data-dt-img-description=\"\" data-large_image_width=\"750\" data-large_image_height=\"421\"><img loading=\"lazy\" decoding=\"async\" class=\"wp-image-91443 alignleft\" src=\"http:\/\/www.radiopiu.net\/wordpress\/wp-content\/uploads\/2019\/07\/panorama-music-01-300x168.png\" alt=\"\" width=\"138\" height=\"77\" srcset=\"https:\/\/www.radiopiu.net\/wordpress\/wp-content\/uploads\/2019\/07\/panorama-music-01-300x168.png 300w, https:\/\/www.radiopiu.net\/wordpress\/wp-content\/uploads\/2019\/07\/panorama-music-01.png 750w\" sizes=\"auto, (max-width: 138px) 100vw, 138px\" \/><\/a>28 luglio ore 12.00, Baita Paradiso &#8211; Passo San Pellegrino ELSA MARTIN TRIO, concerto <\/em><\/strong>Emozioni e divertimento con il concerto di Elsa Martin\/voce, Alessandro Turchet\/contrabbasso, Andrea Ruggeri\/batteria. Questo evento di panorama music fa parte della rassegna \u201cLingue minoritarie, giovani e musica jazz\u201d promossa dall\u2019Associazione di Cultura e Musica \u201cLa Grenz\u201d di Moena, con il contributo della Regione Trentino &#8211; Alto Adige, della Provincia Autonoma di Trento e del Comun General de Fascia.<\/p>\n<p><strong><em><a class=\"dt-pswp-item\" href=\"http:\/\/www.radiopiu.net\/wordpress\/wp-content\/uploads\/2019\/07\/la-mia-terra.png\" data-dt-img-description=\"\" data-large_image_width=\"750\" data-large_image_height=\"422\"><img loading=\"lazy\" decoding=\"async\" class=\"wp-image-91444 alignleft\" src=\"http:\/\/www.radiopiu.net\/wordpress\/wp-content\/uploads\/2019\/07\/la-mia-terra-300x169.png\" alt=\"\" width=\"138\" height=\"78\" srcset=\"https:\/\/www.radiopiu.net\/wordpress\/wp-content\/uploads\/2019\/07\/la-mia-terra-300x169.png 300w, https:\/\/www.radiopiu.net\/wordpress\/wp-content\/uploads\/2019\/07\/la-mia-terra.png 750w\" sizes=\"auto, (max-width: 138px) 100vw, 138px\" \/><\/a>10 agosto ore 11.30, Le Buse LA MIA TERRA, concerto <\/em><\/strong>Un emozionante viaggio melodico nell\u2019inedito scenario del \u201cBosco degli Artisti\u201d di Falcade.\u00a0 Un\u2019iniziativa musicale di grande fascino e alto livello direttamente nel cuore delle Dolomiti Unesco. Sul palcoscenico i 54 elementi dell\u2019Orchestra Ritmico Sinfonica Italiana diretti da Diego Basso e i giovani coristi del Children, Teen and Young Choirs dell\u2019Art Voice Academy.<\/p>\n<p><strong><em><a class=\"dt-pswp-item\" href=\"http:\/\/www.radiopiu.net\/wordpress\/wp-content\/uploads\/2019\/07\/panorama-music-02.png\" data-dt-img-description=\"\" data-large_image_width=\"750\" data-large_image_height=\"421\"><img loading=\"lazy\" decoding=\"async\" class=\"wp-image-91445 alignleft\" src=\"http:\/\/www.radiopiu.net\/wordpress\/wp-content\/uploads\/2019\/07\/panorama-music-02-300x168.png\" alt=\"\" width=\"138\" height=\"77\" srcset=\"https:\/\/www.radiopiu.net\/wordpress\/wp-content\/uploads\/2019\/07\/panorama-music-02-300x168.png 300w, https:\/\/www.radiopiu.net\/wordpress\/wp-content\/uploads\/2019\/07\/panorama-music-02.png 750w\" sizes=\"auto, (max-width: 138px) 100vw, 138px\" \/><\/a>22 agosto ore 12.00, Col Margherita SAXOFOLLIA, concerto <\/em><\/strong>Un \u201csaxophone quartet\u201d in concerto ad alta quota che offre panorama music classica e jazz. Questa \u00e8 una delle realt\u00e0 cameristiche pi\u00f9 attive e riconosciute in Italia. Primo premio a 8 concorsi nazionali ed internazionali; dal 1993 svolge una intensa attivit\u00e0 concertistica partecipando ad importanti manifestazioni. I componenti di Saxofollia collaborano da anni con prestigiose orchestre sinfoniche come La Fenice di Venezia, C. Felice di Genova, Filarmonica della Scala di Milano, Arena di Verona, Teatro dell\u2019Opera di Roma, Teatro Comunale di Bologna.<\/p>\n<p>&nbsp;<\/p>\n","protected":false},"excerpt":{"rendered":"<p>Emozioni ad alta quota: scopri gli eventi musicali dell\u2019estate 2019 nell\u2019area Falcade e Passo San Pellegrino. Cosa c\u2019\u00e8 di meglio delle note musicali per accompagnare la maestosit\u00e0 delle vette dolomitiche e lo spettacolo della natura che le circonda. Nell\u2019area Falcade e Passo San Pellegrino sono numerosi gli eventi musicali che caratterizzano il calendario eventi dell\u2019estate&hellip;<\/p>\n","protected":false},"author":1,"featured_media":91446,"comment_status":"closed","ping_status":"closed","sticky":false,"template":"","format":"standard","meta":{"_monsterinsights_skip_tracking":false,"_monsterinsights_sitenote_active":false,"_monsterinsights_sitenote_note":"","_monsterinsights_sitenote_category":0,"footnotes":""},"categories":[104,49],"tags":[],"class_list":["post-91442","post","type-post","status-publish","format-standard","has-post-thumbnail","hentry","category-evidenza_3","category-news-18","category-104","category-49","description-off"],"img_url":"https:\/\/www.radiopiu.net\/wordpress\/wp-content\/uploads\/2019\/07\/h.jpg","_links":{"self":[{"href":"https:\/\/www.radiopiu.net\/wordpress\/wp-json\/wp\/v2\/posts\/91442","targetHints":{"allow":["GET"]}}],"collection":[{"href":"https:\/\/www.radiopiu.net\/wordpress\/wp-json\/wp\/v2\/posts"}],"about":[{"href":"https:\/\/www.radiopiu.net\/wordpress\/wp-json\/wp\/v2\/types\/post"}],"author":[{"embeddable":true,"href":"https:\/\/www.radiopiu.net\/wordpress\/wp-json\/wp\/v2\/users\/1"}],"replies":[{"embeddable":true,"href":"https:\/\/www.radiopiu.net\/wordpress\/wp-json\/wp\/v2\/comments?post=91442"}],"version-history":[{"count":0,"href":"https:\/\/www.radiopiu.net\/wordpress\/wp-json\/wp\/v2\/posts\/91442\/revisions"}],"wp:featuredmedia":[{"embeddable":true,"href":"https:\/\/www.radiopiu.net\/wordpress\/wp-json\/wp\/v2\/media\/91446"}],"wp:attachment":[{"href":"https:\/\/www.radiopiu.net\/wordpress\/wp-json\/wp\/v2\/media?parent=91442"}],"wp:term":[{"taxonomy":"category","embeddable":true,"href":"https:\/\/www.radiopiu.net\/wordpress\/wp-json\/wp\/v2\/categories?post=91442"},{"taxonomy":"post_tag","embeddable":true,"href":"https:\/\/www.radiopiu.net\/wordpress\/wp-json\/wp\/v2\/tags?post=91442"}],"curies":[{"name":"wp","href":"https:\/\/api.w.org\/{rel}","templated":true}]}}