{"id":91460,"date":"2019-07-12T05:36:43","date_gmt":"2019-07-12T03:36:43","guid":{"rendered":"http:\/\/www.radiopiu.net\/wordpress\/?p=91460"},"modified":"2019-07-12T10:13:16","modified_gmt":"2019-07-12T08:13:16","slug":"giornale-radiopiu-11-luglio-2019","status":"publish","type":"post","link":"https:\/\/www.radiopiu.net\/wordpress\/giornale-radiopiu-11-luglio-2019\/","title":{"rendered":"GIORNALE RADIOPIU 12 LUGLIO 2019"},"content":{"rendered":"<h1>GIORNALE RADIOPIU 12 LUGLIO 2019<\/h1>\n<p>&nbsp;<\/p>\n<p><strong>Con Sappada passata al Friuli Venezia Giulia<\/strong> il Veneto perde anche le sorgenti del Piave non pi\u00f9 di marca bellunese. Atti, contratti e concessioni saranno gestiti in autonomia dal Friuli<\/p>\n<p><strong>Per il direttore della Ulss1 Caldogno<\/strong> i dati dell&#8217;Anaoo non sono corretti sul premio di risultati, il DG replica al Corriere delle Alpi: &#8220;Il 10 per cento dello stipendio, non certo oltre 75 mila euro di cui parla Anaoo&#8221;, Per\u00a0 Caldogno si tratterebbe di un errore di trascrizione. Dal primo gennaio 2017 (dopo l&#8217;unificazione delle Usl) la retribuzione corrisposta ai direttori dell&#8217;area strategica della Usl \u00e8 stata di 154mila euro lordi<\/p>\n<p><strong>Strage di daini a Castoi,<\/strong> sette quelli sbranati, due scomparsi e i predatori non si fermano nemmeno davanti ad un&#8217;area ben recintata da un muro<\/p>\n<p>&nbsp;<\/p>\n<p><em>Gestione Servizi Pubblici informa che ad AGORDO nelle LOCALITA&#8217; PIASENT, COLVIGNAS, CAMPON e LE FOCHE ed a Voltago in TUTTO il Comune\u00a0 tranne nelle LOCALITA&#8217; BERTOI E DIGOMAN l&#8217;acqua erogata dall&#8217;acquedotto non \u00e8 potabile e pu\u00f2 essere usata per scopi alimentari SOLO PREVIA bollitura<\/em><\/p>\n<p>&nbsp;<\/p>\n<p>&nbsp;<\/p>\n<blockquote><p><em><strong>CANALE D&#8217;AGORDO<\/strong> Il collegamento Canale d&#8217;Agordo- Caviola (Falcade) \u00e8 stato regolarmente riaperto ai pedoni ed alle biciclette.<\/em><\/p><\/blockquote>\n<p>&nbsp;<\/p>\n<p><strong>PROVINCIALE 8 SAN TOMASO DALLE 18 DI QUESTA SERA SARA&#8217; RIAPERTA CON IL SENSO UNICO, DIVIETO PER MEZZI OLTRE 3,5 TON.<\/strong><\/p>\n<p>&nbsp;<\/p>\n<p>&nbsp;<\/p>\n<p><strong>PROVINCIALE 251 VAL DI ZOLDO E CELLINA<\/strong> In Comune di Colle Santa Lucia fino al 19 luglio dalle 8 alle 12 e dalle 13.30 alle 17.30 con esclusione dei giorni festivi e prefestivi senso unico alternato con semaforo o movieri, possibili interruzioni della durata massima di 15 minuti.<\/p>\n<p>&nbsp;<\/p>\n<p>&nbsp;<\/p>\n<h3>ANCORA TEMPORALI IN VENETO. DICHIARATO LO STATO DI ATTENZIONE SULLE DOLOMITI<\/h3>\n<p><strong><a class=\"dt-pswp-item\" href=\"http:\/\/www.radiopiu.net\/wordpress\/wp-content\/uploads\/2018\/04\/previsioni-meteo.jpg\" data-dt-img-description=\"\" data-large_image_width=\"500\" data-large_image_height=\"392\"><img loading=\"lazy\" decoding=\"async\" class=\"wp-image-46370 alignleft\" src=\"http:\/\/www.radiopiu.net\/wordpress\/wp-content\/uploads\/2018\/04\/previsioni-meteo-300x235.jpg\" alt=\"\" width=\"129\" height=\"101\" srcset=\"https:\/\/www.radiopiu.net\/wordpress\/wp-content\/uploads\/2018\/04\/previsioni-meteo-300x235.jpg 300w, https:\/\/www.radiopiu.net\/wordpress\/wp-content\/uploads\/2018\/04\/previsioni-meteo.jpg 500w\" sizes=\"auto, (max-width: 129px) 100vw, 129px\" \/><\/a>VENEZIA\u00a0<\/strong> Ancora temporali, soprattutto nell\u2019area dolomitica, interesseranno il Veneto fino a domani mattina. Alla luce di queste previsioni, il Centro Funzionale Decentrato della Protezione Civile della Regione ha emesso un avviso di criticit\u00e0, dichiarando lo Stato di Attenzione per Criticit\u00e0 Idrogeologica sul Bacino Idrografico Alto Piave, in provincia di Belluno. L\u2019Avviso ha validit\u00e0 fino alle ore 14 di domani.\u00a0 Lo Stato di Attenzione Rinforzata \u00e8 stato dichiarato per l\u2019area della frana di Borca di Cadore.<\/p>\n<h3>OGGI PIOVE&#8230;IERI UN GIUGNO TORRIDO, IL PIU&#8217; CALDO DAL 2003<\/h3>\n<p><strong>DI DAMIANO TORMEN\u00a0<\/strong><\/p>\n<audio class=\"wp-audio-shortcode\" id=\"audio-91460-1\" preload=\"none\" style=\"width: 100%;\" controls=\"controls\"><source type=\"audio\/mpeg\" src=\"http:\/\/www.radiopiu.net\/wordpress\/wp-content\/uploads\/2019\/07\/damiano-giugno-da-record.mp3?_=1\" \/><a href=\"http:\/\/www.radiopiu.net\/wordpress\/wp-content\/uploads\/2019\/07\/damiano-giugno-da-record.mp3\">http:\/\/www.radiopiu.net\/wordpress\/wp-content\/uploads\/2019\/07\/damiano-giugno-da-record.mp3<\/a><\/audio>\n<p>&nbsp;<\/p>\n<p>&nbsp;<\/p>\n<p>&nbsp;<\/p>\n<h2>IERI AD AGORDO<\/h2>\n<blockquote><p><em>Solidariet\u00e0 alle maestranze Valpe Ambiente, sarebbe interessante capire se dentro quei sacchi ci sono gli elementi per risalire agli autori, soprattutto la sanzione comminata.<\/em><\/p><\/blockquote>\n<p><a class=\"dt-pswp-item\" href=\"http:\/\/www.radiopiu.net\/wordpress\/wp-content\/uploads\/2019\/07\/b3f74233-c24e-4970-93d3-a438c74de553.jpg\" data-dt-img-description=\"\" data-large_image_width=\"899\" data-large_image_height=\"1599\"><img loading=\"lazy\" decoding=\"async\" class=\"alignnone wp-image-91493\" src=\"http:\/\/www.radiopiu.net\/wordpress\/wp-content\/uploads\/2019\/07\/b3f74233-c24e-4970-93d3-a438c74de553-169x300.jpg\" alt=\"\" width=\"143\" height=\"254\" srcset=\"https:\/\/www.radiopiu.net\/wordpress\/wp-content\/uploads\/2019\/07\/b3f74233-c24e-4970-93d3-a438c74de553-169x300.jpg 169w, https:\/\/www.radiopiu.net\/wordpress\/wp-content\/uploads\/2019\/07\/b3f74233-c24e-4970-93d3-a438c74de553-768x1366.jpg 768w, https:\/\/www.radiopiu.net\/wordpress\/wp-content\/uploads\/2019\/07\/b3f74233-c24e-4970-93d3-a438c74de553-576x1024.jpg 576w, https:\/\/www.radiopiu.net\/wordpress\/wp-content\/uploads\/2019\/07\/b3f74233-c24e-4970-93d3-a438c74de553.jpg 899w\" sizes=\"auto, (max-width: 143px) 100vw, 143px\" \/><\/a><a class=\"dt-pswp-item\" href=\"http:\/\/www.radiopiu.net\/wordpress\/wp-content\/uploads\/2019\/07\/66323340_10220197602837117_1122521584351838208_n.jpg\" data-dt-img-description=\"\" data-large_image_width=\"507\" data-large_image_height=\"380\"><img loading=\"lazy\" decoding=\"async\" class=\"alignnone wp-image-91494\" src=\"http:\/\/www.radiopiu.net\/wordpress\/wp-content\/uploads\/2019\/07\/66323340_10220197602837117_1122521584351838208_n-300x225.jpg\" alt=\"\" width=\"343\" height=\"256\" srcset=\"https:\/\/www.radiopiu.net\/wordpress\/wp-content\/uploads\/2019\/07\/66323340_10220197602837117_1122521584351838208_n-300x225.jpg 300w, https:\/\/www.radiopiu.net\/wordpress\/wp-content\/uploads\/2019\/07\/66323340_10220197602837117_1122521584351838208_n.jpg 507w\" sizes=\"auto, (max-width: 343px) 100vw, 343px\" \/><\/a><\/p>\n<p>&nbsp;<\/p>\n<p>&nbsp;<\/p>\n<p>&nbsp;<\/p>\n<h2>LA SEGNALAZIONE E LA MANCATA ATTENZIONE PER UNA ZONA TURISTICA. DALLE ISTITUZIONI PER ORA SOLO SILENZIO<\/h2>\n<p><span style=\"color: #ff0000;\">CI RISIAMO, A SAVINER SI CONTINUA A SPARARE<\/span><\/p>\n<p><strong>di Diego Bassot<\/strong><\/p>\n<blockquote><p><strong><em><a class=\"dt-pswp-item\" href=\"http:\/\/www.radiopiu.net\/wordpress\/wp-content\/uploads\/2019\/07\/1460903_1033-300x254.jpg\" data-dt-img-description=\"\" data-large_image_width=\"300\" data-large_image_height=\"254\"><img loading=\"lazy\" decoding=\"async\" class=\"wp-image-91525 alignleft\" src=\"http:\/\/www.radiopiu.net\/wordpress\/wp-content\/uploads\/2019\/07\/1460903_1033-300x254-300x254.jpg\" alt=\"\" width=\"181\" height=\"154\" \/><\/a><\/em>ROCCA PIETORE<\/strong> Un anno fa avevo fatto presente questa situazione informando la radio,oggi purtroppo si \u00e8 ripetuta la storia,con esercito,carabinieri e ambulanze sia alla mattina che nel pomeriggio per far esplodere degli ordigni e anche in prossimit\u00e0 di un doposcuola con bambini,in quanto non riescono pi\u00f9 a passare per andare al solito luogo (una galleria in prossimit\u00e0 della diga), a questo punto io non ho pi\u00f9 parole, con tutto il disastro che abbiamo ancora in zona si mettono anche a far brillare le bombe,ma dove andremo a finire? Io non so,\u00e8 intollerabile una cosa del genere con quel poco di turismo che ci \u00e8 rimasto,vogliamo far scappare tutti? Ho in casa turisti che mi chiedono cosa succede cosa fanno i militari? Con la casa che trema ad ogni colpo? Mi scusi per lo sfogo,ma se non ricordo male mi aveva detto anche di avvisarla se succedeva di nuovo.<\/p><\/blockquote>\n<p><strong>ARCHIVIO 2 AGOSTO 2017<\/strong><\/p>\n<p>Saviner di Rocca Pietore,\u00a0 in prossimit\u00e0 della sorgente solforosa peculiarit\u00e0 della Valcordevole, c\u2019\u00e8 una grotta che secondo gli esperti \u00e8 ideale per far esplodere ordigni in presenza di artificieri dell\u2019Esercito e dei Carabinieri. Il parere degli esperti non \u00e8 condiviso da Diego Bassot, operatore turistico e gestore di un B&amp;B alle porte della valle, sede di passeggiate lungo un percorso che porta alla sorgente dove \u00e8 stato investito del denaro per rendere pi\u00f9 accogliente la zona e istruire i turisti di passaggio mediante pannelli informativi. \u201cLo scorso lunedi 31 luglio tra le 10.30 e le 11.30 del mattino \u2013 racconta Diego Bassot \u2013 oltre la sorgente nei pressi dei basamenti in cemento per la mai costruita diga di Digonera, \u00e8 stato fatto esplodere un residuato bellico, cio\u00e8 una bomba\u201d. La zona tra l\u2019altro \u00e8 nota anche per anche recenti eventi franosi dove sono intervenuti anche i vigili del fuoco. \u201cInfatti \u2013 insiste Bassot, nato e cresciuto tra valli e anfratti di Saviner \u2013\u00a0 \u00e8 una montagna friabile, in una valle stretta. Questi scoppi potrebbero imprimere ulteriori scossoni? Quindi altri distacchi di materiale?\u201d. E\u2019 tra l\u2019altro zona turistica particolarmente frequentata. \u201cChi ha impartito gli ordini di far brillare gli ordigni a Saviner \u2013 insiste Bassot \u2013 ignora i problemi della montagna e anche di chi ci vive. In piena stagione turistica con tante persone in passeggiata \u00e8 stato dato l\u2019ordine di evacuare la zona per il brillamento della bomba. Come lo spiego ai turisti convinti di essere in\u00a0 zona Unesco patrimonio dell\u2019Umanit\u00e0?\u00a0 E\u2019 altrettanto imbarazzante lo scoppio, con regolare spostamento d\u2019aria che fa tremare la mia struttura con totale disappunto di chi ha scelto il nostro territorio per trascorrere qualche giorno di relax in serenit\u00e0\u201d. Il messaggio di Diego Bassot cita anche la Prefettura, segnalando quanto accade con un invito ad un sopralluogo in zona. \u201cServirebbe forse a porre fine a queste operazioni tra montagne delicate\u201d. Il sindaco di Rocca Pietore, Andrea De Bernardin \u00e8 a conoscenza che in passato in quella zona venivano fatti esplodere degli ordigni bellici. \u201cMa non credevo disturbasse qualcuno \u2013 dice \u2013 non ne sono mai stato informato ufficialmente. Vedremo di approfondie la problematica, mi piacerebbe che il mio cittadino mi informasse di questo oltre che comunicarlo alla stampa\u201d.<\/p>\n<p>&nbsp;<\/p>\n<h2><\/h2>\n<h3 style=\"text-align: center;\">GLI INTERVENTI DEL SOCCORSO ALPINO<\/h3>\n<p><strong>TRICHIANA<\/strong> Nel pomeriggio di ieri alle \u00a017.20 circa l&#8217;elicottero del Suem di Pieve di Cadore \u00e8 decollato in direzione di Sant&#8217;Antonio di Tortal, per una giovane escursionista scivolata nel Brent de l&#8217;Art. La ragazza, 15 anni di Cavallino &#8211; Treporti (VE), che si trovava con i parenti, \u00e8 stata subito affidata alle cure dell&#8217;equipe medica sbarcata assieme al tecnico di elisoccorso nelle vicinanze. Una volta imbarellata, con probabili traumi cranico e alla schiena, \u00e8 stata recuperata con il verricello e trasportata all&#8217;ospedale di Belluno.<\/p>\n<p>&nbsp;<\/p>\n<p><strong>COLLE SANTA LUCIA<\/strong> Nel pomeriggio di ieri\u00a0 l&#8217;elicottero del Suem di Pieve di Cadore \u00e8 volato sul Passo Giau, lungo la strada bianca che dal Rifugio Averau scende al Rifugio Fedare, dove un&#8217;escursionista che tornava a valle con il marito, messo male il piede, si era procurata un possibile trauma alla caviglia. Dopo che medico, infermiere e tecnico di elisoccorso le hanno prestato le prime cure, l&#8217;infortunata \u00e8 stata recuperata con un verricello di una decina di<span class=\"text_exposed_show\">\u00a0metri e trasportata all&#8217;ospedale di Agordo.<\/span><\/p>\n<p>&nbsp;<\/p>\n<div class=\"text_exposed_show\">\n<p><strong>ROCCA PIETORE\u00a0<\/strong> \u00c8 invece cessato subito l&#8217;allarme per un mancato rientro nella zona di Malga Ciapela, a Rocca Pietore. Pur essendo bloccato il sentiero verso il Falier, un escursionista aveva proseguito lo stesso, facendo impensierire i familiari che lo stavano aspettando. Fortunatamente, prima che le squadre del Soccorso alpino della Val Pettorina si mettessero in movimento, con l&#8217;eventuale sorvolo della zona da parte dell&#8217;eluambulanza, l&#8217;uomo \u00e8 arrivato.<\/p>\n<\/div>\n<p>&nbsp;<\/p>\n<p>&nbsp;<\/p>\n<p>&nbsp;<\/p>\n<h2>CASSA SOLIDARIETA&#8217; AZIENDALE LUXOTTICA, CONFERENZA STAMPA A BELLUNO<\/h2>\n<blockquote><p><em><span style=\"color: #000000; font-family: Helvetica;\"><b>Dal 2019 la Cassa rimborsa anche una serie di spese scolastiche: <\/b>si va dalle<b> rette per asili nido e scuola materna ai contributi per mense, doposcuola, centri estivi, trasporto scolastico e ripetizioni.<\/b><\/span><\/em><\/p><\/blockquote>\n<p><strong><a class=\"dt-pswp-item\" href=\"http:\/\/www.radiopiu.net\/wordpress\/wp-content\/uploads\/2019\/07\/WhatsApp-Image-2019-07-11-at-11.29.12.jpeg\" data-dt-img-description=\"\" data-large_image_width=\"1600\" data-large_image_height=\"800\"><img loading=\"lazy\" decoding=\"async\" class=\"size-medium wp-image-91431 alignleft\" src=\"http:\/\/www.radiopiu.net\/wordpress\/wp-content\/uploads\/2019\/07\/WhatsApp-Image-2019-07-11-at-11.29.12-300x150.jpeg\" alt=\"\" width=\"300\" height=\"150\" srcset=\"https:\/\/www.radiopiu.net\/wordpress\/wp-content\/uploads\/2019\/07\/WhatsApp-Image-2019-07-11-at-11.29.12-300x150.jpeg 300w, https:\/\/www.radiopiu.net\/wordpress\/wp-content\/uploads\/2019\/07\/WhatsApp-Image-2019-07-11-at-11.29.12-768x384.jpeg 768w, https:\/\/www.radiopiu.net\/wordpress\/wp-content\/uploads\/2019\/07\/WhatsApp-Image-2019-07-11-at-11.29.12-1024x512.jpeg 1024w, https:\/\/www.radiopiu.net\/wordpress\/wp-content\/uploads\/2019\/07\/WhatsApp-Image-2019-07-11-at-11.29.12.jpeg 1600w\" sizes=\"auto, (max-width: 300px) 100vw, 300px\" \/><\/a>BELLUNO\u00a0<\/strong>\u00a0<span style=\"color: #000000; font-family: Helvetica;\"><b>2.516 associati e 270.441 euro di contributi erogati nel 2018 per l\u2019Associazione nata nel 1996 <\/b><\/span><span style=\"color: #000000; font-family: Helvetica;\">Un altro anno da record per CSA, la Cassa Solidariet\u00e0 Aziendale Lavoratori Luxottica istituita dai lavoratori, su proposta delle organizzazioni sindacali, nel 1996. Aumentano sia il numero dei lavoratori iscritti che la portata delle erogazioni. Si amplia lo spettro delle prestazioni e si lanciano nuove sfide, come quella di allargare l\u2019esperienza della Cassa a livello territoriale. I risultati raggiunti nell\u2019ultimo anno, la rendicontazione sugli impieghi delle risorse e le novit\u00e0 per il 2019, dopo essere state al centro dell\u2019assemblea annuale dei soci, sono state illustrate nella sede Cisl di Belluno dal presidente della CSA Fabrizio Campedel, dal vicepresidente Diego Palmeri e dal consigliere del Cda Paolo Chissal\u00e8. <\/span><span style=\"color: #000000; font-family: Helvetica;\">\u00a0La Cassa rappresenta un esempio virtuoso di welfare contrattato a livello aziendale ed \u00e8 presente negli stabilimenti Luxottica <\/span><span style=\"color: #000000; font-family: Helvetica;\"><i>. <\/i>La quota associativa \u00e8 pari a 10 euro netti mensili di cui 4,10 lordi a carico dell\u2019azienda. <\/span><span style=\"color: #000000; font-family: Helvetica;\"><i>\u00a0<\/i><\/span><span style=\"color: #000000; font-family: Helvetica;\">Per il 2019, la Cassa ha deciso di incrementare i tetti massimi rimborsabili per le spese sanitarie e innalzato la soglia Isee per l\u2019accesso a prestazioni relative ad Apparecchi ortodontici e protesi, Spese universitarie, Ausili Disabilit\u00e0 e Spese Funebri, portandola da 26 a 28mila euro.\u00a0<\/span><\/p>\n<div align=\"left\"><\/div>\n<p><strong>FABRIZIO CAMPEDEL<\/strong><\/p>\n<audio class=\"wp-audio-shortcode\" id=\"audio-91460-2\" preload=\"none\" style=\"width: 100%;\" controls=\"controls\"><source type=\"audio\/mpeg\" src=\"http:\/\/www.radiopiu.net\/wordpress\/wp-content\/uploads\/2019\/07\/FABRIZIO.mp3?_=2\" \/><a href=\"http:\/\/www.radiopiu.net\/wordpress\/wp-content\/uploads\/2019\/07\/FABRIZIO.mp3\">http:\/\/www.radiopiu.net\/wordpress\/wp-content\/uploads\/2019\/07\/FABRIZIO.mp3<\/a><\/audio>\n<p><strong>PAOLO CHISSALE&#8217;<\/strong><\/p>\n<audio class=\"wp-audio-shortcode\" id=\"audio-91460-3\" preload=\"none\" style=\"width: 100%;\" controls=\"controls\"><source type=\"audio\/mpeg\" src=\"http:\/\/www.radiopiu.net\/wordpress\/wp-content\/uploads\/2019\/07\/chissa.mp3?_=3\" \/><a href=\"http:\/\/www.radiopiu.net\/wordpress\/wp-content\/uploads\/2019\/07\/chissa.mp3\">http:\/\/www.radiopiu.net\/wordpress\/wp-content\/uploads\/2019\/07\/chissa.mp3<\/a><\/audio>\n<p><strong>DIEGO PALMERI<\/strong><\/p>\n<audio class=\"wp-audio-shortcode\" id=\"audio-91460-4\" preload=\"none\" style=\"width: 100%;\" controls=\"controls\"><source type=\"audio\/mpeg\" src=\"http:\/\/www.radiopiu.net\/wordpress\/wp-content\/uploads\/2019\/07\/laltro.mp3?_=4\" \/><a href=\"http:\/\/www.radiopiu.net\/wordpress\/wp-content\/uploads\/2019\/07\/laltro.mp3\">http:\/\/www.radiopiu.net\/wordpress\/wp-content\/uploads\/2019\/07\/laltro.mp3<\/a><\/audio>\n<p>&nbsp;<\/p>\n<p>&nbsp;<\/p>\n<p>&nbsp;<\/p>\n<h2>OUTDOOR FEST, THE ADVENTURE IS COMING OGGI LA PRESENTAZIONE A BELLUNO<\/h2>\n<p><strong><em><a class=\"dt-pswp-item\" href=\"http:\/\/www.radiopiu.net\/wordpress\/wp-content\/uploads\/2019\/04\/57555399_1022400811483055_9101634934061137920_o.jpg\" data-dt-img-description=\"\" data-large_image_width=\"2048\" data-large_image_height=\"1386\"><img loading=\"lazy\" decoding=\"async\" class=\"alignleft wp-image-83148\" src=\"http:\/\/www.radiopiu.net\/wordpress\/wp-content\/uploads\/2019\/04\/57555399_1022400811483055_9101634934061137920_o-300x203.jpg\" alt=\"\" width=\"176\" height=\"119\" srcset=\"https:\/\/www.radiopiu.net\/wordpress\/wp-content\/uploads\/2019\/04\/57555399_1022400811483055_9101634934061137920_o-300x203.jpg 300w, https:\/\/www.radiopiu.net\/wordpress\/wp-content\/uploads\/2019\/04\/57555399_1022400811483055_9101634934061137920_o-768x520.jpg 768w, https:\/\/www.radiopiu.net\/wordpress\/wp-content\/uploads\/2019\/04\/57555399_1022400811483055_9101634934061137920_o-1024x693.jpg 1024w, https:\/\/www.radiopiu.net\/wordpress\/wp-content\/uploads\/2019\/04\/57555399_1022400811483055_9101634934061137920_o.jpg 2048w\" sizes=\"auto, (max-width: 176px) 100vw, 176px\" \/><\/a>in collaborazione Dolomites Madness<\/em><\/strong><\/p>\n<p>Da San Candido a Rocca Pietore. Il team organizzativo di Fabio Cavallari \u00e8 arrivato in Agordino, con tutto il suo carico di entusiasmo ed esperienza. Ad accoglierli operatori turistici e amministratori e tutto lo staff di Dolomites Maadness, capitanato da Emma Taveri, per una ricca anticipazione della settima edizione di Adventure Outdoor Fest, che porter\u00e0 dal 25 al 28 luglio\u00a0 sul territorio i migliori atleti e sportivi da tutta Italia. Quattro giornate di trekking, running, arrampicate, bicicletta, orientiring e passeggiate in alta quota, per tutti i gusti e tutti i fisici. E poi spettacoli, concerti, benessere e meditazione; campi di sopravvivenza per grandi e piccini con un solo grande obiettivo: superare stress e antiche paure. L\u2019organizzazione \u00e8 aperta alla partecipazione e ai contributi di ristoratori, albergatori e imprenditori del turismo locale.<\/p>\n<p><strong>Ai microfoni di Radio Pi\u00f9 Fabio Cavallari, responsabile marketing di adventures outdoor festival. <\/strong><\/p>\n<audio class=\"wp-audio-shortcode\" id=\"audio-91460-5\" preload=\"none\" style=\"width: 100%;\" controls=\"controls\"><source type=\"audio\/mpeg\" src=\"http:\/\/www.radiopiu.net\/wordpress\/wp-content\/uploads\/2019\/04\/fabio-cavalarti.mp3?_=5\" \/><a href=\"http:\/\/www.radiopiu.net\/wordpress\/wp-content\/uploads\/2019\/04\/fabio-cavalarti.mp3\">http:\/\/www.radiopiu.net\/wordpress\/wp-content\/uploads\/2019\/04\/fabio-cavalarti.mp3<\/a><\/audio>\n<p>&nbsp;<\/p>\n<p>&nbsp;<\/p>\n<p>&nbsp;<\/p>\n<p>&nbsp;<\/p>\n<p>&nbsp;<\/p>\n<p>&nbsp;<\/p>\n<p>&nbsp;<\/p>\n<h3><a class=\"dt-pswp-item\" href=\"http:\/\/www.radiopiu.net\/wordpress\/wp-content\/uploads\/2019\/07\/WhatsApp-Image-2019-07-11-at-14.32.35.jpeg\" data-dt-img-description=\"\" data-large_image_width=\"900\" data-large_image_height=\"1600\"><img loading=\"lazy\" decoding=\"async\" class=\"size-medium wp-image-91515 alignleft\" src=\"http:\/\/www.radiopiu.net\/wordpress\/wp-content\/uploads\/2019\/07\/WhatsApp-Image-2019-07-11-at-14.32.35-169x300.jpeg\" alt=\"\" width=\"169\" height=\"300\" srcset=\"https:\/\/www.radiopiu.net\/wordpress\/wp-content\/uploads\/2019\/07\/WhatsApp-Image-2019-07-11-at-14.32.35-169x300.jpeg 169w, https:\/\/www.radiopiu.net\/wordpress\/wp-content\/uploads\/2019\/07\/WhatsApp-Image-2019-07-11-at-14.32.35-768x1365.jpeg 768w, https:\/\/www.radiopiu.net\/wordpress\/wp-content\/uploads\/2019\/07\/WhatsApp-Image-2019-07-11-at-14.32.35-576x1024.jpeg 576w, https:\/\/www.radiopiu.net\/wordpress\/wp-content\/uploads\/2019\/07\/WhatsApp-Image-2019-07-11-at-14.32.35.jpeg 900w\" sizes=\"auto, (max-width: 169px) 100vw, 169px\" \/><\/a><\/h3>\n<h3><\/h3>\n<h3><\/h3>\n<h3><\/h3>\n<h3><\/h3>\n<h3>5 G QUESTO\u00a0 &#8220;S&#8221; CONOSCIUTO INCONTRO PROPOSTO DA QUATTRO DONNE QUESTA SERA A VALLADA<\/h3>\n<audio class=\"wp-audio-shortcode\" id=\"audio-91460-6\" preload=\"none\" style=\"width: 100%;\" controls=\"controls\"><source type=\"audio\/mpeg\" src=\"http:\/\/www.radiopiu.net\/wordpress\/wp-content\/uploads\/2019\/07\/GIANNI-5G.mp3?_=6\" \/><a href=\"http:\/\/www.radiopiu.net\/wordpress\/wp-content\/uploads\/2019\/07\/GIANNI-5G.mp3\">http:\/\/www.radiopiu.net\/wordpress\/wp-content\/uploads\/2019\/07\/GIANNI-5G.mp3<\/a><\/audio>\n<p>&nbsp;<\/p>\n<h2><\/h2>\n<p>&nbsp;<\/p>\n<p>&nbsp;<\/p>\n<h2>FILIPPO PUSTETTO NUOVO GLOBAL SALES DIRECTOR DI BLACKFIN<\/h2>\n<blockquote><p><em>\u201cSiamo certi che Filippo sia la persona giusta per affiancare l\u2019azienda nel percorso di crescita che abbiamo delineato e che stiamo concretizzando\u201d<\/em> dichiara Nicola Del Din.<\/p>\n<p><strong><a class=\"dt-pswp-item\" href=\"http:\/\/www.radiopiu.net\/wordpress\/wp-content\/uploads\/2019\/07\/Filippo-Pustetto_low.jpg\" data-dt-img-description=\"\" data-large_image_width=\"2268\" data-large_image_height=\"3401\"><img loading=\"lazy\" decoding=\"async\" class=\"size-medium wp-image-91453 alignleft\" src=\"http:\/\/www.radiopiu.net\/wordpress\/wp-content\/uploads\/2019\/07\/Filippo-Pustetto_low-200x300.jpg\" alt=\"\" width=\"200\" height=\"300\" srcset=\"https:\/\/www.radiopiu.net\/wordpress\/wp-content\/uploads\/2019\/07\/Filippo-Pustetto_low-200x300.jpg 200w, https:\/\/www.radiopiu.net\/wordpress\/wp-content\/uploads\/2019\/07\/Filippo-Pustetto_low-768x1152.jpg 768w, https:\/\/www.radiopiu.net\/wordpress\/wp-content\/uploads\/2019\/07\/Filippo-Pustetto_low-683x1024.jpg 683w\" sizes=\"auto, (max-width: 200px) 100vw, 200px\" \/><\/a><\/strong><\/p><\/blockquote>\n<p><strong>TAIBON<\/strong> \u00a0Pramaor specializzata nella produzione di occhiali in titanio di alta gamma a marchio Blackfin, annuncia l\u2019ingresso di Filippo Pustetto come direttore commerciale mondo a partire dallo scorso 8 luglio. Il manager, riportando direttamente all\u2019Amministratore Delegato Nicola Del Din, si occuper\u00e0 di definire e implementare la strategia commerciale coerentemente con gli obiettivi di crescita sia di fatturato che di profit dell\u2019azienda, attraverso lo sviluppo e la gestione di una forza vendita a oggi composta da 30 agenti diretti e 25 distributori in 35 paesi nel mondo.<\/p>\n<p>&nbsp;<\/p>\n<blockquote><p><strong>CURRICULUM<\/strong><\/p><\/blockquote>\n<p>44 anni, originario di Treviso, Pustetto ha lavorato per 17 anni in Safilo ricoprendo diversi ruoli in ambito commerciale: inizialmente per 3 anni nell\u2019area export seguendo i mercati dell\u2019Est Europa e Turchia tramite distributori; successivamente per 8 anni come direttore vendite nella filiale in Spagna e negli ultimi 3 come country manager per il mercato italiano, dopo una parentesi di 3 anni nell\u2019area brand come distribution manager sia di marchi di propriet\u00e0 sia del principale brand in licenza. Dopo aver potenziato e strutturato l\u2019area produttiva nel 2017 con l\u2019ingresso di Ivo Benvegn\u00f9 nel ruolo di Chief Operations Officer e quella del marketing nel 2018 con Simone Favero come Marketing Manager, la scelta di un manager con lunga esperienza nel settore eyewear a livello internazionale come Filippo Pustetto si inserisce in un percorso di sviluppo strategico che prevede l\u2019allargamento e il consolidamento della divisione commerciale con l\u2019obiettivo di posizionare il brand nella fascia high-end del mercato.<\/p>\n<p><strong>AI MICROFONI DI RADIO PIU FILIPPO PUSTETTO<\/strong><\/p>\n<audio class=\"wp-audio-shortcode\" id=\"audio-91460-7\" preload=\"none\" style=\"width: 100%;\" controls=\"controls\"><source type=\"audio\/mpeg\" src=\"http:\/\/www.radiopiu.net\/wordpress\/wp-content\/uploads\/2019\/07\/pustetto.mp3?_=7\" \/><a href=\"http:\/\/www.radiopiu.net\/wordpress\/wp-content\/uploads\/2019\/07\/pustetto.mp3\">http:\/\/www.radiopiu.net\/wordpress\/wp-content\/uploads\/2019\/07\/pustetto.mp3<\/a><\/audio>\n<p><strong>NICOLA DEL DIN\u00a0<\/strong><\/p>\n<audio class=\"wp-audio-shortcode\" id=\"audio-91460-8\" preload=\"none\" style=\"width: 100%;\" controls=\"controls\"><source type=\"audio\/mpeg\" src=\"http:\/\/www.radiopiu.net\/wordpress\/wp-content\/uploads\/2019\/07\/nicola.mp3?_=8\" \/><a href=\"http:\/\/www.radiopiu.net\/wordpress\/wp-content\/uploads\/2019\/07\/nicola.mp3\">http:\/\/www.radiopiu.net\/wordpress\/wp-content\/uploads\/2019\/07\/nicola.mp3<\/a><\/audio>\n<p>&nbsp;<\/p>\n<p>&nbsp;<\/p>\n<p>&nbsp;<\/p>\n<h2>AD AGORDO L&#8217;APERTURA DEL KANGURO NELLA EX CASERMA TRA UNA PAIO DI MESI, IL QUINTO SUPERMERCATO IN VALLATA A RIDOSSO DEL CAPOLUOGO<\/h2>\n<blockquote><p><em>Personale cercasi, saranno assunte 25 persone<\/em><\/p><\/blockquote>\n<p><a class=\"dt-pswp-item\" href=\"http:\/\/www.radiopiu.net\/wordpress\/wp-content\/uploads\/2019\/07\/WhatsApp-Image-2019-07-11-at-18.55.29.jpeg\" data-dt-img-description=\"\" data-large_image_width=\"1600\" data-large_image_height=\"901\"><img loading=\"lazy\" decoding=\"async\" class=\" wp-image-91520 alignleft\" src=\"http:\/\/www.radiopiu.net\/wordpress\/wp-content\/uploads\/2019\/07\/WhatsApp-Image-2019-07-11-at-18.55.29-300x169.jpeg\" alt=\"\" width=\"201\" height=\"113\" srcset=\"https:\/\/www.radiopiu.net\/wordpress\/wp-content\/uploads\/2019\/07\/WhatsApp-Image-2019-07-11-at-18.55.29-300x169.jpeg 300w, https:\/\/www.radiopiu.net\/wordpress\/wp-content\/uploads\/2019\/07\/WhatsApp-Image-2019-07-11-at-18.55.29-768x432.jpeg 768w, https:\/\/www.radiopiu.net\/wordpress\/wp-content\/uploads\/2019\/07\/WhatsApp-Image-2019-07-11-at-18.55.29-1024x577.jpeg 1024w, https:\/\/www.radiopiu.net\/wordpress\/wp-content\/uploads\/2019\/07\/WhatsApp-Image-2019-07-11-at-18.55.29.jpeg 1600w\" sizes=\"auto, (max-width: 201px) 100vw, 201px\" \/><\/a><\/p>\n<p>&nbsp;<\/p>\n<p>&nbsp;<\/p>\n<p><strong>AGORDO<\/strong><\/p>\n<p><strong>DI GIANNI SANTOMASO<\/strong><\/p>\n<p>&nbsp;<\/p>\n<audio class=\"wp-audio-shortcode\" id=\"audio-91460-9\" preload=\"none\" style=\"width: 100%;\" controls=\"controls\"><source type=\"audio\/mpeg\" src=\"http:\/\/www.radiopiu.net\/wordpress\/wp-content\/uploads\/2019\/07\/KANGURO.mp3?_=9\" \/><a href=\"http:\/\/www.radiopiu.net\/wordpress\/wp-content\/uploads\/2019\/07\/KANGURO.mp3\">http:\/\/www.radiopiu.net\/wordpress\/wp-content\/uploads\/2019\/07\/KANGURO.mp3<\/a><\/audio>\n<p>&nbsp;<\/p>\n<p>&nbsp;<\/p>\n<p>&nbsp;<\/p>\n<h3>UNA PROVINCIA SULLE DUE RUOTE, SCOMMESSA PER IL FUTURO DALLA MONTAGNA AL MARE, MA C&#8217;E&#8217; DA PEDALARE<\/h3>\n<p><strong><a class=\"dt-pswp-item\" href=\"http:\/\/www.radiopiu.net\/wordpress\/wp-content\/uploads\/2018\/08\/ciclinvalle31-18.jpg\" data-dt-img-description=\"\" data-large_image_width=\"1200\" data-large_image_height=\"900\"><img loading=\"lazy\" decoding=\"async\" class=\" wp-image-59116 alignleft\" src=\"http:\/\/www.radiopiu.net\/wordpress\/wp-content\/uploads\/2018\/08\/ciclinvalle31-18-300x225.jpg\" alt=\"\" width=\"239\" height=\"179\" srcset=\"https:\/\/www.radiopiu.net\/wordpress\/wp-content\/uploads\/2018\/08\/ciclinvalle31-18-300x225.jpg 300w, https:\/\/www.radiopiu.net\/wordpress\/wp-content\/uploads\/2018\/08\/ciclinvalle31-18-768x576.jpg 768w, https:\/\/www.radiopiu.net\/wordpress\/wp-content\/uploads\/2018\/08\/ciclinvalle31-18-1024x768.jpg 1024w, https:\/\/www.radiopiu.net\/wordpress\/wp-content\/uploads\/2018\/08\/ciclinvalle31-18.jpg 1200w\" sizes=\"auto, (max-width: 239px) 100vw, 239px\" \/><\/a><\/strong><\/p>\n<p>&nbsp;<\/p>\n<p>&nbsp;<\/p>\n<p><strong>DI DAMIANO TORMEN<\/strong><\/p>\n<p><strong>ALPAGO\u00a0<\/strong><\/p>\n<audio class=\"wp-audio-shortcode\" id=\"audio-91460-10\" preload=\"none\" style=\"width: 100%;\" controls=\"controls\"><source type=\"audio\/mpeg\" src=\"http:\/\/www.radiopiu.net\/wordpress\/wp-content\/uploads\/2019\/07\/damiano-ciclo.mp3?_=10\" \/><a href=\"http:\/\/www.radiopiu.net\/wordpress\/wp-content\/uploads\/2019\/07\/damiano-ciclo.mp3\">http:\/\/www.radiopiu.net\/wordpress\/wp-content\/uploads\/2019\/07\/damiano-ciclo.mp3<\/a><\/audio>\n<p>&nbsp;<\/p>\n<p>&nbsp;<\/p>\n<p>&nbsp;<\/p>\n<p>&nbsp;<\/p>\n<h2>VOLONTARI X FELTRE 2019: DOPO VAIA&#8230;AIUTIAMO VILLAGA!<\/h2>\n<p><a class=\"dt-pswp-item\" href=\"http:\/\/www.radiopiu.net\/wordpress\/wp-content\/uploads\/2019\/07\/WhatsApp-Image-2019-07-11-at-14.44.30.jpeg\" data-dt-img-description=\"\" data-large_image_width=\"1328\" data-large_image_height=\"747\"><img loading=\"lazy\" decoding=\"async\" class=\"size-medium wp-image-91482 alignleft\" src=\"http:\/\/www.radiopiu.net\/wordpress\/wp-content\/uploads\/2019\/07\/WhatsApp-Image-2019-07-11-at-14.44.30-300x169.jpeg\" alt=\"\" width=\"300\" height=\"169\" srcset=\"https:\/\/www.radiopiu.net\/wordpress\/wp-content\/uploads\/2019\/07\/WhatsApp-Image-2019-07-11-at-14.44.30-300x169.jpeg 300w, https:\/\/www.radiopiu.net\/wordpress\/wp-content\/uploads\/2019\/07\/WhatsApp-Image-2019-07-11-at-14.44.30-768x432.jpeg 768w, https:\/\/www.radiopiu.net\/wordpress\/wp-content\/uploads\/2019\/07\/WhatsApp-Image-2019-07-11-at-14.44.30-1024x576.jpeg 1024w, https:\/\/www.radiopiu.net\/wordpress\/wp-content\/uploads\/2019\/07\/WhatsApp-Image-2019-07-11-at-14.44.30.jpeg 1328w\" sizes=\"auto, (max-width: 300px) 100vw, 300px\" \/><\/a>Ultimi dettagli organizzativi per #VolontarixFeltre, il primo di campo di volontariato ambientale di Legambiente \u2013 in collaborazione con Comune di Feltre, CAI Feltre, Consorzio strada silvopastorale Costalonga Valgrande, ULSS 1 Dolomiti \u2013 per contribuire al recupero delle aree boschive colpite dalla tempesta Vaia dello scorso novembre. Un campo di volontariato per rimboccarsi le maniche e attivarsi direttamente nel ripristino di sentieri e percorsi montani, anche minori, devastati dalla potenza di una tempesta, Vaia, che ha lasciato ferite profonde nell&#8217;ecosistema e nelle comunit\u00e0 colpite. ll campo si svolger\u00e0 a Feltre (frazione di Villaga) dal 27 luglio al 11 agosto. Sono possibili diverse modalit\u00e0 di partecipazione.\u00a0 Durante il campo i volontari si occuperanno della sistemazione di sentieri e strade della frazione di Villaga, duramente colpita dalla tempesta Vaia. Ci si occuper\u00e0 della rimozione di alberature e della pulizia e sistemazione del manto erboso e stradale per il ripristino completo della fruibilit\u00e0 pubblica.<\/p>\n<p><strong>L&#8217;ASSESSORE ADIS ZATTA<\/strong><\/p>\n<audio class=\"wp-audio-shortcode\" id=\"audio-91460-11\" preload=\"none\" style=\"width: 100%;\" controls=\"controls\"><source type=\"audio\/mpeg\" src=\"http:\/\/www.radiopiu.net\/wordpress\/wp-content\/uploads\/2019\/07\/ZATTA-1.mp3?_=11\" \/><a href=\"http:\/\/www.radiopiu.net\/wordpress\/wp-content\/uploads\/2019\/07\/ZATTA-1.mp3\">http:\/\/www.radiopiu.net\/wordpress\/wp-content\/uploads\/2019\/07\/ZATTA-1.mp3<\/a><\/audio>\n<p>&nbsp;<\/p>\n<p>&nbsp;<\/p>\n<p>&nbsp;<\/p>\n<h2>BELLUNO E CANTIERI<\/h2>\n<p><strong><a class=\"dt-pswp-item\" href=\"http:\/\/www.radiopiu.net\/wordpress\/wp-content\/uploads\/2018\/03\/biagio.jpg\" data-dt-img-description=\"\" data-large_image_width=\"183\" data-large_image_height=\"275\"><img loading=\"lazy\" decoding=\"async\" class=\"alignnone wp-image-45153\" src=\"http:\/\/www.radiopiu.net\/wordpress\/wp-content\/uploads\/2018\/03\/biagio.jpg\" alt=\"\" width=\"96\" height=\"145\" \/><\/a>BELLUNO<\/strong> Esaustivo intervento audio dell&#8217;assessore Biagio Giannone.<\/p>\n<audio class=\"wp-audio-shortcode\" id=\"audio-91460-12\" preload=\"none\" style=\"width: 100%;\" controls=\"controls\"><source type=\"audio\/mpeg\" src=\"http:\/\/www.radiopiu.net\/wordpress\/wp-content\/uploads\/2019\/07\/BIAGIO.mp3?_=12\" \/><a href=\"http:\/\/www.radiopiu.net\/wordpress\/wp-content\/uploads\/2019\/07\/BIAGIO.mp3\">http:\/\/www.radiopiu.net\/wordpress\/wp-content\/uploads\/2019\/07\/BIAGIO.mp3<\/a><\/audio>\n<p>&nbsp;<\/p>\n<p>&nbsp;<\/p>\n<p>&nbsp;<\/p>\n<h2>Al bellunese 2,5 milioni per gli impianti sportivi. D\u2019Inc\u00e0 (M5S): \u201cRigeneriamo le aree in maggiore difficolt\u00e0\u201d<\/h2>\n<p><strong><a class=\"dt-pswp-item\" href=\"http:\/\/www.radiopiu.net\/wordpress\/wp-content\/uploads\/2019\/03\/Di-Maio-e-DInca\u0300.jpg\" data-dt-img-description=\"\" data-large_image_width=\"1280\" data-large_image_height=\"960\"><img loading=\"lazy\" decoding=\"async\" class=\" wp-image-78034 alignleft\" src=\"http:\/\/www.radiopiu.net\/wordpress\/wp-content\/uploads\/2019\/03\/Di-Maio-e-DInca\u0300-300x225.jpg\" alt=\"\" width=\"251\" height=\"189\" srcset=\"https:\/\/www.radiopiu.net\/wordpress\/wp-content\/uploads\/2019\/03\/Di-Maio-e-DInca\u0300-300x225.jpg 300w, https:\/\/www.radiopiu.net\/wordpress\/wp-content\/uploads\/2019\/03\/Di-Maio-e-DInca\u0300-768x576.jpg 768w, https:\/\/www.radiopiu.net\/wordpress\/wp-content\/uploads\/2019\/03\/Di-Maio-e-DInca\u0300-1024x768.jpg 1024w, https:\/\/www.radiopiu.net\/wordpress\/wp-content\/uploads\/2019\/03\/Di-Maio-e-DInca\u0300.jpg 1280w\" sizes=\"auto, (max-width: 251px) 100vw, 251px\" \/><\/a>ROMA<\/strong> Il Bando Sport e Periferie porter\u00e0 circa 5,8 milioni di euro al Veneto per realizzare le strutture delle zone svantaggiate e periferiche. \u201cCon i fondi messi a disposizione per le periferie e per le aree sportive diamo una risposta chiara ed efficiente che dimostra la nostra attenzione nei confronti dei territori in maggiore difficolt\u00e0\u201d. Esprime soddisfazione Federico D&#8217;Inc\u00e0, deputato del Movimento 5 Stelle, in seguito alla pubblicazione della graduatoria degli interventi ammessi al finanziamento a valere sui fondi del Bando Sport e Periferie 2018 della Presidenza del Consiglio. Il Bando \u00e8 uno strumento ideato per finanziare la realizzazione e rigenerazione di impianti sportivi nelle aree svantaggiate e nelle periferie urbane del Paese. \u201cAl Veneto &#8211; spiega il deputato del M5S &#8211; andranno in totale circa 5,8 milioni di euro, di cui oltre 2,5 milioni per la sola provincia di Belluno\u201d. Di seguito gli importi finanziati nella provincia di Belluno: Alpago 500.000 euro; Belluno 145.600 euro; Danta di Cadore 112.500 euro; Lamon 440.139 euro; Longarone 500.000 euro; Pieve di Cadore 392.094 euro; Tambre 150.000 euro; Trichiana 153.900 euro; Trichiana 94.900 euro; Zopp\u00e8 di Cadore 47.450 euro. \u201c\u00c8 davvero una buona notizia, specie per i comuni montani che potranno realizzare interventi sulle strutture e sugli impianti esistenti, oltre a costruirne di nuovi. Non vogliamo lasciare indietro nessuno e, grazie allo sport, l&#8217;inclusione sociale del territorio si pu\u00f2 rafforzare &#8211; conclude D&#8217;Inc\u00e0\u201d.<\/p>\n<p>&nbsp;<\/p>\n<p>&nbsp;<\/p>\n<h2><\/h2>\n<h2>AUTONOMIA: BOND (FI), TAVOLO RISCHIA DI SALTARE ANCHE SU AMBIENTE<\/h2>\n<p><strong>audio dal GIORNALE RADIO PRINCIPALE<\/strong><\/p>\n<audio class=\"wp-audio-shortcode\" id=\"audio-91460-13\" preload=\"none\" style=\"width: 100%;\" controls=\"controls\"><source type=\"audio\/mpeg\" src=\"http:\/\/www.radiopiu.net\/wordpress\/wp-content\/uploads\/2019\/07\/KANGURO-1.mp3?_=13\" \/><a href=\"http:\/\/www.radiopiu.net\/wordpress\/wp-content\/uploads\/2019\/07\/KANGURO-1.mp3\">http:\/\/www.radiopiu.net\/wordpress\/wp-content\/uploads\/2019\/07\/KANGURO-1.mp3<\/a><\/audio>\n<p>&nbsp;<\/p>\n<p><strong><a class=\"dt-pswp-item\" href=\"http:\/\/www.radiopiu.net\/wordpress\/wp-content\/uploads\/2019\/02\/bond1-e1550408229859.jpg\" data-dt-img-description=\"\" data-large_image_width=\"720\" data-large_image_height=\"416\"><img loading=\"lazy\" decoding=\"async\" class=\" wp-image-75798 alignleft\" src=\"http:\/\/www.radiopiu.net\/wordpress\/wp-content\/uploads\/2019\/02\/bond1-e1550408229859-300x173.jpg\" alt=\"\" width=\"239\" height=\"138\" srcset=\"https:\/\/www.radiopiu.net\/wordpress\/wp-content\/uploads\/2019\/02\/bond1-e1550408229859-300x173.jpg 300w, https:\/\/www.radiopiu.net\/wordpress\/wp-content\/uploads\/2019\/02\/bond1-e1550408229859.jpg 720w\" sizes=\"auto, (max-width: 239px) 100vw, 239px\" \/><\/a>ROMA<\/strong> &#8220;Se questa mattina il tavolo della maggioranza sull&#8217;autonomia \u00e8 saltato sul tema dell&#8217;istruzione, la questione rischia di arenarsi anche su altre materie. Sempre questa mattina infatti, nell&#8217;ambito di un&#8217;indagine conoscitiva sul processo di attuazione del regionalismo differenziato, la commissione parlamentare per le questioni regionali ha audito il ministro dell&#8217;Ambiente, Sergio Costa ed \u00e8 emerso che c&#8217;\u00e8 effettivamente ancora molto da fare&#8221;. Cos\u00ec, in una nota, il deputato di Forza Italia Dario Bond.<br \/>\n&#8220;Il ministro &#8211; aggiunge &#8211; ha esposto gli accordi raggiunti con le regioni che hanno chiesto l&#8217;autonomia e mentre su rifiuti, bonifiche e difesa del suolo si \u00e8 trovata un&#8217;intesa, sull&#8217;ampliamento delle competenze regionali si \u00e8 ancora in alto mare e il dossier \u00e8 adesso sul tavolo del ministro Stefani. Sull&#8217;attivit\u00e0 venatoria poi, il ministro Costa ha glissato, evitando di approfondire la questione e circa i livelli essenziali di assistenza ambientale pare che l&#8217;Ispra non stia facendo nulla. Sorge il dubbio che questa melina su pi\u00f9 fronti sia dettata dall&#8217;esigenza di prendere tempo, tanto che anche l&#8217;incontro della commissione di questa mattina si \u00e8 concluso in modo interlocutorio, in attesa che il ministro Costa presenti una stesura definitiva della sua proposta&#8221;.<\/p>\n<p>&nbsp;<\/p>\n<h3><\/h3>\n<h3>INNOVAZIONE A BELLUNO \u2013 BERTON (CONFINDUSTRIA) FIRMA IL PROTOCOLLO DI INLAB<\/h3>\n<p><strong><a class=\"dt-pswp-item\" href=\"http:\/\/www.radiopiu.net\/wordpress\/wp-content\/uploads\/2019\/07\/WhatsApp-Image-2019-07-11-at-12.13.08.jpeg\" data-dt-img-description=\"\" data-large_image_width=\"1200\" data-large_image_height=\"1599\"><img loading=\"lazy\" decoding=\"async\" class=\" wp-image-91461 alignleft\" src=\"http:\/\/www.radiopiu.net\/wordpress\/wp-content\/uploads\/2019\/07\/WhatsApp-Image-2019-07-11-at-12.13.08-225x300.jpeg\" alt=\"\" width=\"179\" height=\"238\" srcset=\"https:\/\/www.radiopiu.net\/wordpress\/wp-content\/uploads\/2019\/07\/WhatsApp-Image-2019-07-11-at-12.13.08-225x300.jpeg 225w, https:\/\/www.radiopiu.net\/wordpress\/wp-content\/uploads\/2019\/07\/WhatsApp-Image-2019-07-11-at-12.13.08-768x1024.jpeg 768w, https:\/\/www.radiopiu.net\/wordpress\/wp-content\/uploads\/2019\/07\/WhatsApp-Image-2019-07-11-at-12.13.08.jpeg 1200w\" sizes=\"auto, (max-width: 179px) 100vw, 179px\" \/><\/a>BELLUNO<\/strong>\u00a0 All\u2019interno di INLAB, il polo della ricerca e innovazione avviato oggi a Belluno con capofila il Comune capoluogo, Confindustria Belluno Dolomiti porter\u00e0 la voce delle aziende. Lo ha confermato questa mattina al Tavolo convocato a Palazzo Bembo (Belluno) la stessa presidente dell\u2019Associazione Lorraine Berton che ha firmato il protocollo d\u2019intesa del progetto finanziato da Fondazione Cariverona nell\u2019ambito del bando \u201cValore e Territori\u201d e che vede schierata una serie di Istituzioni, associazioni e soggetti privati.\u00a0Quanto a INLAB, per la presidente <em>\u201cl\u2019importanza di fare rete \u00e8 indiscutibile\u201d: \u201cA chiederci di promuovere alleanze e sinergie sono gli stessi bandi europei che al momento sono tra i principali strumenti di finanziamento\u201d. <\/em>Per Berton bisogna <em>\u201cfarsi trovare pronti\u201d<\/em> in vista delle prossima programmazione comunitaria 2021-2027, che avr\u00e0 ricadute anche sulle stesse politiche regionali dell\u2019innovazione:<em> \u201cServir\u00e0 un approccio sempre pi\u00f9 professionale, per questo sar\u00e0 importante coinvolgere giovani europrogettisti che sappiano l\u2019inglese e conoscano sia il territorio che il mondo\u201d Il tema della ricerca per un territorio profondamente manifatturiero e internazionalizzato come il nostro \u00e8 un tema cruciale e riguarda da vicino la competitivit\u00e0 dell&#8217;intero sistema\u201d,<\/em> conclude Berton.<\/p>\n<p>&nbsp;<\/p>\n<blockquote><p>&nbsp;<\/p><\/blockquote>\n<h2><\/h2>\n<h2><\/h2>\n<blockquote>\n<h2><\/h2>\n<\/blockquote>\n<h2>I NUOVI DISTINTIVI DI QUALIFICA DELLA POLIZIA<\/h2>\n<div style=\"width: 384px;\" class=\"wp-video\"><video class=\"wp-video-shortcode\" id=\"video-91460-1\" width=\"384\" height=\"288\" preload=\"metadata\" controls=\"controls\"><source type=\"video\/mp4\" src=\"http:\/\/www.radiopiu.net\/wordpress\/wp-content\/uploads\/2019\/07\/Distintivi-di-qualifica-small-1.mp4?_=1\" \/><a href=\"http:\/\/www.radiopiu.net\/wordpress\/wp-content\/uploads\/2019\/07\/Distintivi-di-qualifica-small-1.mp4\">http:\/\/www.radiopiu.net\/wordpress\/wp-content\/uploads\/2019\/07\/Distintivi-di-qualifica-small-1.mp4<\/a><\/video><\/div>\n<p>&nbsp;<\/p>\n<p><strong><a class=\"dt-pswp-item\" href=\"http:\/\/www.radiopiu.net\/wordpress\/wp-content\/uploads\/2019\/07\/poster-nuovi-segni-distintivi-ps-3_page-0001.jpg\" data-dt-img-description=\"\" data-large_image_width=\"3071\" data-large_image_height=\"2363\"><img loading=\"lazy\" decoding=\"async\" class=\"size-medium wp-image-91463 alignleft\" src=\"http:\/\/www.radiopiu.net\/wordpress\/wp-content\/uploads\/2019\/07\/poster-nuovi-segni-distintivi-ps-3_page-0001-300x231.jpg\" alt=\"\" width=\"300\" height=\"231\" srcset=\"https:\/\/www.radiopiu.net\/wordpress\/wp-content\/uploads\/2019\/07\/poster-nuovi-segni-distintivi-ps-3_page-0001-300x231.jpg 300w, https:\/\/www.radiopiu.net\/wordpress\/wp-content\/uploads\/2019\/07\/poster-nuovi-segni-distintivi-ps-3_page-0001-768x591.jpg 768w, https:\/\/www.radiopiu.net\/wordpress\/wp-content\/uploads\/2019\/07\/poster-nuovi-segni-distintivi-ps-3_page-0001-1024x788.jpg 1024w\" sizes=\"auto, (max-width: 300px) 100vw, 300px\" \/><\/a>BELLUNO<\/strong> Ieri 11 luglio, giornata nella quale ricorre l\u2019anniversario dell\u2019istituzione della Polizia di Stato, prima forza di Polizia, si \u00e8 tenuta a Roma, presso il Palazzo della Consulta alla presenza delle pi\u00f9 alte cariche istituzionali la cerimonia ufficiale di presentazione dei nuovi distintivi di qualifica. Un giorno atteso con grande trepidazione. Dopo 38 anni, in modo tangibile, si riafferma nella forma e nella sostanza l\u2019identit\u00e0 della Polizia di Stato, quale amministrazione civile ad ordinamento speciale, che ha sublimato i valori ai quali profondamente crede nel motto \u201csub lege libertas\u201d. Fu la legge 121 del 1981 a ridisegnarne lo status giuridico segnandone il distacco dal mondo militare. Con tale riforma la Polizia di Stato, in estrema sintesi, si apre alle donne, prevede una maggiore specializzazione attraverso selezioni sempre pi\u00f9 rigorose e corsi di formazione prodromici a professionalit\u00e0 differenziate, cambia i nomi dei gradi che vengono ristrutturati ed arricchiti dal ruolo ispettori anello di congiunzione tra dirigenti e collaboratori. Un\u2019epocale conquista che andava suggellata attraverso un segno visibile che ricordasse a tutti, appartenenti e non, il significato profondo di una trasformazione lunga, laboriosa, e fortemente voluta. Ed \u00e8 proprio recuperando tale spirito riformista che l\u2019uniforme di oltre 98.000 poliziotti da domani cambier\u00e0 aspetto, vestendo i nuovi distintivi di qualifica, disegnati dall\u2019esperto di araldica professor Michele D\u2019Andrea. Ad accomunare passato e presente l\u2019immagine, rivisitata stilisticamente, dell\u2019aquila, emblema dell\u2019Istituzione, che quest\u2019anno compie 100 anni dalla sua prima apparizione sulle divise del Corpo della Regia Guardia di Pubblica Sicurezza risalente al 1919. Ali spiegate, zampe libere e divaricate disposte ai lati della coda folta e stilizzata come il restante piumaggio, testa rivolta a sinistra ornata dalla corona murata di cinque torri, scudo sannito con il monogramma RI in petto. L\u2019aquila continua ad esprimere il legame identitario, il coraggio e la dedizione con cui quotidianamente ciascun poliziotto difende diritti e libert\u00e0. Compaiono invece per la prima volta, a caratterizzare le diverse qualifiche: il plinto araldico, costituito da una barretta orizzontale di colore rosso che rappresenta la struttura portante di un edificio, per gli agenti ed assistenti; il rombo dorato, con il suo profilo fusiforme che ricorda la punta di una lancia simbolo del dinamismo operativo temperato dall\u2019esperienza, per i sovrintendenti; la formella, alto esempio di architettura gotico-rinascimentale, richiamo alla bellezza e all\u2019eleganza proprie del patrimonio di civilt\u00e0 e cultura del nostro Paese, per i funzionari. I distintivi uguali per tutti i ruoli differenziano le funzioni tecnico-scientifiche, tecniche e le attivit\u00e0 professionali attraverso il diverso colore delle mostreggiature.<\/p>\n<p>&nbsp;<\/p>\n<p>&nbsp;<\/p>\n<p>&nbsp;<\/p>\n<p><span style=\"color: #ff0000;\">LA LETTERA<\/span><\/p>\n<p><strong>di Corrado Campedel, Tiser di Gosaldo<\/strong><\/p>\n<blockquote><p>\u201cLa cosa pi\u00f9 preziosa della mia terra \u00e8 la terra\u201d scrive Lilli Gruber in un suo recente libro. In questi giorni \u00e8 stata esposta in giro una locandina per la mostra che si terr\u00e0 dal 14 luglio al 28 luglio anche ad Agordo nelle immagini sacre nelle Dolomiti Tirolesi e Italiane, antica raccolta ampezzana di Sisto Manaigo. Se il titolo \u00e8 ripreso dall\u2019antica raccolta passi, ma\u00a0 se la locandina fosse stata proposta anzich\u00e9 dal Comune di Agordo e Circolo Culturale omonimo dal comune di Bolzano avremmo assistito ad una energica levata di scudi in difesa delle Dolomiti. Dolomiti che sono praticamente tutte italiane anche quelle che insistono sul territorio di Bolzano e di Trento e allora perch\u00e9 mescolare il Tirolo che \u00e8 una regione austriaca con le Dolomiti e con l\u2019 Italia che non \u00e8 regione ma Stato? Perch\u00e9 parlare di una antica raccolta ampezzana? Ampezzo o anpezo non \u00e8 comunque Tirolo ne sud Tirolo. Uno scivolone ? Se per l\u2019Atesina Lilli Gruber la cosa pi\u00f9 preziosa della sua terra \u00e8 la terra per noi cos\u2019\u00e8 la cosa pi\u00f9 preziosa della nostra terra?<\/p><\/blockquote>\n<p>&nbsp;<\/p>\n<h3><\/h3>\n<p>&nbsp;<\/p>\n<h3>SCUOLABUS GRATUITI PER LE FAMIGLIE. LO SCUOLABUS NON MANDA IN BANCAROTTA IL COMUNE!&#8221;<\/h3>\n<blockquote>\n<div><a class=\"dt-pswp-item\" href=\"http:\/\/www.radiopiu.net\/wordpress\/wp-content\/uploads\/2018\/12\/argentera_ferrere-3.jpg\" data-dt-img-description=\"\" data-large_image_width=\"865\" data-large_image_height=\"330\"><img loading=\"lazy\" decoding=\"async\" class=\"alignnone wp-image-71005 size-full\" src=\"http:\/\/www.radiopiu.net\/wordpress\/wp-content\/uploads\/2018\/12\/argentera_ferrere-3.jpg\" alt=\"\" width=\"865\" height=\"330\" srcset=\"https:\/\/www.radiopiu.net\/wordpress\/wp-content\/uploads\/2018\/12\/argentera_ferrere-3.jpg 865w, https:\/\/www.radiopiu.net\/wordpress\/wp-content\/uploads\/2018\/12\/argentera_ferrere-3-300x114.jpg 300w, https:\/\/www.radiopiu.net\/wordpress\/wp-content\/uploads\/2018\/12\/argentera_ferrere-3-768x293.jpg 768w\" sizes=\"auto, (max-width: 865px) 100vw, 865px\" \/><\/a><br \/>\n<em>Cos\u00ec Marco Bussone, Presidente nazionale Uncem, ancora in merito alla delibera , nella quale la Corte dei Conti, Sezione di controllo del Piemonte, ha escluso qualsiasi discrezionalit\u00e0 per l&#8217;azione amministrativa dell&#8217;ente che intenda agevolare la frequenza all&#8217;attivit\u00e0 didattica da parte dell&#8217;utenza scolastica.<\/em><\/div>\n<\/blockquote>\n<div>&#8220;Dopo la mobilitazione lanciata da Uncem in merito alla <strong>necessit\u00e0 di cambiare la norma che vieta ai Comuni di integrare con risorse del bilancio le tariffe pagate per lo scuolabus dalle famiglie<\/strong>, sono stati numerosi i Parlamentari che ci hanno contattati, annunciando la proposta di articolati per cambiare l&#8217;articolo 5 della legge 63 del 2017. E cos\u00ec permettere che lo scuolabus per gli studenti sia gratuito o pagato in parte dai Comuni stessi. Cosa oggi vietata, come pi\u00f9 volte ribadito anche dalla Corte dei Conti. Sia la norma sia le sentenze stanno complicando la vita di Sindaci, Amministratori, ragionieri. Che alle prese con i bilanci, non potrebbero lasciare l&#8217;integrazione alle tariffe o in qualche caso l&#8217;intera spesa per lo scuolabus. Gi\u00e0, perch\u00e9 <strong>se quello scuolabus non ci fosse, non fosse pagato dal Comune, lo spopolamento sarebbe ancora pi\u00f9 forte<\/strong>. Le famiglie se ne andrebbero ancor prima. Senza scuole in moltissimi Comuni, primarie e soprattutto secondarie, senza trasporti pagati dal Comune quale incentivo per chi resta, le coppie con bambini e ragazzi se ne vanno altrove, gi\u00f9 in basso, dove i servizi sono pi\u00f9 comodi. Ecco perch\u00e9 Uncem ha apprezzato l&#8217;impegno di molti Parlamentari. Tra questi il Senatore biellese Gilberto Pichetto Fratin che ha fatto una proposta di legge molto semplice, modificando la normativa vigente e dicendo dunque che i Comuni\u00a0possono erogare il servizio di trasporto scolastico\u00a0senza alcun pagamento della quota di partecipazione diretta da parte degli\u00a0utenti. Anche cos\u00ec, permettendo ai Comuni di offrire lo scuolabus o renderlo meno oneroso per le famiglie, si combatte lo spopolamento. E comunque <strong>lo Stato deve consentire ai Comuni di utilizzare con la loro autonomia le risorse pubbliche come meglio credono<\/strong>, a vantaggio della collettivit\u00e0. Uno Stato sussidiario si impegna a garantire questo principio. Anche perch\u00e9 non ci risulta che alcuna Amministrazione di Comune montano, nel pagare scuolabus totalmente o in parte alle famiglie, abbia mandato in bancarotta il Comune stesso&#8230;&#8221;<\/div>\n<div><\/div>\n<blockquote>\n<div><\/div>\n<\/blockquote>\n<div><\/div>\n<div><\/div>\n<div><\/div>\n<div><\/div>\n<div>\n<h2><\/h2>\n<blockquote>\n<h2><\/h2>\n<\/blockquote>\n<h2>VERTICE SU AUTONOMIA. ZAIA, \u201cUNA FARSA. SCANDALOSA PRESA IN GIRO DEI CITTADINI.<\/h2>\n<p><strong>VENEZIA<\/strong>\u00a0 \u201cSiamo davanti a una farsa, un\u2019autentica farsa. Sono stanco di vedere come alcuni vogliono portare l\u2019autonomia verso l\u2019agonia. Sappiano per\u00f2 che, finch\u00e8 ci sar\u00f2 io, l\u2019autonomia non sar\u00e0 morta n\u00e9, tanto meno, le istanze dei veneti\u201d. Cos\u00ec il Presidente della Regione del Veneto, Luca Zaia, commenta l\u2019esito negativo del vertice sull\u2019autonomia tenutosi a Roma. E\u2019 scandaloso \u2013 incalza il Governatore \u2013 che si continui a prendere in giro i cittadini, non solo i veneti ma anche quelli delle dodici Regioni che hanno avviato passi in direzione dell\u2019autonomia, e che si voglia rieditare il conflitto tra nord e sud. Si vuol trasformare l\u2019autonomia in un cadavere eccellente \u2013 prosegue Zaia \u2013 ma si sappia che la forza dei 2 milioni 328 mila veneti che hanno votato il nostro referendum per l\u2019autonomia e di quelli di tutte le altre Regioni che la vogliono, \u00e8 un fiume in piena inesorabile\u201d. \u201cE\u2019 scandaloso \u2013 prosegue Zaia \u2013 che ci siano persone a livello governativo incapaci persino di mantenere la parola data\u201d. Poi una richiesta ufficiale: \u201cA prescindere da tutto \u2013 dice Zaia \u2013 chiedo formalmente ai grillini di presentare subito agli italiani la loro proposta di autonomia. Visto che si sprecano quotidianamente nel commentare la nostra, diamo per scontato che di autonomia sanno tutto, e quindi presentino immediatamente, non tra mesi come altre cose che stiamo aspettando, la loro proposta, con un articolato e con la bozza d\u2019intesa che intendono portare al Paese\u201d. \u201cContinuando a prendere in giro i cittadini, i 5 stelle condannano il Sud al Medioevo e il Nord all\u2019agonia &#8211; conclude Zaia &#8211; credo che siamo ormai l\u2019unico Paese al mondo in cui c\u2019\u00e8 ancora chi vede l\u2019autonomia come un problema e non come una opportunit\u00e0 \u201c.<\/p>\n<\/div>\n<p>&nbsp;<\/p>\n<p>&nbsp;<\/p>\n<p>&nbsp;<\/p>\n<p>&nbsp;<\/p>\n<p class=\"western\"><b>SANITA\u2019. GIUNTA VENETA APPROVA PIANO REGIONALE PER IL GOVERNO DELLE LISTE D\u2019ATTESA.\u00a0<\/b><\/p>\n<p class=\"western\"><strong>VENEZIA<\/strong>\u00a0 La Giunta regionale del Veneto, su proposta dell\u2019Assessore alla Sanit\u00e0 Manuela Lanzarin, ha approvato il suo Piano Regionale di Governo delle Liste d\u2019Attesa (PRGLA) elaborato, come previsto dalla normativa, a seguito del Piano Nazionale di Governo delle Liste d\u2019Attesa 2019-2021(PNGLA). Il documento \u00e8 stato inviato al Consiglio regionale per l\u2019espressione del previsto parere. Il Piano del Veneto \u00e8 composto da 25 diverse azioni, che vanno dalla definizione dei tempi massimi di attesa di tutte le prestazioni ambulatoriali e in regime di ricovero, all\u2019apertura degli ospedali nelle ore serali e nel fine settimana; dalle modalit\u00e0 di utilizzo delle grandi apparecchiature diagnostiche all\u2019elenco delle prestazioni soggette a monitoraggio; dall\u2019attivit\u00e0 sistematica di valutazione sull\u2019appropriatezza e congruit\u00e0 delle prescrizioni, all\u2019attivazione di servizi telematici per la disdetta di prestazioni gi\u00e0 prenotate per creare spazio a chi \u00e8 in attesa; dal governo del fenomeno della \u201cprestazione non eseguita\u201d per mancata presentazione dell\u2019utente, alla presa in carico del paziente cronico; dall\u2019acquisto di prestazioni aggiuntive in regime libero professionale, alla trasparenza e comunicazione sulle liste d\u2019attesa; dallo sviluppo del sistema Cup on Line, all\u2019accesso alla prenotazione anche attraverso le farmacie (il sistema \u201cFarmacup\u201d).<\/p>\n<p>&nbsp;<\/p>\n<p>&nbsp;<\/p>\n<p>&nbsp;<\/p>\n<h1>Il polo Innova Lab &#8211; InLab &#8211; nasce a Belluno<\/h1>\n<p><strong><a class=\"dt-pswp-item\" href=\"http:\/\/www.radiopiu.net\/wordpress\/wp-content\/uploads\/2019\/07\/Schermata-2019-07-11-alle-16.25.03.png\" data-dt-img-description=\"\" data-large_image_width=\"1346\" data-large_image_height=\"736\"><img loading=\"lazy\" decoding=\"async\" class=\" wp-image-91483 alignleft\" src=\"http:\/\/www.radiopiu.net\/wordpress\/wp-content\/uploads\/2019\/07\/Schermata-2019-07-11-alle-16.25.03-300x164.png\" alt=\"\" width=\"221\" height=\"121\" srcset=\"https:\/\/www.radiopiu.net\/wordpress\/wp-content\/uploads\/2019\/07\/Schermata-2019-07-11-alle-16.25.03-300x164.png 300w, https:\/\/www.radiopiu.net\/wordpress\/wp-content\/uploads\/2019\/07\/Schermata-2019-07-11-alle-16.25.03-768x420.png 768w, https:\/\/www.radiopiu.net\/wordpress\/wp-content\/uploads\/2019\/07\/Schermata-2019-07-11-alle-16.25.03-1024x560.png 1024w, https:\/\/www.radiopiu.net\/wordpress\/wp-content\/uploads\/2019\/07\/Schermata-2019-07-11-alle-16.25.03.png 1346w\" sizes=\"auto, (max-width: 221px) 100vw, 221px\" \/><\/a>BELLUNO<\/strong> Si e&#8217; svolta la conferenza stampa di presentazione del progetto In LAB, Il polo Innova Lab &#8211; InLab &#8211; nasce a Belluno come acceleratore di idee, aggregatore di competenze e strumento innovativo al servizio di un nuovo modello di governance, che investe nel proprio territorio partendo dai suoi punti di debolezza per trasformarli in risorsa. Questa accelerazione \u00e8 finalizzata a creare le partnership locali, nazionali ed estere funzionali a valorizzare le peculiarit\u00e0 territoriali, traducendole in progetti volti ad ottenere le risposte economiche necessarie alla loro realizzazione e sviluppo.<\/p>\n<p><strong>IL SINDACO DI BELLUNO JACOPO MASSARO<\/strong><\/p>\n<audio class=\"wp-audio-shortcode\" id=\"audio-91460-14\" preload=\"none\" style=\"width: 100%;\" controls=\"controls\"><source type=\"audio\/mpeg\" src=\"http:\/\/www.radiopiu.net\/wordpress\/wp-content\/uploads\/2019\/07\/MASSARO-3.mp3?_=14\" \/><a href=\"http:\/\/www.radiopiu.net\/wordpress\/wp-content\/uploads\/2019\/07\/MASSARO-3.mp3\">http:\/\/www.radiopiu.net\/wordpress\/wp-content\/uploads\/2019\/07\/MASSARO-3.mp3<\/a><\/audio>\n<p><strong>MAURIZIO BUSACCA CA&#8217; FOSCARI<\/strong><\/p>\n<audio class=\"wp-audio-shortcode\" id=\"audio-91460-15\" preload=\"none\" style=\"width: 100%;\" controls=\"controls\"><source type=\"audio\/mpeg\" src=\"http:\/\/www.radiopiu.net\/wordpress\/wp-content\/uploads\/2019\/07\/BUSACCA.mp3?_=15\" \/><a href=\"http:\/\/www.radiopiu.net\/wordpress\/wp-content\/uploads\/2019\/07\/BUSACCA.mp3\">http:\/\/www.radiopiu.net\/wordpress\/wp-content\/uploads\/2019\/07\/BUSACCA.mp3<\/a><\/audio>\n<p><strong>OSCAR ZANUTTO ISRAA FABER<\/strong><\/p>\n<audio class=\"wp-audio-shortcode\" id=\"audio-91460-16\" preload=\"none\" style=\"width: 100%;\" controls=\"controls\"><source type=\"audio\/mpeg\" src=\"http:\/\/www.radiopiu.net\/wordpress\/wp-content\/uploads\/2019\/07\/ZANUTTO.mp3?_=16\" \/><a href=\"http:\/\/www.radiopiu.net\/wordpress\/wp-content\/uploads\/2019\/07\/ZANUTTO.mp3\">http:\/\/www.radiopiu.net\/wordpress\/wp-content\/uploads\/2019\/07\/ZANUTTO.mp3<\/a><\/audio>\n<div class=\"su-document su-u-responsive-media-yes\"><iframe loading=\"lazy\" src=\"\/\/docs.google.com\/viewer?embedded=true&url=http:\/\/www.radiopiu.net\/wordpress\/wp-content\/uploads\/2019\/07\/impaginazioneA4.pdf\" width=\"600\" height=\"400\" class=\"su-document\" title=\"\"><\/iframe><\/div>\n<p>&nbsp;<\/p>\n<p>&nbsp;<\/p>\n<p>&nbsp;<\/p>\n<h2>DOLOMITI IN MINIATURA IN CORSO A SAN TOMASO, TERZO ANNO<\/h2>\n<p><em><a class=\"dt-pswp-item\" href=\"http:\/\/www.radiopiu.net\/wordpress\/wp-content\/uploads\/2019\/07\/c7a7a181-4e51-4775-b208-3ec97ef2a8f3.jpg\" data-dt-img-description=\"\" data-large_image_width=\"1131\" data-large_image_height=\"1600\"><img loading=\"lazy\" decoding=\"async\" class=\"size-medium wp-image-91377 alignleft\" src=\"http:\/\/www.radiopiu.net\/wordpress\/wp-content\/uploads\/2019\/07\/c7a7a181-4e51-4775-b208-3ec97ef2a8f3-212x300.jpg\" alt=\"\" width=\"212\" height=\"300\" srcset=\"https:\/\/www.radiopiu.net\/wordpress\/wp-content\/uploads\/2019\/07\/c7a7a181-4e51-4775-b208-3ec97ef2a8f3-212x300.jpg 212w, https:\/\/www.radiopiu.net\/wordpress\/wp-content\/uploads\/2019\/07\/c7a7a181-4e51-4775-b208-3ec97ef2a8f3-768x1086.jpg 768w, https:\/\/www.radiopiu.net\/wordpress\/wp-content\/uploads\/2019\/07\/c7a7a181-4e51-4775-b208-3ec97ef2a8f3-724x1024.jpg 724w, https:\/\/www.radiopiu.net\/wordpress\/wp-content\/uploads\/2019\/07\/c7a7a181-4e51-4775-b208-3ec97ef2a8f3.jpg 1131w\" sizes=\"auto, (max-width: 212px) 100vw, 212px\" \/><\/a><\/em><\/p>\n<p>&nbsp;<\/p>\n<p>&nbsp;<\/p>\n<p>&nbsp;<\/p>\n<p><em>Dolomiti in miniatura\u2019, dal 7 al 14 luglio altri quattro artisti internazionali ed un bellunese saliranno a San Tomaso Agordino per scolpire ulteriori gruppi dolomitici.\u00a0 \u00a0Sabato 13 luglio, la Pro Loco ha previsto di organizzare un picnic al tramonto di fronte ad una delle opere.<\/em><\/p>\n<p>&nbsp;<\/p>\n<p>&nbsp;<\/p>\n<p>&nbsp;<\/p>\n<p><strong>IL SINDACO DI SAN TOMASO MORENO DE VAL<\/strong><\/p>\n<audio class=\"wp-audio-shortcode\" id=\"audio-91460-17\" preload=\"none\" style=\"width: 100%;\" controls=\"controls\"><source type=\"audio\/mpeg\" src=\"http:\/\/www.radiopiu.net\/wordpress\/wp-content\/uploads\/2019\/07\/MORENO.mp3?_=17\" \/><a href=\"http:\/\/www.radiopiu.net\/wordpress\/wp-content\/uploads\/2019\/07\/MORENO.mp3\">http:\/\/www.radiopiu.net\/wordpress\/wp-content\/uploads\/2019\/07\/MORENO.mp3<\/a><\/audio>\n<div style=\"width: 640px;\" class=\"wp-video\"><video class=\"wp-video-shortcode\" id=\"video-91460-2\" width=\"640\" height=\"352\" preload=\"metadata\" controls=\"controls\"><source type=\"video\/mp4\" src=\"http:\/\/www.radiopiu.net\/wordpress\/wp-content\/uploads\/2019\/07\/WhatsApp-Video-2019-07-11-at-17.22.11.mp4?_=2\" \/><a href=\"http:\/\/www.radiopiu.net\/wordpress\/wp-content\/uploads\/2019\/07\/WhatsApp-Video-2019-07-11-at-17.22.11.mp4\">http:\/\/www.radiopiu.net\/wordpress\/wp-content\/uploads\/2019\/07\/WhatsApp-Video-2019-07-11-at-17.22.11.mp4<\/a><\/video><\/div>\n<p>&nbsp;<\/p>\n<p>&nbsp;<\/p>\n<p>&nbsp;<\/p>\n<p>&nbsp;<\/p>\n<p>&nbsp;<\/p>\n<h3>TERRE DI USO CIVICO E CONVENZIONE PER IL PALADOLOMITI<\/h3>\n<p><strong>FALCADE<\/strong> Il sindaco di Falcade Michele Costa ha convocato il consiglio comunale per lunedi alle 21 in Municipio. In discussione una variazione urgente al bilancio di previsione, sul riordino delle terre di uso civico: esame dell&#8217;osservazione-opposizione-controdeduzione, approvazione delle correzioni dei dati catastali; convenzione con la Provincia per l&#8217;utilizzo del Polifunzionale Dolomiti da parte dell&#8217;Istituto Follador De Rossi.<\/p>\n<p>&nbsp;<\/p>\n<p>&nbsp;<\/p>\n<p>&nbsp;<\/p>\n<h3>CHIAMATA PER I CONSIGLIERI COMUNALI DI ROCCA PIETORE<\/h3>\n<p><strong>ROCCA PIETORE<\/strong> Seduta fiume in Municipio giovedi 18 luglio alle 19 per il consiglio comunale, dieci punti all&#8217;ordine del giorno comunicazioni del sindaco Andrea De Bernardin comprese: variazioni al bilancio, prelevamento dal fondo di riserva, verifica dei programmi, nomina e desingnazioni presso enti, approvazione della convenzione per la gestione associata dei servizi sociali e riordino delle Provincie con un ordine del giorno.<\/p>\n<p>&nbsp;<\/p>\n<p>&nbsp;<\/p>\n<p>&nbsp;<\/p>\n<p>&nbsp;<\/p>\n<h2>L&#8217;OPERA DI DINO BUZZATI NEI DISEGNI DEI GIOVANI<\/h2>\n<blockquote><p><em>Ecco il nuovo corto del Laboratorio Inquadrati<\/em><\/p><\/blockquote>\n<p><strong><a class=\"dt-pswp-item\" href=\"http:\/\/www.radiopiu.net\/wordpress\/wp-content\/uploads\/2019\/07\/Miracoli-al-Catullo-2.jpg\" data-dt-img-description=\"\" data-large_image_width=\"1600\" data-large_image_height=\"900\"><img loading=\"lazy\" decoding=\"async\" class=\" wp-image-91464 alignleft\" src=\"http:\/\/www.radiopiu.net\/wordpress\/wp-content\/uploads\/2019\/07\/Miracoli-al-Catullo-2-300x169.jpg\" alt=\"\" width=\"236\" height=\"133\" srcset=\"https:\/\/www.radiopiu.net\/wordpress\/wp-content\/uploads\/2019\/07\/Miracoli-al-Catullo-2-300x169.jpg 300w, https:\/\/www.radiopiu.net\/wordpress\/wp-content\/uploads\/2019\/07\/Miracoli-al-Catullo-2-768x432.jpg 768w, https:\/\/www.radiopiu.net\/wordpress\/wp-content\/uploads\/2019\/07\/Miracoli-al-Catullo-2-1024x576.jpg 1024w, https:\/\/www.radiopiu.net\/wordpress\/wp-content\/uploads\/2019\/07\/Miracoli-al-Catullo-2.jpg 1600w\" sizes=\"auto, (max-width: 236px) 100vw, 236px\" \/><\/a>BELLUNO\u00a0<\/strong> Chi non conosce \u201cI miracoli di Val Morel\u201d di Dino Buzzati? A questa meravigliosa opera \u00e8 ispirato il nuovo corto \u201cMiracoli al Catullo\u201d, frutto del laboratorio di storytelling promosso da Comitato d&#8217;Intesa, Laboratorio Inquadrati del Csv Belluno e Istituto d&#8217;istruzione superiore \u201cTommaso Catullo\u201d con il contributo di Fondazione Cariverona; il laboratorio si \u00e8 svolto nell&#8217;ambito del progetto \u201cAsl in Tandem\u201d per l&#8217;alternanza scuola-lavoro che ha coinvolto i giovani studenti. Illustrazioni e animazioni, infatti, sono state realizzate dalle classi 3\u00b0 dell&#8217;indirizzo Arti figurative del Liceo Artistico \u201cCatullo\u201d. Responsabili del progetto per la scuola sono Anita Tisat con i docenti Sabrina Frison e Andrea Visentini. Il corto vede la regia di Roberto Bristot e il montaggio di Lorenzo Giannone ed Emanuele Bunetto; un ringraziamento particolare degli autori va a Valentina Morassutti e Tomasso Cavalli-Sforza, che ne hanno consentito la realizzazione. Il video \u00e8 raggiungibile a partire dalla home page del sito www.csvbelluno.it. Il video sar\u00e0, infatti, mostrato all&#8217;intero della rassegna \u201cValmorel sotto le stelle\u201d a cura di Comitati frazionali Valmorel, Navenze, Cros e Laste, Pro Loco Limana, Aics e Comune di Limana. La serata si svolger\u00e0\u00a0sabato 13 luglio alle 20,45 presso il Cortile Ottaviani.<\/p>\n<p>&nbsp;<\/p>\n<p>&nbsp;<\/p>\n<h2>TRA LE NOTE DI SILVIA CARLIN<\/h2>\n<p><strong><a class=\"dt-pswp-item\" href=\"http:\/\/www.radiopiu.net\/wordpress\/wp-content\/uploads\/2019\/07\/image.png\" data-dt-img-description=\"\" data-large_image_width=\"653\" data-large_image_height=\"800\"><img loading=\"lazy\" decoding=\"async\" class=\" wp-image-91468 alignleft\" src=\"http:\/\/www.radiopiu.net\/wordpress\/wp-content\/uploads\/2019\/07\/image-245x300.png\" alt=\"\" width=\"148\" height=\"180\" srcset=\"https:\/\/www.radiopiu.net\/wordpress\/wp-content\/uploads\/2019\/07\/image-245x300.png 245w, https:\/\/www.radiopiu.net\/wordpress\/wp-content\/uploads\/2019\/07\/image.png 653w\" sizes=\"auto, (max-width: 148px) 100vw, 148px\" \/><\/a>SOSPIROLO<\/strong> Alle 20.30 concerto \u00a0sospirolese nell&#8217;ambito di\u00a0 \u201cMusica nei cortivi\u201d a Moldoi in villa Zasso con ingresso libero. SILVIA CARLIN,\u00a0 La pianista feltrina, classe 1995, studia il pianoforte sino dai sei anni quando inizi\u00f2 con la maestra Nicoletta De Cian presso la Scuola Comunale di Musica &#8220;Miari&#8221; di Belluno; a sedici anni si diploma con il massimo dei voti, lode e menzione speciale presso il Conservatorio \u201cPedrollo\u201d di Vicenza. Attualmente prosegue i suoi studi pianistici nella classe del maestro Alexandr Madzar presso il Koninklijk Conservatorium di Bruxelles. Fin da giovanissima si \u00e8 esibita in numerosi concerti nella sua citt\u00e0 e in diverse altre localit\u00e0 sia italiane che internazionali. Per l\u2019anno accademico 2015\/2016 le \u00e8 stata assegnata la Swiss Government Exellence Scholarship offerta dal governo svizzero.<\/p>\n<p>&nbsp;<\/p>\n<p>&nbsp;<\/p>\n<blockquote><p>&nbsp;<\/p><\/blockquote>\n<p>&nbsp;<\/p>\n<p>&nbsp;<\/p>\n<p>&nbsp;<\/p>\n<blockquote><p>&nbsp;<\/p><\/blockquote>\n<h2>C&#8217;E&#8217; LA MUSICA NEL DNA DELLE MONTAGNE<\/h2>\n<p><em>Emozioni ad alta quota: scopri gli eventi musicali dell\u2019estate 2019 nell\u2019area Falcade e Passo San Pellegrino.<\/em><\/p>\n<p><a class=\"dt-pswp-item\" href=\"http:\/\/www.radiopiu.net\/wordpress\/wp-content\/uploads\/2019\/07\/h.jpg\" data-dt-img-description=\"\" data-large_image_width=\"750\" data-large_image_height=\"150\"><img loading=\"lazy\" decoding=\"async\" class=\" wp-image-91446 alignleft\" src=\"http:\/\/www.radiopiu.net\/wordpress\/wp-content\/uploads\/2019\/07\/h-300x60.jpg\" alt=\"\" width=\"265\" height=\"53\" srcset=\"https:\/\/www.radiopiu.net\/wordpress\/wp-content\/uploads\/2019\/07\/h-300x60.jpg 300w, https:\/\/www.radiopiu.net\/wordpress\/wp-content\/uploads\/2019\/07\/h.jpg 750w\" sizes=\"auto, (max-width: 265px) 100vw, 265px\" \/><\/a>Cosa c\u2019\u00e8 di meglio delle note musicali per accompagnare la maestosit\u00e0 delle vette dolomitiche e lo spettacolo della natura che le circonda. Nell\u2019area <strong><a href=\"http:\/\/www.skiareasanpellegrino.it\/\">Falcade e Passo San Pellegrino<\/a><\/strong> sono numerosi gli <strong>eventi musicali <\/strong>che caratterizzano il calendario eventi dell\u2019<strong>estate 2019<\/strong>.<\/p>\n<p><em>\u201cAccanto ai servizi, impianti di risalita e molto altro, e alle attivit\u00e0 outdoor di ogni tipo che offriamo, ormai da molti anni cerchiamo di presentare ai nostri ospiti anche un calendario eventi ampio e vario. Tra gli eventi la musica ha un ruolo di prim\u2019ordine. Abbiamo visto e appurato che gli eventi musicali si sposano perfettamente con l\u2019ambiente montano e sono molto apprezzati dal target dei nostri visitatori. Tra questi abbiamo eventi, sempre molto richiesti, diventati ormai una vera e propria tradizione come \u201cL\u2019alba sul Col Margherita\u201d accompagnata dai \u201cSuoni delle Dolomiti\u201d e altri che sono delle novit\u00e0 tutte da ascolare e seguire che portano in un contesto insolito, ma di grande fascino, come la montagna professionisti della musica di fama nazionale ed internazionale\u201d<\/em> s<strong>piega Renzo Minella direttore marketing della ski area.<\/strong><\/p>\n<blockquote><p><em><strong>Di seguito gli eventi musicali proposti dal calendario estivo 2019 nell\u2019area Falcade e Passo San Pellegrino:<\/strong><\/em><\/p><\/blockquote>\n<p><strong><em><a class=\"dt-pswp-item\" href=\"http:\/\/www.radiopiu.net\/wordpress\/wp-content\/uploads\/2019\/07\/panorama-music-03.png\" data-dt-img-description=\"\" data-large_image_width=\"750\" data-large_image_height=\"421\"><img loading=\"lazy\" decoding=\"async\" class=\" wp-image-91447 alignleft\" src=\"http:\/\/www.radiopiu.net\/wordpress\/wp-content\/uploads\/2019\/07\/panorama-music-03-300x168.png\" alt=\"\" width=\"138\" height=\"78\" srcset=\"https:\/\/www.radiopiu.net\/wordpress\/wp-content\/uploads\/2019\/07\/panorama-music-03-300x168.png 300w, https:\/\/www.radiopiu.net\/wordpress\/wp-content\/uploads\/2019\/07\/panorama-music-03.png 750w\" sizes=\"auto, (max-width: 138px) 100vw, 138px\" \/><\/a>20 luglio ore 6.00, Col Margherita L\u2019ALBA DELLE DOLOMITI E INTANTO SI SUONA <\/em><\/strong>Da un\u2019idea di Mario Brunello e Alessandro Baricco. Il format \u00e8 quello di un concerto emozionante al sorgere del sole. Una manifestazione unica nel suo genere, semplice ma affascinante, che riscontra grande successo. Un modo del tutto particolare di apprezzare la singolare bellezza, i colori, i suoni e anche i silenzi delle montagne all\u2019inizio del giorno.<\/p>\n<p><strong><em><a class=\"dt-pswp-item\" href=\"http:\/\/www.radiopiu.net\/wordpress\/wp-content\/uploads\/2019\/07\/panorama-music-01.png\" data-dt-img-description=\"\" data-large_image_width=\"750\" data-large_image_height=\"421\"><img loading=\"lazy\" decoding=\"async\" class=\"wp-image-91443 alignleft\" src=\"http:\/\/www.radiopiu.net\/wordpress\/wp-content\/uploads\/2019\/07\/panorama-music-01-300x168.png\" alt=\"\" width=\"138\" height=\"77\" srcset=\"https:\/\/www.radiopiu.net\/wordpress\/wp-content\/uploads\/2019\/07\/panorama-music-01-300x168.png 300w, https:\/\/www.radiopiu.net\/wordpress\/wp-content\/uploads\/2019\/07\/panorama-music-01.png 750w\" sizes=\"auto, (max-width: 138px) 100vw, 138px\" \/><\/a>28 luglio ore 12.00, Baita Paradiso &#8211; Passo San Pellegrino ELSA MARTIN TRIO, concerto <\/em><\/strong>Emozioni e divertimento con il concerto di Elsa Martin\/voce, Alessandro Turchet\/contrabbasso, Andrea Ruggeri\/batteria. Questo evento di panorama music fa parte della rassegna \u201cLingue minoritarie, giovani e musica jazz\u201d promossa dall\u2019Associazione di Cultura e Musica \u201cLa Grenz\u201d di Moena, con il contributo della Regione Trentino &#8211; Alto Adige, della Provincia Autonoma di Trento e del Comun General de Fascia.<\/p>\n<p><strong><em><a class=\"dt-pswp-item\" href=\"http:\/\/www.radiopiu.net\/wordpress\/wp-content\/uploads\/2019\/07\/la-mia-terra.png\" data-dt-img-description=\"\" data-large_image_width=\"750\" data-large_image_height=\"422\"><img loading=\"lazy\" decoding=\"async\" class=\"wp-image-91444 alignleft\" src=\"http:\/\/www.radiopiu.net\/wordpress\/wp-content\/uploads\/2019\/07\/la-mia-terra-300x169.png\" alt=\"\" width=\"138\" height=\"78\" srcset=\"https:\/\/www.radiopiu.net\/wordpress\/wp-content\/uploads\/2019\/07\/la-mia-terra-300x169.png 300w, https:\/\/www.radiopiu.net\/wordpress\/wp-content\/uploads\/2019\/07\/la-mia-terra.png 750w\" sizes=\"auto, (max-width: 138px) 100vw, 138px\" \/><\/a>10 agosto ore 11.30, Le Buse LA MIA TERRA, concerto <\/em><\/strong>Un emozionante viaggio melodico nell\u2019inedito scenario del \u201cBosco degli Artisti\u201d di Falcade.\u00a0 Un\u2019iniziativa musicale di grande fascino e alto livello direttamente nel cuore delle Dolomiti Unesco. Sul palcoscenico i 54 elementi dell\u2019Orchestra Ritmico Sinfonica Italiana diretti da Diego Basso e i giovani coristi del Children, Teen and Young Choirs dell\u2019Art Voice Academy.<\/p>\n<p><strong><em><a class=\"dt-pswp-item\" href=\"http:\/\/www.radiopiu.net\/wordpress\/wp-content\/uploads\/2019\/07\/panorama-music-02.png\" data-dt-img-description=\"\" data-large_image_width=\"750\" data-large_image_height=\"421\"><img loading=\"lazy\" decoding=\"async\" class=\"wp-image-91445 alignleft\" src=\"http:\/\/www.radiopiu.net\/wordpress\/wp-content\/uploads\/2019\/07\/panorama-music-02-300x168.png\" alt=\"\" width=\"138\" height=\"77\" srcset=\"https:\/\/www.radiopiu.net\/wordpress\/wp-content\/uploads\/2019\/07\/panorama-music-02-300x168.png 300w, https:\/\/www.radiopiu.net\/wordpress\/wp-content\/uploads\/2019\/07\/panorama-music-02.png 750w\" sizes=\"auto, (max-width: 138px) 100vw, 138px\" \/><\/a>22 agosto ore 12.00, Col Margherita SAXOFOLLIA, concerto <\/em><\/strong>Un \u201csaxophone quartet\u201d in concerto ad alta quota che offre panorama music classica e jazz. Questa \u00e8 una delle realt\u00e0 cameristiche pi\u00f9 attive e riconosciute in Italia. Primo premio a 8 concorsi nazionali ed internazionali; dal 1993 svolge una intensa attivit\u00e0 concertistica partecipando ad importanti manifestazioni. I componenti di Saxofollia collaborano da anni con prestigiose orchestre sinfoniche come La Fenice di Venezia, C. Felice di Genova, Filarmonica della Scala di Milano, Arena di Verona, Teatro dell\u2019Opera di Roma, Teatro Comunale di Bologna.<\/p>\n<p>&nbsp;<\/p>\n<p>&nbsp;<\/p>\n<p>&nbsp;<\/p>\n<h3>IL DECIMO COMPLEANNO DEL &#8220;SOLE&#8221; DI MEL<\/h3>\n<p align=\"JUSTIFY\"><span style=\"font-size: medium;\"><strong><a class=\"dt-pswp-item\" href=\"http:\/\/www.radiopiu.net\/wordpress\/wp-content\/uploads\/2019\/07\/10\u00b0.jpg\" data-dt-img-description=\"\" data-large_image_width=\"671\" data-large_image_height=\"734\"><img loading=\"lazy\" decoding=\"async\" class=\"size-medium wp-image-91489 alignleft\" src=\"http:\/\/www.radiopiu.net\/wordpress\/wp-content\/uploads\/2019\/07\/10\u00b0-274x300.jpg\" alt=\"\" width=\"274\" height=\"300\" srcset=\"https:\/\/www.radiopiu.net\/wordpress\/wp-content\/uploads\/2019\/07\/10\u00b0-274x300.jpg 274w, https:\/\/www.radiopiu.net\/wordpress\/wp-content\/uploads\/2019\/07\/10\u00b0.jpg 671w\" sizes=\"auto, (max-width: 274px) 100vw, 274px\" \/><\/a>BORGOVALBELLUNA<\/strong> Gran concorso d&#8217;autorit\u00e0 e di presenze per i 10 anni de \u201cIl Sole\u201d di Mel. Ad omaggiare l&#8217;impegno e l&#8217;attivit\u00e0 del Circolo Auser sul territorio di Borgo Valbelluna, sono accorsi infatti a Zelant, il neo sindaco Cesa con gli assessori Corso, Deola Simone e Renato, i rappresentanti dell&#8217;Associazione Auser regionale e provinciale, e dei Circoli di Feltre e Lentiai. Pi\u00f9 di duecento i soci che nell&#8217;occasione hanno circondato con affetto la presidente Verena Dall&#8217;Omo ed i suoi collaboratori. Il cammino fin qui compiuto da \u201cIl Sole\u201d \u00e8 stato seguito con la massima attenzione da tutti i presenti. Era il febbraio 2009 quando, da una idea dell&#8217;allora vicesindaco di Mel Fabio Barp, prese vita il Circolo. Sull&#8217;atto costitutivo vennero apposte 17 firme, ognuna in rappresentanza di una frazione, a significare la condivisione di tutto il territorio zumellese. Questi \u201cpionieri volontari\u201d intuirono con lungimiranza le potenzialit\u00e0 di una associazione dedita alla solidariet\u00e0 ed aiuto soprattutto nei confronti delle persone anziane o in difficolt\u00e0. In pochi mesi il Circolo raccolse una ottantina di adesioni e le attivit\u00e0 di volontariato presero il via diventando sempre pi\u00f9 varie e partecipate. Difficile enumerarle tutte ma basti ricordare il servizio dei Nonni Vigili all&#8217;esterno delle scuole o l&#8217;accompagnamenti dei bambini a bordo degli scuolabus; il custodato al museo del Palazzo delle Contesse o la gestione dell&#8217;Ufficio Turistico; l&#8217;animazione e gestione del bar della Casa di riposo o la collaborazione al Banco Alimentare con Caritas ed Ana; il trasporto sociale di persone non autosufficienti con automezzi Auser attrezzati, verso ospedali e strutture sanitarie, per visite, analisi e quant&#8217;altro. Immancabili per una associazione di promozione sociale, i momenti di svago, i corsi di joga e lavoro a maglia, le gite, i soggiorni termali, le feste di compleanno in centro a Mel e nelle frazioni. Un insieme di occasioni che possono sollevare dalla solitudine, dare ottimismo e, perch\u00e8 no, anche allungare la vita, come dimostra Prima Bertoia. Alla signora, classe 1921, in ottima salute e sempre presente alle attivit\u00e0 del circolo, durante la festa del decennale \u00e8 stato riservato un momento particolare con una premiazione ad hoc \u201ccondita\u201d da scroscianti applausi ed auguri. <\/span><\/p>\n<p>&nbsp;<\/p>\n<p>&nbsp;<\/p>\n<p>&nbsp;<\/p>\n<h3>A ROCCA PIETORE VIETATO ACCENDERE FUOCHI<\/h3>\n<p><strong>ROCCA PIETORE<\/strong> Il sindaco di Rocca Pietore Andrea De Bernardin ha firmato un&#8217;ordinanza che vieta l&#8217;accesione di fuochi su tutto il territorio comunale del Comune, per qualsiasi motivo, soprattutto in aree boschive, prati, pascoli e campi. L&#8217;accensione di fuochi in aree attrezzate per pic nic, all&#8217;esterno delle abitazioni, nei campeggi o baite dovr\u00e0 avvenire con le dovute precauzioni, scorta d&#8217;acqua e presidio di persone sul posto fno al completo e sicuro spegnimento. Vietati i fuochi d&#8217;artificio, lanterne volanti e fal\u00f2. Le sanzioni amministrative previste vanno da 80 a 500 euro<\/p>\n<p>&nbsp;<\/p>\n<p>&nbsp;<\/p>\n<p>&nbsp;<\/p>\n<h3>UN AIUTO CORALE PER IL VENETO<\/h3>\n<p><strong><a class=\"dt-pswp-item\" href=\"http:\/\/www.radiopiu.net\/wordpress\/wp-content\/uploads\/2019\/07\/download-11.jpg\" data-dt-img-description=\"\" data-large_image_width=\"274\" data-large_image_height=\"184\"><img loading=\"lazy\" decoding=\"async\" class=\" wp-image-91263 alignleft\" src=\"http:\/\/www.radiopiu.net\/wordpress\/wp-content\/uploads\/2019\/07\/download-11.jpg\" alt=\"\" width=\"198\" height=\"133\" \/><\/a>TAIBON<\/strong> Domenica alle 11 nella Chiesa dei Santi Cornelio e Cipriano saranno consegnati i fondi raccolti dai cori Asac Veneto al Comune di Taibon Agordino. Accompagneranno la cerimonia il Coro Polifonico di Trichiana diretto da Stefano Bittante e il Coro Minimo di Belluno diretto da Gianluca Nicolai.<\/p>\n<p><em>&#8220;Un momento speciale di solidariet\u00e0 e di amicizia &#8211; dice il sindaco Silvia Tormen &#8211; che mi piacerebbe vivere con la gente del paese per poter meglio rappresentare la gratitudine della nostra Comunit\u00e0 verso le tante persone che hanno dedicato tempo e passione in nostro favore&#8221;.<\/em><\/p>\n<p>&nbsp;<\/p>\n<audio class=\"wp-audio-shortcode\" id=\"audio-91460-18\" preload=\"none\" style=\"width: 100%;\" controls=\"controls\"><source type=\"audio\/mpeg\" src=\"http:\/\/www.radiopiu.net\/wordpress\/wp-content\/uploads\/2019\/07\/silvia.mp3?_=18\" \/><a href=\"http:\/\/www.radiopiu.net\/wordpress\/wp-content\/uploads\/2019\/07\/silvia.mp3\">http:\/\/www.radiopiu.net\/wordpress\/wp-content\/uploads\/2019\/07\/silvia.mp3<\/a><\/audio>\n<p>&nbsp;<\/p>\n<p>&nbsp;<\/p>\n<p>&nbsp;<\/p>\n<h3>Diritti animali a Belluno &#8211; Anonymous for the Voiceless per la prima volta in P.zza dei Martiri &#8211; Sabato 13 Luglio<\/h3>\n<p class=\"p1\"><strong><a class=\"dt-pswp-item\" href=\"http:\/\/www.radiopiu.net\/wordpress\/wp-content\/uploads\/2019\/07\/66172307_2404299002925649_4923503809507885056_o.jpg\" data-dt-img-description=\"\" data-large_image_width=\"2048\" data-large_image_height=\"1365\"><img loading=\"lazy\" decoding=\"async\" class=\"size-medium wp-image-91349 alignleft\" src=\"http:\/\/www.radiopiu.net\/wordpress\/wp-content\/uploads\/2019\/07\/66172307_2404299002925649_4923503809507885056_o-300x200.jpg\" alt=\"\" width=\"300\" height=\"200\" srcset=\"https:\/\/www.radiopiu.net\/wordpress\/wp-content\/uploads\/2019\/07\/66172307_2404299002925649_4923503809507885056_o-300x200.jpg 300w, https:\/\/www.radiopiu.net\/wordpress\/wp-content\/uploads\/2019\/07\/66172307_2404299002925649_4923503809507885056_o-768x512.jpg 768w, https:\/\/www.radiopiu.net\/wordpress\/wp-content\/uploads\/2019\/07\/66172307_2404299002925649_4923503809507885056_o-1024x683.jpg 1024w, https:\/\/www.radiopiu.net\/wordpress\/wp-content\/uploads\/2019\/07\/66172307_2404299002925649_4923503809507885056_o.jpg 2048w\" sizes=\"auto, (max-width: 300px) 100vw, 300px\" \/><\/a>BELLUNO<\/strong> Per la prima volta arriva a Belluno grazie all\u2019impegno di volontari locali che fondano la sezione provinciale, e manifesteranno per la prima volta in piazza dei Martiri a Belluno sabato 13 luglio dalle ore 16.00 Anonymous for the Voiceless (Anonimi per chi non ha voce) \u00e8 un&#8217;organizzazione specializzata in diritti degli animali e in attivismo stradale. Nata nel 2016, \u00e8 presente in oltre 1000 citt\u00e0 nel mondo. Rifiuta ogni forma di violenza, di fanatismo, di aggressione fisica e verbale e non ha fini di Lucro, assume una posizione abolizionista nei confronti dello sfruttamento animale. Come si svolge la manifestazione: I volontari impersonano l\u2019Anonymous con un look total black e la maschera tipica, formano un \u201ccube\u201d ovvero un cubo offrendo la visione su un tablet di riprese video di pratiche locali, e abituali, inerenti allo sfruttamento animale, espongono le persone a quello che viene abitualmente &#8216;omesso&#8217; intenzionalmente, sensibilizzando l\u2019attenzione verso la scelta antispecista, non intesa come imposizione ma come punto di arrivo di una presa di coscienza collettiva. I volontari di AV forniscono al pubblico tutte le risorse letterarie, le informazioni ed il supporto pratico per passare ad uno stile di vita senza sfruttamento animale, non costringono nessuno a visionare i materiali ma offrono la possibilit\u00e0 di informarsi e fare una scelta personale e di coscienza. Per info: Sabrina 388 763 2156<\/p>\n<p><em>Foto: Archivio Anonymous for the Voiceless<\/em><\/p>\n<p>&nbsp;<\/p>\n<p>&nbsp;<\/p>\n<p>&nbsp;<\/p>\n<h3>Canale d\u2019Agordo &#8211; La nuova area di sgambatura per cani Ass. Tana&#8230;liberi tutti<\/h3>\n<p><strong><a class=\"dt-pswp-item\" href=\"http:\/\/www.radiopiu.net\/wordpress\/wp-content\/uploads\/2019\/07\/campo-canale.jpg\" data-dt-img-description=\"\" data-large_image_width=\"3508\" data-large_image_height=\"4961\"><img loading=\"lazy\" decoding=\"async\" class=\" wp-image-91272 alignleft\" src=\"http:\/\/www.radiopiu.net\/wordpress\/wp-content\/uploads\/2019\/07\/campo-canale-212x300.jpg\" alt=\"\" width=\"183\" height=\"259\" srcset=\"https:\/\/www.radiopiu.net\/wordpress\/wp-content\/uploads\/2019\/07\/campo-canale-212x300.jpg 212w, https:\/\/www.radiopiu.net\/wordpress\/wp-content\/uploads\/2019\/07\/campo-canale-768x1086.jpg 768w, https:\/\/www.radiopiu.net\/wordpress\/wp-content\/uploads\/2019\/07\/campo-canale-724x1024.jpg 724w\" sizes=\"auto, (max-width: 183px) 100vw, 183px\" \/><\/a>CANALE D&#8217;AGORDO<\/strong> La prima in tutto l\u2019agordino finalmente prende vita grazie all\u2019impegno di Barbara Pra educatrice cinofila, che da anni si occupa di cani con passione e successo anche nel sociale vista la sua pratica con gli interventi assistiti con animali in casa di Riposo. Ma cosa \u00e8 un\u2019area di sgambatura? In sostanza \u00e8 un\u2019area verde recintata che in questo caso \u00e8 stata concessa in uso grazie alla collaborazione di un privato, in cui si possono liberare i cani, certo con delle regole e del buon senso che non mancheranno di essere illustrate nella serata di marted\u00ec 16 luglio a Canale d\u2019Agordo in sala Ex emigranti in Via Lotta alle ore 20.30. Barbara e gli amici della neonata associazione Tana\u2026liberi tutti, spiegheranno alla popolazione l\u2019uso dell\u2019area e illustreranno le potenzialit\u00e0 del progetto patrocinato dal comune di Canale d\u2019Agordo. L\u2019area non solo sar\u00e0 utile a tutte le persone che non hanno un terreno di propriet\u00e0 dove poter lasciare libero il proprio cane, ma pu\u00f2 diventare un ottimo punto d\u2019appoggio per l\u2019educazione degli animali, con lezioni di educatori cinofili, eventi a tema, programmi di socializzazione per cuccioli, e cultura cinofila in generale di cui si ha sempre pi\u00f9 bisogno per un approccio corretto di convivenza tra uomini animali e ambiente. Sar\u00e0 presente alla presentazione Cristiano Fant dell\u2019associazione Siamo Tutti Animali Belluno come relatore nello specifico delle normative sulla detenzione e gestione dei cani. La popolazione \u00e8 invitata e l\u2019ingresso \u00e8 libero<\/p>\n<blockquote><p>&nbsp;<\/p><\/blockquote>\n<p>&nbsp;<\/p>\n<p>&nbsp;<\/p>\n<div dir=\"ltr\"><\/div>\n<div dir=\"ltr\">\n<div dir=\"ltr\"><\/div>\n<blockquote>\n<h3 dir=\"ltr\"><\/h3>\n<\/blockquote>\n<h3 dir=\"ltr\">Archeologico Agordino apre la mostra al Museo di Agordo<\/h3>\n<div><strong><a class=\"dt-pswp-item\" href=\"http:\/\/www.radiopiu.net\/wordpress\/wp-content\/uploads\/2019\/07\/LOCANDINA-MOSTRA-Agordo-13lug19.jpg\" data-dt-img-description=\"\" data-large_image_width=\"3508\" data-large_image_height=\"4961\"><img loading=\"lazy\" decoding=\"async\" class=\" wp-image-91063 alignleft\" src=\"http:\/\/www.radiopiu.net\/wordpress\/wp-content\/uploads\/2019\/07\/LOCANDINA-MOSTRA-Agordo-13lug19-212x300.jpg\" alt=\"\" width=\"114\" height=\"161\" srcset=\"https:\/\/www.radiopiu.net\/wordpress\/wp-content\/uploads\/2019\/07\/LOCANDINA-MOSTRA-Agordo-13lug19-212x300.jpg 212w, https:\/\/www.radiopiu.net\/wordpress\/wp-content\/uploads\/2019\/07\/LOCANDINA-MOSTRA-Agordo-13lug19-768x1086.jpg 768w, https:\/\/www.radiopiu.net\/wordpress\/wp-content\/uploads\/2019\/07\/LOCANDINA-MOSTRA-Agordo-13lug19-724x1024.jpg 724w\" sizes=\"auto, (max-width: 114px) 100vw, 114px\" \/><\/a>AGORDO<\/strong> Domani\u00a0 alle 17.30 presso il Museo Mineralogico e Paleontologico di Agordo (via 5 maggio 1848) sar\u00e0 inaugurata la Mostra \u00a0 \u00a0\u201cEL CANAL DE AGORT&#8221;.\u00a0 Scavare nel passato &#8211; Storia e archeologia da San Gottardo a Pont del Cristo\u201d\u00a0 La mostra presenta gli esiti delle ricerche storiche e archeologiche effettuate, a partire dal 2003, dal Gruppo Archeologico Agordino ARCA lungo la bassa valle del T. Cordevole. \u00a0In particolare, verranno esposti i reperti e le nuove conoscenze relative alle frequentazioni del Canale in periodo protostorico, cio\u00e8 risalenti a 2500-3000 anni fa.<\/div>\n<div><span style=\"color: #ff0000;\"> LO SPECIALE ALLA RADIO CON GABRIELE FOGLIATA E MANUEL CONEDERA<\/span><\/div>\n<div>\n<audio class=\"wp-audio-shortcode\" id=\"audio-91460-19\" preload=\"none\" style=\"width: 100%;\" controls=\"controls\"><source type=\"audio\/mpeg\" src=\"http:\/\/www.radiopiu.net\/wordpress\/wp-content\/uploads\/2019\/07\/ARCA-SABATO.mp3?_=19\" \/><a href=\"http:\/\/www.radiopiu.net\/wordpress\/wp-content\/uploads\/2019\/07\/ARCA-SABATO.mp3\">http:\/\/www.radiopiu.net\/wordpress\/wp-content\/uploads\/2019\/07\/ARCA-SABATO.mp3<\/a><\/audio>\n<\/div>\n<\/div>\n<h3 dir=\"ltr\"><span style=\"color: #008080;\">VIDEO <\/span><a style=\"color: #008080;\" href=\"https:\/\/www.facebook.com\/mirko.mezzacasa\/videos\/10220189648278258\/\">CLICCA QUI<\/a><\/h3>\n<blockquote><p>&nbsp;<\/p><\/blockquote>\n<div dir=\"ltr\"><\/div>\n<div dir=\"ltr\"><\/div>\n<div dir=\"ltr\"><\/div>\n<div dir=\"ltr\"><\/div>\n<blockquote>\n<div dir=\"ltr\"><\/div>\n<\/blockquote>\n<h2 dir=\"ltr\">UNA STORIA DA RACCONTARE ALLA RICERCA DELLE RADICI<\/h2>\n<div dir=\"ltr\">\n<p><strong><a class=\"dt-pswp-item\" href=\"http:\/\/www.radiopiu.net\/wordpress\/wp-content\/uploads\/2019\/07\/WhatsApp-Image-2019-07-10-at-21.44.29.jpeg\" data-dt-img-description=\"\" data-large_image_width=\"635\" data-large_image_height=\"1015\"><img loading=\"lazy\" decoding=\"async\" class=\"wp-image-91408 alignleft\" src=\"http:\/\/www.radiopiu.net\/wordpress\/wp-content\/uploads\/2019\/07\/WhatsApp-Image-2019-07-10-at-21.44.29-188x300.jpeg\" alt=\"\" width=\"108\" height=\"172\" srcset=\"https:\/\/www.radiopiu.net\/wordpress\/wp-content\/uploads\/2019\/07\/WhatsApp-Image-2019-07-10-at-21.44.29-188x300.jpeg 188w, https:\/\/www.radiopiu.net\/wordpress\/wp-content\/uploads\/2019\/07\/WhatsApp-Image-2019-07-10-at-21.44.29.jpeg 635w\" sizes=\"auto, (max-width: 108px) 100vw, 108px\" \/><\/a><\/strong><\/p>\n<p>&nbsp;<\/p>\n<p>&nbsp;<\/p>\n<p><strong>AGORDO\u00a0 <\/strong>Questa sera \u00a0la presentazione del lavoro di Moreno De Zaiacomo<\/p>\n<p><strong>di GIANNI SANTOMASO<\/strong><\/p>\n<audio class=\"wp-audio-shortcode\" id=\"audio-91460-20\" preload=\"none\" style=\"width: 100%;\" controls=\"controls\"><source type=\"audio\/mpeg\" src=\"http:\/\/www.radiopiu.net\/wordpress\/wp-content\/uploads\/2019\/07\/gianni-VALLE.mp3?_=20\" \/><a href=\"http:\/\/www.radiopiu.net\/wordpress\/wp-content\/uploads\/2019\/07\/gianni-VALLE.mp3\">http:\/\/www.radiopiu.net\/wordpress\/wp-content\/uploads\/2019\/07\/gianni-VALLE.mp3<\/a><\/audio>\n<h3><\/h3>\n<\/div>\n<div dir=\"ltr\"><\/div>\n<div dir=\"ltr\"><\/div>\n<div dir=\"ltr\"><\/div>\n<div dir=\"ltr\"><\/div>\n<div dir=\"ltr\"><\/div>\n<div dir=\"ltr\"><\/div>\n<p>&nbsp;<\/p>\n<h3><a class=\"dt-pswp-item\" href=\"http:\/\/www.radiopiu.net\/wordpress\/wp-content\/uploads\/2018\/09\/appuntamenti.jpeg\" data-dt-img-description=\"\" data-large_image_width=\"800\" data-large_image_height=\"100\"><img loading=\"lazy\" decoding=\"async\" class=\"alignnone size-full wp-image-61958\" src=\"http:\/\/www.radiopiu.net\/wordpress\/wp-content\/uploads\/2018\/09\/appuntamenti.jpeg\" alt=\"\" width=\"800\" height=\"100\" srcset=\"https:\/\/www.radiopiu.net\/wordpress\/wp-content\/uploads\/2018\/09\/appuntamenti.jpeg 800w, https:\/\/www.radiopiu.net\/wordpress\/wp-content\/uploads\/2018\/09\/appuntamenti-300x38.jpeg 300w, https:\/\/www.radiopiu.net\/wordpress\/wp-content\/uploads\/2018\/09\/appuntamenti-768x96.jpeg 768w\" sizes=\"auto, (max-width: 800px) 100vw, 800px\" \/><\/a><\/h3>\n<p>&nbsp;<\/p>\n<p><span style=\"color: #ff0000;\"><strong><a class=\"dt-pswp-item\" href=\"http:\/\/www.radiopiu.net\/wordpress\/wp-content\/uploads\/2019\/07\/21231208_1428419980586085_1115215269049052745_n.jpg\" data-dt-img-description=\"\" data-large_image_width=\"661\" data-large_image_height=\"661\"><img loading=\"lazy\" decoding=\"async\" class=\" wp-image-90482 alignleft\" src=\"http:\/\/www.radiopiu.net\/wordpress\/wp-content\/uploads\/2019\/07\/21231208_1428419980586085_1115215269049052745_n-300x300.jpg\" alt=\"\" width=\"145\" height=\"145\" srcset=\"https:\/\/www.radiopiu.net\/wordpress\/wp-content\/uploads\/2019\/07\/21231208_1428419980586085_1115215269049052745_n-300x300.jpg 300w, https:\/\/www.radiopiu.net\/wordpress\/wp-content\/uploads\/2019\/07\/21231208_1428419980586085_1115215269049052745_n-150x150.jpg 150w, https:\/\/www.radiopiu.net\/wordpress\/wp-content\/uploads\/2019\/07\/21231208_1428419980586085_1115215269049052745_n.jpg 661w\" sizes=\"auto, (max-width: 145px) 100vw, 145px\" \/><\/a><\/strong><\/span><\/p>\n<p><span style=\"color: #ff0000;\"><strong>PER IL SECONDO ANNO, PER TUTTA L&#8217;ESTATE: LA &#8220;FABBRICA DELLE EMOZIONI&#8221;, IN COLLABORAZIONE CON\u00a0<a class=\"profileLink\" style=\"color: #ff0000;\" href=\"https:\/\/www.facebook.com\/dersut.taibon\/?__tn__=K-R&amp;eid=ARAWHGS4pY7ErSAGuNNMHp-xra7d294ysugnpoUicWkeK9rjbvd86RDR3SHV57JuBTC7yrMP85kcC7oy&amp;fref=mentions&amp;__xts__%5B0%5D=68.ARA8kEGfdeZlMevmYpMAmAmJ7ziHM_3WogqE61anVHM5V-Ht7pYFd4NJRcEVlK7VIq__zFsG6G8vsxxKnVF1SBmpERHebECtYKNHrf4mG4C4wVmPxxn4uj_nmTIeZglrdIyUPa0dnE3usWWzci033oOnyRS5XDhoavIU-eTU85t_Wp6jFT0-ULRP932r4STxN16bdptt8cef\" data-hovercard=\"\/ajax\/hovercard\/page.php?id=904939246267497&amp;extragetparams=%7B%22__tn__%22%3A%22%2CdK-R-R%22%2C%22eid%22%3A%22ARAWHGS4pY7ErSAGuNNMHp-xra7d294ysugnpoUicWkeK9rjbvd86RDR3SHV57JuBTC7yrMP85kcC7oy%22%2C%22fref%22%3A%22mentions%22%7D\" data-hovercard-prefer-more-content-show=\"1\">Dersut Taibon<\/a>\u00a0EVENTI, APPUNTAMENTI, DIVERTIMENTI NELLA VALLATA AGORDINA. IN ONDA ALLA RADIO NEI NOTIZIARI E NEGLI APPROFONDIMENTI ALLA RADIO E SUL SITO\u00a0<a style=\"color: #ff0000;\" href=\"http:\/\/www.radiopiu.net\/?fbclid=IwAR3Zckh6EArPlP9el3_APl-CxxkfxeumpcmQ4v9HIwZohBUQuztQ4jOimzE\" target=\"_blank\" rel=\"noopener nofollow noreferrer\" data-ft=\"{&quot;tn&quot;:&quot;-U&quot;}\" data-lynx-mode=\"async\" data-lynx-uri=\"https:\/\/l.facebook.com\/l.php?u=http%3A%2F%2FWWW.RADIOPIU.NET%2F%3Ffbclid%3DIwAR3Zckh6EArPlP9el3_APl-CxxkfxeumpcmQ4v9HIwZohBUQuztQ4jOimzE&amp;h=AT3iK2sNf9WjhvLB7AaqYnWzUdWcBNNS_1cXI6UJ3eEvhP4Ym5v2vemsj9TpyM0_qzzb9gjT9sJhgm4I2ZXxgJSAlUfvNTaJwITPvOvqfAuTNdwnWON3ic-lvSbJXWzM3FVSvAgPffEqbH4dYL2TEG6D6xs5TZHrlhUGtTKMYKoPXpBJIF8ke0VZdFkl3YQ7tGdqat-r6rzvDTprheLIjQ7jKZPmLRbVLu1fIKQ2jHEQkMU8LzIZvt_s5FE3Fxl6fUw_HG6Kz2ygpE7qxE3yIyhlOk0wt55c_6ZWHfM2I0PFlpPFgNhCDJwFSVFieE73_LsmFyKeJSBqSnd9p7KBuOYgQAQepyVC8du7dtfKvd60oOKKb1xchMvMyu9mMRYGRKi2y8I7U2WlGyyKbcYHubfjzWI02WXZXcSE97K_yFCYyeqZ2T_hgQJ7vzHhfBlDLdaXxkE\">WWW.RADIOPIU.NET<\/a><\/strong><\/span><\/p>\n<audio class=\"wp-audio-shortcode\" id=\"audio-91460-21\" preload=\"none\" style=\"width: 100%;\" controls=\"controls\"><source type=\"audio\/mpeg\" src=\"http:\/\/www.radiopiu.net\/wordpress\/wp-content\/uploads\/2019\/07\/FABBRICA-EMOZIONI.mp3?_=21\" \/><a href=\"http:\/\/www.radiopiu.net\/wordpress\/wp-content\/uploads\/2019\/07\/FABBRICA-EMOZIONI.mp3\">http:\/\/www.radiopiu.net\/wordpress\/wp-content\/uploads\/2019\/07\/FABBRICA-EMOZIONI.mp3<\/a><\/audio>\n<p>&nbsp;<\/p>\n<p>&nbsp;<\/p>\n<blockquote><p><strong>SECONDO SUMMER PARTY,\u00a0 DOMANI\u00a0 DALLE 15 IN POI DA PIERA OCCHIALI A RONCH DE BOS SULLA\u00a0 STRADA CHE DA TAIBON PORTA A CENCENIGHE (PRIMA DI LISTOLADE)\u00a0 MUSICA, SPRIZZONI, RAGAZZE IMMAGINE E LE AUTO DI DOLOMITI STRETT, ANCHE TEST E BIKE&#8230; UNA FESTONE CON LA COLLABORAZIONE DI ALLEGHE FUNIVIE E CARPANO<\/strong><\/p><\/blockquote>\n<p>&nbsp;<\/p>\n<p>&nbsp;<\/p>\n<h3><span style=\"color: #ff0000;\">QUESTA SERA<\/span><\/h3>\n<h3>Il terremoto di Belluno del 1873: presentazione libro<\/h3>\n<p><a class=\"dt-pswp-item\" href=\"http:\/\/www.radiopiu.net\/wordpress\/wp-content\/uploads\/2019\/07\/58378099_2526616604017838_3092249631325683712_n.jpg\" data-dt-img-description=\"\" data-large_image_width=\"594\" data-large_image_height=\"408\"><img loading=\"lazy\" decoding=\"async\" class=\" wp-image-91341 alignleft\" src=\"http:\/\/www.radiopiu.net\/wordpress\/wp-content\/uploads\/2019\/07\/58378099_2526616604017838_3092249631325683712_n-300x206.jpg\" alt=\"\" width=\"216\" height=\"148\" srcset=\"https:\/\/www.radiopiu.net\/wordpress\/wp-content\/uploads\/2019\/07\/58378099_2526616604017838_3092249631325683712_n-300x206.jpg 300w, https:\/\/www.radiopiu.net\/wordpress\/wp-content\/uploads\/2019\/07\/58378099_2526616604017838_3092249631325683712_n.jpg 594w\" sizes=\"auto, (max-width: 216px) 100vw, 216px\" \/><\/a><em>MAURIZIO ALFIERI, OSPITE A RADIO PIU&#8217; PRESENTA IL LIBRO A 6 MANI SUL TREMENDO TERREMOTO DEL 1873 IN PROVINCIA, PARTICOLARMENTE COLPITA FU LA ZONA DELL&#8217;ALPAGO E BELLUNO CENTRO. LA PRIMA OPERAZIONE DI SOLIDARIETA&#8217; DEL CLUB ALPINO ITALIANO, SEZIONE AGORDINA NATA AD AGORDO QUALCHE ANNO PRIMA<\/em><\/p>\n<p>l terremoto di Belluno del 1873: presentazione libro Il 29 giugno 1873 la zona di Belluno fu scossa da un forte terremoto. A questo evento, ancora poco studiato, \u00e8 dedicato un recente volume che sar\u00e0 presentato questa sera al Nof Filo&#8217; di Cencenighe alle 20.30\u00a0 Ingresso libero foto copertina: illustrazione di Fausto Tormen.\u00a0 Nell&#8217;immagine: Una delle illustrazioni del libro realizzate da Fausto Tormen<\/p>\n<p>&nbsp;<\/p>\n<p>&nbsp;<\/p>\n<p>&nbsp;<\/p>\n<h3>ALLEGHE IN CORO<\/h3>\n<p><strong>ALLEGHE<\/strong> Questa sera alle\u00a0 21 al centro congressi Antonio Franceschini del Palaghiaccio Alvise De Toni, concerto del Gruppo Vocale Cristallo con l&#8217;introduzione del Coro Alpino Monte Civetta, ingresso libero e organizzazione del Comune di Alleghe.<\/p>\n<p>&nbsp;<\/p>\n<p>&nbsp;<\/p>\n<div dir=\"ltr\">\n<h3><\/h3>\n<h3>LE VOCI DEL BORGO DOMANI E DOMENICA<\/h3>\n<p><strong>ROCCA PIETORE<\/strong> Il Comitato Borgo di Sottoguda\u00a0 organizza appuntamenti in musica\u00a0 per le vie del villaggio nel fine settimana. Il Coro Improvvisando di Conegliano canter\u00e0 domani.\u00a0 Domenica\u00a0 inaugurazione del nuovo parco giochi, con la\u00a0 Messa\u00a0 delle 11 accompagnata\u00a0 dal Coro Alpini Gemona.<\/p>\n<p>&nbsp;<\/p>\n<\/div>\n<p>&nbsp;<\/p>\n<p>&nbsp;<\/p>\n<div>\n<p>&nbsp;<\/p>\n<\/div>\n<h2>DOMANI\u00a0 E DOMENICA LA FESTA DELLA MONTAGNA, LA FESTA SCARPONA<\/h2>\n<p><strong><a class=\"dt-pswp-item\" href=\"http:\/\/www.radiopiu.net\/wordpress\/wp-content\/uploads\/2019\/07\/is.jpg\" data-dt-img-description=\"\" data-large_image_width=\"341\" data-large_image_height=\"170\"><img loading=\"lazy\" decoding=\"async\" class=\" wp-image-91321 alignleft\" src=\"http:\/\/www.radiopiu.net\/wordpress\/wp-content\/uploads\/2019\/07\/is-300x150.jpg\" alt=\"\" width=\"252\" height=\"126\" srcset=\"https:\/\/www.radiopiu.net\/wordpress\/wp-content\/uploads\/2019\/07\/is-300x150.jpg 300w, https:\/\/www.radiopiu.net\/wordpress\/wp-content\/uploads\/2019\/07\/is.jpg 341w\" sizes=\"auto, (max-width: 252px) 100vw, 252px\" \/><\/a><\/strong><\/p>\n<p>&nbsp;<\/p>\n<p><strong>FARRA D&#8217;ALPAGO<\/strong><\/p>\n<p><strong>DI ROBERTO BONA\u00a0<\/strong><\/p>\n<audio class=\"wp-audio-shortcode\" id=\"audio-91460-22\" preload=\"none\" style=\"width: 100%;\" controls=\"controls\"><source type=\"audio\/mpeg\" src=\"http:\/\/www.radiopiu.net\/wordpress\/wp-content\/uploads\/2019\/07\/ROBERTO-ALPAGO.mp3?_=22\" \/><a href=\"http:\/\/www.radiopiu.net\/wordpress\/wp-content\/uploads\/2019\/07\/ROBERTO-ALPAGO.mp3\">http:\/\/www.radiopiu.net\/wordpress\/wp-content\/uploads\/2019\/07\/ROBERTO-ALPAGO.mp3<\/a><\/audio>\n<div dir=\"ltr\"><\/div>\n<p>&nbsp;<\/p>\n<p>&nbsp;<\/p>\n<div><\/div>\n<div>\n<p>&nbsp;<\/p>\n<p><strong>LO SBARCO SULLA LUNA, di Claudio Pra<\/strong><\/p>\n<audio class=\"wp-audio-shortcode\" id=\"audio-91460-23\" preload=\"none\" style=\"width: 100%;\" controls=\"controls\"><source type=\"audio\/mpeg\" src=\"http:\/\/www.radiopiu.net\/wordpress\/wp-content\/uploads\/2019\/07\/PRA-LUNA.mp3?_=23\" \/><a href=\"http:\/\/www.radiopiu.net\/wordpress\/wp-content\/uploads\/2019\/07\/PRA-LUNA.mp3\">http:\/\/www.radiopiu.net\/wordpress\/wp-content\/uploads\/2019\/07\/PRA-LUNA.mp3<\/a><\/audio>\n<p><a class=\"dt-pswp-item\" href=\"http:\/\/www.radiopiu.net\/wordpress\/wp-content\/uploads\/2019\/07\/2380e566-891e-4706-8427-d72a6606fe34.jpg\" data-dt-img-description=\"\" data-large_image_width=\"1080\" data-large_image_height=\"1567\"><img loading=\"lazy\" decoding=\"async\" class=\" wp-image-91090 alignleft\" src=\"http:\/\/www.radiopiu.net\/wordpress\/wp-content\/uploads\/2019\/07\/2380e566-891e-4706-8427-d72a6606fe34-207x300.jpg\" alt=\"\" width=\"97\" height=\"140\" srcset=\"https:\/\/www.radiopiu.net\/wordpress\/wp-content\/uploads\/2019\/07\/2380e566-891e-4706-8427-d72a6606fe34-207x300.jpg 207w, https:\/\/www.radiopiu.net\/wordpress\/wp-content\/uploads\/2019\/07\/2380e566-891e-4706-8427-d72a6606fe34-768x1114.jpg 768w, https:\/\/www.radiopiu.net\/wordpress\/wp-content\/uploads\/2019\/07\/2380e566-891e-4706-8427-d72a6606fe34-706x1024.jpg 706w, https:\/\/www.radiopiu.net\/wordpress\/wp-content\/uploads\/2019\/07\/2380e566-891e-4706-8427-d72a6606fe34.jpg 1080w\" sizes=\"auto, (max-width: 97px) 100vw, 97px\" \/><\/a><\/p>\n<\/div>\n<div>\n<p><span style=\"font-family: Times New Roman, serif;\"><span style=\"font-size: medium;\">Se avete voglia di vivere delle belle emozioni siete invitati ad Agordo sabato 13 luglio alle 20.30, in Sala Don Tamis, gentilmente offerta dalla Unione Montana Agordina.\u00a0 l&#8217;Associazione Astrofili Agordini &#8220;Cieli Dolomitici&#8221; ha organizzato una serata curata da Claudio Pra intitolata: <\/span><\/span><span style=\"font-family: Times New Roman, serif;\"><span style=\"font-size: medium;\">&#8220;20 luglio 1969, 20 luglio 2019, Mezzo secolo fa l&#8217;uomo vol\u00f2 sulla Luna&#8221;. <\/span><\/span><span style=\"font-family: Times New Roman, serif;\"><span style=\"font-size: medium;\">A 50 anni dallo storico allunaggio si rivivranno, con l&#8217;ausilio di audiovisivi, le varie fasi della corsa alla conquista della Luna, con le curiosit\u00e0, i colpi di scena, le peripezie di una straordinaria avventura che port\u00f2 l&#8217;uomo su un altro corpo celeste. <\/span><\/span><span style=\"font-size: medium; font-family: 'Times New Roman', serif;\">Per chi c&#8217;era in quegli anni sar\u00e0 un rivivere l&#8217;incredibile l&#8217;avvenimento, mentre per chi non c&#8217;era sar\u00e0 conoscere una storia quasi incredibile, cominciata con il lancio delle Sputnik 1, il primo satellite artificiale, e terminata momentaneamente nel 1972, anno in cui l&#8217;uomo abbandon\u00f2 la Luna. <\/span><span style=\"font-family: Times New Roman, serif;\"><span style=\"font-size: medium;\">Al termine, meteo permettendo, i telescopi di \u201cCieli Dolomitici\u201d permetteranno l\u2019osservazione del nostro satellite naturale e del sito di atterraggio dell\u2019Apollo 11.<\/span><\/span><\/p>\n<\/div>\n<div dir=\"ltr\"><\/div>\n<div dir=\"ltr\"><\/div>\n<div dir=\"ltr\"><\/div>\n<div>\n<p>&nbsp;<\/p>\n<\/div>\n<h3>DOMENICA CON IL CAI DI AGORDO A CIMA FRATE GRUPPO FOCOBON, PARTENZA ALLE 6.15 DAL MUNICIPIO DI AGORDO. INFO 380 69830 40<\/h3>\n<p>&nbsp;<\/p>\n<div><\/div>\n<div dir=\"ltr\"><\/div>\n<div dir=\"ltr\">\n<p>&nbsp;<\/p>\n<div dir=\"ltr\">\n<h3>DOMENICA MOTORI E DISABILI CON LA\u00a0 TRE CIME PROMOTOR<\/h3>\n<p><strong>POLPET DI PONTE NELLE ALPI<\/strong><\/p>\n<p><strong>DI ROBERTO BONA<\/strong><\/p>\n<audio class=\"wp-audio-shortcode\" id=\"audio-91460-24\" preload=\"none\" style=\"width: 100%;\" controls=\"controls\"><source type=\"audio\/mpeg\" src=\"http:\/\/www.radiopiu.net\/wordpress\/wp-content\/uploads\/2019\/07\/roberto-bona.mp3?_=24\" \/><a href=\"http:\/\/www.radiopiu.net\/wordpress\/wp-content\/uploads\/2019\/07\/roberto-bona.mp3\">http:\/\/www.radiopiu.net\/wordpress\/wp-content\/uploads\/2019\/07\/roberto-bona.mp3<\/a><\/audio>\n<p>&nbsp;<\/p>\n<\/div>\n<\/div>\n<div dir=\"ltr\"><\/div>\n<div dir=\"ltr\"><\/div>\n<div dir=\"ltr\"><\/div>\n<blockquote>\n<div dir=\"ltr\"><\/div>\n<\/blockquote>\n<div dir=\"ltr\">\n<h2>LA FESTA DE LA MAMA BELA<\/h2>\n<div><strong>VALLADA<\/strong>\u00a0 Per la 15\u00aa volta, alla casa Andrich-Cavallet a Celat di Vallada tradizionale &#8220;Festa dela Tri\u00f3l dela Mama B\u00e8la e del Cristo Strac&#8221;.Un appuntamento sempre all&#8217;insegna della solidariet\u00e0 (a sostegno della&#8217;associazione\u00a0 &#8220;Nuovi Traguardi&#8221; . Domenica alle 10 ex tempore &#8220;Artisti in erba&#8221;, seguita dal pranzo alle 12 e alle 14 dalla musica di Nicola. Alle 15 l&#8217;immancabile torneo di briscola, che lascer\u00e0 posto, alle 16, alla commedia &#8220;Boccaccio per gioco&#8221; e all&#8217;estrazione dei premi della lotteria.La giornata si chiuder\u00e0 quindi come di consueto con la recita del santo Rosario davanti &#8220;ala tri\u00f3l&#8221;, il capitello dedicato alla Beata Vergine del Carmelo, benedetto il 16 luglio 2005 dal compianto parroco di allora don Sirio Da Corte.<\/div>\n<blockquote>\n<div><\/div>\n<\/blockquote>\n<\/div>\n<div><\/div>\n<div><\/div>\n<div><\/div>\n<div><\/div>\n<blockquote>\n<div><\/div>\n<\/blockquote>\n<div><\/div>\n<div>\n<h3><a class=\"dt-pswp-item\" href=\"http:\/\/www.radiopiu.net\/wordpress\/wp-content\/uploads\/2019\/07\/ef3e4a1f-c853-41b1-9414-ee3c3a20792c.jpg\" data-dt-img-description=\"\" data-large_image_width=\"907\" data-large_image_height=\"1276\"><img loading=\"lazy\" decoding=\"async\" class=\"wp-image-91380 alignleft\" src=\"http:\/\/www.radiopiu.net\/wordpress\/wp-content\/uploads\/2019\/07\/ef3e4a1f-c853-41b1-9414-ee3c3a20792c-213x300.jpg\" alt=\"\" width=\"114\" height=\"159\" srcset=\"https:\/\/www.radiopiu.net\/wordpress\/wp-content\/uploads\/2019\/07\/ef3e4a1f-c853-41b1-9414-ee3c3a20792c-768x1080.jpg 768w, https:\/\/www.radiopiu.net\/wordpress\/wp-content\/uploads\/2019\/07\/ef3e4a1f-c853-41b1-9414-ee3c3a20792c-728x1024.jpg 728w, https:\/\/www.radiopiu.net\/wordpress\/wp-content\/uploads\/2019\/07\/ef3e4a1f-c853-41b1-9414-ee3c3a20792c.jpg 907w\" sizes=\"auto, (max-width: 114px) 100vw, 114px\" \/><\/a><\/h3>\n<h3>L&#8217;ARTE DI SARA CASAL<\/h3>\n<blockquote><p><em>Poesia en pintura: para Migueh Hernandez<\/em><\/p><\/blockquote>\n<div><strong>AURONZO<\/strong> La zoldana Sara Casal\u00a0 dal 12 al 27 luglio espone al Museo Palazzo Corte Metto di Auronzo di Cadore, inaugurazione sabato alle 17, apertura dalle 10 alle 12.30 e dalle 16 alle 19.<\/div>\n<\/div>\n<div dir=\"ltr\">\n<div><\/div>\n<\/div>\n<div dir=\"ltr\"><\/div>\n<p>&nbsp;<\/p>\n<p>&nbsp;<\/p>\n<p>&nbsp;<\/p>\n<p>&nbsp;<\/p>\n<p>&nbsp;<\/p>\n<p><a class=\"dt-pswp-item\" href=\"http:\/\/www.radiopiu.net\/wordpress\/wp-content\/uploads\/2018\/09\/viabilita.jpeg\" data-dt-img-description=\"\" data-large_image_width=\"800\" data-large_image_height=\"100\"><img loading=\"lazy\" decoding=\"async\" class=\"alignnone size-full wp-image-61954\" src=\"http:\/\/www.radiopiu.net\/wordpress\/wp-content\/uploads\/2018\/09\/viabilita.jpeg\" alt=\"\" width=\"800\" height=\"100\" srcset=\"https:\/\/www.radiopiu.net\/wordpress\/wp-content\/uploads\/2018\/09\/viabilita.jpeg 800w, https:\/\/www.radiopiu.net\/wordpress\/wp-content\/uploads\/2018\/09\/viabilita-300x38.jpeg 300w, https:\/\/www.radiopiu.net\/wordpress\/wp-content\/uploads\/2018\/09\/viabilita-768x96.jpeg 768w\" sizes=\"auto, (max-width: 800px) 100vw, 800px\" \/><\/a><\/p>\n<p><strong>PROVINCIALE 641 DI PASSO FEDAIA<\/strong> In localit\u00e0 Rocca Pietore dal 15 e fino al 30 luglio senso unico alternato con impianto semaforico.<\/p>\n<p><strong>PROVINCIALE 251 VAL DI ZOLDO E CELLINA<\/strong> In Comune di Colle Santa Lucia fino al 19 luglio dalle 8 alle 12 e dalle 13.30 alle 17.30 con esclusione dei giorni festivi e prefestivi senso unico alternato con semaforo o movieri, possibili interruzioni della durata massima di 15 minuti.<\/p>\n<div dir=\"ltr\">\n<div dir=\"ltr\">\n<p><strong>PROVINCIALE 563 DI SALESEI<\/strong> Fino al 9 agosto (festivi e prefestivi esclusi) senso unico alternato in localit\u00e0 Salesei per la posa di protezioni sul versante.<\/p>\n<p><strong>PROVINCIALE 641 DI PASSO FEDAIA<\/strong> Dall&#8217;8 luglio al 9 agosto senso unico alternato tra Malga Ciapela e Sottoguda per la posa di nuovo cavidotto<\/p>\n<p><strong>REGIONALE 346 DEL SAN PELLEGRINO, TRATTI DI STRADA TRA FALCADE, CANALE D&#8217;AGORDO E VALLADA: <\/strong>Fino al 21 luglio dalle 8 alle 17, festivi e prefestivi inclusi, saltuario senso unico alternato regolato da movieri per lavori sostituzione conduttori linea elettrica alta tensione.<\/p>\n<p><strong>REGIONALE 203 AGORDINA, A SUD DI PONTE ALTO COMUNE DI AGORDO<\/strong>: Fino al 12 luglio (sabato e domenica esclusi) restringimento di carreggiata e senso unico alternato regolato da moviere.<\/p>\n<p><strong>REGIONALE 203 AGORDINA LOCALITA&#8217; LE CAMPE (La Valle):<\/strong> Fino al 15 luglio con esclusione dei giorni festivi e prefestivi, dalle 7.30 alle 8.30, dalle 16.30 alle 17.30 senso unico alternato regolato da movieri,\u00a0 dalle 8.30 alle 16.30 senso unico semaforico, per lavori ripristino rete fognaria<\/p>\n<p><strong>LA VALLE\u00a0 <\/strong>Fino\u00a031 luglio (festivi e prefestivi esclusi) senso unico a seconda delle esigenze con semaforo o movieri lungo la regionale 203 agordina in localit\u00e0 La Muda<\/p>\n<p><strong>PROVINCIALE 563 DI SALESEI <\/strong>Fino al 19 luglio\u00a0 In localit\u00e0 Sopracordevole in Comune di Rocca Pietore senso unico alternato con semaforo o movieri e divieto di transito ai mezzi con massa superiore a 7,5 tonellate.<\/p>\n<\/div>\n<\/div>\n<p>&nbsp;<\/p>\n<p>&nbsp;<\/p>\n<p>&nbsp;<\/p>\n<p><a class=\"dt-pswp-item\" href=\"http:\/\/www.radiopiu.net\/wordpress\/wp-content\/uploads\/2018\/09\/sport.jpg\" data-dt-img-description=\"\" data-large_image_width=\"800\" data-large_image_height=\"100\"><img loading=\"lazy\" decoding=\"async\" class=\"alignnone wp-image-60761 size-full\" src=\"http:\/\/www.radiopiu.net\/wordpress\/wp-content\/uploads\/2018\/09\/sport.jpg\" alt=\"\" width=\"800\" height=\"100\" srcset=\"https:\/\/www.radiopiu.net\/wordpress\/wp-content\/uploads\/2018\/09\/sport.jpg 800w, https:\/\/www.radiopiu.net\/wordpress\/wp-content\/uploads\/2018\/09\/sport-300x38.jpg 300w, https:\/\/www.radiopiu.net\/wordpress\/wp-content\/uploads\/2018\/09\/sport-768x96.jpg 768w\" sizes=\"auto, (max-width: 800px) 100vw, 800px\" \/><\/a><\/p>\n<p>&nbsp;<\/p>\n<h2>IL VOLTAGO CONTINUA A VINCERE NEL CAMPIONATO AGORDINO FEMMINILE<\/h2>\n<p><strong>I RISULTATI DELL&#8217;OTTAVA GIORNATA<\/strong>: Le Ville \u2013 Voltago 0-1, Alleghe \u2013 Taibon 2-1. Ha riposato il Fodom<\/p>\n<p><strong>LA CLASSIFICA<\/strong>: Voltago 18, Taibon 9, Alleghe 7, Le Ville 5, Fodom 4<\/p>\n<h2><\/h2>\n<p>&nbsp;<\/p>\n<div dir=\"ltr\">\n<h2>I CAMPI DEI MINIOTTAVI DEL CAMPIONATO AGORDINO DI CALCIO<\/h2>\n<p><a class=\"dt-pswp-item\" href=\"http:\/\/www.radiopiu.net\/wordpress\/wp-content\/uploads\/2019\/07\/TABELLONE-FINALE-CAMPIONATO-AGORDINO-2019-Foglio1-Foglio1.jpg\" data-dt-img-description=\"\" data-large_image_width=\"1754\" data-large_image_height=\"1239\"><img loading=\"lazy\" decoding=\"async\" class=\"wp-image-91193 alignleft\" src=\"http:\/\/www.radiopiu.net\/wordpress\/wp-content\/uploads\/2019\/07\/TABELLONE-FINALE-CAMPIONATO-AGORDINO-2019-Foglio1-Foglio1-1024x723.jpg\" alt=\"\" width=\"299\" height=\"211\" srcset=\"https:\/\/www.radiopiu.net\/wordpress\/wp-content\/uploads\/2019\/07\/TABELLONE-FINALE-CAMPIONATO-AGORDINO-2019-Foglio1-Foglio1-1024x723.jpg 1024w, https:\/\/www.radiopiu.net\/wordpress\/wp-content\/uploads\/2019\/07\/TABELLONE-FINALE-CAMPIONATO-AGORDINO-2019-Foglio1-Foglio1-300x212.jpg 300w, https:\/\/www.radiopiu.net\/wordpress\/wp-content\/uploads\/2019\/07\/TABELLONE-FINALE-CAMPIONATO-AGORDINO-2019-Foglio1-Foglio1-768x543.jpg 768w, https:\/\/www.radiopiu.net\/wordpress\/wp-content\/uploads\/2019\/07\/TABELLONE-FINALE-CAMPIONATO-AGORDINO-2019-Foglio1-Foglio1.jpg 1754w\" sizes=\"auto, (max-width: 299px) 100vw, 299px\" \/><\/a><\/p>\n<p>Sono stati estratti all&#8217;interno di \u201cCampionato Agordino Show\u201d i campi che ospiteranno i miniottavi di finale del Memorial Denis Tonin. Taibon e Cencenighe ospiteranno domenica prossima le 4 partite valide per la prima fase finale del torneo. In base alle prime 2 partite estratte si \u00e8 composto il tabellone ufficiale. A TAIBON Ore 15.00 Gosaldo &#8211; Agordo 2009 Ore 17.30 La Valle &#8211; Rivamonte A CENCENIGHE Ore 15.00 Frassen\u00e8 &#8211; Le Ville Ore 17.30 Vallada &#8211; Atletico Caviola<\/p>\n<\/div>\n<p>&nbsp;<\/p>\n<p>&nbsp;<\/p>\n<blockquote>\n<h3 class=\"p1\"><span class=\"s1\"><b>CAMPIONATO AGORDINO GIOVANILE <\/b><\/span><\/h3>\n<\/blockquote>\n<p class=\"p3\"><span class=\"s1\">\u00a0<\/span><strong>I risultati:<\/strong> Le Ville \u2013 La Valle 1-2, Fodom \u2013 Cencenighe 8-0, Alleghe \u2013 Taibon si gioca marted\u00ec 16 luglio alle 19. Ha riposato il Canale. <span class=\"s1\"><strong>Classifica:<\/strong> La Valle 12, Taibon*, Canale e Fodom 6, Le Ville 3, Alleghe* e Cencenighe 0 (* una partita in meno) <\/span><span class=\"s1\"><strong>Prossimo turno:<\/strong> sabato alle 16 Fodom \u2013 Taibon, La Valle \u2013 Canale, Le Ville \u2013 Alleghe. Riposa il Cencenighe<\/span><\/p>\n<blockquote>\n<h3 class=\"p1\"><span class=\"s1\"><b>CAMPIONATO AGORDINO FEMMINILE<\/b><\/span><\/h3>\n<\/blockquote>\n<p class=\"p1\"><span class=\"s1\"><strong>I risultati<\/strong>: Fodom \u2013 Taibon 1-2, Alleghe \u2013 Le Ville rinviata. Ha riposato il Voltago. <\/span><span class=\"s1\"><strong>Classifica:<\/strong> Voltago 15, Taibon 9, Le Ville* 5, Fodom e Alleghe* 4 (*una partita in meno) <\/span><span class=\"s1\"><strong>Prossimo turno<\/strong>: mercoled\u00ec 10 luglio alle 19:30 a Voltago Le Ville \u2013 Voltago, alle 20:30 a Boscoverde Alleghe \u2013 Taibon. Riposa il Fodom<\/span><\/p>\n<p>&nbsp;<\/p>\n<div dir=\"ltr\"><\/div>\n<p>&nbsp;<\/p>\n<p><a class=\"dt-pswp-item\" href=\"http:\/\/www.radiopiu.net\/wordpress\/wp-content\/uploads\/2018\/09\/WhatsApp-Image-2018-09-20-at-16.04.06.jpeg\" data-dt-img-description=\"\" data-large_image_width=\"800\" data-large_image_height=\"100\"><img loading=\"lazy\" decoding=\"async\" class=\"alignnone wp-image-61378 size-full\" src=\"http:\/\/www.radiopiu.net\/wordpress\/wp-content\/uploads\/2018\/09\/WhatsApp-Image-2018-09-20-at-16.04.06.jpeg\" alt=\"\" width=\"800\" height=\"100\" srcset=\"https:\/\/www.radiopiu.net\/wordpress\/wp-content\/uploads\/2018\/09\/WhatsApp-Image-2018-09-20-at-16.04.06.jpeg 800w, https:\/\/www.radiopiu.net\/wordpress\/wp-content\/uploads\/2018\/09\/WhatsApp-Image-2018-09-20-at-16.04.06-300x38.jpeg 300w, https:\/\/www.radiopiu.net\/wordpress\/wp-content\/uploads\/2018\/09\/WhatsApp-Image-2018-09-20-at-16.04.06-768x96.jpeg 768w\" sizes=\"auto, (max-width: 800px) 100vw, 800px\" \/><\/a><\/p>\n<div><center><\/center><center><b>Venerdi 12<\/b><\/center><b>Tempo atteso: <\/b>Dopo le schiarite del mattino, localmente limitate da possibili banchi di nubi basse, aumento dell&#8217;attivit\u00e0 cumuliforme nelle ore centrali, fino a cielo irregolarmente nuvoloso, con possibili fenomeni di instabilit\u00e0 tra pomeriggio e sera.<br \/>\n<b>Precipitazioni: <\/b>Dopo l&#8217;esaurimento della possibile residua instabilit\u00e0 notturna (20\/30%), al mattino assenti (0%); al pomeriggio ed in serata probabilit\u00e0 medio-alta (50\/70%) di rovesci sparsi e locali temporali.<br \/>\n<b>Temperature: <\/b>Senza variazioni di rilievo, o in aumento le minime nelle valli in caso di copertura notturna per nubi basse. Su Prealpi a 1500 m min 11\u00b0C max 16\u00b0C, a 2000 m min 9\u00b0C max 13\u00b0C. Su Dolomiti a 2000 m min 7\u00b0C max 12\u00b0C, a 3000 m min 1\u00b0C max 4\u00b0C.<br \/>\n<b>Venti: <\/b>Nelle valli deboli o moderati per brezze; in quota moderati\/tesi da Ovest Nord-Ovest, a 10-25 km\/h a 2000 m, 25-40 km\/h a 3000 m.<\/p>\n<hr \/>\n<p><center><b>Sabato 13<\/b><\/center><b>Tempo atteso: <\/b>Sulle Dolomiti possibile breve episodio di instabilit\u00e0, seguito, gi\u00e0 dalla tarda mattinata e al pomeriggio, da un miglioramento con ampie schiarite. Sulle Prealpi l&#8217;instabilit\u00e0 potr\u00e0 essere maggiore ed interessare le ore centrali e pomeridiane del giorno, con nuvolosit\u00e0 irregolare e fenomeni pi\u00f9 presenti.<br \/>\n<b>Precipitazioni: <\/b>Al mattino possibili brevi rovesci o isolati temporali sulle Dolomiti (40\/50%), in estensione alle Prealpi, dove diverranno maggiormente diffusi al pomeriggio (60\/70%), mentre risulteranno perlopi\u00f9 assenti sulle Dolomiti. In serata definitivo esaurimento dei fenomeni.<br \/>\n<b>Temperature: <\/b>Sulle Prealpi senza notevoli variazioni; sulle Dolomiti, specie in quota, massime stazionarie e minime in calo, raggiunte alla sera. Su Prealpi a 1500 m min 11\u00b0C max 16\u00b0C, a 2000 m min 9\u00b0C max 13\u00b0C. Su Dolomiti a 2000 m min 6\u00b0C max 11\u00b0C, a 3000 m min 0\u00b0C max 2\u00b0C.<br \/>\n<b>Venti: <\/b>Nelle valli deboli o moderati settentrionali; in quota moderati\/tesi da Nord Nord-Ovest, a 10-25 km\/h a 2000 m, 30-40 km\/h a 3000 m.<\/p>\n<hr \/>\n<p><center><b>Domenica 14<\/b><\/center>Tempo solo in parte soleggiato, con tratti di sereno e modesti cumuli ad evoluzione diurna, con rischio contenuto di precipitazioni, un po&#8217; pi\u00f9 probabili sui settori prealpini, specie occidentali. Clima mattutino fresco. Venti in rotazione da Nord-Ovest a Nord-Est e in sensibile attenuazione.<\/p>\n<hr \/>\n<p><center><b>Lunedi 15<\/b><\/center>Tempo perlopi\u00f9 soleggiato e stabile, con ampi tratti soleggiati e modesti cumuli fino a met\u00e0 pomeriggio. Non escluso un incremento dell&#8217;instabilit\u00e0 nelle ore serali. Venti nord-orientali in rinforzo sulle Prealpi. Previsore: G.M.<\/p>\n<hr \/>\n<\/div>\n<p><center><\/center>&nbsp;<\/p>\n","protected":false},"excerpt":{"rendered":"<p>GIORNALE RADIOPIU 12 LUGLIO 2019 &nbsp; Con Sappada passata al Friuli Venezia Giulia il Veneto perde anche le sorgenti del Piave non pi\u00f9 di marca bellunese. Atti, contratti e concessioni saranno gestiti in autonomia dal Friuli Per il direttore della Ulss1 Caldogno i dati dell&#8217;Anaoo non sono corretti sul premio di risultati, il DG replica&hellip;<\/p>\n","protected":false},"author":1,"featured_media":91530,"comment_status":"closed","ping_status":"closed","sticky":false,"template":"","format":"standard","meta":{"_monsterinsights_skip_tracking":false,"_monsterinsights_sitenote_active":false,"_monsterinsights_sitenote_note":"","_monsterinsights_sitenote_category":0,"footnotes":""},"categories":[86],"tags":[],"class_list":["post-91460","post","type-post","status-publish","format-standard","has-post-thumbnail","hentry","category-gr","category-86","description-off"],"img_url":"https:\/\/www.radiopiu.net\/wordpress\/wp-content\/uploads\/2019\/07\/WhatsApp-Image-2019-07-11-at-23.07.10.jpeg","_links":{"self":[{"href":"https:\/\/www.radiopiu.net\/wordpress\/wp-json\/wp\/v2\/posts\/91460","targetHints":{"allow":["GET"]}}],"collection":[{"href":"https:\/\/www.radiopiu.net\/wordpress\/wp-json\/wp\/v2\/posts"}],"about":[{"href":"https:\/\/www.radiopiu.net\/wordpress\/wp-json\/wp\/v2\/types\/post"}],"author":[{"embeddable":true,"href":"https:\/\/www.radiopiu.net\/wordpress\/wp-json\/wp\/v2\/users\/1"}],"replies":[{"embeddable":true,"href":"https:\/\/www.radiopiu.net\/wordpress\/wp-json\/wp\/v2\/comments?post=91460"}],"version-history":[{"count":0,"href":"https:\/\/www.radiopiu.net\/wordpress\/wp-json\/wp\/v2\/posts\/91460\/revisions"}],"wp:featuredmedia":[{"embeddable":true,"href":"https:\/\/www.radiopiu.net\/wordpress\/wp-json\/wp\/v2\/media\/91530"}],"wp:attachment":[{"href":"https:\/\/www.radiopiu.net\/wordpress\/wp-json\/wp\/v2\/media?parent=91460"}],"wp:term":[{"taxonomy":"category","embeddable":true,"href":"https:\/\/www.radiopiu.net\/wordpress\/wp-json\/wp\/v2\/categories?post=91460"},{"taxonomy":"post_tag","embeddable":true,"href":"https:\/\/www.radiopiu.net\/wordpress\/wp-json\/wp\/v2\/tags?post=91460"}],"curies":[{"name":"wp","href":"https:\/\/api.w.org\/{rel}","templated":true}]}}