{"id":91567,"date":"2019-07-12T16:13:35","date_gmt":"2019-07-12T14:13:35","guid":{"rendered":"http:\/\/www.radiopiu.net\/wordpress\/?p=91567"},"modified":"2019-07-12T16:14:55","modified_gmt":"2019-07-12T14:14:55","slug":"91567-2","status":"publish","type":"post","link":"https:\/\/www.radiopiu.net\/wordpress\/91567-2\/","title":{"rendered":"SEDICI CONFRATERNITE SALGONO A NATE DI BORGO VALBELLUNA."},"content":{"rendered":"<p><strong><a class=\"dt-pswp-item\" href=\"http:\/\/www.radiopiu.net\/wordpress\/wp-content\/uploads\/2019\/07\/la-Piave.jpg\" data-dt-img-description=\"\" data-large_image_width=\"784\" data-large_image_height=\"455\"><img loading=\"lazy\" decoding=\"async\" class=\"size-medium wp-image-91559 alignleft\" src=\"http:\/\/www.radiopiu.net\/wordpress\/wp-content\/uploads\/2019\/07\/la-Piave-300x174.jpg\" alt=\"\" width=\"300\" height=\"174\" srcset=\"https:\/\/www.radiopiu.net\/wordpress\/wp-content\/uploads\/2019\/07\/la-Piave-300x174.jpg 300w, https:\/\/www.radiopiu.net\/wordpress\/wp-content\/uploads\/2019\/07\/la-Piave-768x446.jpg 768w, https:\/\/www.radiopiu.net\/wordpress\/wp-content\/uploads\/2019\/07\/la-Piave.jpg 784w\" sizes=\"auto, (max-width: 300px) 100vw, 300px\" \/><\/a>BORGOVALBELLUNA\u00a0<\/strong> La prima edizione, giusto un anno fa, aveva avuto un indubbio successo. Scaturito dal pretesto di rinnovare il gemellaggio tra la \u2018Piave\u2019 e lo SNODAR, l\u2019incontro aveva visto la presenza di altre sette Confraternite, salite alla sede degli alpini a Nate di Borgo Valbelluna (Belluno). Cos\u00ec, a dodici mesi di distanza, la \u2018Piave\u2019 ha pensato di replicare l\u2019appuntamento e di invitare altre realt\u00e0 venete del mondo delle Confraternite. Un invito che \u00e8 stato prontamente accettato dallo SNODAR, dall\u2019Imperial Castellania di Su\u00e0via, dalla Pasta Fresca, dal Circolo Leoniceno dei Colli Berici, dalla Soppressa di Bassano, dalla Polenta di Vigasio, dai Bigoi al Torcio, dalla Corniola, la Dogale della Marca, dal Raboso e dall\u2019Incrocio Manzoni, dai 12 Apostoli, dalla Tavola Veneta, dal Baccal\u00e0 alla vicentina, dall\u2019Ingorda del Musetto e dai Radici e Fasioi. L\u2019incontro \u00e8 stato caratterizzato anche da un altro importante momento: una valutazione della legge regionale che ha istituito il Registro delle Confraternite e del relativo regolamento attuativo. Un confronto nobilitato dalla presenza dell\u2019assessore regionale Federico Caner e dei consiglieri Franco Gidoni e Maurizio Conte. Se unanime \u00e8 stato l\u2019apprezzamento per il contenuto <a class=\"dt-pswp-item\" href=\"http:\/\/www.radiopiu.net\/wordpress\/wp-content\/uploads\/2019\/07\/IMG-20190707-WA0001.jpg\" data-dt-img-description=\"\" data-large_image_width=\"768\" data-large_image_height=\"1024\"><img loading=\"lazy\" decoding=\"async\" class=\"size-medium wp-image-91560 alignright\" src=\"http:\/\/www.radiopiu.net\/wordpress\/wp-content\/uploads\/2019\/07\/IMG-20190707-WA0001-225x300.jpg\" alt=\"\" width=\"225\" height=\"300\" srcset=\"https:\/\/www.radiopiu.net\/wordpress\/wp-content\/uploads\/2019\/07\/IMG-20190707-WA0001-225x300.jpg 225w, https:\/\/www.radiopiu.net\/wordpress\/wp-content\/uploads\/2019\/07\/IMG-20190707-WA0001.jpg 768w\" sizes=\"auto, (max-width: 225px) 100vw, 225px\" \/><\/a>della legge (\u201cVa ricordato \u2013 ha commentato Fabio Bona, presidente della \u2018Piave\u2019 &#8211; che il Veneto \u00e8 una delle prime regioni a deliberare in questo settore\u201d), qualche osservazione \u00e8 stata mossa al regolamento, un po\u2019 troppo complesso e forse eccessivamente burocratico. Recependo le osservazioni, l\u2019assessore Caner si \u00e8 riservato di convocare, dopo l\u2019estate, una riunione per delineare le necessarie integrazioni. A Nate c\u2019era anche Stefano Cesa, sindaco del neonato comune di Borgo Valbelluna, risultato del referendum di primavera che ha determinato l\u2019unione di Trichiana, Mel e Lentiai. Tempi <a class=\"dt-pswp-item\" href=\"http:\/\/www.radiopiu.net\/wordpress\/wp-content\/uploads\/2019\/07\/IMG-20190707-WA0002.jpg\" data-dt-img-description=\"\" data-large_image_width=\"768\" data-large_image_height=\"1024\"><img loading=\"lazy\" decoding=\"async\" class=\"size-medium wp-image-91563 alignleft\" src=\"http:\/\/www.radiopiu.net\/wordpress\/wp-content\/uploads\/2019\/07\/IMG-20190707-WA0002-225x300.jpg\" alt=\"\" width=\"225\" height=\"300\" srcset=\"https:\/\/www.radiopiu.net\/wordpress\/wp-content\/uploads\/2019\/07\/IMG-20190707-WA0002-225x300.jpg 225w, https:\/\/www.radiopiu.net\/wordpress\/wp-content\/uploads\/2019\/07\/IMG-20190707-WA0002.jpg 768w\" sizes=\"auto, (max-width: 225px) 100vw, 225px\" \/><\/a>contenuti per la, davvero molto partecipata, parte ufficiale dell\u2019incontro. Con i saluti delle autorit\u00e0 che hanno posto l\u2019accento sulle potenzialit\u00e0 della rete delle Confraternite nell\u2019ottica di promozione dell\u2019enogastronomia veneta. \u201cE oggi registriamo \u2013 ha detto Caner \u2013 un altro riconoscimento importante: le Colline del Prosecco sono, infatti, diventate patrimonio mondiale dell\u2019umanit\u00e0\u201d. Parole di plauso per l\u2019iniziativa, che rinsalda legami gi\u00e0 forti tra le Confraternite venete, sono arrivate da Antonio Bortoli, direttore generale di Lattebusche. Che ha anche, celiando, affermato che \u201cDobbiamo imparare molto dall\u2019attivit\u00e0 della Confraternita del Formaggio Piave dop, perch\u00e9 non \u00e8 certo facile riunire in questo ambiente un assessore, due consiglieri regionali e il sindaco di uno dei pi\u00f9 importanti comuni del Bellunese!\u201d. Dopo la messa c\u2019\u00e8 stata anche l\u2019intronizzazione di un nuovo confratello della \u2018Piave\u2019. Paludamenti, medaglia di san Lucio e forma di Piave sono <a class=\"dt-pswp-item\" href=\"http:\/\/www.radiopiu.net\/wordpress\/wp-content\/uploads\/2019\/07\/IMG_20190707_102836.jpg\" data-dt-img-description=\"\" data-large_image_width=\"4160\" data-large_image_height=\"2336\"><img loading=\"lazy\" decoding=\"async\" class=\"size-medium wp-image-91564 alignright\" src=\"http:\/\/www.radiopiu.net\/wordpress\/wp-content\/uploads\/2019\/07\/IMG_20190707_102836-300x168.jpg\" alt=\"\" width=\"300\" height=\"168\" srcset=\"https:\/\/www.radiopiu.net\/wordpress\/wp-content\/uploads\/2019\/07\/IMG_20190707_102836-300x168.jpg 300w, https:\/\/www.radiopiu.net\/wordpress\/wp-content\/uploads\/2019\/07\/IMG_20190707_102836-768x431.jpg 768w, https:\/\/www.radiopiu.net\/wordpress\/wp-content\/uploads\/2019\/07\/IMG_20190707_102836-1024x575.jpg 1024w\" sizes=\"auto, (max-width: 300px) 100vw, 300px\" \/><\/a>stati consegnati a Paolo Remini. Tante Confraternite e uno spartito di particolare spessore. Dalle 10, gli ospiti erano accolti con caff\u00e8, dolcetti e stuzzicanti fette di insaccati. Dietro le quinte, intanto, Antonio Roccon e i suoi collaboratori della Radici&amp;Fasioi lavoravano alacremente per preparare la versione estiva (la cipolla in luogo della pancetta rosolata) del piatto ormai conosciuto anche lontano dai confini regionali. Appena un po\u2019 pi\u00f9 appartati, sudavano i responsabili della polenta e dello spiedo, che avrebbero rappresentato il \u2018piatto di mezzo\u2019 della giornata. Conclusa con i dolci (una straordinaria passerella di prodotti realizzati dalle sapienti mani delle ospiti; per loro, un piccolo omaggio delle \u2018Piave\u2019) e un freschissimo gelato Lattebusche. Come ricordo dell\u2019incontro 2019, la \u2018Piave\u2019 aveva chiesto al proprio confratello, Giuseppe De Lazzer, di realizzare un \u2018cuc\u2019. Si tratta, come ha ricordato lo stesso autore, di un fischietto, realizzato in creta, che imitate perfettamente il verso del cuculo. Le abili mani degli artigiani ne realizzavano, soprattutto, in forma di animaletti. Per questa occasione, invece, De Lazzer ha pensato a uno spicchio di formaggio (Piave, ovviamente) nel quale si trova benissimo anche un topolino.<\/p>\n","protected":false},"excerpt":{"rendered":"<p>BORGOVALBELLUNA\u00a0 La prima edizione, giusto un anno fa, aveva avuto un indubbio successo. Scaturito dal pretesto di rinnovare il gemellaggio tra la \u2018Piave\u2019 e lo SNODAR, l\u2019incontro aveva visto la presenza di altre sette Confraternite, salite alla sede degli alpini a Nate di Borgo Valbelluna (Belluno). Cos\u00ec, a dodici mesi di distanza, la \u2018Piave\u2019 ha&hellip;<\/p>\n","protected":false},"author":1,"featured_media":91562,"comment_status":"closed","ping_status":"closed","sticky":false,"template":"","format":"standard","meta":{"_monsterinsights_skip_tracking":false,"_monsterinsights_sitenote_active":false,"_monsterinsights_sitenote_note":"","_monsterinsights_sitenote_category":0,"footnotes":""},"categories":[49],"tags":[],"class_list":["post-91567","post","type-post","status-publish","format-standard","has-post-thumbnail","hentry","category-news-18","category-49","description-off"],"img_url":"https:\/\/www.radiopiu.net\/wordpress\/wp-content\/uploads\/2019\/07\/autorit\u00e01_.jpg","_links":{"self":[{"href":"https:\/\/www.radiopiu.net\/wordpress\/wp-json\/wp\/v2\/posts\/91567","targetHints":{"allow":["GET"]}}],"collection":[{"href":"https:\/\/www.radiopiu.net\/wordpress\/wp-json\/wp\/v2\/posts"}],"about":[{"href":"https:\/\/www.radiopiu.net\/wordpress\/wp-json\/wp\/v2\/types\/post"}],"author":[{"embeddable":true,"href":"https:\/\/www.radiopiu.net\/wordpress\/wp-json\/wp\/v2\/users\/1"}],"replies":[{"embeddable":true,"href":"https:\/\/www.radiopiu.net\/wordpress\/wp-json\/wp\/v2\/comments?post=91567"}],"version-history":[{"count":0,"href":"https:\/\/www.radiopiu.net\/wordpress\/wp-json\/wp\/v2\/posts\/91567\/revisions"}],"wp:featuredmedia":[{"embeddable":true,"href":"https:\/\/www.radiopiu.net\/wordpress\/wp-json\/wp\/v2\/media\/91562"}],"wp:attachment":[{"href":"https:\/\/www.radiopiu.net\/wordpress\/wp-json\/wp\/v2\/media?parent=91567"}],"wp:term":[{"taxonomy":"category","embeddable":true,"href":"https:\/\/www.radiopiu.net\/wordpress\/wp-json\/wp\/v2\/categories?post=91567"},{"taxonomy":"post_tag","embeddable":true,"href":"https:\/\/www.radiopiu.net\/wordpress\/wp-json\/wp\/v2\/tags?post=91567"}],"curies":[{"name":"wp","href":"https:\/\/api.w.org\/{rel}","templated":true}]}}