{"id":91605,"date":"2019-07-12T23:59:38","date_gmt":"2019-07-12T21:59:38","guid":{"rendered":"http:\/\/www.radiopiu.net\/wordpress\/?p=91605"},"modified":"2019-07-12T17:34:36","modified_gmt":"2019-07-12T15:34:36","slug":"pampanin-il-botanico-di-fama-internazionale-di-renato-bona","status":"publish","type":"post","link":"https:\/\/www.radiopiu.net\/wordpress\/pampanin-il-botanico-di-fama-internazionale-di-renato-bona\/","title":{"rendered":"PAMPANIN: IL BOTANICO DI FAMA INTERNAZIONALE di RENATO BONA"},"content":{"rendered":"<p><a class=\"dt-pswp-item\" href=\"http:\/\/www.radiopiu.net\/wordpress\/wp-content\/uploads\/2019\/07\/66482422_339966053548215_1720242673878564864_n.jpg\" data-dt-img-description=\"\" data-large_image_width=\"400\" data-large_image_height=\"562\"><img loading=\"lazy\" decoding=\"async\" class=\" wp-image-91606 alignleft\" src=\"http:\/\/www.radiopiu.net\/wordpress\/wp-content\/uploads\/2019\/07\/66482422_339966053548215_1720242673878564864_n-214x300.jpg\" alt=\"\" width=\"274\" height=\"384\" srcset=\"https:\/\/www.radiopiu.net\/wordpress\/wp-content\/uploads\/2019\/07\/66482422_339966053548215_1720242673878564864_n-214x300.jpg 214w, https:\/\/www.radiopiu.net\/wordpress\/wp-content\/uploads\/2019\/07\/66482422_339966053548215_1720242673878564864_n.jpg 400w\" sizes=\"auto, (max-width: 274px) 100vw, 274px\" \/><\/a>\u201cDa San Vito di Cadore. Botanico di fama internazionale, si dedic\u00f2 con trasporto allo studio della flora del suo paese e scopr\u00ec molte variet\u00e0 di piante che oggi portano il suo nome. Uomo di grande cultura ed intelligenza cur\u00f2 pure gli studi storici e si interess\u00f2 della pittura e della scultura etrusca. Mor\u00ec a Torino\u201d. Cos\u00ec, molto sinteticamente, lo storico Giuseppe Fontana nel suo \u201cLa Provincia di Belluno. Sussidio per lo studio dell\u2019ambiente nelle scuole elementari\u201d edito per i tipi della Panfilo Castaldi di Feltre il 2 settembre 1960, ricorda la figura di Renato Pampanin (per molti altri Pampanini \u2013 ndr.) che, secondo la libera enciclopedia Wikipedia era nato a Valdobbiadene il 20 ottobre 1875 e mor\u00ec a Vittorio Veneto il 19 luglio 1949. A sua volta, il sito ekoclubambiente.it puntualizzato che: \u201c\u2026la sua famiglia era originaria di Chiapuzza, una frazione di S. Vito di Cadore, dunque era un cadorino\u201d, mette in evidenza la figura della madre \u201cdonna di elevati sentimenti, assai intelligente e dotata di uno spirito critico notevole, di buone disposizioni per la pittura e di un gusto innato per la lettura\u201d, che gli diede una seria educazione e l\u2019amore della libera vita della campagna, coltivandone la naturale tendenza per la lettura e la passione per le scienze naturali!\u201d. Sottolinea poi che \u201cTra il 1913 ed i 1934 partecip\u00f2 a numerose esplorazioni botaniche in Cirenaica e in altre zone dell&#8217;Africa settentrionale, a Rodi e nelle isole del Dodecaneso. L&#8217;erbario di Renato Pampanini, comprendente oltre 5.000 campioni, \u00e8 conservato nell&#8217;Erbario Centrale Italiano del Museo di storia naturale di Firenze. Diverse specie botaniche tra cui Artemisia pampaninii, Lonicera pampaninii, Sedum pampaninii, Belamcanda pampaninii, Amaracus pampaninii, Origanum pampaninii, Gagea pampaninii, Solanum pampaninii e Daphne pampaninii sono state dedicate al suo nome. Fra le sue opere vanno ricordate: Per la protezione dei monumenti naturali in Italia (1912); Gli esponenti pi\u00f9 rimarchevoli e pi\u00f9 rari della flora toscana nel censimento dei Monumenti naturali d&#8217;Italia (1924); Repertorium Florae Libicae (1930); Prodromo della Flora Cirenaica (1931); Flora di Cortina d&#8217;Ampezzo (1948); Flora del Cadore (pubblicata postuma nel 1958)\u201d. Di Renato Pampanini, scienziato e scrittore, si \u00e8 occupato anche lo storico bellunese Mario Ferruccio Belli che nel maggio di dieci anni fa ha pubblicato un servizio sul mensile\u201dIl Cadore\u201d evidenziando fra l\u2019altro che: \u201cPersonaggio di spicco nel mondo culturale italiano\u2026 di famiglia sanvitese fu scrittore e docente di botanica. Non pot\u00e8 finire un\u2019opera monumentale sulla flora del Cadore. La famiglia di Renato Pampanini de la Varda era fra le pi\u00f9 ricche di San Vito. Durante la rivolta antiaustriaca del 1848, lo zio Antonio, sacerdote, aveva combattuto al comando del 1\u00b0 Corpo franco sotto la direzione di P F Calvi, sul confine con Ampezzo, alla Chiusa di Venas e, in seguito, alla difesa di Venezia. Anche per togliersi da tanta esposizione politica i suoi genitori, Giovanni Battista e Maria Arrigoni, erano allora emigrati a Cozzuolo di Vittorio Veneto. Ma pure don Antonio dopo la capitolazione di Venezia (1849), aveva scelto di non fare ritorno nella casa avita di Chiapuzza e, invece, venirsene al sicuro nella campagna delle basse. L\u00e0 Renato nacque nel 1875. La natura rigogliosa, la casa immersa nel verde e la conoscenza del botanico vittoriose Pier Antonio Saccardo, amico di famiglia, segnarono il suo destino. Ancora quand\u2019era alle scuole popolari incominci\u00f2 a raccogliere erbe e piante, fra cui quelle acquatiche che scopriva nei laghetti di Revine, descrivendo quelle pi\u00f9 rare con rigore sistematico. Mentre frequentava il ginnasio vescovile di Ceneda, fu colpito da una grave malattia (tbc?) e la famiglia pens\u00f2 di mandarlo a guarire in Svizzera e questo fu il motivo per cui prosegu\u00ec col\u00e0 gli studi, diplomandosi a Friburgo\u201d.<\/p>\n<p><a class=\"dt-pswp-item\" href=\"http:\/\/www.radiopiu.net\/wordpress\/wp-content\/uploads\/2019\/07\/66417835_1287518058065551_2231727052099158016_n.jpg\" data-dt-img-description=\"\" data-large_image_width=\"212\" data-large_image_height=\"300\"><img loading=\"lazy\" decoding=\"async\" class=\"alignnone  wp-image-91609\" src=\"http:\/\/www.radiopiu.net\/wordpress\/wp-content\/uploads\/2019\/07\/66417835_1287518058065551_2231727052099158016_n-212x300.jpg\" alt=\"\" width=\"164\" height=\"232\" \/><\/a><a class=\"dt-pswp-item\" href=\"http:\/\/www.radiopiu.net\/wordpress\/wp-content\/uploads\/2019\/07\/67284603_1457365944418030_5086505476317773824_n.jpg\" data-dt-img-description=\"\" data-large_image_width=\"236\" data-large_image_height=\"362\"><img loading=\"lazy\" decoding=\"async\" class=\"alignnone  wp-image-91608\" src=\"http:\/\/www.radiopiu.net\/wordpress\/wp-content\/uploads\/2019\/07\/67284603_1457365944418030_5086505476317773824_n-196x300.jpg\" alt=\"\" width=\"155\" height=\"237\" srcset=\"https:\/\/www.radiopiu.net\/wordpress\/wp-content\/uploads\/2019\/07\/67284603_1457365944418030_5086505476317773824_n-196x300.jpg 196w, https:\/\/www.radiopiu.net\/wordpress\/wp-content\/uploads\/2019\/07\/67284603_1457365944418030_5086505476317773824_n.jpg 236w\" sizes=\"auto, (max-width: 155px) 100vw, 155px\" \/><\/a><a class=\"dt-pswp-item\" href=\"http:\/\/www.radiopiu.net\/wordpress\/wp-content\/uploads\/2019\/07\/65037381_314853395898448_5915583551998263296_n.jpg\" data-dt-img-description=\"\" data-large_image_width=\"220\" data-large_image_height=\"188\"><img loading=\"lazy\" decoding=\"async\" class=\"alignnone  wp-image-91607\" src=\"http:\/\/www.radiopiu.net\/wordpress\/wp-content\/uploads\/2019\/07\/65037381_314853395898448_5915583551998263296_n.jpg\" alt=\"\" width=\"274\" height=\"235\" \/><\/a><\/p>\n<p>NELLE FOTO (Il Cadore, Wikipedia e Gogle): Immagini di Renato Pampanin e la copertina del suo pregevole volume sulla Flora del Cadore pubblicato postumo a cura della Magnifica comunit\u00e0 di Cadore.<\/p>\n","protected":false},"excerpt":{"rendered":"<p>\u201cDa San Vito di Cadore. Botanico di fama internazionale, si dedic\u00f2 con trasporto allo studio della flora del suo paese e scopr\u00ec molte variet\u00e0 di piante che oggi portano il suo nome. Uomo di grande cultura ed intelligenza cur\u00f2 pure gli studi storici e si interess\u00f2 della pittura e della scultura etrusca. Mor\u00ec a Torino\u201d.&hellip;<\/p>\n","protected":false},"author":1,"featured_media":91608,"comment_status":"closed","ping_status":"closed","sticky":false,"template":"","format":"standard","meta":{"_monsterinsights_skip_tracking":false,"_monsterinsights_sitenote_active":false,"_monsterinsights_sitenote_note":"","_monsterinsights_sitenote_category":0,"footnotes":""},"categories":[49],"tags":[],"class_list":["post-91605","post","type-post","status-publish","format-standard","has-post-thumbnail","hentry","category-news-18","category-49","description-off"],"img_url":"https:\/\/www.radiopiu.net\/wordpress\/wp-content\/uploads\/2019\/07\/67284603_1457365944418030_5086505476317773824_n.jpg","_links":{"self":[{"href":"https:\/\/www.radiopiu.net\/wordpress\/wp-json\/wp\/v2\/posts\/91605","targetHints":{"allow":["GET"]}}],"collection":[{"href":"https:\/\/www.radiopiu.net\/wordpress\/wp-json\/wp\/v2\/posts"}],"about":[{"href":"https:\/\/www.radiopiu.net\/wordpress\/wp-json\/wp\/v2\/types\/post"}],"author":[{"embeddable":true,"href":"https:\/\/www.radiopiu.net\/wordpress\/wp-json\/wp\/v2\/users\/1"}],"replies":[{"embeddable":true,"href":"https:\/\/www.radiopiu.net\/wordpress\/wp-json\/wp\/v2\/comments?post=91605"}],"version-history":[{"count":0,"href":"https:\/\/www.radiopiu.net\/wordpress\/wp-json\/wp\/v2\/posts\/91605\/revisions"}],"wp:featuredmedia":[{"embeddable":true,"href":"https:\/\/www.radiopiu.net\/wordpress\/wp-json\/wp\/v2\/media\/91608"}],"wp:attachment":[{"href":"https:\/\/www.radiopiu.net\/wordpress\/wp-json\/wp\/v2\/media?parent=91605"}],"wp:term":[{"taxonomy":"category","embeddable":true,"href":"https:\/\/www.radiopiu.net\/wordpress\/wp-json\/wp\/v2\/categories?post=91605"},{"taxonomy":"post_tag","embeddable":true,"href":"https:\/\/www.radiopiu.net\/wordpress\/wp-json\/wp\/v2\/tags?post=91605"}],"curies":[{"name":"wp","href":"https:\/\/api.w.org\/{rel}","templated":true}]}}