{"id":91695,"date":"2019-07-15T05:26:33","date_gmt":"2019-07-15T03:26:33","guid":{"rendered":"http:\/\/www.radiopiu.net\/wordpress\/?p=91695"},"modified":"2019-07-16T06:12:15","modified_gmt":"2019-07-16T04:12:15","slug":"soccorso-alpino-da-non-tirare-nemmeno-il-fiato","status":"publish","type":"post","link":"https:\/\/www.radiopiu.net\/wordpress\/soccorso-alpino-da-non-tirare-nemmeno-il-fiato\/","title":{"rendered":"SOCCORSO ALPINO&#8230; DA NON TIRARE NEMMENO IL FIATO"},"content":{"rendered":"<p>&nbsp;<\/p>\n<p>&nbsp;<\/p>\n<h3>GRAVE ESCURSIONISTA PRECIPITATO IN CIVETTA<\/h3>\n<p><strong><a class=\"dt-pswp-item\" href=\"http:\/\/www.radiopiu.net\/wordpress\/wp-content\/uploads\/2019\/07\/IMG-20190714-WA0004.jpg\" data-dt-img-description=\"\" data-large_image_width=\"765\" data-large_image_height=\"1368\"><img loading=\"lazy\" decoding=\"async\" class=\" wp-image-91687 alignleft\" src=\"http:\/\/www.radiopiu.net\/wordpress\/wp-content\/uploads\/2019\/07\/IMG-20190714-WA0004-168x300.jpg\" alt=\"\" width=\"76\" height=\"136\" srcset=\"https:\/\/www.radiopiu.net\/wordpress\/wp-content\/uploads\/2019\/07\/IMG-20190714-WA0004-168x300.jpg 168w, https:\/\/www.radiopiu.net\/wordpress\/wp-content\/uploads\/2019\/07\/IMG-20190714-WA0004-573x1024.jpg 573w, https:\/\/www.radiopiu.net\/wordpress\/wp-content\/uploads\/2019\/07\/IMG-20190714-WA0004.jpg 765w\" sizes=\"auto, (max-width: 76px) 100vw, 76px\" \/><\/a>VAL DI ZOLDO<\/strong> Ieri mattina \u00a0l&#8217;elicottero del Suem di Pieve di Cadore \u00e8 decollato in direzione del Civetta, dove un escursionista era ruzzolato tra le rocce per una ventina di metri. L&#8217;uomo, F.D., 67 anni, di Belluno, che con due amici stava salendo verso Cima Tom\u00e8, non distante dal Rifugio Torrani, \u00e8 stato raggiunto da medico e tecnico del Soccorso alpino dell&#8217;equipaggio, sbarcati nelle vicinanze. Prestate le prome cure, l&#8217;infortunato \u00e8 stato caricato in barella e recuperato con un verricello di 10 metri, per essere trasportato con un grave politrauma all&#8217;ospedale di Treviso. Anche i suoi compagni sono stati imbarcati e portati a valle.<\/p>\n<p>&nbsp;<\/p>\n<h3><\/h3>\n<h3>SCIVOLA IN VAL SPERLONGA<\/h3>\n<p><strong><a class=\"dt-pswp-item\" href=\"http:\/\/www.radiopiu.net\/wordpress\/wp-content\/uploads\/2019\/07\/IMG-20190714-WA0005.jpg\" data-dt-img-description=\"\" data-large_image_width=\"1600\" data-large_image_height=\"1200\"><img loading=\"lazy\" decoding=\"async\" class=\" wp-image-91686 alignleft\" src=\"http:\/\/www.radiopiu.net\/wordpress\/wp-content\/uploads\/2019\/07\/IMG-20190714-WA0005-300x225.jpg\" alt=\"\" width=\"135\" height=\"101\" srcset=\"https:\/\/www.radiopiu.net\/wordpress\/wp-content\/uploads\/2019\/07\/IMG-20190714-WA0005-300x225.jpg 300w, https:\/\/www.radiopiu.net\/wordpress\/wp-content\/uploads\/2019\/07\/IMG-20190714-WA0005-768x576.jpg 768w, https:\/\/www.radiopiu.net\/wordpress\/wp-content\/uploads\/2019\/07\/IMG-20190714-WA0005-1024x768.jpg 1024w, https:\/\/www.radiopiu.net\/wordpress\/wp-content\/uploads\/2019\/07\/IMG-20190714-WA0005.jpg 1600w\" sizes=\"auto, (max-width: 135px) 100vw, 135px\" \/><\/a>CHIES D&#8217;ALPAG<\/strong>O Erano le 13 di ieri quando\u00a0 l&#8217;eliambulanza del Suem di Pieve di Cadore \u00e8 intervenuta in Val Sperlonga, per un escursionista che aveva riportato alcuni traumi dopo essere caduto e ruzzolato una decina di metri lungo il pendio. Sbarcati in hovering, l&#8217;equipe medica e il tecnico di elisoccorso hanno prestato le prime cure a Y.P., 35 anni, di Ponte nelle Alpi (BL), che si trovava con altre persone. Caricato in barella, l&#8217;infortunato \u00e8 stato recuperato con un verricello di 5 metri per essere trasportato all&#8217;ospedale di Belluno.<\/p>\n<p>&nbsp;<\/p>\n<p>&nbsp;<\/p>\n<h3>SCIVOLA SUL SENTIERO IN NEVEGAL<\/h3>\n<p><strong>BELLUNO<\/strong> Alle 14.15 la Centrale del Suem ha allertato il Soccorso alpino di Belluno per un incidente sul Nevegal. Mentre percorreva il sentiero di cresta tra il Rifugio Bristot e il Visentin, all&#8217;altezza della fine dello skilift della Busa da Camp, un escursionista si era procurato una probabile distorsione della caviglia e non era pi\u00f9 in grado di proseguire. Una squadra \u00e8 salita lungo la sottostante strada bianca con la jeep ed \u00e8 riuscita ad avvicinarsi al punto in cui si trovava l&#8217;uomo, M.S., 38 anni, di Riese Pio X, cui un medico di passaggio aveva gi\u00e0 stabilizzato la gamba. Caricato sul fuoristrada, l&#8217;infortunato \u00e8 stato trasportato all&#8217;ospedale San Martino.<\/p>\n<p>&nbsp;<\/p>\n<h3>RECUPERATO ALPINISTA SUL POMAGAGNON<\/h3>\n<p><strong>CORTINA\u00a0<\/strong> \u00c8 stato recuperato ieri\u00a0 mattina alle 6.30 l&#8217;alpinista rimasto in parete sul Pomagagnon dopo l&#8217;infortunio della compagna. La coppia era salita ieri per la diretta, ma, al momento di rientrare dalla quinta cengia verso il ghiaione, un sasso caduto dall&#8217;alto aveva colpito la donna, I.D.R., 44 anni, di Bologna, alla schiena. Scattato l&#8217;allarme verso le 16.30, era decollato l&#8217;elicottero del Suem di Pieve di Cadore che, dopo un paio di tentativi di avvicinamento resi difficile dalle forti raffiche di vento, era riuscito a sbarcare il tecnico del Soccorso alpino dell&#8217;equipaggio con un verricello di 25 metri a circa 2.100 metri di quota. Il soccorritore aveva spostato i due alpinisti in un posto pi\u00f9 agevole per togliersi dalla parere, prestando le prime cure alla rocciatrice. L&#8217;eliambulanza era poi tornata completando la verricellata di imbarco di tecnico di elisoccorso e infortunata, subito trasportata all&#8217;ospedale di Belluno. Quando per\u00f2 era stato il momento di recuperare l&#8217;uomo, il vento aveva ostacolato tutti i tentativi dell&#8217;elicottero, proseguiti fino a scadenza effemeridi. Neppure l&#8217;eliambulanza dell&#8217;Aiut Alpin Dolomites di Bolzano intervenuta verso le 22 aveva potuto ultimare il soccorso, poich\u00e9 l&#8217;alpinista, spostandosi pi\u00f9 in basso, si era fermato sotto una gobba e non era raggiungibile. Questa mattina, il Pelikan di Bolzano ha imbarcato un tecnico del Soccorso alpino di Cortina in supporto alle operazioni e ha effettuato il recupero dello scalatore con un verricello di 90 metri.<\/p>\n<p>&nbsp;<\/p>\n<p>&nbsp;<\/p>\n<p>&nbsp;<\/p>\n<h2>TANTI INTERVENTI TRA SABATO MATTINA E SERA<\/h2>\n<p>&nbsp;<\/p>\n<p><strong>ROCCA PIETORE<\/strong>\u00a0 Alle 15.50 circa dalla Centrale del 112 \u00e8 arrivata la segnalazione di un escursionista in difficolt\u00e0 sopra l&#8217;abitato di Sottoguda. Scendendo dal sentiero numero 685, ormai nella parte terminale, A.B., 49 anni di Siena, aveva trovato una frana di fronte a s\u00e9 e non era pi\u00f9 stato in grado di proseguire. Dopo essere riusciti a geolocalizzarlo, una squadra del Soccorso alpino della Val Pettorina lo ha raggiunto e riaccompagnato a valle.<\/p>\n<p><strong>CORTINA<\/strong> Alle 16.30 l&#8217;elicottero del Suem di Pieve di Cadore \u00e8 decollato in direzione del Pomagnagon, a Cortina d&#8217;Ampezzo, dove nel rientro dalla quinta alla terza cengia della Via Teston del Bartoldo, una rocciatrice era stata colpita da un sasso. Non senza difficolt\u00e0 a causa del forte vento, l&#8217;eliambulanza ha recuperato l&#8217;infortunata, I.D.R., 44 anni di Bologna con un verricello di 20 metri e la ha trasportata all&#8217;ospedale di Belluno a seguito del sospetto trauma vertebrale riportato. L&#8217;elicottero ha poi tentato fino a scadenza effemeridi di riavvicinarsi alla parete, in cui \u00e8 ancora bloccato il compagno della donna, senza purtroppo riuscirci sempre per le raffiche di vento. In questo momento sta provando il mezzo dell&#8217;Aiut Alpin Dolomites di Bolzano.<\/p>\n<p><strong>AURONZO<\/strong> Poco prima delle 19 la Centrale del 118 \u00e8 stata contattata da una cordata di 3 ragazzi che, arrivata in cima alla Torre Wundt, scalata la Mazzorana, aveva sbagliato la via di rientro. Grazie alle informazioni telefoniche della Centrale e del Soccorso alpino di Auronzo, ricevute anche tramite il gestore del Rifugio Fonda Savio date le difficolt\u00e0 nelle comunicazioni, i tre alpinisti hanno proseguito le doppie lungo una via alternativa e sono arrivati alla base della parete autonomamente.<\/p>\n<p><strong>LIVINALLONGO<\/strong> Alle 19 una squadra del Soccorso alpino di Livinallongo \u00e8 intervenuta a Porta Vescovo, poco sopra la stazione di partenza della funivia, per una turista tedesca di 59 anni che si era procurata un probabile trauma al ginocchio. Raggiunta in jeep, la donna \u00e8 stata poi portata ad Arabba dove alloggia.<\/p>\n<p>&nbsp;<\/p>\n<p>&nbsp;<\/p>\n<h3><\/h3>\n","protected":false},"excerpt":{"rendered":"<p>&nbsp; &nbsp; GRAVE ESCURSIONISTA PRECIPITATO IN CIVETTA VAL DI ZOLDO Ieri mattina \u00a0l&#8217;elicottero del Suem di Pieve di Cadore \u00e8 decollato in direzione del Civetta, dove un escursionista era ruzzolato tra le rocce per una ventina di metri. L&#8217;uomo, F.D., 67 anni, di Belluno, che con due amici stava salendo verso Cima Tom\u00e8, non distante&hellip;<\/p>\n","protected":false},"author":1,"featured_media":91686,"comment_status":"closed","ping_status":"closed","sticky":false,"template":"","format":"standard","meta":{"_monsterinsights_skip_tracking":false,"_monsterinsights_sitenote_active":false,"_monsterinsights_sitenote_note":"","_monsterinsights_sitenote_category":0,"footnotes":""},"categories":[49],"tags":[],"class_list":["post-91695","post","type-post","status-publish","format-standard","has-post-thumbnail","hentry","category-news-18","category-49","description-off"],"img_url":"https:\/\/www.radiopiu.net\/wordpress\/wp-content\/uploads\/2019\/07\/IMG-20190714-WA0005.jpg","_links":{"self":[{"href":"https:\/\/www.radiopiu.net\/wordpress\/wp-json\/wp\/v2\/posts\/91695","targetHints":{"allow":["GET"]}}],"collection":[{"href":"https:\/\/www.radiopiu.net\/wordpress\/wp-json\/wp\/v2\/posts"}],"about":[{"href":"https:\/\/www.radiopiu.net\/wordpress\/wp-json\/wp\/v2\/types\/post"}],"author":[{"embeddable":true,"href":"https:\/\/www.radiopiu.net\/wordpress\/wp-json\/wp\/v2\/users\/1"}],"replies":[{"embeddable":true,"href":"https:\/\/www.radiopiu.net\/wordpress\/wp-json\/wp\/v2\/comments?post=91695"}],"version-history":[{"count":0,"href":"https:\/\/www.radiopiu.net\/wordpress\/wp-json\/wp\/v2\/posts\/91695\/revisions"}],"wp:featuredmedia":[{"embeddable":true,"href":"https:\/\/www.radiopiu.net\/wordpress\/wp-json\/wp\/v2\/media\/91686"}],"wp:attachment":[{"href":"https:\/\/www.radiopiu.net\/wordpress\/wp-json\/wp\/v2\/media?parent=91695"}],"wp:term":[{"taxonomy":"category","embeddable":true,"href":"https:\/\/www.radiopiu.net\/wordpress\/wp-json\/wp\/v2\/categories?post=91695"},{"taxonomy":"post_tag","embeddable":true,"href":"https:\/\/www.radiopiu.net\/wordpress\/wp-json\/wp\/v2\/tags?post=91695"}],"curies":[{"name":"wp","href":"https:\/\/api.w.org\/{rel}","templated":true}]}}