{"id":91718,"date":"2019-07-14T23:59:26","date_gmt":"2019-07-14T21:59:26","guid":{"rendered":"http:\/\/www.radiopiu.net\/wordpress\/?p=91718"},"modified":"2019-07-16T06:10:36","modified_gmt":"2019-07-16T04:10:36","slug":"la-dedicazione-delle-chiese-settimana-con-11-anniversari-di-renato-bona","status":"publish","type":"post","link":"https:\/\/www.radiopiu.net\/wordpress\/la-dedicazione-delle-chiese-settimana-con-11-anniversari-di-renato-bona\/","title":{"rendered":"LA DEDICAZIONE DELLE CHIESE: SETTIMANA CON 11 ANNIVERSARI di Renato Bona"},"content":{"rendered":"<div class=\"_4tdt _ua1\">\n<div class=\"_ua2\">\n<div class=\"_4tdv\">\n<div class=\"_5wd4 _1nc7\">\n<div class=\"._1dlq _h8t\">\n<div class=\"_5wd9 direction_ltr clearfix\">\n<div class=\"_1e-x _n4o\">\n<div class=\"_3_bl\">\n<div class=\"_5w1r _3_om _5wdf\">\n<div class=\"_4gx_\">\n<div class=\"_1aa6\">\n<div class=\"\" style=\"text-align: left;\"><span class=\"_5yl5\"><img loading=\"lazy\" decoding=\"async\" class=\"img alignleft\" src=\"https:\/\/scontent.fmxp3-1.fna.fbcdn.net\/v\/t1.0-1\/c20.0.80.80a\/p80x80\/553085_385905871470280_1626001170_n.jpg?_nc_cat=110&amp;_nc_eui2=AeGdnOmHh3vO2Kmw_-s26nhopQmUwQimal8qGAMfFYb74UgA69KD9s0DE1m6qclhlDf3kolUxRryW2UJt9imzp7l6H2DLYj2lwmXfO7XCtTKEA&amp;_nc_oc=AQnFMYnTkiok75mvX59NteMg22ndPBHSHWih731yra3T0KvYj8hfS6xugMIPTXovdD4&amp;_nc_ht=scontent.fmxp3-1.fna&amp;oh=a9ba4594499b22b4ccccdf9851a54e2a&amp;oe=5DA76719\" alt=\"\" width=\"84\" height=\"84\" \/>Per Santa Maria degli Angeli di Feltre \u00e8 il numero 499 I Il settimanale \u201cDomenica\u201d edito dalla Diocesi di Belluno-Feltre e diretto dal vescovo emerito Giuseppe Andrich specifica nell\u2019ultimo numero, il 33, che in questa settimana ricorrono gli anniversari di dedicazione di ben undici chiese (delle quali ci siamo occupati in precedenza per quanto concerne aspetti storici, architettonici e relativamente alle opere d\u2019arte). Si comincia oggi, luned\u00ec 15 con quelle di Pieve d\u2019Alpago (1922), quindi Cornei, sempre in Alpago (1956) e Vinigo di Cadore (1737). Domani, marted\u00ec 16, sar\u00e0 la volta delle chiese di Nebbiu\u2019 di Cadore (1829), Libano di Sedico (1901) e Rivamonte Agordino (1972); mercoled\u00ec 17 tocca alla chiesa di San Pietro di Cadore in Comelico (1771) e gioved\u00ec 18 a quella di Padola, pure in Comelico (1877); venerd\u00ec 19 alla chiesa di Goima, in Zoldo (1754); sabato 20 a quella di Santa Maria degli Angeli di Feltre (1520), la piu\u2019 antica del gruppo con 499 anni di dedicazione; infine domenica 21 anniversario numero 175 per la chiesa di Colle Santa Lucia, in Agordino (1844). NELLE FOTO (Marco Dalla Rosa, Wikipedia, Altedolomiti): le chiese di Libano, San Pietro di Cadore, Santa Maria degli Angeli di Feltre, di Colle Santa Lucia.<\/span><\/div>\n<\/div>\n<\/div>\n<\/div>\n<\/div>\n<p><i class=\"img sp_LtgOzyE63bd_1_5x sx_a81a05\"><\/i><i class=\"img sp_-RrPcy6I70A_1_5x sx_cf484f\"><\/i><\/div>\n<\/div>\n<\/div>\n<div class=\"_40qi\"><a class=\"dt-pswp-item\" href=\"http:\/\/www.radiopiu.net\/wordpress\/wp-content\/uploads\/2019\/07\/66753557_2418080308251837_1250087576241438720_n.jpg\" data-dt-img-description=\"\" data-large_image_width=\"900\" data-large_image_height=\"600\"><img loading=\"lazy\" decoding=\"async\" class=\"alignnone size-medium wp-image-91719\" src=\"http:\/\/www.radiopiu.net\/wordpress\/wp-content\/uploads\/2019\/07\/66753557_2418080308251837_1250087576241438720_n-300x200.jpg\" alt=\"\" width=\"300\" height=\"200\" srcset=\"https:\/\/www.radiopiu.net\/wordpress\/wp-content\/uploads\/2019\/07\/66753557_2418080308251837_1250087576241438720_n-300x200.jpg 300w, https:\/\/www.radiopiu.net\/wordpress\/wp-content\/uploads\/2019\/07\/66753557_2418080308251837_1250087576241438720_n-768x512.jpg 768w, https:\/\/www.radiopiu.net\/wordpress\/wp-content\/uploads\/2019\/07\/66753557_2418080308251837_1250087576241438720_n.jpg 900w\" sizes=\"auto, (max-width: 300px) 100vw, 300px\" \/><\/a><a class=\"dt-pswp-item\" href=\"http:\/\/www.radiopiu.net\/wordpress\/wp-content\/uploads\/2019\/07\/66766562_324278901855152_6071314603680202752_n.jpg\" data-dt-img-description=\"\" data-large_image_width=\"545\" data-large_image_height=\"960\"><img loading=\"lazy\" decoding=\"async\" class=\"alignnone  wp-image-91720\" src=\"http:\/\/www.radiopiu.net\/wordpress\/wp-content\/uploads\/2019\/07\/66766562_324278901855152_6071314603680202752_n-170x300.jpg\" alt=\"\" width=\"114\" height=\"201\" srcset=\"https:\/\/www.radiopiu.net\/wordpress\/wp-content\/uploads\/2019\/07\/66766562_324278901855152_6071314603680202752_n-170x300.jpg 170w, https:\/\/www.radiopiu.net\/wordpress\/wp-content\/uploads\/2019\/07\/66766562_324278901855152_6071314603680202752_n.jpg 545w\" sizes=\"auto, (max-width: 114px) 100vw, 114px\" \/><\/a><a class=\"dt-pswp-item\" href=\"http:\/\/www.radiopiu.net\/wordpress\/wp-content\/uploads\/2019\/07\/67075488_319123992300293_4598396195612655616_n.jpg\" data-dt-img-description=\"\" data-large_image_width=\"208\" data-large_image_height=\"220\"><img loading=\"lazy\" decoding=\"async\" class=\"alignnone size-medium wp-image-91721\" src=\"http:\/\/www.radiopiu.net\/wordpress\/wp-content\/uploads\/2019\/07\/67075488_319123992300293_4598396195612655616_n.jpg\" alt=\"\" width=\"208\" height=\"220\" \/><\/a><a class=\"dt-pswp-item\" href=\"http:\/\/www.radiopiu.net\/wordpress\/wp-content\/uploads\/2019\/07\/67193007_2155343831260100_6874734974231117824_n.jpg\" data-dt-img-description=\"\" data-large_image_width=\"542\" data-large_image_height=\"960\"><img loading=\"lazy\" decoding=\"async\" class=\"alignnone  wp-image-91722\" src=\"http:\/\/www.radiopiu.net\/wordpress\/wp-content\/uploads\/2019\/07\/67193007_2155343831260100_6874734974231117824_n-169x300.jpg\" alt=\"\" width=\"124\" height=\"220\" srcset=\"https:\/\/www.radiopiu.net\/wordpress\/wp-content\/uploads\/2019\/07\/67193007_2155343831260100_6874734974231117824_n-169x300.jpg 169w, https:\/\/www.radiopiu.net\/wordpress\/wp-content\/uploads\/2019\/07\/67193007_2155343831260100_6874734974231117824_n.jpg 542w\" sizes=\"auto, (max-width: 124px) 100vw, 124px\" \/><\/a><\/div>\n<div>b<\/div>\n<\/div>\n<\/div>\n<\/div>\n<\/div>\n<div class=\"_4tdt _ua1\">\n<div class=\"_31o4\">\n<div class=\"_6--1\" aria-hidden=\"true\">\n<div class=\"_1gyw _55lt\"><\/div>\n<\/div>\n<\/div>\n<div class=\"_ua2\">\n<div class=\"_4tdv\">\n<div class=\"_5wd4 _1nc7 _2_-t\">\n<div class=\"._1dlq _h8t\">\n<div class=\"_5wd9 direction_ltr clearfix\">\n<div class=\"_3e7u _n4o _1a6y \" data-testid=\"attachment_root\">\n<div class=\"_55pk\">\n<div>\n<table class=\"_5b2w uiGrid _51mz\" cellspacing=\"0\" cellpadding=\"0\">\n<tbody>\n<tr class=\"_51mx\">\n<td class=\"_5b2x _51m- hRght\">\n<div class=\"_332l\"><\/div>\n<\/td>\n<td class=\"_5b2x _51mw _51m- hRght\"><\/td>\n<\/tr>\n<\/tbody>\n<\/table>\n<\/div>\n<\/div>\n<\/div>\n<\/div>\n<\/div>\n<\/div>\n<\/div>\n<\/div>\n<\/div>\n","protected":false},"excerpt":{"rendered":"<p>Per Santa Maria degli Angeli di Feltre \u00e8 il numero 499 I Il settimanale \u201cDomenica\u201d edito dalla Diocesi di Belluno-Feltre e diretto dal vescovo emerito Giuseppe Andrich specifica nell\u2019ultimo numero, il 33, che in questa settimana ricorrono gli anniversari di dedicazione di ben undici chiese (delle quali ci siamo occupati in precedenza per quanto concerne&hellip;<\/p>\n","protected":false},"author":1,"featured_media":91720,"comment_status":"closed","ping_status":"closed","sticky":false,"template":"","format":"standard","meta":{"_monsterinsights_skip_tracking":false,"_monsterinsights_sitenote_active":false,"_monsterinsights_sitenote_note":"","_monsterinsights_sitenote_category":0,"footnotes":""},"categories":[103,49],"tags":[],"class_list":["post-91718","post","type-post","status-publish","format-standard","has-post-thumbnail","hentry","category-evidenza_2","category-news-18","category-103","category-49","description-off"],"img_url":"https:\/\/www.radiopiu.net\/wordpress\/wp-content\/uploads\/2019\/07\/66766562_324278901855152_6071314603680202752_n.jpg","_links":{"self":[{"href":"https:\/\/www.radiopiu.net\/wordpress\/wp-json\/wp\/v2\/posts\/91718","targetHints":{"allow":["GET"]}}],"collection":[{"href":"https:\/\/www.radiopiu.net\/wordpress\/wp-json\/wp\/v2\/posts"}],"about":[{"href":"https:\/\/www.radiopiu.net\/wordpress\/wp-json\/wp\/v2\/types\/post"}],"author":[{"embeddable":true,"href":"https:\/\/www.radiopiu.net\/wordpress\/wp-json\/wp\/v2\/users\/1"}],"replies":[{"embeddable":true,"href":"https:\/\/www.radiopiu.net\/wordpress\/wp-json\/wp\/v2\/comments?post=91718"}],"version-history":[{"count":0,"href":"https:\/\/www.radiopiu.net\/wordpress\/wp-json\/wp\/v2\/posts\/91718\/revisions"}],"wp:featuredmedia":[{"embeddable":true,"href":"https:\/\/www.radiopiu.net\/wordpress\/wp-json\/wp\/v2\/media\/91720"}],"wp:attachment":[{"href":"https:\/\/www.radiopiu.net\/wordpress\/wp-json\/wp\/v2\/media?parent=91718"}],"wp:term":[{"taxonomy":"category","embeddable":true,"href":"https:\/\/www.radiopiu.net\/wordpress\/wp-json\/wp\/v2\/categories?post=91718"},{"taxonomy":"post_tag","embeddable":true,"href":"https:\/\/www.radiopiu.net\/wordpress\/wp-json\/wp\/v2\/tags?post=91718"}],"curies":[{"name":"wp","href":"https:\/\/api.w.org\/{rel}","templated":true}]}}