{"id":91734,"date":"2019-07-15T00:00:53","date_gmt":"2019-07-14T22:00:53","guid":{"rendered":"http:\/\/www.radiopiu.net\/wordpress\/?p=91734"},"modified":"2019-07-16T06:10:25","modified_gmt":"2019-07-16T04:10:25","slug":"il-fine-settimana-a-taibon-san-cipriano-con-la-donazione-dei-cori-al-comune-di-taibon","status":"publish","type":"post","link":"https:\/\/www.radiopiu.net\/wordpress\/il-fine-settimana-a-taibon-san-cipriano-con-la-donazione-dei-cori-al-comune-di-taibon\/","title":{"rendered":"IL FINE SETTIMANA A TAIBON SAN CIPRIANO CON LA DONAZIONE DEI CORI AL COMUNE DI TAIBON"},"content":{"rendered":"<p>&nbsp;<\/p>\n<h3>IL FINE SETTIMANA A TAIBON SAN CIPRIANO CON LA DONAZIONE DEI CORI AL COMUNE DI TAIBON<\/h3>\n<p><span style=\"color: #ff0000;\">collaborazione Leila Zas Friz<\/span><\/p>\n<p><strong>TAIBON<\/strong> Ieri la monumentale chiesa di San Cipriano, tra le pi\u00f9 antiche dell&#8217;Agordino( risalente al XII secolo), ha ospitato, grazie alla disponibilit\u00e0 del parroco Don Mario Zanon, un evento unico per la solidariet\u00e0, l&#8217;amicizia e la condivisione che hanno avvolto tutti i presenti. Alessandro Raschi, Presidente dell&#8217;Asac Veneto( Associazione per lo sviluppo delle attivit\u00e0 corali) ha consegnato al sindaco Silvia Tormen, 10.943,43 euro raccolti dai Cori Veneti e destinati al Comune di Taibon ferito sia dal fuoco che da Vaia). La cerimonia \u00e8 stata accompagnata da otto canti, scelti nel rispetto del tema affrontato e magistralmente eseguiti dai cori Polifonico di Trichiana (diretto da Stefano Bittante) Coro Minimo di Belluno ( diretto da Gianluca Nicolai). Silvia Tormen\u00a0 ha ringraziato i \u00a0Cori che con la loro presenza hanno emozionato i presenti I rappresentanti del Consiglio Comunale dei Ragazzi I tanti volontari che hanno dedicato passione, tempo e competenze per aiutarci a uscire dall&#8217;emergenza e guardare al futuro <em>&#8220;Fiduciosi\u00a0 &#8211; ha detto &#8211; che sapremo rialzarci per noi e per il nostro bel Comune&#8221;.<\/em>\u00a0 Tanti grazie anche al \u00a0gruppo Alpini di Agordo, Rivamonte, per aver preparato il pranzo per un centinaio di persone<\/p>\n<p><a class=\"dt-pswp-item\" href=\"http:\/\/www.radiopiu.net\/wordpress\/wp-content\/uploads\/2019\/07\/WhatsApp-Image-2019-07-14-at-18.57.27-3.jpeg\" data-dt-img-description=\"\" data-large_image_width=\"1600\" data-large_image_height=\"1200\"><img loading=\"lazy\" decoding=\"async\" class=\"alignnone wp-image-91730\" src=\"http:\/\/www.radiopiu.net\/wordpress\/wp-content\/uploads\/2019\/07\/WhatsApp-Image-2019-07-14-at-18.57.27-3-300x225.jpeg\" alt=\"\" width=\"259\" height=\"194\" srcset=\"https:\/\/www.radiopiu.net\/wordpress\/wp-content\/uploads\/2019\/07\/WhatsApp-Image-2019-07-14-at-18.57.27-3-300x225.jpeg 300w, https:\/\/www.radiopiu.net\/wordpress\/wp-content\/uploads\/2019\/07\/WhatsApp-Image-2019-07-14-at-18.57.27-3-768x576.jpeg 768w, https:\/\/www.radiopiu.net\/wordpress\/wp-content\/uploads\/2019\/07\/WhatsApp-Image-2019-07-14-at-18.57.27-3-1024x768.jpeg 1024w, https:\/\/www.radiopiu.net\/wordpress\/wp-content\/uploads\/2019\/07\/WhatsApp-Image-2019-07-14-at-18.57.27-3.jpeg 1600w\" sizes=\"auto, (max-width: 259px) 100vw, 259px\" \/><\/a><a class=\"dt-pswp-item\" href=\"http:\/\/www.radiopiu.net\/wordpress\/wp-content\/uploads\/2019\/07\/WhatsApp-Image-2019-07-14-at-18.57.27-2.jpeg\" data-dt-img-description=\"\" data-large_image_width=\"1600\" data-large_image_height=\"1200\"><img loading=\"lazy\" decoding=\"async\" class=\"alignnone wp-image-91731\" src=\"http:\/\/www.radiopiu.net\/wordpress\/wp-content\/uploads\/2019\/07\/WhatsApp-Image-2019-07-14-at-18.57.27-2-300x225.jpeg\" alt=\"\" width=\"263\" height=\"197\" srcset=\"https:\/\/www.radiopiu.net\/wordpress\/wp-content\/uploads\/2019\/07\/WhatsApp-Image-2019-07-14-at-18.57.27-2-300x225.jpeg 300w, https:\/\/www.radiopiu.net\/wordpress\/wp-content\/uploads\/2019\/07\/WhatsApp-Image-2019-07-14-at-18.57.27-2-768x576.jpeg 768w, https:\/\/www.radiopiu.net\/wordpress\/wp-content\/uploads\/2019\/07\/WhatsApp-Image-2019-07-14-at-18.57.27-2-1024x768.jpeg 1024w, https:\/\/www.radiopiu.net\/wordpress\/wp-content\/uploads\/2019\/07\/WhatsApp-Image-2019-07-14-at-18.57.27-2.jpeg 1600w\" sizes=\"auto, (max-width: 263px) 100vw, 263px\" \/><\/a><a class=\"dt-pswp-item\" href=\"http:\/\/www.radiopiu.net\/wordpress\/wp-content\/uploads\/2019\/07\/WhatsApp-Image-2019-07-14-at-18.57.27-1.jpeg\" data-dt-img-description=\"\" data-large_image_width=\"1600\" data-large_image_height=\"1200\"><img loading=\"lazy\" decoding=\"async\" class=\"alignnone wp-image-91732\" src=\"http:\/\/www.radiopiu.net\/wordpress\/wp-content\/uploads\/2019\/07\/WhatsApp-Image-2019-07-14-at-18.57.27-1-300x225.jpeg\" alt=\"\" width=\"260\" height=\"195\" srcset=\"https:\/\/www.radiopiu.net\/wordpress\/wp-content\/uploads\/2019\/07\/WhatsApp-Image-2019-07-14-at-18.57.27-1-300x225.jpeg 300w, https:\/\/www.radiopiu.net\/wordpress\/wp-content\/uploads\/2019\/07\/WhatsApp-Image-2019-07-14-at-18.57.27-1-768x576.jpeg 768w, https:\/\/www.radiopiu.net\/wordpress\/wp-content\/uploads\/2019\/07\/WhatsApp-Image-2019-07-14-at-18.57.27-1-1024x768.jpeg 1024w, https:\/\/www.radiopiu.net\/wordpress\/wp-content\/uploads\/2019\/07\/WhatsApp-Image-2019-07-14-at-18.57.27-1.jpeg 1600w\" sizes=\"auto, (max-width: 260px) 100vw, 260px\" \/><\/a><\/p>\n<p>&nbsp;<\/p>\n<p>&nbsp;<\/p>\n","protected":false},"excerpt":{"rendered":"<p>&nbsp; IL FINE SETTIMANA A TAIBON SAN CIPRIANO CON LA DONAZIONE DEI CORI AL COMUNE DI TAIBON collaborazione Leila Zas Friz TAIBON Ieri la monumentale chiesa di San Cipriano, tra le pi\u00f9 antiche dell&#8217;Agordino( risalente al XII secolo), ha ospitato, grazie alla disponibilit\u00e0 del parroco Don Mario Zanon, un evento unico per la solidariet\u00e0, l&#8217;amicizia&hellip;<\/p>\n","protected":false},"author":1,"featured_media":91730,"comment_status":"closed","ping_status":"closed","sticky":false,"template":"","format":"standard","meta":{"_monsterinsights_skip_tracking":false,"_monsterinsights_sitenote_active":false,"_monsterinsights_sitenote_note":"","_monsterinsights_sitenote_category":0,"footnotes":""},"categories":[103,49],"tags":[],"class_list":["post-91734","post","type-post","status-publish","format-standard","has-post-thumbnail","hentry","category-evidenza_2","category-news-18","category-103","category-49","description-off"],"img_url":"https:\/\/www.radiopiu.net\/wordpress\/wp-content\/uploads\/2019\/07\/WhatsApp-Image-2019-07-14-at-18.57.27-3.jpeg","_links":{"self":[{"href":"https:\/\/www.radiopiu.net\/wordpress\/wp-json\/wp\/v2\/posts\/91734","targetHints":{"allow":["GET"]}}],"collection":[{"href":"https:\/\/www.radiopiu.net\/wordpress\/wp-json\/wp\/v2\/posts"}],"about":[{"href":"https:\/\/www.radiopiu.net\/wordpress\/wp-json\/wp\/v2\/types\/post"}],"author":[{"embeddable":true,"href":"https:\/\/www.radiopiu.net\/wordpress\/wp-json\/wp\/v2\/users\/1"}],"replies":[{"embeddable":true,"href":"https:\/\/www.radiopiu.net\/wordpress\/wp-json\/wp\/v2\/comments?post=91734"}],"version-history":[{"count":0,"href":"https:\/\/www.radiopiu.net\/wordpress\/wp-json\/wp\/v2\/posts\/91734\/revisions"}],"wp:featuredmedia":[{"embeddable":true,"href":"https:\/\/www.radiopiu.net\/wordpress\/wp-json\/wp\/v2\/media\/91730"}],"wp:attachment":[{"href":"https:\/\/www.radiopiu.net\/wordpress\/wp-json\/wp\/v2\/media?parent=91734"}],"wp:term":[{"taxonomy":"category","embeddable":true,"href":"https:\/\/www.radiopiu.net\/wordpress\/wp-json\/wp\/v2\/categories?post=91734"},{"taxonomy":"post_tag","embeddable":true,"href":"https:\/\/www.radiopiu.net\/wordpress\/wp-json\/wp\/v2\/tags?post=91734"}],"curies":[{"name":"wp","href":"https:\/\/api.w.org\/{rel}","templated":true}]}}