{"id":91754,"date":"2025-01-15T04:52:57","date_gmt":"2025-01-15T03:52:57","guid":{"rendered":"http:\/\/www.radiopiu.net\/wordpress\/?p=91754"},"modified":"2025-01-15T06:47:17","modified_gmt":"2025-01-15T05:47:17","slug":"il-calzolaio-a-colle-santa-lucia-di-matteo-manfroi","status":"publish","type":"post","link":"https:\/\/www.radiopiu.net\/wordpress\/il-calzolaio-a-colle-santa-lucia-di-matteo-manfroi\/","title":{"rendered":"COLLE SANTA LUCIA IN LUTTO: ADDIO A PIO COLCUC, DECANO DEL PAESE"},"content":{"rendered":"<p>**<\/p>\n<p>&nbsp;<\/p>\n<p>Si \u00e8 spento a 96 anni Pio Colcuc, figura storica di Colle Santa Lucia. Ex sindaco, volontario, calzolaio e custode delle tradizioni, ha segnato la comunit\u00e0 con il suo impegno politico, sociale e artigianale. Colcuc, che aveva appreso l&#8217;arte del calzolaio dal padre, era noto per il suo laboratorio-museo, dove realizzava scarpe a mano e accoglieva visitatori con il suo sorriso. Sindaco negli anni &#8217;70 e &#8217;80, ha contribuito anche al volontariato, al coro parrocchiale e alla valorizzazione delle tradizioni locali. L\u2019ultimo saluto sar\u00e0 domani alle 14:30 nella chiesa di Colle Santa Lucia.<\/p>\n<p>&nbsp;<\/p>\n<p><strong>ARCHIVIO RADIOPIU 19 GENNAIO 2022<\/strong><\/p>\n<blockquote>\n<h3>IL CALZOLAIO A COLLE SANTA LUCIA&#8230;di Matteo Manfroi<\/h3>\n<\/blockquote>\n<audio class=\"wp-audio-shortcode\" id=\"audio-91754-1\" preload=\"none\" style=\"width: 100%;\" controls=\"controls\"><source type=\"audio\/mpeg\" src=\"http:\/\/www.radiopiu.net\/wordpress\/wp-content\/uploads\/2019\/07\/MATTEO-MANFROI-CALZOLAIO-COLLE-SANTA-LUCIA.mp3?_=1\" \/><a href=\"http:\/\/www.radiopiu.net\/wordpress\/wp-content\/uploads\/2019\/07\/MATTEO-MANFROI-CALZOLAIO-COLLE-SANTA-LUCIA.mp3\">http:\/\/www.radiopiu.net\/wordpress\/wp-content\/uploads\/2019\/07\/MATTEO-MANFROI-CALZOLAIO-COLLE-SANTA-LUCIA.mp3<\/a><\/audio>\n<p>&nbsp;<\/p>\n<p><a class=\"dt-pswp-item\" href=\"http:\/\/www.radiopiu.net\/wordpress\/wp-content\/uploads\/2019\/07\/Negozio-Pio-Colcuc.jpg\" data-dt-img-description=\"\" data-large_image_width=\"2016\" data-large_image_height=\"1134\"><img loading=\"lazy\" decoding=\"async\" class=\" wp-image-91755 alignleft\" src=\"http:\/\/www.radiopiu.net\/wordpress\/wp-content\/uploads\/2019\/07\/Negozio-Pio-Colcuc-300x169.jpg\" alt=\"\" width=\"375\" height=\"211\" srcset=\"https:\/\/www.radiopiu.net\/wordpress\/wp-content\/uploads\/2019\/07\/Negozio-Pio-Colcuc-300x169.jpg 300w, https:\/\/www.radiopiu.net\/wordpress\/wp-content\/uploads\/2019\/07\/Negozio-Pio-Colcuc-768x432.jpg 768w, https:\/\/www.radiopiu.net\/wordpress\/wp-content\/uploads\/2019\/07\/Negozio-Pio-Colcuc-1024x576.jpg 1024w, https:\/\/www.radiopiu.net\/wordpress\/wp-content\/uploads\/2019\/07\/Negozio-Pio-Colcuc.jpg 2016w\" sizes=\"auto, (max-width: 375px) 100vw, 375px\" \/><\/a>COLLE SANTA LUCIA. I Colcuc, calzolai da tre generazioni. In negozio a Colle (il figlio ha un altro esercizio a Santa Fosca) oggi c\u2019\u00e8 l\u2019incredibile Pio, nato nel 1928, uno degli ultimi calzolai dell\u2019Agordino.<br \/>\nUno dei principali motivi per cui il negozio di via Villagrande risulta ancora aperto \u00e8 la tenacia, la determinazione e la voglia di chi, a 91 anni suonati, svolge ancora con successo il suo compito. Insomma, una vera e propria memoria storica ed istituzione di Colle, visto i trascorsi che Pio Colcuc ha avuto come sindaco del paese negli anni Settanta.<br \/>\nL\u2019inizio della passione per l\u2019attivit\u00e0 di calzolaio Pio lo deve soprattutto a suo padre:\u00abHo cominciato a fare questo mestiere grazie a lui. Mio padre era andato addirittura a Santa Cristina di Val Gardena per imparare il mestiere sotto la guida di suo zio Matteo Codalonga. Dopo aver ottenuto il diploma, \u00e8 tornato nel paese natale e ha conosciuto Pietro Bernardi, che lavorava in una casa qua a Colle. Quando quest\u2019ultimo part\u00ec per gli Stati Uniti, mio padre ricevette in dono gli attrezzi fondamentali per intraprendere l\u2019attivit\u00e0. Poi c\u2019\u00e8 stata di mezzo la Grande guerra e mio padre venne chiamato sul fronte turco. Al ritorno il matrimonio e la decisione di ricavare un piccolo laboratorio artigianale nei locali dove c\u2019\u00e8 l\u2019attuale Cesa de Jan. Ricordo che quando andavo a scuola, finite le lezioni, mi fiondavo nel suo laboratorio per carpire i segreti. Quando ancora lavoravo con lui i primi anni mi sono messo a produrre lacci perch\u00e9 temevo di non essere in grado di fare il grande salto , dopo di che sono passato alle scarpe. Mi ci \u00e8 voluto un sacco di tempo per imparare il mestiere, ma alla sua morte ero pronto. Decisi, cos\u00ec, di riqualificare le stanze da letto della mia abitazione per creare il mio laboratorio. Cos\u00ec \u00e8 nato il sogno \u00bb.<br \/>\nNel periodo dopo la fine della seconda guerra mondiale la gente di Colle venne chiamata a una scelta per nulla facile: dovevano infatti votare per rimanere nel paese natio oppure optare per il Reich. Un periodo non semplice per tutti gli abitanti soprattutto dal punto di vista emotivo, non fa eccezione Pio, la cui attivit\u00e0 per\u00f2 ha resistito. \u00abNel dopoguerra ricordo che andavo a fare riparazioni a domicilio nelle frazioni vicine. Pensi che passavo delle settimane ad esempio Rucav\u00e0, per eseguire le riparazioni. Se non riuscivo a terminare il lavoro, trovavo ospitalit\u00e0 nelle case degli abitanti. C\u2019era una solidariet\u00e0 tutta diversa da oggi. Altri tempi\u00bb, sospira Colcuc.<br \/>\n<a class=\"dt-pswp-item\" href=\"http:\/\/www.radiopiu.net\/wordpress\/wp-content\/uploads\/2019\/07\/Pio-Colcuc.jpg\" data-dt-img-description=\"\" data-large_image_width=\"1333\" data-large_image_height=\"1000\"><img loading=\"lazy\" decoding=\"async\" class=\" wp-image-91756 alignright\" src=\"http:\/\/www.radiopiu.net\/wordpress\/wp-content\/uploads\/2019\/07\/Pio-Colcuc-300x225.jpg\" alt=\"\" width=\"489\" height=\"367\" srcset=\"https:\/\/www.radiopiu.net\/wordpress\/wp-content\/uploads\/2019\/07\/Pio-Colcuc-300x225.jpg 300w, https:\/\/www.radiopiu.net\/wordpress\/wp-content\/uploads\/2019\/07\/Pio-Colcuc-768x576.jpg 768w, https:\/\/www.radiopiu.net\/wordpress\/wp-content\/uploads\/2019\/07\/Pio-Colcuc-1024x768.jpg 1024w, https:\/\/www.radiopiu.net\/wordpress\/wp-content\/uploads\/2019\/07\/Pio-Colcuc.jpg 1333w\" sizes=\"auto, (max-width: 489px) 100vw, 489px\" \/><\/a>Le dinamiche del commercio sono molto cambiate dagli anni Cinquanta ad oggi, non fa eccezione nemmeno la sua attivit\u00e0<br \/>\n\u00abAll\u2019inizio avevamo un bel giro di clienti. Mi ricordo che a Colle c\u2019erano tre alberghi e tutti venivano a comprare le mie scarpe fatte a mano. Poi, piano piano, con il passaparola il mio giro d\u2019affari si \u00e8 allargato. Una volta era una prassi per quelli che si sposavano andare a comprare le \u201cscarpe da festa\u201d fatte rigorosamente a mano. Ora non pi\u00f9. L\u2019Industria ha superato tutto\u00bb.<br \/>\nEcco parliamo dell\u2019 evoluzione del commercio, secondo lei \u00e8 un bene o un male?<br \/>\n\u00abPer come la vedo io le industrie non riescono a sostituire la qualit\u00e0 di un lavoro fatto a mano. Poi, certo, l\u2019evoluzione ci deve essere per tutte le cose. Ad esempio, una volta per fare un ottima scarpa si utilizzavano nove fili di Canapa. Questi erano importanti per legare la suola alla parte superiore della scarpa, chiamata tomaia. A livello industriale, invece, si utilizza il nylon. Insomma meno qualit\u00e0 ma pi\u00f9 velocit\u00e0 nella costruzione\u00bb.<br \/>\nPio Colcuc ci mostra con orgoglio una scarpa fatta a mano: \u00abPer fare delle ottime scarpe ci vogliono degli ottimi materiali, tipo cuoio e gomma. Vede\u00bb, ci spiega, \u00abanche questi lacci sono fatti a mano. Adesso non li fanno pi\u00f9 cos\u00ec\u00bb.<br \/>\nCi racconti un aneddoto particolare&#8230;<br \/>\n\u00abSicuramente posso citare la storia di questa scarpa. L\u2019aveva realizzata mio padre nel 1914, pensi. Queste scarpe hanno resistito alle razzie commesse dagli italiani nel 1915. Noi abitanti di Colle avevamo trovato un particolare sistema: scavavamo un buco ubicato nell\u2019attuale frazione di Rucav\u00e0 e l\u00ec nascondevano tutti i nostri preziosi, Tra cui anche queste calzature\u00bb.<br \/>\nConsiglierebbe a un giovane di intraprendere quest\u2019attivit\u00e0?<br \/>\n\u00abUna volta s\u00ec, oggi non pi\u00f9. Ho tramandato la passione a mio figlio Paolo, che adesso ha un negozio a Santa Fosca. Forse ai giovani manca la passione per fare questi antichi mestieri\u00bb.<\/p>\n<p>&nbsp;<\/p>\n<hr \/>\n<p>&nbsp;<\/p>\n","protected":false},"excerpt":{"rendered":"<p>** &nbsp; Si \u00e8 spento a 96 anni Pio Colcuc, figura storica di Colle Santa Lucia. Ex sindaco, volontario, calzolaio e custode delle tradizioni, ha segnato la comunit\u00e0 con il suo impegno politico, sociale e artigianale. Colcuc, che aveva appreso l&#8217;arte del calzolaio dal padre, era noto per il suo laboratorio-museo, dove realizzava scarpe a&hellip;<\/p>\n","protected":false},"author":4,"featured_media":91756,"comment_status":"closed","ping_status":"closed","sticky":false,"template":"","format":"standard","meta":{"_monsterinsights_skip_tracking":false,"_monsterinsights_sitenote_active":false,"_monsterinsights_sitenote_note":"","_monsterinsights_sitenote_category":0,"footnotes":""},"categories":[104,49],"tags":[],"class_list":["post-91754","post","type-post","status-publish","format-standard","has-post-thumbnail","hentry","category-evidenza_3","category-news-18","category-104","category-49","description-off"],"img_url":"https:\/\/www.radiopiu.net\/wordpress\/wp-content\/uploads\/2019\/07\/Pio-Colcuc.jpg","_links":{"self":[{"href":"https:\/\/www.radiopiu.net\/wordpress\/wp-json\/wp\/v2\/posts\/91754","targetHints":{"allow":["GET"]}}],"collection":[{"href":"https:\/\/www.radiopiu.net\/wordpress\/wp-json\/wp\/v2\/posts"}],"about":[{"href":"https:\/\/www.radiopiu.net\/wordpress\/wp-json\/wp\/v2\/types\/post"}],"author":[{"embeddable":true,"href":"https:\/\/www.radiopiu.net\/wordpress\/wp-json\/wp\/v2\/users\/4"}],"replies":[{"embeddable":true,"href":"https:\/\/www.radiopiu.net\/wordpress\/wp-json\/wp\/v2\/comments?post=91754"}],"version-history":[{"count":3,"href":"https:\/\/www.radiopiu.net\/wordpress\/wp-json\/wp\/v2\/posts\/91754\/revisions"}],"predecessor-version":[{"id":429799,"href":"https:\/\/www.radiopiu.net\/wordpress\/wp-json\/wp\/v2\/posts\/91754\/revisions\/429799"}],"wp:featuredmedia":[{"embeddable":true,"href":"https:\/\/www.radiopiu.net\/wordpress\/wp-json\/wp\/v2\/media\/91756"}],"wp:attachment":[{"href":"https:\/\/www.radiopiu.net\/wordpress\/wp-json\/wp\/v2\/media?parent=91754"}],"wp:term":[{"taxonomy":"category","embeddable":true,"href":"https:\/\/www.radiopiu.net\/wordpress\/wp-json\/wp\/v2\/categories?post=91754"},{"taxonomy":"post_tag","embeddable":true,"href":"https:\/\/www.radiopiu.net\/wordpress\/wp-json\/wp\/v2\/tags?post=91754"}],"curies":[{"name":"wp","href":"https:\/\/api.w.org\/{rel}","templated":true}]}}