{"id":91788,"date":"2019-07-16T05:55:51","date_gmt":"2019-07-16T03:55:51","guid":{"rendered":"http:\/\/www.radiopiu.net\/wordpress\/?p=91788"},"modified":"2019-07-16T12:26:54","modified_gmt":"2019-07-16T10:26:54","slug":"giornale-radiopiu-16-luglio-2019-direttore-mirko-mezzacasa","status":"publish","type":"post","link":"https:\/\/www.radiopiu.net\/wordpress\/giornale-radiopiu-16-luglio-2019-direttore-mirko-mezzacasa\/","title":{"rendered":"GIORNALE RADIOPIU 16 LUGLIO 2019 DIRETTORE MIRKO MEZZACASA"},"content":{"rendered":"<p><strong>Il viaggio dei tronchi di Vaia dal Colle del Nevegal fino in Cina<\/strong>, dei 45 giorni di mare ovvero il viaggio del nostro legno verso l&#8217;Estremo Oriente ne parla oggi con dovizia di particolari il Corriere delle Alpi con Stefano Vietina mentre nell&#8217;Agordino gli appalti sono per gli alto atesini. <strong>Finalmente ci siamo, una quartina di telecamere<\/strong> sorveglieranno il territorio bellunese, il progetto prevede di dotare del &#8220;grande fratello&#8221; i punti sensibili del bellunese con un collegamento con le Forze dell&#8217;Ordine. <strong>Mini idroelettrico esulta Federico D&#8217;Inc\u00e0<\/strong> dei Cinque Stelle, \u00e8 stato siglato il decreto contro gli incentivi, sperando che non sia tardi M5S dichiara battaglia per rendere pi\u00f9 difficile la vita a chi intende sfruttare i corsi d&#8217;acqua per ricavarne energia elettrica da immettere sul mercato. <strong>Seicento scout ripuliranno il territorio<\/strong>, nell&#8217;Agordino un grande cantiere a Rivamonte, oggi lo speciale alla radio con Mario De Menech (agesci Belluno) il sindaco di Rivamonte Nino Deon e il presidente dell&#8217;Unione Montana Fabio Luchetta. <strong>Sabato e domenica la sagra di San Lucano<\/strong>, come anticipato alcuni mesi fa i volontari dopo una &#8220;battaglia&#8221; contro gli esperti delle valanghe hanno ripulito l&#8217;area dove non era permesso toccare nemmeno un ramo degli alberi, nel fine settimana sar\u00e0 festa, oggi alla radio presentiamo la Corrinvalle post evento Vaia era in forse ma il Gruppo Sportivo \u00e8 riuscito ad organizzare al meglio l&#8217;evento sportivo di sabato (speciale alla radio alle 15.30).<\/p>\n<h2>SAN LUCANO, AI MICROFONI DI RADIO PIU&#8217; SILVANO &#8220;PICIOL&#8221; BEN<\/h2>\n<audio class=\"wp-audio-shortcode\" id=\"audio-91788-1\" preload=\"none\" style=\"width: 100%;\" controls=\"controls\"><source type=\"audio\/mpeg\" src=\"http:\/\/www.radiopiu.net\/wordpress\/wp-content\/uploads\/2019\/07\/piciol-1.mp3?_=1\" \/><a href=\"http:\/\/www.radiopiu.net\/wordpress\/wp-content\/uploads\/2019\/07\/piciol-1.mp3\">http:\/\/www.radiopiu.net\/wordpress\/wp-content\/uploads\/2019\/07\/piciol-1.mp3<\/a><\/audio>\n<h2><\/h2>\n<h2>TUTTO OK, MA SI ERA TEMUTO IL PEGGIO: ARCHIVIO RADIO PIU<\/h2>\n<blockquote class=\"wp-embedded-content\" data-secret=\"hzXrnSMNAy\"><p><a href=\"http:\/\/www.radiopiu.net\/wordpress\/le-motoseghe-non-girano-festa-di-san-lucano-in-forse\/\">LE MOTOSEGHE NON GIRANO,  FESTA DI SAN LUCANO IN FORSE<\/a><\/p><\/blockquote>\n<p><iframe loading=\"lazy\" title=\"&#8220;LE MOTOSEGHE NON GIRANO,  FESTA DI SAN LUCANO IN FORSE&#8221; &#8212; Radio Pi\u00f9\" class=\"wp-embedded-content\" sandbox=\"allow-scripts\" security=\"restricted\" style=\"position: absolute; clip: rect(1px, 1px, 1px, 1px);\" src=\"http:\/\/www.radiopiu.net\/wordpress\/le-motoseghe-non-girano-festa-di-san-lucano-in-forse\/embed\/#?secret=hzXrnSMNAy\" data-secret=\"hzXrnSMNAy\" width=\"600\" height=\"338\" frameborder=\"0\" marginwidth=\"0\" marginheight=\"0\" scrolling=\"no\"><\/iframe><\/p>\n<p>&nbsp;<\/p>\n<p>&nbsp;<\/p>\n<blockquote><p><em>Gestione Servizi Pubblici informa che ad AGORDO nelle LOCALITA&#8217; PIASENT, COLVIGNAS, CAMPON e LE FOCHE ed a Voltago in TUTTO il Comune\u00a0 tranne nelle LOCALITA&#8217; BERTOI E DIGOMAN l&#8217;acqua erogata dall&#8217;acquedotto non \u00e8 potabile e pu\u00f2 essere usata per scopi alimentari SOLO PREVIA bollitura<\/em><\/p>\n<p>&nbsp;<\/p>\n<p><strong>Regionale 203 agordina, localit\u00e0 LE CAMPE senso unico alternato per il ripristino della rete fognaria. da oggi al 2 agosto dalle 7.30 alle 8.30 e dalle 16.30 alle 18 con moviere, dalle 7 alle 7.30, dalle 8.30 alle 16.30 dalle 18 alle 19 con semaforo.<\/strong><\/p><\/blockquote>\n<p>&nbsp;<\/p>\n<h3>&#8230; FA LE PENTOLE MA NON IL COPERCHIO E NON TUTTO VIENE A GALLA<\/h3>\n<p><strong>di Mirko Mezzacasa\u00a0<\/strong><\/p>\n<p><a class=\"dt-pswp-item\" href=\"http:\/\/www.radiopiu.net\/wordpress\/wp-content\/uploads\/2019\/07\/is-1.jpg\" data-dt-img-description=\"\" data-large_image_width=\"341\" data-large_image_height=\"227\"><img loading=\"lazy\" decoding=\"async\" class=\"size-medium wp-image-91714 alignleft\" src=\"http:\/\/www.radiopiu.net\/wordpress\/wp-content\/uploads\/2019\/07\/is-1-300x200.jpg\" alt=\"\" width=\"300\" height=\"200\" srcset=\"https:\/\/www.radiopiu.net\/wordpress\/wp-content\/uploads\/2019\/07\/is-1-300x200.jpg 300w, https:\/\/www.radiopiu.net\/wordpress\/wp-content\/uploads\/2019\/07\/is-1.jpg 341w\" sizes=\"auto, (max-width: 300px) 100vw, 300px\" \/><\/a>La prevista trasmissione della relazione sul 5G a Vallada, in palinsesto per mercoled\u00ec sera non sar\u00e0 trasmessa. Non \u00e8 una mia scelta, sono stato diffidato dal relatore dal trasmetterla, anche con minaccia di ricorso legale, stessa richiesta fatta a gran voce al giornalista\u00a0<a class=\"profileLink\" title=\"Gianni Santomaso\" href=\"https:\/\/www.facebook.com\/gianni.santomaso?__tn__=%2CdK-R-R&amp;eid=ARDbO9pt9TCgaOmWMsOXeBLFMk-GT1Xt2rKJFJm6pjHAykQuQ6w9NoY3QCvkaMZqhbD7-cerkbTvktc7&amp;fref=mentions\" data-hovercard=\"\/ajax\/hovercard\/user.php?id=100000332211337&amp;extragetparams=%7B%22__tn__%22%3A%22%2CdK-R-R%22%2C%22eid%22%3A%22ARDbO9pt9TCgaOmWMsOXeBLFMk-GT1Xt2rKJFJm6pjHAykQuQ6w9NoY3QCvkaMZqhbD7-cerkbTvktc7%22%2C%22fref%22%3A%22mentions%22%7D\" data-hovercard-prefer-more-content-show=\"1\">Gianni Santomaso<\/a>\u00a0che si era interessato dell&#8217;argomento spendendosi per informare la popolazione dei contenuti del convegno, stessa richiesta fatta alle 4 donne promotrici dell&#8217;incontro alle quali \u00e8 stato\u00a0<span class=\"text_exposed_show\">&#8220;chiesto&#8221; o meglio imposto di non divulgare la serata attraverso la RADIO PIU&#8217; . Il sindaco di Vallada\u00a0<a class=\"profileLink\" title=\"Fabio Luchetta\" href=\"https:\/\/www.facebook.com\/fabio.luchetta.9?__tn__=%2CdK-R-R&amp;eid=ARDedXsvKEHF_8hRri7px8b9A5Bot9IXheUX57nzj-sOKtwjx0vYTqD31Cz4_1v8-FgIEqmggKBrvbb7&amp;fref=mentions\" data-hovercard=\"\/ajax\/hovercard\/user.php?id=100003870609584&amp;extragetparams=%7B%22__tn__%22%3A%22%2CdK-R-R%22%2C%22eid%22%3A%22ARDedXsvKEHF_8hRri7px8b9A5Bot9IXheUX57nzj-sOKtwjx0vYTqD31Cz4_1v8-FgIEqmggKBrvbb7%22%2C%22fref%22%3A%22mentions%22%7D\" data-hovercard-prefer-more-content-show=\"1\">Fabio Luchetta<\/a> non aveva nulla in contrario se la trasmissione fosse stata messa in onda come preannunciato, anzi, peraltro convegno pubblico pubblicizzato per pi\u00f9 di una settimana come dimostrano gli oltre 100 presenti all&#8217;incontro pubblico che altrimenti avrebbero scelto ben altro in un venerdi sera ricco di eventi in vallata. Mi dispiace soprattutto per queste persone che avrebbero voluto riascoltare le opinioni e i concetti espressi nella pubblica assemblea, non incontro privato per pochi intimi a porte chiuse e finestre sbarrate. Dispiace per chi credeva, io per primo, di poter avere un&#8217;informazione importante su un argomento di tale portata. DISPIACE PER I TURISTI E PROPRIETARI DI SECONDE CASE DI VALLADA&#8230; che probabilmente non potranno fare leva su determinate opinioni per una vacanza in montagna pi\u00f9 serena, poich\u00e9 secondo me quei concetti perdono il loro valore in virt\u00f9 dell&#8217;intimidazione a riascoltarle alla radio. Noi andiamo avanti comunque, ma rimane la &#8220;ferita&#8221; nel nostro modo di fare informazione, quella vera, non modificata ma dal vivo senza tagli come la registrazione e diffusione di una pubblica riunione. Crediamo comunque che i file della registrazione siano in possesso delle 4 promotrici dell&#8217;incontro e non credo proprio che potranno essere minacciate dal cancellarle dai loro hard disk&#8230; Tra le motivazioni addotte dal professore nell&#8217;intimidazione a non trasmettere la serata il fatto che non sarebbe stato a conoscenza della presenza della stampa e della registrazione in corso, anche se alle donne promotrici dell&#8217;incontro pare di averlo ricordato in apertura di serata.<\/span><\/p>\n<p>&nbsp;<\/p>\n<p>&nbsp;<\/p>\n<h3>ORGOGLIOSI DEI NOSTRI ARBITRI, AD AURONZO PER LA PARTITA DELLA LAZIO, IN QUOTA ROSA L&#8217;AGORDINA VIVIANA DE ROCCO<\/h3>\n<p>con VIVIANA DE ROCCO\u00a0 ALBERTO GAZ , FRANCESCO MINERBA E PERUZZI E INZAGHI<\/p>\n<p><a class=\"dt-pswp-item\" href=\"http:\/\/www.radiopiu.net\/wordpress\/wp-content\/uploads\/2019\/07\/WhatsApp-Image-2019-07-15-at-11.59.21.jpeg\" data-dt-img-description=\"\" data-large_image_width=\"1600\" data-large_image_height=\"1200\"><img loading=\"lazy\" decoding=\"async\" class=\"alignnone size-medium wp-image-91794\" src=\"http:\/\/www.radiopiu.net\/wordpress\/wp-content\/uploads\/2019\/07\/WhatsApp-Image-2019-07-15-at-11.59.21-300x225.jpeg\" alt=\"\" width=\"300\" height=\"225\" srcset=\"https:\/\/www.radiopiu.net\/wordpress\/wp-content\/uploads\/2019\/07\/WhatsApp-Image-2019-07-15-at-11.59.21-300x225.jpeg 300w, https:\/\/www.radiopiu.net\/wordpress\/wp-content\/uploads\/2019\/07\/WhatsApp-Image-2019-07-15-at-11.59.21-768x576.jpeg 768w, https:\/\/www.radiopiu.net\/wordpress\/wp-content\/uploads\/2019\/07\/WhatsApp-Image-2019-07-15-at-11.59.21-1024x768.jpeg 1024w, https:\/\/www.radiopiu.net\/wordpress\/wp-content\/uploads\/2019\/07\/WhatsApp-Image-2019-07-15-at-11.59.21.jpeg 1600w\" sizes=\"auto, (max-width: 300px) 100vw, 300px\" \/><\/a><a class=\"dt-pswp-item\" href=\"http:\/\/www.radiopiu.net\/wordpress\/wp-content\/uploads\/2019\/07\/WhatsApp-Image-2019-07-15-at-11.59.21-1.jpeg\" data-dt-img-description=\"\" data-large_image_width=\"1600\" data-large_image_height=\"1200\"><img loading=\"lazy\" decoding=\"async\" class=\"alignnone size-medium wp-image-91846\" src=\"http:\/\/www.radiopiu.net\/wordpress\/wp-content\/uploads\/2019\/07\/WhatsApp-Image-2019-07-15-at-11.59.21-1-300x225.jpeg\" alt=\"\" width=\"300\" height=\"225\" srcset=\"https:\/\/www.radiopiu.net\/wordpress\/wp-content\/uploads\/2019\/07\/WhatsApp-Image-2019-07-15-at-11.59.21-1-300x225.jpeg 300w, https:\/\/www.radiopiu.net\/wordpress\/wp-content\/uploads\/2019\/07\/WhatsApp-Image-2019-07-15-at-11.59.21-1-768x576.jpeg 768w, https:\/\/www.radiopiu.net\/wordpress\/wp-content\/uploads\/2019\/07\/WhatsApp-Image-2019-07-15-at-11.59.21-1-1024x768.jpeg 1024w, https:\/\/www.radiopiu.net\/wordpress\/wp-content\/uploads\/2019\/07\/WhatsApp-Image-2019-07-15-at-11.59.21-1.jpeg 1600w\" sizes=\"auto, (max-width: 300px) 100vw, 300px\" \/><\/a><\/p>\n<p>foto copertina \u00a0GAZ, DE ROCCO, MINERBA E CIRO IMMOBILE<\/p>\n<p>&nbsp;<\/p>\n<p>&nbsp;<\/p>\n<p>&nbsp;<\/p>\n<h3>L&#8217;EVENTO RADIO A FELTRE<\/h3>\n<p><a class=\"dt-pswp-item\" href=\"http:\/\/www.radiopiu.net\/wordpress\/wp-content\/uploads\/2019\/07\/WhatsApp-Image-2019-07-15-at-09.52.39.jpeg\" data-dt-img-description=\"\" data-large_image_width=\"1025\" data-large_image_height=\"1369\"><img loading=\"lazy\" decoding=\"async\" class=\"alignnone size-medium wp-image-91796\" src=\"http:\/\/www.radiopiu.net\/wordpress\/wp-content\/uploads\/2019\/07\/WhatsApp-Image-2019-07-15-at-09.52.39-225x300.jpeg\" alt=\"\" width=\"225\" height=\"300\" srcset=\"https:\/\/www.radiopiu.net\/wordpress\/wp-content\/uploads\/2019\/07\/WhatsApp-Image-2019-07-15-at-09.52.39-225x300.jpeg 225w, https:\/\/www.radiopiu.net\/wordpress\/wp-content\/uploads\/2019\/07\/WhatsApp-Image-2019-07-15-at-09.52.39-768x1026.jpeg 768w, https:\/\/www.radiopiu.net\/wordpress\/wp-content\/uploads\/2019\/07\/WhatsApp-Image-2019-07-15-at-09.52.39-767x1024.jpeg 767w, https:\/\/www.radiopiu.net\/wordpress\/wp-content\/uploads\/2019\/07\/WhatsApp-Image-2019-07-15-at-09.52.39.jpeg 1025w\" sizes=\"auto, (max-width: 225px) 100vw, 225px\" \/><\/a><\/p>\n<p>&nbsp;<\/p>\n<p>&nbsp;<\/p>\n<p>&nbsp;<\/p>\n<h2>INFORTUNIO IN MEZZO AL BOSCO<\/h2>\n<p><strong>RIVAMONTE\u00a0<\/strong> Ieri poco prima delle 16 il Soccorso alpino di Agordo \u00e8 stato allertato dalla Centrale del Suem per un infortunio sulla strada che da localit\u00e0 Lagon porta al Cristo delle Traversade e a Forcella Aurine. Mentre faceva una passeggiata con il marito, una cinquantasettenne di Gosaldo (BL), si era fatta male a una gamba, prima di una zona di schianti. Una squadra si \u00e8 avvicinata con il fuoristrada il pi\u00f9 possibile per poi proseguire a piedi. Una volta raggiunta, i quattro soccorritori l&#8217;hanno stabilizzata, imbarellata e trasportata fino alla jeep per poi accompagnarla all&#8217;ospedale di Agordo.<\/p>\n<p>&nbsp;<\/p>\n<p>&nbsp;<\/p>\n<p>&nbsp;<\/p>\n<h3>L&#8217;AGORDINO PERDE I PEZZI, CRISI DI VOLONTARIATO,\u00a0 PREOCCUPANTI NOTIZIE NEI GIORNI IN CUI IN UNIONE MONTANA S&#8217;INVESTONO FONDI DI CONFINE PER SOSTENERE LE ASSOCIAZIONI<\/h3>\n<p><strong><a class=\"dt-pswp-item\" href=\"http:\/\/www.radiopiu.net\/wordpress\/wp-content\/uploads\/2019\/07\/IMG-20190621-WA0016.jpg\" data-dt-img-description=\"\" data-large_image_width=\"1080\" data-large_image_height=\"978\"><img loading=\"lazy\" decoding=\"async\" class=\" wp-image-90623 alignleft\" src=\"http:\/\/www.radiopiu.net\/wordpress\/wp-content\/uploads\/2019\/07\/IMG-20190621-WA0016-300x272.jpg\" alt=\"\" width=\"186\" height=\"169\" srcset=\"https:\/\/www.radiopiu.net\/wordpress\/wp-content\/uploads\/2019\/07\/IMG-20190621-WA0016-300x272.jpg 300w, https:\/\/www.radiopiu.net\/wordpress\/wp-content\/uploads\/2019\/07\/IMG-20190621-WA0016-768x695.jpg 768w, https:\/\/www.radiopiu.net\/wordpress\/wp-content\/uploads\/2019\/07\/IMG-20190621-WA0016-1024x927.jpg 1024w, https:\/\/www.radiopiu.net\/wordpress\/wp-content\/uploads\/2019\/07\/IMG-20190621-WA0016.jpg 1080w\" sizes=\"auto, (max-width: 186px) 100vw, 186px\" \/><\/a>ALLEGHE<\/strong>\u00a0Felice Gaiardo coordinatore dei volontari ambulanza Agordino e Zoldano non nasconde i problemi piuttosto lancia l&#8217;allarme: &#8220;<em>Il volontariato \u00e8 in crisi, la situazione \u00e8 preoccupante e quello che oggi succede a Rocca Pietore potrebbe solo essere l&#8217;inizio di problemi a catena&#8221;<\/em>. Mancano i volontari e a Rocca Pietore per i prossimi cinque giorni non sar\u00e0 possibile coprire i turni, saranno i volontari di Alleghe e Arabba\u00a0 Croce Bianca unitamente al 118 a garantire l&#8217;emergenza. Un problema che gi\u00e0 lo scorso anno aveva allertato la vallata, in particolare la &#8220;crisi&#8221; vocazionale del volontario aveva interessato Falcade e la Croce Verde Val Biois.<\/p>\n<p><strong>AGORDO<\/strong>In questi giorni in Unione Montana presidente e Giunta sono invece al lavoro per dotare la macchina del volontariato con nuovi mezzi grazie ai fondi di confijne.<\/p>\n<h3>AI MICROFONI DI RADIO PIU&#8217; IL PRESIDENTE DEL COORDINAMENTO VOLONTARI AMBULANZE AGORDINO E ZOLDANO FELICE GAIARDO<\/h3>\n<audio class=\"wp-audio-shortcode\" id=\"audio-91788-2\" preload=\"none\" style=\"width: 100%;\" controls=\"controls\"><source type=\"audio\/mpeg\" src=\"http:\/\/www.radiopiu.net\/wordpress\/wp-content\/uploads\/2019\/07\/FELICE.mp3?_=2\" \/><a href=\"http:\/\/www.radiopiu.net\/wordpress\/wp-content\/uploads\/2019\/07\/FELICE.mp3\">http:\/\/www.radiopiu.net\/wordpress\/wp-content\/uploads\/2019\/07\/FELICE.mp3<\/a><\/audio>\n<h3>DA AGORDO GIANNI SANTOMASO, SUI NUOVI MEZZI CON I FONDI DI CONFINE<\/h3>\n<audio class=\"wp-audio-shortcode\" id=\"audio-91788-3\" preload=\"none\" style=\"width: 100%;\" controls=\"controls\"><source type=\"audio\/mpeg\" src=\"http:\/\/www.radiopiu.net\/wordpress\/wp-content\/uploads\/2019\/07\/I-MEZZI-PER-I-VOLONTARI.mp3?_=3\" \/><a href=\"http:\/\/www.radiopiu.net\/wordpress\/wp-content\/uploads\/2019\/07\/I-MEZZI-PER-I-VOLONTARI.mp3\">http:\/\/www.radiopiu.net\/wordpress\/wp-content\/uploads\/2019\/07\/I-MEZZI-PER-I-VOLONTARI.mp3<\/a><\/audio>\n<p>&nbsp;<\/p>\n<p>&nbsp;<\/p>\n<p>&nbsp;<\/p>\n<h2>IL GRAZIE DI UN PAESE AL SUO GIA&#8217; MARESCIALLO<\/h2>\n<p><strong>ALPAGO<\/strong> Da oggi il Luogotenente Carmine Corcillo Comandante della Stazione dei Carabinieri in Alpago lascia il servizio attivo, meritato riposo dopo 30 anni di servizio. Al Luogotenente il saluto dell&#8217;amministrazione comunale, della &#8220;sua&#8221; gente che ha imparato a conoscere e anche il nostro.<\/p>\n<blockquote><p><strong>DAL GIORNALE RADIO DELLE12.30 di Mirko Mezzacasa<\/strong><\/p><\/blockquote>\n<p><strong>AUDIO<\/strong><\/p>\n<audio class=\"wp-audio-shortcode\" id=\"audio-91788-4\" preload=\"none\" style=\"width: 100%;\" controls=\"controls\"><source type=\"audio\/mpeg\" src=\"http:\/\/www.radiopiu.net\/wordpress\/wp-content\/uploads\/2019\/07\/CORCILLO.mp3?_=4\" \/><a href=\"http:\/\/www.radiopiu.net\/wordpress\/wp-content\/uploads\/2019\/07\/CORCILLO.mp3\">http:\/\/www.radiopiu.net\/wordpress\/wp-content\/uploads\/2019\/07\/CORCILLO.mp3<\/a><\/audio>\n<p>&nbsp;<\/p>\n<p>&nbsp;<\/p>\n<p><a class=\"dt-pswp-item\" href=\"http:\/\/www.radiopiu.net\/wordpress\/wp-content\/uploads\/2019\/07\/e1a4ee14-54dd-46e9-b088-c3cf249a08ff.jpg\" data-dt-img-description=\"\" data-large_image_width=\"1024\" data-large_image_height=\"768\"><img loading=\"lazy\" decoding=\"async\" class=\"alignnone wp-image-91865 size-large\" src=\"http:\/\/www.radiopiu.net\/wordpress\/wp-content\/uploads\/2019\/07\/e1a4ee14-54dd-46e9-b088-c3cf249a08ff-1024x768.jpg\" alt=\"\" width=\"1024\" height=\"768\" srcset=\"https:\/\/www.radiopiu.net\/wordpress\/wp-content\/uploads\/2019\/07\/e1a4ee14-54dd-46e9-b088-c3cf249a08ff.jpg 1024w, https:\/\/www.radiopiu.net\/wordpress\/wp-content\/uploads\/2019\/07\/e1a4ee14-54dd-46e9-b088-c3cf249a08ff-300x225.jpg 300w, https:\/\/www.radiopiu.net\/wordpress\/wp-content\/uploads\/2019\/07\/e1a4ee14-54dd-46e9-b088-c3cf249a08ff-768x576.jpg 768w\" sizes=\"auto, (max-width: 1024px) 100vw, 1024px\" \/><\/a><\/p>\n<p>&nbsp;<\/p>\n<p>&nbsp;<\/p>\n<p>&nbsp;<\/p>\n<h2>ASPETTANDO L&#8217;ECLISSE PARZIALE DI LUNA,<\/h2>\n<h2>di Claudio Pra<\/h2>\n<p><a class=\"dt-pswp-item\" href=\"http:\/\/www.radiopiu.net\/wordpress\/wp-content\/uploads\/2019\/07\/verso-luscita-dellombra.jpg\" data-dt-img-description=\"\" data-large_image_width=\"3157\" data-large_image_height=\"1776\"><img loading=\"lazy\" decoding=\"async\" class=\"size-medium wp-image-91727 alignleft\" src=\"http:\/\/www.radiopiu.net\/wordpress\/wp-content\/uploads\/2019\/07\/verso-luscita-dellombra-300x169.jpg\" alt=\"\" width=\"300\" height=\"169\" srcset=\"https:\/\/www.radiopiu.net\/wordpress\/wp-content\/uploads\/2019\/07\/verso-luscita-dellombra-300x169.jpg 300w, https:\/\/www.radiopiu.net\/wordpress\/wp-content\/uploads\/2019\/07\/verso-luscita-dellombra-768x432.jpg 768w, https:\/\/www.radiopiu.net\/wordpress\/wp-content\/uploads\/2019\/07\/verso-luscita-dellombra-1024x576.jpg 1024w\" sizes=\"auto, (max-width: 300px) 100vw, 300px\" \/><\/a>Nella nottata avr\u00e0 luogo un eclisse parziale di Luna, con il disco del nostro satellite naturale che si immerger\u00e0 nell\u2019ombra terrestre per il 66% della sua ampiezza. Il fenomeno risulter\u00e0 completamente visibile dai nostri luoghi, anche se bisogner\u00e0 considerare che l\u2019altezza della Luna, immersa tra le stelle del Sagittario, sar\u00e0 piuttosto limitata. Sono quindi da preferire per l\u2019osservazione location con un orizzonte molto ampio verso sud-sudest. L\u2019ingresso dell\u2019ombra terrestre sul globo lunare avverr\u00e0 alle 22.00 mentre il massimo oscuramento si avr\u00e0 alle 23.30. Infine l\u2019uscita della Luna dall\u2019ombra della Terra \u00e8 prevista all\u20191.00. Fenomeno sempre suggestivo un eclisse, che richiama timori ancestrali dell\u2019uomo ma che in realt\u00e0 non \u00e8 altro che un allineamento tra la Terra, il Sole e la Luna. Uno spettacolo comunque imperdibile.<\/p>\n<p>&nbsp;<\/p>\n<p>&nbsp;<\/p>\n<h2>CANTIERI POST VAIA A CENCENIGHE CON IL GRAZIE AI COLLABORATIVI CITTADINI DEL PAESE<\/h2>\n<p><strong><a class=\"dt-pswp-item\" href=\"http:\/\/www.radiopiu.net\/wordpress\/wp-content\/uploads\/2018\/05\/Mauro-Soppelsa-libero-professionista-perito-edile-56-anni.jpg\" data-dt-img-description=\"\" data-large_image_width=\"1852\" data-large_image_height=\"2218\"><img loading=\"lazy\" decoding=\"async\" class=\"wp-image-48070 alignleft\" src=\"http:\/\/www.radiopiu.net\/wordpress\/wp-content\/uploads\/2018\/05\/Mauro-Soppelsa-libero-professionista-perito-edile-56-anni-250x300.jpg\" alt=\"\" width=\"123\" height=\"148\" srcset=\"https:\/\/www.radiopiu.net\/wordpress\/wp-content\/uploads\/2018\/05\/Mauro-Soppelsa-libero-professionista-perito-edile-56-anni-250x300.jpg 250w, https:\/\/www.radiopiu.net\/wordpress\/wp-content\/uploads\/2018\/05\/Mauro-Soppelsa-libero-professionista-perito-edile-56-anni-768x920.jpg 768w, https:\/\/www.radiopiu.net\/wordpress\/wp-content\/uploads\/2018\/05\/Mauro-Soppelsa-libero-professionista-perito-edile-56-anni-855x1024.jpg 855w, https:\/\/www.radiopiu.net\/wordpress\/wp-content\/uploads\/2018\/05\/Mauro-Soppelsa-libero-professionista-perito-edile-56-anni.jpg 1852w\" sizes=\"auto, (max-width: 123px) 100vw, 123px\" \/><\/a>CENCENIGHE<\/strong> I finanziamenti di aprile e maggio trovano concretezza in progetti importanti a Cencenighe dopo l&#8217;alluvione di ottobre. Progettazioni in dirittura d&#8217;arrivo anche per le strade silvo pastorali.<\/p>\n<h3>DAL NOTIZIARIO PRINCIPALE DELLE 12.30 DI RADIO PIU&#8217;, IL SINDACO MAURO SOPPELSA<\/h3>\n<audio class=\"wp-audio-shortcode\" id=\"audio-91788-5\" preload=\"none\" style=\"width: 100%;\" controls=\"controls\"><source type=\"audio\/mpeg\" src=\"http:\/\/www.radiopiu.net\/wordpress\/wp-content\/uploads\/2019\/07\/MAURO.mp3?_=5\" \/><a href=\"http:\/\/www.radiopiu.net\/wordpress\/wp-content\/uploads\/2019\/07\/MAURO.mp3\">http:\/\/www.radiopiu.net\/wordpress\/wp-content\/uploads\/2019\/07\/MAURO.mp3<\/a><\/audio>\n<p>&nbsp;<\/p>\n<p>&nbsp;<\/p>\n<p>&nbsp;<\/p>\n<p>&nbsp;<\/p>\n<h3>Mini-Idroelettrico, firmato il decreto Fer1. D\u2019Inc\u00e0 (M5S): \u201cSi volta pagina, finalmente una tutela per i nostri corsi d\u2019acqua e per il paesaggio\u201d<\/h3>\n<audio class=\"wp-audio-shortcode\" id=\"audio-91788-6\" preload=\"none\" style=\"width: 100%;\" controls=\"controls\"><source type=\"audio\/mpeg\" src=\"http:\/\/www.radiopiu.net\/wordpress\/wp-content\/uploads\/2019\/07\/INCA-1.mp3?_=6\" \/><a href=\"http:\/\/www.radiopiu.net\/wordpress\/wp-content\/uploads\/2019\/07\/INCA-1.mp3\">http:\/\/www.radiopiu.net\/wordpress\/wp-content\/uploads\/2019\/07\/INCA-1.mp3<\/a><\/audio>\n<blockquote>\n<div><em>Nel testo firmato dal MISE, la conformit\u00e0 degli impianti sar\u00e0 verificata e dichiarata dal Sistema nazionale per la protezione dell&#8217;ambiente<\/em><\/div>\n<\/blockquote>\n<div><strong><a class=\"dt-pswp-item\" href=\"http:\/\/www.radiopiu.net\/wordpress\/wp-content\/uploads\/2017\/09\/DInc\u00e0-Grisol.jpg\" data-dt-img-description=\"\" data-large_image_width=\"1280\" data-large_image_height=\"960\"><img loading=\"lazy\" decoding=\"async\" class=\"size-medium wp-image-36473 alignleft\" src=\"http:\/\/www.radiopiu.net\/wordpress\/wp-content\/uploads\/2017\/09\/DInc\u00e0-Grisol-300x225.jpg\" alt=\"\" width=\"300\" height=\"225\" \/><\/a>ROMA<\/strong>\u00a0\u201cIl mini idroelettrico finalmente volta pagina: il Ministero dello Sviluppo Economico ha infatti firmato il decreto FER1 (Decreto incentivi fonti rinnovabili) che mette la parola fine ad una battaglia portata avanti dal Movimento 5 Stelle negli ultimi due anni, non senza difficolt\u00e0, a difesa dell\u2019eco-sistema alpino, delle nostre vallate e dei nostri corsi d\u2019acqua\u201d.<br \/>\nLo annuncia Federico D\u2019Inc\u00e0, deputato del Movimento 5 Stelle, in seguito alla firma del decreto Fer1 che assegna gli incentivi agli impianti che producono energia da fonti rinnovabili.<br \/>\n\u201cGrazie all\u2019intervento del Ministero dell\u2019Ambiente, che ha riformulato il testo che la Direzione Generale Concorrenza dell\u2019Unione Europea aveva messo in discussione nella parte riguardante i criteri di concessione delle derivazioni, sar\u00e0 molto pi\u00f9 difficile trovarsi di fronte a degli eco-mostri \u2013 spiega D\u2019Inc\u00e0, che aggiunge: infatti solo le concessioni conformi alle Linee guida per le valutazioni ambientali ex ante delle derivazioni idriche, (D.D. n. 29\/STA \u2013 Salvaguardia territorio acque) e al le Linee guida per l\u2019aggiornamento dei metodi di determinazione del deflusso minimo vitale, (D.D. n. 30\/STA) potranno avere l\u2019autorizzazione a realizzare gli impianti. La conformit\u00e0 sar\u00e0 verificata e dichiarata dal Sistema nazionale per la protezione dell\u2019ambiente (SNPA) attraverso le sue strutture preposte ai controlli\u201d.<br \/>\nNon solo: D\u2019Inc\u00e0 specifica anche che \u201ci costi dell\u2019istruttoria da parte dell\u2019ufficio accertatore e dell\u2019autorit\u00e0 concedente per la verifica della conformit\u00e0, saranno a carico del richiedente, rendendo quindi oneroso affrontare questa procedura e il giudizio dell\u2019ente preposto\u201d.<br \/>\n\u201cSono soddisfatto \u2013 conclude il deputato del Movimento 5 Stelle &#8211; perch\u00e9 ho temuto che i forti interessi che giravano (e girano) intorno a questo business potessero dare il colpo di coda ad un processo che abbiamo seguito passo passo con gli uffici del MISE e del Ministero dell\u2019Ambiente, a cui va la mia riconoscenza. Il testo iniziale che avevamo inviato alla Commissione Europea era ancora pi\u00f9 stringente, ma a seguito delle richieste di modifica da parte della Direzione per la Concorrenza, abbiamo raggiunto quello che \u00e8 un ottimo risultato. Il Movimento 5 Stelle ha dimostrato attenzione su questo tema a partire dalla scorsa legislatura e finalmente \u00e8 stata trovata una soluzione per il nostro eco-sistema alpino\u201d.<\/div>\n<p>&nbsp;<\/p>\n<p>&nbsp;<\/p>\n<p>&nbsp;<\/p>\n<p>&nbsp;<\/p>\n<h3>MONTAGNA VENETA, MONDIALI DI SCI 2021 E OLIMPIADI INVERNALI 2026. OGGI\u00a0 LE NOVITA\u2019 SUI FINANZIAMENTI ALLE IMPRESE DEL SETTORE TURISMO<\/h3>\n<p><strong>VENEZIA<\/strong>\u00a0 Ulteriori disponibilit\u00e0 da parte della Regione del Veneto a sostegno delle imprese del settore turismo che operano nelle cos\u00ec dette \u201cterre alte\u201d. Si aprono, infatti, nuove opportunit\u00e0 di accesso ai finanziamenti relativi al \u201cpacchetto montagna\u201d per le imprese turistiche montane del Veneto, in previsione dei Mondiali di Sci del 2021 e delle Olimpiadi Invernali del 2026. Le novit\u00e0 saranno presentate\u00a0 oggi\u00a0 dall\u2019Assessore alla Programmazione, Fondi UE e Turismo della Regione del Veneto,\u00a0 nel corso della conferenza stampa\u00a0in programma a Belluno presso la Sala Riunioni della camera di Commercio Industria Artigianato Agricoltura in piazza Santo Stefano alle ore 11.30. Interverranno: Federico Caner, Assessore regionale alla Programmazione, Fondi Ue e Turismo e Fabrizio Stella, Direttore di AVEPA<\/p>\n<p>&nbsp;<\/p>\n<p>&nbsp;<\/p>\n<p>&nbsp;<\/p>\n<p align=\"JUSTIFY\"><span style=\"font-size: medium;\"><b>VIOLENZA CONTRO LE DONNE: DA REGIONE VENETO 600 MILA EURO.\u00a0<\/b><\/span><\/p>\n<p align=\"JUSTIFY\"><strong><a class=\"dt-pswp-item\" href=\"http:\/\/www.radiopiu.net\/wordpress\/wp-content\/uploads\/2016\/08\/violenza-sulle-donne-generica-e1396027455181.jpg\" data-dt-img-description=\"\" data-large_image_width=\"400\" data-large_image_height=\"224\"><img loading=\"lazy\" decoding=\"async\" class=\" wp-image-22567 alignleft\" src=\"http:\/\/www.radiopiu.net\/wordpress\/wp-content\/uploads\/2016\/08\/violenza-sulle-donne-generica-e1396027455181-300x168.jpg\" alt=\"\" width=\"277\" height=\"155\" \/><\/a>VENEZIA\u00a0<\/strong> Con una variazione di bilancio la Giunta regionale del Veneto ha aumentato i finanziamenti per i Centri antiviolenza e le Case rifugio, finalizzando l\u2019incremento di risorse al sostegno dei percorsi individuali delle donne (e dei figli minori) verso l\u2019autonomia e il recupero della normalit\u00e0. La Giunta regionale, su proposta dell\u2019assessore alla sanit\u00e0 e al sociale Manuela Lanzarin, ha messo a disposizione quest\u2019anno 600 mila euro (100 mila in pi\u00f9 rispetto allo scorso anno) del proprio bilancio in favore dei 22 centri antiviolenza e delle 22 case rifugio presenti nel territorio veneto. <em>\u201cIn attesa del\u2019erogazione dei fondi nazionali destinati alla rete delle strutture antiviolenza \u2013 spiega l\u2019assessore Lanzarin \u2013 la Regione Veneto si \u00e8 impegnata a finanziare, con risorse proprie specifici, progetti di \u2018uscita dalla violenza\u2019 per le donne gi\u00e0 accolte e prese in carico dalle strutture. I fondi saranno ripartiti tra i 22 centri antiviolenza (12.500 euro ciascuno, integrati da ulteriori 1560 euro per ogni sportello decentrato attivo nel territorio) e le 22 case rifugio (13 mila euro ciascuna) e sono finalizzati a sostenere le spese per specifici progetti di autonomia: contributi per canone di locazione, corsi e stage di formazione e aggiornamento professionale, attivazione di tirocini, borse lavoro e forme di inserimento lavorativo, spese di trasporto e per servizi che aiutino le donne con figli a conciliare tempi di vita e di lavoro\u201d. <\/em>Lo scorso anno quasi 8500 donne si sono rivolte ai centri antiviolenza del Veneto per ricevere informazioni, fare una segnalazione o avere un consiglio. Di queste, 2373 (280 in pi\u00f9 rispetto al 2017) sono state prese in carico con percorsi di affiancamento, assistenza e protezione,. I percorsi delle donne presso i Centri antiviolenza durano in media un anno e mezzo. Quelli di ospitalit\u00e0 e reinserimento nelle Case rifugio durano in media circa tre mesi e nel 50 per cento dei casi consentono alle donne di acquisire una loro autonomia. (FOTO lasicilia.it)<\/p>\n<blockquote>\n<p align=\"JUSTIFY\">\n<\/blockquote>\n<p align=\"JUSTIFY\"><span style=\"font-size: medium;\"><b>CENTRI PER L\u2019IMPIEGO: VICEPRESIDENTE FORCOLIN, \u201cESITO POSITIVO GRAZIE A SPIRITO DI COLLABORAZIONE E DI RESPONSABILIT\u00c0 DELLE PARTI.<\/b><\/span><\/p>\n<p align=\"JUSTIFY\"><span style=\"font-size: medium;\"><strong><a class=\"dt-pswp-item\" href=\"http:\/\/www.radiopiu.net\/wordpress\/wp-content\/uploads\/2016\/06\/lavoro-fabbrica.jpg\" data-dt-img-description=\"\" data-large_image_width=\"990\" data-large_image_height=\"660\"><img loading=\"lazy\" decoding=\"async\" class=\"size-medium wp-image-20298 alignleft\" src=\"http:\/\/www.radiopiu.net\/wordpress\/wp-content\/uploads\/2016\/06\/lavoro-fabbrica-300x200.jpg\" alt=\"\" width=\"300\" height=\"200\" \/><\/a>VENEZIA<\/strong>\u00a0 <\/span>\u201c<span style=\"font-size: medium;\">L\u2019approvazione unanime del nuovo contratto collettivo integrativo decentrato del personale di Veneto Lavoro rappresenta una bella conclusione per una vicenda complessa e spinosa, figlia del caos generato dalla legge Delrio di riordino delle Province\u201d. Il vicepresidente della regione Veneto, Gianluca Forcolin, sottolinea cos\u00ec la portata del contratto integrativo decentrato per il personale dei Centri per l\u2019Impiego, e pi\u00f9 in generale per l\u2019ente strumentale Veneto lavoro, siglato tra regione e sindacati e ratificato dall\u2019assemblea dei lavoratori. \u201cGrazie allo spirito di collaborazione e al senso di responsabilit\u00e0 dimostrato dalle parti sindacali , e dagli stessi dipendenti, si \u00e8 potuto finalmente raggiunte l\u2019obiettivo di dare un inquadramento unitario al personale dei Centri per l\u2019impiego, rafforzando cos\u00ec i servizi per il lavoro\u201d. <\/span>\u201c<span style=\"font-size: medium;\">Si conclude cos\u2019 positivamente un percorso avviato due anni fa \u2013 aggiunge il vicepresidente \u2013 emblematico dello \u2018spirito\u2019 pragmatico adottato dal Veneto nell\u2019affrontare e risolvere i problemi generati dal riordino istituzionale territoriale\u201d. <\/span><span style=\"font-size: medium;\">Sono certo che con lo stesso spirito costruttivo e di confronto dialogante \u2013 conclude Forcolin \u2013 potremo affrontare anche le ultime e residuali incertezze normative e contrattuali che, in altri contesti e servizi della pubblica amministrazione, il riordino delle Province continua a porre. L\u2019obiettivo ultimo del nostro agire sono sempre la qualit\u00e0 dei servizi e il rispetto delle professionalit\u00e0 e del lavoro dei dipendenti\u201d.<\/span><\/p>\n<blockquote>\n<p align=\"JUSTIFY\">\n<\/blockquote>\n<h3><\/h3>\n<blockquote>\n<h3><\/h3>\n<\/blockquote>\n<h3 class=\"documentFirstHeading\"><span id=\"parent-fieldname-title\" class=\"\">LAGO DI SANTA CROCE: \u201cTUFFI ECCELLENTI\u201d GARANTITI DAI CONTROLLI ARPAV. L\u2019AGENZIA A BORDO DELLA GOLETTA DI LEGAMBIENTE NEL LAGO BELLUNESE<\/span><\/h3>\n<h3>DI DAMIANO TORMEN<\/h3>\n<div class=\"data\">\n<audio class=\"wp-audio-shortcode\" id=\"audio-91788-7\" preload=\"none\" style=\"width: 100%;\" controls=\"controls\"><source type=\"audio\/mpeg\" src=\"http:\/\/www.radiopiu.net\/wordpress\/wp-content\/uploads\/2019\/07\/LAGO-DAMIANO.mp3?_=7\" \/><a href=\"http:\/\/www.radiopiu.net\/wordpress\/wp-content\/uploads\/2019\/07\/LAGO-DAMIANO.mp3\">http:\/\/www.radiopiu.net\/wordpress\/wp-content\/uploads\/2019\/07\/LAGO-DAMIANO.mp3<\/a><\/audio>\n<\/div>\n<div class=\"data\"><strong>I controlli della balneabilit\u00e0 nei laghi del Veneto<\/strong>. Arpav garantisce la sicurezza della balneazione oltre che delle coste dell\u2019Adriatico veneto, anche di alcuni tratti costieri lacustri della regione: 65 tratti sul lago di Garda, 4 sul lago di Santa Croce, 1 sul lago del Mis, 4 sul lago di Centro Cadore, 2 sul lago di Lago, 2 sul lago di Santa Maria. Come prevede la normativa nel corso della stagione balneare, dal 15 maggio al 15 settembre, su ogni punto di controllo i tecnici ARPAV eseguono, con frequenza almeno mensile, una serie di indagini che comprendono ispezioni di natura visiva delle aree, impiego di strumentazione da campo per rilevazioni istantanee di parametri ambientali e prelievi di campioni d\u2019acqua per le analisi di laboratorio relative alla caratterizzazione microbiologica. <strong>Il lago di Santa Croce<\/strong>. I tratti idonei alla balneazione si trovano nelle localit\u00e0 Piatte, Sarathei, Santa Croce (nella rete di balneazione dal 1999) e Baia delle Sirene (introdotto nel 2015). L\u2019ultima classificazione effettuata, con i dati raccolti dal 2015 al 2018, attribuisce a tutti e quattro i tratti il valore di \u201c<strong>Eccellente<\/strong>\u201d.<\/div>\n<div id=\"parent-fieldname-text\" class=\"plain\">\n<p>I controlli del 2019, effettuati il 27 maggio e il 24 giugno, hanno dato esiti favorevoli.<\/p>\n<p><img decoding=\"async\" class=\"image-inline aligncenter\" src=\"http:\/\/www.arpa.veneto.it\/arpavinforma\/comunicati-stampa\/archivio\/immagini\/Balneazione%20controlli%20lago%20di%20Santa%20Croce.png\/image_preview\" alt=\"balneazione_controlli lago di Santa Croce\" \/><\/p>\n<p>I risultati delle analisi sono pubblicati in tempo reale nel sito ARPAV\u00a0<a class=\"external-link\" title=\"il collegamento apre una nuova finestra\" href=\"http:\/\/www.arpa.veneto.it\/temi-ambientali\/acqua\/datiacqua\/balneazione_rete.php\" target=\"_blank\" rel=\"noopener noreferrer\">http:\/\/www.arpa.veneto.it\/temi-ambientali\/acqua\/datiacqua\/balneazione_rete.php<\/a>\u00a0e su\u00a0<span class=\"link-external\"><a class=\"external-link\" title=\"il collegamento apre una nuova finestra\" href=\"http:\/\/www.portaleacque.salute.gov.it\/\" target=\"_blank\" rel=\"noopener noreferrer\">www.portaleacque.salute.gov.it<\/a><\/span>\u00a0del Ministero della Salute. In entrambi i siti \u00e8 possibile consultare anche una scheda dettagliata dell\u2019area balneare con informazioni utili per il cittadino e per il turista, come la conformazione fisico-geografica e le coordinate dell\u2019area, e altre caratteristiche del sito<\/p>\n<\/div>\n<p>&nbsp;<\/p>\n<blockquote><p>&nbsp;<\/p><\/blockquote>\n<h3>Ragazzi protagonisti al Gruppo Operativo Giovani: inaugurata sabato la terza opera di \u201cLand Art\u201d.<\/h3>\n<p><a class=\"dt-pswp-item\" href=\"http:\/\/www.radiopiu.net\/wordpress\/wp-content\/uploads\/2019\/07\/fa9b6316-7785-4648-b8f4-0a99e8efcab4.jpg\" data-dt-img-description=\"\" data-large_image_width=\"1599\" data-large_image_height=\"1066\"><img loading=\"lazy\" decoding=\"async\" class=\" wp-image-91791 alignleft\" src=\"http:\/\/www.radiopiu.net\/wordpress\/wp-content\/uploads\/2019\/07\/fa9b6316-7785-4648-b8f4-0a99e8efcab4-300x200.jpg\" alt=\"\" width=\"357\" height=\"238\" srcset=\"https:\/\/www.radiopiu.net\/wordpress\/wp-content\/uploads\/2019\/07\/fa9b6316-7785-4648-b8f4-0a99e8efcab4-300x200.jpg 300w, https:\/\/www.radiopiu.net\/wordpress\/wp-content\/uploads\/2019\/07\/fa9b6316-7785-4648-b8f4-0a99e8efcab4-768x512.jpg 768w, https:\/\/www.radiopiu.net\/wordpress\/wp-content\/uploads\/2019\/07\/fa9b6316-7785-4648-b8f4-0a99e8efcab4-1024x683.jpg 1024w, https:\/\/www.radiopiu.net\/wordpress\/wp-content\/uploads\/2019\/07\/fa9b6316-7785-4648-b8f4-0a99e8efcab4.jpg 1599w\" sizes=\"auto, (max-width: 357px) 100vw, 357px\" \/><\/a><strong>ALPAGO\u00a0<\/strong> E\u2019 in pieno svolgimento l\u2019edizione 2019 del Gruppo Operativo Giovani, il progetto condotto dai tre comuni della conca dell\u2019Alpago sotto l\u2019egida dell\u2019Unione Montana. L\u2019iniziativa, come noto, mira ad attivare reti di collaborazione tra la popolazione, le associazioni di volontariato attive nel territorio e le Amministrazioni, avendo come protagonisti principali proprio i giovani del territorio. Il tema scelto questo anno dal Comune di Alpago \u00e8 \u201cRitorno al futuro&#8221;, con l\u2019intento evidente di fare tesoro delle esperienze del tempo passato per pensare e progettare in maniera pi\u00f9 consapevole quello che deve venire. Tra i vari laboratori proposti ai ragazzi, per il terzo anno consecutivo ve ne \u00e8 uno dedicato all\u2019arte della terra (Land Art) sotto la guida dell\u2019artista Giorgio Vazza. Grazie alla sua mano esperta ed ispirata e all\u2019aiuto prezioso di alcuni volontari adulti, i nostri giovani hanno realizzato quest\u2019anno un Uccello. L\u2019opera, creata con elementi naturali trovati in loco e destinata quindi a decomporsi con il passare del tempo, vuole portare l\u2019attenzione sull\u2019ascolto dei suoni della natura e sul piacere del lavoro condiviso, nell\u2019idea che l\u2019arte possa essere prima di tutto motore di relazioni umane anche intergenerazionali. La nuova opera \u00e8 stata realizzata accanto alle due precedenti (il Nido e il Pesce) nell\u2019oasi naturalistica tra Farra e Bastia. Sabato scorso si \u00e8 tenuto un breve momento di incontro e di inaugurazione del nuovo lavoro, alla presenza dei ragazzi protagonisti del laboratorio, dell\u2019artista e di un pubblico di adulti. Per l\u2019amministrazione erano presenti il sindaco Umberto Soccal e il vicesindaco, con delega alle Politiche Giovanili, Vanessa De Francesch, che hanno consegnato un presente, quale segno di riconoscenza, a Giorgio Vazza e ai volontari che hanno collaborato all\u2019iniziativa. \u201cNon posso che esprimere grande soddisfazione per questo progetto &#8211; commenta il vicesindaco del Comune di Alpago &#8211; non solo perch\u00e9 siamo riusciti a coinvolgere i giovani in questo bel progetto, ma anche perch\u00e9 in questo modo si crea una rete positiva di relazioni sociali e umane, oltre a generare un messaggio molto importante, ovvero quello dell\u2019utilit\u00e0- per s\u00e9 e per gli altri &#8211; di dedicare del tempo alla propria comunit\u00e0. Il fine, conclude De Francesch, \u00e8 quello di far appassionare i ragazzi al territorio in cui vivono e far s\u00ec che lo conoscano e lo valorizzino; con quest\u2019opera si crea certamente anche una curiosit\u00e0 positiva e un&#8217;ulteriore attrattiva turistica per l\u2019area umida vicino al lago di Santa Croce\u201d. Il progetto proseguir\u00e0 nelle prossime settimane, con il coordinamento di Francesca Gaio, con l\u2019animazione in casa di riposo e con le attivit\u00e0 con gli operai comunali. In questo secondo caso i ragazzi saranno impegnati, sotto la guida e il controllo del personale addetto, nella sistemazione del verde pubblico e in piccoli lavori di manutenzione, oltre che in altre attivit\u00e0 interessanti, come l\u2019incontro con associazioni e realt\u00e0 del territorio.<\/p>\n<p>&nbsp;<\/p>\n<h3><\/h3>\n<blockquote><p>&nbsp;<\/p><\/blockquote>\n<h3><a class=\"dt-pswp-item\" href=\"http:\/\/www.radiopiu.net\/wordpress\/wp-content\/uploads\/2019\/07\/bf077440-b636-4828-b3a9-ed1812f3e221.jpg\" data-dt-img-description=\"\" data-large_image_width=\"1600\" data-large_image_height=\"800\"><img loading=\"lazy\" decoding=\"async\" class=\"wp-image-91581 alignleft\" src=\"http:\/\/www.radiopiu.net\/wordpress\/wp-content\/uploads\/2019\/07\/bf077440-b636-4828-b3a9-ed1812f3e221-300x150.jpg\" alt=\"\" width=\"332\" height=\"166\" srcset=\"https:\/\/www.radiopiu.net\/wordpress\/wp-content\/uploads\/2019\/07\/bf077440-b636-4828-b3a9-ed1812f3e221-300x150.jpg 300w, https:\/\/www.radiopiu.net\/wordpress\/wp-content\/uploads\/2019\/07\/bf077440-b636-4828-b3a9-ed1812f3e221-768x384.jpg 768w, https:\/\/www.radiopiu.net\/wordpress\/wp-content\/uploads\/2019\/07\/bf077440-b636-4828-b3a9-ed1812f3e221-1024x512.jpg 1024w, https:\/\/www.radiopiu.net\/wordpress\/wp-content\/uploads\/2019\/07\/bf077440-b636-4828-b3a9-ed1812f3e221.jpg 1600w\" sizes=\"auto, (max-width: 332px) 100vw, 332px\" \/><\/a><\/h3>\n<h3><\/h3>\n<h3>FRANCESCO TROTTA M COME MAFIA IL CONVEGNO DI GIOVEDI QUESTA SERA\u00a0 \u00a0ALLA RADIO DALLE 20.10<\/h3>\n<p>DI GIANNI SANTOMASO<\/p>\n<audio class=\"wp-audio-shortcode\" id=\"audio-91788-8\" preload=\"none\" style=\"width: 100%;\" controls=\"controls\"><source type=\"audio\/mpeg\" src=\"http:\/\/www.radiopiu.net\/wordpress\/wp-content\/uploads\/2019\/07\/trotta.mp3?_=8\" \/><a href=\"http:\/\/www.radiopiu.net\/wordpress\/wp-content\/uploads\/2019\/07\/trotta.mp3\">http:\/\/www.radiopiu.net\/wordpress\/wp-content\/uploads\/2019\/07\/trotta.mp3<\/a><\/audio>\n<p>&nbsp;<\/p>\n<p>&nbsp;<\/p>\n<p>&nbsp;<\/p>\n<h3>MARTA E SAMUELE DALL&#8217;ASILO AL LICEO NELLA STESSA CLASSE, SEMPRE CON IL MASSIMO DEI VOTI, I DUE RAGAZZI LAVALLESI<\/h3>\n<h3><span style=\"color: #ff0000;\">OGGI ALLE 10.30 E ALLE 19 00 NEL REPORTER DI RADIO PIU<\/span><\/h3>\n<div id=\"fb-root\"><\/div>\n<p><script async=\"1\" defer=\"1\" crossorigin=\"anonymous\" src=\"https:\/\/connect.facebook.net\/it_IT\/sdk.js#xfbml=1&amp;version=v6.0\"><\/script><\/p>\n<div class=\"fb-video\" data-href=\"https:\/\/www.facebook.com\/mirko.mezzacasa\/videos\/10220200507589734\/\" data-width=\"1200\">\n<blockquote cite=\"https:\/\/www.facebook.com\/mirko.mezzacasa\/videos\/10220200507589734\/\" class=\"fb-xfbml-parse-ignore\"><p><a href=\"https:\/\/www.facebook.com\/mirko.mezzacasa\/videos\/10220200507589734\/\"><\/a><\/p>\n<p>Pubblicato da <a href=\"https:\/\/www.facebook.com\/mirko.mezzacasa\">Mirko Mezzacasa<\/a> su Gioved\u00ec 11 luglio 2019<\/p><\/blockquote>\n<\/div>\n<p>&nbsp;<\/p>\n<h3>OGGI ALLE 15.10 NEL &#8220;CARPE DIEM DI RADIO PIU&#8221;<\/h3>\n<p><a class=\"profileLink\" href=\"https:\/\/www.facebook.com\/agescizonabelluno\/?__tn__=KH-R&amp;eid=ARAGlf58r4XQDrC0bl9MZs4Jb8yyke8F5-iUpeUK-xBqwftj2YX4rczoSOwHOumYWPzx6_0DCdaq9fVn&amp;fref=mentions&amp;__xts__%5B0%5D=68.ARC2MNAXnhNLeWhxwcgNhkRyhXSdZpozjLXgklig-fpfDgT486SNo8Yi3dK2WOymL-SSHQQWXVqnY6Da_b2bYhlavz2orNOBXoYDEQPjjcJcP_DDk99j-tXLr6Fkx1LBJMcaSWzjRknZzlfEqgevEO_2NZen8lEm04ruBjP_TA002l2UFGMtmaCTdBXvr-sPc3oS-2rtR4G5X8GMg8O3ShAzBqZe\" data-hovercard=\"\/ajax\/hovercard\/page.php?id=2602802513089725&amp;extragetparams=%7B%22__tn__%22%3A%22%2CdKH-R-R%22%2C%22eid%22%3A%22ARAGlf58r4XQDrC0bl9MZs4Jb8yyke8F5-iUpeUK-xBqwftj2YX4rczoSOwHOumYWPzx6_0DCdaq9fVn%22%2C%22fref%22%3A%22mentions%22%7D\" data-hovercard-prefer-more-content-show=\"1\">Agesci Zona Belluno<\/a>, con Mario De Menech, Giovanni Nino Deon sindaco di Rivamonte e\u00a0<a class=\"profileLink\" title=\"Fabio Luchetta\" href=\"https:\/\/www.facebook.com\/fabio.luchetta.9?__tn__=KH-R&amp;eid=ARDfSiCe0SQZ7RJw7XFqBQ0ADBJW3r4bMzYwVee8wdssdFIuxvK1GpnyBokSn905QDd2Yk2XE-kVS-9R&amp;fref=mentions&amp;__xts__%5B0%5D=68.ARC2MNAXnhNLeWhxwcgNhkRyhXSdZpozjLXgklig-fpfDgT486SNo8Yi3dK2WOymL-SSHQQWXVqnY6Da_b2bYhlavz2orNOBXoYDEQPjjcJcP_DDk99j-tXLr6Fkx1LBJMcaSWzjRknZzlfEqgevEO_2NZen8lEm04ruBjP_TA002l2UFGMtmaCTdBXvr-sPc3oS-2rtR4G5X8GMg8O3ShAzBqZe\" data-hovercard=\"\/ajax\/hovercard\/user.php?id=100003870609584&amp;extragetparams=%7B%22__tn__%22%3A%22%2CdKH-R-R%22%2C%22eid%22%3A%22ARDfSiCe0SQZ7RJw7XFqBQ0ADBJW3r4bMzYwVee8wdssdFIuxvK1GpnyBokSn905QDd2Yk2XE-kVS-9R%22%2C%22fref%22%3A%22mentions%22%7D\" data-hovercard-prefer-more-content-show=\"1\">Fabio Luchetta<\/a> presidente Unione Montana.\u00a0 <span class=\"text_exposed_show\">Dal 20 luglio per 5 settimana gruppi Agesci (autonomi sia per i pernottamenti che per le cucine) saranno presenti sul territorio di Rivamonte per piccoli lavori di manutenzione, necessari nel post Vaia. Ne parleremo alla radio, i numeri sono importanti, 6 cantieri in provincia, 600 giovani mobilitati, un&#8217;operazione di volontariato che ci permetter\u00e0 di conoscere come opera l&#8217;Agesci e poich\u00e9 i ragazzi arrivano da tutta Italia sar\u00e0 un&#8217;importante operazione per far loro conoscere un angolo delle Dolomiti.<\/span><\/p>\n<div id=\"fb-root\"><\/div>\n<p><script async=\"1\" defer=\"1\" crossorigin=\"anonymous\" src=\"https:\/\/connect.facebook.net\/it_IT\/sdk.js#xfbml=1&amp;version=v6.0\"><\/script><\/p>\n<div class=\"fb-video\" data-href=\"https:\/\/www.facebook.com\/mirko.mezzacasa\/videos\/10220207993656881\/\" data-width=\"1200\">\n<blockquote cite=\"https:\/\/www.facebook.com\/mirko.mezzacasa\/videos\/10220207993656881\/\" class=\"fb-xfbml-parse-ignore\"><p><a href=\"https:\/\/www.facebook.com\/mirko.mezzacasa\/videos\/10220207993656881\/\"><\/a><\/p>\n<p>LA PROSSIMA SETTIMANA ALLA RADIOAgesci Zona Belluno, con Mario De Menech, Giovanni Nino Deon sindaco di Rivamonte e Fabio Luchetta presidente Unione Montana. Dal 20 luglio per 5 settimana gruppi Agesci (autonomi sia per i pernottamenti che per le cucine) saranno presenti sul territorio di Rivamonte per piccoli lavori di manutenzione, necessari nel post Vaia. Ne parleremo alla radio, i numeri sono importanti, 6 cantieri in provincia, 600 giovani mobilitati, un&#039;operazione di volontariato che ci permetter\u00e0 di conoscere come opera l&#039;Agesci e poich\u00e9 i ragazzi arrivano da tutta Italia sar\u00e0 un&#039;importante operazione per far loro consoscere un angolo delle Dolomiti.<\/p>\n<p>Pubblicato da <a href=\"https:\/\/www.facebook.com\/mirko.mezzacasa\">Mirko Mezzacasa<\/a> su Venerd\u00ec 12 luglio 2019<\/p><\/blockquote>\n<\/div>\n<h3><a class=\"dt-pswp-item\" href=\"http:\/\/www.radiopiu.net\/wordpress\/wp-content\/uploads\/2019\/07\/Corrinvalle-2019-1-001.jpg\" data-dt-img-description=\"\" data-large_image_width=\"1700\" data-large_image_height=\"2338\"><img loading=\"lazy\" decoding=\"async\" class=\" wp-image-91690 alignleft\" src=\"http:\/\/www.radiopiu.net\/wordpress\/wp-content\/uploads\/2019\/07\/Corrinvalle-2019-1-001-218x300.jpg\" alt=\"\" width=\"97\" height=\"133\" srcset=\"https:\/\/www.radiopiu.net\/wordpress\/wp-content\/uploads\/2019\/07\/Corrinvalle-2019-1-001-218x300.jpg 218w, https:\/\/www.radiopiu.net\/wordpress\/wp-content\/uploads\/2019\/07\/Corrinvalle-2019-1-001-768x1056.jpg 768w, https:\/\/www.radiopiu.net\/wordpress\/wp-content\/uploads\/2019\/07\/Corrinvalle-2019-1-001-745x1024.jpg 745w, https:\/\/www.radiopiu.net\/wordpress\/wp-content\/uploads\/2019\/07\/Corrinvalle-2019-1-001.jpg 1700w\" sizes=\"auto, (max-width: 97px) 100vw, 97px\" \/><\/a>E ALLE 15.30 CORRINVALLE 2019<br \/>\nAntimo Savaris e Marco De Colo&#8217; di parlano della corrinvalle, gara di corsa con partenza per i grandi sabato pomeriggio alle ore 17 dalla piazza di san cipriano Taibon Agordino, e per i piccoli dal campo sportivo di alle 18. Percorso modificato a causa dei danni subiti dalla tempesta vaia in valle di San Lucano, ma comunque interessante, con circa 6 chilometri di sviluppo per i grandi, e circa un chilometro e mezzo per i bimbi. Marco e Antimo ci spiegano percorso, programma e anche l&#8217;abbinata con la ciclinvalle in programma per fine agosto.<\/h3>\n<blockquote><p>&nbsp;<\/p><\/blockquote>\n<blockquote><p>&nbsp;<\/p><\/blockquote>\n<h3>TEMPO DI ASSEMBLEA PER L&#8217;ASSOCIAZIONE DONATORI DI MIDOLLO OSSEO _ADMO<\/h3>\n<p><strong>BELLUNO<\/strong>\u00a0 E\u2019 indetta per oggi\u00a0 alle 19 in la sala riunioni dell\u2019associazione ADMO in via Pellegrini 67\/69 a Belluno, l\u2019Assemblea straordinaria dei Soci iscritti ad ADMO Belluno, per discutere e deliberare in merito al nuovo statuto dell\u2019associazione<\/p>\n<p>&nbsp;<\/p>\n<p>&nbsp;<\/p>\n<h3>Anffas Onlus convoca l&#8217;assemblea ordinaria dei soci<\/h3>\n<p><strong>BELLUNO<\/strong>\u00a0 Si terr\u00e0 sabato 20 luglio alle 9 presso il ristorante \u201cParco di Limana\u201d. All&#8217;ordine del giorno gli adempimenti statutari, la relazione del presidente dell&#8217;associazione, l&#8217;esame e approvazione del rendiconto associativo chiuso al 31 dicembre 2018, corredata dalla relazione dell&#8217;organo di revisione contabile. L&#8217;associazione, oggi presieduta da Salvatore Bavasso, da molto tempo si occupa di persone con disabilit\u00e0 intellettiva e\/o relazionale, di supporto alle loro famiglie, agli operatori e professionisti, lavoro sulle comunit\u00e0, inclusione sociale. La partecipazione all&#8217;assemblea \u00e8 particolarmente importante perch\u00e9 consentir\u00e0 di proseguire, con un nuovo direttivo, a raggiungere questi importanti obiettivi.<\/p>\n<p>&nbsp;<\/p>\n<p>&nbsp;<\/p>\n<h3>CHIAMATA PER I CONSIGLIERI COMUNALI DI ROCCA PIETORE<\/h3>\n<p><strong>ROCCA PIETORE<\/strong> Seduta fiume in Municipio giovedi 18 luglio alle 19 per il consiglio comunale, dieci punti all&#8217;ordine del giorno comunicazioni del sindaco Andrea De Bernardin comprese: variazioni al bilancio, prelevamento dal fondo di riserva, verifica dei programmi, nomina e desingnazioni presso enti, approvazione della convenzione per la gestione associata dei servizi sociali e riordino delle Provincie con un ordine del giorno.<\/p>\n<p>&nbsp;<\/p>\n<p>&nbsp;<\/p>\n<h3>Canale d\u2019Agordo &#8211; La nuova area di sgambatura per cani Ass. Tana&#8230;liberi tutti<\/h3>\n<p><strong><a class=\"dt-pswp-item\" href=\"http:\/\/www.radiopiu.net\/wordpress\/wp-content\/uploads\/2019\/07\/campo-canale.jpg\" data-dt-img-description=\"\" data-large_image_width=\"3508\" data-large_image_height=\"4961\"><img loading=\"lazy\" decoding=\"async\" class=\" wp-image-91272 alignleft\" src=\"http:\/\/www.radiopiu.net\/wordpress\/wp-content\/uploads\/2019\/07\/campo-canale-212x300.jpg\" alt=\"\" width=\"183\" height=\"259\" srcset=\"https:\/\/www.radiopiu.net\/wordpress\/wp-content\/uploads\/2019\/07\/campo-canale-212x300.jpg 212w, https:\/\/www.radiopiu.net\/wordpress\/wp-content\/uploads\/2019\/07\/campo-canale-768x1086.jpg 768w, https:\/\/www.radiopiu.net\/wordpress\/wp-content\/uploads\/2019\/07\/campo-canale-724x1024.jpg 724w\" sizes=\"auto, (max-width: 183px) 100vw, 183px\" \/><\/a>CANALE D&#8217;AGORDO<\/strong> La prima in tutto l\u2019agordino finalmente prende vita grazie all\u2019impegno di Barbara Pra educatrice cinofila, che da anni si occupa di cani con passione e successo anche nel sociale vista la sua pratica con gli interventi assistiti con animali in casa di Riposo. Ma cosa \u00e8 un\u2019area di sgambatura? In sostanza \u00e8 un\u2019area verde recintata che in questo caso \u00e8 stata concessa in uso grazie alla collaborazione di un privato, in cui si possono liberare i cani, certo con delle regole e del buon senso che non mancheranno di essere illustrate nella serata di oggi\u00a0 a Canale d\u2019Agordo in sala Ex emigranti in Via Lotta alle ore 20.30.<\/p>\n<p>&nbsp;<\/p>\n<p>&nbsp;<\/p>\n<p>&nbsp;<\/p>\n<p>&nbsp;<\/p>\n<blockquote><p>&nbsp;<\/p><\/blockquote>\n<blockquote><p>&nbsp;<\/p><\/blockquote>\n<h3><a class=\"dt-pswp-item\" href=\"http:\/\/www.radiopiu.net\/wordpress\/wp-content\/uploads\/2019\/07\/WhatsApp-Image-2019-07-14-at-15.23.58-1.jpeg\" data-dt-img-description=\"\" data-large_image_width=\"1024\" data-large_image_height=\"768\"><img loading=\"lazy\" decoding=\"async\" class=\"wp-image-91700 alignleft\" src=\"http:\/\/www.radiopiu.net\/wordpress\/wp-content\/uploads\/2019\/07\/WhatsApp-Image-2019-07-14-at-15.23.58-1-300x225.jpeg\" alt=\"\" width=\"161\" height=\"121\" srcset=\"https:\/\/www.radiopiu.net\/wordpress\/wp-content\/uploads\/2019\/07\/WhatsApp-Image-2019-07-14-at-15.23.58-1-300x225.jpeg 300w, https:\/\/www.radiopiu.net\/wordpress\/wp-content\/uploads\/2019\/07\/WhatsApp-Image-2019-07-14-at-15.23.58-1-768x576.jpeg 768w, https:\/\/www.radiopiu.net\/wordpress\/wp-content\/uploads\/2019\/07\/WhatsApp-Image-2019-07-14-at-15.23.58-1.jpeg 1024w\" sizes=\"auto, (max-width: 161px) 100vw, 161px\" \/><\/a><\/h3>\n<h3><\/h3>\n<h3>MOTORI E DISABILI A POLPET<\/h3>\n<p>DI ROBERTO BONA<\/p>\n<audio class=\"wp-audio-shortcode\" id=\"audio-91788-9\" preload=\"none\" style=\"width: 100%;\" controls=\"controls\"><source type=\"audio\/mpeg\" src=\"http:\/\/www.radiopiu.net\/wordpress\/wp-content\/uploads\/2019\/07\/MOTORI-E-DISABILI.mp3?_=9\" \/><a href=\"http:\/\/www.radiopiu.net\/wordpress\/wp-content\/uploads\/2019\/07\/MOTORI-E-DISABILI.mp3\">http:\/\/www.radiopiu.net\/wordpress\/wp-content\/uploads\/2019\/07\/MOTORI-E-DISABILI.mp3<\/a><\/audio>\n<p>&nbsp;<\/p>\n<p>&nbsp;<\/p>\n<p>&nbsp;<\/p>\n<p>&nbsp;<\/p>\n<h3><a class=\"dt-pswp-item\" href=\"http:\/\/www.radiopiu.net\/wordpress\/wp-content\/uploads\/2018\/09\/appuntamenti.jpeg\" data-dt-img-description=\"\" data-large_image_width=\"800\" data-large_image_height=\"100\"><img loading=\"lazy\" decoding=\"async\" class=\"alignnone size-full wp-image-61958\" src=\"http:\/\/www.radiopiu.net\/wordpress\/wp-content\/uploads\/2018\/09\/appuntamenti.jpeg\" alt=\"\" width=\"800\" height=\"100\" srcset=\"https:\/\/www.radiopiu.net\/wordpress\/wp-content\/uploads\/2018\/09\/appuntamenti.jpeg 800w, https:\/\/www.radiopiu.net\/wordpress\/wp-content\/uploads\/2018\/09\/appuntamenti-300x38.jpeg 300w, https:\/\/www.radiopiu.net\/wordpress\/wp-content\/uploads\/2018\/09\/appuntamenti-768x96.jpeg 768w\" sizes=\"auto, (max-width: 800px) 100vw, 800px\" \/><\/a><\/h3>\n<p>&nbsp;<\/p>\n<p><span style=\"color: #ff0000;\"><strong><a class=\"dt-pswp-item\" href=\"http:\/\/www.radiopiu.net\/wordpress\/wp-content\/uploads\/2019\/07\/21231208_1428419980586085_1115215269049052745_n.jpg\" data-dt-img-description=\"\" data-large_image_width=\"661\" data-large_image_height=\"661\"><img loading=\"lazy\" decoding=\"async\" class=\" wp-image-90482 alignleft\" src=\"http:\/\/www.radiopiu.net\/wordpress\/wp-content\/uploads\/2019\/07\/21231208_1428419980586085_1115215269049052745_n-300x300.jpg\" alt=\"\" width=\"145\" height=\"145\" srcset=\"https:\/\/www.radiopiu.net\/wordpress\/wp-content\/uploads\/2019\/07\/21231208_1428419980586085_1115215269049052745_n-300x300.jpg 300w, https:\/\/www.radiopiu.net\/wordpress\/wp-content\/uploads\/2019\/07\/21231208_1428419980586085_1115215269049052745_n-150x150.jpg 150w, https:\/\/www.radiopiu.net\/wordpress\/wp-content\/uploads\/2019\/07\/21231208_1428419980586085_1115215269049052745_n.jpg 661w\" sizes=\"auto, (max-width: 145px) 100vw, 145px\" \/><\/a><\/strong><\/span><\/p>\n<p><span style=\"color: #ff0000;\"><strong>PER IL SECONDO ANNO, PER TUTTA L&#8217;ESTATE: LA &#8220;FABBRICA DELLE EMOZIONI&#8221;, IN COLLABORAZIONE CON\u00a0<a class=\"profileLink\" style=\"color: #ff0000;\" href=\"https:\/\/www.facebook.com\/dersut.taibon\/?__tn__=K-R&amp;eid=ARAWHGS4pY7ErSAGuNNMHp-xra7d294ysugnpoUicWkeK9rjbvd86RDR3SHV57JuBTC7yrMP85kcC7oy&amp;fref=mentions&amp;__xts__%5B0%5D=68.ARA8kEGfdeZlMevmYpMAmAmJ7ziHM_3WogqE61anVHM5V-Ht7pYFd4NJRcEVlK7VIq__zFsG6G8vsxxKnVF1SBmpERHebECtYKNHrf4mG4C4wVmPxxn4uj_nmTIeZglrdIyUPa0dnE3usWWzci033oOnyRS5XDhoavIU-eTU85t_Wp6jFT0-ULRP932r4STxN16bdptt8cef\" data-hovercard=\"\/ajax\/hovercard\/page.php?id=904939246267497&amp;extragetparams=%7B%22__tn__%22%3A%22%2CdK-R-R%22%2C%22eid%22%3A%22ARAWHGS4pY7ErSAGuNNMHp-xra7d294ysugnpoUicWkeK9rjbvd86RDR3SHV57JuBTC7yrMP85kcC7oy%22%2C%22fref%22%3A%22mentions%22%7D\" data-hovercard-prefer-more-content-show=\"1\">Dersut Taibon<\/a>\u00a0EVENTI, APPUNTAMENTI, DIVERTIMENTI NELLA VALLATA AGORDINA. IN ONDA ALLA RADIO NEI NOTIZIARI E NEGLI APPROFONDIMENTI ALLA RADIO E SUL SITO\u00a0<a style=\"color: #ff0000;\" href=\"http:\/\/www.radiopiu.net\/?fbclid=IwAR3Zckh6EArPlP9el3_APl-CxxkfxeumpcmQ4v9HIwZohBUQuztQ4jOimzE\" target=\"_blank\" rel=\"noopener nofollow noreferrer\" data-ft=\"{&quot;tn&quot;:&quot;-U&quot;}\" data-lynx-mode=\"async\" data-lynx-uri=\"https:\/\/l.facebook.com\/l.php?u=http%3A%2F%2FWWW.RADIOPIU.NET%2F%3Ffbclid%3DIwAR3Zckh6EArPlP9el3_APl-CxxkfxeumpcmQ4v9HIwZohBUQuztQ4jOimzE&amp;h=AT3iK2sNf9WjhvLB7AaqYnWzUdWcBNNS_1cXI6UJ3eEvhP4Ym5v2vemsj9TpyM0_qzzb9gjT9sJhgm4I2ZXxgJSAlUfvNTaJwITPvOvqfAuTNdwnWON3ic-lvSbJXWzM3FVSvAgPffEqbH4dYL2TEG6D6xs5TZHrlhUGtTKMYKoPXpBJIF8ke0VZdFkl3YQ7tGdqat-r6rzvDTprheLIjQ7jKZPmLRbVLu1fIKQ2jHEQkMU8LzIZvt_s5FE3Fxl6fUw_HG6Kz2ygpE7qxE3yIyhlOk0wt55c_6ZWHfM2I0PFlpPFgNhCDJwFSVFieE73_LsmFyKeJSBqSnd9p7KBuOYgQAQepyVC8du7dtfKvd60oOKKb1xchMvMyu9mMRYGRKi2y8I7U2WlGyyKbcYHubfjzWI02WXZXcSE97K_yFCYyeqZ2T_hgQJ7vzHhfBlDLdaXxkE\">WWW.RADIOPIU.NET<\/a><\/strong><\/span><\/p>\n<audio class=\"wp-audio-shortcode\" id=\"audio-91788-10\" preload=\"none\" style=\"width: 100%;\" controls=\"controls\"><source type=\"audio\/mpeg\" src=\"http:\/\/www.radiopiu.net\/wordpress\/wp-content\/uploads\/2019\/07\/FABBRICA-EMOZIONI.mp3?_=10\" \/><a href=\"http:\/\/www.radiopiu.net\/wordpress\/wp-content\/uploads\/2019\/07\/FABBRICA-EMOZIONI.mp3\">http:\/\/www.radiopiu.net\/wordpress\/wp-content\/uploads\/2019\/07\/FABBRICA-EMOZIONI.mp3<\/a><\/audio>\n<p>&nbsp;<\/p>\n<h3 align=\"JUSTIFY\">SAN LUCANO&#8230; CI SIAMO<\/h3>\n<p align=\"JUSTIFY\"><strong>TAIBON<\/strong> Il programma della Festa di San Lucano, <strong>SABATO<\/strong> alle 15 pesca di beneficienza e mercatino alla casa di San Lucano, 17 Corrinvalle 18 miniCorrinvalle, 19 stand gastronomico e musica con Cristian e Cosmo. <strong>DOMENICA<\/strong> 11 Messa, 10 pesca di beneficienza, 12 stand gastronomico, 15 musica con Eros e Karin, giochi di una volta, dimostrazione pompieri volontari di Agordo, 19 stand gastronomico e serata da ballo con Eros e Karin.<\/p>\n<h3 align=\"JUSTIFY\">DOMENICA A FORCELLA AURINE NEL POMERIGGIO JESSICA LENA E PAOLO FORNASIER IN CONCERTO. I DUE ARTISTI DI BELLUNO ALZA LA VOCE SI ESIBIRANNO SULLA TERRAZZA DEL GHEGI RISTOBAR&#8230;E CI SARA&#8217; PURE L&#8217;ANGURIATA PER TUTTI<\/h3>\n<p align=\"JUSTIFY\"><a class=\"dt-pswp-item\" href=\"http:\/\/www.radiopiu.net\/wordpress\/wp-content\/uploads\/2019\/07\/66648200_2366389116906843_9138391620662591488_n.jpg\" data-dt-img-description=\"\" data-large_image_width=\"678\" data-large_image_height=\"960\"><img loading=\"lazy\" decoding=\"async\" class=\"alignnone size-medium wp-image-91824\" src=\"http:\/\/www.radiopiu.net\/wordpress\/wp-content\/uploads\/2019\/07\/66648200_2366389116906843_9138391620662591488_n-212x300.jpg\" alt=\"\" width=\"212\" height=\"300\" srcset=\"https:\/\/www.radiopiu.net\/wordpress\/wp-content\/uploads\/2019\/07\/66648200_2366389116906843_9138391620662591488_n-212x300.jpg 212w, https:\/\/www.radiopiu.net\/wordpress\/wp-content\/uploads\/2019\/07\/66648200_2366389116906843_9138391620662591488_n.jpg 678w\" sizes=\"auto, (max-width: 212px) 100vw, 212px\" \/><\/a><\/p>\n<p>&nbsp;<\/p>\n<p>&nbsp;<\/p>\n<h3>ESODO DELLA MONTAGNA DOLOMITICA NEL 900<\/h3>\n<p><strong>SELVA DI CADORE<\/strong> Venerdi alle 18 al Museo Vittorino Cazzetta di Selva di Cadore con igresso libero, conferenza a cura di Luciana Palla e marco Crepaz. Profughi (1915-1918), optanti (1939-1945) e altri emigranti.<\/p>\n<p>&nbsp;<\/p>\n<p>&nbsp;<\/p>\n<h3>MUSIC IS THE ANSWER<\/h3>\n<p><strong>COLLE SANTA LUCIA<\/strong> E&#8217; l&#8217;ensamble Musicol che organizza la serata musicale con gli artisti di Belluno Alza la Voce, sabato 20 luglio alle 21 in sala &#8220;La Ciacola&#8221; del Museo Vittorino Cazzetta, dalle 21 con ingresso libero<\/p>\n<h3>Eventi di archeologia e storia che si terranno al Museo Vittorino Cazzetta<\/h3>\n<p><strong>-19 luglio,\u00a0 ore 18.00<\/strong> &#8220;ESODO dalla montagna dolomitica nel Novecento. Profughi (1915-18), optanti (1939-45) e altri emigranti&#8221;. Intervengono Luciana Palla e Marco Crepaz. INGRESSO LIBERO &#8211; sala convegni Museo Vittorino Cazzetta. <strong>&#8211; 20 luglio &#8211; ore 16.30<\/strong>\u00a0\u201cLo strumento musicale Neanderthal della Grotta di Divje Babe\u201d. L\u2019archeologo\u00a0Matija Turk\u00a0del\u00a0Museo Nazionale Sloveno di Lubiana\u00a0e l\u2019archeotecnico\u00a0Giuliano Bastiani del Museo Comel\u00a0di Gorizia presenteranno con dimostrazioni il lavoro sperimentale e gli studi sul flauto in femore d&#8217;orso, da molti ritenuto il pi\u00f9 antico strumento musicale fin ora rinvenuto. In collaborazione con la Magnifica Comunit\u00e0 di Cadore.\u00a0INGRESSO LIBERO &#8211; sala convegni Museo Vittorino Cazzetta.<\/p>\n<h3>NEI CORTIVI<\/h3>\n<p><strong><a class=\"dt-pswp-item\" href=\"http:\/\/www.radiopiu.net\/wordpress\/wp-content\/uploads\/2019\/07\/Musica-Nei-Cortivi-Volantino-San-Gregorio-2019-v2.jpg\" data-dt-img-description=\"\" data-large_image_width=\"973\" data-large_image_height=\"1327\"><img loading=\"lazy\" decoding=\"async\" class=\" wp-image-91691 alignleft\" src=\"http:\/\/www.radiopiu.net\/wordpress\/wp-content\/uploads\/2019\/07\/Musica-Nei-Cortivi-Volantino-San-Gregorio-2019-v2-220x300.jpg\" alt=\"\" width=\"117\" height=\"160\" srcset=\"https:\/\/www.radiopiu.net\/wordpress\/wp-content\/uploads\/2019\/07\/Musica-Nei-Cortivi-Volantino-San-Gregorio-2019-v2-220x300.jpg 220w, https:\/\/www.radiopiu.net\/wordpress\/wp-content\/uploads\/2019\/07\/Musica-Nei-Cortivi-Volantino-San-Gregorio-2019-v2-768x1047.jpg 768w, https:\/\/www.radiopiu.net\/wordpress\/wp-content\/uploads\/2019\/07\/Musica-Nei-Cortivi-Volantino-San-Gregorio-2019-v2-751x1024.jpg 751w, https:\/\/www.radiopiu.net\/wordpress\/wp-content\/uploads\/2019\/07\/Musica-Nei-Cortivi-Volantino-San-Gregorio-2019-v2.jpg 973w\" sizes=\"auto, (max-width: 117px) 100vw, 117px\" \/><\/a>SAN GREGORIO NELLE ALP<\/strong>I Nell\u2019ambito della rassegna \u201cLa Musica nei cortivi\u201d, Sabato 20 luglio 2019 alle ore 20.30, a Roncoi di San Gregorio nelle Alpi presso il Bed &amp; Breakfast Col Mazzet avr\u00e0 luogo il Concerto del Gruppo<br \/>\nmusicale \u201cVoci dai Cortivi\u201d. In caso di maltempo lo spettacolo si terr\u00e0 presso la Sala Tina Merlin del Museo delle Zoche. Organizzano il Consorzio Pro Loco Pedemontane Val Belluna e la Pro Loco di<br \/>\nSan Gregorio nelle Alpi. Ingresso libero.<\/p>\n<p>&nbsp;<\/p>\n<p>&nbsp;<\/p>\n<h3><\/h3>\n<h3><\/h3>\n<h3>SCHOLA CANTORUM PER SANT&#8217;ANNA<\/h3>\n<p><strong>ALPAGO<\/strong> Domenica 21 luglio alle\u00a0 17 in occasione dei festeggiamenti di Sant\u2019Anna, nella Chiesa parrocchiale di Pieve d\u2019Alpago si terr\u00e0 una meditazione musicale con la presenza della Schola gregoriana Ascendit vox diretta da Milli Fullin e l\u2019organista Viviana Romoli allo storico organo Annibale Pugina e figli del 1927. Il programma vocale spazier\u00e0 da letteratura legata alle festivit\u00e0 dei Santi al Canto Patriarchino mentre la parte organistica si inserisce nel repertorio vocale con musiche affini all\u2019estetica dello strumento alpagoto.<\/p>\n<p>&nbsp;<\/p>\n<p>&nbsp;<\/p>\n<h3>FELTRE IN BICI<\/h3>\n<p>Domenica 21 Luglio FIAB Feltreinbici organizza una gita in bicicletta &#8220;Dal lago di Toblino al Lago di Garda&#8221;<br \/>\nQuesta \u00e8 una splendida gita in bicicletta adatta a tutti, non \u00e8 necessaria preparazione fisica particolare. Il percorso si snoda lungo la cosidetta Valle dei Laghi, attraversando paesaggi suggestivi e ricchi di storia.<br \/>\nDa Terlago a pochi chilometri da Trento inizia il nostro viaggio in bici attraverso laghetti di montagna dal fascino unico, territori di produzione di\u00a0<span class=\"gmail-text_exposed_show\">grappa e vino fino ad arrivare alla romantica Riva del Garda affacciata sull\u2019omonimo lago. Per chi avr\u00e0 ancora forze sulle gambe e voglia di fare un po&#8217; di salita potr\u00e0 continuare per il sentiero del Ponale. Il sentiero Ponale \u00e8 la vecchia strada che collegava Riva del Garda alla Val di Ledro ed \u00e8 tra i tracciati pi\u00f9 amati dagli appassionati di MTB. Per vedere la locandina e iscriversi alla gita clicca il seguente link:<a href=\"https:\/\/feltreinbici.blogspot.com\/p\/dal-lago-di-toblino-al-lago-di-garda.html?fbclid=IwAR2cAEoEMkXDubIFYsmECLKxnHkS4H7ZwMZ61tBV9vwozbDN8YU4685TSxY\" target=\"_blank\" rel=\"noopener nofollow noreferrer\"> https:\/\/feltreinbici.blogspot.com\/p\/dal-lago-di-toblino-al-\u2026<\/a><\/span><\/p>\n<p>&nbsp;<\/p>\n<p>&nbsp;<\/p>\n<p>&nbsp;<\/p>\n<p><strong>MINIERE DEL FURSIL Visita Accompagnata alla Miniera dei Vauz Le visite vengono attivate a partire da un minimo di 4 fino a 8 persone<\/strong><\/p>\n<p>Giorni di visita : Tutti i Marted\u00ec, Gioved\u00ec e Domenica dal 15 Giugno al 15 Settembre Orari di visita : 9:30 &#8211; 10:15 &#8211; 11:00 &#8211; 11:45 Prezzi : Adulti Euro 10,00 Bambini sotto i 14 anni Euro 8,00 Gratis sotto i 6 anni Programma : Partenza con il pulmino dalla piazza di Colle Santa Lucia Visita accompagnata alle Miniera della durata di circa 45 minuti Ritorno con il pulmino alla piazza di Colle Santa Lucia Durata totale della visita circa 1 h : 15 min<br \/>\nE&#8217; necessario dotarsi di scarpe adatte per il trekking e giacca Prenotazioni : Prenotazione obbligatoria entro le ore 18:00 del giorno precedente Info : Istitut Cultural Ladin Cesa de Jan e-mail: info@istitutoladino.org tel: 0437. 72 0609 Ass. Turistica Colle Santa Lucia e-mail: info@collesantalucia.eu tel: 347. 618 9044<\/p>\n<p>&nbsp;<\/p>\n<p>&nbsp;<\/p>\n<blockquote><p>&nbsp;<\/p><\/blockquote>\n<p><span style=\"color: #ff0000;\">L&#8217;INVITO<\/span><\/p>\n<h3>MASTERCLASS\u00a0 INTERNAZIONALE DI CANTO LIRICO CON LE MUSE E LE DOLOMITI<\/h3>\n<p><strong><a class=\"dt-pswp-item\" href=\"http:\/\/www.radiopiu.net\/wordpress\/wp-content\/uploads\/2019\/07\/60150424_1021172611425205_2537811152033808384_n.jpg\" data-dt-img-description=\"\" data-large_image_width=\"960\" data-large_image_height=\"640\"><img loading=\"lazy\" decoding=\"async\" class=\"alignnone size-medium wp-image-91590\" src=\"http:\/\/www.radiopiu.net\/wordpress\/wp-content\/uploads\/2019\/07\/60150424_1021172611425205_2537811152033808384_n-300x200.jpg\" alt=\"\" width=\"300\" height=\"200\" srcset=\"https:\/\/www.radiopiu.net\/wordpress\/wp-content\/uploads\/2019\/07\/60150424_1021172611425205_2537811152033808384_n-300x200.jpg 300w, https:\/\/www.radiopiu.net\/wordpress\/wp-content\/uploads\/2019\/07\/60150424_1021172611425205_2537811152033808384_n-768x512.jpg 768w, https:\/\/www.radiopiu.net\/wordpress\/wp-content\/uploads\/2019\/07\/60150424_1021172611425205_2537811152033808384_n.jpg 960w\" sizes=\"auto, (max-width: 300px) 100vw, 300px\" \/><\/a>FALCADE\u00a0<\/strong><\/p>\n<audio class=\"wp-audio-shortcode\" id=\"audio-91788-11\" preload=\"none\" style=\"width: 100%;\" controls=\"controls\"><source type=\"audio\/mpeg\" src=\"http:\/\/www.radiopiu.net\/wordpress\/wp-content\/uploads\/2019\/07\/adelisa.mp3?_=11\" \/><a href=\"http:\/\/www.radiopiu.net\/wordpress\/wp-content\/uploads\/2019\/07\/adelisa.mp3\">http:\/\/www.radiopiu.net\/wordpress\/wp-content\/uploads\/2019\/07\/adelisa.mp3<\/a><\/audio>\n<p>&nbsp;<\/p>\n<p>&nbsp;<\/p>\n<p>&nbsp;<\/p>\n<h3>IN ANTEPRIMA IL PROGRAMMA DEL\u00a0\u00a0 KALAT NISSA FILM FESTIVAL, QUESTA SETTIMANA AD AGORDO.<\/h3>\n<p><strong><a class=\"dt-pswp-item\" href=\"http:\/\/www.radiopiu.net\/wordpress\/wp-content\/uploads\/2019\/07\/65872978_2996720780368549_5075867520930414592_n.jpg\" data-dt-img-description=\"\" data-large_image_width=\"960\" data-large_image_height=\"714\"><img loading=\"lazy\" decoding=\"async\" class=\"size-medium wp-image-91793 alignleft\" src=\"http:\/\/www.radiopiu.net\/wordpress\/wp-content\/uploads\/2019\/07\/65872978_2996720780368549_5075867520930414592_n-300x223.jpg\" alt=\"\" width=\"300\" height=\"223\" srcset=\"https:\/\/www.radiopiu.net\/wordpress\/wp-content\/uploads\/2019\/07\/65872978_2996720780368549_5075867520930414592_n-300x223.jpg 300w, https:\/\/www.radiopiu.net\/wordpress\/wp-content\/uploads\/2019\/07\/65872978_2996720780368549_5075867520930414592_n-768x571.jpg 768w, https:\/\/www.radiopiu.net\/wordpress\/wp-content\/uploads\/2019\/07\/65872978_2996720780368549_5075867520930414592_n.jpg 960w\" sizes=\"auto, (max-width: 300px) 100vw, 300px\" \/><\/a>GIOVEDI\u2019 25 LUGLIO SALA DON TAMIS ALLE 17<\/strong>\u00a0 Welcome Desk per i registi e gli ospiti del \u201cKalat Nissa Film Festival\u201d Ore 20:45 Apertura ufficiale della manifestazione alla presenza di tutte le autorit\u00e0, con il taglio del nastro presso la Sala Don Tamis Agordo. Ore 21:00 Inizio prima serata inaugurale del Festival. Presenta: Laura Abbaleo \u2022 Saluto delle autorit\u00e0\u00a0 \u2022 Visione dei Cortometraggi in nomination: 1 Robot will protect you, di Nicola Piovesan Animazione 10 m Estonia 3 Le avventure di Mr food and Mrs wine, di Antonio Silvestre Comics 18 m Italy 4 Eva, di Paolo Budassi Io Diverso da chi? 15 m Italy 5 La Verit\u00e0, di Giuseppe Alessio Nuzzo Trailer 2m 04s Italy 6 Lucy, di Roberto Gutierrez Tema libero 15m Venezuela\u00a0 \u2022 Musica a cura dell\u2019Associazione cinematografica e culturale Laboratorio dei sogni -Esibizione con il sax di Luigi Scarnato &#8211; Esibizione della cantante Jessica Lena<\/p>\n<p><strong>VENERDI\u2019 26 LUGLIO SALA DON TAMIS- AGORDO ALLE 17<\/strong>\u00a0 Welcome Desk per i registi e gli ospiti del \u201cKalat Nissa Film Festival\u201d . Visione dei cortometraggi in nomination 1 Paradiso, di Niccol\u00f2 Gentili, Ignacio Paurici Io Diverso da chi? 13 m Italy 2 Genericamente Giulio Neglia Tema libero 18 m 20s 3 Risorse Umane Giovanni Conte Comics 7m Italy 4 Frieda &#8211; Coming Home Doc Miguel Trailer 2 m Germany 5 Sare Jahan Se Accha Gurprasad Singh Tema Libero 5 m 51s India 6 Giovani Italiani Alessandro Panza Tema Libero 11 m 35s Italy 7 Addio Clochard. di Michele Li Volsi Io Diverso da chi? 15 m Italy 8 Antxoni, di Rub\u00e9n Saiinz Tema libero 14 m Spain<br \/>\n<strong>PIAZZA DELLA LIBERTA\u2019 ALLE 18.30\u00a0<\/strong> Evento collaterale con veicoli Italian style &#8211; saranno scelti i modelli Vespa tratti dal mondo della cinematografia Esposizione statica dei veicoli Italian Style e inizio passeggiata in Vespa per le vie cittadine; partenza e arrivo nella Piazza della Libert\u00e0 in Agordo (curato dagli Amici in sella Agordo). Sulle Vespe saliranno come passeggeri gli ospiti VIP del Festival. ORE 20:00 \u2013 Esibizione dei vigili del Fuoco Spettacolare esibizione dei Vigili del Fuoco- Partner istituzionale del Festival- con uomini e mezzi <strong>SALA DON TAMIS- AGORDO Ore 21:00<\/strong> 2\u00b0 Serata del Festival Presentano: Laura Abbaleo e Milena Gori. \u2022 Visione dei Cortometraggi in Nomination 1 Il mondiale in piazza Vito Palmieri Tema libero 15 m Italy 2 Tutti i nostri ieri Lorenzo Santoni Tema Libero 15 m italy 3 Broccoli Ivan Sainz &#8211; Pardo Tema Libero 3 m Germany 4 The Graffiti Aur\u00e9lien Laplace Comics 9 m France 5 Sugarlove Laura Luchetti Animazione 9 m Italy Presenti in sala come ospiti artistici della serata: Roberto Giacobbo \u2013 direttore Artistico del Kalat Nissa Film Festival Luigi Scarnato con un\u2019esibizione al sax Alberto Pinto, illustre matematico e concertista strumenti musicali antichi; in rappresentanza del gruppo CESMA di Ginevra- Svizzera Coordinatore internazionale (Varsavia) del progetto Erasmus Plus CINEMAFORUM: \u201cSPOT- SOCIAL PICTURES OF TODAY\u201d- Radom (Polonia).<\/p>\n<p><strong>SABATO 27 LUGLIO 2019 \u00a0PIAZZA DELLA LIBERTA\u2019 ALLE 9<\/strong>\u00a0 Mercatino dell\u2019artigianato agordino Evento a cura della Pro Loco di Agordo\u00a0 <strong>PRESSO LE VIE CITTADINE<\/strong> Evento Pro Loco: Passeggiata degli ospiti del festival per le vie cittadine. <strong>PIAZZA DELLA LIBERTA\u2019 ALLE\u00a0 16:00<\/strong> Mostra statica e tour dinamico: alcuni veicoli dell\u2019Alfa Romeo Club Belluno con modelli spider porteranno in giro per le vie della citt\u00e0 gli ospiti VIP della manifestazione.\u00a0 S<strong>ALA DON TAMIS- AGORDO ALLE 17<\/strong> Welcome Desk \u201cKalat Nissa Film Festival\u201d. Ore 20:30 Red Carpet. Presenta Laura Abbaleo Ore 21:00 Inizio serata di Gala finale. Presentano la serata Roberto Giacobbo e Milena Gori. Inizio serata, assegnazione dei premi di categoria, assegnazione di un premio di eccellenza ai Volontari del Soccorso Alpino. &#8211; e premiazione del miglior corto in assoluto con la consegna dell\u2019Antenna d\u2019Oro. Nella serata \u00e8 prevista la sola proiezione del corto vincitore assoluto del festival Ospiti della serata: Il cabarettista Roberto Faoro Performances musicali: -Luigi Scarnato con una breve intro al sax ad apertura sipario e nella serata canta Jessica Lena<\/p>\n<p><strong>DOMENICA 28 LUGLIO 2019 EPILOGO MUSICALE<\/strong> del 9 Kalat Nissa Film Festival- in condivisione con il programma culturale \u201cMusica nell\u2019agordino\u201d \u00a0CHIESA MADRE DI AGORDO CO-ORGANIZZATO CON L\u2019ASSOCIAZIONE \u201cGLI AMICI DELLA MUSICA\u201d\u00a0 Ore 21:00 Concerto a cura del delegato del prestigioso Gruppo del suono CESMA di Ginevra, il concertista di strumenti antichi Alberto Pinto, che suoner\u00e0 il bellissimo organo modello Cipriani del 1844 custodito nella Chiesa Madre di Agordo. Sar\u00e0 presente anche l\u2019esperto Ingegnere del suono Simone Corelli sempre in delegazione del Gruppo CESMA e Gilberto Martinelli, regista; in rappresentanza della societ\u00e0 Lambda, ideatrice del Premio del suono.<\/p>\n<p>&nbsp;<\/p>\n<p>&nbsp;<\/p>\n<blockquote class=\"wp-embedded-content\" data-secret=\"zDXIPvM7ez\"><p><a href=\"http:\/\/www.radiopiu.net\/wordpress\/nato-150-anni-fa-a-campolongo-il-grande-scultore-grandelis-di-renato-bona\/\">NATO 150 ANNI FA A CAMPOLONGO IL GRANDE SCULTORE GRANDELIS di RENATO BONA<\/a><\/p><\/blockquote>\n<p><iframe loading=\"lazy\" title=\"&#8220;NATO 150 ANNI FA A CAMPOLONGO IL GRANDE SCULTORE GRANDELIS di RENATO BONA&#8221; &#8212; Radio Pi\u00f9\" class=\"wp-embedded-content\" sandbox=\"allow-scripts\" security=\"restricted\" style=\"position: absolute; clip: rect(1px, 1px, 1px, 1px);\" src=\"http:\/\/www.radiopiu.net\/wordpress\/nato-150-anni-fa-a-campolongo-il-grande-scultore-grandelis-di-renato-bona\/embed\/#?secret=zDXIPvM7ez\" data-secret=\"zDXIPvM7ez\" width=\"600\" height=\"338\" frameborder=\"0\" marginwidth=\"0\" marginheight=\"0\" scrolling=\"no\"><\/iframe><\/p>\n<p>&nbsp;<\/p>\n<p>&nbsp;<\/p>\n<p><a class=\"dt-pswp-item\" href=\"http:\/\/www.radiopiu.net\/wordpress\/wp-content\/uploads\/2018\/09\/viabilita.jpeg\" data-dt-img-description=\"\" data-large_image_width=\"800\" data-large_image_height=\"100\"><img loading=\"lazy\" decoding=\"async\" class=\"alignnone size-full wp-image-61954\" src=\"http:\/\/www.radiopiu.net\/wordpress\/wp-content\/uploads\/2018\/09\/viabilita.jpeg\" alt=\"\" width=\"800\" height=\"100\" srcset=\"https:\/\/www.radiopiu.net\/wordpress\/wp-content\/uploads\/2018\/09\/viabilita.jpeg 800w, https:\/\/www.radiopiu.net\/wordpress\/wp-content\/uploads\/2018\/09\/viabilita-300x38.jpeg 300w, https:\/\/www.radiopiu.net\/wordpress\/wp-content\/uploads\/2018\/09\/viabilita-768x96.jpeg 768w\" sizes=\"auto, (max-width: 800px) 100vw, 800px\" \/><\/a><\/p>\n<p>&nbsp;<\/p>\n<p>&nbsp;<\/p>\n<p><strong>Regionale 203 agordina, localit\u00e0 LE CAMPE senso unico alternato per il ripristino della rete fognaria. da oggi al 2 agosto dalle 7.30 alle 8.30 e dalle 16.30 alle 18 con moviere, dalle 7 alle 7.30, dalle 8.30 alle 16.30 dalle 18 alle 19 con semaforo.<\/strong><\/p>\n<p>&nbsp;<\/p>\n<p><strong>PROVINCIALE 8 DI SAN TOMASO<\/strong> fino al 19 luglio compresi festivi e prefestivi riapertura della strada in localit\u00e0 Celat-Mezzavalle con istituzione senso unico alternato, divieto di transito per mezzi oltre le 3,5 tonellate<\/p>\n<p><strong>PROVINCIALE 3 DI VALLE IMPERINA<\/strong> dal 29 luglio al 2 agosto senso unico alternato in localit\u00e0 Ponte Alto per allacciamento all&#8217;acquedotto per conto di GSP<\/p>\n<p><strong>PROVINCIALE 346 DEL SAN PELLEGRINO<\/strong> dal 28 luglio al 2 agosto e dal 27 agosto al 13 settembre (festivi e prefestivi inclusi) senso unico alternato con movieri tra Falcade, Canale d&#8217;Agordo e Vallada per tesatura conduttori alta tensione.<\/p>\n<p><strong>REGIONALE 203 AGORDINA<\/strong> dal 29 luglio al 2 agosto e dal 27 agosto al 13 settembre (inclusi festivi e prefestivi) senso unico alternato in Comune di Cencenighe, per tesatura conduttori alta tensione.<\/p>\n<p><strong>PROVINCIALE 641 DI PASSO FEDAIA<\/strong> In localit\u00e0 Rocca Pietore dal 15 e fino al 30 luglio senso unico alternato con impianto semaforico.<\/p>\n<p><strong>PROVINCIALE 251 VAL DI ZOLDO E CELLINA<\/strong> In Comune di Colle Santa Lucia fino al 19 luglio dalle 8 alle 12 e dalle 13.30 alle 17.30 con esclusione dei giorni festivi e prefestivi senso unico alternato con semaforo o movieri, possibili interruzioni della durata massima di 15 minuti.<\/p>\n<div dir=\"ltr\">\n<div dir=\"ltr\">\n<p><strong>PROVINCIALE 563 DI SALESEI<\/strong> Fino al 9 agosto (festivi e prefestivi esclusi) senso unico alternato in localit\u00e0 Salesei per la posa di protezioni sul versante.<\/p>\n<p><strong>PROVINCIALE 641 DI PASSO FEDAIA<\/strong> Dall&#8217;8 luglio al 9 agosto senso unico alternato tra Malga Ciapela e Sottoguda per la posa di nuovo cavidotto<\/p>\n<p><strong>REGIONALE 346 DEL SAN PELLEGRINO, TRATTI DI STRADA TRA FALCADE, CANALE D&#8217;AGORDO E VALLADA: <\/strong>Fino al 21 luglio dalle 8 alle 17, festivi e prefestivi inclusi, saltuario senso unico alternato regolato da movieri per lavori sostituzione conduttori linea elettrica alta tensione.<\/p>\n<p><strong>LA VALLE\u00a0 <\/strong>Fino\u00a031 luglio (festivi e prefestivi esclusi) senso unico a seconda delle esigenze con semaforo o movieri lungo la regionale 203 agordina in localit\u00e0 La Muda<\/p>\n<p><strong>PROVINCIALE 563 DI SALESEI <\/strong>Fino al 19 luglio\u00a0 In localit\u00e0 Sopracordevole in Comune di Rocca Pietore senso unico alternato con semaforo o movieri e divieto di transito ai mezzi con massa superiore a 7,5 tonellate.<\/p>\n<\/div>\n<\/div>\n<p>&nbsp;<\/p>\n<p>&nbsp;<\/p>\n<p>&nbsp;<\/p>\n<p>&nbsp;<\/p>\n<p>&nbsp;<\/p>\n<p><a class=\"dt-pswp-item\" href=\"http:\/\/www.radiopiu.net\/wordpress\/wp-content\/uploads\/2018\/09\/sport.jpg\" data-dt-img-description=\"\" data-large_image_width=\"800\" data-large_image_height=\"100\"><img loading=\"lazy\" decoding=\"async\" class=\"alignnone wp-image-60761 size-full\" src=\"http:\/\/www.radiopiu.net\/wordpress\/wp-content\/uploads\/2018\/09\/sport.jpg\" alt=\"\" width=\"800\" height=\"100\" srcset=\"https:\/\/www.radiopiu.net\/wordpress\/wp-content\/uploads\/2018\/09\/sport.jpg 800w, https:\/\/www.radiopiu.net\/wordpress\/wp-content\/uploads\/2018\/09\/sport-300x38.jpg 300w, https:\/\/www.radiopiu.net\/wordpress\/wp-content\/uploads\/2018\/09\/sport-768x96.jpg 768w\" sizes=\"auto, (max-width: 800px) 100vw, 800px\" \/><\/a><\/p>\n<p>&nbsp;<\/p>\n<p>&nbsp;<\/p>\n<h2>TENNIS, TROFEO CITTA&#8217; DI AGORDO<\/h2>\n<p>E&#8217; iniziato questo fine settimana al Tennis Club Agordo il trofeo di terza categoria &#8220;Citt\u00e0 di Agordo&#8221;<\/p>\n<p>IL PUNTO DELLA SITUAZIONE CON MATTEO REOLON<\/p>\n<audio class=\"wp-audio-shortcode\" id=\"audio-91788-12\" preload=\"none\" style=\"width: 100%;\" controls=\"controls\"><source type=\"audio\/mpeg\" src=\"http:\/\/www.radiopiu.net\/wordpress\/wp-content\/uploads\/2019\/07\/REOLON-trofeo-citta-agordo-primo-aggiornamento.mp3?_=12\" \/><a href=\"http:\/\/www.radiopiu.net\/wordpress\/wp-content\/uploads\/2019\/07\/REOLON-trofeo-citta-agordo-primo-aggiornamento.mp3\">http:\/\/www.radiopiu.net\/wordpress\/wp-content\/uploads\/2019\/07\/REOLON-trofeo-citta-agordo-primo-aggiornamento.mp3<\/a><\/audio>\n<h3><\/h3>\n<p>&nbsp;<\/p>\n<blockquote>\n<h2><\/h2>\n<h2><em><strong>MOTORI, DI ROBERTO BONA<\/strong><\/em><\/h2>\n<\/blockquote>\n<h2><a class=\"dt-pswp-item\" href=\"http:\/\/www.radiopiu.net\/wordpress\/wp-content\/uploads\/2018\/07\/DENIS-MEZZACASA.jpg\" data-dt-img-description=\"\" data-large_image_width=\"960\" data-large_image_height=\"640\"><img loading=\"lazy\" decoding=\"async\" class=\"wp-image-55216 alignleft\" src=\"http:\/\/www.radiopiu.net\/wordpress\/wp-content\/uploads\/2018\/07\/DENIS-MEZZACASA-300x200.jpg\" alt=\"\" width=\"212\" height=\"141\" srcset=\"https:\/\/www.radiopiu.net\/wordpress\/wp-content\/uploads\/2018\/07\/DENIS-MEZZACASA-300x200.jpg 300w, https:\/\/www.radiopiu.net\/wordpress\/wp-content\/uploads\/2018\/07\/DENIS-MEZZACASA-768x512.jpg 768w, https:\/\/www.radiopiu.net\/wordpress\/wp-content\/uploads\/2018\/07\/DENIS-MEZZACASA.jpg 960w\" sizes=\"auto, (max-width: 212px) 100vw, 212px\" \/><\/a><\/h2>\n<h2><\/h2>\n<h2>I BELLUNESI ALLA CRONOSCALATA<\/h2>\n<audio class=\"wp-audio-shortcode\" id=\"audio-91788-13\" preload=\"none\" style=\"width: 100%;\" controls=\"controls\"><source type=\"audio\/mpeg\" src=\"http:\/\/www.radiopiu.net\/wordpress\/wp-content\/uploads\/2019\/07\/I-BELLUNESI-AL-RALLY-DELLA-CARNIA.mp3?_=13\" \/><a href=\"http:\/\/www.radiopiu.net\/wordpress\/wp-content\/uploads\/2019\/07\/I-BELLUNESI-AL-RALLY-DELLA-CARNIA.mp3\">http:\/\/www.radiopiu.net\/wordpress\/wp-content\/uploads\/2019\/07\/I-BELLUNESI-AL-RALLY-DELLA-CARNIA.mp3<\/a><\/audio>\n<p>&nbsp;<\/p>\n<p>&nbsp;<\/p>\n<h2><a class=\"dt-pswp-item\" href=\"http:\/\/www.radiopiu.net\/wordpress\/wp-content\/uploads\/2019\/04\/FONTANA-CON-BMW-A-MONZA.jpg\" data-dt-img-description=\"\" data-large_image_width=\"3024\" data-large_image_height=\"4032\"><img loading=\"lazy\" decoding=\"async\" class=\"wp-image-81576 alignleft\" src=\"http:\/\/www.radiopiu.net\/wordpress\/wp-content\/uploads\/2019\/04\/FONTANA-CON-BMW-A-MONZA-225x300.jpg\" alt=\"\" width=\"117\" height=\"156\" srcset=\"https:\/\/www.radiopiu.net\/wordpress\/wp-content\/uploads\/2019\/04\/FONTANA-CON-BMW-A-MONZA-225x300.jpg 225w, https:\/\/www.radiopiu.net\/wordpress\/wp-content\/uploads\/2019\/04\/FONTANA-CON-BMW-A-MONZA-768x1024.jpg 768w\" sizes=\"auto, (max-width: 117px) 100vw, 117px\" \/><\/a><\/h2>\n<h2><\/h2>\n<h2>NEL FINE SETTIMANA TORNA IN PISTA ANDREA FONTANA<\/h2>\n<audio class=\"wp-audio-shortcode\" id=\"audio-91788-14\" preload=\"none\" style=\"width: 100%;\" controls=\"controls\"><source type=\"audio\/mpeg\" src=\"http:\/\/www.radiopiu.net\/wordpress\/wp-content\/uploads\/2019\/07\/ANDREA-FONTANA.mp3?_=14\" \/><a href=\"http:\/\/www.radiopiu.net\/wordpress\/wp-content\/uploads\/2019\/07\/ANDREA-FONTANA.mp3\">http:\/\/www.radiopiu.net\/wordpress\/wp-content\/uploads\/2019\/07\/ANDREA-FONTANA.mp3<\/a><\/audio>\n<p>&nbsp;<\/p>\n<p>&nbsp;<\/p>\n<p>&nbsp;<\/p>\n<p>&nbsp;<\/p>\n<p>&nbsp;<\/p>\n<h3><a class=\"dt-pswp-item\" href=\"http:\/\/www.radiopiu.net\/wordpress\/wp-content\/uploads\/2019\/07\/BELLETTI.jpg\" data-dt-img-description=\"\" data-large_image_width=\"720\" data-large_image_height=\"1080\"><img loading=\"lazy\" decoding=\"async\" class=\" wp-image-91789 alignleft\" src=\"http:\/\/www.radiopiu.net\/wordpress\/wp-content\/uploads\/2019\/07\/BELLETTI-200x300.jpg\" alt=\"\" width=\"109\" height=\"164\" srcset=\"https:\/\/www.radiopiu.net\/wordpress\/wp-content\/uploads\/2019\/07\/BELLETTI-200x300.jpg 200w, https:\/\/www.radiopiu.net\/wordpress\/wp-content\/uploads\/2019\/07\/BELLETTI-683x1024.jpg 683w, https:\/\/www.radiopiu.net\/wordpress\/wp-content\/uploads\/2019\/07\/BELLETTI.jpg 720w\" sizes=\"auto, (max-width: 109px) 100vw, 109px\" \/><\/a>il 5-6-7 luglio 2019 si sono tenuti i Campionati Italiani di nuoto para-olimpico assoluti estivi, alle piscine Manara di Busto Arsizio.<\/h3>\n<p>Daniela Belletti tesserata con la sport-life di Montebelluna, si allena presso le piscine di Pedavena e Santa Giustina. Preparata e seguita dalla collaboratrice della societ\u00e0 Ondablu Ornella Brancaleone, Daniela, nella sua categoria, ha vinto i 50 dorso, i 50 stile libero e i 100 stile libero. I complimenti vanno all&#8217;atleta e alla sua allenatrice per i risultati da parte di tutto lo staff Ondablu.<\/p>\n<p>&nbsp;<\/p>\n<p>&nbsp;<\/p>\n<h2><\/h2>\n<h2><\/h2>\n<h2>MINIOTTAVI CAMPIONATO AGORDINO E CAMPIONATO AGORDINO GIOVANILE<\/h2>\n<p class=\"p1\"><span class=\"s1\"><b>IL PUNTO<\/b><\/span><\/p>\n<blockquote>\n<p class=\"p1\"><span class=\"s1\"><b>I RISULTATI <\/b><\/span><span class=\"s1\">Frassen\u00e8 &#8211; Le Ville 3-0 <\/span><span class=\"s1\">Gosaldo &#8211; Agordo 2009 0-3 <\/span><span class=\"s1\">Vallada &#8211; Atletico Caviola 5-0 <\/span><span class=\"s1\">La Valle &#8211; Rivamonte 5-8 dcr<\/span><\/p>\n<\/blockquote>\n<p class=\"p1\"><span class=\"s1\"><b><a class=\"dt-pswp-item\" href=\"http:\/\/www.radiopiu.net\/wordpress\/wp-content\/uploads\/2019\/07\/TABELLONE-FINALE-CAMPIONATO-AGORDINO-2019-QUARTI-FINALE.jpg\" data-dt-img-description=\"\" data-large_image_width=\"1754\" data-large_image_height=\"1239\"><img loading=\"lazy\" decoding=\"async\" class=\"aligncenter wp-image-91752 \" src=\"http:\/\/www.radiopiu.net\/wordpress\/wp-content\/uploads\/2019\/07\/TABELLONE-FINALE-CAMPIONATO-AGORDINO-2019-QUARTI-FINALE-1024x723.jpg\" alt=\"\" width=\"570\" height=\"402\" srcset=\"https:\/\/www.radiopiu.net\/wordpress\/wp-content\/uploads\/2019\/07\/TABELLONE-FINALE-CAMPIONATO-AGORDINO-2019-QUARTI-FINALE-1024x723.jpg 1024w, https:\/\/www.radiopiu.net\/wordpress\/wp-content\/uploads\/2019\/07\/TABELLONE-FINALE-CAMPIONATO-AGORDINO-2019-QUARTI-FINALE-300x212.jpg 300w, https:\/\/www.radiopiu.net\/wordpress\/wp-content\/uploads\/2019\/07\/TABELLONE-FINALE-CAMPIONATO-AGORDINO-2019-QUARTI-FINALE-768x543.jpg 768w, https:\/\/www.radiopiu.net\/wordpress\/wp-content\/uploads\/2019\/07\/TABELLONE-FINALE-CAMPIONATO-AGORDINO-2019-QUARTI-FINALE.jpg 1754w\" sizes=\"auto, (max-width: 570px) 100vw, 570px\" \/><\/a><\/b><\/span><\/p>\n<blockquote>\n<p class=\"p1\"><span class=\"s1\"><b>PROSSIMO TURNO <\/b><\/span>QUARTI DI FINALE\u00a0 <span class=\"s1\">A Vallada: ore 15 Taibon &#8211; Vallada, ore 17:30 Fodom &#8211; Agordo 2009 <\/span><span class=\"s1\">A Voltago: ore 15 Caprile &#8211; Rivamonte, ore 17:30 Voltago &#8211; Frassen\u00e8 <\/span><\/p>\n<h3><\/h3>\n<h3><\/h3>\n<h2 class=\"p1\"><span class=\"s1\"><b>CAMPIONATO AGORDINO GIOVANILE <\/b><\/span><\/h2>\n<\/blockquote>\n<blockquote>\n<p class=\"p3\"><strong><span class=\"s1\">I risultati: Le Ville \u2013 Alleghe 2-1, Fodom \u2013 Taibon 0-5, La Valle \u2013 Canale 3-1. Ha riposato il Cencenighe <\/span><\/strong><strong><span class=\"s1\">La classifica: La Valle 15, Taibon* 9, Canale, Fodom e Le Ville 6, Alleghe* e Cencenighe 0 (* una partita in meno) <\/span><\/strong><strong><span class=\"s1\">Prossimo turno: sabato 20 luglio alle ore 16 Cencenighe \u2013 Alleghe, Canale \u2013 Le Ville, La Valle \u2013 Taibon. Riposa il Fodom.<\/span><\/strong><\/p>\n<\/blockquote>\n<p>&nbsp;<\/p>\n<p>&nbsp;<\/p>\n<p>&nbsp;<\/p>\n<h3>CORRI IN VALLE POST VAIA EDITION<\/h3>\n<p><strong><a class=\"dt-pswp-item\" href=\"http:\/\/www.radiopiu.net\/wordpress\/wp-content\/uploads\/2019\/07\/Corrinvalle-2019-2-001.jpg\" data-dt-img-description=\"\" data-large_image_width=\"2338\" data-large_image_height=\"1700\"><img loading=\"lazy\" decoding=\"async\" class=\" wp-image-91689 alignleft\" src=\"http:\/\/www.radiopiu.net\/wordpress\/wp-content\/uploads\/2019\/07\/Corrinvalle-2019-2-001-300x218.jpg\" alt=\"\" width=\"252\" height=\"182\" srcset=\"https:\/\/www.radiopiu.net\/wordpress\/wp-content\/uploads\/2019\/07\/Corrinvalle-2019-2-001-300x218.jpg 300w, https:\/\/www.radiopiu.net\/wordpress\/wp-content\/uploads\/2019\/07\/Corrinvalle-2019-2-001-768x558.jpg 768w, https:\/\/www.radiopiu.net\/wordpress\/wp-content\/uploads\/2019\/07\/Corrinvalle-2019-2-001-1024x745.jpg 1024w\" sizes=\"auto, (max-width: 252px) 100vw, 252px\" \/><\/a>TAIBON<\/strong> Vaia non ferma la CorrinValle regolarmente nel calendario del Gruppo Sportivo di Taibon per sabato con partenza alle 17, per l&#8217;undicesimo anno e metter\u00e0 in palio il 7\u00b0 mermorial Silvano Artico. Nonostante gli schianti e le strade silvopastorali portate via dal Tegnas e dai torrenti dell&#8217;Agner e Pale di San Lucano i Taiboner si sono dati da fare cercando percorsi alternativo, come ricordato anche la sagra di San Lucano \u00e8 nel calendario della Proloco che ha messo a nuovo l&#8217;area delle feste dietro la chiesetta di San Lucano. Tornando alla corsa podistica non competitiva si svilupper\u00e0 su un percorso di 4.5 chilometri con partenza in Piazza e arrivo al campo sportivo, gran finale con premiazioni e pasta party al tendone di San Lucano.\u00a0 Iscrizioni alla partenza dalle 15.30, gadget tecnico per tutti.<br \/>\nLa Mini CorriValle per i nati dal 2006 si correr\u00e0 su un percorso ad anello di 1.5 chilometri con partenza ed arrivo al campo sportivo, iscrizioni dalle 17.<\/p>\n<p>&nbsp;<\/p>\n<p>&nbsp;<\/p>\n<p>&nbsp;<\/p>\n<p>&nbsp;<\/p>\n<h3>I CAMPIONATI ITALIANI DI MOUNTAIN BIKE TORNANO IN VENETO, IN ALPAGO DAL 19 AL 21 LUGLIO.<\/h3>\n<p><a class=\"dt-pswp-item\" href=\"http:\/\/www.radiopiu.net\/wordpress\/wp-content\/uploads\/2019\/07\/xxx-2019-I-CAMPIONATI-ITALIANI-DI-MOUNTAIN-BIKE-TORNANO-IN-VENETO-IN-ALPAGO-DAL-19-AL-21-LUGLIO.-ASSESSORE-CORAZZARI-\u201cLA-CULTURA-DELLA-FATICA-VERSO-IL-TRAGUARDO-\u00c8-TRA-I-VALORI-DEI-VENETI\u201d-1.jpg\" data-dt-img-description=\"\" data-large_image_width=\"4608\" data-large_image_height=\"3456\"><img loading=\"lazy\" decoding=\"async\" class=\" wp-image-91790 alignleft\" src=\"http:\/\/www.radiopiu.net\/wordpress\/wp-content\/uploads\/2019\/07\/xxx-2019-I-CAMPIONATI-ITALIANI-DI-MOUNTAIN-BIKE-TORNANO-IN-VENETO-IN-ALPAGO-DAL-19-AL-21-LUGLIO.-ASSESSORE-CORAZZARI-\u201cLA-CULTURA-DELLA-FATICA-VERSO-IL-TRAGUARDO-\u00c8-TRA-I-VALORI-DEI-VENETI\u201d-1-300x225.jpg\" alt=\"\" width=\"190\" height=\"143\" srcset=\"https:\/\/www.radiopiu.net\/wordpress\/wp-content\/uploads\/2019\/07\/xxx-2019-I-CAMPIONATI-ITALIANI-DI-MOUNTAIN-BIKE-TORNANO-IN-VENETO-IN-ALPAGO-DAL-19-AL-21-LUGLIO.-ASSESSORE-CORAZZARI-\u201cLA-CULTURA-DELLA-FATICA-VERSO-IL-TRAGUARDO-\u00c8-TRA-I-VALORI-DEI-VENETI\u201d-1-300x225.jpg 300w, https:\/\/www.radiopiu.net\/wordpress\/wp-content\/uploads\/2019\/07\/xxx-2019-I-CAMPIONATI-ITALIANI-DI-MOUNTAIN-BIKE-TORNANO-IN-VENETO-IN-ALPAGO-DAL-19-AL-21-LUGLIO.-ASSESSORE-CORAZZARI-\u201cLA-CULTURA-DELLA-FATICA-VERSO-IL-TRAGUARDO-\u00c8-TRA-I-VALORI-DEI-VENETI\u201d-1-768x576.jpg 768w, https:\/\/www.radiopiu.net\/wordpress\/wp-content\/uploads\/2019\/07\/xxx-2019-I-CAMPIONATI-ITALIANI-DI-MOUNTAIN-BIKE-TORNANO-IN-VENETO-IN-ALPAGO-DAL-19-AL-21-LUGLIO.-ASSESSORE-CORAZZARI-\u201cLA-CULTURA-DELLA-FATICA-VERSO-IL-TRAGUARDO-\u00c8-TRA-I-VALORI-DEI-VENETI\u201d-1-1024x768.jpg 1024w\" sizes=\"auto, (max-width: 190px) 100vw, 190px\" \/><\/a>\u201cLe nostre montagne tornano ad ospitare un evento sportivo di massimo livello agonistico. Lo accogliamo con grande orgoglio perch\u00e9 nella nostra terra c\u2019\u00e8 un rapporto profondo con gli sport del pedale. Il Veneto \u00e8 considerato la regione pi\u00f9 ciclistica d\u2019Italia. La fatica e l\u2019impegno nel raggiungimento del traguardo \u00e8 nelle corde dei Veneti. Col mondo della bicicletta non c\u2019\u00e8 solo la condivisione di una passione sportiva ma anche di valori\u201d. Cos\u00ec L\u2019Assessore alla Sport della Regione Veneto Cristiano Corazzari, ha presentato a Palazzo Balbi l&#8217;edizione 2019 dei Campionati italiani assoluti di Mountain Bike \u2013 Cross Country e Team Relay che si terranno nella nostra Regione a Chies d\u2019Alpago (Belluno) dal 19 al 21 luglio prossimi. All\u2019incontro erano presenti anche il sindaco della localit\u00e0 montana, Gianluca Dal Borgo, e il coordinatore dell\u2019evento, Paolo Zanon. I Campionati italiani assoluti di Mountain Bike \u2013 Cross Country e Team Relay 2019 di Chies d\u2019Alpago inizieranno, per le varie categorie, venerd\u00ec 19 luglio con i Campionati nazionali di staffetta a squadre. Proseguiranno sabato 20 con il Campionato Italiano Agonisti. Si concluderanno domenica 21 con la Coppa Italia Giovanile e il Campionato Italiano Amatori.<\/p>\n<p>&nbsp;<\/p>\n<p>&nbsp;<\/p>\n<p>&nbsp;<\/p>\n<p>&nbsp;<\/p>\n<p><strong><a class=\"dt-pswp-item\" href=\"http:\/\/www.radiopiu.net\/wordpress\/wp-content\/uploads\/2018\/09\/WhatsApp-Image-2018-09-20-at-16.04.06.jpeg\" data-dt-img-description=\"\" data-large_image_width=\"800\" data-large_image_height=\"100\"><img loading=\"lazy\" decoding=\"async\" class=\"alignnone wp-image-61378 size-full\" src=\"http:\/\/www.radiopiu.net\/wordpress\/wp-content\/uploads\/2018\/09\/WhatsApp-Image-2018-09-20-at-16.04.06.jpeg\" alt=\"\" width=\"800\" height=\"100\" srcset=\"https:\/\/www.radiopiu.net\/wordpress\/wp-content\/uploads\/2018\/09\/WhatsApp-Image-2018-09-20-at-16.04.06.jpeg 800w, https:\/\/www.radiopiu.net\/wordpress\/wp-content\/uploads\/2018\/09\/WhatsApp-Image-2018-09-20-at-16.04.06-300x38.jpeg 300w, https:\/\/www.radiopiu.net\/wordpress\/wp-content\/uploads\/2018\/09\/WhatsApp-Image-2018-09-20-at-16.04.06-768x96.jpeg 768w\" sizes=\"auto, (max-width: 800px) 100vw, 800px\" \/><\/a><\/strong><\/p>\n<p>&nbsp;<\/p>\n<p><center><b>Martedi 16<\/b><\/center><b>Tempo atteso: <\/b>Tempo ben soleggiato con cielo sereno al mattino e modesti cumuli nelle ore pi\u00f9 calde. Presenza di aria secca con ottima visibilit\u00e0. Clima fresco al primo mattino e pi\u00f9 caldo di giorno grazie al buon soleggiamento.<br \/>\n<b>Precipitazioni: <\/b>Assenti (0%), eccetto qualche raro piovasco (10%) nel tardo pomeriggio.<br \/>\n<b>Temperature: <\/b>Minime in calo, ad eccezione dell&#8217;alta quota dove saranno pressoch\u00e9 stazionarie; massime in generale aumento con punte di 25\/26\u00b0C nei fondovalle prealpini e di 21\/23\u00b0C a 1000\/1200 m. Su Prealpi a 1500 m min 11\u00b0C max 17\u00b0C, a 2000 m min 8\u00b0C max 13\u00b0C. Su Dolomiti a 2000 m min 7\u00b0C max 14\u00b0C, a 3000 m min 2\u00b0C max 5\u00b0C.<br \/>\n<b>Venti: <\/b>Nelle valli deboli o moderati a regime di brezza; in quota deboli occidentali, a tratti moderati sulle cime dolomitiche, a 5-15 km\/h a 2000 m, 5-25 km\/h a 3000 m.<\/p>\n<hr \/>\n<p><center><b>Mercoledi 17<\/b><\/center><b>Tempo atteso: <\/b>Dopo una mattinata piuttosto soleggiata, nonostante le velature, lo sviluppo di addensamenti ridurr\u00e0 sensibilmente il soleggiamento a partire dalle ore centrali e da met\u00e0 pomeriggio in poi si verificheranno fenomeni sparsi. Clima diurno caldo di stampo estivo con valori termico prossime alla norma.<br \/>\n<b>Precipitazioni: <\/b>Al mattino assenti (0%), nel corso del pomeriggio ed alla sera probabilit\u00e0 media (50\/60%) per rovesci e temporali sparsi.<br \/>\n<b>Temperature: <\/b>Minime in ripresa ovunque; massime pressoch\u00e9 stazionarie in quota ed in leggero aumento nelle valli, con punte di 26\/27\u00b0C nei fondovalle prealpini e di 22\/24\u00b0C a 1000\/1200 m. Su Prealpi a 1500 m min 13\u00b0C max 18\u00b0C, a 2000 m min 10\u00b0C max 13\u00b0C. Su Dolomiti a 2000 m min 9\u00b0C max 14\u00b0C, a 3000 m min 5\u00b0C max 6\u00b0C.<br \/>\n<b>Venti: <\/b>Nelle valli deboli o moderati a regime di brezza; in quota perlopi\u00f9 deboli settentrionali, a 5-10 km\/h a 2000 m, 5-15 km\/h a 3000 m.<\/p>\n<hr \/>\n<p><center><b>Giovedi 18<\/b><\/center>Tempo variabile, a tratti instabile, con nuvolosit\u00e0 spesso estesa, anche cumuliforme. La copertura limiter\u00e0 fortemente il soleggiamento e sar\u00e0 associata a rovesci sparsi, occasionalmente temporaleschi. Calo termico diurno per minore soleggiamento. Venti deboli dai quadranti occidentali in quota.<\/p>\n<hr \/>\n<p><center><b>Venerdi 19<\/b><\/center>Miglioramento del tempo con prevalenza di tratti soleggiati e minore nuvolosit\u00e0. L&#8217;insidia per qualche fenomeno convettivo durante le ore pi\u00f9 calde tender\u00e0 a diminuire. Temperature diurne in ripresa. Venti deboli da Nord in quota e brezze nelle valli. Previsore: R.L.Th.<\/p>\n<hr \/>\n","protected":false},"excerpt":{"rendered":"<p>Il viaggio dei tronchi di Vaia dal Colle del Nevegal fino in Cina, dei 45 giorni di mare ovvero il viaggio del nostro legno verso l&#8217;Estremo Oriente ne parla oggi con dovizia di particolari il Corriere delle Alpi con Stefano Vietina mentre nell&#8217;Agordino gli appalti sono per gli alto atesini. Finalmente ci siamo, una quartina&hellip;<\/p>\n","protected":false},"author":1,"featured_media":91795,"comment_status":"closed","ping_status":"closed","sticky":false,"template":"","format":"standard","meta":{"_monsterinsights_skip_tracking":false,"_monsterinsights_sitenote_active":false,"_monsterinsights_sitenote_note":"","_monsterinsights_sitenote_category":0,"footnotes":""},"categories":[86],"tags":[],"class_list":["post-91788","post","type-post","status-publish","format-standard","has-post-thumbnail","hentry","category-gr","category-86","description-off"],"img_url":"https:\/\/www.radiopiu.net\/wordpress\/wp-content\/uploads\/2019\/07\/WhatsApp-Image-2019-07-15-at-11.59.24.jpeg","_links":{"self":[{"href":"https:\/\/www.radiopiu.net\/wordpress\/wp-json\/wp\/v2\/posts\/91788","targetHints":{"allow":["GET"]}}],"collection":[{"href":"https:\/\/www.radiopiu.net\/wordpress\/wp-json\/wp\/v2\/posts"}],"about":[{"href":"https:\/\/www.radiopiu.net\/wordpress\/wp-json\/wp\/v2\/types\/post"}],"author":[{"embeddable":true,"href":"https:\/\/www.radiopiu.net\/wordpress\/wp-json\/wp\/v2\/users\/1"}],"replies":[{"embeddable":true,"href":"https:\/\/www.radiopiu.net\/wordpress\/wp-json\/wp\/v2\/comments?post=91788"}],"version-history":[{"count":0,"href":"https:\/\/www.radiopiu.net\/wordpress\/wp-json\/wp\/v2\/posts\/91788\/revisions"}],"wp:featuredmedia":[{"embeddable":true,"href":"https:\/\/www.radiopiu.net\/wordpress\/wp-json\/wp\/v2\/media\/91795"}],"wp:attachment":[{"href":"https:\/\/www.radiopiu.net\/wordpress\/wp-json\/wp\/v2\/media?parent=91788"}],"wp:term":[{"taxonomy":"category","embeddable":true,"href":"https:\/\/www.radiopiu.net\/wordpress\/wp-json\/wp\/v2\/categories?post=91788"},{"taxonomy":"post_tag","embeddable":true,"href":"https:\/\/www.radiopiu.net\/wordpress\/wp-json\/wp\/v2\/tags?post=91788"}],"curies":[{"name":"wp","href":"https:\/\/api.w.org\/{rel}","templated":true}]}}