{"id":91799,"date":"2019-07-15T23:59:51","date_gmt":"2019-07-15T21:59:51","guid":{"rendered":"http:\/\/www.radiopiu.net\/wordpress\/?p=91799"},"modified":"2019-07-16T20:55:45","modified_gmt":"2019-07-16T18:55:45","slug":"nato-150-anni-fa-a-campolongo-il-grande-scultore-grandelis-di-renato-bona","status":"publish","type":"post","link":"https:\/\/www.radiopiu.net\/wordpress\/nato-150-anni-fa-a-campolongo-il-grande-scultore-grandelis-di-renato-bona\/","title":{"rendered":"NATO 150 ANNI FA A CAMPOLONGO IL GRANDE SCULTORE GRANDELIS di RENATO BONA"},"content":{"rendered":"<p>&nbsp;<\/p>\n<blockquote><p><em>Non risulta vi siano iniziative in proposito, peccato<\/em><\/p><\/blockquote>\n<p><a class=\"dt-pswp-item\" href=\"http:\/\/www.radiopiu.net\/wordpress\/wp-content\/uploads\/2019\/07\/64989733_799437637118148_4908691519570968576_n.png\" data-dt-img-description=\"\" data-large_image_width=\"271\" data-large_image_height=\"214\"><img loading=\"lazy\" decoding=\"async\" class=\" wp-image-91802 alignleft\" src=\"http:\/\/www.radiopiu.net\/wordpress\/wp-content\/uploads\/2019\/07\/64989733_799437637118148_4908691519570968576_n.png\" alt=\"\" width=\"301\" height=\"238\" \/><\/a>Centocinquanta anni fa, sabato 10 luglio del 1869, nasceva a Campolongo di Santo Stefano di Cadore, in provincia di Belluno, Geremia Grandelis (deceduto nel 1929, a Perth Amboy, nello stato americano del New Jersey, all\u2019et\u00e0 di sessant\u2019anni), che sarebbe divenuto scultore di fama internazionale. Non si ha notizia di particolari iniziative per ricordarlo. Il sito comelicocultura ricorda che: \u201cA nove anni scolp\u00ec col temperino due statue in legno: S. Giacomo Minore e S. Giacomo Maggiore alte pi\u00f9 di un metro che ancora oggi riscuotono l\u2019ammirazione di chi le vede. In occasione dell\u2019erezione del monumento a Tiziano a Pieve nel 1880, il Grandelis venne presentato allo scultore Dal Zotto il quale, esaminati i lavori e i disegni del giovanetto, convinse il padre e i dirigenti della Magnifica Comunit\u00e0 di Cadore a farlo studiare. Nel 1881 Geremia scendeva a Venezia ed entrava nello studio dello scultore Guglielmo Michieli. Geremia lavorava di notte per vignette e caricature da pubblicare in giornali e riviste, di giorno frequentava l\u2019Accademia e lo studio del suo maestro. Nel 1886 esponeva alla prima biennale di Venezia ottenendo il primo premio della sezione umoristica; al suo maestro venne assegnato il secondo. Al prof. Michieli venne affidata l\u2019esecuzione del monumento a Garibaldi a Udine: il garibaldino dello zoccolo venne modellato dal Grandelis e la sua opera giudicata la parte migliore del complesso. Nel 1893 il Grandelis emigr\u00f2 a New York, lavorando intensamente pi\u00f9 per la sua soddisfazione che per il guadagno. Per il teatro Metropolitan modell\u00f2 500 teste grottesche di grandezza tre volte il naturale. Nella cattedrale di Washington esegu\u00ec le decorazioni interne ed i portoni di bronzo. Nel palazzo del Parlamento di Ottawa, cre\u00f2 decorazioni varie e sulla facciata fiancheggi\u00f2 l\u2019orologio con le statue del Tempo e della Gloria. Ancora per Ottawa esegu\u00ec in marmo e in bronzo un busto del Principe di Galles, modellato in soli due giorni, ottenendogli le felicitazioni del Principe. Scolp\u00ec nell\u2019anno 1900 per il palazzo di Giustizia di Washington due grandi gruppi tre volte il naturale con la Giustizia che sostiene il fascio littorio. Nella biblioteca di Filadelfia esegu\u00ec decorazioni ed il portale di bronzo. Per la biblioteca di New York fece dodici statue, due volte il naturale. Prepar\u00f2 con dolore il monumento funebre nel cimitero di Porth Amboj al figlio Bruno, prematuramente scomparso. Decor\u00f2 la villa del presidente Wilson ed esegu\u00ec la fontana e le statue del parco. Lavor\u00f2 per gli Astor, i Gould, i Wanderbilt, Roosevelt ed altre personalit\u00e0 americane. E\u2019 suo il monumento a Lincoln a Washington ed i piloni monumentali per la bandiera della citt\u00e0 di New York. Sempre fiero d\u2019essere Italiano, lavor\u00f2 con alacrit\u00e0 e consapevolezza dei suoi mezzi. Mor\u00ec nel 1929, esaurito dall\u2019intenso lavoro, trov\u00f2 la sua pace accanto alla tomba del figlio\u201d. Aggiungiamo che Santo Stefano di Cadore, oltre ad intitolare al suo nome una via, ha dedicato \u201cA Grandelis e al genio bellunese nel mondo\u201d un monumento che \u00e8 stato realizzato dal bellunese Franco Fiabane, e che nel 1986 lo storico comelicese Germano De Zolt ha pubblicato con l\u2019Istituto storico bellunese di ricerche sociali e culturali il \u201cDizionario del dialetto ladino di Campolongo e Omaggio a Geremia Grandelis\u201d. E concludiamo citando lo storico Giuseppe Fontana che nel capitolo \u201cFigure storiche della Provincia\u201d del libro \u201cLa Provincia di Belluno\u201d (settembre 1960, tipografia editrice Panfilo Castaldi Feltre), a proposito di Grandelis scrive fra l\u2019altro: \u201c\u2026 Le sue molte opere si trovano nei teatri, nei palazzi, nelle cattedrali delle maggiori citt\u00e0 del Nuovo mondo. Alla Casa bianca si trova un monumento ad Abramo Lincoln scolpito da lui per il grande presidente di cui era amico\u201d, e chiude: \u201cI funerali, grandiosi, furono sostenuti dalla Confederazione Americana ed \u00e8 questo un onore riservato a pochi \u201d.<\/p>\n<p><a class=\"dt-pswp-item\" href=\"http:\/\/www.radiopiu.net\/wordpress\/wp-content\/uploads\/2019\/07\/64989733_799437637118148_4908691519570968576_n.png\" data-dt-img-description=\"\" data-large_image_width=\"271\" data-large_image_height=\"214\"><img loading=\"lazy\" decoding=\"async\" class=\"alignnone wp-image-91802\" src=\"http:\/\/www.radiopiu.net\/wordpress\/wp-content\/uploads\/2019\/07\/64989733_799437637118148_4908691519570968576_n.png\" alt=\"\" width=\"218\" height=\"171\" \/><\/a><a class=\"dt-pswp-item\" href=\"http:\/\/www.radiopiu.net\/wordpress\/wp-content\/uploads\/2019\/07\/67168201_2060101100964729_590412360858992640_n.jpg\" data-dt-img-description=\"\" data-large_image_width=\"167\" data-large_image_height=\"187\"><img loading=\"lazy\" decoding=\"async\" class=\"alignnone wp-image-91800\" src=\"http:\/\/www.radiopiu.net\/wordpress\/wp-content\/uploads\/2019\/07\/67168201_2060101100964729_590412360858992640_n.jpg\" alt=\"\" width=\"154\" height=\"171\" \/><\/a><img loading=\"lazy\" decoding=\"async\" class=\"alignnone wp-image-91801\" src=\"http:\/\/www.radiopiu.net\/wordpress\/wp-content\/uploads\/2019\/07\/66803120_548288472371492_4877512101406441472_n-207x300.jpg\" alt=\"\" width=\"118\" height=\"171\" srcset=\"https:\/\/www.radiopiu.net\/wordpress\/wp-content\/uploads\/2019\/07\/66803120_548288472371492_4877512101406441472_n-207x300.jpg 207w, https:\/\/www.radiopiu.net\/wordpress\/wp-content\/uploads\/2019\/07\/66803120_548288472371492_4877512101406441472_n.jpg 259w\" sizes=\"auto, (max-width: 118px) 100vw, 118px\" \/><a class=\"dt-pswp-item\" href=\"http:\/\/www.radiopiu.net\/wordpress\/wp-content\/uploads\/2019\/07\/66771389_1741921132578265_7325881624652939264_n.jpg\" data-dt-img-description=\"\" data-large_image_width=\"232\" data-large_image_height=\"330\"><img loading=\"lazy\" decoding=\"async\" class=\"alignnone wp-image-91803\" src=\"http:\/\/www.radiopiu.net\/wordpress\/wp-content\/uploads\/2019\/07\/66771389_1741921132578265_7325881624652939264_n-211x300.jpg\" alt=\"\" width=\"119\" height=\"169\" srcset=\"https:\/\/www.radiopiu.net\/wordpress\/wp-content\/uploads\/2019\/07\/66771389_1741921132578265_7325881624652939264_n-211x300.jpg 211w, https:\/\/www.radiopiu.net\/wordpress\/wp-content\/uploads\/2019\/07\/66771389_1741921132578265_7325881624652939264_n.jpg 232w\" sizes=\"auto, (max-width: 119px) 100vw, 119px\" \/><\/a><\/p>\n<blockquote><p>NELLE FOTO (Wikipedia e Comelicocultura): Geremia Grandelis con la moglie; scorcio della via che gli \u00e8 intitolata; la copertina del Dizionario di De Zolt con omaggio al grande artista comelicese; il presidente americano Abramo Lincoln che di Grandelis era amico.<\/p><\/blockquote>\n","protected":false},"excerpt":{"rendered":"<p>&nbsp; Non risulta vi siano iniziative in proposito, peccato Centocinquanta anni fa, sabato 10 luglio del 1869, nasceva a Campolongo di Santo Stefano di Cadore, in provincia di Belluno, Geremia Grandelis (deceduto nel 1929, a Perth Amboy, nello stato americano del New Jersey, all\u2019et\u00e0 di sessant\u2019anni), che sarebbe divenuto scultore di fama internazionale. Non si&hellip;<\/p>\n","protected":false},"author":1,"featured_media":91803,"comment_status":"closed","ping_status":"closed","sticky":false,"template":"","format":"standard","meta":{"_monsterinsights_skip_tracking":false,"_monsterinsights_sitenote_active":false,"_monsterinsights_sitenote_note":"","_monsterinsights_sitenote_category":0,"footnotes":""},"categories":[103,49],"tags":[],"class_list":["post-91799","post","type-post","status-publish","format-standard","has-post-thumbnail","hentry","category-evidenza_2","category-news-18","category-103","category-49","description-off"],"img_url":"https:\/\/www.radiopiu.net\/wordpress\/wp-content\/uploads\/2019\/07\/66771389_1741921132578265_7325881624652939264_n.jpg","_links":{"self":[{"href":"https:\/\/www.radiopiu.net\/wordpress\/wp-json\/wp\/v2\/posts\/91799","targetHints":{"allow":["GET"]}}],"collection":[{"href":"https:\/\/www.radiopiu.net\/wordpress\/wp-json\/wp\/v2\/posts"}],"about":[{"href":"https:\/\/www.radiopiu.net\/wordpress\/wp-json\/wp\/v2\/types\/post"}],"author":[{"embeddable":true,"href":"https:\/\/www.radiopiu.net\/wordpress\/wp-json\/wp\/v2\/users\/1"}],"replies":[{"embeddable":true,"href":"https:\/\/www.radiopiu.net\/wordpress\/wp-json\/wp\/v2\/comments?post=91799"}],"version-history":[{"count":0,"href":"https:\/\/www.radiopiu.net\/wordpress\/wp-json\/wp\/v2\/posts\/91799\/revisions"}],"wp:featuredmedia":[{"embeddable":true,"href":"https:\/\/www.radiopiu.net\/wordpress\/wp-json\/wp\/v2\/media\/91803"}],"wp:attachment":[{"href":"https:\/\/www.radiopiu.net\/wordpress\/wp-json\/wp\/v2\/media?parent=91799"}],"wp:term":[{"taxonomy":"category","embeddable":true,"href":"https:\/\/www.radiopiu.net\/wordpress\/wp-json\/wp\/v2\/categories?post=91799"},{"taxonomy":"post_tag","embeddable":true,"href":"https:\/\/www.radiopiu.net\/wordpress\/wp-json\/wp\/v2\/tags?post=91799"}],"curies":[{"name":"wp","href":"https:\/\/api.w.org\/{rel}","templated":true}]}}