{"id":91926,"date":"2019-07-17T06:09:01","date_gmt":"2019-07-17T04:09:01","guid":{"rendered":"http:\/\/www.radiopiu.net\/wordpress\/?p=91926"},"modified":"2019-07-17T06:10:48","modified_gmt":"2019-07-17T04:10:48","slug":"fake-news-su-morsi-da-ragno-violino","status":"publish","type":"post","link":"https:\/\/www.radiopiu.net\/wordpress\/fake-news-su-morsi-da-ragno-violino\/","title":{"rendered":"Fake  news su morsi  da ragno violino"},"content":{"rendered":"<p align=\"JUSTIFY\"><span style=\"font-size: medium;\"><strong><a class=\"dt-pswp-item\" href=\"http:\/\/www.radiopiu.net\/wordpress\/wp-content\/uploads\/2019\/07\/download-12.jpg\" data-dt-img-description=\"\" data-large_image_width=\"259\" data-large_image_height=\"195\"><img loading=\"lazy\" decoding=\"async\" class=\"size-full wp-image-91927 alignleft\" src=\"http:\/\/www.radiopiu.net\/wordpress\/wp-content\/uploads\/2019\/07\/download-12.jpg\" alt=\"\" width=\"259\" height=\"195\" \/><\/a>FELTRE<\/strong>. Sta girando sui social network la news della diffusione di morsi ragno violino nella zona del feltrino con conseguenti accessi al pronto soccorso feltrino. L\u2019Ulss Dolomiti, attraverso il direttore del pronto soccorso di Feltre Edoardo Rossi, rassicura e precisa quanto segue.<\/span><\/p>\n<p align=\"JUSTIFY\"><span style=\"font-size: medium;\">\u00ab<\/span><span style=\"font-size: medium;\">Il ragno violino, pi\u00f9 precisamente il <\/span><span style=\"font-size: medium;\"><i>loxosceles rufescens<\/i><\/span><span style=\"font-size: medium;\">, \u00e8 una specie autoctona diffusa in tutto il Mediterraneo e che convive con gli ambienti familiari. Viene chiamato anche \u201cragno eremita\u201d perch\u00e9 \u00e8 un animale notturno e ama gli ambienti chiusi come le abitazioni, gli armadi, i solai, i bagni. Nonostante questo, le punture documentate di questo ragno sono molto rare perch\u00e9 vive appartato e morde solo quando \u00e8 costretto a farlo come, ad esempio, se si indossa una scarpa da ginnastica con il ragno dentro. Ancor pi\u00f9 raro \u00e8 che il suo morso abbia conseguenze gravi.<\/span><\/p>\n<p align=\"JUSTIFY\"><span style=\"font-size: medium;\">Per fare diagnosi sicura di morso di ragno violino occorre aver documentato la puntura cio\u00e8 aver visto il ragno mordere, averlo catturato e identificato. Il dolore tipicamente insorge dopo alcune ore dal morso. In alcuni casi, nei giorni successivi pu\u00f2 formarsi una ulcerazione cutanea che di regola, nella variet\u00e0 mediterranea, guarisce spontaneamente e senza cicatrici o altri sintomi. Tale lesione assomiglia a quella di moltissime altre patologie per cui spesso viene erroneamente colpevolizzato il ragno violino senza che vi siano prove.<\/span><\/p>\n<p align=\"JUSTIFY\"><span style=\"font-size: medium;\">Solo eccezionalmente in Italia ci sono stati ricoveri ospedalieri per sintomatologia che coinvolge tutto il corpo. A Feltre c\u2019\u00e8 stato un presunto caso di morso di ragno violino nel 2015 esitato in ricovero perch\u00e9 il paziente era fragile per altre patologie gi\u00e0 presenti<\/span><span style=\"font-size: medium;\">\u00bb, spiega il direttore del Pronto Soccorso di Feltre Edoardo Rossi.<\/span><\/p>\n<p align=\"JUSTIFY\">\n","protected":false},"excerpt":{"rendered":"<p>FELTRE. Sta girando sui social network la news della diffusione di morsi ragno violino nella zona del feltrino con conseguenti accessi al pronto soccorso feltrino. L\u2019Ulss Dolomiti, attraverso il direttore del pronto soccorso di Feltre Edoardo Rossi, rassicura e precisa quanto segue. \u00abIl ragno violino, pi\u00f9 precisamente il loxosceles rufescens, \u00e8 una specie autoctona diffusa&hellip;<\/p>\n","protected":false},"author":1,"featured_media":91927,"comment_status":"closed","ping_status":"closed","sticky":false,"template":"","format":"standard","meta":{"_monsterinsights_skip_tracking":false,"_monsterinsights_sitenote_active":false,"_monsterinsights_sitenote_note":"","_monsterinsights_sitenote_category":0,"footnotes":""},"categories":[49],"tags":[],"class_list":["post-91926","post","type-post","status-publish","format-standard","has-post-thumbnail","hentry","category-news-18","category-49","description-off"],"img_url":"https:\/\/www.radiopiu.net\/wordpress\/wp-content\/uploads\/2019\/07\/download-12.jpg","_links":{"self":[{"href":"https:\/\/www.radiopiu.net\/wordpress\/wp-json\/wp\/v2\/posts\/91926","targetHints":{"allow":["GET"]}}],"collection":[{"href":"https:\/\/www.radiopiu.net\/wordpress\/wp-json\/wp\/v2\/posts"}],"about":[{"href":"https:\/\/www.radiopiu.net\/wordpress\/wp-json\/wp\/v2\/types\/post"}],"author":[{"embeddable":true,"href":"https:\/\/www.radiopiu.net\/wordpress\/wp-json\/wp\/v2\/users\/1"}],"replies":[{"embeddable":true,"href":"https:\/\/www.radiopiu.net\/wordpress\/wp-json\/wp\/v2\/comments?post=91926"}],"version-history":[{"count":0,"href":"https:\/\/www.radiopiu.net\/wordpress\/wp-json\/wp\/v2\/posts\/91926\/revisions"}],"wp:featuredmedia":[{"embeddable":true,"href":"https:\/\/www.radiopiu.net\/wordpress\/wp-json\/wp\/v2\/media\/91927"}],"wp:attachment":[{"href":"https:\/\/www.radiopiu.net\/wordpress\/wp-json\/wp\/v2\/media?parent=91926"}],"wp:term":[{"taxonomy":"category","embeddable":true,"href":"https:\/\/www.radiopiu.net\/wordpress\/wp-json\/wp\/v2\/categories?post=91926"},{"taxonomy":"post_tag","embeddable":true,"href":"https:\/\/www.radiopiu.net\/wordpress\/wp-json\/wp\/v2\/tags?post=91926"}],"curies":[{"name":"wp","href":"https:\/\/api.w.org\/{rel}","templated":true}]}}