{"id":91936,"date":"2019-07-16T19:26:43","date_gmt":"2019-07-16T17:26:43","guid":{"rendered":"http:\/\/www.radiopiu.net\/wordpress\/?p=91936"},"modified":"2019-07-17T16:40:18","modified_gmt":"2019-07-17T14:40:18","slug":"due-ragazzi-avanti-massimo-dei-voti-dallasilo-alla-maturita","status":"publish","type":"post","link":"https:\/\/www.radiopiu.net\/wordpress\/due-ragazzi-avanti-massimo-dei-voti-dallasilo-alla-maturita\/","title":{"rendered":"DUE RAGAZZI\u00a0 &#8220;AVANTI&#8221; MASSIMO DEI VOTI DALL&#8217;ASILO ALLA MATURITA&#8217;"},"content":{"rendered":"<p>&nbsp;<\/p>\n<h2 style=\"text-align: left;\"><a class=\"dt-pswp-item\" href=\"http:\/\/www.radiopiu.net\/wordpress\/wp-content\/uploads\/2019\/07\/WhatsApp-Image-2019-07-11-at-18.30.25-1.jpeg\" data-dt-img-description=\"\" data-large_image_width=\"1368\" data-large_image_height=\"912\"><img loading=\"lazy\" decoding=\"async\" class=\"size-medium wp-image-91930 alignleft\" src=\"http:\/\/www.radiopiu.net\/wordpress\/wp-content\/uploads\/2019\/07\/WhatsApp-Image-2019-07-11-at-18.30.25-1-300x200.jpeg\" alt=\"\" width=\"300\" height=\"200\" srcset=\"https:\/\/www.radiopiu.net\/wordpress\/wp-content\/uploads\/2019\/07\/WhatsApp-Image-2019-07-11-at-18.30.25-1-300x200.jpeg 300w, https:\/\/www.radiopiu.net\/wordpress\/wp-content\/uploads\/2019\/07\/WhatsApp-Image-2019-07-11-at-18.30.25-1-768x512.jpeg 768w, https:\/\/www.radiopiu.net\/wordpress\/wp-content\/uploads\/2019\/07\/WhatsApp-Image-2019-07-11-at-18.30.25-1-1024x683.jpeg 1024w, https:\/\/www.radiopiu.net\/wordpress\/wp-content\/uploads\/2019\/07\/WhatsApp-Image-2019-07-11-at-18.30.25-1.jpeg 1368w\" sizes=\"auto, (max-width: 300px) 100vw, 300px\" \/><\/a><\/h2>\n<h2><\/h2>\n<p><strong>LA VALLE<\/strong> Samuele Marcon e Marta Friz ospiti alla radio, raccontano la loro esperienza di studio conclusasi da poco con l&#8217;esame di maturit\u00e0 al Renier di Belluno (linguistico), maturit\u00e0 da 100 e 100 e lode e si somma alla maturit\u00e0 francese. Ieri sono stati ospiti alla radio<\/p>\n<p><strong>LO SPECIALE ALLA RADIO\u00a0<\/strong><\/p>\n<audio class=\"wp-audio-shortcode\" id=\"audio-91936-1\" preload=\"none\" style=\"width: 100%;\" controls=\"controls\"><source type=\"audio\/mpeg\" src=\"http:\/\/www.radiopiu.net\/wordpress\/wp-content\/uploads\/2019\/07\/SAMUELE-E-MARTA.mp3?_=1\" \/><a href=\"http:\/\/www.radiopiu.net\/wordpress\/wp-content\/uploads\/2019\/07\/SAMUELE-E-MARTA.mp3\">http:\/\/www.radiopiu.net\/wordpress\/wp-content\/uploads\/2019\/07\/SAMUELE-E-MARTA.mp3<\/a><\/audio>\n<p>&nbsp;<\/p>\n<p>&nbsp;<\/p>\n","protected":false},"excerpt":{"rendered":"<p>&nbsp; LA VALLE Samuele Marcon e Marta Friz ospiti alla radio, raccontano la loro esperienza di studio conclusasi da poco con l&#8217;esame di maturit\u00e0 al Renier di Belluno (linguistico), maturit\u00e0 da 100 e 100 e lode e si somma alla maturit\u00e0 francese. Ieri sono stati ospiti alla radio LO SPECIALE ALLA RADIO\u00a0 &nbsp; &nbsp;<\/p>\n","protected":false},"author":1,"featured_media":91930,"comment_status":"closed","ping_status":"closed","sticky":false,"template":"","format":"standard","meta":{"_monsterinsights_skip_tracking":false,"_monsterinsights_sitenote_active":false,"_monsterinsights_sitenote_note":"","_monsterinsights_sitenote_category":0,"footnotes":""},"categories":[103,49,84],"tags":[],"class_list":["post-91936","post","type-post","status-publish","format-standard","has-post-thumbnail","hentry","category-evidenza_2","category-news-18","category-speciali","category-103","category-49","category-84","description-off"],"img_url":"https:\/\/www.radiopiu.net\/wordpress\/wp-content\/uploads\/2019\/07\/WhatsApp-Image-2019-07-11-at-18.30.25-1.jpeg","_links":{"self":[{"href":"https:\/\/www.radiopiu.net\/wordpress\/wp-json\/wp\/v2\/posts\/91936","targetHints":{"allow":["GET"]}}],"collection":[{"href":"https:\/\/www.radiopiu.net\/wordpress\/wp-json\/wp\/v2\/posts"}],"about":[{"href":"https:\/\/www.radiopiu.net\/wordpress\/wp-json\/wp\/v2\/types\/post"}],"author":[{"embeddable":true,"href":"https:\/\/www.radiopiu.net\/wordpress\/wp-json\/wp\/v2\/users\/1"}],"replies":[{"embeddable":true,"href":"https:\/\/www.radiopiu.net\/wordpress\/wp-json\/wp\/v2\/comments?post=91936"}],"version-history":[{"count":0,"href":"https:\/\/www.radiopiu.net\/wordpress\/wp-json\/wp\/v2\/posts\/91936\/revisions"}],"wp:featuredmedia":[{"embeddable":true,"href":"https:\/\/www.radiopiu.net\/wordpress\/wp-json\/wp\/v2\/media\/91930"}],"wp:attachment":[{"href":"https:\/\/www.radiopiu.net\/wordpress\/wp-json\/wp\/v2\/media?parent=91936"}],"wp:term":[{"taxonomy":"category","embeddable":true,"href":"https:\/\/www.radiopiu.net\/wordpress\/wp-json\/wp\/v2\/categories?post=91936"},{"taxonomy":"post_tag","embeddable":true,"href":"https:\/\/www.radiopiu.net\/wordpress\/wp-json\/wp\/v2\/tags?post=91936"}],"curies":[{"name":"wp","href":"https:\/\/api.w.org\/{rel}","templated":true}]}}