{"id":91984,"date":"2019-07-17T05:17:42","date_gmt":"2019-07-17T03:17:42","guid":{"rendered":"http:\/\/www.radiopiu.net\/wordpress\/?p=91984"},"modified":"2019-07-17T05:17:42","modified_gmt":"2019-07-17T03:17:42","slug":"lutto-in-usarci-le-addolorate-parole-del-presidente","status":"publish","type":"post","link":"https:\/\/www.radiopiu.net\/wordpress\/lutto-in-usarci-le-addolorate-parole-del-presidente\/","title":{"rendered":"LUTTO IN USARCI, LE ADDOLORATE PAROLE DEL PRESIDENTE\u00a0"},"content":{"rendered":"<p>&nbsp;<\/p>\n<h3><\/h3>\n<p>AUDIO FRANCO ROCCON<\/p>\n<audio class=\"wp-audio-shortcode\" id=\"audio-91984-1\" preload=\"none\" style=\"width: 100%;\" controls=\"controls\"><source type=\"audio\/mpeg\" src=\"http:\/\/www.radiopiu.net\/wordpress\/wp-content\/uploads\/2019\/07\/FRANCO-ROC.mp3?_=1\" \/><a href=\"http:\/\/www.radiopiu.net\/wordpress\/wp-content\/uploads\/2019\/07\/FRANCO-ROC.mp3\">http:\/\/www.radiopiu.net\/wordpress\/wp-content\/uploads\/2019\/07\/FRANCO-ROC.mp3<\/a><\/audio>\n<p>&nbsp;<\/p>\n<p><strong><a class=\"dt-pswp-item\" href=\"http:\/\/www.radiopiu.net\/wordpress\/wp-content\/uploads\/2019\/07\/Andrea.jpg\" data-dt-img-description=\"\" data-large_image_width=\"640\" data-large_image_height=\"640\"><img loading=\"lazy\" decoding=\"async\" class=\" wp-image-91957 alignleft\" src=\"http:\/\/www.radiopiu.net\/wordpress\/wp-content\/uploads\/2019\/07\/Andrea-300x300.jpg\" alt=\"\" width=\"142\" height=\"142\" srcset=\"https:\/\/www.radiopiu.net\/wordpress\/wp-content\/uploads\/2019\/07\/Andrea-300x300.jpg 300w, https:\/\/www.radiopiu.net\/wordpress\/wp-content\/uploads\/2019\/07\/Andrea-150x150.jpg 150w, https:\/\/www.radiopiu.net\/wordpress\/wp-content\/uploads\/2019\/07\/Andrea.jpg 640w\" sizes=\"auto, (max-width: 142px) 100vw, 142px\" \/><\/a>BELLUNO\u00a0<\/strong> \u00a0Usarci Belluno e Veneto \u00e8 vicino alla famiglia di Andrea Sammartinaro. L\u2019uomo, cinquantenne di Sedico, \u00e8 mancato improvvisamente domenica a Montebelluna. Lascia la moglie Orietta e i figli Cinzia e Matteo. Per 15 anni \u00e8 stato consigliere all\u2019interno dell\u2019Unione sindacati agenti rappresentanti di commercio, spendendosi sempre in prima linea per l\u2019attivit\u00e0 del sindacato. Inoltre, era l\u2019unico consigliere bellunese seduto nel cda della Banca di Credito Cooperativo delle Prealpi. \u201cAd Andrea dobbiamo molto, noi tutti \u2013 le parole addolorate del presidente di Usarci Belluno e Veneto, Franco Roccon -. Era una persona molto generosa e sempre disponibile verso gli altri soci e verso chiunque si avvicinasse a lui per lavoro. Nel ruolo di consigliere della Banca di Credito Cooperativo delle Prealpi aveva sempre dimostrato la sua sensibilit\u00e0 e la sua vicinanza al mondo del volontariato, accogliendo spesse volte le richieste di contributi per manifestazioni e progetti che arrivavano dalle associazioni del territorio. Ciao Andrea, ci mancherai, con te se ne va una colonna portante del nostro gruppo\u201d. Domani sera (mercoled\u00ec) alle 17.30 nella chiesa di Sedico si terr\u00e0 la recita del rosario, mentre i funerali avranno luogo gioved\u00ec alle 16, sempre nella chiesa arcipretale di Sedico. Per richiesta della famiglia, non fiori ma eventuali offerte all\u2019Associazione Insieme si Pu\u00f2.<\/p>\n<p>&nbsp;<\/p>\n<p>&nbsp;<\/p>\n","protected":false},"excerpt":{"rendered":"<p>&nbsp; AUDIO FRANCO ROCCON &nbsp; BELLUNO\u00a0 \u00a0Usarci Belluno e Veneto \u00e8 vicino alla famiglia di Andrea Sammartinaro. L\u2019uomo, cinquantenne di Sedico, \u00e8 mancato improvvisamente domenica a Montebelluna. Lascia la moglie Orietta e i figli Cinzia e Matteo. Per 15 anni \u00e8 stato consigliere all\u2019interno dell\u2019Unione sindacati agenti rappresentanti di commercio, spendendosi sempre in prima linea&hellip;<\/p>\n","protected":false},"author":1,"featured_media":91957,"comment_status":"closed","ping_status":"closed","sticky":false,"template":"","format":"standard","meta":{"_monsterinsights_skip_tracking":false,"_monsterinsights_sitenote_active":false,"_monsterinsights_sitenote_note":"","_monsterinsights_sitenote_category":0,"footnotes":""},"categories":[49],"tags":[],"class_list":["post-91984","post","type-post","status-publish","format-standard","has-post-thumbnail","hentry","category-news-18","category-49","description-off"],"img_url":"https:\/\/www.radiopiu.net\/wordpress\/wp-content\/uploads\/2019\/07\/Andrea.jpg","_links":{"self":[{"href":"https:\/\/www.radiopiu.net\/wordpress\/wp-json\/wp\/v2\/posts\/91984","targetHints":{"allow":["GET"]}}],"collection":[{"href":"https:\/\/www.radiopiu.net\/wordpress\/wp-json\/wp\/v2\/posts"}],"about":[{"href":"https:\/\/www.radiopiu.net\/wordpress\/wp-json\/wp\/v2\/types\/post"}],"author":[{"embeddable":true,"href":"https:\/\/www.radiopiu.net\/wordpress\/wp-json\/wp\/v2\/users\/1"}],"replies":[{"embeddable":true,"href":"https:\/\/www.radiopiu.net\/wordpress\/wp-json\/wp\/v2\/comments?post=91984"}],"version-history":[{"count":0,"href":"https:\/\/www.radiopiu.net\/wordpress\/wp-json\/wp\/v2\/posts\/91984\/revisions"}],"wp:featuredmedia":[{"embeddable":true,"href":"https:\/\/www.radiopiu.net\/wordpress\/wp-json\/wp\/v2\/media\/91957"}],"wp:attachment":[{"href":"https:\/\/www.radiopiu.net\/wordpress\/wp-json\/wp\/v2\/media?parent=91984"}],"wp:term":[{"taxonomy":"category","embeddable":true,"href":"https:\/\/www.radiopiu.net\/wordpress\/wp-json\/wp\/v2\/categories?post=91984"},{"taxonomy":"post_tag","embeddable":true,"href":"https:\/\/www.radiopiu.net\/wordpress\/wp-json\/wp\/v2\/tags?post=91984"}],"curies":[{"name":"wp","href":"https:\/\/api.w.org\/{rel}","templated":true}]}}