{"id":91986,"date":"2019-07-17T05:21:22","date_gmt":"2019-07-17T03:21:22","guid":{"rendered":"http:\/\/www.radiopiu.net\/wordpress\/?p=91986"},"modified":"2019-07-17T06:11:08","modified_gmt":"2019-07-17T04:11:08","slug":"ammodernamento-e-la-riqualificazione-delle-strutture-ricettive","status":"publish","type":"post","link":"https:\/\/www.radiopiu.net\/wordpress\/ammodernamento-e-la-riqualificazione-delle-strutture-ricettive\/","title":{"rendered":"AMMODERNAMENTO E LA RIQUALIFICAZIONE DELLE STRUTTURE RICETTIVE"},"content":{"rendered":"<p>&nbsp;<\/p>\n<h2 class=\"western\"><b>MONTAGNA VENETA, MONDIALI SCI E OLIMPIADI INVERNALI. ULTERIORI 10 MILIONI DI CONTRIBUTI\u00a0<\/b><\/h2>\n<blockquote><p><em>I<span style=\"font-size: medium;\">l bando vede ad oggi 37 imprese beneficiarie di contributi, con quest\u2019ultimo provvedimento si prevede di finanziarne altre 24 che sono in graduatoria. Nuove apertura\u00a0 per le 40 domande che sono ancora in attesa a fronte delle 51 che hanno gi\u00e0 avuto una risposta positiva.<\/span><\/em><\/p><\/blockquote>\n<p><b>DI DAMIANO TORMEN\u00a0<\/b><\/p>\n<blockquote><audio class=\"wp-audio-shortcode\" id=\"audio-91986-1\" preload=\"none\" style=\"width: 100%;\" controls=\"controls\"><source type=\"audio\/mpeg\" src=\"http:\/\/www.radiopiu.net\/wordpress\/wp-content\/uploads\/2019\/07\/DAMIANO-FEDERICO.mp3?_=1\" \/><a href=\"http:\/\/www.radiopiu.net\/wordpress\/wp-content\/uploads\/2019\/07\/DAMIANO-FEDERICO.mp3\">http:\/\/www.radiopiu.net\/wordpress\/wp-content\/uploads\/2019\/07\/DAMIANO-FEDERICO.mp3<\/a><\/audio>\n<p align=\"JUSTIFY\"><em><a class=\"dt-pswp-item\" href=\"http:\/\/www.radiopiu.net\/wordpress\/wp-content\/uploads\/2019\/02\/259-2019-Ass.-Caner-1.jpg\" data-dt-img-description=\"\" data-large_image_width=\"2000\" data-large_image_height=\"1333\"><img loading=\"lazy\" decoding=\"async\" class=\" wp-image-76841 alignleft\" src=\"http:\/\/www.radiopiu.net\/wordpress\/wp-content\/uploads\/2019\/02\/259-2019-Ass.-Caner-1-300x200.jpg\" alt=\"\" width=\"230\" height=\"153\" srcset=\"https:\/\/www.radiopiu.net\/wordpress\/wp-content\/uploads\/2019\/02\/259-2019-Ass.-Caner-1-300x200.jpg 300w, https:\/\/www.radiopiu.net\/wordpress\/wp-content\/uploads\/2019\/02\/259-2019-Ass.-Caner-1-768x512.jpg 768w, https:\/\/www.radiopiu.net\/wordpress\/wp-content\/uploads\/2019\/02\/259-2019-Ass.-Caner-1-1024x682.jpg 1024w, https:\/\/www.radiopiu.net\/wordpress\/wp-content\/uploads\/2019\/02\/259-2019-Ass.-Caner-1.jpg 2000w\" sizes=\"auto, (max-width: 230px) 100vw, 230px\" \/><\/a>\u201c<span style=\"font-size: medium;\">Manteniamo la promessa fatta agli operatori quando abbiamo condiviso lo sforzo per le Olimpiadi e stiamo andando avanti in quello che non \u00e8 azzardato definire il pi\u00f9 grande piano di interventi realizzato fino ad ora a sostegno del turismo della montagna veneta \u2013 sottolinea l\u2019assessore Federico Caner -. Con questo provvedimento raggiungiamo l\u2019erogazione di 33 milioni di euro complessivi. Mentre sembra essere incompreso e ostacolato da pi\u00f9 parti il percorso del Veneto verso l\u2019autonomia differenziata, i nostri operatori del settore turismo si trovano a fronteggiare la concorrenza dei colleghi di localit\u00e0 non lontane che, invece, sono favoriti e sostenuti dalle condizioni economiche pi\u00f9 vantaggiose delle regioni a statuto speciale. La nostra montagna deve continuare ad essere sempre pi\u00f9 attraente e, quindi, deve vantare un\u2019offerta di ospitalit\u00e0 e di qualit\u00e0 delle strutture ricettive che sia competitiva\u201d.<\/span><\/em><\/p>\n<\/blockquote>\n<p>&nbsp;<\/p>\n","protected":false},"excerpt":{"rendered":"<p>&nbsp; MONTAGNA VENETA, MONDIALI SCI E OLIMPIADI INVERNALI. ULTERIORI 10 MILIONI DI CONTRIBUTI\u00a0 Il bando vede ad oggi 37 imprese beneficiarie di contributi, con quest\u2019ultimo provvedimento si prevede di finanziarne altre 24 che sono in graduatoria. Nuove apertura\u00a0 per le 40 domande che sono ancora in attesa a fronte delle 51 che hanno gi\u00e0 avuto&hellip;<\/p>\n","protected":false},"author":1,"featured_media":76840,"comment_status":"closed","ping_status":"closed","sticky":false,"template":"","format":"standard","meta":{"_monsterinsights_skip_tracking":false,"_monsterinsights_sitenote_active":false,"_monsterinsights_sitenote_note":"","_monsterinsights_sitenote_category":0,"footnotes":""},"categories":[49],"tags":[],"class_list":["post-91986","post","type-post","status-publish","format-standard","has-post-thumbnail","hentry","category-news-18","category-49","description-off"],"img_url":"https:\/\/www.radiopiu.net\/wordpress\/wp-content\/uploads\/2019\/02\/259-2019-Ass.-Caner.jpg","_links":{"self":[{"href":"https:\/\/www.radiopiu.net\/wordpress\/wp-json\/wp\/v2\/posts\/91986","targetHints":{"allow":["GET"]}}],"collection":[{"href":"https:\/\/www.radiopiu.net\/wordpress\/wp-json\/wp\/v2\/posts"}],"about":[{"href":"https:\/\/www.radiopiu.net\/wordpress\/wp-json\/wp\/v2\/types\/post"}],"author":[{"embeddable":true,"href":"https:\/\/www.radiopiu.net\/wordpress\/wp-json\/wp\/v2\/users\/1"}],"replies":[{"embeddable":true,"href":"https:\/\/www.radiopiu.net\/wordpress\/wp-json\/wp\/v2\/comments?post=91986"}],"version-history":[{"count":0,"href":"https:\/\/www.radiopiu.net\/wordpress\/wp-json\/wp\/v2\/posts\/91986\/revisions"}],"wp:featuredmedia":[{"embeddable":true,"href":"https:\/\/www.radiopiu.net\/wordpress\/wp-json\/wp\/v2\/media\/76840"}],"wp:attachment":[{"href":"https:\/\/www.radiopiu.net\/wordpress\/wp-json\/wp\/v2\/media?parent=91986"}],"wp:term":[{"taxonomy":"category","embeddable":true,"href":"https:\/\/www.radiopiu.net\/wordpress\/wp-json\/wp\/v2\/categories?post=91986"},{"taxonomy":"post_tag","embeddable":true,"href":"https:\/\/www.radiopiu.net\/wordpress\/wp-json\/wp\/v2\/tags?post=91986"}],"curies":[{"name":"wp","href":"https:\/\/api.w.org\/{rel}","templated":true}]}}