{"id":92060,"date":"2019-07-18T01:35:06","date_gmt":"2019-07-17T23:35:06","guid":{"rendered":"http:\/\/www.radiopiu.net\/wordpress\/?p=92060"},"modified":"2019-07-18T08:32:50","modified_gmt":"2019-07-18T06:32:50","slug":"25-28-luglio-manca-pochissimo-alladventure-outdoor-fest","status":"publish","type":"post","link":"https:\/\/www.radiopiu.net\/wordpress\/25-28-luglio-manca-pochissimo-alladventure-outdoor-fest\/","title":{"rendered":"25-28\u00a0luglio: manca pochissimo all&#8217;Adventure Outdoor Fest!"},"content":{"rendered":"<p>&nbsp;<\/p>\n<h3><\/h3>\n<p><strong><a class=\"dt-pswp-item\" href=\"http:\/\/www.radiopiu.net\/wordpress\/wp-content\/uploads\/2019\/07\/a17ec44c-872a-4e50-9da6-d73f86ce4deb.jpg\" data-dt-img-description=\"\" data-large_image_width=\"1080\" data-large_image_height=\"300\"><img loading=\"lazy\" decoding=\"async\" class=\"size-medium wp-image-92059 alignleft\" src=\"http:\/\/www.radiopiu.net\/wordpress\/wp-content\/uploads\/2019\/07\/a17ec44c-872a-4e50-9da6-d73f86ce4deb-300x83.jpg\" alt=\"\" width=\"300\" height=\"83\" srcset=\"https:\/\/www.radiopiu.net\/wordpress\/wp-content\/uploads\/2019\/07\/a17ec44c-872a-4e50-9da6-d73f86ce4deb-300x83.jpg 300w, https:\/\/www.radiopiu.net\/wordpress\/wp-content\/uploads\/2019\/07\/a17ec44c-872a-4e50-9da6-d73f86ce4deb-768x213.jpg 768w, https:\/\/www.radiopiu.net\/wordpress\/wp-content\/uploads\/2019\/07\/a17ec44c-872a-4e50-9da6-d73f86ce4deb-1024x284.jpg 1024w, https:\/\/www.radiopiu.net\/wordpress\/wp-content\/uploads\/2019\/07\/a17ec44c-872a-4e50-9da6-d73f86ce4deb.jpg 1080w\" sizes=\"auto, (max-width: 300px) 100vw, 300px\" \/><\/a>ROCCA PIETORE<\/strong> A fine Luglio torna l\u2019Adventure Outdoor Fest, con tante attivit\u00e0 nel cuore delle Dolomiti come i trekking, le uscite in MBT, le attivit\u00e0 di bushcratf nel bosco, e le esperienze di arrampicata, dai livelli pi\u00f9 semplici alle sfide pi\u00f9 avventurose, la slackline, le discipline olistiche e lo Yoga per ricaricarsi in Natura! La nuovissima sede del villaggio sar\u00e0, da venerdi 26 a domenica 28 a Piani di Pezz\u00e9 (Alleghe), anfiteatro naturale a 1470 metri di quota, affacciato sulla parete nord-ovest del Monte Civetta, mentre l&#8217;inaugurazione \u00e8 prevista Giovedi 25 a Rocca Pietore. Tra gli appuntamenti imperdibili di questa edizione il Dolomiti Green Trail, emozionante gara di trail running con percorsi di 14 Km e 27 Km, il Concerto al Tramonto dell&#8217;artista The Leading Guy, il camp con le tende sospese tra gli alberi, la notte sotto le stelle al Col Dei Baldi, le attivit\u00e0 dedicate ai bambini e il concorso cinematografico Adventure Movie Awards che, affiancato dagli incontri e tavole rotonde con atleti, registi e scrittori, creer\u00e0 la giusta atmosfera per concludere ogni giornata del festival. Tutte le news sulla Pagina Fb e il programma completo sul sito ufficiale del Festival.<\/p>\n","protected":false},"excerpt":{"rendered":"<p>&nbsp; ROCCA PIETORE A fine Luglio torna l\u2019Adventure Outdoor Fest, con tante attivit\u00e0 nel cuore delle Dolomiti come i trekking, le uscite in MBT, le attivit\u00e0 di bushcratf nel bosco, e le esperienze di arrampicata, dai livelli pi\u00f9 semplici alle sfide pi\u00f9 avventurose, la slackline, le discipline olistiche e lo Yoga per ricaricarsi in Natura!&hellip;<\/p>\n","protected":false},"author":1,"featured_media":92059,"comment_status":"closed","ping_status":"closed","sticky":false,"template":"","format":"standard","meta":{"_monsterinsights_skip_tracking":false,"_monsterinsights_sitenote_active":false,"_monsterinsights_sitenote_note":"","_monsterinsights_sitenote_category":0,"footnotes":""},"categories":[51,49],"tags":[],"class_list":["post-92060","post","type-post","status-publish","format-standard","has-post-thumbnail","hentry","category-evidenza-top","category-news-18","category-51","category-49","description-off"],"img_url":"https:\/\/www.radiopiu.net\/wordpress\/wp-content\/uploads\/2019\/07\/a17ec44c-872a-4e50-9da6-d73f86ce4deb.jpg","_links":{"self":[{"href":"https:\/\/www.radiopiu.net\/wordpress\/wp-json\/wp\/v2\/posts\/92060","targetHints":{"allow":["GET"]}}],"collection":[{"href":"https:\/\/www.radiopiu.net\/wordpress\/wp-json\/wp\/v2\/posts"}],"about":[{"href":"https:\/\/www.radiopiu.net\/wordpress\/wp-json\/wp\/v2\/types\/post"}],"author":[{"embeddable":true,"href":"https:\/\/www.radiopiu.net\/wordpress\/wp-json\/wp\/v2\/users\/1"}],"replies":[{"embeddable":true,"href":"https:\/\/www.radiopiu.net\/wordpress\/wp-json\/wp\/v2\/comments?post=92060"}],"version-history":[{"count":0,"href":"https:\/\/www.radiopiu.net\/wordpress\/wp-json\/wp\/v2\/posts\/92060\/revisions"}],"wp:featuredmedia":[{"embeddable":true,"href":"https:\/\/www.radiopiu.net\/wordpress\/wp-json\/wp\/v2\/media\/92059"}],"wp:attachment":[{"href":"https:\/\/www.radiopiu.net\/wordpress\/wp-json\/wp\/v2\/media?parent=92060"}],"wp:term":[{"taxonomy":"category","embeddable":true,"href":"https:\/\/www.radiopiu.net\/wordpress\/wp-json\/wp\/v2\/categories?post=92060"},{"taxonomy":"post_tag","embeddable":true,"href":"https:\/\/www.radiopiu.net\/wordpress\/wp-json\/wp\/v2\/tags?post=92060"}],"curies":[{"name":"wp","href":"https:\/\/api.w.org\/{rel}","templated":true}]}}