{"id":92209,"date":"2019-07-18T16:56:20","date_gmt":"2019-07-18T14:56:20","guid":{"rendered":"http:\/\/www.radiopiu.net\/wordpress\/?p=92209"},"modified":"2019-07-18T16:56:20","modified_gmt":"2019-07-18T14:56:20","slug":"il-circolo-fotografico-agordino-gigia-de-nardin-vi-invita-alla-venticinquesima-edizione-de-la-torresella-rassegna-di-audiovisivi-venticinquesima-edizione","status":"publish","type":"post","link":"https:\/\/www.radiopiu.net\/wordpress\/il-circolo-fotografico-agordino-gigia-de-nardin-vi-invita-alla-venticinquesima-edizione-de-la-torresella-rassegna-di-audiovisivi-venticinquesima-edizione\/","title":{"rendered":"IL CIRCOLO FOTOGRAFICO AGORDINO GIGIA DE NARDIN VI INVITA ALLA VENTICINQUESIMA EDIZIONE DE\u00a0 LA TORRESELLA\u00a0 RASSEGNA DI AUDIOVISIVI, VENTICINQUESIMA EDIZIONE."},"content":{"rendered":"<p><em>1 3 E 5 AGOSTO ALLE 20.45 PRESSO LA SALA DON TAMIS IN VIA 27 APRILE AD AGORDO.<\/em><br \/>\n<em>Www.circolofotograficoagordo.it <\/em><\/p>\n<p><strong><a class=\"dt-pswp-item\" href=\"http:\/\/www.radiopiu.net\/wordpress\/wp-content\/uploads\/2019\/07\/755d7f2e-4011-4638-b5cc-f38184f062b5.jpg\" data-dt-img-description=\"\" data-large_image_width=\"1106\" data-large_image_height=\"1600\"><img loading=\"lazy\" decoding=\"async\" class=\" wp-image-92206 alignleft\" src=\"http:\/\/www.radiopiu.net\/wordpress\/wp-content\/uploads\/2019\/07\/755d7f2e-4011-4638-b5cc-f38184f062b5-207x300.jpg\" alt=\"\" width=\"170\" height=\"246\" srcset=\"https:\/\/www.radiopiu.net\/wordpress\/wp-content\/uploads\/2019\/07\/755d7f2e-4011-4638-b5cc-f38184f062b5-207x300.jpg 207w, https:\/\/www.radiopiu.net\/wordpress\/wp-content\/uploads\/2019\/07\/755d7f2e-4011-4638-b5cc-f38184f062b5-768x1111.jpg 768w, https:\/\/www.radiopiu.net\/wordpress\/wp-content\/uploads\/2019\/07\/755d7f2e-4011-4638-b5cc-f38184f062b5-708x1024.jpg 708w, https:\/\/www.radiopiu.net\/wordpress\/wp-content\/uploads\/2019\/07\/755d7f2e-4011-4638-b5cc-f38184f062b5.jpg 1106w\" sizes=\"auto, (max-width: 170px) 100vw, 170px\" \/><\/a>LUNEDI 1 AGOSTO:\u00a0<\/strong> &#8220;FLAMENCO&#8221; DI ROBERTO FAVERO\u00a0 &#8220;IL VENTO CHE ACCAREZZA L&#8217;ERBA&#8221; DI ALESSANDRO MANERA\u00a0 &#8220;FINE DI UNA STORIA&#8221; DI DAMIANO VARDANEGA &#8220;TUMBALALAKA&#8221; DI ROBERTO FAVERO\u00a0 &#8220;PROFUMO DELLE ROSE&#8221; DI DARIO TONET\u00a0 &#8220;EMOZIONI A DUE PASSI DA CASA&#8221;\u00a0 DI WALTER BINOTTO\u00a0 &#8220;IL RICORDO&#8221; DI DARIO TONET<\/p>\n<p><strong>SABATO 3 AGOSTO:\u00a0<\/strong> &#8220;MAURITANIA, DAL DESERTO ALL&#8217;OCEANO&#8221; DI FERNANDO BASSI\u00a0 &#8220;LA PIETRA DIPINTA&#8221; DI ENRICO CHIRAVALLI\u00a0 &#8220;VICINI&#8230;UN MONDO&#8221; DI GIACOMO RENIER\u00a0 &#8220;ANCORA TRE PASSI&#8221; DI LUIGI DORIGO <strong>&#8220;SPECCHIO&#8221;, DI ENRICO CHIARAVALLI\u00a0 &#8220;COME IN UN TEMPO&#8221; DI GIACOMO RENIER<\/strong><\/p>\n<p><strong>LUNEDI 5 AGOSTO<\/strong> SERATA INTRODUTTIVA ALLA MOSTRA I DIECI ANNI DELLE DOLOMITI UNESCO.<br \/>\nRE DI TOFANA DI VANNI CASE\u00a0 &#8220;LE IMPERATRICI&#8221; DI DARIO TONET\u00a0 &#8220;AI PIEDI DELLA REGINA&#8221; DI LUIGI ZAMPIERI<br \/>\n&#8220;IL GALLO CEDRONE&#8221; DI ROBERTO SORAMAE&#8217;\u00a0 &#8220;OMAGGIO ALLE DOLOMITI&#8221; DI ROBERTO ZANETTE<\/p>\n<p>di ROBERTO SORAMAE&#8217; (la prossima settimana in diretta alla radio per la presentazione ufficiale)<\/p>\n<blockquote><p><a class=\"dt-pswp-item\" href=\"http:\/\/www.radiopiu.net\/wordpress\/wp-content\/uploads\/2019\/07\/51842328_2229656993724389_3823301550990688256_n.jpg\" data-dt-img-description=\"\" data-large_image_width=\"960\" data-large_image_height=\"720\"><img loading=\"lazy\" decoding=\"async\" class=\" wp-image-92207 alignleft\" src=\"http:\/\/www.radiopiu.net\/wordpress\/wp-content\/uploads\/2019\/07\/51842328_2229656993724389_3823301550990688256_n-300x225.jpg\" alt=\"\" width=\"198\" height=\"149\" srcset=\"https:\/\/www.radiopiu.net\/wordpress\/wp-content\/uploads\/2019\/07\/51842328_2229656993724389_3823301550990688256_n-300x225.jpg 300w, https:\/\/www.radiopiu.net\/wordpress\/wp-content\/uploads\/2019\/07\/51842328_2229656993724389_3823301550990688256_n-768x576.jpg 768w, https:\/\/www.radiopiu.net\/wordpress\/wp-content\/uploads\/2019\/07\/51842328_2229656993724389_3823301550990688256_n.jpg 960w\" sizes=\"auto, (max-width: 198px) 100vw, 198px\" \/><\/a>Alla a Torresella 2019 Abbiamo raggiunto il traguardo dei 25 anni di incontri con tanti Autori che si sono susseguiti e sono arrivati da tutta l&#8217;Italia. Le prime edizioni si sono svolte nel chiostro della villa De Manzoni, in un ambiente spettacolare e suggestivo. Ci siamo affidati al meteo per diverse edizioni ma alla fine abbiamo dovuto desistere e ripiegare per alcuni anni sotto il tendone che il comune di Agordo ci ha messo a disposizione. \u201cLa Torresella\u201d all\u2019inizio era nata come un concorso; una giuria qualificata decideva il vincitore, ma anche il pubblico con il proprio applauso poteva sostenere gli autori acclamando l\u2019audiovisivo preferito. Con il tempo abbiamo guadagnato la fiducia del pubblico e delle amministrazioni e siamo approdati nella bellissima sala congressi dell\u2019Unione Montana Agordina \u201cDon Ferdinando Tamis\u201d. Innanzitutto, \u00e8 doveroso menzionare chi ci ha regolarmente sostenuti. Il Comune di Agordo fin dalla prima edizione ci ha sempre incoraggiato e aiutato, e l&#8217;Unione Montana Agordina, che ci ha garantito la possibilit\u00e0 di realizzare la manifestazione concedendoci la sala. La Torresella ha dovuto affrontare due difficolt\u00e0 importanti; entrambe felicemente superate; la prima di carattere economico, l\u2019Euro, la seconda di carattere tecnico, l\u2019avvento del digitale. Sembra che ci\u00f2 sia banale e venale. Purtroppo le spese sono una parte importante e l&#8217;Euro ha rotto gli equilibri: un problema noto a tutti. Per questo motivo ringraziamo chi ci sostiene e aiuta da anni: gli storici Mottes e Pramaor e da oggi anche la Pizzeria da Silvio. Il secondo evento \u00e8 stato il passaggio al digitale. Un vero e proprio uragano che ha cambiato tanti aspetti della multivisione: tecnici, artistici, affettivi. Qualcuno si \u00e8 perso per strada, qualcuno di nuovo \u00e8 arrivato, altri hanno resistito alla bufera e sono ancora qui. In questi ultimi anni i social si stanno portando via una grossa fetta di rapporti umani, quelli veri, dove la passione ti fa condividere le emozioni con i tuoi amici. Se potessi esprimere un desiderio sarebbe quello di vedere molti pi\u00f9 appassionati della fotografia venire al circolo a condividere le proprie esperienze. E&#8217; vero, postare sui social \u00e8 pi\u00f9 comodo, ma la crescita reciproca, l&#8217;amicizia, la relazione umana sincera vengono a mancare.<\/p><\/blockquote>\n<p>&nbsp;<\/p>\n<p>&nbsp;<\/p>\n<p>&nbsp;<\/p>\n<p>&nbsp;<\/p>\n","protected":false},"excerpt":{"rendered":"<p>1 3 E 5 AGOSTO ALLE 20.45 PRESSO LA SALA DON TAMIS IN VIA 27 APRILE AD AGORDO. Www.circolofotograficoagordo.it LUNEDI 1 AGOSTO:\u00a0 &#8220;FLAMENCO&#8221; DI ROBERTO FAVERO\u00a0 &#8220;IL VENTO CHE ACCAREZZA L&#8217;ERBA&#8221; DI ALESSANDRO MANERA\u00a0 &#8220;FINE DI UNA STORIA&#8221; DI DAMIANO VARDANEGA &#8220;TUMBALALAKA&#8221; DI ROBERTO FAVERO\u00a0 &#8220;PROFUMO DELLE ROSE&#8221; DI DARIO TONET\u00a0 &#8220;EMOZIONI A DUE PASSI&hellip;<\/p>\n","protected":false},"author":1,"featured_media":92206,"comment_status":"closed","ping_status":"closed","sticky":false,"template":"","format":"standard","meta":{"_monsterinsights_skip_tracking":false,"_monsterinsights_sitenote_active":false,"_monsterinsights_sitenote_note":"","_monsterinsights_sitenote_category":0,"footnotes":""},"categories":[49],"tags":[],"class_list":["post-92209","post","type-post","status-publish","format-standard","has-post-thumbnail","hentry","category-news-18","category-49","description-off"],"img_url":"https:\/\/www.radiopiu.net\/wordpress\/wp-content\/uploads\/2019\/07\/755d7f2e-4011-4638-b5cc-f38184f062b5.jpg","_links":{"self":[{"href":"https:\/\/www.radiopiu.net\/wordpress\/wp-json\/wp\/v2\/posts\/92209","targetHints":{"allow":["GET"]}}],"collection":[{"href":"https:\/\/www.radiopiu.net\/wordpress\/wp-json\/wp\/v2\/posts"}],"about":[{"href":"https:\/\/www.radiopiu.net\/wordpress\/wp-json\/wp\/v2\/types\/post"}],"author":[{"embeddable":true,"href":"https:\/\/www.radiopiu.net\/wordpress\/wp-json\/wp\/v2\/users\/1"}],"replies":[{"embeddable":true,"href":"https:\/\/www.radiopiu.net\/wordpress\/wp-json\/wp\/v2\/comments?post=92209"}],"version-history":[{"count":0,"href":"https:\/\/www.radiopiu.net\/wordpress\/wp-json\/wp\/v2\/posts\/92209\/revisions"}],"wp:featuredmedia":[{"embeddable":true,"href":"https:\/\/www.radiopiu.net\/wordpress\/wp-json\/wp\/v2\/media\/92206"}],"wp:attachment":[{"href":"https:\/\/www.radiopiu.net\/wordpress\/wp-json\/wp\/v2\/media?parent=92209"}],"wp:term":[{"taxonomy":"category","embeddable":true,"href":"https:\/\/www.radiopiu.net\/wordpress\/wp-json\/wp\/v2\/categories?post=92209"},{"taxonomy":"post_tag","embeddable":true,"href":"https:\/\/www.radiopiu.net\/wordpress\/wp-json\/wp\/v2\/tags?post=92209"}],"curies":[{"name":"wp","href":"https:\/\/api.w.org\/{rel}","templated":true}]}}