{"id":92212,"date":"2019-07-19T06:10:24","date_gmt":"2019-07-19T04:10:24","guid":{"rendered":"http:\/\/www.radiopiu.net\/wordpress\/?p=92212"},"modified":"2019-07-19T19:50:50","modified_gmt":"2019-07-19T17:50:50","slug":"dolomiti-agordine-estate-2019-ecco-di-nuovo-i-mercatini-dell-antiquariato-del-collezionismo-e-dell-usato","status":"publish","type":"post","link":"https:\/\/www.radiopiu.net\/wordpress\/dolomiti-agordine-estate-2019-ecco-di-nuovo-i-mercatini-dell-antiquariato-del-collezionismo-e-dell-usato\/","title":{"rendered":"DOLOMITI AGORDINE ESTATE 2019: ECCO DI NUOVO I MERCATINI DELL\u2019 ANTIQUARIATO, DEL COLLEZIONISMO E DELL\u2019 USATO"},"content":{"rendered":"<h3><\/h3>\n<p><strong><a class=\"dt-pswp-item\" href=\"http:\/\/www.radiopiu.net\/wordpress\/wp-content\/uploads\/2019\/07\/1-AGORDO-10-8-2018-4.jpg\" data-dt-img-description=\"\" data-large_image_width=\"1024\" data-large_image_height=\"683\"><img loading=\"lazy\" decoding=\"async\" class=\" wp-image-92179 alignleft\" src=\"http:\/\/www.radiopiu.net\/wordpress\/wp-content\/uploads\/2019\/07\/1-AGORDO-10-8-2018-4-300x200.jpg\" alt=\"\" width=\"257\" height=\"171\" srcset=\"https:\/\/www.radiopiu.net\/wordpress\/wp-content\/uploads\/2019\/07\/1-AGORDO-10-8-2018-4-300x200.jpg 300w, https:\/\/www.radiopiu.net\/wordpress\/wp-content\/uploads\/2019\/07\/1-AGORDO-10-8-2018-4-768x512.jpg 768w, https:\/\/www.radiopiu.net\/wordpress\/wp-content\/uploads\/2019\/07\/1-AGORDO-10-8-2018-4.jpg 1024w\" sizes=\"auto, (max-width: 257px) 100vw, 257px\" \/><\/a>AGORDO\u00a0<\/strong> Il Gruppo degli \u201cAmici dell\u2019Antiquariato\u201d, in questo momento guidato da Graziano Donato, Adolfo Segato e Giovanni Baldo in collaborazione con il coordinatore locale Giorgio Fontanive, le Pro Loco dell\u2019Agordino ed i Comuni coinvolti, ha organizzato anche in questo 2019 una serie di appuntamenti per gli appassionati delle cose antiche &#8211; o come si dice adesso &#8211; \u201cvintage\u201d le cui locandine sono gi\u00e0 esposte lungo la strada. Per l\u2019estate della vallata i mercatini hanno sub\u00ecto un certo ridimensionamento ed avranno luogo ad Agordo, Canale d\u2019Agordo e Caprile di Alleghe: lo si evince anche dal pieghevole in distribuzione da tempo reperibile presso gli uffici turistici. Per le informazioni necessarie sar\u00e0 d\u2019uopo consultare anche l\u2019aggiornato sito www.mercatinodelledolomiti.it o il motore di ricerca mediante l\u2019indirizzo web mercatino delle dolomiti agordine. Il primo appuntamento dei 7 calendarizzati \u00e8 fissato per domenica 21 luglio ad Agordo dalle ore 8.00 alle 19.00 in Piazza Libert\u00e0 dove troveranno collocazione oltre una quarantina di stands; seguir\u00e0 domenica 28 luglio Canale d\u2019Agordo mentre nel mese di agosto le citate localit\u00e0 ospiteranno gli altri 5 appuntamenti. Partecipano all\u2019iniziativa commercianti ed hobbisti preparati e selezionati in vari settori di operativit\u00e0: oggettistica d\u2019epoca, mobili, arte e collezionismo cartaceo, libri, medaglistica, piccolo antiquariato, arte, vetreria artistica, ecc.<\/p>\n<p>&nbsp;<\/p>\n","protected":false},"excerpt":{"rendered":"<p>AGORDO\u00a0 Il Gruppo degli \u201cAmici dell\u2019Antiquariato\u201d, in questo momento guidato da Graziano Donato, Adolfo Segato e Giovanni Baldo in collaborazione con il coordinatore locale Giorgio Fontanive, le Pro Loco dell\u2019Agordino ed i Comuni coinvolti, ha organizzato anche in questo 2019 una serie di appuntamenti per gli appassionati delle cose antiche &#8211; o come si dice&hellip;<\/p>\n","protected":false},"author":1,"featured_media":92179,"comment_status":"closed","ping_status":"closed","sticky":false,"template":"","format":"standard","meta":{"_monsterinsights_skip_tracking":false,"_monsterinsights_sitenote_active":false,"_monsterinsights_sitenote_note":"","_monsterinsights_sitenote_category":0,"footnotes":""},"categories":[51,49],"tags":[],"class_list":["post-92212","post","type-post","status-publish","format-standard","has-post-thumbnail","hentry","category-evidenza-top","category-news-18","category-51","category-49","description-off"],"img_url":"https:\/\/www.radiopiu.net\/wordpress\/wp-content\/uploads\/2019\/07\/1-AGORDO-10-8-2018-4.jpg","_links":{"self":[{"href":"https:\/\/www.radiopiu.net\/wordpress\/wp-json\/wp\/v2\/posts\/92212","targetHints":{"allow":["GET"]}}],"collection":[{"href":"https:\/\/www.radiopiu.net\/wordpress\/wp-json\/wp\/v2\/posts"}],"about":[{"href":"https:\/\/www.radiopiu.net\/wordpress\/wp-json\/wp\/v2\/types\/post"}],"author":[{"embeddable":true,"href":"https:\/\/www.radiopiu.net\/wordpress\/wp-json\/wp\/v2\/users\/1"}],"replies":[{"embeddable":true,"href":"https:\/\/www.radiopiu.net\/wordpress\/wp-json\/wp\/v2\/comments?post=92212"}],"version-history":[{"count":0,"href":"https:\/\/www.radiopiu.net\/wordpress\/wp-json\/wp\/v2\/posts\/92212\/revisions"}],"wp:featuredmedia":[{"embeddable":true,"href":"https:\/\/www.radiopiu.net\/wordpress\/wp-json\/wp\/v2\/media\/92179"}],"wp:attachment":[{"href":"https:\/\/www.radiopiu.net\/wordpress\/wp-json\/wp\/v2\/media?parent=92212"}],"wp:term":[{"taxonomy":"category","embeddable":true,"href":"https:\/\/www.radiopiu.net\/wordpress\/wp-json\/wp\/v2\/categories?post=92212"},{"taxonomy":"post_tag","embeddable":true,"href":"https:\/\/www.radiopiu.net\/wordpress\/wp-json\/wp\/v2\/tags?post=92212"}],"curies":[{"name":"wp","href":"https:\/\/api.w.org\/{rel}","templated":true}]}}