{"id":92219,"date":"2019-07-18T23:55:41","date_gmt":"2019-07-18T21:55:41","guid":{"rendered":"http:\/\/www.radiopiu.net\/wordpress\/?p=92219"},"modified":"2019-07-20T05:48:05","modified_gmt":"2019-07-20T03:48:05","slug":"lagordina-spera-in-un-ripescaggio-in-seconda-categoria","status":"publish","type":"post","link":"https:\/\/www.radiopiu.net\/wordpress\/lagordina-spera-in-un-ripescaggio-in-seconda-categoria\/","title":{"rendered":"L&#8217;AGORDINA SPERA IN UN RIPESCAGGIO IN SECONDA CATEGORIA"},"content":{"rendered":"<p><a class=\"dt-pswp-item\" href=\"http:\/\/www.radiopiu.net\/wordpress\/wp-content\/uploads\/2018\/10\/AGORDINA-FELETTO.jpg\" data-dt-img-description=\"\" data-large_image_width=\"1440\" data-large_image_height=\"810\"><img loading=\"lazy\" decoding=\"async\" class=\" wp-image-63149 alignleft\" src=\"http:\/\/www.radiopiu.net\/wordpress\/wp-content\/uploads\/2018\/10\/AGORDINA-FELETTO-300x169.jpg\" alt=\"\" width=\"449\" height=\"253\" srcset=\"https:\/\/www.radiopiu.net\/wordpress\/wp-content\/uploads\/2018\/10\/AGORDINA-FELETTO-300x169.jpg 300w, https:\/\/www.radiopiu.net\/wordpress\/wp-content\/uploads\/2018\/10\/AGORDINA-FELETTO-768x432.jpg 768w, https:\/\/www.radiopiu.net\/wordpress\/wp-content\/uploads\/2018\/10\/AGORDINA-FELETTO-1024x576.jpg 1024w, https:\/\/www.radiopiu.net\/wordpress\/wp-content\/uploads\/2018\/10\/AGORDINA-FELETTO.jpg 1440w\" sizes=\"auto, (max-width: 449px) 100vw, 449px\" \/><\/a>Non sono ancora svanite le speranze della prima squadra dell&#8217;Agordina di partecipare ad un campionato di Seconda Categoria a settembre. I prossimi saranno giorni decisivi per la societ\u00e0 del presidente Cosmo Forcella che, nonostante la retrocessione in terza dopo i playout, ha fatto richiesta di ripescaggio per poter giocare in una categoria adatta alle forze della squadra di Agordo. La certezza non c&#8217;\u00e8 ancora ma le possibilit\u00e0 ci sono anche perch\u00e8, seppur in via del tutto non ufficiale, sembrerebbe che il San Vittore abbia rinunciato di iscriversi lasciando cos\u00ec un posto libero.<\/p>\n<p>In questo momento la FIGC sta valutando le richieste arrivate per i ripescaggi e ha suddiviso le squadre in due fasce in base all&#8217;andamento della scorsa stagione. L&#8217;Agordina, al momento, risulta essere inserita nella seconda fascia a causa della retrocessione arrivata nei playout. Il 24 luglio chiuderanno le iscrizioni e la federazione avr\u00e0 un quadro completo sulle squadre iscritte. In base alle iscrizioni arrivate la FIGC Veneto inizier\u00e0 a comporre i vari gironi tenendo conto delle varie esigenze delle societ\u00e0 e questo avverr\u00e0 entro il 30 luglio. Naturalmente l&#8217;Agordina, se verr\u00e0 ripescata, parteciper\u00e0 al girone di Belluno e Treviso. Questo per\u00f2 lo si sapr\u00e0 solamente il 30 luglio, quando la federazione avr\u00e0 le idee chiare sui vari gironi della seconda categoria. C&#8217;\u00e8 da dire che la squadra di Agordo ha buone possibilit\u00e0 di essere presa in considerazione visto l&#8217;alto punteggio nelle ultime 4 stagioni grazie a degli ottimi campionati giovanili che hanno ottenuto buoni risultati. Tutto comunque \u00e8 ancora in alto mare e solo a fine mese si avranno delle certezze.<\/p>\n","protected":false},"excerpt":{"rendered":"<p>Non sono ancora svanite le speranze della prima squadra dell&#8217;Agordina di partecipare ad un campionato di Seconda Categoria a settembre. I prossimi saranno giorni decisivi per la societ\u00e0 del presidente Cosmo Forcella che, nonostante la retrocessione in terza dopo i playout, ha fatto richiesta di ripescaggio per poter giocare in una categoria adatta alle forze&hellip;<\/p>\n","protected":false},"author":4,"featured_media":63149,"comment_status":"closed","ping_status":"closed","sticky":false,"template":"","format":"standard","meta":{"_monsterinsights_skip_tracking":false,"_monsterinsights_sitenote_active":false,"_monsterinsights_sitenote_note":"","_monsterinsights_sitenote_category":0,"footnotes":""},"categories":[103,49,72],"tags":[],"class_list":["post-92219","post","type-post","status-publish","format-standard","has-post-thumbnail","hentry","category-evidenza_2","category-news-18","category-sport","category-103","category-49","category-72","description-off"],"img_url":"https:\/\/www.radiopiu.net\/wordpress\/wp-content\/uploads\/2018\/10\/AGORDINA-FELETTO.jpg","_links":{"self":[{"href":"https:\/\/www.radiopiu.net\/wordpress\/wp-json\/wp\/v2\/posts\/92219","targetHints":{"allow":["GET"]}}],"collection":[{"href":"https:\/\/www.radiopiu.net\/wordpress\/wp-json\/wp\/v2\/posts"}],"about":[{"href":"https:\/\/www.radiopiu.net\/wordpress\/wp-json\/wp\/v2\/types\/post"}],"author":[{"embeddable":true,"href":"https:\/\/www.radiopiu.net\/wordpress\/wp-json\/wp\/v2\/users\/4"}],"replies":[{"embeddable":true,"href":"https:\/\/www.radiopiu.net\/wordpress\/wp-json\/wp\/v2\/comments?post=92219"}],"version-history":[{"count":0,"href":"https:\/\/www.radiopiu.net\/wordpress\/wp-json\/wp\/v2\/posts\/92219\/revisions"}],"wp:featuredmedia":[{"embeddable":true,"href":"https:\/\/www.radiopiu.net\/wordpress\/wp-json\/wp\/v2\/media\/63149"}],"wp:attachment":[{"href":"https:\/\/www.radiopiu.net\/wordpress\/wp-json\/wp\/v2\/media?parent=92219"}],"wp:term":[{"taxonomy":"category","embeddable":true,"href":"https:\/\/www.radiopiu.net\/wordpress\/wp-json\/wp\/v2\/categories?post=92219"},{"taxonomy":"post_tag","embeddable":true,"href":"https:\/\/www.radiopiu.net\/wordpress\/wp-json\/wp\/v2\/tags?post=92219"}],"curies":[{"name":"wp","href":"https:\/\/api.w.org\/{rel}","templated":true}]}}