{"id":92268,"date":"2019-07-20T05:18:31","date_gmt":"2019-07-20T03:18:31","guid":{"rendered":"http:\/\/www.radiopiu.net\/wordpress\/?p=92268"},"modified":"2020-11-20T13:08:36","modified_gmt":"2020-11-20T12:08:36","slug":"giornale-radiopiu-20-luglio-2019-direttore-mirko-mezzacasa","status":"publish","type":"post","link":"https:\/\/www.radiopiu.net\/wordpress\/giornale-radiopiu-20-luglio-2019-direttore-mirko-mezzacasa\/","title":{"rendered":"GIORNALE RADIOPIU 20 LUGLIO 2019 DIRETTORE MIRKO MEZZACASA"},"content":{"rendered":"<blockquote>\n<div><\/div>\n<\/blockquote>\n<div><\/div>\n<div><strong>Parapiglia al Bar arrestato:<\/strong> \u00a0Litiga nel bar di via Loreto e prende per il collo un carabiniere intervenuto con la pattuglia. Sebastiano Rossa, 25enne \u00e8 stato arrestato dai carabinieri della Compagnia di Belluno coordinati dal sottotenente Giorgio Bergamo<\/div>\n<div><\/div>\n<div><\/div>\n<blockquote>\n<div><\/div>\n<\/blockquote>\n<div><\/div>\n<div class=\"articlePlainTitle\"><strong>Ad Agordo\u00a0 tre indagati per la\u00a0 morte del cane Kaos dopo un esposto<\/strong> La Procura della Repubblica ha aperto un fascicolo per maltrattamento e uccisione di animale. \u00c8 il primo risultato dell&#8217;esposto presentato dall&#8217; associazione animalista Siamo tutti animali,.Tre persone immobilizzano il cane a terra, accanto a un muretto e lo ammazzano, stringendogli con forza un guinzaglio intorno al collo. Le indagini preliminari dureranno, come al solito, alcuni mesi, dopo di che bisogner\u00e0 verificare se l&#8217;accusa potr\u00e0 reggere in giudizio.<\/div>\n<blockquote>\n<div><\/div>\n<\/blockquote>\n<div><\/div>\n<p><strong>Preoccupante notizia dal Cadore<\/strong>, due bambine tra i 9 casi di Tbe per le zecche infette anche in Cadore,\u00a0 finora dall&#8217;inizio della stagione calda e umida ci sono gi\u00e0 nove casi di Tbe.<\/p>\n<blockquote><p>&nbsp;<\/p><\/blockquote>\n<p><strong>Nell&#8217;Agordino<\/strong> occhio ai cervi, immancabile presenza sulle strade da Belluno ad Arabba, a Salce altrettanta attenzione ai cinghiali, ben tre casi nei pressi di Salce.<\/p>\n<p>&nbsp;<\/p>\n<p>&nbsp;<\/p>\n<blockquote><p>&nbsp;<\/p><\/blockquote>\n<p><strong>PROVINCIALE 251 VAL DI ZOLDO<\/strong>\u00a0 In localit\u00e0 Le Mole-Col Cuc di Colle Santa Lucia Dal 22 luglio al 2 agosto dalle 8 alle 12 e dalle 13.30 alle 17.30 (esclusi festivi e prefestivi) senso unico alternato e brevi interruzioni della durata massima di 15 minuti.<\/p>\n<p><strong>PROVINCIALE 8 DI SAN TOMASO: DAL 22 LUGLIO AL 09 AGOSTO, SABATO E DOMENICA INCLUSI TRA LE LOCALITA&#8217; PIAN MOLIN E ROI INTERDIZIONE TOTALE AL TRAFFICO PER POSA CONDOTTA IDROELETTRICA.\u00a0<\/strong><\/p>\n<p>&nbsp;<\/p>\n<blockquote><p><span style=\"color: #000000;\">Gestione Servizi Pubblici informa che a Domegge di Cadore in tutto il Comune e ad Agordo nelle localit\u00e0 Piasent, Colvignas, Campon, Le Foche l&#8217;acqua erogata dall&#8217;acquedotto \u00e8 di nuovo potabile e pu\u00f2 essere usata per scopi alimentari. <span style=\"color: #ff0000;\">Non \u00e8 potabile, invece, a Colle Santa Lucia in localit\u00e0 Colcuc <em>ed a Voltago in TUTTO il Comune\u00a0 tranne nelle LOCALITA&#8217; BERTOI E DIGOMAN l&#8217;acqua erogata dall&#8217;acquedotto non \u00e8 potabile e pu\u00f2 essere usata per scopi alimentari SOLO PREVIA bollitura<\/em><\/span><\/span><\/p><\/blockquote>\n<p>&nbsp;<\/p>\n<p>&nbsp;<\/p>\n<p>&nbsp;<\/p>\n<h3><a class=\"dt-pswp-item\" href=\"http:\/\/www.radiopiu.net\/wordpress\/wp-content\/uploads\/2019\/07\/196212_1003353103678_3893374_n.jpg\" data-dt-img-description=\"\" data-large_image_width=\"448\" data-large_image_height=\"604\"><img loading=\"lazy\" decoding=\"async\" class=\" wp-image-92352 alignleft\" src=\"http:\/\/www.radiopiu.net\/wordpress\/wp-content\/uploads\/2019\/07\/196212_1003353103678_3893374_n-223x300.jpg\" alt=\"\" width=\"93\" height=\"125\" srcset=\"https:\/\/www.radiopiu.net\/wordpress\/wp-content\/uploads\/2019\/07\/196212_1003353103678_3893374_n-223x300.jpg 223w, https:\/\/www.radiopiu.net\/wordpress\/wp-content\/uploads\/2019\/07\/196212_1003353103678_3893374_n.jpg 448w\" sizes=\"auto, (max-width: 93px) 100vw, 93px\" \/><\/a>LA BELLA NOTIZIA!<br \/>\nCristian Schivo l&#8217;allenatore dell&#8217;Alleghe Hockey Femminile campione d&#8217;Italia \u00e8 stato scelto dalla Federazione per la Nazionale Femminile di Hockey su ghiaccio, sar\u00e0 l&#8217;assistente coach con Max Fedrizzi. A Cristian, al quale viene riconosciuta competenza e professionalit\u00e0 i complimenti della redazione<\/h3>\n<p><strong>CRISTIAN SCHIVO<\/strong><\/p>\n<audio class=\"wp-audio-shortcode\" id=\"audio-92268-1\" preload=\"none\" style=\"width: 100%;\" controls=\"controls\"><source type=\"audio\/mpeg\" src=\"http:\/\/www.radiopiu.net\/wordpress\/wp-content\/uploads\/2019\/07\/SCHIVO.mp3?_=1\" \/><a href=\"http:\/\/www.radiopiu.net\/wordpress\/wp-content\/uploads\/2019\/07\/SCHIVO.mp3\">http:\/\/www.radiopiu.net\/wordpress\/wp-content\/uploads\/2019\/07\/SCHIVO.mp3<\/a><\/audio>\n<p>&nbsp;<\/p>\n<p>&nbsp;<\/p>\n<p>&nbsp;<\/p>\n<h2>UN LITRO DI METADONE PRONTO PER LO SPACCIO, OPERAZIONE DELLA POLIZIA<\/h2>\n<p><a class=\"dt-pswp-item\" href=\"http:\/\/www.radiopiu.net\/wordpress\/wp-content\/uploads\/2019\/07\/WhatsApp-Image-2019-07-19-at-09.57.40.jpeg\" data-dt-img-description=\"\" data-large_image_width=\"799\" data-large_image_height=\"1599\"><img loading=\"lazy\" decoding=\"async\" class=\"alignnone wp-image-92262\" src=\"http:\/\/www.radiopiu.net\/wordpress\/wp-content\/uploads\/2019\/07\/WhatsApp-Image-2019-07-19-at-09.57.40-150x300.jpeg\" alt=\"\" width=\"101\" height=\"202\" srcset=\"https:\/\/www.radiopiu.net\/wordpress\/wp-content\/uploads\/2019\/07\/WhatsApp-Image-2019-07-19-at-09.57.40-150x300.jpeg 150w, https:\/\/www.radiopiu.net\/wordpress\/wp-content\/uploads\/2019\/07\/WhatsApp-Image-2019-07-19-at-09.57.40-768x1537.jpeg 768w, https:\/\/www.radiopiu.net\/wordpress\/wp-content\/uploads\/2019\/07\/WhatsApp-Image-2019-07-19-at-09.57.40-512x1024.jpeg 512w, https:\/\/www.radiopiu.net\/wordpress\/wp-content\/uploads\/2019\/07\/WhatsApp-Image-2019-07-19-at-09.57.40.jpeg 799w\" sizes=\"auto, (max-width: 101px) 100vw, 101px\" \/><\/a><strong>AUDIO DAL GIORNALE RADIO DI IERI\u00a0 EDIZIONE DELLE 14.30 PRIMO POMERIGGIO<\/strong><\/p>\n<audio class=\"wp-audio-shortcode\" id=\"audio-92268-2\" preload=\"none\" style=\"width: 100%;\" controls=\"controls\"><source type=\"audio\/mpeg\" src=\"http:\/\/www.radiopiu.net\/wordpress\/wp-content\/uploads\/2019\/07\/metadone.mp3?_=2\" \/><a href=\"http:\/\/www.radiopiu.net\/wordpress\/wp-content\/uploads\/2019\/07\/metadone.mp3\">http:\/\/www.radiopiu.net\/wordpress\/wp-content\/uploads\/2019\/07\/metadone.mp3<\/a><\/audio>\n<p>&nbsp;<\/p>\n<p>&nbsp;<\/p>\n<p>&nbsp;<\/p>\n<h3>UNA FIAMMATA E L&#8217;AUTO NON C&#8217;E&#8217; PIU&#8217;<\/h3>\n<p><strong><a class=\"dt-pswp-item\" href=\"http:\/\/www.radiopiu.net\/wordpress\/wp-content\/uploads\/2019\/07\/foto-giornali.jpg\" data-dt-img-description=\"\" data-large_image_width=\"808\" data-large_image_height=\"640\"><img loading=\"lazy\" decoding=\"async\" class=\" wp-image-92294 alignleft\" src=\"http:\/\/www.radiopiu.net\/wordpress\/wp-content\/uploads\/2019\/07\/foto-giornali-300x238.jpg\" alt=\"\" width=\"187\" height=\"147\" srcset=\"https:\/\/www.radiopiu.net\/wordpress\/wp-content\/uploads\/2019\/07\/foto-giornali-300x238.jpg 300w, https:\/\/www.radiopiu.net\/wordpress\/wp-content\/uploads\/2019\/07\/foto-giornali-768x608.jpg 768w, https:\/\/www.radiopiu.net\/wordpress\/wp-content\/uploads\/2019\/07\/foto-giornali.jpg 808w\" sizes=\"auto, (max-width: 187px) 100vw, 187px\" \/><\/a>BORGOVALBELLUNA<\/strong> Personale del Comando del Distaccamento Vigili del Fuoco di Feltre \u00e8 intervenuto alle 13 in Via Pianazzo nel comune di Mel per l&#8217;incendio di una autovettura. Il conducente della stessa accortosi del fumo che usciva dal cofano si \u00e8 fermato per chiamare i soccorsi senza riportare ferite. Giunti sul posto i pompieri hanno potuto solo spegnere l&#8217;incendio e mettere in sicurezza la strada.<\/p>\n<p>&nbsp;<\/p>\n<p>&nbsp;<\/p>\n<h3><\/h3>\n<h3><\/h3>\n<p>&nbsp;<\/p>\n<p>&nbsp;<\/p>\n<blockquote><p>&nbsp;<\/p><\/blockquote>\n<h3>Associazione Bellunesi nel Mondo piange la scomparsa di Vincenzo Barcelloni Corte presidente onorario e fondatore dell\u2019Abm<\/h3>\n<p>audio CLAUDIA CATTADORI<\/p>\n<blockquote><audio class=\"wp-audio-shortcode\" id=\"audio-92268-3\" preload=\"none\" style=\"width: 100%;\" controls=\"controls\"><source type=\"audio\/mpeg\" src=\"http:\/\/www.radiopiu.net\/wordpress\/wp-content\/uploads\/2019\/07\/CLAUIDA.mp3?_=3\" \/><a href=\"http:\/\/www.radiopiu.net\/wordpress\/wp-content\/uploads\/2019\/07\/CLAUIDA.mp3\">http:\/\/www.radiopiu.net\/wordpress\/wp-content\/uploads\/2019\/07\/CLAUIDA.mp3<\/a><\/audio>\n<p>&nbsp;<\/p>\n<p><em><strong>BELLUNO\u00a0<\/strong> La grande famiglia dell\u2019Abm piange la scomparsa di Vincenzo Barcelloni Corte, fondatore nel 1966 dell\u2019Associazione Emigranti Bellunesi e suo primo presidente sino al 1981, oggi presidente onorario. Egli \u00e8 scomparso ieri nella sua abitazione di Tenerife, assistito dal figlio Adriano, in seguito ad una caduta accidentale.<\/em><\/p><\/blockquote>\n<p><a class=\"dt-pswp-item\" href=\"http:\/\/www.radiopiu.net\/wordpress\/wp-content\/uploads\/2019\/07\/vicnenzo_barcelloni_corte.jpg\" data-dt-img-description=\"\" data-large_image_width=\"435\" data-large_image_height=\"640\"><img loading=\"lazy\" decoding=\"async\" class=\" wp-image-92283 alignleft\" src=\"http:\/\/www.radiopiu.net\/wordpress\/wp-content\/uploads\/2019\/07\/vicnenzo_barcelloni_corte-204x300.jpg\" alt=\"\" width=\"135\" height=\"199\" srcset=\"https:\/\/www.radiopiu.net\/wordpress\/wp-content\/uploads\/2019\/07\/vicnenzo_barcelloni_corte-204x300.jpg 204w, https:\/\/www.radiopiu.net\/wordpress\/wp-content\/uploads\/2019\/07\/vicnenzo_barcelloni_corte.jpg 435w\" sizes=\"auto, (max-width: 135px) 100vw, 135px\" \/><\/a>Nato il 7 luglio 1928, \u00e8 stato un professionista apprezzato e molte sue opere, tra le altre le chiesette sulla diga del Vajont, a Passo Duran, ecc. &#8211; portano la sua firma di ingegnere, proseguendo cos\u00ec sulle orme del padre Adriano, gi\u00e0 sindaco della citt\u00e0 di Belluno negli anni 50. Barcelloni partecip\u00f2 sempre attivamente alla vita amministrativa e sociale della provincia di Belluno. Fu infatti assessore nella Giunta Orsini a Palazzo Piloni (1967-1970), dinamico presidente dell\u2019Ente provinciale del turismo negli anni 70, presidente del Rotary Club Belluno e nel 2000 governatore triveneto dello stesso sodalizio, nonch\u00e9 tra i fondatori e direttore responsabile di Radioteledolomiti. Fu anche assai attivo nel campo del volontariato sociale &#8211; S. Vincenzo, Assistenza Ospedaliera e della Diocesi &#8211; e promotore di varie iniziative di solidariet\u00e0 a favore delle persone povere e in difficolt\u00e0. Ma fu soprattutto nel campo dell\u2019emigrazione che egli profuse inesauribili energie con l\u2019intento e la volont\u00e0 di dare voce a chi voce allora non aveva, ovvero i Bellunesi sparsi nel mondo. Questi ultimi lo ricambiarono sempre con grande stima e riconoscenza, tanto \u00e8 vero che, ad esempio, la biblioteca veneta di Huatusco in Messico anni fa fu a lui intitolata. Per molti anni fu direttore responsabile del mensile dell\u2019Abm, dal 1981 al 1985 presidente della Consulta Veneta dell\u2019emigrazione, promotore con il Rotary dell\u2019iniziativa \u201cRitorno alle origini\u201d per giovani originari del Triveneto e propugnatore di quello che poi fu &#8211; in collaborazione tra Rotary, Provincia e Abm &#8211; l\u2019annuale Premio per i Bellunesi che hanno onorato il nostro territorio in Italia e nel mondo. Un particolare e commosso ricordo di colui che pu\u00f2 essere definito il \u201cpadre nobile\u201d dell\u2019Abm sar\u00e0 inevitabilmente al centro sia della 55ma assemblea generale di sabato 20 in sede a Belluno per l\u2019approvazione del nuovo statuto, sia del raduno-festa dei Bellunesi nel mondo che si terr\u00e0 domenica 21 luglio a Canale d\u2019Agordo.<\/p>\n<h3><strong>Il pensiero del presidente Abm Oscar De Bona<\/strong><\/h3>\n<p><a class=\"dt-pswp-item\" href=\"http:\/\/www.radiopiu.net\/wordpress\/wp-content\/uploads\/2019\/07\/download-18-e1563549135183.jpg\" data-dt-img-description=\"\" data-large_image_width=\"186\" data-large_image_height=\"271\"><img loading=\"lazy\" decoding=\"async\" class=\" wp-image-92282 alignleft\" src=\"http:\/\/www.radiopiu.net\/wordpress\/wp-content\/uploads\/2019\/07\/download-18-e1563549135183.jpg\" alt=\"\" width=\"83\" height=\"121\" \/><\/a>L\u2019improvvisa scomparsa di Vincenzo Bercelloni Corte ha colpito profondamente l\u2019Abm. <em>\u00abSe ne va il padre fondatore dell&#8217;Associazione Bellunesi nel Mondo\u00bb sono le parole del presidente Oscar De Bona, \u00abun&#8217;associazione che non ha mai abbandonato in questi cinquantatre anni di attivit\u00e0, prima come presidente, poi come direttore della rivista &#8220;Bellunesi nel mondo&#8221;\u00bb. \u00abNon sono mai mancati i suoi contributi\u00bb, continua De Bona, \u00abi suoi pensieri attraverso mail o telefonate via skype. Come non ricordare i suoi numerosi editoriali riferiti alla tutela della Provincia di Belluno, alla montagna e al suo rilancio. Vincenzo era una persona colta, intelligente, discreta e sempre disponibile. Ho avuto modo di conoscerlo quando ero presidente della Provincia di Belluno e quando ho avuto l&#8217;onore di essere eletto presidente dell&#8217;Abm avere avuto il suo supporto e la sua stima per me \u00e8 stato motivo di spinta, per ricoprire al meglio questo ruolo\u00bb. \u00abVincenzo era un signore\u00bb, conclude De Bona, \u00abUn faro non solo per l&#8217;ABM, ma per tutta la provincia di Belluno e per la comunit\u00e0 bellunese\u00bb.<\/em><\/p>\n<p>&nbsp;<\/p>\n<p>&nbsp;<\/p>\n<p>&nbsp;<\/p>\n<blockquote><p>&nbsp;<\/p><\/blockquote>\n<h3><a class=\"dt-pswp-item\" href=\"http:\/\/www.radiopiu.net\/wordpress\/wp-content\/uploads\/2019\/07\/consiglio-rocca-6.jpeg\" data-dt-img-description=\"\" data-large_image_width=\"1600\" data-large_image_height=\"901\"><img loading=\"lazy\" decoding=\"async\" class=\" wp-image-92223 alignleft\" src=\"http:\/\/www.radiopiu.net\/wordpress\/wp-content\/uploads\/2019\/07\/consiglio-rocca-6-300x169.jpeg\" alt=\"\" width=\"201\" height=\"113\" srcset=\"https:\/\/www.radiopiu.net\/wordpress\/wp-content\/uploads\/2019\/07\/consiglio-rocca-6-300x169.jpeg 300w, https:\/\/www.radiopiu.net\/wordpress\/wp-content\/uploads\/2019\/07\/consiglio-rocca-6-768x432.jpeg 768w, https:\/\/www.radiopiu.net\/wordpress\/wp-content\/uploads\/2019\/07\/consiglio-rocca-6-1024x577.jpeg 1024w, https:\/\/www.radiopiu.net\/wordpress\/wp-content\/uploads\/2019\/07\/consiglio-rocca-6.jpeg 1600w\" sizes=\"auto, (max-width: 201px) 100vw, 201px\" \/><\/a>TANTI SOLDI PER LAVORI IN PAESE, MA ANCHE TANTI SOLDI PER GLI AVVOCATI<\/h3>\n<p><strong>ROCCA PIETORE\u00a0<\/strong> Per gli avvocati serve l&#8217;avanzo di amministrazione, per l&#8217;amministrazione comunale di Rocca Pietore, il debito da saldare gi\u00e0 supera i 100 mila euro sperando nella conciliazione. Dopo le elezioni \u00e8 arrivato il tempo di investire i soldi arrivati con le donazione: 1 milione 600 mila euro, sar\u00e0 acquistata anche una tensostruttura.<\/p>\n<p><strong>DI GIANNI SANTOMASO<\/strong><\/p>\n<audio class=\"wp-audio-shortcode\" id=\"audio-92268-4\" preload=\"none\" style=\"width: 100%;\" controls=\"controls\"><source type=\"audio\/mpeg\" src=\"http:\/\/www.radiopiu.net\/wordpress\/wp-content\/uploads\/2019\/07\/gianni-avvoati.mp3?_=4\" \/><a href=\"http:\/\/www.radiopiu.net\/wordpress\/wp-content\/uploads\/2019\/07\/gianni-avvoati.mp3\">http:\/\/www.radiopiu.net\/wordpress\/wp-content\/uploads\/2019\/07\/gianni-avvoati.mp3<\/a><\/audio>\n<p>&nbsp;<\/p>\n<p>&nbsp;<\/p>\n<p>&nbsp;<\/p>\n<h3><a class=\"dt-pswp-item\" href=\"http:\/\/www.radiopiu.net\/wordpress\/wp-content\/uploads\/2019\/07\/consiglio-rocca-5.jpeg\" data-dt-img-description=\"\" data-large_image_width=\"1600\" data-large_image_height=\"901\"><img loading=\"lazy\" decoding=\"async\" class=\" wp-image-92222 alignleft\" src=\"http:\/\/www.radiopiu.net\/wordpress\/wp-content\/uploads\/2019\/07\/consiglio-rocca-5-300x169.jpeg\" alt=\"\" width=\"144\" height=\"81\" srcset=\"https:\/\/www.radiopiu.net\/wordpress\/wp-content\/uploads\/2019\/07\/consiglio-rocca-5-300x169.jpeg 300w, https:\/\/www.radiopiu.net\/wordpress\/wp-content\/uploads\/2019\/07\/consiglio-rocca-5-768x432.jpeg 768w, https:\/\/www.radiopiu.net\/wordpress\/wp-content\/uploads\/2019\/07\/consiglio-rocca-5-1024x577.jpeg 1024w, https:\/\/www.radiopiu.net\/wordpress\/wp-content\/uploads\/2019\/07\/consiglio-rocca-5.jpeg 1600w\" sizes=\"auto, (max-width: 144px) 100vw, 144px\" \/><\/a>SUL LICENZIAMENTO DEGLI OPERAI FIOCCO DALLA CGIL RISPONDE AI PESANTI ATTACCHI DEL SINDACO ANDREA DE BERNARDIN<\/h3>\n<p><strong>ROCCA PIETORE\u00a0<\/strong>Inevitabile la replica di Fiocco alle dichiarazioni del sindaco durante il consiglio comunale &#8220;Gli operai non sono sfaticati, e non si pu\u00f2 pretendere il lavoro gratis da chi lavora&#8221;, dice Fiocco ed \u00e8 solo l&#8217;inizio.<\/p>\n<p><strong>DI GIANNI SANTOMASO<\/strong><\/p>\n<audio class=\"wp-audio-shortcode\" id=\"audio-92268-5\" preload=\"none\" style=\"width: 100%;\" controls=\"controls\"><source type=\"audio\/mpeg\" src=\"http:\/\/www.radiopiu.net\/wordpress\/wp-content\/uploads\/2019\/07\/GIANNI-OPERAI-OK.mp3?_=5\" \/><a href=\"http:\/\/www.radiopiu.net\/wordpress\/wp-content\/uploads\/2019\/07\/GIANNI-OPERAI-OK.mp3\">http:\/\/www.radiopiu.net\/wordpress\/wp-content\/uploads\/2019\/07\/GIANNI-OPERAI-OK.mp3<\/a><\/audio>\n<p>&nbsp;<\/p>\n<h2><a class=\"dt-pswp-item\" href=\"http:\/\/www.radiopiu.net\/wordpress\/wp-content\/uploads\/2018\/02\/ANDREA-FIOCCO.jpg\" data-dt-img-description=\"\" data-large_image_width=\"960\" data-large_image_height=\"960\"><img loading=\"lazy\" decoding=\"async\" class=\"wp-image-43617 alignleft\" src=\"http:\/\/www.radiopiu.net\/wordpress\/wp-content\/uploads\/2018\/02\/ANDREA-FIOCCO-300x300.jpg\" alt=\"\" width=\"178\" height=\"178\" srcset=\"https:\/\/www.radiopiu.net\/wordpress\/wp-content\/uploads\/2018\/02\/ANDREA-FIOCCO-300x300.jpg 300w, https:\/\/www.radiopiu.net\/wordpress\/wp-content\/uploads\/2018\/02\/ANDREA-FIOCCO-150x150.jpg 150w, https:\/\/www.radiopiu.net\/wordpress\/wp-content\/uploads\/2018\/02\/ANDREA-FIOCCO-768x768.jpg 768w, https:\/\/www.radiopiu.net\/wordpress\/wp-content\/uploads\/2018\/02\/ANDREA-FIOCCO.jpg 960w\" sizes=\"auto, (max-width: 178px) 100vw, 178px\" \/><\/a><\/h2>\n<h2><\/h2>\n<h2>IL MESSAGGIO DI ANDREA FIOCCO, FP CGIL IN RISPOSTA ALLE DICHIARAZIONI DEL CONSIGLIO COMUNALE<\/h2>\n<audio class=\"wp-audio-shortcode\" id=\"audio-92268-6\" preload=\"none\" style=\"width: 100%;\" controls=\"controls\"><source type=\"audio\/mpeg\" src=\"http:\/\/www.radiopiu.net\/wordpress\/wp-content\/uploads\/2019\/07\/FIOCCO.mp3?_=6\" \/><a href=\"http:\/\/www.radiopiu.net\/wordpress\/wp-content\/uploads\/2019\/07\/FIOCCO.mp3\">http:\/\/www.radiopiu.net\/wordpress\/wp-content\/uploads\/2019\/07\/FIOCCO.mp3<\/a><\/audio>\n<p>&nbsp;<\/p>\n<h2>LA DIRETTA DI RADIO PIU&#8217; DEL CONSIGLIO COMUNALE<\/h2>\n<p>https:\/\/www.facebook.com\/mirko.mezzacasa\/videos\/10220261526115159\/<\/p>\n<p>&nbsp;<\/p>\n<p>&nbsp;<\/p>\n<p>&nbsp;<\/p>\n<h3>UNA STRADA IN DIRITTURA D&#8217;ARRIVO SEI ANNI DOPO LA CONFERMA DEL FINANZIAMENTO DA 500 MILA EURO<\/h3>\n<p><strong>TAIBON <\/strong>Lagunal ecco la nuova strada tutta comunale. Costo 500 mila euro: annualit\u00e0 fondi di Confine del 2013. Inizio lavori aprile 2018. Consegna prevista in 150 giorni cio\u00e8 5 mesi&#8230; Un anno dopo tale previsione ci sar\u00e0 il taglio del nastro. Collegher\u00e0 il bivio di Strapont con Peden. Ad oggi mancano i pali della luce e giacche&#8217; anche di strada di emergenza si tratta ci siamo chiesti ma sono previsti?<strong> IL SINDACO DI TAIBON SILVIA TORMEN ASSICURA<\/strong><em> &#8220;I pali della pubblica illuminazione ci sono e al collaudo saranno in piedi &#8220;. <\/em>Speriamo non serva un altro anno per posizionare pali e tirare i cavi &#8230;<\/p>\n<div id=\"fb-root\"><\/div>\n<p><script async=\"1\" defer=\"1\" crossorigin=\"anonymous\" src=\"https:\/\/connect.facebook.net\/it_IT\/sdk.js#xfbml=1&amp;version=v6.0\"><\/script><\/p>\n<div class=\"fb-video\" data-href=\"https:\/\/www.facebook.com\/mirko.mezzacasa\/videos\/10220268887099179\/\" data-width=\"1200\">\n<blockquote cite=\"https:\/\/www.facebook.com\/mirko.mezzacasa\/videos\/10220268887099179\/\" class=\"fb-xfbml-parse-ignore\"><p><a href=\"https:\/\/www.facebook.com\/mirko.mezzacasa\/videos\/10220268887099179\/\"><\/a><\/p>\n<p>TAIBONLagunal ecco la nuova strada tutta comunale. Costo 500 mila euro: annualit\u00e0 fondi di Confine del 2013. Inizio lavori aprile 2018. Consegna prevista in 150 giorni cio\u00e8 5 mesi&#8230; Un anno dopo tale previsione ci sar\u00e0 il taglio del nastro alla luce del sole perch\u00e9 come scrivevamo nel precedente post di illuminazione manco l&#039;ombra&#8230; Collegher\u00e0 il bivio di Strapont con Peden. Ad oggi mancano i pali della luce e giacche&#039; anche di strada di emergenza si tratta ci siamo chiesti ma sono previsti?IL SINDACO DI TAIBON SILVIA TORMEN ASSICURA &quot;I pali della pubblica illuminazione ci sono e al collaudo saranno in piedi &quot;Speriamo non serva un&#039;altro anno per posizionare pali e tirare i cavi &#8230; https:\/\/www.facebook.com\/mirko.mezzacasa\/videos\/10220268887099179\/<\/p>\n<p>Pubblicato da <a href=\"https:\/\/www.facebook.com\/mirko.mezzacasa\">Mirko Mezzacasa<\/a> su Venerd\u00ec 19 luglio 2019<\/p><\/blockquote>\n<\/div>\n<p>&nbsp;<\/p>\n<p>&nbsp;<\/p>\n<p>&nbsp;<\/p>\n<p>&nbsp;<\/p>\n<h3>POSTE ITALIANE: ABBATTUTE LE BARRIERE ARCHITETTONICHE NELL\u2019UFFICIO POSTALE DI TAIBON<\/h3>\n<p><strong><a class=\"dt-pswp-item\" href=\"http:\/\/www.radiopiu.net\/wordpress\/wp-content\/uploads\/2019\/07\/taibon.jpg\" data-dt-img-description=\"\" data-large_image_width=\"1008\" data-large_image_height=\"756\"><img loading=\"lazy\" decoding=\"async\" class=\" wp-image-92289 alignleft\" src=\"http:\/\/www.radiopiu.net\/wordpress\/wp-content\/uploads\/2019\/07\/taibon-300x225.jpg\" alt=\"\" width=\"219\" height=\"164\" srcset=\"https:\/\/www.radiopiu.net\/wordpress\/wp-content\/uploads\/2019\/07\/taibon-300x225.jpg 300w, https:\/\/www.radiopiu.net\/wordpress\/wp-content\/uploads\/2019\/07\/taibon-768x576.jpg 768w, https:\/\/www.radiopiu.net\/wordpress\/wp-content\/uploads\/2019\/07\/taibon.jpg 1008w\" sizes=\"auto, (max-width: 219px) 100vw, 219px\" \/><\/a>TAIBON<\/strong>\u00a0 Poste Italiane ha completato l\u2019abbattimento delle barriere architettoniche nell\u2019 ufficio postale di via Chiesa a Taibon, nell\u2019ambito di un pi\u00f9 ampio piano di interventi straordinari per l\u2019adeguamento della rete nella provincia di Belluno. Le installazioni sono parte del programma dei \u201cdieci impegni\u201d per i Comuni italiani con meno di 5.000 abitanti promosso dall\u2019Amministratore Delegato, Matteo Del Fante, in occasione dell\u2019incontro con i \u201cSindaci d\u2019Italia\u201d dello scorso 26 novembre a Roma, ed \u00e8 coerente con la presenza capillare di Poste Italiane sul territorio e con l\u2019attenzione che da sempre l\u2019Azienda riserva alle comunit\u00e0 locali e alle aree meno densamente popolate. L\u2019effettiva realizzazione di tali impegni \u00e8 consultabile sul nuovo portale web all\u2019indirizzo <a href=\"http:\/\/www.posteitaliane.it\/piccoli-comuni\">www.posteitaliane.it\/piccoli-comuni<\/a>. In tutta Italia il piano di abbattimento delle barriere architettoniche coinvolger\u00e0 gli uffici Postali di circa 1300 Comuni.L&#8217;iniziativa \u00e8 coerente con i principi ESG sull&#8217;ambiente, il sociale e il governo di impresa, rispettati dalle aziende socialmente responsabili, che contribuiscono allo sviluppo sostenibile del Paese.<\/p>\n<p>&nbsp;<\/p>\n<p>&nbsp;<\/p>\n<p>&nbsp;<\/p>\n<p>&nbsp;<\/p>\n<p>&nbsp;<\/p>\n<h2>PIANO DI MOBILITA&#8217;, VIVAIO DOLOMITI OSSERVA E SPRONA<\/h2>\n<p><strong><a class=\"dt-pswp-item\" href=\"http:\/\/www.radiopiu.net\/wordpress\/wp-content\/uploads\/2018\/07\/VIVAIO-DOLOMITI.jpg\" data-dt-img-description=\"\" data-large_image_width=\"247\" data-large_image_height=\"204\"><img loading=\"lazy\" decoding=\"async\" class=\" wp-image-53894 alignleft\" src=\"http:\/\/www.radiopiu.net\/wordpress\/wp-content\/uploads\/2018\/07\/VIVAIO-DOLOMITI.jpg\" alt=\"\" width=\"207\" height=\"171\" \/><\/a>BELLUNO<\/strong> Ieri la vice presidente di Vivaio Dolomiti Simonetta Buttignon ha partecipato alla presentazione pubblica del piano mobilit\u00e0 regionale a Villa Patt di Sedico.<em> &#8220;Come associazione &#8211; si legge nel comunicato diffuso da VD &#8211;\u00a0 abbiamo ribadito la necessit\u00e0 di un valico stradale a nord con il naturale proseguimento della A27. Invieremo le nostre osservazioni al piano e invitiamo a farlo anche la Provincia, che condivide questo percorso, e il tavolo delle infrastrutture che rappresenta tutte le parti sociali ed economiche. Riteniamo fondamentale il ruolo delle macroregioni alpine per dialogare e condividere i bisogni del Bellunese con il resto d&#8217;Europa&#8221;. <\/em>Al tavolo si \u00e8 ribadita ancora una volta l&#8217;assoluta impossibilit\u00e0 di uno sbocco ferroviario verso nord, come detto chiaramente dall&#8217;assessore regionale De Berti. <em>&#8220;Si pu\u00f2 ragionare solo su un trenino turistico sicuramente suggestivo, ma che non risolve i problemi di questa provincia. Lo farebbe, invece, un valico stradale inserito in un corridoio tecnologico nel quale collocare tutti i servizi necessari per sviluppare questa provincia e renderla competitiva a livello non solo nazionale, ma europeo&#8221;. <\/em><\/p>\n<p>&nbsp;<\/p>\n<p>&nbsp;<\/p>\n<p>&nbsp;<\/p>\n<p>&nbsp;<\/p>\n<p><strong>AUTONOMIA<\/strong><\/p>\n<h3>DICHIARAZIONI PRESIDENTE REGIONE VENETO LUCA ZAIA<\/h3>\n<p><strong><a class=\"dt-pswp-item\" href=\"http:\/\/www.radiopiu.net\/wordpress\/wp-content\/uploads\/2019\/04\/Luca-Zaia-mp3-image-e1563558443703.jpg\" data-dt-img-description=\"\" data-large_image_width=\"320\" data-large_image_height=\"240\"><img loading=\"lazy\" decoding=\"async\" class=\" wp-image-82902 alignleft\" src=\"http:\/\/www.radiopiu.net\/wordpress\/wp-content\/uploads\/2019\/04\/Luca-Zaia-mp3-image-e1563558443703-300x225.jpg\" alt=\"\" width=\"137\" height=\"103\" srcset=\"https:\/\/www.radiopiu.net\/wordpress\/wp-content\/uploads\/2019\/04\/Luca-Zaia-mp3-image-e1563558443703-300x225.jpg 300w, https:\/\/www.radiopiu.net\/wordpress\/wp-content\/uploads\/2019\/04\/Luca-Zaia-mp3-image-e1563558443703.jpg 320w\" sizes=\"auto, (max-width: 137px) 100vw, 137px\" \/><\/a>VENEZIA\u00a0<\/strong> Il Presidente della Regione Veneto, Luca Zaia, ha commentato oggi pomeriggio gli esiti del vertice sull\u2019autonomia, tenutosi a Roma.<\/p>\n<p><em>&#8220;Ci sentiamo presi in giro, non sappiamo ancora cosa intenda fare il Presidente del Consiglio dei Ministri. Questa \u00e8 la politica del gambero, la misura \u00e8 colma. Che si rimbocchino le maniche e ci diano le risposte in tempi brevi&#8221;.<\/em><\/p>\n<audio class=\"wp-audio-shortcode\" id=\"audio-92268-7\" preload=\"none\" style=\"width: 100%;\" controls=\"controls\"><source type=\"audio\/mpeg\" src=\"http:\/\/www.radiopiu.net\/wordpress\/wp-content\/uploads\/2019\/07\/zaia.mp3?_=7\" \/><a href=\"http:\/\/www.radiopiu.net\/wordpress\/wp-content\/uploads\/2019\/07\/zaia.mp3\">http:\/\/www.radiopiu.net\/wordpress\/wp-content\/uploads\/2019\/07\/zaia.mp3<\/a><\/audio>\n<p>&nbsp;<\/p>\n<p>&nbsp;<\/p>\n<p>&nbsp;<\/p>\n<p>&nbsp;<\/p>\n<h3><strong><a class=\"dt-pswp-item\" href=\"http:\/\/www.radiopiu.net\/wordpress\/wp-content\/uploads\/2018\/12\/CISL.png\" data-dt-img-description=\"\" data-large_image_width=\"292\" data-large_image_height=\"116\"><img loading=\"lazy\" decoding=\"async\" class=\" wp-image-70350 alignleft\" src=\"http:\/\/www.radiopiu.net\/wordpress\/wp-content\/uploads\/2018\/12\/CISL.png\" alt=\"\" width=\"206\" height=\"81\" \/><\/a><\/strong>CISL BELLUNO_TREVISO, ECCO IL BILANCIO DI MISSIONE<\/h3>\n<p><strong>DI DAMIANO TORMEN<\/strong><\/p>\n<p>&nbsp;<\/p>\n<audio class=\"wp-audio-shortcode\" id=\"audio-92268-8\" preload=\"none\" style=\"width: 100%;\" controls=\"controls\"><source type=\"audio\/mpeg\" src=\"http:\/\/www.radiopiu.net\/wordpress\/wp-content\/uploads\/2019\/07\/DAMIANO.mp3?_=8\" \/><a href=\"http:\/\/www.radiopiu.net\/wordpress\/wp-content\/uploads\/2019\/07\/DAMIANO.mp3\">http:\/\/www.radiopiu.net\/wordpress\/wp-content\/uploads\/2019\/07\/DAMIANO.mp3<\/a><\/audio>\n<p>&nbsp;<\/p>\n<p><strong><a class=\"dt-pswp-item\" href=\"http:\/\/www.radiopiu.net\/wordpress\/wp-content\/uploads\/2018\/09\/cinzia-bonan-cisl-treviso1_large.jpg\" data-dt-img-description=\"\" data-large_image_width=\"300\" data-large_image_height=\"239\"><img loading=\"lazy\" decoding=\"async\" class=\" wp-image-59770 alignleft\" src=\"http:\/\/www.radiopiu.net\/wordpress\/wp-content\/uploads\/2018\/09\/cinzia-bonan-cisl-treviso1_large-300x239.jpg\" alt=\"\" width=\"186\" height=\"148\" \/><\/a>BELLUNO<\/strong> Si \u00e8 riunito ieri a Belluno il Consiglio generale della Cisl Belluno Treviso. A poco pi\u00f9 di due anni dal Congresso del marzo 2017, nel quale \u00e8 stata eletta Segretario generale Cinzia Bonan, il sindacato pi\u00f9 rappresentativo dei due territori ha presentato il Bilancio di missione 2017\/2018, ossia una sintesi delle attivit\u00e0 svolte e dei progetti avviati nel corso del biennio appena trascorso.<\/p>\n<p><strong>INTERVENTI A MARGINE<\/strong><\/p>\n<p>&nbsp;<\/p>\n<p><strong>Cinzia Bonan, segretaria generale Cisl Belluno Treviso<\/strong><\/p>\n<audio class=\"wp-audio-shortcode\" id=\"audio-92268-9\" preload=\"none\" style=\"width: 100%;\" controls=\"controls\"><source type=\"audio\/mpeg\" src=\"http:\/\/www.radiopiu.net\/wordpress\/wp-content\/uploads\/2019\/07\/bonan.mp3?_=9\" \/><a href=\"http:\/\/www.radiopiu.net\/wordpress\/wp-content\/uploads\/2019\/07\/bonan.mp3\">http:\/\/www.radiopiu.net\/wordpress\/wp-content\/uploads\/2019\/07\/bonan.mp3<\/a><\/audio>\n<p>&nbsp;<\/p>\n<p><strong>Rudy Roffar\u00e9, segretario Cisl Belluno Treviso<\/strong><\/p>\n<audio class=\"wp-audio-shortcode\" id=\"audio-92268-10\" preload=\"none\" style=\"width: 100%;\" controls=\"controls\"><source type=\"audio\/mpeg\" src=\"http:\/\/www.radiopiu.net\/wordpress\/wp-content\/uploads\/2019\/07\/rudy-roffare.mp3?_=10\" \/><a href=\"http:\/\/www.radiopiu.net\/wordpress\/wp-content\/uploads\/2019\/07\/rudy-roffare.mp3\">http:\/\/www.radiopiu.net\/wordpress\/wp-content\/uploads\/2019\/07\/rudy-roffare.mp3<\/a><\/audio>\n<p>&nbsp;<\/p>\n<p><strong>Giorgio Graziani, Segretario organizzativo nazionale della Cisl<\/strong><\/p>\n<audio class=\"wp-audio-shortcode\" id=\"audio-92268-11\" preload=\"none\" style=\"width: 100%;\" controls=\"controls\"><source type=\"audio\/mpeg\" src=\"http:\/\/www.radiopiu.net\/wordpress\/wp-content\/uploads\/2019\/07\/graziani.mp3?_=11\" \/><a href=\"http:\/\/www.radiopiu.net\/wordpress\/wp-content\/uploads\/2019\/07\/graziani.mp3\">http:\/\/www.radiopiu.net\/wordpress\/wp-content\/uploads\/2019\/07\/graziani.mp3<\/a><\/audio>\n<p>&nbsp;<\/p>\n<blockquote><p><em>La Cisl Belluno Treviso ha chiuso il 2018 con 92.316 iscritti e nel biennio 2017-2018 ha eletto 783 Rsu nei luoghi di lavoro pubblici e privati, risultando la prima organizzazione sindacale nei territori di Treviso e Belluno. I servizi fiscali del Caf hanno chiuso il 2018 con 103.185 pratiche (78.791 a Treviso e 24.394 a Belluno). 52.709 le pratiche condotte a termine dal patronato Inas: 36.563 a Treviso e 16.146 a Belluno.<\/em><\/p><\/blockquote>\n<p>&nbsp;<\/p>\n<p>&nbsp;<\/p>\n<p>&nbsp;<\/p>\n<p>&nbsp;<\/p>\n<p align=\"JUSTIFY\"><span style=\"font-size: medium;\"><b>PARI OPPORTUNIT\u00c0: REPORT SUL LAVORO IN VENETO, LUNED\u00cc 22 LUGLIO PRESENTAZIONE ALL\u2019UNIVERSIT\u00c0 DI PADOVA (ORE 14.30), PI\u00d9 DONNE AL LAVORO E PI\u00d9 DONNE AI VERTICI<\/b><\/span><\/p>\n<p align=\"JUSTIFY\"><span style=\"font-size: medium;\"><strong>VENEZIA<\/strong>\u00a0 <\/span><span style=\"color: #222222;\"><span style=\"font-size: medium;\">Pi\u00f9 donne al lavoro e pi\u00f9 donne nelle posizioni apicali. Migliora in Veneto il tasso di occupazione femminile, che arriva a raggiungere il 57,1% nel 2017, e aumenta la presenza femminile nei ruoli apicali e nelle posizioni quadro, rispettivamente del 3,7% e del 10,6%. Ma permane il divario retributivo tra i due generi: un uomo con incarico dirigenziale guadagna in media il 50 % in pi\u00f9 di una donna con la stessa qualifica. Sono i primi dati che balzano all\u2019occhio sfogliando la pubblicazione \u201cL\u2019occupazione maschile e femminile in Veneto\u201d, rapporto sulla situazione del personale e le pari opportunit\u00e0 nelle 1047 aziende con oltre cento dipendenti presenti in Veneto, curato dalla consigliera regionale di parit\u00e0 ed edito dalla Regione Veneto. <\/span><\/span><span style=\"color: #222222;\"><span style=\"font-size: medium;\">Il rapporto verr\u00e0 presentato e discusso <\/span><\/span><span style=\"color: #222222;\"><span style=\"font-size: medium;\"><b>luned\u00ec 22 luglio a Padova, nell\u2019archivio Antico del Bo (ore 14.30)<\/b><\/span><\/span><span style=\"color: #222222;\"><span style=\"font-size: medium;\">, in occasione del pubblico confronto tra Universit\u00e0, Regione, Ispettorato interregionale del lavoro e rappresentanti del Ministero del lavoro. <\/span><\/span><span style=\"color: #222222;\"><span style=\"font-size: medium;\">Interverranno il rettore dell\u2019Universit\u00e0 di Padova <\/span><\/span><span style=\"color: #222222;\"><span style=\"font-size: medium;\"><b>Rosario Rizzuto<\/b><\/span><\/span><span style=\"color: #222222;\"><span style=\"font-size: medium;\">, l\u2019assessore al lavoro e alle pari opportunit\u00e0 del Veneto <\/span><\/span><span style=\"color: #222222;\"><span style=\"font-size: medium;\"><b>Elena Donazzan<\/b><\/span><\/span><span style=\"color: #222222;\"><span style=\"font-size: medium;\">, la consigliera nazionale di parit\u00e0 <\/span><\/span><span style=\"color: #222222;\"><span style=\"font-size: medium;\"><b>Francesca Bagni Cipriani<\/b><\/span><\/span><span style=\"color: #222222;\"><span style=\"font-size: medium;\">, la consigliera regionale di parit\u00e0 <\/span><\/span><span style=\"color: #222222;\"><span style=\"font-size: medium;\"><b>Sandra Miotto<\/b><\/span><\/span><span style=\"color: #222222;\"><span style=\"font-size: medium;\">, la responsabile dell\u2019Ufficio Statistica della Regione Veneto <\/span><\/span><span style=\"color: #222222;\"><span style=\"font-size: medium;\"><b>Maria Teresa Coronella<\/b><\/span><\/span><span style=\"color: #222222;\"><span style=\"font-size: medium;\">, il direttore dell\u2019ispettorato interregionale del lavoro <\/span><\/span><span style=\"color: #222222;\"><span style=\"font-size: medium;\"><b>Stefano Marconi<\/b><\/span><\/span><span style=\"color: #222222;\"><span style=\"font-size: medium;\">, il direttore dello Spisal dell\u2019Ulss 7 Pedemontana <\/span><\/span><span style=\"color: #222222;\"><span style=\"font-size: medium;\"><b>Liviano Vianello<\/b><\/span><\/span><span style=\"color: #222222;\"><span style=\"font-size: medium;\">, che coordina il centro regionale per l\u2018ergonomia occupazionale. Le conclusioni sono affidate a <\/span><\/span><span style=\"color: #222222;\"><span style=\"font-size: medium;\"><b>Daniela Lucangeli<\/b><\/span><\/span><span style=\"color: #222222;\"><span style=\"font-size: medium;\">, prorettrice dell\u2019Universit\u00e0 di Padova alla continuit\u00e0 formativa scuola-universit\u00e0 lavoro.<\/span><\/span><span style=\"color: #222222;\"><span style=\"font-size: medium;\">Il rapporto, che monitora con cadenza biennale assunzioni, licenziamenti, passaggi di livello o di categoria, formazione e retribuzione nelle grandi aziende, consente di definire un benchmark statistico per intervenire sule disparit\u00e0 di trattamento nel mondo del lavoro e per promuovere in maniera puntuale e concreta il principio delle pari opportunit\u00e0.<\/span><\/span><\/p>\n<p>&nbsp;<\/p>\n<p>&nbsp;<\/p>\n<p>&nbsp;<\/p>\n<h3>FONDO PROVINCIALE WELFARE, IL RESOCONTO<\/h3>\n<p><strong>BELLUNO<\/strong> Martedi alle 12.15 la presidente delegate al Fondo Welfare, Francesca De Biasi, incontrer\u00e0 i giornalisti per presentare il resoconto delle attivit\u00e0 svolte in favore delle famiglie colpite dalla tempesta Vaia: somme raccolte, contributi su segnalazione dei sindaci, contributi relativi al Bando Welfare per il maltempo, ulteriori iniziative. Saranno presenti con la presidente, il vescovo di Belluno Renato Marangoni e tutti i componenti del Tavolo Welfare e sar\u00e0 l&#8217;occasione per\u00a0 presentare il nuovo ingresso al tavolo del Welfare di Scuole InRete e l&#8217;illustrazione di un Flash Mob a cura di Circleland.<\/p>\n<p>&nbsp;<\/p>\n<p>&nbsp;<\/p>\n<p>&nbsp;<\/p>\n<h2>JESSE PARIS SMITH LA FIGLIA DI PATTI SMITH AL MUSEO PAPA LUCIANI<\/h2>\n<div><strong><a class=\"dt-pswp-item\" href=\"http:\/\/www.radiopiu.net\/wordpress\/wp-content\/uploads\/2019\/07\/PHOTO-2019-07-19-16-41-59.jpg\" data-dt-img-description=\"\" data-large_image_width=\"1600\" data-large_image_height=\"1200\"><img loading=\"lazy\" decoding=\"async\" class=\"size-medium wp-image-92328 alignleft\" src=\"http:\/\/www.radiopiu.net\/wordpress\/wp-content\/uploads\/2019\/07\/PHOTO-2019-07-19-16-41-59-300x225.jpg\" alt=\"\" width=\"300\" height=\"225\" srcset=\"https:\/\/www.radiopiu.net\/wordpress\/wp-content\/uploads\/2019\/07\/PHOTO-2019-07-19-16-41-59-300x225.jpg 300w, https:\/\/www.radiopiu.net\/wordpress\/wp-content\/uploads\/2019\/07\/PHOTO-2019-07-19-16-41-59-768x576.jpg 768w, https:\/\/www.radiopiu.net\/wordpress\/wp-content\/uploads\/2019\/07\/PHOTO-2019-07-19-16-41-59-1024x768.jpg 1024w, https:\/\/www.radiopiu.net\/wordpress\/wp-content\/uploads\/2019\/07\/PHOTO-2019-07-19-16-41-59.jpg 1600w\" sizes=\"auto, (max-width: 300px) 100vw, 300px\" \/><\/a>CANALE D&#8217;AGORDO<\/strong> La Fondazione Papa Luciani Onlus ha accolto ieri al Museo Albino Luciani di Canale d&#8217;Agordo, la musicista Jesse Paris Smith, figlia della famosa cantante Patti Smith.\u00a0 Jesse &#8211; valente pianista &#8211; \u00e8 ospite in questi giorni del sindaco di Auronzo di Cadore Tatiana Pais Becher e terr\u00e0 un concerto domenica sera con Rebecca Foon per &#8220;Pathway to Paris&#8221; in favore dell&#8217;energia rinnovabile.\u00a0Accompagnata dal sindaco di Auronzo, Jesse ha voluto raggiungere Canale d&#8217;Agordo per conoscere il luogo natale di papa Luciani.\u00a0La mamma Patti, infatti, \u00e8 molto affezionata alla figura di Albino Luciani, che ha definito &#8220;un uomo che ha portato molto amore nel mondo&#8221;, fin dal 1979, quando pubblic\u00f2 il suo album\u00a0<i>Wave<\/i>, con un brano dedicato a Papa Giovanni Paolo I. Un incontro con Patti Smith era gi\u00e0 avvenuto a Venezia nel 2010, quando l&#8217;allora presidente della Fondazione Papa Luciani Rinaldo De Rocco aveva regalato alla cantante un ricordo di papa Luciani, suscitando in lei una profonda commozione. Jesse \u00e8 stata ricevuta dal sindaco di Canale d&#8217;Agordo Flavio Colcergnan, dall&#8217;assessore alla cultura Marilisa Luchetta, dal consigliere Gustavo Randino, dai nipoti di Giovanni Paolo I, Gianni e Pia Luciani, da Mirella Scola, rappresentante dell&#8217;Associazione Pro Loco, e dal direttore della Fondazione Papa Luciani, Loris Serafini, che ha poi accompagnato Jesse a visitare l&#8217;allestimento museale, la chiesa parrocchiale, la casa natale e la Casa delle Regole. L&#8217;illustre visitatrice ha ricambiato la calda accoglienza facendo parlare i presenti al telefono con la mamma, che rispondeva da New York.<\/div>\n<div><\/div>\n<div><\/div>\n<div><\/div>\n<div><\/div>\n<div><\/div>\n<div><\/div>\n<blockquote>\n<div><\/div>\n<\/blockquote>\n<div><\/div>\n<p>&nbsp;<\/p>\n<p>&nbsp;<\/p>\n<blockquote><p>&nbsp;<\/p><\/blockquote>\n<h2>UNA PAESE PER MANIFESTARE AMMIRAZIONE A GIULIANO DE ROCCO<\/h2>\n<p><strong>di Loris Santomaso<\/strong><\/p>\n<p><strong><a class=\"dt-pswp-item\" href=\"http:\/\/www.radiopiu.net\/wordpress\/wp-content\/uploads\/2019\/07\/GDeRoccoA_0001.jpg\" data-dt-img-description=\"\" data-large_image_width=\"1476\" data-large_image_height=\"996\"><img loading=\"lazy\" decoding=\"async\" class=\" wp-image-92276 alignleft\" src=\"http:\/\/www.radiopiu.net\/wordpress\/wp-content\/uploads\/2019\/07\/GDeRoccoA_0001-300x202.jpg\" alt=\"\" width=\"264\" height=\"178\" srcset=\"https:\/\/www.radiopiu.net\/wordpress\/wp-content\/uploads\/2019\/07\/GDeRoccoA_0001-300x202.jpg 300w, https:\/\/www.radiopiu.net\/wordpress\/wp-content\/uploads\/2019\/07\/GDeRoccoA_0001-768x518.jpg 768w, https:\/\/www.radiopiu.net\/wordpress\/wp-content\/uploads\/2019\/07\/GDeRoccoA_0001-1024x691.jpg 1024w, https:\/\/www.radiopiu.net\/wordpress\/wp-content\/uploads\/2019\/07\/GDeRoccoA_0001.jpg 1476w\" sizes=\"auto, (max-width: 264px) 100vw, 264px\" \/><\/a>CANALE D&#8217;AGORDO<\/strong> Per smentire la famosa locuzione latina del \u00abNemo propheta in patria\u00bb e manifestare ammirazione e affetto a un figlio che onora con l\u2019arte il proprio paese, Comune, Pro Loco e Biblioteca di Canale d\u2019Agordo hanno pensato di rendere un omaggio particolare a Giuliano De Rocco, il pittore canalino di riconosciuta fama a livello nazionale e internazionale. L\u2019evento, in programma oggi, si svolger\u00e0 in due momenti distinti: alle 17, in sala Conferenze del Museo Papa Luciani ci sar\u00e0 l\u2019incontro con l\u2019artista mediante proiezioni e lettura di testimonianze di stima e apprezzamento rivolte a De Rocco dai pi\u00f9 prestigiosi nomi della critica e dell\u2019arte italiana. Quindi, alle 18.30, in sala del Consiglio, l\u2019apertura della mostra \u00abIl paesaggio del cuore. L\u2019arte e la poesia di Giuliano\u00bb, che rimarr\u00e0 aperta fino al 15 agosto con orario: da luned\u00ec a sabato 10-12, 17-19 e 20-22; domenica 10-12.30 e 16-20. Inoltre, per tutto il giorno di sabato 20, in piazza papa Luciani, una ex-tempore di scultura su legno per la quale gli artisti partecipanti sono stati invitati ad ispirarsi all\u2019arte e alla poesia di De Rocco. <em>Foto: Giuliano De Rocco all\u2019opera, in una bella immagine d\u2019archivio.<\/em><\/p>\n<p>&nbsp;<\/p>\n<p>&nbsp;<\/p>\n<p>&nbsp;<\/p>\n<blockquote><p>&nbsp;<\/p><\/blockquote>\n<h4><a class=\"dt-pswp-item\" href=\"http:\/\/www.radiopiu.net\/wordpress\/wp-content\/uploads\/2019\/07\/67401586_1065942496948216_3783514627522953216_n.jpg\" data-dt-img-description=\"\" data-large_image_width=\"960\" data-large_image_height=\"709\"><img loading=\"lazy\" decoding=\"async\" class=\" wp-image-92301 alignleft\" src=\"http:\/\/www.radiopiu.net\/wordpress\/wp-content\/uploads\/2019\/07\/67401586_1065942496948216_3783514627522953216_n-300x222.jpg\" alt=\"\" width=\"158\" height=\"117\" srcset=\"https:\/\/www.radiopiu.net\/wordpress\/wp-content\/uploads\/2019\/07\/67401586_1065942496948216_3783514627522953216_n-300x222.jpg 300w, https:\/\/www.radiopiu.net\/wordpress\/wp-content\/uploads\/2019\/07\/67401586_1065942496948216_3783514627522953216_n-768x567.jpg 768w, https:\/\/www.radiopiu.net\/wordpress\/wp-content\/uploads\/2019\/07\/67401586_1065942496948216_3783514627522953216_n.jpg 960w\" sizes=\"auto, (max-width: 158px) 100vw, 158px\" \/><\/a>LE MUSE E LE DOLOMITI, DOMENICA A CANALE D&#8217;AGORDO IL CONCERTO &#8220;PER IL PAPA&#8221; E VENERDI LA CASA DELLA GIOVENTU&#8217; DIVENTA TEATRO D&#8217;OPERA<\/h4>\n<p><strong>Oda Zoe Hochscheid<\/strong><\/p>\n<audio class=\"wp-audio-shortcode\" id=\"audio-92268-12\" preload=\"none\" style=\"width: 100%;\" controls=\"controls\"><source type=\"audio\/mpeg\" src=\"http:\/\/www.radiopiu.net\/wordpress\/wp-content\/uploads\/2019\/07\/ODA-OS.mp3?_=12\" \/><a href=\"http:\/\/www.radiopiu.net\/wordpress\/wp-content\/uploads\/2019\/07\/ODA-OS.mp3\">http:\/\/www.radiopiu.net\/wordpress\/wp-content\/uploads\/2019\/07\/ODA-OS.mp3<\/a><\/audio>\n<p>&nbsp;<\/p>\n<p>&nbsp;<\/p>\n<p>&nbsp;<\/p>\n<p>&nbsp;<\/p>\n<h3>DAVIDE CHIESA &#8211; FINO ALLA FINE DELL\u2019EVEREST<\/h3>\n<blockquote><p><em>Proiezione film documentario e incontro con l\u2019autore<\/em><\/p><\/blockquote>\n<p><strong><a class=\"dt-pswp-item\" href=\"http:\/\/www.radiopiu.net\/wordpress\/wp-content\/uploads\/2019\/07\/Davide-Chiesa-22-7-2.jpeg\" data-dt-img-description=\"\" data-large_image_width=\"596\" data-large_image_height=\"843\"><img loading=\"lazy\" decoding=\"async\" class=\"size-medium wp-image-92292 alignleft\" src=\"http:\/\/www.radiopiu.net\/wordpress\/wp-content\/uploads\/2019\/07\/Davide-Chiesa-22-7-2-212x300.jpeg\" alt=\"\" width=\"212\" height=\"300\" srcset=\"https:\/\/www.radiopiu.net\/wordpress\/wp-content\/uploads\/2019\/07\/Davide-Chiesa-22-7-2-212x300.jpeg 212w, https:\/\/www.radiopiu.net\/wordpress\/wp-content\/uploads\/2019\/07\/Davide-Chiesa-22-7-2.jpeg 596w\" sizes=\"auto, (max-width: 212px) 100vw, 212px\" \/><\/a>POZZA DI FASSA<\/strong> Luned\u00ec\u00a0 alle 21 a Pozza di Fassa\u00a0 in Sala Consiliare del Comune incontro \u00a0estivo dedicato alla montagna, a cura del Comitato Manifestazioni di Pozza di Fassa. <strong>\u201cFINO ALLA FINE DELL\u2019EVEREST\u201d<\/strong> (52 minuti \u2013 2018 \u2013 autoprodotto). \u00a0Filo conduttore del film sono il sogno, i ricordi vissuti da casa, il vissuto raccontato sul campo. E\u2019 un film-documentario in presa diretta, nel quale l\u2019autore \u00e8 protagonista, sceneggiatore, regista, video maker e montatore, senza nessun aiuto esterno o di staff. \u00a0Documentario sincero, emozionante, a tratti commovente. Una testimonianza senza filtri in cui i protagonisti si mettono a nudo per raccontare una spedizione che per molti alpinisti significa il coronamento di un sogno. Una storia che ha come soggetto una montagna cos\u00ec assoluta, la montagna per eccellenza: l\u2019Everest. Tornano alla mente momenti quasi dimenticati e immagini sbiadite. Immagini e racconti permeati da un leggero velo di malinconia perch\u00e9 legati al tempo trascorso sulla montagna, alle persone del tuo cuore, a qualcosa che \u00e8 alle tue spalle, a una parentesi di vita intensa.<\/p>\n<blockquote><p>Davide Chiesa \u00a0Davide Chiesa, nato a Castel San Giovanni (Pc \u2013 Italy) nel 1968. E\u2019 Alpinista \u2013 Scrittore \u2013 Videomaker Alpinista dal 1991. Scrittore. Libri pubblicati: \u201cMontagne da Raccontare \u2013 Storie di Ghiaccio, di Avventure, di Uomini\u201d (2009); \u201cL\u2019Anima del Gran Zebr\u00f9 &#8211; 150 di storia racconti itinerari della pi\u00f9 bella montagna delle Alpi Orientali\u201d (2014); \u201cI Portali del Cielo &#8211; On the highest tops of the world\u201d (2018) Regista. Conferenziere di montagna dal 1995: vari film autoprodotti su alpinismo Alpino, Andino ed Himalayano. Autore di un film sulle cascate di ghiaccio dell&#8217;Appennino Piacentino: &#8220;La Magia della Rocca dei Borri, scalando la grande cascata ghiacciata&#8221; prodotto nel 2005 dalle Edizioni Pontegobbo di Piacenza (dvd e vhs). \u201cFino alla Fine dell\u2019Everest\u201d film autoprodotto nel 2018, tradotto in inglese, finalista in alcuni concorsi cinematografici (vedi crediti dell\u2019opera).<\/p><\/blockquote>\n<p>&nbsp;<\/p>\n<p>&nbsp;<\/p>\n<p>&nbsp;<\/p>\n<p>&nbsp;<\/p>\n<blockquote><p>&nbsp;<\/p><\/blockquote>\n<h3>Anffas Onlus convoca l&#8217;assemblea ordinaria dei soci<\/h3>\n<p><strong>BELLUNO<\/strong>\u00a0 Si terr\u00e0 stamane\u00a0 alle 9 presso il ristorante \u201cParco di Limana\u201d. All&#8217;ordine del giorno gli adempimenti statutari, la relazione del presidente dell&#8217;associazione, l&#8217;esame e approvazione del rendiconto associativo chiuso al 31 dicembre 2018, corredata dalla relazione dell&#8217;organo di revisione contabile. L&#8217;associazione, oggi presieduta da Salvatore Bavasso, da molto tempo si occupa di persone con disabilit\u00e0 intellettiva e\/o relazionale, di supporto alle loro famiglie, agli operatori e professionisti, lavoro sulle comunit\u00e0, inclusione sociale. La partecipazione all&#8217;assemblea \u00e8 particolarmente importante perch\u00e9 consentir\u00e0 di proseguire, con un nuovo direttivo, a raggiungere questi importanti obiettivi.<\/p>\n<p>&nbsp;<\/p>\n<p>&nbsp;<\/p>\n<h3>CI SI SPOSA ANCHE A COLLE SANTA LUCIA, REGOLAMENTO DA APPROVARE<\/h3>\n<p><strong>COLLE SANTA LUCIA<\/strong> Il consiglio comunale convocato per sabato 27 luglio alle 8 del mattino presenta un ordine del giorno in otto punti, comunicazioni del sindaco Paolo Frena comprese. Bilancio, variazioni, ricognizione equilibrio di bilancio e approvazione di documenti di programmazione (DUP) sono gli argomenti principali. In discussione anche l&#8217;approvazione del regolamento per la celebrazione dei matrimoni e la costituzione di unioni civili.<\/p>\n<h3><\/h3>\n<h3><\/h3>\n<p>&nbsp;<\/p>\n<blockquote><p>&nbsp;<\/p><\/blockquote>\n<h3>LUNEDI ALLA RADIO, ALLE 10.30 3 1900 OSPITE SERGIO BENVEGNU&#8217; PER 24 ANNI TECNICO COMUNALE AD AGORDO, UNA STORIA DA RACCONTARE FIN DALLA META&#8217; DEGLI ANNI SETTANTA, DAL PRIMO IMPEGNO CON IL COMPIANTO NILO RIVA<\/h3>\n<p>&nbsp;<\/p>\n<div><\/div>\n<div><\/div>\n<div><\/div>\n<blockquote>\n<div><\/div>\n<\/blockquote>\n<div>\n<div class=\"page-title-head hgroup\">\n<h1 class=\"entry-title\">LO SCULTORE PANCIERA BESAREL NASCEVA AD ASTRAGAL DI ZOLDO CENTONOVANTA ANNI OR SONO<\/h1>\n<\/div>\n<h1 class=\"page-title-breadcrumbs\"><span style=\"color: #0000ff;\"><a style=\"color: #0000ff;\" href=\"http:\/\/www.radiopiu.net\/wordpress\/lo-scultore-panciera-besarel-nasceva-ad-astragal-di-zoldo-centonovanta-anni-or-sono\/\">CLICCAQUI<\/a><\/span><\/h1>\n<\/div>\n<div><\/div>\n<blockquote>\n<div><\/div>\n<\/blockquote>\n<p>&nbsp;<\/p>\n<p>&nbsp;<\/p>\n<h3><a class=\"dt-pswp-item\" href=\"http:\/\/www.radiopiu.net\/wordpress\/wp-content\/uploads\/2018\/09\/appuntamenti.jpeg\" data-dt-img-description=\"\" data-large_image_width=\"800\" data-large_image_height=\"100\"><img loading=\"lazy\" decoding=\"async\" class=\"alignnone size-full wp-image-61958\" src=\"http:\/\/www.radiopiu.net\/wordpress\/wp-content\/uploads\/2018\/09\/appuntamenti.jpeg\" alt=\"\" width=\"800\" height=\"100\" srcset=\"https:\/\/www.radiopiu.net\/wordpress\/wp-content\/uploads\/2018\/09\/appuntamenti.jpeg 800w, https:\/\/www.radiopiu.net\/wordpress\/wp-content\/uploads\/2018\/09\/appuntamenti-300x38.jpeg 300w, https:\/\/www.radiopiu.net\/wordpress\/wp-content\/uploads\/2018\/09\/appuntamenti-768x96.jpeg 768w\" sizes=\"auto, (max-width: 800px) 100vw, 800px\" \/><\/a><\/h3>\n<p>&nbsp;<\/p>\n<p><span style=\"color: #ff0000;\"><strong><a class=\"dt-pswp-item\" href=\"http:\/\/www.radiopiu.net\/wordpress\/wp-content\/uploads\/2019\/07\/21231208_1428419980586085_1115215269049052745_n.jpg\" data-dt-img-description=\"\" data-large_image_width=\"661\" data-large_image_height=\"661\"><img loading=\"lazy\" decoding=\"async\" class=\" wp-image-90482 alignleft\" src=\"http:\/\/www.radiopiu.net\/wordpress\/wp-content\/uploads\/2019\/07\/21231208_1428419980586085_1115215269049052745_n-300x300.jpg\" alt=\"\" width=\"145\" height=\"145\" srcset=\"https:\/\/www.radiopiu.net\/wordpress\/wp-content\/uploads\/2019\/07\/21231208_1428419980586085_1115215269049052745_n-300x300.jpg 300w, https:\/\/www.radiopiu.net\/wordpress\/wp-content\/uploads\/2019\/07\/21231208_1428419980586085_1115215269049052745_n-150x150.jpg 150w, https:\/\/www.radiopiu.net\/wordpress\/wp-content\/uploads\/2019\/07\/21231208_1428419980586085_1115215269049052745_n.jpg 661w\" sizes=\"auto, (max-width: 145px) 100vw, 145px\" \/><\/a><\/strong><\/span><\/p>\n<p><span style=\"color: #ff0000;\"><strong>PER IL SECONDO ANNO, PER TUTTA L&#8217;ESTATE: LA &#8220;FABBRICA DELLE EMOZIONI&#8221;, IN COLLABORAZIONE CON\u00a0<a class=\"profileLink\" style=\"color: #ff0000;\" href=\"https:\/\/www.facebook.com\/dersut.taibon\/?__tn__=K-R&amp;eid=ARAWHGS4pY7ErSAGuNNMHp-xra7d294ysugnpoUicWkeK9rjbvd86RDR3SHV57JuBTC7yrMP85kcC7oy&amp;fref=mentions&amp;__xts__%5B0%5D=68.ARA8kEGfdeZlMevmYpMAmAmJ7ziHM_3WogqE61anVHM5V-Ht7pYFd4NJRcEVlK7VIq__zFsG6G8vsxxKnVF1SBmpERHebECtYKNHrf4mG4C4wVmPxxn4uj_nmTIeZglrdIyUPa0dnE3usWWzci033oOnyRS5XDhoavIU-eTU85t_Wp6jFT0-ULRP932r4STxN16bdptt8cef\" data-hovercard=\"\/ajax\/hovercard\/page.php?id=904939246267497&amp;extragetparams=%7B%22__tn__%22%3A%22%2CdK-R-R%22%2C%22eid%22%3A%22ARAWHGS4pY7ErSAGuNNMHp-xra7d294ysugnpoUicWkeK9rjbvd86RDR3SHV57JuBTC7yrMP85kcC7oy%22%2C%22fref%22%3A%22mentions%22%7D\" data-hovercard-prefer-more-content-show=\"1\">Dersut Taibon<\/a>\u00a0EVENTI, APPUNTAMENTI, DIVERTIMENTI NELLA VALLATA AGORDINA. IN ONDA ALLA RADIO NEI NOTIZIARI E NEGLI APPROFONDIMENTI ALLA RADIO E SUL SITO\u00a0<a style=\"color: #ff0000;\" href=\"http:\/\/www.radiopiu.net\/?fbclid=IwAR3Zckh6EArPlP9el3_APl-CxxkfxeumpcmQ4v9HIwZohBUQuztQ4jOimzE\" target=\"_blank\" rel=\"noopener nofollow noreferrer\" data-ft=\"{&quot;tn&quot;:&quot;-U&quot;}\" data-lynx-mode=\"async\" data-lynx-uri=\"https:\/\/l.facebook.com\/l.php?u=http%3A%2F%2FWWW.RADIOPIU.NET%2F%3Ffbclid%3DIwAR3Zckh6EArPlP9el3_APl-CxxkfxeumpcmQ4v9HIwZohBUQuztQ4jOimzE&amp;h=AT3iK2sNf9WjhvLB7AaqYnWzUdWcBNNS_1cXI6UJ3eEvhP4Ym5v2vemsj9TpyM0_qzzb9gjT9sJhgm4I2ZXxgJSAlUfvNTaJwITPvOvqfAuTNdwnWON3ic-lvSbJXWzM3FVSvAgPffEqbH4dYL2TEG6D6xs5TZHrlhUGtTKMYKoPXpBJIF8ke0VZdFkl3YQ7tGdqat-r6rzvDTprheLIjQ7jKZPmLRbVLu1fIKQ2jHEQkMU8LzIZvt_s5FE3Fxl6fUw_HG6Kz2ygpE7qxE3yIyhlOk0wt55c_6ZWHfM2I0PFlpPFgNhCDJwFSVFieE73_LsmFyKeJSBqSnd9p7KBuOYgQAQepyVC8du7dtfKvd60oOKKb1xchMvMyu9mMRYGRKi2y8I7U2WlGyyKbcYHubfjzWI02WXZXcSE97K_yFCYyeqZ2T_hgQJ7vzHhfBlDLdaXxkE\">WWW.RADIOPIU.NET<\/a><\/strong><\/span><\/p>\n<audio class=\"wp-audio-shortcode\" id=\"audio-92268-13\" preload=\"none\" style=\"width: 100%;\" controls=\"controls\"><source type=\"audio\/mpeg\" src=\"http:\/\/www.radiopiu.net\/wordpress\/wp-content\/uploads\/2019\/07\/FABBRICA-EMOZIONI.mp3?_=13\" \/><a href=\"http:\/\/www.radiopiu.net\/wordpress\/wp-content\/uploads\/2019\/07\/FABBRICA-EMOZIONI.mp3\">http:\/\/www.radiopiu.net\/wordpress\/wp-content\/uploads\/2019\/07\/FABBRICA-EMOZIONI.mp3<\/a><\/audio>\n<p>&nbsp;<\/p>\n<p>&nbsp;<\/p>\n<h3>DOLOMITI AGORDINE ESTATE 2019: ECCO DI NUOVO I MERCATINI DELL\u2019 ANTIQUARIATO, DEL COLLEZIONISMO E DELL\u2019 USATO<\/h3>\n<p><strong><a class=\"dt-pswp-item\" href=\"http:\/\/www.radiopiu.net\/wordpress\/wp-content\/uploads\/2019\/07\/1-AGORDO-10-8-2018-4.jpg\" data-dt-img-description=\"\" data-large_image_width=\"1024\" data-large_image_height=\"683\"><img loading=\"lazy\" decoding=\"async\" class=\" wp-image-92179 alignleft\" src=\"http:\/\/www.radiopiu.net\/wordpress\/wp-content\/uploads\/2019\/07\/1-AGORDO-10-8-2018-4-300x200.jpg\" alt=\"\" width=\"257\" height=\"171\" srcset=\"https:\/\/www.radiopiu.net\/wordpress\/wp-content\/uploads\/2019\/07\/1-AGORDO-10-8-2018-4-300x200.jpg 300w, https:\/\/www.radiopiu.net\/wordpress\/wp-content\/uploads\/2019\/07\/1-AGORDO-10-8-2018-4-768x512.jpg 768w, https:\/\/www.radiopiu.net\/wordpress\/wp-content\/uploads\/2019\/07\/1-AGORDO-10-8-2018-4.jpg 1024w\" sizes=\"auto, (max-width: 257px) 100vw, 257px\" \/><\/a>AGORDO\u00a0<\/strong> Domani\u00a0 ad Agordo dalle ore 8.00 alle 19.00 in Piazza Libert\u00e0 dove troveranno collocazione oltre una quarantina di stands. Partecipano all\u2019iniziativa commercianti ed hobbisti preparati e selezionati in vari settori di operativit\u00e0: oggettistica d\u2019epoca, mobili, arte e collezionismo cartaceo, libri, medaglistica, piccolo antiquariato, arte, vetreria artistica, ecc.<\/p>\n<p>&nbsp;<\/p>\n<p>&nbsp;<\/p>\n<p>&nbsp;<\/p>\n<p>&nbsp;<\/p>\n<p>&nbsp;<\/p>\n<blockquote><p>&nbsp;<\/p><\/blockquote>\n<h3>OGGI E DOMANI A FEDER&#8230;. E&#8217; FESTA<\/h3>\n<audio class=\"wp-audio-shortcode\" id=\"audio-92268-14\" preload=\"none\" style=\"width: 100%;\" controls=\"controls\"><source type=\"audio\/mpeg\" src=\"http:\/\/www.radiopiu.net\/wordpress\/wp-content\/uploads\/2019\/07\/SPOT-SAGRA-FEDER-CON-MUSICA.mp3?_=14\" \/><a href=\"http:\/\/www.radiopiu.net\/wordpress\/wp-content\/uploads\/2019\/07\/SPOT-SAGRA-FEDER-CON-MUSICA.mp3\">http:\/\/www.radiopiu.net\/wordpress\/wp-content\/uploads\/2019\/07\/SPOT-SAGRA-FEDER-CON-MUSICA.mp3<\/a><\/audio>\n<p>&nbsp;<\/p>\n<p><a class=\"dt-pswp-item\" href=\"http:\/\/www.radiopiu.net\/wordpress\/wp-content\/uploads\/2019\/07\/66714329_1550702011732718_4000129748318552064_n.jpg\" data-dt-img-description=\"\" data-large_image_width=\"678\" data-large_image_height=\"960\"><img loading=\"lazy\" decoding=\"async\" class=\"alignnone size-medium wp-image-92018\" src=\"http:\/\/www.radiopiu.net\/wordpress\/wp-content\/uploads\/2019\/07\/66714329_1550702011732718_4000129748318552064_n-212x300.jpg\" alt=\"\" width=\"212\" height=\"300\" srcset=\"https:\/\/www.radiopiu.net\/wordpress\/wp-content\/uploads\/2019\/07\/66714329_1550702011732718_4000129748318552064_n-212x300.jpg 212w, https:\/\/www.radiopiu.net\/wordpress\/wp-content\/uploads\/2019\/07\/66714329_1550702011732718_4000129748318552064_n.jpg 678w\" sizes=\"auto, (max-width: 212px) 100vw, 212px\" \/><\/a><\/p>\n<p>&nbsp;<\/p>\n<p>&nbsp;<\/p>\n<h2>LA COPPA D&#8217;ORO DELLE DOLOMITI<\/h2>\n<p><strong>AGORDO<\/strong> Dal Passo Duran alla Valle del Mis, la Coppa D&#8217;oro delle Dolomiti abbraccia anche l&#8217;Agordino, OGGI dalle 11 l&#8217;ingresso in vallata da Passo Duran, passaggio al bivio di via Rova e poi su verso Rivamonte per imboccare la Valle del Mis. Uno spettacolo di auto d&#8217;epoca e altre gradite sorprese.<\/p>\n<p><strong>PRESENTAZIONE ALLA RADIO<\/strong><\/p>\n<audio class=\"wp-audio-shortcode\" id=\"audio-92268-15\" preload=\"none\" style=\"width: 100%;\" controls=\"controls\"><source type=\"audio\/mpeg\" src=\"http:\/\/www.radiopiu.net\/wordpress\/wp-content\/uploads\/2019\/07\/coppa-d-oro-dolomiti-2019.mp3?_=15\" \/><a href=\"http:\/\/www.radiopiu.net\/wordpress\/wp-content\/uploads\/2019\/07\/coppa-d-oro-dolomiti-2019.mp3\">http:\/\/www.radiopiu.net\/wordpress\/wp-content\/uploads\/2019\/07\/coppa-d-oro-dolomiti-2019.mp3<\/a><\/audio>\n<p>&nbsp;<\/p>\n<p>&nbsp;<\/p>\n<p>&nbsp;<\/p>\n<h3>MUSIC IS THE ANSWER<\/h3>\n<p><strong>COLLE SANTA LUCIA<\/strong> E&#8217; l&#8217;ensamble Musicol che organizza la serata musicale con gli artisti di Belluno Alza la Voce,\u00a0 questa sera\u00a0 \u00a0alle 21 in sala &#8220;La Ciacola&#8221; del Museo Vittorino Cazzetta, dalle 21 con ingresso libero<\/p>\n<p>&nbsp;<\/p>\n<p>&nbsp;<\/p>\n<p>&nbsp;<\/p>\n<h2>OGGI E DOMENICA SAN LUCANO 2019 POST VAIA<\/h2>\n<p><strong>TAIBON<\/strong> Inizia la festa che prosegue domenica, sabato \u00e8 anche il giorno della corsa in montagna con il Gruppo Sportivo Taibon<\/p>\n<p><strong>PRESENTAZIONE ALLA RADIO<\/strong><\/p>\n<audio class=\"wp-audio-shortcode\" id=\"audio-92268-16\" preload=\"none\" style=\"width: 100%;\" controls=\"controls\"><source type=\"audio\/mpeg\" src=\"http:\/\/www.radiopiu.net\/wordpress\/wp-content\/uploads\/2019\/07\/SPOT-SAGRA-SAN-LUCANO-CON-MUSICA.mp3?_=16\" \/><a href=\"http:\/\/www.radiopiu.net\/wordpress\/wp-content\/uploads\/2019\/07\/SPOT-SAGRA-SAN-LUCANO-CON-MUSICA.mp3\">http:\/\/www.radiopiu.net\/wordpress\/wp-content\/uploads\/2019\/07\/SPOT-SAGRA-SAN-LUCANO-CON-MUSICA.mp3<\/a><\/audio>\n<h3><\/h3>\n<p>&nbsp;<\/p>\n<p>&nbsp;<\/p>\n<h2>OGGI A RIVAMONTE CAPITANATA IN CONCERTO alle 20.30 alla Casa della Giovent\u00f9.<\/h2>\n<h3><em>PREVENDITA BIGLIETTI BAR DAISY RIVAMONTE E SPORTAGORDO\u00a0<\/em><\/h3>\n<p>&nbsp;<\/p>\n<p>&nbsp;<\/p>\n<p>&nbsp;<\/p>\n<p><strong>DOMANI <\/strong>\u00a0&#8220;S<strong>agra de i Carmegn<\/strong>&#8220;,<\/p>\n<h3>SELVA DI CADORE\u00a0 La cerimonia\u00a0 si svolger\u00e0\u00a0 \u00a0domani\u00a0 alle 17\u00a0 presso la sala del Museo Vittorino Cazzetta in via 4 Novembre, per ricordare due date importanti per l&#8217; Union de i Ladign da Selva: Il centesimo numero di DESOTA L PELF, \u00a0sfuoi dat fuora da la Union Ladign da Selva, ed i 25 anni del Gruppo Folk.<\/h3>\n<p>&nbsp;<\/p>\n<p>&nbsp;<\/p>\n<h3 align=\"JUSTIFY\">DOMANI A FORCELLA AURINE NEL POMERIGGIO JESSICA LENA E PAOLO FORNASIER IN CONCERTO. I DUE ARTISTI DI BELLUNO ALZA LA VOCE SI ESIBIRANNO SULLA TERRAZZA DEL GHEGI RISTOBAR&#8230;E CI SARA&#8217; PURE L&#8217;ANGURIATA PER TUTTI<\/h3>\n<audio class=\"wp-audio-shortcode\" id=\"audio-92268-17\" preload=\"none\" style=\"width: 100%;\" controls=\"controls\"><source type=\"audio\/mpeg\" src=\"http:\/\/www.radiopiu.net\/wordpress\/wp-content\/uploads\/2019\/07\/FORCELLA-AURINE-GIUGNO-1.mp3?_=17\" \/><a href=\"http:\/\/www.radiopiu.net\/wordpress\/wp-content\/uploads\/2019\/07\/FORCELLA-AURINE-GIUGNO-1.mp3\">http:\/\/www.radiopiu.net\/wordpress\/wp-content\/uploads\/2019\/07\/FORCELLA-AURINE-GIUGNO-1.mp3<\/a><\/audio>\n<p>&nbsp;<\/p>\n<p>&nbsp;<\/p>\n<p>&nbsp;<\/p>\n<h3 align=\"JUSTIFY\"><span style=\"color: #000000;\">\u2018<span style=\"font-family: Helvetica, serif;\"><span style=\"font-size: small;\"><span style=\"font-family: Avenir Next Demi Bold, serif;\"><span style=\"font-size: large;\"><span lang=\"it-IT\">Festa degli Alpini<\/span><\/span><\/span><span style=\"font-size: large;\"><span lang=\"it-IT\">\u2019<\/span><\/span><span style=\"font-family: Avenir Next Demi Bold, serif;\"><span style=\"font-size: large;\"><span lang=\"it-IT\">, in programma DOMANI All<\/span><\/span><\/span><span style=\"font-size: large;\"><span lang=\"it-IT\">\u2019<\/span><\/span><span style=\"font-family: Avenir Next Demi Bold, serif;\"><span style=\"font-size: large;\"><span lang=\"it-IT\">Arena 1082<\/span><\/span><\/span><\/span><\/span><\/span><\/h3>\n<p>AUDIO BRUNELLA MORO<\/p>\n<audio class=\"wp-audio-shortcode\" id=\"audio-92268-18\" preload=\"none\" style=\"width: 100%;\" controls=\"controls\"><source type=\"audio\/mpeg\" src=\"http:\/\/www.radiopiu.net\/wordpress\/wp-content\/uploads\/2019\/07\/brunella-san-tomaso.mp3?_=18\" \/><a href=\"http:\/\/www.radiopiu.net\/wordpress\/wp-content\/uploads\/2019\/07\/brunella-san-tomaso.mp3\">http:\/\/www.radiopiu.net\/wordpress\/wp-content\/uploads\/2019\/07\/brunella-san-tomaso.mp3<\/a><\/audio>\n<p>&nbsp;<\/p>\n<p>&nbsp;<\/p>\n<p>&nbsp;<\/p>\n<p>&nbsp;<\/p>\n<p>&nbsp;<\/p>\n<p><a class=\"dt-pswp-item\" href=\"http:\/\/www.radiopiu.net\/wordpress\/wp-content\/uploads\/2018\/09\/viabilita.jpeg\" data-dt-img-description=\"\" data-large_image_width=\"800\" data-large_image_height=\"100\"><img loading=\"lazy\" decoding=\"async\" class=\"alignnone size-full wp-image-61954\" src=\"http:\/\/www.radiopiu.net\/wordpress\/wp-content\/uploads\/2018\/09\/viabilita.jpeg\" alt=\"\" width=\"800\" height=\"100\" srcset=\"https:\/\/www.radiopiu.net\/wordpress\/wp-content\/uploads\/2018\/09\/viabilita.jpeg 800w, https:\/\/www.radiopiu.net\/wordpress\/wp-content\/uploads\/2018\/09\/viabilita-300x38.jpeg 300w, https:\/\/www.radiopiu.net\/wordpress\/wp-content\/uploads\/2018\/09\/viabilita-768x96.jpeg 768w\" sizes=\"auto, (max-width: 800px) 100vw, 800px\" \/><\/a><\/p>\n<p>&nbsp;<\/p>\n<p><strong>PROVINCIALE 251 VAL DI ZOLDO<\/strong>\u00a0 In localit\u00e0 Le Mole-Col Cuc di Colle Santa Lucia Dal 22 luglio al 2 agosto dalle 8 alle 12 e dalle 13.30 alle 17.30 (esclusi festivi e prefestivi) senso unico alternato e brevi interruzioni della durata massima di 15 minuti.<\/p>\n<p><strong>PROVINCIALE 8 DI SAN TOMASO: DAL 22 LUGLIO AL 09 AGOSTO, SABATO E DOMENICA INCLUSI TRA LE LOCALITA&#8217; PIAN MOLIN E ROI INTERDIZIONE TOTALE AL TRAFFICO PER POSA CONDOTTA IDROELETTRICA.\u00a0<\/strong><\/p>\n<p><strong>Regionale 203 agordina, localit\u00e0 LE CAMPE senso unico alternato per il ripristino della rete fognaria. da oggi al 2 agosto dalle 7.30 alle 8.30 e dalle 16.30 alle 18 con moviere, dalle 7 alle 7.30, dalle 8.30 alle 16.30 dalle 18 alle 19 con semaforo.<\/strong><\/p>\n<p><strong>PROVINCIALE 346 DEL SAN PELLEGRINO<\/strong>\u00a0 fino al 26 luglio (sabato e domenica escluso) senso unico alternato saltuario regolato da movieri in Comune di Canale d&#8217;Agord<\/p>\n<p><strong>PROVINCIALE 3 DI VALLE IMPERINA f<\/strong>ino\u00a0 al 2 agosto senso unico alternato in localit\u00e0 Ponte Alto per allacciamento all&#8217;acquedotto per conto di GSP<\/p>\n<p><strong>PROVINCIALE 346 DEL SAN PELLEGRINO<\/strong> fino al 2 agosto e dal 27 agosto al 13 settembre (festivi e prefestivi inclusi) senso unico alternato con movieri tra Falcade, Canale d&#8217;Agordo e Vallada per tesatura conduttori alta tensione.<\/p>\n<p><strong>REGIONALE 203 AGORDINA<\/strong>\u00a0 fino al 2 agosto e dal 27 agosto al 13 settembre (inclusi festivi e prefestivi) senso unico alternato in Comune di Cencenighe, per tesatura conduttori alta tensione.<\/p>\n<p><strong>PROVINCIALE 641 DI PASSO FEDAIA<\/strong> In localit\u00e0 Rocca Pietore fino al 30 luglio senso unico alternato con impianto semaforico.<\/p>\n<p><strong>PROVINCIALE 563 DI SALESEI<\/strong> Fino al 9 agosto (festivi e prefestivi esclusi) senso unico alternato in localit\u00e0 Salesei per la posa di protezioni sul versante.<\/p>\n<div dir=\"ltr\">\n<div dir=\"ltr\">\n<p><strong>PROVINCIALE 641 DI PASSO FEDAIA<\/strong> fino al 9 agosto senso unico alternato tra Malga Ciapela e Sottoguda per la posa di nuovo cavidotto<\/p>\n<p><strong>LA VALLE\u00a0 <\/strong>Fino\u00a031 luglio (festivi e prefestivi esclusi) senso unico a seconda delle esigenze con semaforo o movieri lungo la regionale 203 agordina in localit\u00e0 La Muda<\/p>\n<\/div>\n<\/div>\n<p>&nbsp;<\/p>\n<p>&nbsp;<\/p>\n<p>&nbsp;<\/p>\n<p><a class=\"dt-pswp-item\" href=\"http:\/\/www.radiopiu.net\/wordpress\/wp-content\/uploads\/2018\/09\/sport.jpg\" data-dt-img-description=\"\" data-large_image_width=\"800\" data-large_image_height=\"100\"><img loading=\"lazy\" decoding=\"async\" class=\"alignnone wp-image-60761 size-full\" src=\"http:\/\/www.radiopiu.net\/wordpress\/wp-content\/uploads\/2018\/09\/sport.jpg\" alt=\"\" width=\"800\" height=\"100\" srcset=\"https:\/\/www.radiopiu.net\/wordpress\/wp-content\/uploads\/2018\/09\/sport.jpg 800w, https:\/\/www.radiopiu.net\/wordpress\/wp-content\/uploads\/2018\/09\/sport-300x38.jpg 300w, https:\/\/www.radiopiu.net\/wordpress\/wp-content\/uploads\/2018\/09\/sport-768x96.jpg 768w\" sizes=\"auto, (max-width: 800px) 100vw, 800px\" \/><\/a><\/p>\n<h2><\/h2>\n<h2>MOTORI, IL FINE SETTIMANA DI ANDREA FONTANA<\/h2>\n<p>DI ROBERTO BONA<\/p>\n<audio class=\"wp-audio-shortcode\" id=\"audio-92268-19\" preload=\"none\" style=\"width: 100%;\" controls=\"controls\"><source type=\"audio\/mpeg\" src=\"http:\/\/www.radiopiu.net\/wordpress\/wp-content\/uploads\/2019\/07\/ANDREA-FONTANA.mp3?_=19\" \/><a href=\"http:\/\/www.radiopiu.net\/wordpress\/wp-content\/uploads\/2019\/07\/ANDREA-FONTANA.mp3\">http:\/\/www.radiopiu.net\/wordpress\/wp-content\/uploads\/2019\/07\/ANDREA-FONTANA.mp3<\/a><\/audio>\n<p>&nbsp;<\/p>\n<p>&nbsp;<\/p>\n<h2><span style=\"font-family: Times New Roman, serif;\"><span style=\"font-size: medium;\">QUARTI DI FINALE DEL CAMPIONATO AGORDINO E LA PENULTIMA GIORNATA DEL GIOVANILE<\/span><\/span><\/h2>\n<p><span style=\"font-family: Times New Roman, serif;\"><span style=\"font-size: medium;\">Saranno Voltago e Vallada i due campi che decideranno le 4 semifinaliste del Campionato Agordino di calcio, Memorial Denis Tonin. 4 partite secche da dentro o fuori per decretare le squadre che domenica prossima andranno a Boscoverde di Rocca Pietore per provare a raggungere la finalissima di Agordo in programma il 4 agosto all&#8217;Ivano Dorigo<\/span><\/span><\/p>\n<p><span style=\"font-family: Times New Roman, serif;\"><span style=\"font-size: medium;\"><b>VOLTAGO<\/b><\/span><\/span><\/p>\n<p><span style=\"font-family: Times New Roman, serif;\"><span style=\"font-size: medium;\"><b>ORE 15 CAPRILE \u2013 RIVAMONTE (80%-20%)<\/b><\/span><\/span><\/p>\n<p><span style=\"font-family: Times New Roman, serif;\"><span style=\"font-size: medium;\">Al \u201cRenzo Da Campo\u201d di Voltago inaugurano la giornata calcistica Caprile e Rivamonte. La squadra del Poi arriva carica alla sfida contro il Caprile dopo aver eliminato il La Valle ai calci di rigore. Di fronte una compagine che sa di essere la favorita della vigilia e che non vorr\u00e0 sprecare la ghiotta occasione di passare il turno. Possibile goleada della squadra della val Cordevole.<\/span><\/span><\/p>\n<p><span style=\"font-family: Times New Roman, serif;\"><span style=\"font-size: medium;\"><b>ORE 17:30 VOLTAGO \u2013 FRASSENE&#8217; (60%-40%)<\/b><\/span><\/span><\/p>\n<p><span style=\"font-family: Times New Roman, serif;\"><span style=\"font-size: medium;\">Pi\u00f9 che derby del Poi si pu\u00f2 definire una guerra di paese la seconda sfida di Voltago. Voltaghesi che, dopo aver vinto il girone A, si trovano davanti un Frassen\u00e8 che fa paura con Monferone che continua a segnare e Bonelli che al momento si \u00e8 dimostrato una saracinesca. Non sar\u00e0 sicuramente una passeggiata per i campioni in carica che, nonostante tutto, sono i favoriti della vigilia.<\/span><\/span><\/p>\n<p><span style=\"font-family: Times New Roman, serif;\"><span style=\"font-size: medium;\"><b>VALLADA<\/b><\/span><\/span><\/p>\n<p><span style=\"font-family: Times New Roman, serif;\"><span style=\"font-size: medium;\"><b>ORE 15 TAIBON \u2013 VALLADA (55%-45%)<\/b><\/span><\/span><\/p>\n<p><span style=\"font-family: Times New Roman, serif;\"><span style=\"font-size: medium;\">La sfida pi\u00f9 interessante di questi quarti di finale \u00e8 la prima partita di Vallada. Di fronte due squadre affamate di vittoria. Sia Taibon che Vallada sono due formazioni simili con un bel mix di giovani e veterani. Sar\u00e0 una sfida combattuta dall&#8217;inizio alla fine. Taiboner che potranno colpire con la velocit\u00e0 di Cancel e Sibillon, valladini con i fratelli Lorenzet rapaci d&#8217;area e Piaz che trasforma ogni punizione in un gol. Match che potrebbe andare oltre gli 80&#8242; canonici.<\/span><\/span><\/p>\n<p><span style=\"font-family: Times New Roman, serif;\"><span style=\"font-size: medium;\"><b>ORE 17:30 FODOM \u2013 AGORDO 2009 (65%-35%)<\/b><\/span><\/span><\/p>\n<p><span style=\"font-family: Times New Roman, serif;\"><span style=\"font-size: medium;\">L&#8217;Agordo 2009 continua il suo campionato in salita e, dopo aver battuto il Gosaldo, questa settimana si trover\u00e0 di fronte un Fodom che ha vinto tutte le partite e arriva da due settimane di riposo. Le due compagini si erano gi\u00e0 scontrate nella stagione regolare e gli orsetti avevano vinto 3 a 0. Ma questa volta la squadra di Agordo pu\u00f2 contare su un tridente da invidia con il trio De Lazzer \u2013 Trematore \u2013 Wiesner. Sulla carta resta comunque favorita la squadra di Crepaz.<\/span><\/span><\/p>\n<p>&nbsp;<\/p>\n<p>&nbsp;<\/p>\n<p>&nbsp;<\/p>\n<p><span style=\"color: #000000;\"><span style=\"font-family: Times New Roman, serif;\"><span style=\"font-size: medium;\"><b>DOMANI POMERIGGIO SU RADIO PIU&#8217; LE DIRETTE DALLE ORE 15 E 17:30, ALLE 20:15 LA SINTESI DELLE PARTITE. LUNEDI&#8217; SERA, ALLE 20:30, L&#8217;APPUNTAMENTO CON \u201cCAMPIONATO AGORDINO SHOW\u201d<\/b><\/span><\/span><\/span><\/p>\n<p><span style=\"font-family: Times New Roman, serif;\"><span style=\"font-size: medium;\">PENULTIMA GIORNATA DELLA STAGIONE REGOLARE PER IL GIOVANILE<\/span><\/span><\/p>\n<p><span style=\"font-family: Times New Roman, serif;\"><span style=\"font-size: medium;\">Giornata di verdetti per il penultimo turno del Campionato Agordino giovanile. Si giocano oggi pomeriggio le gare valide per la sesta giornata e la partita pi\u00f9 interessante si gioca a La Valle.<\/span><\/span><\/p>\n<p><span style=\"font-family: Times New Roman, serif;\"><span style=\"font-size: medium;\">Scontro tra fanalini di coda alla \u201cBombonera\u201d di Cencenighe con i padroni di casa che ospitano l&#8217;Alleghe. Entrambe le formazioni sono fuori dai giochi e quindi si pu\u00f2 definire un&#8217;amichevole lo scontro odierno.<\/span><\/span><\/p>\n<p><span style=\"font-family: Times New Roman, serif;\"><span style=\"font-size: medium;\">A Canale D&#8217;Agordo arriva il Le Ville. Match interessante tra due squadre che stanno lottando per agguantare uno dei due posti rimasti per le semifinali di La Valle. Entrambe hanno 6 punti in classifica e una vittoria significherebbe accedere alla fase finale.<\/span><\/span><\/p>\n<p><span style=\"font-family: Times New Roman, serif;\"><span style=\"font-size: medium;\">Al \u201cConaggia\u201d di La Valle va di scena il remache della finale 2018. i lavallesi si scontreranno con i campioni in carica del Taibon. Entrambi si sono gi\u00e0 qualificati alle semifinali ma nonostante tutto sar\u00e0 un test in vista della fase finale anche perch\u00e8 le due formazioni sono le candidate per giocarsi di nuovo la finale all&#8217;Ivano Dorigo di Agordo.<\/span><\/span><\/p>\n<p><span style=\"font-family: Times New Roman, serif;\"><span style=\"font-size: medium;\"><b>LE PARTITE<\/b><\/span><\/span><\/p>\n<p><span style=\"font-family: Times New Roman, serif;\"><span style=\"font-size: medium;\">oggi alle 16 Cencenighe \u2013 Alleghe, Canale \u2013 Le Ville, La Valle \u2013 Taibon. Riposa il Fodom<\/span><\/span><\/p>\n<p><span style=\"font-family: Times New Roman, serif;\"><span style=\"font-size: medium;\"><b>LA CLASSIFICA<\/b><\/span><\/span><\/p>\n<p><span style=\"color: #000000;\"><span style=\"font-family: Times New Roman, serif;\"><span style=\"font-size: medium;\">La Valle 15, Taibon 12, Canale, Fodom e Le Ville 6, Alleghe e Cencenighe 0<\/span><\/span><\/span><\/p>\n<p>&nbsp;<\/p>\n<p>&nbsp;<\/p>\n<p>&nbsp;<\/p>\n<h3>CORRI IN VALLE POST VAIA EDITION OGGI A TAIBON<\/h3>\n<p><strong><a class=\"dt-pswp-item\" href=\"http:\/\/www.radiopiu.net\/wordpress\/wp-content\/uploads\/2019\/07\/Corrinvalle-2019-2-001.jpg\" data-dt-img-description=\"\" data-large_image_width=\"2338\" data-large_image_height=\"1700\"><img loading=\"lazy\" decoding=\"async\" class=\" wp-image-91689 alignleft\" src=\"http:\/\/www.radiopiu.net\/wordpress\/wp-content\/uploads\/2019\/07\/Corrinvalle-2019-2-001-300x218.jpg\" alt=\"\" width=\"252\" height=\"182\" srcset=\"https:\/\/www.radiopiu.net\/wordpress\/wp-content\/uploads\/2019\/07\/Corrinvalle-2019-2-001-300x218.jpg 300w, https:\/\/www.radiopiu.net\/wordpress\/wp-content\/uploads\/2019\/07\/Corrinvalle-2019-2-001-768x558.jpg 768w, https:\/\/www.radiopiu.net\/wordpress\/wp-content\/uploads\/2019\/07\/Corrinvalle-2019-2-001-1024x745.jpg 1024w\" sizes=\"auto, (max-width: 252px) 100vw, 252px\" \/><\/a>TAIBON<\/strong> Vaia non ferma la CorrinValle regolarmente nel calendario del Gruppo Sportivo di Taibon per oggi\u00a0 con partenza alle 17, per l&#8217;undicesimo anno e metter\u00e0 in palio il 7\u00b0 mermorial Silvano Artico. Nonostante gli schianti e le strade silvopastorali portate via dal Tegnas e dai torrenti dell&#8217;Agner e Pale di San Lucano i Taiboner si sono dati da fare cercando percorsi alternativo, come ricordato anche la sagra di San Lucano \u00e8 nel calendario della Proloco che ha messo a nuovo l&#8217;area delle feste dietro la chiesetta di San Lucano. Tornando alla corsa podistica non competitiva si svilupper\u00e0 su un percorso di 4.5 chilometri con partenza in Piazza e arrivo al campo sportivo, gran finale con premiazioni e pasta party al tendone di San Lucano.\u00a0 Iscrizioni alla partenza dalle 15.30, gadget tecnico per tutti.<br \/>\nLa Mini CorriValle per i nati dal 2006 si correr\u00e0 su un percorso ad anello di 1.5 chilometri con partenza ed arrivo al campo sportivo, iscrizioni dalle 17.<\/p>\n<p>&nbsp;<\/p>\n<p>&nbsp;<\/p>\n<p>&nbsp;<\/p>\n<p>&nbsp;<\/p>\n<h2>TRANSCIVETTA, DOMENICA AD ALLEGHE<\/h2>\n<p>Domenica il gran giorno della Transcivetta da Listolade di Taibon ad Alleghe Piani di Pezz\u00e8, William Da Roit ha chiacchierato con il campione di Taibon Daniele De Colo&#8217; che di firme sulla gara ne ha messe parecchie e importanti.<\/p>\n<p>DOMENICA dalle 10.30 diretta radio con Filippo Fontanive e Marco Gaz.<\/p>\n<div style=\"width: 848px;\" class=\"wp-video\"><video class=\"wp-video-shortcode\" id=\"video-92268-1\" width=\"848\" height=\"480\" preload=\"metadata\" controls=\"controls\"><source type=\"video\/mp4\" src=\"http:\/\/www.radiopiu.net\/wordpress\/wp-content\/uploads\/2019\/07\/WhatsApp-Video-2019-07-18-at-16.28.33.mp4?_=1\" \/><a href=\"http:\/\/www.radiopiu.net\/wordpress\/wp-content\/uploads\/2019\/07\/WhatsApp-Video-2019-07-18-at-16.28.33.mp4\">http:\/\/www.radiopiu.net\/wordpress\/wp-content\/uploads\/2019\/07\/WhatsApp-Video-2019-07-18-at-16.28.33.mp4<\/a><\/video><\/div>\n<h3>L&#8217;evento bellunese della corsa in montagna, in programma domani fa registrare ancora una volta il tutto esaurito<\/h3>\n<p><a class=\"dt-pswp-item\" href=\"http:\/\/www.radiopiu.net\/wordpress\/wp-content\/uploads\/2019\/07\/transcivetta-2018.jpg\" data-dt-img-description=\"\" data-large_image_width=\"1900\" data-large_image_height=\"1267\"><img loading=\"lazy\" decoding=\"async\" class=\" wp-image-92280 alignleft\" src=\"http:\/\/www.radiopiu.net\/wordpress\/wp-content\/uploads\/2019\/07\/transcivetta-2018-300x200.jpg\" alt=\"\" width=\"231\" height=\"154\" srcset=\"https:\/\/www.radiopiu.net\/wordpress\/wp-content\/uploads\/2019\/07\/transcivetta-2018-300x200.jpg 300w, https:\/\/www.radiopiu.net\/wordpress\/wp-content\/uploads\/2019\/07\/transcivetta-2018-768x512.jpg 768w, https:\/\/www.radiopiu.net\/wordpress\/wp-content\/uploads\/2019\/07\/transcivetta-2018-1024x683.jpg 1024w, https:\/\/www.radiopiu.net\/wordpress\/wp-content\/uploads\/2019\/07\/transcivetta-2018.jpg 1900w\" sizes=\"auto, (max-width: 231px) 100vw, 231px\" \/><\/a>Hanno raggiunto ancora una volta quota mille le coppie iscritte alla Transcivetta Karpos, gara di corsa in montagna &#8211; a coppie appunto &#8211; che si snoda in una delle cornici di maggior suggestione delle Dolomiti bellunesi, patrimonio dell\u2019umanit\u00e0 Unesco e che domenica, 21 luglio, celebrer\u00e0 l&#8217;edizione numero 39. Di nuovo, dunque, fa registrare il tutto esaurito la manifestazione bellunese che si sviluppa su un tracciato di 23 chilometri con partenza da Listolade (comune di Taibon Agordino) a arrivo ai Piani di Pezz\u00e8 di Alleghe, correndo su e gi\u00f9 per i sentieri ai piedi della maestosa parete del Civetta, toccando i rifugi Capanna Trieste, Vazzoler, Tissi e Coldai. 1950 metri di dislivello positivo e 870 quelli di dislivello negativo. Il via verr\u00e0 dato alle 9 per i concorrenti della competitiva, alle 9.15 per quelli della non competitiva. Il tempo massimo \u00e8 fissato in 6 ore e trenta. Sono stati fissati anche dei cancelli orari: 12.00 al rifugio Vazzoler,13.15 al rifugio Tissi, 14.30 al rifugio Coldai. Dopo questi orari non verr\u00e0 pi\u00f9 garantita l\u2019assistenza da parte dell\u2019organizzazione. Oltre che per i primi classificati delle tre categorie (maschile, femminile e mista), diversi saranno i riconoscimenti per i protagonisti della Transcivetta Karpos. Tra questi, quello che andr\u00e0 alle coppie che eventualmente saranno in grado di battere il record del tracciato. Questi i record da battere: coppie maschili 2h01\u201922 (2017 Luca Cagnati \u2013 Nicola Spada); coppie femminili 2h42\u201943\u201d (2018 Erica e Francesca Ghelfi); coppie miste 2h30\u201929\u201d (2014 Mirko Righele \u2013 Federica Boifava).<\/p>\n<p>&nbsp;<\/p>\n<p>&nbsp;<\/p>\n<p>&nbsp;<\/p>\n<p>&nbsp;<\/p>\n<p><strong><a class=\"dt-pswp-item\" href=\"http:\/\/www.radiopiu.net\/wordpress\/wp-content\/uploads\/2018\/09\/WhatsApp-Image-2018-09-20-at-16.04.06.jpeg\" data-dt-img-description=\"\" data-large_image_width=\"800\" data-large_image_height=\"100\"><img loading=\"lazy\" decoding=\"async\" class=\"alignnone wp-image-61378 size-full\" src=\"http:\/\/www.radiopiu.net\/wordpress\/wp-content\/uploads\/2018\/09\/WhatsApp-Image-2018-09-20-at-16.04.06.jpeg\" alt=\"\" width=\"800\" height=\"100\" srcset=\"https:\/\/www.radiopiu.net\/wordpress\/wp-content\/uploads\/2018\/09\/WhatsApp-Image-2018-09-20-at-16.04.06.jpeg 800w, https:\/\/www.radiopiu.net\/wordpress\/wp-content\/uploads\/2018\/09\/WhatsApp-Image-2018-09-20-at-16.04.06-300x38.jpeg 300w, https:\/\/www.radiopiu.net\/wordpress\/wp-content\/uploads\/2018\/09\/WhatsApp-Image-2018-09-20-at-16.04.06-768x96.jpeg 768w\" sizes=\"auto, (max-width: 800px) 100vw, 800px\" \/><\/a><\/strong><\/p>\n<p>&nbsp;<\/p>\n<p><center><b>Sabato 20<\/b><\/center><b>Tempo atteso: <\/b>Al mattino tempo perlopi\u00f9 soleggiato con cielo sereno o poco nuvoloso per sottili velature; non esclusi del tutto banchi di nubi basse mattutine, in rapido dissolvimento dopo l&#8217;alba. Al pomeriggio modesta o localmente moderata cumulificazione, associata a fenomeni convettivi. Clima pi\u00f9 caldo di giorno grazie al buon soleggiamento.<br \/>\n<b>Precipitazioni: <\/b>Assenti fino a met\u00e0 pomeriggio, poi probabilit\u00e0 piuttosto non esclusa, anche se piuttosto bassa di qualche locale temporale di calore (10\/30%), pi\u00f9 probabile sulle Dolomiti rispetto alle Prealpi.<br \/>\n<b>Temperature: <\/b>In generale aumento a tutte le quote, con punte di 29\/31\u00b0C nei fondovalle prealpini e di 26\/27\u00b0C a 1000\/1200 m. Su Prealpi a 1500 m min 13\u00b0C max 19\u00b0C, a 2000 m min 11\u00b0C max 15\u00b0C. Su Dolomiti a 2000 m min 10\u00b0C max 16\u00b0C, a 3000 m min 6\u00b0C max 8\u00b0C.<br \/>\n<b>Venti: <\/b>Nelle valli deboli\/moderati a regime di brezza; in quota perlopi\u00f9 deboli da Ovest Sud-Ovest, a tratti moderati sulle vette dolomitiche pi\u00f9 alte, a 5-10 km\/h a 2000 m e a 10\/15 km\/h a 3000 m.<\/p>\n<hr \/>\n<p><center><b>Domenica 21<\/b><\/center><b>Tempo atteso: <\/b>Al mattino tempo ben soleggiato con cielo sereno o poco nuvoloso per primi modesti cumuli. Al pomeriggio parzialmente soleggiato con annuvolamenti irregolari per modesta o localmente moderata cumulificazione. La quale potr\u00e0 dare luogo a qualche temporale di calore. Alla sera esaurimento dei fenomeni ed ampi rasserenamenti. Clima un po&#8217; pi\u00f9 caldo a tutte le quote.<br \/>\n<b>Precipitazioni: <\/b>Assenti fino a met\u00e0 pomeriggio, poi probabilit\u00e0 molto contenuta di qualche locale temporale di calore (20\/30%), specie oltre i confini con il Trentino e l&#8217;Alto Adige, in grado di traboccare sulle Dolomiti bellunesi. Il rischio sar\u00e0 minore sulle Prealpi.<br \/>\n<b>Temperature: <\/b>In generale lieve aumento a tutte le quote, con punte di 31\/32\u00b0C nei fondovalle prealpini e di 28\/29\u00b0C a 1000\/1200 m. Su Prealpi a 1500 m min 15\u00b0C max 21\u00b0C, a 2000 m min 13\u00b0C max 17\u00b0C. Su Dolomiti a 2000 m min 12\u00b0C max 18\u00b0C, a 3000 m min 7\u00b0C max 9\u00b0C.<br \/>\n<b>Venti: <\/b>Nelle valli deboli\/moderati a regime di brezza; in quota perlopi\u00f9 deboli da Sud al mattino, da Nord al pomeriggio, a 5-10 km\/h a 2000 m e a 5\/15 km\/h a 3000 m.<\/p>\n<hr \/>\n<p><center><b>Lunedi 22<\/b><\/center>Tempo ben soleggiato con cielo sereno o poco nuvoloso per sottile velature, assieme a modestissimi cumuli di bel tempo, quest&#8217;ultimi presenti solo durante le ore pi\u00f9 calde. Temperature in aumento con clima di nuovo molto caldo nei fondovalle prealpini (punte di 32\/34\u00b0C) e nelle valli dolomitiche (punte di 29\/30\u00b0C). Venti deboli da Nord-Ovest in quota e brezze nelle valli.<\/p>\n<hr \/>\n<p><center><b>Martedi 23<\/b><\/center>Tempo ben soleggiato con cielo sereno al mattino e sereno o poco nuvoloso per modesti cumuli di bel tempo nelle ore pi\u00f9 calde. Temperature in ulteriore lieve aumento con clima sempre pi\u00f9 caldo, anche afoso nei fondovalle prealpini (punte di 33\/35\u00b0C) e nelle valli dolomitiche (punte di 30\/31\u00b0C). Venti deboli da Nord in quota e brezze nelle valli. Previsore: R.L.Th.<\/p>\n","protected":false},"excerpt":{"rendered":"<p>Parapiglia al Bar arrestato: \u00a0Litiga nel bar di via Loreto e prende per il collo un carabiniere intervenuto con la pattuglia. Sebastiano Rossa, 25enne \u00e8 stato arrestato dai carabinieri della Compagnia di Belluno coordinati dal sottotenente Giorgio Bergamo Ad Agordo\u00a0 tre indagati per la\u00a0 morte del cane Kaos dopo un esposto La Procura della Repubblica&hellip;<\/p>\n","protected":false},"author":1,"featured_media":92320,"comment_status":"closed","ping_status":"closed","sticky":false,"template":"","format":"standard","meta":{"_monsterinsights_skip_tracking":false,"_monsterinsights_sitenote_active":false,"_monsterinsights_sitenote_note":"","_monsterinsights_sitenote_category":0,"footnotes":""},"categories":[86],"tags":[],"class_list":["post-92268","post","type-post","status-publish","format-standard","has-post-thumbnail","hentry","category-gr","category-86","description-off"],"img_url":"https:\/\/www.radiopiu.net\/wordpress\/wp-content\/uploads\/2019\/07\/WhatsApp-Image-2019-07-19-at-19.42.27.jpeg","_links":{"self":[{"href":"https:\/\/www.radiopiu.net\/wordpress\/wp-json\/wp\/v2\/posts\/92268","targetHints":{"allow":["GET"]}}],"collection":[{"href":"https:\/\/www.radiopiu.net\/wordpress\/wp-json\/wp\/v2\/posts"}],"about":[{"href":"https:\/\/www.radiopiu.net\/wordpress\/wp-json\/wp\/v2\/types\/post"}],"author":[{"embeddable":true,"href":"https:\/\/www.radiopiu.net\/wordpress\/wp-json\/wp\/v2\/users\/1"}],"replies":[{"embeddable":true,"href":"https:\/\/www.radiopiu.net\/wordpress\/wp-json\/wp\/v2\/comments?post=92268"}],"version-history":[{"count":0,"href":"https:\/\/www.radiopiu.net\/wordpress\/wp-json\/wp\/v2\/posts\/92268\/revisions"}],"wp:featuredmedia":[{"embeddable":true,"href":"https:\/\/www.radiopiu.net\/wordpress\/wp-json\/wp\/v2\/media\/92320"}],"wp:attachment":[{"href":"https:\/\/www.radiopiu.net\/wordpress\/wp-json\/wp\/v2\/media?parent=92268"}],"wp:term":[{"taxonomy":"category","embeddable":true,"href":"https:\/\/www.radiopiu.net\/wordpress\/wp-json\/wp\/v2\/categories?post=92268"},{"taxonomy":"post_tag","embeddable":true,"href":"https:\/\/www.radiopiu.net\/wordpress\/wp-json\/wp\/v2\/tags?post=92268"}],"curies":[{"name":"wp","href":"https:\/\/api.w.org\/{rel}","templated":true}]}}