{"id":92270,"date":"2019-07-22T05:40:19","date_gmt":"2019-07-22T03:40:19","guid":{"rendered":"http:\/\/www.radiopiu.net\/wordpress\/?p=92270"},"modified":"2019-07-22T18:33:15","modified_gmt":"2019-07-22T16:33:15","slug":"giornale-radiopiu-22-luglio-2019-direttore-mirko-mezzacasa","status":"publish","type":"post","link":"https:\/\/www.radiopiu.net\/wordpress\/giornale-radiopiu-22-luglio-2019-direttore-mirko-mezzacasa\/","title":{"rendered":"GIORNALE RADIOPIU 22 LUGLIO 2019 DIRETTORE MIRKO MEZZACASA"},"content":{"rendered":"<blockquote><p><strong>LA STRADA MISURINA-CARBONIN DOPO UNA NOTTE DI LAVORO DEGLI OPERAI DI VENETO STRADE E&#8217; STATA RIAPERTA A SENSO UNICO\u00a0<\/strong><\/p><\/blockquote>\n<p><strong>E&#8217; ormai definito come il conclusivo scontro sull&#8217;autonomia,<\/strong> \u00e8 la lunga lettera che i governatori\u00a0 Zaia e Fontana hanno inviato al Premier Conte, &#8220;Siamo feriti dalla parole di Conte e non intendiamo firmare una presa in giro&#8221;. L&#8217;intera lettera \u00e8 pubblicata in questo notiziario.<\/p>\n<p><strong>Fine settimana sempre impegnativo per il Soccorso Alpino,<\/strong> sabato e domenica in elicottero e tra corde e ramponi. A Fonzaso G.R. 61 anni gravemente ferito agli arti inferiori nell&#8217;incidente in cui la sua moto finita sotto al guard rail si \u00e8 spezzata in due.<\/p>\n<p><strong>Oggi il Corriere delle Alpi si propone con uno speciale di Paola Dall&#8217;Anese<\/strong>: viaggio nei paesi che vivono sotto i tronchi schiantati e non ancora portati via con l&#8217;incubo che possano cadere da un momento all&#8217;altro a causa di forti termporali come nei giorni scorsi, oppure che scoppi un incendio.Gli abitanti delle frazioni tra Alleghe e Rocca Pietore lamentano la mancanza di interventi a oltre otto mesi dalla tempesta Vaia<\/p>\n<p>&nbsp;<\/p>\n<p><strong>Cagnati e Moia<\/strong> firmano la Trans Civetta, Scola la Corrinvalle a Taibon. (SPECIALE A DUE PAGINE SUL CORRIERE DELLE ALPI)<\/p>\n<p><strong>LO SPECIALE ALLA RADIO\u00a0<\/strong><\/p>\n<audio class=\"wp-audio-shortcode\" id=\"audio-92270-1\" preload=\"none\" style=\"width: 100%;\" controls=\"controls\"><source type=\"audio\/mpeg\" src=\"http:\/\/www.radiopiu.net\/wordpress\/wp-content\/uploads\/2019\/07\/SPECIALE-TRANSCIVETTA-2019.mp3?_=1\" \/><a href=\"http:\/\/www.radiopiu.net\/wordpress\/wp-content\/uploads\/2019\/07\/SPECIALE-TRANSCIVETTA-2019.mp3\">http:\/\/www.radiopiu.net\/wordpress\/wp-content\/uploads\/2019\/07\/SPECIALE-TRANSCIVETTA-2019.mp3<\/a><\/audio>\n<p>&nbsp;<\/p>\n<p>&nbsp;<\/p>\n<p><strong>Voltago-Vallada e Caprile-Fodom<\/strong>, le semi finaliste dell&#8217;agordino di calcio (SPECIALE A DUE PAGINE SUL CORRIERE DELLE ALPI)<\/p>\n<p><strong>La Valle e Taibon<\/strong> le uniche con il pass per le semifinali del giovanile agordino di calcio<\/p>\n<p><strong>Citt\u00e0 di Agordo di tennis, i qualificati:<\/strong> Emiliano Scola, Pietro Ferriolo, Tommaso De Moliner, Davide Bortot, Gianfranco Giannini, Carlo Boscaro, Daniele Alpago e Francesco Bortot. Femminile fase preliminare: Ester Fant Cristina Contento, Valentina Largura, Beatrice Allatere e Monica Xaiz.<\/p>\n<p>&nbsp;<\/p>\n<p>&nbsp;<\/p>\n<p>&nbsp;<\/p>\n<blockquote><p><em>Gestione Servizi Pubblici informa che a Voltago Agordino in tutto il comune, a Pedavena in via Sant\u2019Antonio da Padova e Padre Kolbe, a Val di Zoldo in localit\u00e0 Cordelle e Gavaz l&#8217;acqua erogata dall&#8217;acquedotto \u00e8 di nuovo potabile e pu\u00f2 essere usata, quindi, per scopi alimentari. Non cos\u00ec a Colcuc di Colle Santa Lucia dove l&#8217;acqua \u00e8 sempre inquinata e puo&#8217; essere usata per scopi alimentari solo previa bollitura.<\/em><\/p>\n<p>&nbsp;<\/p>\n<p>&nbsp;<\/p><\/blockquote>\n<p>&nbsp;<\/p>\n<h2>UN ALTRO ALLEGHESE INIZIA L&#8217;ULTIMO VIAGGIO DALLE SUE MONTAGNE<\/h2>\n<p><strong><a class=\"dt-pswp-item\" href=\"http:\/\/www.radiopiu.net\/wordpress\/wp-content\/uploads\/2019\/07\/WhatsApp-Image-2019-07-21-at-18.16.19.jpeg\" data-dt-img-description=\"\" data-large_image_width=\"720\" data-large_image_height=\"1440\"><img loading=\"lazy\" decoding=\"async\" class=\"size-medium wp-image-92432 alignleft\" src=\"http:\/\/www.radiopiu.net\/wordpress\/wp-content\/uploads\/2019\/07\/WhatsApp-Image-2019-07-21-at-18.16.19-150x300.jpeg\" alt=\"\" width=\"150\" height=\"300\" srcset=\"https:\/\/www.radiopiu.net\/wordpress\/wp-content\/uploads\/2019\/07\/WhatsApp-Image-2019-07-21-at-18.16.19-150x300.jpeg 150w, https:\/\/www.radiopiu.net\/wordpress\/wp-content\/uploads\/2019\/07\/WhatsApp-Image-2019-07-21-at-18.16.19-512x1024.jpeg 512w, https:\/\/www.radiopiu.net\/wordpress\/wp-content\/uploads\/2019\/07\/WhatsApp-Image-2019-07-21-at-18.16.19.jpeg 720w\" sizes=\"auto, (max-width: 150px) 100vw, 150px\" \/><\/a>ALLEGHE<\/strong> La morte di Corrado &#8220;Pantera&#8221; Pini\u00e8 ha scosso Alleghe, un ruzzolone mentre andava a funghi, una caduta fatale e poi il doloroso ritrovamento per gli uomini del Soccorso Alpino. Ritorna alla mente anche l&#8217;altro grave incidente molto simile che ha strappato alla sua famiglia e alla famiglia dell&#8217;hockey su ghiaccio Nilo Riva, il 22 agosto di sette anni fa.\u00a0 Buon viaggio &#8220;Pantera&#8221;<\/p>\n<p>Attorno alle 19.30 di sabato\u00a0 il Soccorso alpino di Alleghe \u00e8 stato allertato per il mancato rientro di un cercatore di funghi. CORRADO PINIE&#8217; &#8220;Pantera&#8221; un sessantenne di Alleghe\u00a0 era partito in mattinata da casa e aveva appuntamento con un parente nel pomeriggio, ma non si era mai presentato. Dalla triangolazione delle celle telefoniche, carabinieri e soccorritori sono risaliti a un&#8217;area di bosco sopra lo Stadio del ghiaccio, dove la prima squadra a muoversi ha rinvenuto l&#8217;auto parcheggiata. \u00c8 quindi iniziata la perlustrazione della pista da sci e della zona boscata e, poco dopo, 200 metri pi\u00f9 sopra, \u00e8 purtroppo stato rinvenuto il corpo senza vita dell&#8217;uomo, che era ruzzolato per una cinquantina di metri da una scarpata finendo in un sentiero in localit\u00e0 Al Col. Una volta ottenuto il nulla osta dalla magistratura per la rimozione, la salma ricomposta e imbarellata \u00e8 stata trasportata fino alla strada, per essere poi accompagnata alla cella mortuaria.<\/p>\n<p>FOTO DALLA PAGINA FACEBOOK DELL&#8217;AMICO LEO FERSUOCH.<\/p>\n<p>&nbsp;<\/p>\n<p>&nbsp;<\/p>\n<p>&nbsp;<\/p>\n<p>&nbsp;<\/p>\n<h2>RICERCHE NELLA NOTTE, CESSATI DUE ALLARMI<\/h2>\n<p><strong>CORTINA<\/strong> Nella notte tra domenica e ieri\u00a0 attorno alle 4.30 \u00e8 scattato l&#8217;allarme per il mancato rientro di un uomo di Auronzo di Cadore, dopo il concerto tenutosi al Rifugio Scoiattoli. Terminata l&#8217;esibizione, mentre il resto della sua compagnia era riuscito a scendere prima della chiusura degli impianti, lui si era attardato e, via cellulare, aveva comunicato agli amici che li avrebbe raggiunti a piedi. Dopo averlo atteso inv<span class=\"text_exposed_show\">ano &#8211; non rispondeva pi\u00f9 al cellulare &#8211; il gruppo preoccupato \u00e8 salito lungo il sentiero e ridisceso, per poi chiedere aiuto. Soccorso alpino di Cortina, Sagf e Vigili del fuoco si sono quindi mossi per avviare le ricerche. E cos\u00ec, saliti al Rifugio Scoiattoli in jeep, dopo non essere riusciti a contattare subito il gestore, hanno rinvenuto l&#8217;uomo che dormiva all&#8217;esterno su una panca e lo hanno riaccompagnato a valle. Sempre nella notte \u00e8 partita invece una seconda ricerca, dopo la segnalazione ai carabinieri da parte di una donna di Merano (BZ), che non riusciva a parlare con il marito quarantaseienne, partito assieme al figlio di 6 anni con l&#8217;intenzione di fare un&#8217;escursione sulle Tre Cime o sul Paterno. Dopo aver cercato senza risultato la macchina nei parcheggi delle localit\u00e0 indicate, analizzando la triangolazione delle celle, \u00e8 stata evidenziata un&#8217;area tra Ospitale e Tornich\u00e8 a Cortina d&#8217;Ampezzo, ma la verifica ha dato esito negativo. Sono stati quindi vagliati i filmati di alcune telecamere ed \u00e8 stato registrato il passaggio dell&#8217;auto in direzione del Passo Falzarego. Il gestore del Rifugio Col Gallina ha fatto un giro nelle aree di sosta della zona e ha visto la macchina parcheggiata sotto il Lagazuoi. Quando una squadra del Sagf si e portata sul posto, alle 10.30 circa, padre e figlio, che stavano bene e non avevano problemi, sono stati rintracciati e l&#8217;allarme \u00e8 cessato<\/span><\/p>\n<p>&nbsp;<\/p>\n<p>&nbsp;<\/p>\n<p>&nbsp;<\/p>\n<h2>INFORTUNIO ALLA TRANSCIVETTA<\/h2>\n<p><strong>ALLEGHE<\/strong> Ieri attorno a mezzogiorno l&#8217;elicottero del Suem di Pieve di Cadore \u00e8 intervenuto lungo il percorso della Transcivetta, per un atleta che, messo male un braccio, aveva riportato un trauma. Atterrati a Pian de la Lora, equipe medica e tecnico di elisoccorso hanno prestato le prime cure a S.S., 36 anni, di Trieste, poi trasportato all&#8217;ospedale di Belluno.<\/p>\n<p>&nbsp;<\/p>\n<p>&nbsp;<\/p>\n<p>&nbsp;<\/p>\n<h2>INTERVENTI IN MONTAGNA, DOMENICA<\/h2>\n<p><strong>BELLUNO\u00a0<\/strong> Nel pomeriggio una squadra del Soccorso alpino di Agordo, in rientro dal fare assistenza alla Transcivetta, ha recuperato lungo il sentiero 555 in Val Corpassa un escursionista tedesco di 55 anni, che si era fatto male. I soccorritori lo hanno caricato sul fuoristrada e accompagnato al pronto soccorso di Agordo. Il Soccorso alpino di San Vito di Cadore \u00e8 invece intervenuto sopra il Rifugio Scotter, alla partenza della teleferica del Rifugio San Marco, fin dove gli amici avevano aiutato ad arrivare un&#8217;escursionista di Sacile (PN) che si sentiva poco bene. I soccorritori l&#8217;hanno quindi trasportata al parcheggio e da l\u00ec lei si \u00e8 allontanata con i propri mezzi. La Centrale operativa ha infine dato informazioni sulla direzione da prendere a due ciclisti che erano rimasti bloccati dagli schianti in Val da Rin e che sono cos\u00ec riusciti a togliersi dai guai.<\/p>\n<p>&nbsp;<\/p>\n<p>&nbsp;<\/p>\n<h2>INTERVENTI IN MONTAGNA DI SABATO<\/h2>\n<p><strong>BELLUNO\u00a0<\/strong> Sabato\u00a0mattina attorno alle 10.30 il 118 \u00e8 stato contattato da un ciclista in difficolt\u00e0 nella zona di Col Villapiccola. L&#8217;uomo, A.P., 54 anni, di Alpago (BL), era uscito fuori sentiero con la propria bicicletta a pedalata assistita e non era pi\u00f9 in grado di spostarsi. Allertato il Soccorso alpino di Auronzo, dopo averlo geolocalizzato una squadra del Sagf \u00e8 partita in suo aiuto con il fuoristrada da Pian dei Buoi. Attorno alle 13\u00a0<span class=\"text_exposed_show\">l&#8217;elicottero del Suem di Pieve di Cadore \u00e8 decollato in direzione della Moiazza, poich\u00e9 un alpinista era volato sulla Via Decima, riportando probabili traumi al volto e alla caviglia. Individuato a circa met\u00e0 itinerario, il rocciatore, M.M., 55 anni, di Treviso, \u00e8 stato recuperato dal tecnico del Soccorso alpino dell&#8217;equipaggio con un verricello e poi trasportato all&#8217;ambulanza diretta all&#8217;ospedale di Agordo. Il suo compagno ha ultimato la via assieme a un&#8217;altra cordata ed \u00e8 rientrato autonomamente. Una squadra del Sagf di Auronzo ha poi recuperato attorno alle 16 un escursionista, S.B., 69 anni, di Padova che si era infortunato a un piede in Val d&#8217;Onge, sotto il Rifugio Citt\u00e0 di Carpi, per poi affidarlo all&#8217;ambulanza.<\/span><\/p>\n<p>&nbsp;<\/p>\n<p>&nbsp;<\/p>\n<h1>L&#8217;ANNO NO DELLA CICLABILE A FALCADE<\/h1>\n<h2><a class=\"dt-pswp-item\" href=\"http:\/\/www.radiopiu.net\/wordpress\/wp-content\/uploads\/2019\/07\/IMG-20150702-WA0001.jpg\" data-dt-img-description=\"\" data-large_image_width=\"1280\" data-large_image_height=\"719\"><img loading=\"lazy\" decoding=\"async\" class=\" wp-image-92253 alignleft\" src=\"http:\/\/www.radiopiu.net\/wordpress\/wp-content\/uploads\/2019\/07\/IMG-20150702-WA0001-300x169.jpg\" alt=\"\" width=\"236\" height=\"133\" srcset=\"https:\/\/www.radiopiu.net\/wordpress\/wp-content\/uploads\/2019\/07\/IMG-20150702-WA0001-300x169.jpg 300w, https:\/\/www.radiopiu.net\/wordpress\/wp-content\/uploads\/2019\/07\/IMG-20150702-WA0001-768x431.jpg 768w, https:\/\/www.radiopiu.net\/wordpress\/wp-content\/uploads\/2019\/07\/IMG-20150702-WA0001-1024x575.jpg 1024w, https:\/\/www.radiopiu.net\/wordpress\/wp-content\/uploads\/2019\/07\/IMG-20150702-WA0001.jpg 1280w\" sizes=\"auto, (max-width: 236px) 100vw, 236px\" \/><\/a><\/h2>\n<p><strong>FALCADE<\/strong> Un altro temporale sabato ha devastato la ciclabile che da Canale d&#8217;Agordo (Cavallera) porta a Caviola, come qualche giorno prima. Rapido e immediato l&#8217;intervento del Comune di Falcade ma questa volta si preannunciano tempi pi\u00f9 lunghi come confermava ieri mattina il sindaco di Falcade Michele Costa<\/p>\n<audio class=\"wp-audio-shortcode\" id=\"audio-92270-2\" preload=\"none\" style=\"width: 100%;\" controls=\"controls\"><source type=\"audio\/mpeg\" src=\"http:\/\/www.radiopiu.net\/wordpress\/wp-content\/uploads\/2019\/07\/costsa.mp3?_=2\" \/><a href=\"http:\/\/www.radiopiu.net\/wordpress\/wp-content\/uploads\/2019\/07\/costsa.mp3\">http:\/\/www.radiopiu.net\/wordpress\/wp-content\/uploads\/2019\/07\/costsa.mp3<\/a><\/audio>\n<p>&nbsp;<\/p>\n<h2><a class=\"dt-pswp-item\" href=\"http:\/\/www.radiopiu.net\/wordpress\/wp-content\/uploads\/2019\/07\/WhatsApp-Image-2019-07-21-at-19.40.03-1.jpeg\" data-dt-img-description=\"\" data-large_image_width=\"1600\" data-large_image_height=\"1200\"><img loading=\"lazy\" decoding=\"async\" class=\"alignnone size-medium wp-image-92468\" src=\"http:\/\/www.radiopiu.net\/wordpress\/wp-content\/uploads\/2019\/07\/WhatsApp-Image-2019-07-21-at-19.40.03-1-300x225.jpeg\" alt=\"\" width=\"300\" height=\"225\" srcset=\"https:\/\/www.radiopiu.net\/wordpress\/wp-content\/uploads\/2019\/07\/WhatsApp-Image-2019-07-21-at-19.40.03-1-300x225.jpeg 300w, https:\/\/www.radiopiu.net\/wordpress\/wp-content\/uploads\/2019\/07\/WhatsApp-Image-2019-07-21-at-19.40.03-1-768x576.jpeg 768w, https:\/\/www.radiopiu.net\/wordpress\/wp-content\/uploads\/2019\/07\/WhatsApp-Image-2019-07-21-at-19.40.03-1-1024x768.jpeg 1024w, https:\/\/www.radiopiu.net\/wordpress\/wp-content\/uploads\/2019\/07\/WhatsApp-Image-2019-07-21-at-19.40.03-1.jpeg 1600w\" sizes=\"auto, (max-width: 300px) 100vw, 300px\" \/><\/a><a class=\"dt-pswp-item\" href=\"http:\/\/www.radiopiu.net\/wordpress\/wp-content\/uploads\/2019\/07\/WhatsApp-Image-2019-07-21-at-19.39.59.jpeg\" data-dt-img-description=\"\" data-large_image_width=\"1600\" data-large_image_height=\"1200\"><img loading=\"lazy\" decoding=\"async\" class=\"alignnone size-medium wp-image-92467\" src=\"http:\/\/www.radiopiu.net\/wordpress\/wp-content\/uploads\/2019\/07\/WhatsApp-Image-2019-07-21-at-19.39.59-300x225.jpeg\" alt=\"\" width=\"300\" height=\"225\" srcset=\"https:\/\/www.radiopiu.net\/wordpress\/wp-content\/uploads\/2019\/07\/WhatsApp-Image-2019-07-21-at-19.39.59-300x225.jpeg 300w, https:\/\/www.radiopiu.net\/wordpress\/wp-content\/uploads\/2019\/07\/WhatsApp-Image-2019-07-21-at-19.39.59-768x576.jpeg 768w, https:\/\/www.radiopiu.net\/wordpress\/wp-content\/uploads\/2019\/07\/WhatsApp-Image-2019-07-21-at-19.39.59-1024x768.jpeg 1024w, https:\/\/www.radiopiu.net\/wordpress\/wp-content\/uploads\/2019\/07\/WhatsApp-Image-2019-07-21-at-19.39.59.jpeg 1600w\" sizes=\"auto, (max-width: 300px) 100vw, 300px\" \/><\/a><\/h2>\n<p>FOTO Oriana Genuin e archivio radiopiu<\/p>\n<blockquote><p>&nbsp;<\/p><\/blockquote>\n<h2><\/h2>\n<h2><\/h2>\n<p>&nbsp;<\/p>\n<blockquote><p>&nbsp;<\/p><\/blockquote>\n<h2>&#8220;UOMO AVVISATO&#8230;.&#8221; AUTOVELOX SPIANATI ANCHE\u00a0 IN VALLE DEL BIOIS<\/h2>\n<p><strong><a class=\"dt-pswp-item\" href=\"http:\/\/www.radiopiu.net\/wordpress\/wp-content\/uploads\/2017\/04\/autovelox-sara\u00e0-attivato-a-cencenighe-per-ora-il-palo.jpg\" data-dt-img-description=\"\" data-large_image_width=\"3264\" data-large_image_height=\"1836\"><img loading=\"lazy\" decoding=\"async\" class=\"size-medium wp-image-31141 alignleft\" src=\"http:\/\/www.radiopiu.net\/wordpress\/wp-content\/uploads\/2017\/04\/autovelox-sara\u00e0-attivato-a-cencenighe-per-ora-il-palo-300x169.jpg\" alt=\"\" width=\"300\" height=\"169\" \/><\/a>FALCADE<\/strong> Come a Vare di Avoscan, ad Agordo nelle tre postazioni lungo la regionale 203 agordina e la 347 del Duran, come a Candaten, Morbiach di Cencenighe, Alleghe&#8230; premere il piede sull&#8217;acceleratore oltre il limite pu\u00f2 costare caro, in denaro e punti patente. I vigili urbani comandati dalle amministrazioni comunali hanno sfoderato laser e autovelox, l&#8217;unica soluzione per non dargli grandi soddisfazioni mentre osservano comodamente seduti dalle auto, mai sotto il sole,\u00a0 \u00e8 di non farsi pizzicare in fallo che \u00e8 sempre un messaggio di assoluta prevenzione. Visti i bilanci comunali degli ultimi anni \u00e8 ovvio che l&#8217;entrata &#8220;sanzioni della strada&#8221; ha un certo peso, \u00e8 davvero auspicabile che in tempi brevi vengano concretizzati interventi importanti per la viabilita&#8217;, per la sicurezza, per il cittadino. Come dire che quel denaro non serva a ripianare i bilanci gi\u00e0 privati di importanti risorse dei fondi di confine con oboli milionari a Regione e Veneto Strade per la tangenziale, rotonde e pronto soccorso dell&#8217;ospedale. Che i primi cittadini dopo aver fatto cassa relazionino ai loro elettori come vengono spesi quei soldi. (MM)<\/p>\n<p><strong>DI GIANNI SANTOMASO<\/strong><\/p>\n<audio class=\"wp-audio-shortcode\" id=\"audio-92270-3\" preload=\"none\" style=\"width: 100%;\" controls=\"controls\"><source type=\"audio\/mpeg\" src=\"http:\/\/www.radiopiu.net\/wordpress\/wp-content\/uploads\/2019\/07\/AUTOVELOX.mp3?_=3\" \/><a href=\"http:\/\/www.radiopiu.net\/wordpress\/wp-content\/uploads\/2019\/07\/AUTOVELOX.mp3\">http:\/\/www.radiopiu.net\/wordpress\/wp-content\/uploads\/2019\/07\/AUTOVELOX.mp3<\/a><\/audio>\n<p>&nbsp;<\/p>\n<p>&nbsp;<\/p>\n<p>&nbsp;<\/p>\n<h2>BENVENUTI SCOUT, RIVAMONTE VI HA APERTO LE PORTE<\/h2>\n<p><strong>RIVAMONTE<\/strong> Coma anticipato sono arrivati in forze per aiutare il territorio, sono i ragazzi dell&#8217;Agesci.<\/p>\n<p><strong>DI GIANNI SANTOMASO<\/strong><\/p>\n<audio class=\"wp-audio-shortcode\" id=\"audio-92270-4\" preload=\"none\" style=\"width: 100%;\" controls=\"controls\"><source type=\"audio\/mpeg\" src=\"http:\/\/www.radiopiu.net\/wordpress\/wp-content\/uploads\/2019\/07\/SCOUT.mp3?_=4\" \/><a href=\"http:\/\/www.radiopiu.net\/wordpress\/wp-content\/uploads\/2019\/07\/SCOUT.mp3\">http:\/\/www.radiopiu.net\/wordpress\/wp-content\/uploads\/2019\/07\/SCOUT.mp3<\/a><\/audio>\n<p>&nbsp;<\/p>\n<blockquote class=\"wp-embedded-content\" data-secret=\"uTZ131FxBq\"><p><a href=\"http:\/\/www.radiopiu.net\/wordpress\/lagordino-saluta-gli-scout-in-aiuto-ai-comuni\/\">L&#8217;AGORDINO SALUTA GLI SCOUT IN AIUTO AI COMUNI<\/a><\/p><\/blockquote>\n<p><iframe loading=\"lazy\" title=\"&#8220;L&#8217;AGORDINO SALUTA GLI SCOUT IN AIUTO AI COMUNI&#8221; &#8212; Radio Pi\u00f9\" class=\"wp-embedded-content\" sandbox=\"allow-scripts\" security=\"restricted\" style=\"position: absolute; clip: rect(1px, 1px, 1px, 1px);\" src=\"http:\/\/www.radiopiu.net\/wordpress\/lagordino-saluta-gli-scout-in-aiuto-ai-comuni\/embed\/#?secret=uTZ131FxBq\" data-secret=\"uTZ131FxBq\" width=\"600\" height=\"338\" frameborder=\"0\" marginwidth=\"0\" marginheight=\"0\" scrolling=\"no\"><\/iframe><\/p>\n<p>&nbsp;<\/p>\n<p>&nbsp;<\/p>\n<p>&nbsp;<\/p>\n<p>&nbsp;<\/p>\n<h3><\/h3>\n<h2><a class=\"dt-pswp-item\" href=\"http:\/\/www.radiopiu.net\/wordpress\/wp-content\/uploads\/2019\/07\/LOGO-ALLEGHE-GIRLS.jpg\" data-dt-img-description=\"\" data-large_image_width=\"749\" data-large_image_height=\"749\"><img loading=\"lazy\" decoding=\"async\" class=\"wp-image-92436 alignleft\" src=\"http:\/\/www.radiopiu.net\/wordpress\/wp-content\/uploads\/2019\/07\/LOGO-ALLEGHE-GIRLS-300x300.jpg\" alt=\"\" width=\"133\" height=\"133\" srcset=\"https:\/\/www.radiopiu.net\/wordpress\/wp-content\/uploads\/2019\/07\/LOGO-ALLEGHE-GIRLS-300x300.jpg 300w, https:\/\/www.radiopiu.net\/wordpress\/wp-content\/uploads\/2019\/07\/LOGO-ALLEGHE-GIRLS-150x150.jpg 150w, https:\/\/www.radiopiu.net\/wordpress\/wp-content\/uploads\/2019\/07\/LOGO-ALLEGHE-GIRLS.jpg 749w\" sizes=\"auto, (max-width: 133px) 100vw, 133px\" \/><\/a>E&#8217; UFFICIALE, L&#8217;ALLEGHE HOCKEY FEMMINILE NON PARTECIPERA&#8217; AL PROSSIMO CAMPIONATO<\/h2>\n<p>Il pi\u00f9 triste \u00e8 sicuramente coach Cristian Schivo incaricato di dare la notizia: l&#8217;Alleghe Hockey campione d&#8217;Italia non ha i numeri per iscriversi alla serie A, non parteciper\u00e0 pertanto al prossimo campionato.<br \/>\n<strong>CRISTIAN SCHIVO<\/strong><\/p>\n<p>&nbsp;<\/p>\n<audio class=\"wp-audio-shortcode\" id=\"audio-92270-5\" preload=\"none\" style=\"width: 100%;\" controls=\"controls\"><source type=\"audio\/mpeg\" src=\"http:\/\/www.radiopiu.net\/wordpress\/wp-content\/uploads\/2019\/07\/SCHIVO-1.mp3?_=5\" \/><a href=\"http:\/\/www.radiopiu.net\/wordpress\/wp-content\/uploads\/2019\/07\/SCHIVO-1.mp3\">http:\/\/www.radiopiu.net\/wordpress\/wp-content\/uploads\/2019\/07\/SCHIVO-1.mp3<\/a><\/audio>\n<p>&nbsp;<\/p>\n<p>A Cristian ed a Silvia Toffano auguriamo invece un buon proseguimento con la nazionale, entrambi sono meritatamente nello staff tecnico, Cristian \u00e8 assistente coach di Max Fedrizzi, Silvia nello staff tecnico della Under 18 come assistente allenatore e con lei ci sar\u00e0 la &#8220;veterana&#8221; ma sempre verde Manuela Friz.<\/p>\n<p>&nbsp;<\/p>\n<p>&nbsp;<\/p>\n<p>&nbsp;<\/p>\n<h2>QUELLE IMMAGINI DOLOMITICHE, NON CERTO AUSTRIACHE<\/h2>\n<p><strong>AGORDO<\/strong> Davide Conedera \u00e8 un giovane attento e consigliere comunale nella sua citt\u00e0. Ama il cinema e come tanti suoi coetanei non si \u00e8 perso Spider man ultima versione. Seduto sulla poltrona con pop corn e coca cola in mano \u00e8 sobbalzato quando dal grande schermo ha visto le sue Dolomiti scippate dall&#8217;Austria&#8230; Ieri lo ha raccontato alla radio.<\/p>\n<p><strong>DAVIDE CONEDERA<\/strong><\/p>\n<audio class=\"wp-audio-shortcode\" id=\"audio-92270-6\" preload=\"none\" style=\"width: 100%;\" controls=\"controls\"><source type=\"audio\/mpeg\" src=\"http:\/\/www.radiopiu.net\/wordpress\/wp-content\/uploads\/2019\/07\/DAVIDE.mp3?_=6\" \/><a href=\"http:\/\/www.radiopiu.net\/wordpress\/wp-content\/uploads\/2019\/07\/DAVIDE.mp3\">http:\/\/www.radiopiu.net\/wordpress\/wp-content\/uploads\/2019\/07\/DAVIDE.mp3<\/a><\/audio>\n<p>&nbsp;<\/p>\n<p><iframe loading=\"lazy\" title=\"Spider Man Far From Home - (Peter Tries New Glasses For the First Time) 2019\" width=\"1200\" height=\"675\" src=\"https:\/\/www.youtube.com\/embed\/SPJ0RxE_lN8?feature=oembed\" frameborder=\"0\" allow=\"accelerometer; autoplay; encrypted-media; gyroscope; picture-in-picture\" allowfullscreen><\/iframe><\/p>\n<p>&nbsp;<\/p>\n<p>&nbsp;<\/p>\n<p>&nbsp;<\/p>\n<h2>SECONDA GIORNATA ECOLOGICA IN RIVA AL LAGO, IL GRAZIE DEL SINDACO<\/h2>\n<p>ALLEGHE Danilo De Toni ringrazia i volontari che hanno reso Alleghe ancora pi\u00f9 bello e pulito<\/p>\n<p>audio<\/p>\n<audio class=\"wp-audio-shortcode\" id=\"audio-92270-7\" preload=\"none\" style=\"width: 100%;\" controls=\"controls\"><source type=\"audio\/mpeg\" src=\"http:\/\/www.radiopiu.net\/wordpress\/wp-content\/uploads\/2019\/07\/danilo-2.mp3?_=7\" \/><a href=\"http:\/\/www.radiopiu.net\/wordpress\/wp-content\/uploads\/2019\/07\/danilo-2.mp3\">http:\/\/www.radiopiu.net\/wordpress\/wp-content\/uploads\/2019\/07\/danilo-2.mp3<\/a><\/audio>\n<p>&nbsp;<\/p>\n<p><a class=\"dt-pswp-item\" href=\"http:\/\/www.radiopiu.net\/wordpress\/wp-content\/uploads\/2019\/07\/WhatsApp-Image-2019-07-20-at-09.27.09.jpeg\" data-dt-img-description=\"\" data-large_image_width=\"1200\" data-large_image_height=\"1600\"><img loading=\"lazy\" decoding=\"async\" class=\"alignnone wp-image-92530\" src=\"http:\/\/www.radiopiu.net\/wordpress\/wp-content\/uploads\/2019\/07\/WhatsApp-Image-2019-07-20-at-09.27.09-768x1024.jpeg\" alt=\"\" width=\"282\" height=\"376\" srcset=\"https:\/\/www.radiopiu.net\/wordpress\/wp-content\/uploads\/2019\/07\/WhatsApp-Image-2019-07-20-at-09.27.09-768x1024.jpeg 768w, https:\/\/www.radiopiu.net\/wordpress\/wp-content\/uploads\/2019\/07\/WhatsApp-Image-2019-07-20-at-09.27.09-225x300.jpeg 225w, https:\/\/www.radiopiu.net\/wordpress\/wp-content\/uploads\/2019\/07\/WhatsApp-Image-2019-07-20-at-09.27.09.jpeg 1200w\" sizes=\"auto, (max-width: 282px) 100vw, 282px\" \/><\/a><a class=\"dt-pswp-item\" href=\"http:\/\/www.radiopiu.net\/wordpress\/wp-content\/uploads\/2019\/07\/WhatsApp-Image-2019-07-20-at-09.27.09-1.jpeg\" data-dt-img-description=\"\" data-large_image_width=\"1200\" data-large_image_height=\"1600\"><img loading=\"lazy\" decoding=\"async\" class=\"alignnone wp-image-92529\" src=\"http:\/\/www.radiopiu.net\/wordpress\/wp-content\/uploads\/2019\/07\/WhatsApp-Image-2019-07-20-at-09.27.09-1-225x300.jpeg\" alt=\"\" width=\"281\" height=\"375\" srcset=\"https:\/\/www.radiopiu.net\/wordpress\/wp-content\/uploads\/2019\/07\/WhatsApp-Image-2019-07-20-at-09.27.09-1-225x300.jpeg 225w, https:\/\/www.radiopiu.net\/wordpress\/wp-content\/uploads\/2019\/07\/WhatsApp-Image-2019-07-20-at-09.27.09-1-768x1024.jpeg 768w, https:\/\/www.radiopiu.net\/wordpress\/wp-content\/uploads\/2019\/07\/WhatsApp-Image-2019-07-20-at-09.27.09-1.jpeg 1200w\" sizes=\"auto, (max-width: 281px) 100vw, 281px\" \/><\/a><\/p>\n<p>&nbsp;<\/p>\n<p>&nbsp;<\/p>\n<p>&nbsp;<\/p>\n<p>&nbsp;<\/p>\n<p>&nbsp;<\/p>\n<h3>Oggi 21 Luglio 2019: buona parte dei lavori sono stati fatti, il mezzo in prima foto era ancora operativo alle ore 19:40, nonostante siamo di Domenica. Speriamo in un &#8220;quanto prima&#8221; riguardo la riapertura&#8230;<\/h3>\n<p>di Stefano De Mattia<\/p>\n<p><a class=\"dt-pswp-item\" href=\"http:\/\/www.radiopiu.net\/wordpress\/wp-content\/uploads\/2019\/07\/67105221_2442536362433090_1233160981278883840_o.jpg\" data-dt-img-description=\"\" data-large_image_width=\"1600\" data-large_image_height=\"1200\"><img loading=\"lazy\" decoding=\"async\" class=\"alignnone size-thumbnail wp-image-92514\" src=\"http:\/\/www.radiopiu.net\/wordpress\/wp-content\/uploads\/2019\/07\/67105221_2442536362433090_1233160981278883840_o-150x150.jpg\" alt=\"\" width=\"150\" height=\"150\" \/><\/a><a class=\"dt-pswp-item\" href=\"http:\/\/www.radiopiu.net\/wordpress\/wp-content\/uploads\/2019\/07\/67095755_2442536185766441_563456321475575808_o.jpg\" data-dt-img-description=\"\" data-large_image_width=\"1600\" data-large_image_height=\"1200\"><img loading=\"lazy\" decoding=\"async\" class=\"alignnone size-thumbnail wp-image-92515\" src=\"http:\/\/www.radiopiu.net\/wordpress\/wp-content\/uploads\/2019\/07\/67095755_2442536185766441_563456321475575808_o-150x150.jpg\" alt=\"\" width=\"150\" height=\"150\" \/><\/a><a class=\"dt-pswp-item\" href=\"http:\/\/www.radiopiu.net\/wordpress\/wp-content\/uploads\/2019\/07\/67135980_2442536002433126_5322345042528960512_n.jpg\" data-dt-img-description=\"\" data-large_image_width=\"720\" data-large_image_height=\"960\"><img loading=\"lazy\" decoding=\"async\" class=\"alignnone size-thumbnail wp-image-92516\" src=\"http:\/\/www.radiopiu.net\/wordpress\/wp-content\/uploads\/2019\/07\/67135980_2442536002433126_5322345042528960512_n-150x150.jpg\" alt=\"\" width=\"150\" height=\"150\" \/><\/a><a class=\"dt-pswp-item\" href=\"http:\/\/www.radiopiu.net\/wordpress\/wp-content\/uploads\/2019\/07\/67660450_2442535925766467_9071564815754854400_n.jpg\" data-dt-img-description=\"\" data-large_image_width=\"720\" data-large_image_height=\"960\"><img loading=\"lazy\" decoding=\"async\" class=\"alignnone size-thumbnail wp-image-92517\" src=\"http:\/\/www.radiopiu.net\/wordpress\/wp-content\/uploads\/2019\/07\/67660450_2442535925766467_9071564815754854400_n-150x150.jpg\" alt=\"\" width=\"150\" height=\"150\" \/><\/a><a class=\"dt-pswp-item\" href=\"http:\/\/www.radiopiu.net\/wordpress\/wp-content\/uploads\/2019\/07\/67402078_2442535262433200_7355478059606081536_n.jpg\" data-dt-img-description=\"\" data-large_image_width=\"960\" data-large_image_height=\"720\"><img loading=\"lazy\" decoding=\"async\" class=\"alignnone size-thumbnail wp-image-92518\" src=\"http:\/\/www.radiopiu.net\/wordpress\/wp-content\/uploads\/2019\/07\/67402078_2442535262433200_7355478059606081536_n-150x150.jpg\" alt=\"\" width=\"150\" height=\"150\" \/><\/a><\/p>\n<p>&nbsp;<\/p>\n<p>&nbsp;<\/p>\n<p>&nbsp;<\/p>\n<h2>DOMANI MARTEDI\u00a0 ALLE 10.30 E 1900 A RADIO PIU&#8217; LA PRESENTAZIONE UFFICIALE ALLA RADIO DEL KALAT NISSA FILM FESTIVAL IN PROGRAMMA DA GIOVEDI&#8217; AD AGORDO, OSPITI: ROBERTO GIACOBBO, GIROLAMO BENTIVOGLIO, FERNANDO BARBIERI, LAURA ABBALEO<\/h2>\n<p><strong><a class=\"dt-pswp-item\" href=\"http:\/\/www.radiopiu.net\/wordpress\/wp-content\/uploads\/2019\/07\/65872978_2996720780368549_5075867520930414592_n.jpg\" data-dt-img-description=\"\" data-large_image_width=\"960\" data-large_image_height=\"714\"><img loading=\"lazy\" decoding=\"async\" class=\" wp-image-91793 alignleft\" src=\"http:\/\/www.radiopiu.net\/wordpress\/wp-content\/uploads\/2019\/07\/65872978_2996720780368549_5075867520930414592_n-300x223.jpg\" alt=\"\" width=\"126\" height=\"94\" srcset=\"https:\/\/www.radiopiu.net\/wordpress\/wp-content\/uploads\/2019\/07\/65872978_2996720780368549_5075867520930414592_n-300x223.jpg 300w, https:\/\/www.radiopiu.net\/wordpress\/wp-content\/uploads\/2019\/07\/65872978_2996720780368549_5075867520930414592_n-768x571.jpg 768w, https:\/\/www.radiopiu.net\/wordpress\/wp-content\/uploads\/2019\/07\/65872978_2996720780368549_5075867520930414592_n.jpg 960w\" sizes=\"auto, (max-width: 126px) 100vw, 126px\" \/><\/a>BELLUNO <\/strong>La Conferenza stampa di presentazione del 9 Kalat Nissa Film Festival- Concorso internazionale di Cortometraggi \u00e8 fissata per mercoled\u00ec alle 11.30 nella Sala Caldart di Villa Doglioni Dalmas sede di Confindustria Belluno Dolomiti. Alla Conferenza stampa saranno presenti gli Organizzatori e i rappresentanti degli enti patrocinatori dell&#8217;evento: &#8211; Sindaco di Agordo: Roberto Chissal\u00e8 &#8211; Comandante Provinciale VVFF Belluno: Girolamo Bentivoglio &#8211; Direttore Confindustria Belluno Dolomiti: Andrea Ferrazzi &#8211; Ufficio Stampa Confindustria Belluno Dolomiti: Anna Crestan &#8211; Presidente Associazione Cinematografica e Culturale Laboratorio dei Sogni: Fernando Barbieri -PR Manager Kalat Nissa Film Festival: Laura Abbaleo &#8211; ProLoco Agordo: Celeste Paganin Proloco Agordo -Presidente Alfa Club Belluno: Angelo Bassanello Il festival avr\u00e0 luogo in Agordo dal 25 al 28 Luglio 2019. Direttore Artitico del Festival Roberto Giacobbo.<\/p>\n<p>&nbsp;<\/p>\n<p>&nbsp;<\/p>\n<p>&nbsp;<\/p>\n<h3>VENERDI CONSIGLIO COMUNALE AD AGORDO<\/h3>\n<p><strong>AGORDO<\/strong> Venerdi alel 18.45 il sindaco Roberto Chissal\u00e8 e il consigliere Paolo Selva Moretti scioglieranno le riserve e ufficializzeranno i consiglieri che rappresenteranno il Comune capoluogo in seno al consiglio dell&#8217;Unione Montana Agordina. Nella seduta convocata a palazzo Marconi gli altri punti all&#8217;ordine del giorno: variazione al bilancio, variazione al documento programmatico, compenso revisore dei conti, approvazione del documento di riordino istituzionale delle Province.<\/p>\n<p>&nbsp;<\/p>\n<p>&nbsp;<\/p>\n<p>&nbsp;<\/p>\n<h2>Elisoccorso. De Carlo: \u201cFondamentale la copertura H24, potenziare il servizio\u201d<\/h2>\n<p><a class=\"dt-pswp-item\" href=\"http:\/\/www.radiopiu.net\/wordpress\/wp-content\/uploads\/2019\/07\/image1.jpeg\" data-dt-img-description=\"\" data-large_image_width=\"853\" data-large_image_height=\"716\"><img loading=\"lazy\" decoding=\"async\" class=\" wp-image-92448 alignleft\" src=\"http:\/\/www.radiopiu.net\/wordpress\/wp-content\/uploads\/2019\/07\/image1-300x252.jpeg\" alt=\"\" width=\"264\" height=\"222\" srcset=\"https:\/\/www.radiopiu.net\/wordpress\/wp-content\/uploads\/2019\/07\/image1-300x252.jpeg 300w, https:\/\/www.radiopiu.net\/wordpress\/wp-content\/uploads\/2019\/07\/image1-768x645.jpeg 768w, https:\/\/www.radiopiu.net\/wordpress\/wp-content\/uploads\/2019\/07\/image1.jpeg 853w\" sizes=\"auto, (max-width: 264px) 100vw, 264px\" \/><\/a>\u201cAlla vigilia dei Mondiali di Cortina 2021, in vista delle Olimpiadi 2026, e nel pieno della stagione turistica, \u00e8 fondamentale potenziare il servizio di elisoccorso in montagna, garantendo la copertura per tutta la giornata\u201d: l&#8217;appello arriva dal deputato di Fratelli d&#8217;Italia, Luca De Carlo. \u201cOggi il servizio di trasporto tra gli ospedali di Pieve di Cadore e di Belluno pesa sempre di pi\u00f9 sui volontari, che non finir\u00f2 mai di ringraziare, ma non possiamo lasciare che si sostituiscano all&#8217;azienda sanitaria. Sempre di pi\u00f9 vengono utilizzate le ambulanze per gli incidenti stradali, domestici, sul lavoro o su luoghi facilmente raggiungibili, con tempi lunghi per il rientro all&#8217;ospedale\u201d, commenta De Carlo. \u201cBene che l&#8217;Ulss contenga i costi, ma questi risparmi non devono corrispondere a un peggioramento della qualit\u00e0 del servizio al cittadino, altrimenti finiremo come ipotizzavo gi\u00e0 6 anni fa, quando dissi che saremmo finiti a dover sfalciare noi l&#8217;erba nei pressi degli ospedali\u201d. De Carlo sottolinea come il servizio di elisoccorso oggi, con il servizio a 12 ore, lasci scoperte le prime ore del giorno, e come il supporto di elicotteri dalle province limitrofe non sia per forza sinonimo di uguale qualit\u00e0 :\u201cI tempi per raggiungere i luoghi di intervento si allungano, vengono contattati principalmente per soccorsi in ambiente ostile, lasciando ai mezzi su gomma gli altri tipi di intervento, e va comunque verificato che non siano gi\u00e0 impegnati in altre operazioni\u201d, evidenzia. \u201cServe subito un potenziamento del servizio, efficiente e moderno, e, non appena concluse le gare, \u00e8 necessario attivare immediatamente il volo notturno\u201d, la conclusione dell&#8217;onorevole cadorino. \u201cSiamo indietro di anni rispetto ai territori limitrofi: siamo stati i pionieri dell&#8217;elisoccorso, ma anche nell&#8217;ultimo convegno a Pieve di Cadore anzich\u00e9 proposte e soluzioni siamo stati capaci solo di accampare scuse, mentre gli altri ci illustravano i loro successi. Siamo una provincia altamente turistica e prossima ad ospitare grandissimi eventi di richiamo planetario: va garantita la sicurezza dei cittadini con un servizio adeguato\u201d.<\/p>\n<p>&nbsp;<\/p>\n<p>&nbsp;<\/p>\n<p>&nbsp;<\/p>\n<p><strong>AUTONOMIA. LETTERA APERTA DEI PRESIDENTI DELLE REGIONI LOMBARDIA E VENETO, ATTILIO FONTANA E LUCA ZAIA, AL PRESIDENTE DEL CONSIGLIO GIUSEPPE CONTE<\/strong><\/p>\n<p><em>La lettera aperta dei presidenti delle Regioni Lombardia e Veneto, Attilio Fontana e Luca Zaia, al presidente del Consiglio dei Ministri, Giuseppe Conte.<\/em><\/p>\n<blockquote><p>&nbsp;<\/p>\n<p><strong>Egregio Presidente del Consiglio,<\/strong><\/p>\n<p>come Lei ben sa in questi anni abbiamo lavorato molto per cercare di tradurre in fatti concreti l\u2019aspirazione a una maggiore autonomia delle nostre Regioni.L\u2019autonomia richiesta dai cittadini lombardi, veneti, emiliano-romagnoli vuole cercare di rendere pi\u00f9 semplice la vita di chi lavora, studia, vive nelle nostre regioni. Chiunque abbia oggi a che fare con la Pubblica Amministrazione, la vede spesso come un difficile ostacolo da superare e non come istituzione che accompagna e supporta la realizzazione dei propri progetti o ci sostiene nei momenti di difficolt\u00e0. La nostra vita quotidiana, Signor Presidente del Consiglio, \u00e8 fatta di salti a ostacoli contro la burocrazia che complica ogni attivit\u00e0 e rende difficile sia fare l\u2019imprenditore sia l\u2019amministratore pubblico. Ci sar\u00e0 sempre un comma, una norma, un combinato-disposto che produrr\u00e0 un errore a danno del cittadino e una inchiesta contro burocrati onesti. Ed ogni atto ministeriale che dovrebbe semplificare, in realt\u00e0 produce ulteriore burocrazia. Noi invece vogliamo l\u2019autonomia per cercare di semplificare la vita di tutti, rendendo chiaro e semplice individuare chi fa che cosa, superando la sovrapposizione di compiti e funzioni che oscurano le responsabilit\u00e0, dilatano i tempi e fanno esplodere i costi. L\u2019autonomia \u00e8 una sfida soprattutto per noi stessi e per le istituzioni che siamo chiamati a governare, Signor Presidente. Non avremo scuse se non riusciremo a realizzare i nostri progetti e i cittadini ci premieranno o puniranno. Per questo vogliamo una autonomia vera, non un pannicello caldo che produrrebbe ulteriori guai. L\u2019autonomia, come scrissero i padri costituenti e i grandi maestri del diritto, \u00e8 soprattutto responsabilit\u00e0: chi non la vuole non ama rispondere davanti ai propri cittadini delle azioni politiche e amministrative messe in campo. Abbiamo lavorato non centinaia ma migliaia di ore, abbiamo organizzato referendum popolari (quello veneto autorizzato addirittura dalla Corte Costituzionale), abbiamo discusso su ogni tavolo ministeriale e tecnico, non ci stiamo ad essere presi in giro con una discussione che sembra il gioco dell\u2019oca per cui si torna sempre alla casella di partenza. La nostra autonomia si basa su quanto dice la Costituzione, siamo perfettamente in linea con la legge fondamentale dello Stato, la nostra richiesta di avere competenza rispettivamente su 20 e su 23 materie, si basa su quanto recita l\u2019articolo 116, terzo comma. Chi afferma il contrario, o non conosce la Carta, o vuole evidentemente modificarne il testo vigente: sarebbe bene pertanto che presentasse un disegno di legge costituzionale per modificare di nuovo il titolo quinto. Tertium non datur. Avremmo voluto che il Presidente del Consiglio fosse davvero il garante della Costituzione vigente, denunciando le false notizie diffuse con malizia e cattiva fede da chi evidentemente la Carta l\u2019ha letta soltanto sul Bignami. Favole come quella dei cattivi del Nord, ricchi ed ingordi, che vogliono rubare ai poveri del Sud. Nessuno vuole aggredire l\u2019unit\u00e0 nazionale, nessuno vuole secessioni. Lei sa bene quanti e quali Ministri si sono impegnati in questa irresponsabile gara a spararla pi\u00f9 grossa. L\u2019autonomia \u00e8 una sfida per la modernit\u00e0 e l\u2019efficienza del Paese intero, il centralismo \u00e8 conservazione di sprechi contro chi ha bisogno, di un welfare ingiusto. L\u2019autonomia fa bene anche al Sud, a quella foresta di cittadini che cresce a vista d\u2019occhio, che vorrebbe responsabilit\u00e0 ed efficienza ma non ha voce. Anzi, nella battaglia di chi combatte a suon di bugie contro l\u2019autonomia c\u2019\u00e8 proprio l\u2019evidente tentativo di mettere il coperchio a questa pentola di cittadini onesti che ribolle di sdegno, stanchi come sono di dover emigrare per curarsi, per studiare all\u2019Universit\u00e0, per trovare un lavoro. Per questo ci sentiamo tutti profondamente feriti quando leggiamo le Sue esternazioni, Presidente Conte, soprattutto dopo colloqui diretti durante i quali &#8211; ricorder\u00e0 benissimo &#8211; abbiamo pi\u00f9 volte sottolineato che non si chiedono pi\u00f9 risorse, ma semplicemente la possibilit\u00e0 di spendere in autonomia quelle che ci sono gi\u00e0 assegnate. E abbiamo spiegato come l\u2019essenza del percorso dell\u2019autonomia preveda che i risparmi prodotti per effetto della virtuosit\u00e0 dell\u2019amministratore debbano restare sul territorio. Se l\u2019obiettivo non fosse questo, perch\u00e9 dovremmo impegnarci ad essere efficienti? \u00c8 ipotizzabile che chi \u00e8 virtuoso finanzi sprechi altrui? Temi che vengono annacquati quotidianamente con scuse assurde e tesi fantasmagoriche per non portare avanti il negoziato. In questi giorni i nostri cittadini sono preoccupati perch\u00e9 negli ospedali si registra una carenza di medici che allunga le liste di attesa e rischia di mettere in difficolt\u00e0 interi reparti. Le nostre Regioni sono in equilibrio finanziario nel comparto della sanit\u00e0, Lei lo sa bene Signor Presidente, e chiedono che sia possibile assumere subito i medici che servono. \u00c8 attentare ai pari diritti dei cittadini? Se non si cambia, la verit\u00e0 \u00e8 che questi diritti non potranno essere garantiti. I nostri studenti ogni anno assistono alla sarabanda degli insegnanti. Con l\u2019autonomia chiediamo di avere la possibilit\u00e0 vera di poter programmare senza cambiare i programmi di insegnamento. Chiediamo di poter costruire un sistema formativo che guardi ai licei come alla formazione professionale per rispondere alle esigenze del giorno di oggi e non di quello di ieri. Anche questo \u00e8 attentare ai diritti costituzionali? Sull\u2019ambiente e sul territorio chiediamo di poter avere le competenze per rispondere alle pressanti richieste di semplificare le procedure che oggi fanno s\u00ec che non si risponda per anni ad imprenditori e cittadini. La Costituzione permette di poter realizzare una autonomia \u201cdifferenziata\u201d proprio perch\u00e9 riconosce le diversit\u00e0 che ci sono fra zone del Paese. E noi riconosciamo la necessit\u00e0 di avere fondi perequativi garantiti dallo Stato per mantenere ovunque livelli essenziali delle diverse prestazioni. Chiediamo soltanto di poter spendere in autonomia le risorse a noi assegnate. Peraltro, da sempre ci facciamo carico delle esigenze dell\u2019intero Paese e ora chiediamo che il Paese si faccia carico delle nostre. Senza una autonomia vera non riusciremo a rendere competitivi ed attrattivi i nostri territori e questo sar\u00e0 grave, non soltanto per noi, bens\u00ec per l\u2019intero Paese che rischia di non avere risorse sufficienti a garantire uguali diritti in ogni zona. Senza un Nord capace di reggere la competizione internazionale, l\u2019intero Paese ne pagher\u00e0 le conseguenze. Noi restiamo aperti al dialogo con Lei, Presidente Conte, e pronti a cambiare opinione se il testo delle intese sar\u00e0 capace di rispondere alle esigenze della vita vera che abbiamo provato a descrivere. Ma se si continua con una farsa, come accaduto finora, \u00e8 evidente che non firmeremo nulla. Signor Presidente, arrivi al pi\u00f9 presto a trovare una intesa coi ministri, formuli una bozza di intesa seria da proporci, quindi con altrettanta velocit\u00e0 saremo in grado di replicare in modo costruttivo. Al Presidente del Consiglio deve essere per\u00f2 chiaro che noi non firmeremo un accordo senza qualit\u00e0 come quello per ora che si sta profilando. Lei si assumer\u00e0 la responsabilit\u00e0 quindi di aver negato quanto \u00e8 stato chiesto da referendum, da milioni di elettori veneti e lombardi, da risoluzioni dei consigli regionali approvati all\u2019unanimit\u00e0. Per parte nostra vogliamo mantenere fede all\u2019impegno assunto con i nostri cittadini. Presidente Conte, Lei ha l\u2019opportunit\u00e0 di scrivere una pagina di storia di questa Repubblica. Se non la scriver\u00e0 Lei, lo far\u00e0 qualcun altro. Perch\u00e9 la spinta verso l\u2019autonomia e verso la responsabilit\u00e0 nei confronti dei cittadini \u00e8 ormai inarrestabile.<\/p>\n<p><strong>Attilio Fontana,\u00a0 <\/strong><strong>Luca Zaia<\/strong><\/p>\n<p>&nbsp;<\/p><\/blockquote>\n<p>&nbsp;<\/p>\n<h3><a class=\"dt-pswp-item\" href=\"http:\/\/www.radiopiu.net\/wordpress\/wp-content\/uploads\/2018\/09\/appuntamenti.jpeg\" data-dt-img-description=\"\" data-large_image_width=\"800\" data-large_image_height=\"100\"><img loading=\"lazy\" decoding=\"async\" class=\"alignnone size-full wp-image-61958\" src=\"http:\/\/www.radiopiu.net\/wordpress\/wp-content\/uploads\/2018\/09\/appuntamenti.jpeg\" alt=\"\" width=\"800\" height=\"100\" srcset=\"https:\/\/www.radiopiu.net\/wordpress\/wp-content\/uploads\/2018\/09\/appuntamenti.jpeg 800w, https:\/\/www.radiopiu.net\/wordpress\/wp-content\/uploads\/2018\/09\/appuntamenti-300x38.jpeg 300w, https:\/\/www.radiopiu.net\/wordpress\/wp-content\/uploads\/2018\/09\/appuntamenti-768x96.jpeg 768w\" sizes=\"auto, (max-width: 800px) 100vw, 800px\" \/><\/a><\/h3>\n<h3><\/h3>\n<h3>25-28\u00a0luglio: manca pochissimo all&#8217;Adventure Outdoor Fest!<\/h3>\n<p><strong><a class=\"dt-pswp-item\" href=\"http:\/\/www.radiopiu.net\/wordpress\/wp-content\/uploads\/2019\/07\/a17ec44c-872a-4e50-9da6-d73f86ce4deb.jpg\" data-dt-img-description=\"\" data-large_image_width=\"1080\" data-large_image_height=\"300\"><img loading=\"lazy\" decoding=\"async\" class=\"size-medium wp-image-92059 alignleft\" src=\"http:\/\/www.radiopiu.net\/wordpress\/wp-content\/uploads\/2019\/07\/a17ec44c-872a-4e50-9da6-d73f86ce4deb-300x83.jpg\" alt=\"\" width=\"300\" height=\"83\" srcset=\"https:\/\/www.radiopiu.net\/wordpress\/wp-content\/uploads\/2019\/07\/a17ec44c-872a-4e50-9da6-d73f86ce4deb-300x83.jpg 300w, https:\/\/www.radiopiu.net\/wordpress\/wp-content\/uploads\/2019\/07\/a17ec44c-872a-4e50-9da6-d73f86ce4deb-768x213.jpg 768w, https:\/\/www.radiopiu.net\/wordpress\/wp-content\/uploads\/2019\/07\/a17ec44c-872a-4e50-9da6-d73f86ce4deb-1024x284.jpg 1024w, https:\/\/www.radiopiu.net\/wordpress\/wp-content\/uploads\/2019\/07\/a17ec44c-872a-4e50-9da6-d73f86ce4deb.jpg 1080w\" sizes=\"auto, (max-width: 300px) 100vw, 300px\" \/><\/a>ROCCA PIETORE<\/strong> A fine Luglio torna l\u2019Adventure Outdoor Fest, con tante attivit\u00e0 nel cuore delle Dolomiti come i trekking, le uscite in MBT, le attivit\u00e0 di bushcratf nel bosco, e le esperienze di arrampicata, dai livelli pi\u00f9 semplici alle sfide pi\u00f9 avventurose, la slackline, le discipline olistiche e lo Yoga per ricaricarsi in Natura! La nuovissima sede del villaggio sar\u00e0, da venerdi 26 a domenica 28 a Piani di Pezz\u00e9 (Alleghe), anfiteatro naturale a 1470 metri di quota, affacciato sulla parete nord-ovest del Monte Civetta, mentre l&#8217;inaugurazione \u00e8 prevista Giovedi 25 a Rocca Pietore. Tra gli appuntamenti imperdibili di questa edizione il Dolomiti Green Trail, emozionante gara di trail running con percorsi di 14 Km e 27 Km, il Concerto al Tramonto dell&#8217;artista The Leading Guy, il camp con le tende sospese tra gli alberi, la notte sotto le stelle al Col Dei Baldi, le attivit\u00e0 dedicate ai bambini e il concorso cinematografico Adventure Movie Awards che, affiancato dagli incontri e tavole rotonde con atleti, registi e scrittori, creer\u00e0 la giusta atmosfera per concludere ogni giornata del festival. Tutte le news sulla Pagina Fb e il programma completo sul sito ufficiale del Festival.<\/p>\n<p>&nbsp;<\/p>\n<p>&nbsp;<\/p>\n<p>&nbsp;<\/p>\n<h3>DOLOMITI AGORDINE ESTATE 2019: ECCO DI NUOVO I MERCATINI DELL\u2019 ANTIQUARIATO, DEL COLLEZIONISMO E DELL\u2019 USATO<\/h3>\n<p><strong><a class=\"dt-pswp-item\" href=\"http:\/\/www.radiopiu.net\/wordpress\/wp-content\/uploads\/2019\/07\/1-AGORDO-10-8-2018-4.jpg\" data-dt-img-description=\"\" data-large_image_width=\"1024\" data-large_image_height=\"683\"><img loading=\"lazy\" decoding=\"async\" class=\" wp-image-92179 alignleft\" src=\"http:\/\/www.radiopiu.net\/wordpress\/wp-content\/uploads\/2019\/07\/1-AGORDO-10-8-2018-4-300x200.jpg\" alt=\"\" width=\"257\" height=\"171\" srcset=\"https:\/\/www.radiopiu.net\/wordpress\/wp-content\/uploads\/2019\/07\/1-AGORDO-10-8-2018-4-300x200.jpg 300w, https:\/\/www.radiopiu.net\/wordpress\/wp-content\/uploads\/2019\/07\/1-AGORDO-10-8-2018-4-768x512.jpg 768w, https:\/\/www.radiopiu.net\/wordpress\/wp-content\/uploads\/2019\/07\/1-AGORDO-10-8-2018-4.jpg 1024w\" sizes=\"auto, (max-width: 257px) 100vw, 257px\" \/><\/a>AGORDO <\/strong>\u00a0domenica 28 luglio Canale d\u2019Agordo mentre nel mese di agosto le citate localit\u00e0 ospiteranno gli altri 5 appuntamenti. Partecipano all\u2019iniziativa commercianti ed hobbisti preparati e selezionati in vari settori di operativit\u00e0: oggettistica d\u2019epoca, mobili, arte e collezionismo cartaceo, libri, medaglistica, piccolo antiquariato, arte, vetreria artistica, ecc.<\/p>\n<p>&nbsp;<\/p>\n<p>&nbsp;<\/p>\n<p>&nbsp;<\/p>\n<p>&nbsp;<\/p>\n<h3>AL RIFUGIO BURZ A 2000 METRI, LOVE, LIVE, FOOD<\/h3>\n<p><strong>LIVINALLONGO<\/strong> Tra le pi\u00f9 belle vette, l&#8217;appuntamento del fine settimana. IL 26 luglio il concerto con la grande musica di Woodstok<\/p>\n<audio class=\"wp-audio-shortcode\" id=\"audio-92270-8\" preload=\"none\" style=\"width: 100%;\" controls=\"controls\"><source type=\"audio\/mpeg\" src=\"http:\/\/www.radiopiu.net\/wordpress\/wp-content\/uploads\/2019\/07\/BURZ-06.19.mp3?_=8\" \/><a href=\"http:\/\/www.radiopiu.net\/wordpress\/wp-content\/uploads\/2019\/07\/BURZ-06.19.mp3\">http:\/\/www.radiopiu.net\/wordpress\/wp-content\/uploads\/2019\/07\/BURZ-06.19.mp3<\/a><\/audio>\n<p>&nbsp;<\/p>\n<p>&nbsp;<\/p>\n<p>&nbsp;<\/p>\n<h3>POZZA RITORNA NELL&#8217;AGORDINO<\/h3>\n<p><strong>FALCADE<\/strong> Marted\u00ec 30 luglio alle 20.30 alla casa della giovent\u00f9 di Caviola intervento di Don Marco Pozza,\u00a0 parroco del carcere \u201cDue Palazzi\u201d di Padova, \u00e8 anche giornalista\u00a0 ed\u00a0 \u00a0ha condotto su tv2000 Ave Maria e Padre Nostro e su Rai 1 \u201cA Sua Immagine,le ragioni della speranza&#8221; che ha avuto ospite anche Luisa Velluti di Falcade quando raccont\u00f2 la sua storia &#8220;Alla ricerca della mamma biologica&#8221;<\/p>\n<p>&nbsp;<\/p>\n<p>&nbsp;<\/p>\n<p>&nbsp;<\/p>\n<p><strong>MINIERE DEL FURSIL Visita Accompagnata alla Miniera dei Vauz Le visite vengono attivate a partire da un minimo di 4 fino a 8 persone<\/strong><\/p>\n<p>Giorni di visita : Tutti i Marted\u00ec, Gioved\u00ec e Domenica dal 15 Giugno al 15 Settembre Orari di visita : 9:30 &#8211; 10:15 &#8211; 11:00 &#8211; 11:45 Prezzi : Adulti Euro 10,00 Bambini sotto i 14 anni Euro 8,00 Gratis sotto i 6 anni Programma : Partenza con il pulmino dalla piazza di Colle Santa Lucia Visita accompagnata alle Miniera della durata di circa 45 minuti Ritorno con il pulmino alla piazza di Colle Santa Lucia Durata totale della visita circa 1 h : 15 min<br \/>\nE&#8217; necessario dotarsi di scarpe adatte per il trekking e giacca Prenotazioni : Prenotazione obbligatoria entro le ore 18:00 del giorno precedente Info : Istitut Cultural Ladin Cesa de Jan e-mail: info@istitutoladino.org tel: 0437. 72 0609 Ass. Turistica Colle Santa Lucia e-mail: info@collesantalucia.eu tel: 347. 618 9044<\/p>\n<p>&nbsp;<\/p>\n<h3><\/h3>\n<p>&nbsp;<\/p>\n<h3>\u00a0IL PROGRAMMA DEL\u00a0\u00a0 KALAT NISSA FILM FESTIVAL, QUESTA SETTIMANA AD AGORDO.<\/h3>\n<p><strong><a class=\"dt-pswp-item\" href=\"http:\/\/www.radiopiu.net\/wordpress\/wp-content\/uploads\/2019\/07\/65872978_2996720780368549_5075867520930414592_n.jpg\" data-dt-img-description=\"\" data-large_image_width=\"960\" data-large_image_height=\"714\"><img loading=\"lazy\" decoding=\"async\" class=\"size-medium wp-image-91793 alignleft\" src=\"http:\/\/www.radiopiu.net\/wordpress\/wp-content\/uploads\/2019\/07\/65872978_2996720780368549_5075867520930414592_n-300x223.jpg\" alt=\"\" width=\"300\" height=\"223\" srcset=\"https:\/\/www.radiopiu.net\/wordpress\/wp-content\/uploads\/2019\/07\/65872978_2996720780368549_5075867520930414592_n-300x223.jpg 300w, https:\/\/www.radiopiu.net\/wordpress\/wp-content\/uploads\/2019\/07\/65872978_2996720780368549_5075867520930414592_n-768x571.jpg 768w, https:\/\/www.radiopiu.net\/wordpress\/wp-content\/uploads\/2019\/07\/65872978_2996720780368549_5075867520930414592_n.jpg 960w\" sizes=\"auto, (max-width: 300px) 100vw, 300px\" \/><\/a>GIOVEDI\u2019 25 LUGLIO SALA DON TAMIS ALLE 17<\/strong>\u00a0 Welcome Desk per i registi e gli ospiti del \u201cKalat Nissa Film Festival\u201d Ore 20:45 Apertura ufficiale della manifestazione alla presenza di tutte le autorit\u00e0, con il taglio del nastro presso la Sala Don Tamis Agordo. Ore 21:00 Inizio prima serata inaugurale del Festival. Presenta: Laura Abbaleo \u2022 Saluto delle autorit\u00e0\u00a0 \u2022 Visione dei Cortometraggi in nomination: 1 Robot will protect you, di Nicola Piovesan Animazione 10 m Estonia 3 Le avventure di Mr food and Mrs wine, di Antonio Silvestre Comics 18 m Italy 4 Eva, di Paolo Budassi Io Diverso da chi? 15 m Italy 5 La Verit\u00e0, di Giuseppe Alessio Nuzzo Trailer 2m 04s Italy 6 Lucy, di Roberto Gutierrez Tema libero 15m Venezuela\u00a0 \u2022 Musica a cura dell\u2019Associazione cinematografica e culturale Laboratorio dei sogni -Esibizione con il sax di Luigi Scarnato &#8211; Esibizione della cantante Jessica Lena<\/p>\n<p><strong>VENERDI\u2019 26 LUGLIO SALA DON TAMIS- AGORDO ALLE 17<\/strong>\u00a0 Welcome Desk per i registi e gli ospiti del \u201cKalat Nissa Film Festival\u201d . Visione dei cortometraggi in nomination 1 Paradiso, di Niccol\u00f2 Gentili, Ignacio Paurici Io Diverso da chi? 13 m Italy 2 Genericamente Giulio Neglia Tema libero 18 m 20s 3 Risorse Umane Giovanni Conte Comics 7m Italy 4 Frieda &#8211; Coming Home Doc Miguel Trailer 2 m Germany 5 Sare Jahan Se Accha Gurprasad Singh Tema Libero 5 m 51s India 6 Giovani Italiani Alessandro Panza Tema Libero 11 m 35s Italy 7 Addio Clochard. di Michele Li Volsi Io Diverso da chi? 15 m Italy 8 Antxoni, di Rub\u00e9n Saiinz Tema libero 14 m Spain<br \/>\n<strong>PIAZZA DELLA LIBERTA\u2019 ALLE 18.30\u00a0<\/strong> Evento collaterale con veicoli Italian style &#8211; saranno scelti i modelli Vespa tratti dal mondo della cinematografia Esposizione statica dei veicoli Italian Style e inizio passeggiata in Vespa per le vie cittadine; partenza e arrivo nella Piazza della Libert\u00e0 in Agordo (curato dagli Amici in sella Agordo). Sulle Vespe saliranno come passeggeri gli ospiti VIP del Festival. ORE 20:00 \u2013 Esibizione dei vigili del Fuoco Spettacolare esibizione dei Vigili del Fuoco- Partner istituzionale del Festival- con uomini e mezzi <strong>SALA DON TAMIS- AGORDO Ore 21:00<\/strong> 2\u00b0 Serata del Festival Presentano: Laura Abbaleo e Milena Gori. \u2022 Visione dei Cortometraggi in Nomination 1 Il mondiale in piazza Vito Palmieri Tema libero 15 m Italy 2 Tutti i nostri ieri Lorenzo Santoni Tema Libero 15 m italy 3 Broccoli Ivan Sainz &#8211; Pardo Tema Libero 3 m Germany 4 The Graffiti Aur\u00e9lien Laplace Comics 9 m France 5 Sugarlove Laura Luchetti Animazione 9 m Italy Presenti in sala come ospiti artistici della serata: Roberto Giacobbo \u2013 direttore Artistico del Kalat Nissa Film Festival Luigi Scarnato con un\u2019esibizione al sax Alberto Pinto, illustre matematico e concertista strumenti musicali antichi; in rappresentanza del gruppo CESMA di Ginevra- Svizzera Coordinatore internazionale (Varsavia) del progetto Erasmus Plus CINEMAFORUM: \u201cSPOT- SOCIAL PICTURES OF TODAY\u201d- Radom (Polonia).<\/p>\n<p><strong>SABATO 27 LUGLIO 2019 \u00a0PIAZZA DELLA LIBERTA\u2019 ALLE 9<\/strong>\u00a0 Mercatino dell\u2019artigianato agordino Evento a cura della Pro Loco di Agordo\u00a0 <strong>PRESSO LE VIE CITTADINE<\/strong> Evento Pro Loco: Passeggiata degli ospiti del festival per le vie cittadine. <strong>PIAZZA DELLA LIBERTA\u2019 ALLE\u00a0 16:00<\/strong> Mostra statica e tour dinamico: alcuni veicoli dell\u2019Alfa Romeo Club Belluno con modelli spider porteranno in giro per le vie della citt\u00e0 gli ospiti VIP della manifestazione.\u00a0 S<strong>ALA DON TAMIS- AGORDO ALLE 17<\/strong> Welcome Desk \u201cKalat Nissa Film Festival\u201d. Ore 20:30 Red Carpet. Presenta Laura Abbaleo Ore 21:00 Inizio serata di Gala finale. Presentano la serata Roberto Giacobbo e Milena Gori. Inizio serata, assegnazione dei premi di categoria, assegnazione di un premio di eccellenza ai Volontari del Soccorso Alpino. &#8211; e premiazione del miglior corto in assoluto con la consegna dell\u2019Antenna d\u2019Oro. Nella serata \u00e8 prevista la sola proiezione del corto vincitore assoluto del festival Ospiti della serata: Il cabarettista Roberto Faoro Performances musicali: -Luigi Scarnato con una breve intro al sax ad apertura sipario e nella serata canta Jessica Lena<\/p>\n<p><strong>DOMENICA 28 LUGLIO 2019 EPILOGO MUSICALE<\/strong> del 9 Kalat Nissa Film Festival- in condivisione con il programma culturale \u201cMusica nell\u2019agordino\u201d \u00a0CHIESA MADRE DI AGORDO CO-ORGANIZZATO CON L\u2019ASSOCIAZIONE \u201cGLI AMICI DELLA MUSICA\u201d\u00a0 Ore 21:00 Concerto a cura del delegato del prestigioso Gruppo del suono CESMA di Ginevra, il concertista di strumenti antichi Alberto Pinto, che suoner\u00e0 il bellissimo organo modello Cipriani del 1844 custodito nella Chiesa Madre di Agordo. Sar\u00e0 presente anche l\u2019esperto Ingegnere del suono Simone Corelli sempre in delegazione del Gruppo CESMA e Gilberto Martinelli, regista; in rappresentanza della societ\u00e0 Lambda, ideatrice del Premio del suono.<\/p>\n<p>&nbsp;<\/p>\n<p>&nbsp;<\/p>\n<div class=\"page-title-head hgroup\">\n<h1 class=\"entry-title\">LA DEDICAZIONE DI SETTE CHIESE IN DATE COMPRESE TRA 1481 E 1990 DI<\/h1>\n<\/div>\n<blockquote class=\"wp-embedded-content\" data-secret=\"w49mSgKuER\"><p><a href=\"https:\/\/www.radiopiu.net\/wordpress\/la-dedicazione-di-sette-chiese-in-date-comprese-tra-1481-e-1990-di\/\">LA DEDICAZIONE DI SETTE CHIESE IN DATE COMPRESE TRA 1481 E 1990 DI<\/a><\/p><\/blockquote>\n<p><iframe loading=\"lazy\" title=\"&#8220;LA DEDICAZIONE DI SETTE CHIESE IN DATE COMPRESE TRA 1481 E 1990 DI&#8221; &#8212; Radio Pi\u00f9\" class=\"wp-embedded-content\" sandbox=\"allow-scripts\" security=\"restricted\" style=\"position: absolute; clip: rect(1px, 1px, 1px, 1px);\" src=\"https:\/\/www.radiopiu.net\/wordpress\/la-dedicazione-di-sette-chiese-in-date-comprese-tra-1481-e-1990-di\/embed\/#?secret=w49mSgKuER\" data-secret=\"w49mSgKuER\" width=\"600\" height=\"338\" frameborder=\"0\" marginwidth=\"0\" marginheight=\"0\" scrolling=\"no\"><\/iframe><\/p>\n<p>&nbsp;<\/p>\n<p>&nbsp;<\/p>\n<h1 class=\"entry-title\">CRESCE IL PESO DELLA BUROCRAZIA STATALE SULLE PMI. PER QUALITA\u2019 LA PA DEL VENETO E\u2019 AL 128\u00b0 POSTO SU 192 REGIONI EUROPEE MONITORATE<\/h1>\n<blockquote class=\"wp-embedded-content\" data-secret=\"gFFapxHCRV\"><p><a href=\"http:\/\/www.radiopiu.net\/wordpress\/cresce-il-peso-della-burocrazia-statale-sulle-pmi-per-qualita-la-pa-del-veneto-e-al-128-posto-su-192-regioni-europee-monitorate\/\">CRESCE IL PESO DELLA BUROCRAZIA  STATALE SULLE PMI. PER QUALITA\u2019 LA PA DEL VENETO E\u2019 AL 128\u00b0 POSTO SU 192 REGIONI EUROPEE MONITORATE<\/a><\/p><\/blockquote>\n<p><iframe loading=\"lazy\" title=\"&#8220;CRESCE IL PESO DELLA BUROCRAZIA  STATALE SULLE PMI. PER QUALITA\u2019 LA PA DEL VENETO E\u2019 AL 128\u00b0 POSTO SU 192 REGIONI EUROPEE MONITORATE&#8221; &#8212; Radio Pi\u00f9\" class=\"wp-embedded-content\" sandbox=\"allow-scripts\" security=\"restricted\" style=\"position: absolute; clip: rect(1px, 1px, 1px, 1px);\" src=\"http:\/\/www.radiopiu.net\/wordpress\/cresce-il-peso-della-burocrazia-statale-sulle-pmi-per-qualita-la-pa-del-veneto-e-al-128-posto-su-192-regioni-europee-monitorate\/embed\/#?secret=gFFapxHCRV\" data-secret=\"gFFapxHCRV\" width=\"600\" height=\"338\" frameborder=\"0\" marginwidth=\"0\" marginheight=\"0\" scrolling=\"no\"><\/iframe><\/p>\n<p>&nbsp;<\/p>\n<p>&nbsp;<\/p>\n<p>&nbsp;<\/p>\n<div class=\"page-title-head hgroup\">\n<h1 class=\"entry-title\">SIAMO SULLA LUNA\u2026 50 ANNI DOPO IL SERVIZIO DI CLAUDIO PRA<\/h1>\n<\/div>\n<div class=\"page-title-breadcrumbs\"><\/div>\n<blockquote class=\"wp-embedded-content\" data-secret=\"jVWXoYqmJL\"><p><a href=\"http:\/\/www.radiopiu.net\/wordpress\/siamo-sulla-luna-50-anni-dopo-il-servizio-di-claudio-pra\/\">SIAMO SULLA LUNA&#8230; 50 ANNI DOPO IL SERVIZIO DI CLAUDIO PRA<\/a><\/p><\/blockquote>\n<p><iframe loading=\"lazy\" title=\"&#8220;SIAMO SULLA LUNA&#8230; 50 ANNI DOPO IL SERVIZIO DI CLAUDIO PRA&#8221; &#8212; Radio Pi\u00f9\" class=\"wp-embedded-content\" sandbox=\"allow-scripts\" security=\"restricted\" style=\"position: absolute; clip: rect(1px, 1px, 1px, 1px);\" src=\"http:\/\/www.radiopiu.net\/wordpress\/siamo-sulla-luna-50-anni-dopo-il-servizio-di-claudio-pra\/embed\/#?secret=jVWXoYqmJL\" data-secret=\"jVWXoYqmJL\" width=\"600\" height=\"338\" frameborder=\"0\" marginwidth=\"0\" marginheight=\"0\" scrolling=\"no\"><\/iframe><\/p>\n<p>&nbsp;<\/p>\n<p>&nbsp;<\/p>\n<p>&nbsp;<\/p>\n<div class=\"page-title-head hgroup\">\n<h1 class=\"entry-title\">CANALE\u2026.. D\u2019ARTE<\/h1>\n<\/div>\n<div class=\"page-title-breadcrumbs\"><\/div>\n<blockquote class=\"wp-embedded-content\" data-secret=\"CKsLDqhVN3\"><p><a href=\"http:\/\/www.radiopiu.net\/wordpress\/canale-darte\/\">CANALE&#8230;.. D&#8217;ARTE<\/a><\/p><\/blockquote>\n<p><iframe loading=\"lazy\" title=\"&#8220;CANALE&#8230;.. D&#8217;ARTE&#8221; &#8212; Radio Pi\u00f9\" class=\"wp-embedded-content\" sandbox=\"allow-scripts\" security=\"restricted\" style=\"position: absolute; clip: rect(1px, 1px, 1px, 1px);\" src=\"http:\/\/www.radiopiu.net\/wordpress\/canale-darte\/embed\/#?secret=CKsLDqhVN3\" data-secret=\"CKsLDqhVN3\" width=\"600\" height=\"338\" frameborder=\"0\" marginwidth=\"0\" marginheight=\"0\" scrolling=\"no\"><\/iframe><\/p>\n<p>&nbsp;<\/p>\n<p>&nbsp;<\/p>\n<p>&nbsp;<\/p>\n<h2>50 ANNI DA&#8230;. SCHENOT<\/h2>\n<blockquote class=\"wp-embedded-content\" data-secret=\"IgymUjEpgX\"><p><a href=\"http:\/\/www.radiopiu.net\/wordpress\/50-anni-al-bar-schenot-la-festa\/\">50 anni al BAR SCHENOT&#8230; LA FESTA<\/a><\/p><\/blockquote>\n<p><iframe loading=\"lazy\" title=\"&#8220;50 anni al BAR SCHENOT&#8230; LA FESTA&#8221; &#8212; Radio Pi\u00f9\" class=\"wp-embedded-content\" sandbox=\"allow-scripts\" security=\"restricted\" style=\"position: absolute; clip: rect(1px, 1px, 1px, 1px);\" src=\"http:\/\/www.radiopiu.net\/wordpress\/50-anni-al-bar-schenot-la-festa\/embed\/#?secret=IgymUjEpgX\" data-secret=\"IgymUjEpgX\" width=\"600\" height=\"338\" frameborder=\"0\" marginwidth=\"0\" marginheight=\"0\" scrolling=\"no\"><\/iframe><\/p>\n<p>&nbsp;<\/p>\n<p>&nbsp;<\/p>\n<p><a class=\"dt-pswp-item\" href=\"http:\/\/www.radiopiu.net\/wordpress\/wp-content\/uploads\/2018\/09\/viabilita.jpeg\" data-dt-img-description=\"\" data-large_image_width=\"800\" data-large_image_height=\"100\"><img loading=\"lazy\" decoding=\"async\" class=\"alignnone size-full wp-image-61954\" src=\"http:\/\/www.radiopiu.net\/wordpress\/wp-content\/uploads\/2018\/09\/viabilita.jpeg\" alt=\"\" width=\"800\" height=\"100\" srcset=\"https:\/\/www.radiopiu.net\/wordpress\/wp-content\/uploads\/2018\/09\/viabilita.jpeg 800w, https:\/\/www.radiopiu.net\/wordpress\/wp-content\/uploads\/2018\/09\/viabilita-300x38.jpeg 300w, https:\/\/www.radiopiu.net\/wordpress\/wp-content\/uploads\/2018\/09\/viabilita-768x96.jpeg 768w\" sizes=\"auto, (max-width: 800px) 100vw, 800px\" \/><\/a><\/p>\n<p>&nbsp;<\/p>\n<p><strong>PROVINCIALE 251 VAL DI ZOLDO<\/strong>\u00a0 Fino\u00a0 al 2 agosto dalle 8 alle 12 e dalle 13.30 alle 17.30 (esclusi festivi e prefestivi) senso unico alternato e brevi interruzioni della durata massima di 15 minuti.<\/p>\n<p><strong>PROVINCIALE 8 DI SAN TOMASO:\u00a0 <\/strong>Fino\u00a0 AL 09 AGOSTO, SABATO E DOMENICA INCLUSI TRA LE LOCALITA&#8217; PIAN MOLIN E ROI INTERDIZIONE TOTALE AL TRAFFICO PER POSA CONDOTTA IDROELETTRICA.<\/p>\n<p><strong>Regionale 203 agordina, <\/strong>localit\u00e0 LE CAMPE senso unico alternato per il ripristino della rete fognaria. Fino 2 agosto dalle 7.30 alle 8.30 e dalle 16.30 alle 18 con moviere, dalle 7 alle 7.30, dalle 8.30 alle 16.30 dalle 18 alle 19 con semaforo.<\/p>\n<p><strong>PROVINCIALE 346 DEL SAN PELLEGRINO<\/strong>\u00a0 fino al 26 luglio (sabato e domenica escluso) senso unico alternato saltuario regolato da movieri in Comune di Canale d&#8217;Agordo<\/p>\n<p><strong>PROVINCIALE 3 DI VALLE IMPERINA f<\/strong>ino\u00a0 al 2 agosto senso unico alternato in localit\u00e0 Ponte Alto per allacciamento all&#8217;acquedotto per conto di GSP<\/p>\n<p><strong>PROVINCIALE 346 DEL SAN PELLEGRINO<\/strong> fino al 2 agosto e dal 27 agosto al 13 settembre (festivi e prefestivi inclusi) senso unico alternato con movieri tra Falcade, Canale d&#8217;Agordo e Vallada per tesatura conduttori alta tensione.<\/p>\n<p><strong>REGIONALE 203 AGORDINA<\/strong>\u00a0 fino al 2 agosto e dal 27 agosto al 13 settembre (inclusi festivi e prefestivi) senso unico alternato in Comune di Cencenighe, per tesatura conduttori alta tensione.<\/p>\n<p><strong>PROVINCIALE 641 DI PASSO FEDAIA<\/strong> In localit\u00e0 Rocca Pietore fino al 30 luglio senso unico alternato con impianto semaforico.<\/p>\n<p><strong>PROVINCIALE 563 DI SALESEI<\/strong> Fino al 9 agosto (festivi e prefestivi esclusi) senso unico alternato in localit\u00e0 Salesei per la posa di protezioni sul versante.<\/p>\n<div dir=\"ltr\">\n<div dir=\"ltr\">\n<p><strong>PROVINCIALE 641 DI PASSO FEDAIA<\/strong> fino al 9 agosto senso unico alternato tra Malga Ciapela e Sottoguda per la posa di nuovo cavidotto<\/p>\n<p><strong>LA VALLE\u00a0 <\/strong>Fino\u00a031 luglio (festivi e prefestivi esclusi) senso unico a seconda delle esigenze con semaforo o movieri lungo la regionale 203 agordina in localit\u00e0 La Muda<\/p>\n<\/div>\n<\/div>\n<p>&nbsp;<\/p>\n<p>&nbsp;<\/p>\n<p>&nbsp;<\/p>\n<p>&nbsp;<\/p>\n<p>&nbsp;<\/p>\n<p><a class=\"dt-pswp-item\" href=\"http:\/\/www.radiopiu.net\/wordpress\/wp-content\/uploads\/2018\/09\/sport.jpg\" data-dt-img-description=\"\" data-large_image_width=\"800\" data-large_image_height=\"100\"><img loading=\"lazy\" decoding=\"async\" class=\"alignnone wp-image-60761 size-full\" src=\"http:\/\/www.radiopiu.net\/wordpress\/wp-content\/uploads\/2018\/09\/sport.jpg\" alt=\"\" width=\"800\" height=\"100\" srcset=\"https:\/\/www.radiopiu.net\/wordpress\/wp-content\/uploads\/2018\/09\/sport.jpg 800w, https:\/\/www.radiopiu.net\/wordpress\/wp-content\/uploads\/2018\/09\/sport-300x38.jpg 300w, https:\/\/www.radiopiu.net\/wordpress\/wp-content\/uploads\/2018\/09\/sport-768x96.jpg 768w\" sizes=\"auto, (max-width: 800px) 100vw, 800px\" \/><\/a><\/p>\n<p>&nbsp;<\/p>\n<blockquote>\n<h2 class=\"p1\"><span class=\"s1\"><b>CAMPIONATO AGORDINO DI CALCIO<\/b><\/span><\/h2>\n<\/blockquote>\n<p class=\"p1\"><span class=\"s1\"><b>QUARTI DI FINALE<\/b><\/span><\/p>\n<p class=\"p1\"><span class=\"s1\"><b>IL PUNTO<\/b><\/span><\/p>\n<p class=\"p1\"><span class=\"s1\"><a class=\"dt-pswp-item\" href=\"http:\/\/www.radiopiu.net\/wordpress\/wp-content\/uploads\/2019\/07\/TABELLONE-FINALE-CAMPIONATO-AGORDINO-2019-SEMIFINALI.jpg\" data-dt-img-description=\"\" data-large_image_width=\"1754\" data-large_image_height=\"1239\"><img loading=\"lazy\" decoding=\"async\" class=\" wp-image-92510 alignleft\" src=\"http:\/\/www.radiopiu.net\/wordpress\/wp-content\/uploads\/2019\/07\/TABELLONE-FINALE-CAMPIONATO-AGORDINO-2019-SEMIFINALI-300x212.jpg\" alt=\"\" width=\"483\" height=\"341\" srcset=\"https:\/\/www.radiopiu.net\/wordpress\/wp-content\/uploads\/2019\/07\/TABELLONE-FINALE-CAMPIONATO-AGORDINO-2019-SEMIFINALI-300x212.jpg 300w, https:\/\/www.radiopiu.net\/wordpress\/wp-content\/uploads\/2019\/07\/TABELLONE-FINALE-CAMPIONATO-AGORDINO-2019-SEMIFINALI-768x543.jpg 768w, https:\/\/www.radiopiu.net\/wordpress\/wp-content\/uploads\/2019\/07\/TABELLONE-FINALE-CAMPIONATO-AGORDINO-2019-SEMIFINALI-1024x723.jpg 1024w, https:\/\/www.radiopiu.net\/wordpress\/wp-content\/uploads\/2019\/07\/TABELLONE-FINALE-CAMPIONATO-AGORDINO-2019-SEMIFINALI.jpg 1754w\" sizes=\"auto, (max-width: 483px) 100vw, 483px\" \/><\/a>Sono Vallada, Caprile, Voltago e Fodom le pretendenti al titolo 2009 del Campionato Agordino di Calcio.<\/span><\/p>\n<p class=\"p1\"><span class=\"s1\">Il Taibon, dopo una partita che era cominciata nel peggiore dei modi, rimonta 2 gol contro il Vallada ma nel secondo tempo subisce un eurogol da Matthias Crepaz che porta la squadra della valle del Biois in semifinale. Tutto facile per il Caprile che chiude la sfida nella prima frazione contro un Rivamonte che non ha saputo fare la voce grossa questa settimana. Il Voltago suda 7 camicie contro i cugini del Frassen\u00e8 e, in rimonta, vincono il derby paesano. Il Fodom continua a vincere e questa volta \u00e8 l\u2019Agordo 2009 a cadere nella trappola degli orsetti.<\/span><\/p>\n<p class=\"p1\"><span class=\"s1\"><b>I RISULTATI<\/b><\/span><\/p>\n<p class=\"p1\"><span class=\"s1\">Vallada &#8211; Taibon 3-2<\/span><\/p>\n<p class=\"p1\"><span class=\"s1\">Caprile &#8211; Rivamonte 3-0<\/span><\/p>\n<p class=\"p1\"><span class=\"s1\">Fodom &#8211; Agordo 2009 4-2<\/span><\/p>\n<p class=\"p1\"><span class=\"s1\">Voltago &#8211; Frassen\u00e8 2-1<\/span><\/p>\n<p class=\"p1\"><span class=\"s1\"><b>PROSSIMO TURNO <\/b><\/span><\/p>\n<p class=\"p1\"><span class=\"s1\">SEMIFINALI<\/span><\/p>\n<p class=\"p1\"><span class=\"s1\">A Boscoverde di Rocca Pietore<\/span><\/p>\n<p class=\"p1\"><span class=\"s1\">ore 15 Voltago &#8211; Vallada<\/span><\/p>\n<p class=\"p1\"><span class=\"s1\">ore 17:30 Caprile &#8211; Fodom<\/span><\/p>\n<blockquote>\n<h2 class=\"p1\"><span class=\"s1\"><b>CAMPIONATO AGORDINO GIOVANILE <\/b><\/span><\/h2>\n<\/blockquote>\n<p class=\"p3\"><span class=\"s1\">Ad una giornata dal termine della stagione regolare del Campionato Agordino giovanile, le uniche squadre ad avere la sicurezza di partecipare alle semifinali sono La Valle e Taibon. Alleghe e Cencenighe sono fuori dai giochi e gli unici due posti rimasti per la fase finale se li contendono Canale, Fodom e Le Ville. Intanto, in settimana, il Taibon ha superato con il punteggio di 11 a 0 l\u2019Alleghe nel recupero della quinta giornata arrivando al big match di La Valle con solo 3 dai diretti avversari. Nel pomeriggio di sabato non \u00e8 stata disputata la sfida tra Canale e Le Ville, partita rinviata in comune accordo e che si giocher\u00e0 marted\u00ec sera<\/span><\/p>\n<p class=\"p3\"><span class=\"s1\">I risultati: La Valle \u2013 Taibon 0-3, Cencenighe \u2013 Alleghe 2-4, Canale \u2013 Le Ville \u00e8 stata rinviata a marted\u00ec prossimo. Ha riposato il Fodom<\/span><\/p>\n<p class=\"p3\"><span class=\"s1\">Classifica: La Valle e Taibon 15, Canale*, Fodom e Le Ville* 6, Alleghe 3, Cencenighe 0 (*una partita in meno)<\/span><\/p>\n<p class=\"p3\"><span class=\"s1\">Prossimo turno: sabato 27 luglio alle ore 16 Canale \u2013 Alleghe, Taibon \u2013 Cencenighe, Le Ville \u2013 Fodom. Riposa il La Valle.<\/span><\/p>\n<p>&nbsp;<\/p>\n<p>&nbsp;<\/p>\n<p>&nbsp;<\/p>\n<h1>MOTORI, DI ROBERTO BONA<\/h1>\n<h2><a class=\"dt-pswp-item\" href=\"http:\/\/www.radiopiu.net\/wordpress\/wp-content\/uploads\/2019\/07\/fontana93.jpg\" data-dt-img-description=\"\" data-large_image_width=\"4965\" data-large_image_height=\"3456\"><img loading=\"lazy\" decoding=\"async\" class=\" wp-image-92438 alignleft\" src=\"http:\/\/www.radiopiu.net\/wordpress\/wp-content\/uploads\/2019\/07\/fontana93-300x209.jpg\" alt=\"\" width=\"256\" height=\"178\" srcset=\"https:\/\/www.radiopiu.net\/wordpress\/wp-content\/uploads\/2019\/07\/fontana93-300x209.jpg 300w, https:\/\/www.radiopiu.net\/wordpress\/wp-content\/uploads\/2019\/07\/fontana93-768x535.jpg 768w, https:\/\/www.radiopiu.net\/wordpress\/wp-content\/uploads\/2019\/07\/fontana93-1024x713.jpg 1024w\" sizes=\"auto, (max-width: 256px) 100vw, 256px\" \/><\/a><\/h2>\n<h2><\/h2>\n<h2><\/h2>\n<h2>IL FINE SETTIMANA DA VINCITORE DI DENIS MEZZACASA ALLA 49esima cronoscalata\u00a0 VALCAMONICA, Renault a mille&#8230;.<\/h2>\n<audio class=\"wp-audio-shortcode\" id=\"audio-92270-9\" preload=\"none\" style=\"width: 100%;\" controls=\"controls\"><source type=\"audio\/mpeg\" src=\"http:\/\/www.radiopiu.net\/wordpress\/wp-content\/uploads\/2019\/07\/MEZZACASA.mp3?_=9\" \/><a href=\"http:\/\/www.radiopiu.net\/wordpress\/wp-content\/uploads\/2019\/07\/MEZZACASA.mp3\">http:\/\/www.radiopiu.net\/wordpress\/wp-content\/uploads\/2019\/07\/MEZZACASA.mp3<\/a><\/audio>\n<h2><a class=\"dt-pswp-item\" href=\"http:\/\/www.radiopiu.net\/wordpress\/wp-content\/uploads\/2019\/07\/fontan620.jpg\" data-dt-img-description=\"\" data-large_image_width=\"5500\" data-large_image_height=\"3712\"><img loading=\"lazy\" decoding=\"async\" class=\" wp-image-92437 alignleft\" src=\"http:\/\/www.radiopiu.net\/wordpress\/wp-content\/uploads\/2019\/07\/fontan620-300x202.jpg\" alt=\"\" width=\"247\" height=\"166\" srcset=\"https:\/\/www.radiopiu.net\/wordpress\/wp-content\/uploads\/2019\/07\/fontan620-300x202.jpg 300w, https:\/\/www.radiopiu.net\/wordpress\/wp-content\/uploads\/2019\/07\/fontan620-768x518.jpg 768w, https:\/\/www.radiopiu.net\/wordpress\/wp-content\/uploads\/2019\/07\/fontan620-1024x691.jpg 1024w\" sizes=\"auto, (max-width: 247px) 100vw, 247px\" \/><\/a><\/h2>\n<h2><\/h2>\n<h2>&#8230;E QUELLO DI ANDREA FONTANA AL MUGELLO NEL GRAN TURISMO SPRINT CON AUDI. NON DA SOLO, MA CON UNA SCOMODA COMPAGNA DI NOME FORTUNA.<\/h2>\n<audio class=\"wp-audio-shortcode\" id=\"audio-92270-10\" preload=\"none\" style=\"width: 100%;\" controls=\"controls\"><source type=\"audio\/mpeg\" src=\"http:\/\/www.radiopiu.net\/wordpress\/wp-content\/uploads\/2019\/07\/ANDREA-FONTANA-1.mp3?_=10\" \/><a href=\"http:\/\/www.radiopiu.net\/wordpress\/wp-content\/uploads\/2019\/07\/ANDREA-FONTANA-1.mp3\">http:\/\/www.radiopiu.net\/wordpress\/wp-content\/uploads\/2019\/07\/ANDREA-FONTANA-1.mp3<\/a><\/audio>\n<p>&nbsp;<\/p>\n<p>&nbsp;<\/p>\n<p>&nbsp;<\/p>\n<h2>LA 39\u00b0 EDIZIONE DELLA TRANSCIVETTA KARPOS VA ALLA COPPIA CAGNATI-MOIA<\/h2>\n<h1><span style=\"color: #0000ff;\"><a style=\"color: #0000ff;\" href=\"http:\/\/www.radiopiu.net\/wordpress\/wp-admin\/post.php?post=92426&amp;action=edit\">CLICCA QUI<\/a><\/span><\/h1>\n<p>http:\/\/www.radiopiu.net\/wordpress\/wp-admin\/post.php?post=92426&#038;action=edit<\/p>\n<p>&nbsp;<\/p>\n<p>&nbsp;<\/p>\n<p>&nbsp;<\/p>\n<div class=\"page-title-head hgroup\">\n<h1 class=\"entry-title\">DANILO SCOLA VINCE LA CORRINVALLE 2019<\/h1>\n<\/div>\n<div class=\"page-title-breadcrumbs\"><\/div>\n<blockquote class=\"wp-embedded-content\" data-secret=\"ihtONE32yW\"><p><a href=\"http:\/\/www.radiopiu.net\/wordpress\/danilo-scola-vince-la-corrinvalle-2019\/\">DANILO SCOLA VINCE LA CORRINVALLE 2019<\/a><\/p><\/blockquote>\n<p><iframe loading=\"lazy\" title=\"&#8220;DANILO SCOLA VINCE LA CORRINVALLE 2019&#8221; &#8212; Radio Pi\u00f9\" class=\"wp-embedded-content\" sandbox=\"allow-scripts\" security=\"restricted\" style=\"position: absolute; clip: rect(1px, 1px, 1px, 1px);\" src=\"http:\/\/www.radiopiu.net\/wordpress\/danilo-scola-vince-la-corrinvalle-2019\/embed\/#?secret=ihtONE32yW\" data-secret=\"ihtONE32yW\" width=\"600\" height=\"338\" frameborder=\"0\" marginwidth=\"0\" marginheight=\"0\" scrolling=\"no\"><\/iframe><\/p>\n<p>&nbsp;<\/p>\n<p>&nbsp;<\/p>\n<p>&nbsp;<\/p>\n<h2>LA COPPA D&#8217;ORO DELLE DOLOMITI OMAGGIA L&#8217;AGORDINO, IL PASSAGGIO A LA VALLE<\/h2>\n<blockquote class=\"wp-embedded-content\" data-secret=\"FvOADpyDRH\"><p><a href=\"http:\/\/www.radiopiu.net\/wordpress\/la-coppa-doro-delle-dolomiti-omaggia-lagordino-il-passaggio-a-la-valle\/\">LA COPPA D&#8217;ORO DELLE DOLOMITI OMAGGIA L&#8217;AGORDINO, IL PASSAGGIO A LA VALLE<\/a><\/p><\/blockquote>\n<p><iframe loading=\"lazy\" title=\"&#8220;LA COPPA D&#8217;ORO DELLE DOLOMITI OMAGGIA L&#8217;AGORDINO, IL PASSAGGIO A LA VALLE&#8221; &#8212; Radio Pi\u00f9\" class=\"wp-embedded-content\" sandbox=\"allow-scripts\" security=\"restricted\" style=\"position: absolute; clip: rect(1px, 1px, 1px, 1px);\" src=\"http:\/\/www.radiopiu.net\/wordpress\/la-coppa-doro-delle-dolomiti-omaggia-lagordino-il-passaggio-a-la-valle\/embed\/#?secret=FvOADpyDRH\" data-secret=\"FvOADpyDRH\" width=\"600\" height=\"338\" frameborder=\"0\" marginwidth=\"0\" marginheight=\"0\" scrolling=\"no\"><\/iframe><\/p>\n<p>&nbsp;<\/p>\n<p>&nbsp;<\/p>\n<p>&nbsp;<\/p>\n<p>&nbsp;<\/p>\n<p><strong><a class=\"dt-pswp-item\" href=\"http:\/\/www.radiopiu.net\/wordpress\/wp-content\/uploads\/2018\/09\/WhatsApp-Image-2018-09-20-at-16.04.06.jpeg\" data-dt-img-description=\"\" data-large_image_width=\"800\" data-large_image_height=\"100\"><img loading=\"lazy\" decoding=\"async\" class=\"alignnone wp-image-61378 size-full\" src=\"http:\/\/www.radiopiu.net\/wordpress\/wp-content\/uploads\/2018\/09\/WhatsApp-Image-2018-09-20-at-16.04.06.jpeg\" alt=\"\" width=\"800\" height=\"100\" srcset=\"https:\/\/www.radiopiu.net\/wordpress\/wp-content\/uploads\/2018\/09\/WhatsApp-Image-2018-09-20-at-16.04.06.jpeg 800w, https:\/\/www.radiopiu.net\/wordpress\/wp-content\/uploads\/2018\/09\/WhatsApp-Image-2018-09-20-at-16.04.06-300x38.jpeg 300w, https:\/\/www.radiopiu.net\/wordpress\/wp-content\/uploads\/2018\/09\/WhatsApp-Image-2018-09-20-at-16.04.06-768x96.jpeg 768w\" sizes=\"auto, (max-width: 800px) 100vw, 800px\" \/><\/a><\/strong><\/p>\n<p><center><b>Lunedi 22<\/b><\/center><b>Tempo atteso: <\/b>Tempo da soleggiato a parzialmente soleggiato per la presenza di sottili velature. La sensazione sar\u00e0 comunque di tempo buono con cielo lattiginoso, assieme a modestissimi cumuli di bel tempo, quest&#8217;ultimi presenti solo durante le ore pi\u00f9 calde. Clima sempre pi\u00f9 caldo, ma non ancora afoso nei fondovalle prealpini.<br \/>\n<b>Precipitazioni: <\/b>Assenti (0%).<br \/>\n<b>Temperature: <\/b>In aumento a tutte le quote rispetto a domenica, con punte di 32\/33\u00b0C nei fondovalle prealpini e di 28\/30\u00b0C a 1000\/1200 m. Su Prealpi a 1500 m min 16\u00b0C max 23\u00b0C, a 2000 m min 13\u00b0C max 19\u00b0C. Su Dolomiti a 2000 m min 12\u00b0C max 20\u00b0C, a 3000 m min 9\u00b0C max 11\u00b0C.<br \/>\n<b>Venti: <\/b>Nelle valli deboli\/moderati a regime di brezza; in quota perlopi\u00f9 deboli da Nord Nord-Ovest, a 5-10 km\/h a 2000 m e a 5\/15 km\/h a 3000 m.<\/p>\n<hr \/>\n<p><center><b>Martedi 23<\/b><\/center><b>Tempo atteso: <\/b>Tempo ben soleggiato con cielo sereno al mattino e sereno o poco nuvoloso per modesti cumuli di bel tempo nelle ore pi\u00f9 calde. Temperature in ulteriore lieve aumento con clima sempre pi\u00f9 caldo, anche afoso nei fondovalle prealpini.<br \/>\n<b>Precipitazioni: <\/b>Assenti (0%).<br \/>\n<b>Temperature: <\/b>In leggero aumento a tutte le quote rispetto a luned\u00ec, con punte di 33\/35\u00b0C nei fondovalle prealpini e di 29\/32\u00b0C a 1000\/1200 m. Su Prealpi a 1500 m min 17\u00b0C max 24\u00b0C, a 2000 m min 14\u00b0C max 21\u00b0C. Su Dolomiti a 2000 m min 12\u00b0C max 22\u00b0C, a 3000 m min 10\u00b0C max 12\u00b0C.<br \/>\n<b>Venti: <\/b>Nelle valli deboli\/moderati a regime di brezza; in quota perlopi\u00f9 deboli da Nord, solo a tratti moderati sulle cime dolomitiche pi\u00f9 alte, a 5-10 km\/h a 2000 m e a 5\/15 km\/h a 3000 m.<\/p>\n<hr \/>\n<p><center><b>Mercoledi 24<\/b><\/center>Tempo ben soleggiato con cielo sereno al mattino e sereno o poco nuvoloso per modesti cumuli di bel tempo nelle ore pi\u00f9 calde. Temperature senza notevoli variazioni rispetto a marted\u00ec con clima assai caldo ed afoso nei fondovalle prealpini (punte di 33\/35\u00b0C). Far\u00e0 molto caldo anche nelle valli dolomitiche (punte di 30\/32\u00b0C). Venti deboli o molto deboli da Nord in quota e brezze nelle valli.<\/p>\n<hr \/>\n<p><center><b>Giovedi 25<\/b><\/center>Tempo ben soleggiato con cielo sereno al mattino e sereno o poco nuvoloso per modesti cumuli di bel tempo nelle ore pi\u00f9 calde. Temperature senza notevoli variazioni rispetto a mercoled\u00ec con innipresenza del caldo tra i fondovalle prealpini (punte di 34\/35\u00b0C) e valli dolomitiche (punte di 31\/33\u00b0C). L&#8217;afa crescer\u00e0 ulteriormente alle quote pi\u00f9 basse e, qualora il cielo rimanesse particolarmente sereno, potrebbe verificarsi l&#8217;apice del caldo. Venti deboli o molto deboli da Nord in quota e brezze nelle valli. Previsore: R.L.Th.<\/p>\n<p>&nbsp;<\/p>\n","protected":false},"excerpt":{"rendered":"<p>LA STRADA MISURINA-CARBONIN DOPO UNA NOTTE DI LAVORO DEGLI OPERAI DI VENETO STRADE E&#8217; STATA RIAPERTA A SENSO UNICO\u00a0 E&#8217; ormai definito come il conclusivo scontro sull&#8217;autonomia, \u00e8 la lunga lettera che i governatori\u00a0 Zaia e Fontana hanno inviato al Premier Conte, &#8220;Siamo feriti dalla parole di Conte e non intendiamo firmare una presa in&hellip;<\/p>\n","protected":false},"author":1,"featured_media":92516,"comment_status":"closed","ping_status":"closed","sticky":false,"template":"","format":"standard","meta":{"_monsterinsights_skip_tracking":false,"_monsterinsights_sitenote_active":false,"_monsterinsights_sitenote_note":"","_monsterinsights_sitenote_category":0,"footnotes":""},"categories":[86],"tags":[],"class_list":["post-92270","post","type-post","status-publish","format-standard","has-post-thumbnail","hentry","category-gr","category-86","description-off"],"img_url":"https:\/\/www.radiopiu.net\/wordpress\/wp-content\/uploads\/2019\/07\/67135980_2442536002433126_5322345042528960512_n.jpg","_links":{"self":[{"href":"https:\/\/www.radiopiu.net\/wordpress\/wp-json\/wp\/v2\/posts\/92270","targetHints":{"allow":["GET"]}}],"collection":[{"href":"https:\/\/www.radiopiu.net\/wordpress\/wp-json\/wp\/v2\/posts"}],"about":[{"href":"https:\/\/www.radiopiu.net\/wordpress\/wp-json\/wp\/v2\/types\/post"}],"author":[{"embeddable":true,"href":"https:\/\/www.radiopiu.net\/wordpress\/wp-json\/wp\/v2\/users\/1"}],"replies":[{"embeddable":true,"href":"https:\/\/www.radiopiu.net\/wordpress\/wp-json\/wp\/v2\/comments?post=92270"}],"version-history":[{"count":0,"href":"https:\/\/www.radiopiu.net\/wordpress\/wp-json\/wp\/v2\/posts\/92270\/revisions"}],"wp:featuredmedia":[{"embeddable":true,"href":"https:\/\/www.radiopiu.net\/wordpress\/wp-json\/wp\/v2\/media\/92516"}],"wp:attachment":[{"href":"https:\/\/www.radiopiu.net\/wordpress\/wp-json\/wp\/v2\/media?parent=92270"}],"wp:term":[{"taxonomy":"category","embeddable":true,"href":"https:\/\/www.radiopiu.net\/wordpress\/wp-json\/wp\/v2\/categories?post=92270"},{"taxonomy":"post_tag","embeddable":true,"href":"https:\/\/www.radiopiu.net\/wordpress\/wp-json\/wp\/v2\/tags?post=92270"}],"curies":[{"name":"wp","href":"https:\/\/api.w.org\/{rel}","templated":true}]}}