{"id":92346,"date":"2019-07-20T05:23:21","date_gmt":"2019-07-20T03:23:21","guid":{"rendered":"http:\/\/www.radiopiu.net\/wordpress\/?p=92346"},"modified":"2019-07-21T10:04:57","modified_gmt":"2019-07-21T08:04:57","slug":"lo-scultore-panciera-besarel-nasceva-ad-astragal-di-zoldo-centonovanta-anni-or-sono","status":"publish","type":"post","link":"https:\/\/www.radiopiu.net\/wordpress\/lo-scultore-panciera-besarel-nasceva-ad-astragal-di-zoldo-centonovanta-anni-or-sono\/","title":{"rendered":"LO SCULTORE PANCIERA BESAREL NASCEVA AD ASTRAGAL DI ZOLDO CENTONOVANTA ANNI OR SONO"},"content":{"rendered":"<p><strong>di RENATO BONA<\/strong><\/p>\n<p>Il 29 luglio del 1829, centonovanta anni or sono, veniva alla luce ad Astragal di Forno di Zoldo, in provincia di Belluno, Valentino Panciera detto Besarel, figlio di Giovanni Battista, intagliatore e decoratore, e di Caterina Cordella, zoldana di Goima. La libera enciclopedia Wikipedia ricorda che Besar\u00e8l \u201c\u00e8 un soprannome di origine popolare usato per distinguere la famiglia dell&#8217;artista da altri ceppi omonimi, ma ha finito per assumere il predominio persino sul cognome, tanto che anche nel mondo artistico \u00e8 conosciuto semplicemente come Valentino Besarel. Ultima rappresentante dei Panciera Besarel \u00e8 stata la figlia di Valentino, Caterina, scomparsa nel 1947\u201d. E aggiunge: \u201cI Besarel erano dediti da generazioni alla scultura in legno: intagliatori erano stati il bisnonno Valentino (1747-1811), allievo di Giampaolo Gamba &#8220;Zamp\u00f2l&#8221; e discepolo ideale del maestro Andrea Brustolon, il nonno Giovanni (1778-1842) e anche il padre Giovanni Battista (1801-1873); quest&#8217;ultimo aveva conseguito una certa fama locale lasciando opere in varie chiese dello Zoldano\u201d. Ancora Wikipedia: \u201cNonostante ci\u00f2, la famiglia versava in condizioni di povert\u00e0, sicch\u00e9 Valentino non pot\u00e9 avere un&#8217;istruzione regolare. Ricevette una prima formazione nella bottega paterna, cui si aggiunse, agli inizi degli anni 1840, una breve frequentazione della scuola del disegnatore bellunese Antonio Federici. La svolta gli venne dall&#8217;incontro con Giuseppe Segusini, il quale lo vide all&#8217;opera mentre, al seguito del padre, decorava la chiesa arcidiaconale di Agordo. Grazie all&#8217;architetto feltrino ebbe modo di frequentare l&#8217;Accademia di Venezia dal 1853 al 1855, sebbene non fosse riuscito a terminare gli studi\u201d. Le prime opere autonome, commissionategli sempre mediante il Segusini, furono i santi Pietro e Paolo per l&#8217;altare maggiore della parrocchiale di Tiser e i Quattro Evangelisti per la Cattedrale di Belluno (1855-1856). Besarel oper\u00f2 a lungo nella terra d\u2019origine prima di trasferirsi, anni sessanta, a Venezia dove ebbe fama internazionale e divenne il fornitore ufficiale delle monarchie europee, anche se per un infortunio perse quattro dita della mano destra (a tale proposito, nel libro di Paolo Conte e Marco Perale \u201c90 profili\u201d edito da L\u2019Amico del Popolo nel 1999, si rammenta che dopo l\u2019incidente del 2 marzo 1885: \u201ctra i tanti che gli telegrafarono ci fu la regina Margherita, assidua frequentatrice del suo studio e per la quale aveva scolpito un tavolo portagioielli. Dalla disgrazia si riprese costruendosi scalpelli e attrezzi adatti a lavorare nonostante la menomazione\u201d. Coinvolse nella sua passione artistica i familiari e soprattutto la figlia Caterina. Massiccia e pregevole la presenza di suoi lavori in chiese e palazzi nel Bellunese (solo per citarne alcuni: la chiesa di Vigo di Cadore con la Pala del Ges\u00f9, il famoso tabernacolo nella chiesa di San Rocco nel capoluogo, il rosone in terracotta raffigurante il Battesimo di san Giovanni Battista nell\u2019arcipretale di Canale d\u2019Agordo; la celebre Madonna del Rosario nell\u2019arcidiaconale di Agordo; Madonna del Rosario per la parrocchiale di Ospitale di Cadore e Madonna di Loreto per la chiesa di Santa Maria di Loreto di Feltre; la decorazione del soffitto di due sale della Magnifica Comunit\u00e0 di Pieve di Cadore, dove inser\u00ec 32 busti di illustri cadorini. All\u2019inizio degli anni Ottanta realizz\u00f2 per l\u2019avvocato torinese Antonio Borgogna una gigantesca Apoteosi di Vittorio Emanuele II. Il sito treccani.it rammenta a sua volta che il nostro \u201c\u2026 Nel 1858 spos\u00f2 la conterranea Maria Fontanella, dalla quale ebbe sei figlie: Elisabetta (1859), Giovanna (1862), Caterina (1867) e altre tre morte in tenera et\u00e0. La primogenita Elisabetta spos\u00f2 a Venezia Antonio Casal, originario della Val di Zoldo e titolare di un importante cantiere per piccole imbarcazioni, con il quale Valentino collabor\u00f2 a lungo. Caterina, ultimogenita, fu invece avviata agli studi artistici e assunse ruoli importanti nell\u2019atelier del padre&#8230;\u201d. Ancora su Valentino: \u201cRisale al 1861 la prima partecipazione a una mostra di rilevanza nazionale: insieme al fratello Francesco si rec\u00f2 infatti a Firenze per la I Esposizione nazionale, dove i due ottennero una medaglia e un riconoscimento in denaro presentando una statua e un rilievo della Vergine e soprattutto una grande cornice ornamentale intitolata Fratellanza italiana: composta da una serie di paffuti amorini a tutto tondo che danzano tenendosi per mano, l\u2019opera colp\u00ec la critica e la giuria per il vertiginoso virtuosismo dell\u2019esecuzione. Il successo di quell\u2019esperienza, unito alla consapevolezza delle possibilit\u00e0 che gli offriva la propria capacit\u00e0 tecnica, indirizz\u00f2 in seguito Valentino verso l\u2019intaglio decorativo di gusto neobarocco, sulle orme dell\u2019illustre conterraneo Andrea Brustolon, del quale fu ben presto considerato una sorta di erede spirituale\u201d. Concludiamo questa rivisitazione di Valentino Panciera Besarel ricordando con il sito dell\u2019Associazione bellunesi nel mondo che nel marzo del 2014, col sostegno della Fondazione Angelini, nel mezzanino del Museo bellunese era stato allestito un percorso dedicato a Caterina Panciera Besarel, figlia di Valentino, artista e imprenditrice della Val di Zoldo a Venezia.<\/p>\n<p>NELLE FOTO (Renato Bona, Wikipedia, Museoborgogna, Dizionario friulani, Google): Valentino Panciera Besarel; l\u2019artista nel busto opera della figlia; il paese natale di Astragal; il Rosone del 1859 raffigurante Ges\u00f9 con il Battista, sulla facciata dell&#8217;arcipretale di Canale d&#8217;Agordo; il Monumento ad Andrea Brustolon, a Dont di Zoldo; la Madonna del Rosario con il Bimbo e due angeli, scultura lignea della chiesa di Tricesimo; la via che gli \u00e8 stata dedicata a Belluno; la figlia Caterina; il tabernacolo della chiesa di San Rocco; statue del Duomo bellunese; l\u2019abside di Tiser coi santi Pietro e Paolo.<\/p>\n\n\t\t\t<style type='text\/css'>\n\t\t\t\t#gallery-1 {\n\t\t\t\t\tmargin: auto;\n\t\t\t\t}\n\t\t\t\t#gallery-1 .gallery-item {\n\t\t\t\t\tfloat: left;\n\t\t\t\t\tmargin-top: 10px;\n\t\t\t\t\ttext-align: center;\n\t\t\t\t\twidth: 33%;\n\t\t\t\t}\n\t\t\t\t#gallery-1 img {\n\t\t\t\t\tborder: 2px solid #cfcfcf;\n\t\t\t\t}\n\t\t\t\t#gallery-1 .gallery-caption {\n\t\t\t\t\tmargin-left: 0;\n\t\t\t\t}\n\t\t\t\t\/* see gallery_shortcode() in wp-includes\/media.php *\/\n\t\t\t<\/style>\n\t\t<div id='gallery-1' class='dt-gallery-container gallery galleryid-92346 gallery-columns-3 gallery-size-thumbnail'><dl class='gallery-item'>\n\t\t\t\t<dt class='gallery-icon landscape'>\n\t\t\t\t\t<a class=\"rollover\" href='https:\/\/www.radiopiu.net\/wordpress\/giornale-radiopiu-20-luglio-2019-direttore-mirko-mezzacasa\/67442709_475502772994445_1110928900684251136_n\/'><img loading=\"lazy\" decoding=\"async\" width=\"150\" height=\"146\" src=\"https:\/\/www.radiopiu.net\/wordpress\/wp-content\/uploads\/2019\/07\/67442709_475502772994445_1110928900684251136_n-150x146.jpg\" class=\"attachment-thumbnail size-thumbnail\" alt=\"\" \/><\/a>\n\t\t\t\t<\/dt><\/dl><dl class='gallery-item'>\n\t\t\t\t<dt class='gallery-icon portrait'>\n\t\t\t\t\t<a class=\"rollover\" href='https:\/\/www.radiopiu.net\/wordpress\/giornale-radiopiu-20-luglio-2019-direttore-mirko-mezzacasa\/67359255_937398963319573_2922751156465696768_n\/'><img loading=\"lazy\" decoding=\"async\" width=\"150\" height=\"150\" src=\"https:\/\/www.radiopiu.net\/wordpress\/wp-content\/uploads\/2019\/07\/67359255_937398963319573_2922751156465696768_n-150x150.jpg\" class=\"attachment-thumbnail size-thumbnail\" alt=\"\" \/><\/a>\n\t\t\t\t<\/dt><\/dl><dl class='gallery-item'>\n\t\t\t\t<dt class='gallery-icon portrait'>\n\t\t\t\t\t<a class=\"rollover\" href='https:\/\/www.radiopiu.net\/wordpress\/giornale-radiopiu-20-luglio-2019-direttore-mirko-mezzacasa\/66890753_2855451427830404_4957444968953151488_n\/'><img loading=\"lazy\" decoding=\"async\" width=\"150\" height=\"150\" src=\"https:\/\/www.radiopiu.net\/wordpress\/wp-content\/uploads\/2019\/07\/66890753_2855451427830404_4957444968953151488_n-150x150.jpg\" class=\"attachment-thumbnail size-thumbnail\" alt=\"\" \/><\/a>\n\t\t\t\t<\/dt><\/dl><br style=\"clear: both\" \/><dl class='gallery-item'>\n\t\t\t\t<dt class='gallery-icon portrait'>\n\t\t\t\t\t<a class=\"rollover\" href='https:\/\/www.radiopiu.net\/wordpress\/giornale-radiopiu-20-luglio-2019-direttore-mirko-mezzacasa\/67191049_379728029564627_465957016213389312_n\/'><img loading=\"lazy\" decoding=\"async\" width=\"150\" height=\"150\" src=\"https:\/\/www.radiopiu.net\/wordpress\/wp-content\/uploads\/2019\/07\/67191049_379728029564627_465957016213389312_n-150x150.jpg\" class=\"attachment-thumbnail size-thumbnail\" alt=\"\" \/><\/a>\n\t\t\t\t<\/dt><\/dl><dl class='gallery-item'>\n\t\t\t\t<dt class='gallery-icon portrait'>\n\t\t\t\t\t<a class=\"rollover\" href='https:\/\/www.radiopiu.net\/wordpress\/giornale-radiopiu-20-luglio-2019-direttore-mirko-mezzacasa\/67439490_370381130290312_4444161115399651328_n\/'><img loading=\"lazy\" decoding=\"async\" width=\"150\" height=\"150\" src=\"https:\/\/www.radiopiu.net\/wordpress\/wp-content\/uploads\/2019\/07\/67439490_370381130290312_4444161115399651328_n-150x150.jpg\" class=\"attachment-thumbnail size-thumbnail\" alt=\"\" \/><\/a>\n\t\t\t\t<\/dt><\/dl><dl class='gallery-item'>\n\t\t\t\t<dt class='gallery-icon landscape'>\n\t\t\t\t\t<a class=\"rollover\" href='https:\/\/www.radiopiu.net\/wordpress\/giornale-radiopiu-20-luglio-2019-direttore-mirko-mezzacasa\/67276232_349413189071300_2378924583584530432_n\/'><img loading=\"lazy\" decoding=\"async\" width=\"150\" height=\"150\" src=\"https:\/\/www.radiopiu.net\/wordpress\/wp-content\/uploads\/2019\/07\/67276232_349413189071300_2378924583584530432_n-150x150.jpg\" class=\"attachment-thumbnail size-thumbnail\" alt=\"\" \/><\/a>\n\t\t\t\t<\/dt><\/dl><br style=\"clear: both\" \/><dl class='gallery-item'>\n\t\t\t\t<dt class='gallery-icon portrait'>\n\t\t\t\t\t<a class=\"rollover\" href='https:\/\/www.radiopiu.net\/wordpress\/giornale-radiopiu-20-luglio-2019-direttore-mirko-mezzacasa\/67564675_2417950168266897_2647005962480648192_n\/'><img loading=\"lazy\" decoding=\"async\" width=\"150\" height=\"150\" src=\"https:\/\/www.radiopiu.net\/wordpress\/wp-content\/uploads\/2019\/07\/67564675_2417950168266897_2647005962480648192_n-150x150.jpg\" class=\"attachment-thumbnail size-thumbnail\" alt=\"\" \/><\/a>\n\t\t\t\t<\/dt><\/dl><dl class='gallery-item'>\n\t\t\t\t<dt class='gallery-icon landscape'>\n\t\t\t\t\t<a class=\"rollover\" href='https:\/\/www.radiopiu.net\/wordpress\/giornale-radiopiu-20-luglio-2019-direttore-mirko-mezzacasa\/67690625_2395709834085042_2699496286813421568_n\/'><img loading=\"lazy\" decoding=\"async\" width=\"150\" height=\"150\" src=\"https:\/\/www.radiopiu.net\/wordpress\/wp-content\/uploads\/2019\/07\/67690625_2395709834085042_2699496286813421568_n-150x150.jpg\" class=\"attachment-thumbnail size-thumbnail\" alt=\"\" \/><\/a>\n\t\t\t\t<\/dt><\/dl><dl class='gallery-item'>\n\t\t\t\t<dt class='gallery-icon portrait'>\n\t\t\t\t\t<a class=\"rollover\" href='https:\/\/www.radiopiu.net\/wordpress\/giornale-radiopiu-20-luglio-2019-direttore-mirko-mezzacasa\/67372328_2346110535670960_970844930257715200_n\/'><img loading=\"lazy\" decoding=\"async\" width=\"150\" height=\"150\" src=\"https:\/\/www.radiopiu.net\/wordpress\/wp-content\/uploads\/2019\/07\/67372328_2346110535670960_970844930257715200_n-150x150.jpg\" class=\"attachment-thumbnail size-thumbnail\" alt=\"\" \/><\/a>\n\t\t\t\t<\/dt><\/dl><br style=\"clear: both\" \/><dl class='gallery-item'>\n\t\t\t\t<dt class='gallery-icon portrait'>\n\t\t\t\t\t<a class=\"rollover\" href='https:\/\/www.radiopiu.net\/wordpress\/giornale-radiopiu-20-luglio-2019-direttore-mirko-mezzacasa\/67732508_725439044536217_5121844815121612800_n\/'><img loading=\"lazy\" decoding=\"async\" width=\"150\" height=\"150\" src=\"https:\/\/www.radiopiu.net\/wordpress\/wp-content\/uploads\/2019\/07\/67732508_725439044536217_5121844815121612800_n-150x150.jpg\" class=\"attachment-thumbnail size-thumbnail\" alt=\"\" \/><\/a>\n\t\t\t\t<\/dt><\/dl><dl class='gallery-item'>\n\t\t\t\t<dt class='gallery-icon portrait'>\n\t\t\t\t\t<a class=\"rollover\" href='https:\/\/www.radiopiu.net\/wordpress\/giornale-radiopiu-20-luglio-2019-direttore-mirko-mezzacasa\/67178799_469087183869058_8506679756228395008_n\/'><img loading=\"lazy\" decoding=\"async\" width=\"150\" height=\"150\" src=\"https:\/\/www.radiopiu.net\/wordpress\/wp-content\/uploads\/2019\/07\/67178799_469087183869058_8506679756228395008_n-150x150.jpg\" class=\"attachment-thumbnail size-thumbnail\" alt=\"\" \/><\/a>\n\t\t\t\t<\/dt><\/dl><dl class='gallery-item'>\n\t\t\t\t<dt class='gallery-icon landscape'>\n\t\t\t\t\t<a class=\"rollover\" href='https:\/\/www.radiopiu.net\/wordpress\/giornale-radiopiu-20-luglio-2019-direttore-mirko-mezzacasa\/67345485_363504757673010_5866259275692638208_n\/'><img loading=\"lazy\" decoding=\"async\" width=\"150\" height=\"150\" src=\"https:\/\/www.radiopiu.net\/wordpress\/wp-content\/uploads\/2019\/07\/67345485_363504757673010_5866259275692638208_n-150x150.jpg\" class=\"attachment-thumbnail size-thumbnail\" alt=\"\" \/><\/a>\n\t\t\t\t<\/dt><\/dl><br style=\"clear: both\" \/>\n\t\t\t<\/div>\n\n","protected":false},"excerpt":{"rendered":"<p>di RENATO BONA Il 29 luglio del 1829, centonovanta anni or sono, veniva alla luce ad Astragal di Forno di Zoldo, in provincia di Belluno, Valentino Panciera detto Besarel, figlio di Giovanni Battista, intagliatore e decoratore, e di Caterina Cordella, zoldana di Goima. La libera enciclopedia Wikipedia ricorda che Besar\u00e8l \u201c\u00e8 un soprannome di origine&hellip;<\/p>\n","protected":false},"author":1,"featured_media":92345,"comment_status":"closed","ping_status":"closed","sticky":false,"template":"","format":"standard","meta":{"_monsterinsights_skip_tracking":false,"_monsterinsights_sitenote_active":false,"_monsterinsights_sitenote_note":"","_monsterinsights_sitenote_category":0,"footnotes":""},"categories":[49],"tags":[],"class_list":["post-92346","post","type-post","status-publish","format-standard","has-post-thumbnail","hentry","category-news-18","category-49","description-off"],"img_url":"https:\/\/www.radiopiu.net\/wordpress\/wp-content\/uploads\/2019\/07\/67439490_370381130290312_4444161115399651328_n.jpg","_links":{"self":[{"href":"https:\/\/www.radiopiu.net\/wordpress\/wp-json\/wp\/v2\/posts\/92346","targetHints":{"allow":["GET"]}}],"collection":[{"href":"https:\/\/www.radiopiu.net\/wordpress\/wp-json\/wp\/v2\/posts"}],"about":[{"href":"https:\/\/www.radiopiu.net\/wordpress\/wp-json\/wp\/v2\/types\/post"}],"author":[{"embeddable":true,"href":"https:\/\/www.radiopiu.net\/wordpress\/wp-json\/wp\/v2\/users\/1"}],"replies":[{"embeddable":true,"href":"https:\/\/www.radiopiu.net\/wordpress\/wp-json\/wp\/v2\/comments?post=92346"}],"version-history":[{"count":0,"href":"https:\/\/www.radiopiu.net\/wordpress\/wp-json\/wp\/v2\/posts\/92346\/revisions"}],"wp:featuredmedia":[{"embeddable":true,"href":"https:\/\/www.radiopiu.net\/wordpress\/wp-json\/wp\/v2\/media\/92345"}],"wp:attachment":[{"href":"https:\/\/www.radiopiu.net\/wordpress\/wp-json\/wp\/v2\/media?parent=92346"}],"wp:term":[{"taxonomy":"category","embeddable":true,"href":"https:\/\/www.radiopiu.net\/wordpress\/wp-json\/wp\/v2\/categories?post=92346"},{"taxonomy":"post_tag","embeddable":true,"href":"https:\/\/www.radiopiu.net\/wordpress\/wp-json\/wp\/v2\/tags?post=92346"}],"curies":[{"name":"wp","href":"https:\/\/api.w.org\/{rel}","templated":true}]}}