{"id":92362,"date":"2019-07-20T05:00:35","date_gmt":"2019-07-20T03:00:35","guid":{"rendered":"http:\/\/www.radiopiu.net\/wordpress\/?p=92362"},"modified":"2019-07-20T06:41:16","modified_gmt":"2019-07-20T04:41:16","slug":"una-strada-in-dirittura-darrivo-sei-anni-dopo-la-conferma-del-finanziamento-da-500-mila-euro","status":"publish","type":"post","link":"https:\/\/www.radiopiu.net\/wordpress\/una-strada-in-dirittura-darrivo-sei-anni-dopo-la-conferma-del-finanziamento-da-500-mila-euro\/","title":{"rendered":"UNA STRADA IN DIRITTURA D&#8217;ARRIVO SEI ANNI DOPO LA CONFERMA DEL FINANZIAMENTO DA 500 MILA EURO"},"content":{"rendered":"<p><strong>TAIBON <\/strong>Lagunal ecco la nuova strada tutta comunale. Costo 500 mila euro: annualit\u00e0 fondi di Confine del 2013. Inizio lavori aprile 2018. Consegna prevista in 150 giorni cio\u00e8 5 mesi&#8230; Un anno dopo tale previsione ci sar\u00e0 il taglio del nastro. Collegher\u00e0 il bivio di Strapont con Peden. Ad oggi mancano i pali della luce e giacche&#8217; anche di strada di emergenza si tratta ci siamo chiesti ma sono previsti?<strong> IL SINDACO DI TAIBON SILVIA TORMEN ASSICURA<\/strong><em> &#8220;I pali della pubblica illuminazione ci sono e al collaudo saranno in piedi &#8220;. <\/em>Speriamo non serva un altro anno per posizionare pali e tirare i cavi &#8230;<\/p>\n<div id=\"fb-root\"><\/div>\n<p><script async=\"1\" defer=\"1\" crossorigin=\"anonymous\" src=\"https:\/\/connect.facebook.net\/it_IT\/sdk.js#xfbml=1&amp;version=v6.0\"><\/script><\/p>\n<div class=\"fb-video\" data-href=\"https:\/\/www.facebook.com\/mirko.mezzacasa\/videos\/10220268887099179\/\" data-width=\"1200\">\n<blockquote cite=\"https:\/\/www.facebook.com\/mirko.mezzacasa\/videos\/10220268887099179\/\" class=\"fb-xfbml-parse-ignore\"><p><a href=\"https:\/\/www.facebook.com\/mirko.mezzacasa\/videos\/10220268887099179\/\"><\/a><\/p>\n<p>TAIBONLagunal ecco la nuova strada tutta comunale. Costo 500 mila euro: annualit\u00e0 fondi di Confine del 2013. Inizio lavori aprile 2018. Consegna prevista in 150 giorni cio\u00e8 5 mesi&#8230; Un anno dopo tale previsione ci sar\u00e0 il taglio del nastro alla luce del sole perch\u00e9 come scrivevamo nel precedente post di illuminazione manco l&#039;ombra&#8230; Collegher\u00e0 il bivio di Strapont con Peden. Ad oggi mancano i pali della luce e giacche&#039; anche di strada di emergenza si tratta ci siamo chiesti ma sono previsti?IL SINDACO DI TAIBON SILVIA TORMEN ASSICURA &quot;I pali della pubblica illuminazione ci sono e al collaudo saranno in piedi &quot;Speriamo non serva un&#039;altro anno per posizionare pali e tirare i cavi &#8230; https:\/\/www.facebook.com\/mirko.mezzacasa\/videos\/10220268887099179\/<\/p>\n<p>Pubblicato da <a href=\"https:\/\/www.facebook.com\/mirko.mezzacasa\">Mirko Mezzacasa<\/a> su Venerd\u00ec 19 luglio 2019<\/p><\/blockquote>\n<\/div>\n<h3><\/h3>\n","protected":false},"excerpt":{"rendered":"<p>TAIBON Lagunal ecco la nuova strada tutta comunale. Costo 500 mila euro: annualit\u00e0 fondi di Confine del 2013. Inizio lavori aprile 2018. Consegna prevista in 150 giorni cio\u00e8 5 mesi&#8230; Un anno dopo tale previsione ci sar\u00e0 il taglio del nastro. Collegher\u00e0 il bivio di Strapont con Peden. Ad oggi mancano i pali della luce&hellip;<\/p>\n","protected":false},"author":1,"featured_media":0,"comment_status":"closed","ping_status":"closed","sticky":false,"template":"","format":"standard","meta":{"_monsterinsights_skip_tracking":false,"_monsterinsights_sitenote_active":false,"_monsterinsights_sitenote_note":"","_monsterinsights_sitenote_category":0,"footnotes":""},"categories":[49],"tags":[],"class_list":["post-92362","post","type-post","status-publish","format-standard","hentry","category-news-18","category-49","description-off"],"img_url":false,"_links":{"self":[{"href":"https:\/\/www.radiopiu.net\/wordpress\/wp-json\/wp\/v2\/posts\/92362","targetHints":{"allow":["GET"]}}],"collection":[{"href":"https:\/\/www.radiopiu.net\/wordpress\/wp-json\/wp\/v2\/posts"}],"about":[{"href":"https:\/\/www.radiopiu.net\/wordpress\/wp-json\/wp\/v2\/types\/post"}],"author":[{"embeddable":true,"href":"https:\/\/www.radiopiu.net\/wordpress\/wp-json\/wp\/v2\/users\/1"}],"replies":[{"embeddable":true,"href":"https:\/\/www.radiopiu.net\/wordpress\/wp-json\/wp\/v2\/comments?post=92362"}],"version-history":[{"count":0,"href":"https:\/\/www.radiopiu.net\/wordpress\/wp-json\/wp\/v2\/posts\/92362\/revisions"}],"wp:attachment":[{"href":"https:\/\/www.radiopiu.net\/wordpress\/wp-json\/wp\/v2\/media?parent=92362"}],"wp:term":[{"taxonomy":"category","embeddable":true,"href":"https:\/\/www.radiopiu.net\/wordpress\/wp-json\/wp\/v2\/categories?post=92362"},{"taxonomy":"post_tag","embeddable":true,"href":"https:\/\/www.radiopiu.net\/wordpress\/wp-json\/wp\/v2\/tags?post=92362"}],"curies":[{"name":"wp","href":"https:\/\/api.w.org\/{rel}","templated":true}]}}