{"id":92367,"date":"2019-07-20T06:48:10","date_gmt":"2019-07-20T04:48:10","guid":{"rendered":"http:\/\/www.radiopiu.net\/wordpress\/?p=92367"},"modified":"2019-07-20T06:50:01","modified_gmt":"2019-07-20T04:50:01","slug":"cisl-belluno_treviso-ecco-il-bilancio-di-missione","status":"publish","type":"post","link":"https:\/\/www.radiopiu.net\/wordpress\/cisl-belluno_treviso-ecco-il-bilancio-di-missione\/","title":{"rendered":"CISL BELLUNO_TREVISO, ECCO IL BILANCIO DI MISSIONE"},"content":{"rendered":"<p><strong><a class=\"dt-pswp-item\" href=\"http:\/\/www.radiopiu.net\/wordpress\/wp-content\/uploads\/2018\/12\/CISL.png\" data-dt-img-description=\"\" data-large_image_width=\"292\" data-large_image_height=\"116\"><img loading=\"lazy\" decoding=\"async\" class=\" wp-image-70350 alignleft\" src=\"http:\/\/www.radiopiu.net\/wordpress\/wp-content\/uploads\/2018\/12\/CISL.png\" alt=\"\" width=\"206\" height=\"81\" \/><\/a><\/strong><\/p>\n<p>&nbsp;<\/p>\n<p><strong>DI DAMIANO TORMEN<\/strong><\/p>\n<p>&nbsp;<\/p>\n<audio class=\"wp-audio-shortcode\" id=\"audio-92367-1\" preload=\"none\" style=\"width: 100%;\" controls=\"controls\"><source type=\"audio\/mpeg\" src=\"http:\/\/www.radiopiu.net\/wordpress\/wp-content\/uploads\/2019\/07\/DAMIANO.mp3?_=1\" \/><a href=\"http:\/\/www.radiopiu.net\/wordpress\/wp-content\/uploads\/2019\/07\/DAMIANO.mp3\">http:\/\/www.radiopiu.net\/wordpress\/wp-content\/uploads\/2019\/07\/DAMIANO.mp3<\/a><\/audio>\n<p>&nbsp;<\/p>\n<p><strong><a class=\"dt-pswp-item\" href=\"http:\/\/www.radiopiu.net\/wordpress\/wp-content\/uploads\/2018\/09\/cinzia-bonan-cisl-treviso1_large.jpg\" data-dt-img-description=\"\" data-large_image_width=\"300\" data-large_image_height=\"239\"><img loading=\"lazy\" decoding=\"async\" class=\" wp-image-59770 alignleft\" src=\"http:\/\/www.radiopiu.net\/wordpress\/wp-content\/uploads\/2018\/09\/cinzia-bonan-cisl-treviso1_large-300x239.jpg\" alt=\"\" width=\"174\" height=\"139\" \/><\/a>BELLUNO<\/strong> Si \u00e8 riunito ieri a Belluno il Consiglio generale della Cisl Belluno Treviso. A poco pi\u00f9 di due anni dal Congresso del marzo 2017, nel quale \u00e8 stata eletta Segretario generale Cinzia Bonan, il sindacato pi\u00f9 rappresentativo dei due territori ha presentato il Bilancio di missione 2017\/2018, ossia una sintesi delle attivit\u00e0 svolte e dei progetti avviati nel corso del biennio appena trascorso.<\/p>\n<p><strong>INTERVENTI A MARGINE<\/strong><\/p>\n<p><strong>Cinzia Bonan, segretaria generale Cisl Belluno Treviso<\/strong><\/p>\n<audio class=\"wp-audio-shortcode\" id=\"audio-92367-2\" preload=\"none\" style=\"width: 100%;\" controls=\"controls\"><source type=\"audio\/mpeg\" src=\"http:\/\/www.radiopiu.net\/wordpress\/wp-content\/uploads\/2019\/07\/bonan.mp3?_=2\" \/><a href=\"http:\/\/www.radiopiu.net\/wordpress\/wp-content\/uploads\/2019\/07\/bonan.mp3\">http:\/\/www.radiopiu.net\/wordpress\/wp-content\/uploads\/2019\/07\/bonan.mp3<\/a><\/audio>\n<p>&nbsp;<\/p>\n<p><strong>Rudy Roffar\u00e9, segretario Cisl Belluno Treviso<\/strong><\/p>\n<audio class=\"wp-audio-shortcode\" id=\"audio-92367-3\" preload=\"none\" style=\"width: 100%;\" controls=\"controls\"><source type=\"audio\/mpeg\" src=\"http:\/\/www.radiopiu.net\/wordpress\/wp-content\/uploads\/2019\/07\/rudy-roffare.mp3?_=3\" \/><a href=\"http:\/\/www.radiopiu.net\/wordpress\/wp-content\/uploads\/2019\/07\/rudy-roffare.mp3\">http:\/\/www.radiopiu.net\/wordpress\/wp-content\/uploads\/2019\/07\/rudy-roffare.mp3<\/a><\/audio>\n<p>&nbsp;<\/p>\n<p><strong>Giorgio Graziani, Segretario organizzativo nazionale della Cisl<\/strong><\/p>\n<audio class=\"wp-audio-shortcode\" id=\"audio-92367-4\" preload=\"none\" style=\"width: 100%;\" controls=\"controls\"><source type=\"audio\/mpeg\" src=\"http:\/\/www.radiopiu.net\/wordpress\/wp-content\/uploads\/2019\/07\/graziani.mp3?_=4\" \/><a href=\"http:\/\/www.radiopiu.net\/wordpress\/wp-content\/uploads\/2019\/07\/graziani.mp3\">http:\/\/www.radiopiu.net\/wordpress\/wp-content\/uploads\/2019\/07\/graziani.mp3<\/a><\/audio>\n<p>&nbsp;<\/p>\n<blockquote><p><em>La Cisl Belluno Treviso ha chiuso il 2018 con 92.316 iscritti e nel biennio 2017-2018 ha eletto 783 Rsu nei luoghi di lavoro pubblici e privati, risultando la prima organizzazione sindacale nei territori di Treviso e Belluno. I servizi fiscali del Caf hanno chiuso il 2018 con 103.185 pratiche (78.791 a Treviso e 24.394 a Belluno). 52.709 le pratiche condotte a termine dal patronato Inas: 36.563 a Treviso e 16.146 a Belluno.<\/em><\/p><\/blockquote>\n<p>&nbsp;<\/p>\n<p>&nbsp;<\/p>\n<p>&nbsp;<\/p>\n","protected":false},"excerpt":{"rendered":"<p>&nbsp; DI DAMIANO TORMEN &nbsp; &nbsp; BELLUNO Si \u00e8 riunito ieri a Belluno il Consiglio generale della Cisl Belluno Treviso. A poco pi\u00f9 di due anni dal Congresso del marzo 2017, nel quale \u00e8 stata eletta Segretario generale Cinzia Bonan, il sindacato pi\u00f9 rappresentativo dei due territori ha presentato il Bilancio di missione 2017\/2018, ossia&hellip;<\/p>\n","protected":false},"author":1,"featured_media":59770,"comment_status":"closed","ping_status":"closed","sticky":false,"template":"","format":"standard","meta":{"_monsterinsights_skip_tracking":false,"_monsterinsights_sitenote_active":false,"_monsterinsights_sitenote_note":"","_monsterinsights_sitenote_category":0,"footnotes":""},"categories":[49],"tags":[],"class_list":["post-92367","post","type-post","status-publish","format-standard","has-post-thumbnail","hentry","category-news-18","category-49","description-off"],"img_url":"https:\/\/www.radiopiu.net\/wordpress\/wp-content\/uploads\/2018\/09\/cinzia-bonan-cisl-treviso1_large.jpg","_links":{"self":[{"href":"https:\/\/www.radiopiu.net\/wordpress\/wp-json\/wp\/v2\/posts\/92367","targetHints":{"allow":["GET"]}}],"collection":[{"href":"https:\/\/www.radiopiu.net\/wordpress\/wp-json\/wp\/v2\/posts"}],"about":[{"href":"https:\/\/www.radiopiu.net\/wordpress\/wp-json\/wp\/v2\/types\/post"}],"author":[{"embeddable":true,"href":"https:\/\/www.radiopiu.net\/wordpress\/wp-json\/wp\/v2\/users\/1"}],"replies":[{"embeddable":true,"href":"https:\/\/www.radiopiu.net\/wordpress\/wp-json\/wp\/v2\/comments?post=92367"}],"version-history":[{"count":0,"href":"https:\/\/www.radiopiu.net\/wordpress\/wp-json\/wp\/v2\/posts\/92367\/revisions"}],"wp:featuredmedia":[{"embeddable":true,"href":"https:\/\/www.radiopiu.net\/wordpress\/wp-json\/wp\/v2\/media\/59770"}],"wp:attachment":[{"href":"https:\/\/www.radiopiu.net\/wordpress\/wp-json\/wp\/v2\/media?parent=92367"}],"wp:term":[{"taxonomy":"category","embeddable":true,"href":"https:\/\/www.radiopiu.net\/wordpress\/wp-json\/wp\/v2\/categories?post=92367"},{"taxonomy":"post_tag","embeddable":true,"href":"https:\/\/www.radiopiu.net\/wordpress\/wp-json\/wp\/v2\/tags?post=92367"}],"curies":[{"name":"wp","href":"https:\/\/api.w.org\/{rel}","templated":true}]}}