{"id":92385,"date":"2019-07-22T04:52:26","date_gmt":"2019-07-22T02:52:26","guid":{"rendered":"http:\/\/www.radiopiu.net\/wordpress\/?p=92385"},"modified":"2019-07-22T04:57:05","modified_gmt":"2019-07-22T02:57:05","slug":"cresce-il-peso-della-burocrazia-statale-sulle-pmi-per-qualita-la-pa-del-veneto-e-al-128-posto-su-192-regioni-europee-monitorate","status":"publish","type":"post","link":"https:\/\/www.radiopiu.net\/wordpress\/cresce-il-peso-della-burocrazia-statale-sulle-pmi-per-qualita-la-pa-del-veneto-e-al-128-posto-su-192-regioni-europee-monitorate\/","title":{"rendered":"CRESCE IL PESO DELLA BUROCRAZIA  STATALE SULLE PMI. PER QUALITA\u2019 LA PA DEL VENETO E\u2019 AL 128\u00b0 POSTO SU 192 REGIONI EUROPEE MONITORATE"},"content":{"rendered":"<p><a class=\"dt-pswp-item\" href=\"http:\/\/www.radiopiu.net\/wordpress\/wp-content\/uploads\/2019\/07\/Schermata-2019-07-20-alle-13.19.48.png\" data-dt-img-description=\"\" data-large_image_width=\"982\" data-large_image_height=\"980\"><img loading=\"lazy\" decoding=\"async\" class=\"size-medium wp-image-92386 alignleft\" src=\"http:\/\/www.radiopiu.net\/wordpress\/wp-content\/uploads\/2019\/07\/Schermata-2019-07-20-alle-13.19.48-300x300.png\" alt=\"\" width=\"300\" height=\"300\" srcset=\"https:\/\/www.radiopiu.net\/wordpress\/wp-content\/uploads\/2019\/07\/Schermata-2019-07-20-alle-13.19.48-300x300.png 300w, https:\/\/www.radiopiu.net\/wordpress\/wp-content\/uploads\/2019\/07\/Schermata-2019-07-20-alle-13.19.48-150x150.png 150w, https:\/\/www.radiopiu.net\/wordpress\/wp-content\/uploads\/2019\/07\/Schermata-2019-07-20-alle-13.19.48-768x766.png 768w, https:\/\/www.radiopiu.net\/wordpress\/wp-content\/uploads\/2019\/07\/Schermata-2019-07-20-alle-13.19.48.png 982w\" sizes=\"auto, (max-width: 300px) 100vw, 300px\" \/><\/a>In controtendenza rispetto agli ultimi anni, la burocrazia statale ha ripreso ad allungare i suoi tentacoli. Nel 2018, infatti, il saldo complessivo degli oneri amministrativi introdotti ed eliminati con gli atti normativi approvati dai singoli ministeri \u00e8 tornato ad essere positivo. In virt\u00f9 di questo esito, ammonta a poco pi\u00f9 di 36 milioni di euro il costo aggiuntivo che le Pmi italiane dovranno farsi carico quest\u2019anno 1 per espletare le nuove procedure richieste.<\/p>\n<p>Seppur modesto e ancora parziale, si tratta di un importo che, in piccola parte, va ad incrementare gli storici 3 miliardi che sono i costi amministrativi che gravano ogni anno sulle Pmi venete. A dirlo \u00e8 l\u2019Ufficio studi della CGIA di Mestre. Il suo coordinatore, Paolo Zabeo, sottolinea:<\/p>\n<p>\u201cSebbene tutti i politici si dichiarino favorevoli ad alleggerire il peso degli oneri amministrativi sulle Pmi, questi dati dimostrano che gli aggravi di costo, invece, sono in aumento, per stessa ammissione dei ministeri. La burocrazia statale, in buona sostanza, non indietreggia, anzi torna ad avanzare, contribuendo a diffondere le inefficienze e le storture del nostro sistema pubblico che, lo ricordiamo, presenta livelli medi di qualit\u00e0 tra i peggiori d\u2019Europa\u201d.<\/p>\n<p>Infatti, dai risultati riportati nell\u2019ultima indagine promossa nel 2017 dalla Commissione europea sulla qualit\u00e0 della Pubblica amministrazione, emerge che su 28 paesi monitorati, l\u2019Italia si colloca al 23\u00b0 posto. Un risultato che ci relega nelle ultime posizioni della graduatoria generale: solo l\u2019Ungheria, la Croazia, la Grecia, la Romania e la Bulgaria registrano delle performance inferiori alla nostra (vedi Tab. 1). Evidenzia il segretario della CGIA, Renato Mason:<\/p>\n<p>\u201cSebbene sia sempre sbagliato generalizzare, anche alla luce del fatto che in Italia possiamo contare su delle punte di eccellenza nella sanit\u00e0, nella ricerca e tra le forze dell\u2019ordine che non hanno eguali nel resto d\u2019Europa, il livello medio della nostra Amministrazione pubblica \u00e8 ancora insoddisfacente. Soprattutto al Sud, dove i livelli di qualit\u00e0 e di imparzialit\u00e0 sono insufficienti, mentre la corruzione \u00e8 avvertita come un fenomeno molto diffuso e assai difficile da contenere\u201d.<\/p>\n<p>Tra le 192 regioni d\u2019Europa monitorate in questa indagine promossa dalla Commissione europea, la prima realt\u00e0 territoriale italiana \u00e8 il Trentino Alto Adige che si colloca al 118\u00b0 posto. Seguono al 127\u00b0 l\u2019Emilia Romagna, al 128\u00b0 il Veneto e al 131\u00b0 la Lombardia (vedi Tab. 2).<\/p>\n<p><a class=\"dt-pswp-item\" href=\"http:\/\/www.radiopiu.net\/wordpress\/wp-content\/uploads\/2019\/07\/Schermata-2019-07-20-alle-13.20.20.png\" data-dt-img-description=\"\" data-large_image_width=\"982\" data-large_image_height=\"1044\"><img loading=\"lazy\" decoding=\"async\" class=\"size-medium wp-image-92387 alignleft\" src=\"http:\/\/www.radiopiu.net\/wordpress\/wp-content\/uploads\/2019\/07\/Schermata-2019-07-20-alle-13.20.20-282x300.png\" alt=\"\" width=\"282\" height=\"300\" srcset=\"https:\/\/www.radiopiu.net\/wordpress\/wp-content\/uploads\/2019\/07\/Schermata-2019-07-20-alle-13.20.20-282x300.png 282w, https:\/\/www.radiopiu.net\/wordpress\/wp-content\/uploads\/2019\/07\/Schermata-2019-07-20-alle-13.20.20-768x816.png 768w, https:\/\/www.radiopiu.net\/wordpress\/wp-content\/uploads\/2019\/07\/Schermata-2019-07-20-alle-13.20.20-963x1024.png 963w, https:\/\/www.radiopiu.net\/wordpress\/wp-content\/uploads\/2019\/07\/Schermata-2019-07-20-alle-13.20.20.png 982w\" sizes=\"auto, (max-width: 282px) 100vw, 282px\" \/><\/a>Male, in particolar modo, lo score ottenuto dalle regioni del Sud. Nelle ultime 10 posizioni della classifica generale notiamo che 4 sono occupate da realt\u00e0 del nostro Mezzogiorno: al 183\u00b0 posto la Basilicata, al 186\u00b0 la Campania, al 189\u00b0 l\u2019Abruzzo e al 190\u00b0 la Calabria. La regione pi\u00f9 virtuosa d\u2019Europa \u00e8 la finlandese \u00c5land, maglia nera, invece, la bulgara Severozapaden (vedi Tab. 3).<\/p>\n<p>Come ha avuto modo di sottolineare anche l\u2019Ocse nel \u201cRapporto Economico sull\u2019Italia\u201d (febbraio 2017), la produttivit\u00e0 media del lavoro delle nostre imprese \u00e8 pi\u00f9 elevata nei territori dove l\u2019Amministrazione pubblica \u00e8 pi\u00f9 efficiente, come nel Veneto. Diversamente, dove l\u2019efficienza della Pa \u00e8 pi\u00f9 bassa, quest\u2019ultima condiziona negativamente la produttivit\u00e0 del settore privato. In questa analisi, inoltre, si evidenzia che l\u2019inefficienza del settore pubblico produce maggiori costi economici soprattutto a carico delle realt\u00e0 di piccola dimensione.\u00a0\u00a0Ed \u00e8 emerso, altres\u00ec, che accorciando i tempi della giustizia civile e alleggerendo le regolamentazioni locali si attiverebbero delle ricadute molto positive sulle performance aziendali.<\/p>\n<p>Anche il \u201cFlash Eurobarometer 457\u201d del dicembre 2017 si \u00e8 occupato del sentiment degli imprenditori sulla complessit\u00e0 delle procedure amministrative che gravano sulle aziende. Tra gli 8 mila imprenditori europei intervistati, l\u201984 per cento degli italiani ha risposto che l\u2019eccessiva regolamentazione rappresenta un grosso problema. Solo in Grecia (87 per cento), in Romania (86 per cento) e in Francia (85 per cento) il problema \u00e8 risultato essere superiore al nostro. Nulla a che vedere, comunque, con le percentuali molto contenute emerse in Germania (51), in Spagna (49) e nel Regno Unito (19). La media dei 28 paesi dell\u2019Unione Europea si \u00e8 attestata al 60 per cento: 24 punti in meno del dato medio Italia.<\/p>\n<p>Se gli imprenditori italiani denucniano un livello di soddisfazione per la Pa decisamente insufficiente, la situazione non migliora nemmeno quando sono chiamati ad esprimersi i cittadini. Secondo l\u2019indagine \u201cStandard Eurobarometer 89\u201d del marzo 2018, solo il 29 per cento degli italiani intervistati giudica di buon livello i servizi pubblici erogati dallo Stato. Solo la Bulgaria (28 per cento), la Croazia (26 per cento) e la <a class=\"dt-pswp-item\" href=\"http:\/\/www.radiopiu.net\/wordpress\/wp-content\/uploads\/2019\/07\/Schermata-2019-07-20-alle-13.20.40.png\" data-dt-img-description=\"\" data-large_image_width=\"1024\" data-large_image_height=\"1082\"><img loading=\"lazy\" decoding=\"async\" class=\"size-medium wp-image-92388 alignleft\" src=\"http:\/\/www.radiopiu.net\/wordpress\/wp-content\/uploads\/2019\/07\/Schermata-2019-07-20-alle-13.20.40-284x300.png\" alt=\"\" width=\"284\" height=\"300\" srcset=\"https:\/\/www.radiopiu.net\/wordpress\/wp-content\/uploads\/2019\/07\/Schermata-2019-07-20-alle-13.20.40-284x300.png 284w, https:\/\/www.radiopiu.net\/wordpress\/wp-content\/uploads\/2019\/07\/Schermata-2019-07-20-alle-13.20.40-768x812.png 768w, https:\/\/www.radiopiu.net\/wordpress\/wp-content\/uploads\/2019\/07\/Schermata-2019-07-20-alle-13.20.40-969x1024.png 969w, https:\/\/www.radiopiu.net\/wordpress\/wp-content\/uploads\/2019\/07\/Schermata-2019-07-20-alle-13.20.40.png 1024w\" sizes=\"auto, (max-width: 284px) 100vw, 284px\" \/><\/a>Grecia (14 per cento) presentano soglie di gradimento inferiori al nostro. La media UE a 28 \u00e8 del 53 per cento.<\/p>\n<p>Quali possono essere, pertanto, le misure da adottare per migliorare le prestazioni della nostra Pubblica amministrazione ? Innanzitutto, bisogna semplificare il quadro normativo. Cercare, ove \u00e8 possibile, di non sovrapporre pi\u00f9 livelli di governo sullo stesso argomento e, in particolar modo, accelerare i tempi di risposta della Pubblica amministrazione. Nello specifico \u00e8 necessario:<\/p>\n<p>migliorare la qualit\u00e0 e ridurre il numero delle leggi, analizzando pi\u00f9 attentamente il loro impatto, soprattutto su micro e piccole imprese;<\/p>\n<p>monitorare con cadenza periodica gli effetti delle nuove misure per poter introdurre tempestivamente dei correttivi;<\/p>\n<p>consolidare l\u2019informatizzazione della Pubblica amministrazione, rendendo i siti pi\u00f9 accessibili e i contenuti pi\u00f9 fruibili;<\/p>\n<p>far dialogare tra di loro le banche dati pubbliche per evitare la duplicazione delle richieste;<\/p>\n<p>permettere all\u2019utenza la compilazione esclusivamente per via telematica delle istanze;<\/p>\n<p>procedere e completare la standardizzazione della modulistica;<\/p>\n<p>accrescere la professionalit\u00e0 dei dipendenti pubblici attraverso un\u2019adeguata e continua formazione.<\/p>\n","protected":false},"excerpt":{"rendered":"<p>In controtendenza rispetto agli ultimi anni, la burocrazia statale ha ripreso ad allungare i suoi tentacoli. Nel 2018, infatti, il saldo complessivo degli oneri amministrativi introdotti ed eliminati con gli atti normativi approvati dai singoli ministeri \u00e8 tornato ad essere positivo. In virt\u00f9 di questo esito, ammonta a poco pi\u00f9 di 36 milioni di euro&hellip;<\/p>\n","protected":false},"author":1,"featured_media":92389,"comment_status":"closed","ping_status":"closed","sticky":false,"template":"","format":"standard","meta":{"_monsterinsights_skip_tracking":false,"_monsterinsights_sitenote_active":false,"_monsterinsights_sitenote_note":"","_monsterinsights_sitenote_category":0,"footnotes":""},"categories":[49],"tags":[],"class_list":["post-92385","post","type-post","status-publish","format-standard","has-post-thumbnail","hentry","category-news-18","category-49","description-off"],"img_url":"https:\/\/www.radiopiu.net\/wordpress\/wp-content\/uploads\/2019\/07\/files-1614223_1280.jpg","_links":{"self":[{"href":"https:\/\/www.radiopiu.net\/wordpress\/wp-json\/wp\/v2\/posts\/92385","targetHints":{"allow":["GET"]}}],"collection":[{"href":"https:\/\/www.radiopiu.net\/wordpress\/wp-json\/wp\/v2\/posts"}],"about":[{"href":"https:\/\/www.radiopiu.net\/wordpress\/wp-json\/wp\/v2\/types\/post"}],"author":[{"embeddable":true,"href":"https:\/\/www.radiopiu.net\/wordpress\/wp-json\/wp\/v2\/users\/1"}],"replies":[{"embeddable":true,"href":"https:\/\/www.radiopiu.net\/wordpress\/wp-json\/wp\/v2\/comments?post=92385"}],"version-history":[{"count":0,"href":"https:\/\/www.radiopiu.net\/wordpress\/wp-json\/wp\/v2\/posts\/92385\/revisions"}],"wp:featuredmedia":[{"embeddable":true,"href":"https:\/\/www.radiopiu.net\/wordpress\/wp-json\/wp\/v2\/media\/92389"}],"wp:attachment":[{"href":"https:\/\/www.radiopiu.net\/wordpress\/wp-json\/wp\/v2\/media?parent=92385"}],"wp:term":[{"taxonomy":"category","embeddable":true,"href":"https:\/\/www.radiopiu.net\/wordpress\/wp-json\/wp\/v2\/categories?post=92385"},{"taxonomy":"post_tag","embeddable":true,"href":"https:\/\/www.radiopiu.net\/wordpress\/wp-json\/wp\/v2\/tags?post=92385"}],"curies":[{"name":"wp","href":"https:\/\/api.w.org\/{rel}","templated":true}]}}